{"id":7188,"date":"2019-08-06T00:33:43","date_gmt":"2019-08-05T21:33:43","guid":{"rendered":"https:\/\/super-news.info\/hu\/messi-mar-az-elso-edzesen-megserult\/"},"modified":"2019-08-06T00:33:44","modified_gmt":"2019-08-05T21:33:44","slug":"messi-mar-az-elso-edzesen-megserult","status":"publish","type":"post","link":"https:\/\/super-news.info\/hu\/messi-mar-az-elso-edzesen-megserult\/","title":{"rendered":"Messi m\u00e1r az els\u0151 edz\u00e9sen megs\u00e9r\u00fclt"},"content":{"rendered":"<p> [ad_1]<br \/>\n<\/p>\n<div>\n<p>Lionel Messi v\u00e1dlis\u00e9r\u00fcl\u00e9s miatt kihagyja az FC Barcelona labdar\u00fag\u00f3csapat\u00e1nak amerikai t\u00far\u00e1j\u00e1t. A klub honlapj\u00e1nak besz\u00e1mol\u00f3ja szerint<\/p>\n<p>a 32 \u00e9ves csapatkapit\u00e1ny h\u00e9tf\u0151n t\u00e9rt vissza a p\u00e1ly\u00e1ra a ny\u00e1ri sz\u00fcnetet k\u00f6vet\u0151en, \u00e9s r\u00f6gt\u00f6n az els\u0151 edz\u00e9sen enyhe v\u00e1dlis\u00e9r\u00fcl\u00e9st szenvedett a jobb l\u00e1b\u00e1n.<\/p>\n<p>Egyel\u0151re nem lehet tudni, hogy az argentin csat\u00e1r mikor edzhet ism\u00e9t, de az biztos, hogy nem utazik el az Egyes\u00fclt \u00c1llamokba, ahol csapata a Napolival j\u00e1tszik felk\u00e9sz\u00fcl\u00e9si m\u00e9rk\u0151z\u00e9st el\u0151bb \u2013 helyi id\u0151 szerint \u2013 szerda este Miamiban, majd szombaton a michigani Ann Arborban.<\/p>\n<div id=\"attachment_1649409\" style=\"width: 1410px\" class=\"wp-caption aligncenter\">\n<p class=\"wp-caption-text\">Lionel Messi<br \/>Fot\u00f3: AFP<\/p>\n<\/div>\n<p>Lionel Messit h\u00e1rom h\u00f3napra eltiltotta a v\u00e1logatott szerepl\u00e9st\u0151l a D\u00e9l-amerikai Labdar\u00fag\u00f3-sz\u00f6vets\u00e9g (CONMEBOL) retorzi\u00f3k\u00e9nt azokra a b\u00edr\u00e1latokra, amelyeket az argentin nemzeti egy\u00fcttes csapatkapit\u00e1nya a ny\u00e1ri Copa Am\u00e9ric\u00e1n fogalmazott meg. Az FC Barcelona klasszis\u00e1t emellett 50 ezer doll\u00e1ros p\u00e9nzb\u00fcntet\u00e9ssel is s\u00fajtott\u00e1k.<\/p>\n<\/p><\/div>\n<p><script>\n    window.fbAsyncInit = function() {\n        FB.init({\n            appId      : \"204760236815359\",\n            xfbml      : true,\n            version    : \"v2.12\"\n        });\n        FB.AppEvents.logPageView();\n    };<\/p>\n<p>    (function(d, s, id){\n        var js, fjs = d.getElementsByTagName(s)[0];\n        if (d.getElementById(id)) {return;}\n        js = d.createElement(s); js.id = id;\n        js.src = \"http:\/\/connect.facebook.net\/hu_HU\/sdk.js\";\n        fjs.parentNode.insertBefore(js, fjs);\n    }(document, \"script\", \"facebook-jssdk\"));\n<\/script><br \/>\n<br \/>[ad_2]<br \/>\n<br \/><a href=\"https:\/\/www.vg.hu\/kozelet\/sport\/messi-mar-az-elso-edzesen-megserult-1672459\/\">Source link <\/a><\/p>\n","protected":false},"excerpt":{"rendered":"<p>[ad_1] Lionel Messi v\u00e1dlis\u00e9r\u00fcl\u00e9s miatt kihagyja az FC Barcelona labdar\u00fag\u00f3csapat\u00e1nak amerikai t\u00far\u00e1j\u00e1t. A klub honlapj\u00e1nak besz\u00e1mol\u00f3ja szerint a 32 \u00e9ves csapatkapit\u00e1ny h\u00e9tf\u0151n t\u00e9rt vissza a p\u00e1ly\u00e1ra a ny\u00e1ri sz\u00fcnetet k\u00f6vet\u0151en, \u00e9s r\u00f6gt\u00f6n az els\u0151 edz\u00e9sen enyhe v\u00e1dlis\u00e9r\u00fcl\u00e9st szenvedett a jobb l\u00e1b\u00e1n. Egyel\u0151re nem lehet tudni, hogy az argentin csat\u00e1r mikor edzhet ism\u00e9t, de az biztos, [&hellip;]<\/p>\n","protected":false},"author":2,"featured_media":6511,"comment_status":"open","ping_status":"open","sticky":false,"template":"","format":"standard","meta":{"footnotes":""},"categories":[1],"tags":[],"class_list":["post-7188","post","type-post","status-publish","format-standard","has-post-thumbnail","hentry","category-penzugyi-hirek"],"yoast_head":"<!-- This site is optimized with the Yoast SEO plugin v27.4 - https:\/\/yoast.com\/product\/yoast-seo-wordpress\/ -->\n<title>Messi m\u00e1r az els\u0151 edz\u00e9sen megs\u00e9r\u00fclt - Super News<\/title>\n<meta name=\"robots\" content=\"index, follow, max-snippet:-1, max-image-preview:large, max-video-preview:-1\" \/>\n<link rel=\"canonical\" href=\"https:\/\/super-news.info\/hu\/messi-mar-az-elso-edzesen-megserult\/\" \/>\n<meta property=\"og:locale\" content=\"hu_HU\" \/>\n<meta property=\"og:type\" content=\"article\" \/>\n<meta property=\"og:title\" content=\"Messi m\u00e1r az els\u0151 edz\u00e9sen megs\u00e9r\u00fclt - Super News\" \/>\n<meta property=\"og:description\" content=\"[ad_1] Lionel Messi v\u00e1dlis\u00e9r\u00fcl\u00e9s miatt kihagyja az FC Barcelona labdar\u00fag\u00f3csapat\u00e1nak amerikai t\u00far\u00e1j\u00e1t. A klub honlapj\u00e1nak besz\u00e1mol\u00f3ja szerint a 32 \u00e9ves csapatkapit\u00e1ny h\u00e9tf\u0151n t\u00e9rt vissza a p\u00e1ly\u00e1ra a ny\u00e1ri sz\u00fcnetet k\u00f6vet\u0151en, \u00e9s r\u00f6gt\u00f6n az els\u0151 edz\u00e9sen enyhe v\u00e1dlis\u00e9r\u00fcl\u00e9st szenvedett a jobb l\u00e1b\u00e1n. Egyel\u0151re nem lehet tudni, hogy az argentin csat\u00e1r mikor edzhet ism\u00e9t, de az biztos, [&hellip;]\" \/>\n<meta property=\"og:url\" content=\"https:\/\/super-news.info\/hu\/messi-mar-az-elso-edzesen-megserult\/\" \/>\n<meta property=\"og:site_name\" content=\"Super News\" \/>\n<meta property=\"article:published_time\" content=\"2019-08-05T21:33:43+00:00\" \/>\n<meta property=\"article:modified_time\" content=\"2019-08-05T21:33:44+00:00\" \/>\n<meta property=\"og:image\" content=\"https:\/\/super-news.info\/hu\/wp-content\/uploads\/sites\/3\/2019\/07\/Nevets\u00e9ges-b\u00fcntet\u00e9st-kapott-Messi-a-kirohan\u00e1s\u00e1r\u00e9rt.jpg\" \/>\n\t<meta property=\"og:image:width\" content=\"1400\" \/>\n\t<meta property=\"og:image:height\" content=\"935\" \/>\n\t<meta property=\"og:image:type\" content=\"image\/jpeg\" \/>\n<meta name=\"author\" content=\"super-news\" \/>\n<meta name=\"twitter:card\" content=\"summary_large_image\" \/>\n<meta name=\"twitter:label1\" content=\"Szerz\u0151:\" \/>\n\t<meta name=\"twitter:data1\" content=\"super-news\" \/>\n\t<meta name=\"twitter:label2\" content=\"Becs\u00fclt olvas\u00e1si id\u0151\" \/>\n\t<meta name=\"twitter:data2\" content=\"1 perc\" \/>\n<script type=\"application\/ld+json\" class=\"yoast-schema-graph\">{\"@context\":\"https:\\\/\\\/schema.org\",\"@graph\":[{\"@type\":\"Article\",\"@id\":\"https:\\\/\\\/super-news.info\\\/hu\\\/messi-mar-az-elso-edzesen-megserult\\\/#article\",\"isPartOf\":{\"@id\":\"https:\\\/\\\/super-news.info\\\/hu\\\/messi-mar-az-elso-edzesen-megserult\\\/\"},\"author\":{\"name\":\"super-news\",\"@id\":\"https:\\\/\\\/super-news.info\\\/hu\\\/#\\\/schema\\\/person\\\/2d4068cb2f39cd10008c2fce578a7356\"},\"headline\":\"Messi m\u00e1r az els\u0151 edz\u00e9sen megs\u00e9r\u00fclt\",\"datePublished\":\"2019-08-05T21:33:43+00:00\",\"dateModified\":\"2019-08-05T21:33:44+00:00\",\"mainEntityOfPage\":{\"@id\":\"https:\\\/\\\/super-news.info\\\/hu\\\/messi-mar-az-elso-edzesen-megserult\\\/\"},\"wordCount\":205,\"commentCount\":0,\"image\":{\"@id\":\"https:\\\/\\\/super-news.info\\\/hu\\\/messi-mar-az-elso-edzesen-megserult\\\/#primaryimage\"},\"thumbnailUrl\":\"https:\\\/\\\/super-news.info\\\/hu\\\/wp-content\\\/uploads\\\/sites\\\/3\\\/2019\\\/07\\\/Nevets\u00e9ges-b\u00fcntet\u00e9st-kapott-Messi-a-kirohan\u00e1s\u00e1r\u00e9rt.jpg\",\"articleSection\":[\"P\u00c9NZ\u00dcGYI H\u00cdREK\"],\"inLanguage\":\"hu\",\"potentialAction\":[{\"@type\":\"CommentAction\",\"name\":\"Comment\",\"target\":[\"https:\\\/\\\/super-news.info\\\/hu\\\/messi-mar-az-elso-edzesen-megserult\\\/#respond\"]}]},{\"@type\":\"WebPage\",\"@id\":\"https:\\\/\\\/super-news.info\\\/hu\\\/messi-mar-az-elso-edzesen-megserult\\\/\",\"url\":\"https:\\\/\\\/super-news.info\\\/hu\\\/messi-mar-az-elso-edzesen-megserult\\\/\",\"name\":\"Messi m\u00e1r az els\u0151 edz\u00e9sen megs\u00e9r\u00fclt - Super News\",\"isPartOf\":{\"@id\":\"https:\\\/\\\/super-news.info\\\/hu\\\/#website\"},\"primaryImageOfPage\":{\"@id\":\"https:\\\/\\\/super-news.info\\\/hu\\\/messi-mar-az-elso-edzesen-megserult\\\/#primaryimage\"},\"image\":{\"@id\":\"https:\\\/\\\/super-news.info\\\/hu\\\/messi-mar-az-elso-edzesen-megserult\\\/#primaryimage\"},\"thumbnailUrl\":\"https:\\\/\\\/super-news.info\\\/hu\\\/wp-content\\\/uploads\\\/sites\\\/3\\\/2019\\\/07\\\/Nevets\u00e9ges-b\u00fcntet\u00e9st-kapott-Messi-a-kirohan\u00e1s\u00e1r\u00e9rt.jpg\",\"datePublished\":\"2019-08-05T21:33:43+00:00\",\"dateModified\":\"2019-08-05T21:33:44+00:00\",\"author\":{\"@id\":\"https:\\\/\\\/super-news.info\\\/hu\\\/#\\\/schema\\\/person\\\/2d4068cb2f39cd10008c2fce578a7356\"},\"breadcrumb\":{\"@id\":\"https:\\\/\\\/super-news.info\\\/hu\\\/messi-mar-az-elso-edzesen-megserult\\\/#breadcrumb\"},\"inLanguage\":\"hu\",\"potentialAction\":[{\"@type\":\"ReadAction\",\"target\":[\"https:\\\/\\\/super-news.info\\\/hu\\\/messi-mar-az-elso-edzesen-megserult\\\/\"]}]},{\"@type\":\"ImageObject\",\"inLanguage\":\"hu\",\"@id\":\"https:\\\/\\\/super-news.info\\\/hu\\\/messi-mar-az-elso-edzesen-megserult\\\/#primaryimage\",\"url\":\"https:\\\/\\\/super-news.info\\\/hu\\\/wp-content\\\/uploads\\\/sites\\\/3\\\/2019\\\/07\\\/Nevets\u00e9ges-b\u00fcntet\u00e9st-kapott-Messi-a-kirohan\u00e1s\u00e1r\u00e9rt.jpg\",\"contentUrl\":\"https:\\\/\\\/super-news.info\\\/hu\\\/wp-content\\\/uploads\\\/sites\\\/3\\\/2019\\\/07\\\/Nevets\u00e9ges-b\u00fcntet\u00e9st-kapott-Messi-a-kirohan\u00e1s\u00e1r\u00e9rt.jpg\",\"width\":1400,\"height\":935,\"caption\":\"Nevets\u00e9ges b\u00fcntet\u00e9st kapott Messi a kirohan\u00e1s\u00e1r\u00e9rt\"},{\"@type\":\"BreadcrumbList\",\"@id\":\"https:\\\/\\\/super-news.info\\\/hu\\\/messi-mar-az-elso-edzesen-megserult\\\/#breadcrumb\",\"itemListElement\":[{\"@type\":\"ListItem\",\"position\":1,\"name\":\"\u0413\u043b\u0430\u0432\u043d\u0430\u044f \u0441\u0442\u0440\u0430\u043d\u0438\u0446\u0430\",\"item\":\"https:\\\/\\\/super-news.info\\\/hu\\\/\"},{\"@type\":\"ListItem\",\"position\":2,\"name\":\"Messi m\u00e1r az els\u0151 edz\u00e9sen megs\u00e9r\u00fclt\"}]},{\"@type\":\"WebSite\",\"@id\":\"https:\\\/\\\/super-news.info\\\/hu\\\/#website\",\"url\":\"https:\\\/\\\/super-news.info\\\/hu\\\/\",\"name\":\"Super News\",\"description\":\"Super News Magyarorsz\u00e1g\",\"potentialAction\":[{\"@type\":\"SearchAction\",\"target\":{\"@type\":\"EntryPoint\",\"urlTemplate\":\"https:\\\/\\\/super-news.info\\\/hu\\\/?s={search_term_string}\"},\"query-input\":{\"@type\":\"PropertyValueSpecification\",\"valueRequired\":true,\"valueName\":\"search_term_string\"}}],\"inLanguage\":\"hu\"},{\"@type\":\"Person\",\"@id\":\"https:\\\/\\\/super-news.info\\\/hu\\\/#\\\/schema\\\/person\\\/2d4068cb2f39cd10008c2fce578a7356\",\"name\":\"super-news\",\"image\":{\"@type\":\"ImageObject\",\"inLanguage\":\"hu\",\"@id\":\"https:\\\/\\\/secure.gravatar.com\\\/avatar\\\/64ebac40b93f26a154f8a9b5b6fdccfc46f442b26b3dd6756dbff3bf9dc76fd7?s=96&d=mm&r=g\",\"url\":\"https:\\\/\\\/secure.gravatar.com\\\/avatar\\\/64ebac40b93f26a154f8a9b5b6fdccfc46f442b26b3dd6756dbff3bf9dc76fd7?s=96&d=mm&r=g\",\"contentUrl\":\"https:\\\/\\\/secure.gravatar.com\\\/avatar\\\/64ebac40b93f26a154f8a9b5b6fdccfc46f442b26b3dd6756dbff3bf9dc76fd7?s=96&d=mm&r=g\",\"caption\":\"super-news\"},\"url\":\"https:\\\/\\\/super-news.info\\\/hu\\\/author\\\/pt\\\/\"}]}<\/script>\n<!-- \/ Yoast SEO plugin. -->","yoast_head_json":{"title":"Messi m\u00e1r az els\u0151 edz\u00e9sen megs\u00e9r\u00fclt - Super News","robots":{"index":"index","follow":"follow","max-snippet":"max-snippet:-1","max-image-preview":"max-image-preview:large","max-video-preview":"max-video-preview:-1"},"canonical":"https:\/\/super-news.info\/hu\/messi-mar-az-elso-edzesen-megserult\/","og_locale":"hu_HU","og_type":"article","og_title":"Messi m\u00e1r az els\u0151 edz\u00e9sen megs\u00e9r\u00fclt - Super News","og_description":"[ad_1] Lionel Messi v\u00e1dlis\u00e9r\u00fcl\u00e9s miatt kihagyja az FC Barcelona labdar\u00fag\u00f3csapat\u00e1nak amerikai t\u00far\u00e1j\u00e1t. A klub honlapj\u00e1nak besz\u00e1mol\u00f3ja szerint a 32 \u00e9ves csapatkapit\u00e1ny h\u00e9tf\u0151n t\u00e9rt vissza a p\u00e1ly\u00e1ra a ny\u00e1ri sz\u00fcnetet k\u00f6vet\u0151en, \u00e9s r\u00f6gt\u00f6n az els\u0151 edz\u00e9sen enyhe v\u00e1dlis\u00e9r\u00fcl\u00e9st szenvedett a jobb l\u00e1b\u00e1n. Egyel\u0151re nem lehet tudni, hogy az argentin csat\u00e1r mikor edzhet ism\u00e9t, de az biztos, [&hellip;]","og_url":"https:\/\/super-news.info\/hu\/messi-mar-az-elso-edzesen-megserult\/","og_site_name":"Super News","article_published_time":"2019-08-05T21:33:43+00:00","article_modified_time":"2019-08-05T21:33:44+00:00","og_image":[{"width":1400,"height":935,"url":"https:\/\/super-news.info\/hu\/wp-content\/uploads\/sites\/3\/2019\/07\/Nevets\u00e9ges-b\u00fcntet\u00e9st-kapott-Messi-a-kirohan\u00e1s\u00e1r\u00e9rt.jpg","type":"image\/jpeg"}],"author":"super-news","twitter_card":"summary_large_image","twitter_misc":{"Szerz\u0151:":"super-news","Becs\u00fclt olvas\u00e1si id\u0151":"1 perc"},"schema":{"@context":"https:\/\/schema.org","@graph":[{"@type":"Article","@id":"https:\/\/super-news.info\/hu\/messi-mar-az-elso-edzesen-megserult\/#article","isPartOf":{"@id":"https:\/\/super-news.info\/hu\/messi-mar-az-elso-edzesen-megserult\/"},"author":{"name":"super-news","@id":"https:\/\/super-news.info\/hu\/#\/schema\/person\/2d4068cb2f39cd10008c2fce578a7356"},"headline":"Messi m\u00e1r az els\u0151 edz\u00e9sen megs\u00e9r\u00fclt","datePublished":"2019-08-05T21:33:43+00:00","dateModified":"2019-08-05T21:33:44+00:00","mainEntityOfPage":{"@id":"https:\/\/super-news.info\/hu\/messi-mar-az-elso-edzesen-megserult\/"},"wordCount":205,"commentCount":0,"image":{"@id":"https:\/\/super-news.info\/hu\/messi-mar-az-elso-edzesen-megserult\/#primaryimage"},"thumbnailUrl":"https:\/\/super-news.info\/hu\/wp-content\/uploads\/sites\/3\/2019\/07\/Nevets\u00e9ges-b\u00fcntet\u00e9st-kapott-Messi-a-kirohan\u00e1s\u00e1r\u00e9rt.jpg","articleSection":["P\u00c9NZ\u00dcGYI H\u00cdREK"],"inLanguage":"hu","potentialAction":[{"@type":"CommentAction","name":"Comment","target":["https:\/\/super-news.info\/hu\/messi-mar-az-elso-edzesen-megserult\/#respond"]}]},{"@type":"WebPage","@id":"https:\/\/super-news.info\/hu\/messi-mar-az-elso-edzesen-megserult\/","url":"https:\/\/super-news.info\/hu\/messi-mar-az-elso-edzesen-megserult\/","name":"Messi m\u00e1r az els\u0151 edz\u00e9sen megs\u00e9r\u00fclt - Super News","isPartOf":{"@id":"https:\/\/super-news.info\/hu\/#website"},"primaryImageOfPage":{"@id":"https:\/\/super-news.info\/hu\/messi-mar-az-elso-edzesen-megserult\/#primaryimage"},"image":{"@id":"https:\/\/super-news.info\/hu\/messi-mar-az-elso-edzesen-megserult\/#primaryimage"},"thumbnailUrl":"https:\/\/super-news.info\/hu\/wp-content\/uploads\/sites\/3\/2019\/07\/Nevets\u00e9ges-b\u00fcntet\u00e9st-kapott-Messi-a-kirohan\u00e1s\u00e1r\u00e9rt.jpg","datePublished":"2019-08-05T21:33:43+00:00","dateModified":"2019-08-05T21:33:44+00:00","author":{"@id":"https:\/\/super-news.info\/hu\/#\/schema\/person\/2d4068cb2f39cd10008c2fce578a7356"},"breadcrumb":{"@id":"https:\/\/super-news.info\/hu\/messi-mar-az-elso-edzesen-megserult\/#breadcrumb"},"inLanguage":"hu","potentialAction":[{"@type":"ReadAction","target":["https:\/\/super-news.info\/hu\/messi-mar-az-elso-edzesen-megserult\/"]}]},{"@type":"ImageObject","inLanguage":"hu","@id":"https:\/\/super-news.info\/hu\/messi-mar-az-elso-edzesen-megserult\/#primaryimage","url":"https:\/\/super-news.info\/hu\/wp-content\/uploads\/sites\/3\/2019\/07\/Nevets\u00e9ges-b\u00fcntet\u00e9st-kapott-Messi-a-kirohan\u00e1s\u00e1r\u00e9rt.jpg","contentUrl":"https:\/\/super-news.info\/hu\/wp-content\/uploads\/sites\/3\/2019\/07\/Nevets\u00e9ges-b\u00fcntet\u00e9st-kapott-Messi-a-kirohan\u00e1s\u00e1r\u00e9rt.jpg","width":1400,"height":935,"caption":"Nevets\u00e9ges b\u00fcntet\u00e9st kapott Messi a kirohan\u00e1s\u00e1r\u00e9rt"},{"@type":"BreadcrumbList","@id":"https:\/\/super-news.info\/hu\/messi-mar-az-elso-edzesen-megserult\/#breadcrumb","itemListElement":[{"@type":"ListItem","position":1,"name":"\u0413\u043b\u0430\u0432\u043d\u0430\u044f \u0441\u0442\u0440\u0430\u043d\u0438\u0446\u0430","item":"https:\/\/super-news.info\/hu\/"},{"@type":"ListItem","position":2,"name":"Messi m\u00e1r az els\u0151 edz\u00e9sen megs\u00e9r\u00fclt"}]},{"@type":"WebSite","@id":"https:\/\/super-news.info\/hu\/#website","url":"https:\/\/super-news.info\/hu\/","name":"Super News","description":"Super News Magyarorsz\u00e1g","potentialAction":[{"@type":"SearchAction","target":{"@type":"EntryPoint","urlTemplate":"https:\/\/super-news.info\/hu\/?s={search_term_string}"},"query-input":{"@type":"PropertyValueSpecification","valueRequired":true,"valueName":"search_term_string"}}],"inLanguage":"hu"},{"@type":"Person","@id":"https:\/\/super-news.info\/hu\/#\/schema\/person\/2d4068cb2f39cd10008c2fce578a7356","name":"super-news","image":{"@type":"ImageObject","inLanguage":"hu","@id":"https:\/\/secure.gravatar.com\/avatar\/64ebac40b93f26a154f8a9b5b6fdccfc46f442b26b3dd6756dbff3bf9dc76fd7?s=96&d=mm&r=g","url":"https:\/\/secure.gravatar.com\/avatar\/64ebac40b93f26a154f8a9b5b6fdccfc46f442b26b3dd6756dbff3bf9dc76fd7?s=96&d=mm&r=g","contentUrl":"https:\/\/secure.gravatar.com\/avatar\/64ebac40b93f26a154f8a9b5b6fdccfc46f442b26b3dd6756dbff3bf9dc76fd7?s=96&d=mm&r=g","caption":"super-news"},"url":"https:\/\/super-news.info\/hu\/author\/pt\/"}]}},"_links":{"self":[{"href":"https:\/\/super-news.info\/hu\/wp-json\/wp\/v2\/posts\/7188","targetHints":{"allow":["GET"]}}],"collection":[{"href":"https:\/\/super-news.info\/hu\/wp-json\/wp\/v2\/posts"}],"about":[{"href":"https:\/\/super-news.info\/hu\/wp-json\/wp\/v2\/types\/post"}],"author":[{"embeddable":true,"href":"https:\/\/super-news.info\/hu\/wp-json\/wp\/v2\/users\/2"}],"replies":[{"embeddable":true,"href":"https:\/\/super-news.info\/hu\/wp-json\/wp\/v2\/comments?post=7188"}],"version-history":[{"count":1,"href":"https:\/\/super-news.info\/hu\/wp-json\/wp\/v2\/posts\/7188\/revisions"}],"predecessor-version":[{"id":7189,"href":"https:\/\/super-news.info\/hu\/wp-json\/wp\/v2\/posts\/7188\/revisions\/7189"}],"wp:featuredmedia":[{"embeddable":true,"href":"https:\/\/super-news.info\/hu\/wp-json\/wp\/v2\/media\/6511"}],"wp:attachment":[{"href":"https:\/\/super-news.info\/hu\/wp-json\/wp\/v2\/media?parent=7188"}],"wp:term":[{"taxonomy":"category","embeddable":true,"href":"https:\/\/super-news.info\/hu\/wp-json\/wp\/v2\/categories?post=7188"},{"taxonomy":"post_tag","embeddable":true,"href":"https:\/\/super-news.info\/hu\/wp-json\/wp\/v2\/tags?post=7188"}],"curies":[{"name":"wp","href":"https:\/\/api.w.org\/{rel}","templated":true}]}}