{"id":7180,"date":"2019-08-05T21:53:49","date_gmt":"2019-08-05T18:53:49","guid":{"rendered":"https:\/\/super-news.info\/hu\/akar-20-evvel-is-kitolhatja-a-menopauza-kezdetet-egy-uj-beavatkozas\/"},"modified":"2019-08-05T21:53:50","modified_gmt":"2019-08-05T18:53:50","slug":"akar-20-evvel-is-kitolhatja-a-menopauza-kezdetet-egy-uj-beavatkozas","status":"publish","type":"post","link":"https:\/\/super-news.info\/hu\/akar-20-evvel-is-kitolhatja-a-menopauza-kezdetet-egy-uj-beavatkozas\/","title":{"rendered":"Ak\u00e1r 20 \u00e9vvel is kitolhatja a menopauza kezdet\u00e9t egy \u00faj beavatkoz\u00e1s"},"content":{"rendered":"<p> [ad_1]<br \/>\n<\/p>\n<p>\n\t\t\t\t\t\t\t\tAz elj\u00e1r\u00e1st mesters\u00e9ges megterm\u00e9keny\u00edt\u00e9ssel foglalkoz\u00f3 brit szakemberek egy csoportja dolgozta ki.\t\t\t\t\t\t\t<\/p>\n<div>\n<p>Ak\u00e1r 20 \u00e9vvel is kitolhatja a menopauza kezdet\u00e9t egy \u00fatt\u00f6r\u0151 brit beavatkoz\u00e1s, amely els\u0151sorban a s\u00falyos eg\u00e9szs\u00e9gi probl\u00e9m\u00e1kkal k\u00fczd\u0151 n\u0151knek jelenthet seg\u00edts\u00e9get.<\/p>\n<p>Az elj\u00e1r\u00e1st mesters\u00e9ges megterm\u00e9keny\u00edt\u00e9ssel foglalkoz\u00f3 brit szakemberek egy csoportja dolgozta ki. A tud\u00f3sok szerint a beavatkoz\u00e1s rengeteg n\u0151 sz\u00e1m\u00e1ra k\u00edn\u00e1lhat k\u00f6nnyebbs\u00e9get olyan betegs\u00e9gek kezel\u00e9s\u00e9ben, mint a v\u00e1ltoz\u00f3korral j\u00e1r\u00f3 sz\u00edv- \u00e9s \u00e9rrendszeri gondok vagy a csontritkul\u00e1s. T\u00f6bb milli\u00f3 n\u0151nek pedig az\u00e1ltal javulhat az \u00e9letmin\u0151s\u00e9ge, hogy k\u00e9s\u0151bb tapasztalj\u00e1k meg a menopauz\u00e1val j\u00e1r\u00f3 gyakoribb t\u00fcneteket, mint a rossz hangulat, a szorong\u00e1s, az alv\u00e1si neh\u00e9zs\u00e9gek, a h\u0151hull\u00e1mok, az \u00e9jszakai izzad\u00e1s \u00e9s a cs\u00f6kken\u0151 nemi v\u00e1gy.<\/p>\n<div id=\"attachment_1673212\" style=\"width: 1410px\" class=\"wp-caption alignnone\">\n<p class=\"wp-caption-text\">Forr\u00e1s\/AFP<\/p>\n<\/div>\n<p>A 7 ezer \u00e9s 11 ezer font k\u00f6z\u00f6tti elj\u00e1r\u00e1st 40 \u00e9v feletti n\u0151knek k\u00edn\u00e1lja a birminghami sz\u00e9khely\u0171 ProFam c\u00e9g, amelyet Simon Fishel, a mesters\u00e9ges megterm\u00e9keny\u00edt\u00e9s ter\u00fclet\u00e9nek ismert kutat\u00f3ja \u00e1ll\u00edtott fel m\u00e1s specialist\u00e1kkal egy\u00fctt.<\/p>\n<p>Az elj\u00e1r\u00e1st, amelynek keret\u00e9ben kulcslyukm\u0171t\u00e9ttel petef\u00e9szeksz\u00f6veteket t\u00e1vol\u00edtanak el a n\u0151k szervezet\u00e9b\u0151l \u00e9s fagyasztanak le, hogy azt\u00e1n a menopauza kezdet\u00e9vel vissza\u00fcltess\u00e9k a szervezetbe, eddig kilenc p\u00e1ciensen pr\u00f3b\u00e1lt\u00e1k ki. A sz\u00f6veteket a cs\u00f6kken\u0151 hormonszint n\u00f6vel\u00e9se \u00e9rdek\u00e9ben jellemz\u0151en b\u0151 v\u00e9rell\u00e1t\u00e1s\u00fa helyre \u00fcltetik vissza a testben, p\u00e9ld\u00e1ul a h\u00f3naljba.<\/p>\n<p>Simon Fishel a The Guardian c\u00edm\u0171 lap h\u00e9tf\u0151i sz\u00e1m\u00e1nak azt mondta, az elj\u00e1r\u00e1snak rengeteg haszna lehet. \u201eEz az els\u0151 projekt a vil\u00e1gon, amely eg\u00e9szs\u00e9ges n\u0151k petef\u00e9szeksz\u00f6veteit \u0151rzi meg krioprezerv\u00e1ci\u00f3val puszt\u00e1n a v\u00e1ltoz\u00f3kor elhalaszt\u00e1s\u00e1ra\u201d \u2013 fogalmazott a vezet\u0151 orvosok egyike, Yousri Afifi a The Times c\u00edm\u0171 lapnak.<\/p>\n<p>Hasonl\u00f3 elj\u00e1r\u00e1st m\u00e1r alkalmaznak olyan l\u00e1nyok \u00e9s n\u0151k term\u00e9kenys\u00e9g\u00e9nek meg\u0151rz\u00e9s\u00e9re, akik r\u00e1kkezel\u00e9s el\u0151tt \u00e1llnak. Nekik, ha a ter\u00e1pia ut\u00e1n \u00fagy d\u00f6ntenek, hogy gyereket szeretn\u00e9nek, a petevezet\u00e9kbe \u00fcltetik vissza a lefagyasztott sz\u00f6veteket.<\/p>\n<p>Az, hogy a menopauza h\u00e1ny \u00e9vvel tolhat\u00f3 ki a beavatkoz\u00e1s r\u00e9v\u00e9n, att\u00f3l f\u00fcgg, h\u00e1ny \u00e9ves a p\u00e1ciens a sz\u00f6vetv\u00e9telkor. Egy 25 \u00e9ves n\u0151t\u0151l sz\u00e1rmaz\u00f3 sz\u00f6vet ak\u00e1r 20 \u00e9vvel is kitolhatja a v\u00e1ltoz\u00f3kor kezdet\u00e9t a vissza\u00fcltet\u00e9s ut\u00e1n, egy 40 \u00e9ves n\u0151t\u0151l sz\u00e1rmaz\u00f3 viszont lehet, hogy csak \u00f6t \u00e9vvel.<\/p>\n<p>\u00a0<\/p>\n<\/p><\/div>\n<p><script>\n    window.fbAsyncInit = function() {\n        FB.init({\n            appId      : \"204760236815359\",\n            xfbml      : true,\n            version    : \"v2.12\"\n        });\n        FB.AppEvents.logPageView();\n    };<\/p>\n<p>    (function(d, s, id){\n        var js, fjs = d.getElementsByTagName(s)[0];\n        if (d.getElementById(id)) {return;}\n        js = d.createElement(s); js.id = id;\n        js.src = \"http:\/\/connect.facebook.net\/hu_HU\/sdk.js\";\n        fjs.parentNode.insertBefore(js, fjs);\n    }(document, \"script\", \"facebook-jssdk\"));\n<\/script><br \/>\n<br \/>[ad_2]<br \/>\n<br \/><a href=\"https:\/\/www.vg.hu\/kozelet\/akar-20-evvel-is-kitolhatja-a-menopauza-kezdetet-egy-uj-beavatkozas-1673158\/\">Source link <\/a><\/p>\n","protected":false},"excerpt":{"rendered":"<p>[ad_1] Az elj\u00e1r\u00e1st mesters\u00e9ges megterm\u00e9keny\u00edt\u00e9ssel foglalkoz\u00f3 brit szakemberek egy csoportja dolgozta ki. Ak\u00e1r 20 \u00e9vvel is kitolhatja a menopauza kezdet\u00e9t egy \u00fatt\u00f6r\u0151 brit beavatkoz\u00e1s, amely els\u0151sorban a s\u00falyos eg\u00e9szs\u00e9gi probl\u00e9m\u00e1kkal k\u00fczd\u0151 n\u0151knek jelenthet seg\u00edts\u00e9get. Az elj\u00e1r\u00e1st mesters\u00e9ges megterm\u00e9keny\u00edt\u00e9ssel foglalkoz\u00f3 brit szakemberek egy csoportja dolgozta ki. A tud\u00f3sok szerint a beavatkoz\u00e1s rengeteg n\u0151 sz\u00e1m\u00e1ra k\u00edn\u00e1lhat k\u00f6nnyebbs\u00e9get [&hellip;]<\/p>\n","protected":false},"author":2,"featured_media":7181,"comment_status":"open","ping_status":"open","sticky":false,"template":"","format":"standard","meta":{"footnotes":""},"categories":[1],"tags":[],"class_list":["post-7180","post","type-post","status-publish","format-standard","has-post-thumbnail","hentry","category-penzugyi-hirek"],"yoast_head":"<!-- This site is optimized with the Yoast SEO plugin v27.4 - https:\/\/yoast.com\/product\/yoast-seo-wordpress\/ -->\n<title>Ak\u00e1r 20 \u00e9vvel is kitolhatja a menopauza kezdet\u00e9t egy \u00faj beavatkoz\u00e1s - Super News<\/title>\n<meta name=\"robots\" content=\"index, follow, max-snippet:-1, max-image-preview:large, max-video-preview:-1\" \/>\n<link rel=\"canonical\" href=\"https:\/\/super-news.info\/hu\/akar-20-evvel-is-kitolhatja-a-menopauza-kezdetet-egy-uj-beavatkozas\/\" \/>\n<meta property=\"og:locale\" content=\"hu_HU\" \/>\n<meta property=\"og:type\" content=\"article\" \/>\n<meta property=\"og:title\" content=\"Ak\u00e1r 20 \u00e9vvel is kitolhatja a menopauza kezdet\u00e9t egy \u00faj beavatkoz\u00e1s - Super News\" \/>\n<meta property=\"og:description\" content=\"[ad_1] Az elj\u00e1r\u00e1st mesters\u00e9ges megterm\u00e9keny\u00edt\u00e9ssel foglalkoz\u00f3 brit szakemberek egy csoportja dolgozta ki. Ak\u00e1r 20 \u00e9vvel is kitolhatja a menopauza kezdet\u00e9t egy \u00fatt\u00f6r\u0151 brit beavatkoz\u00e1s, amely els\u0151sorban a s\u00falyos eg\u00e9szs\u00e9gi probl\u00e9m\u00e1kkal k\u00fczd\u0151 n\u0151knek jelenthet seg\u00edts\u00e9get. Az elj\u00e1r\u00e1st mesters\u00e9ges megterm\u00e9keny\u00edt\u00e9ssel foglalkoz\u00f3 brit szakemberek egy csoportja dolgozta ki. A tud\u00f3sok szerint a beavatkoz\u00e1s rengeteg n\u0151 sz\u00e1m\u00e1ra k\u00edn\u00e1lhat k\u00f6nnyebbs\u00e9get [&hellip;]\" \/>\n<meta property=\"og:url\" content=\"https:\/\/super-news.info\/hu\/akar-20-evvel-is-kitolhatja-a-menopauza-kezdetet-egy-uj-beavatkozas\/\" \/>\n<meta property=\"og:site_name\" content=\"Super News\" \/>\n<meta property=\"article:published_time\" content=\"2019-08-05T18:53:49+00:00\" \/>\n<meta property=\"article:modified_time\" content=\"2019-08-05T18:53:50+00:00\" \/>\n<meta property=\"og:image\" content=\"https:\/\/super-news.info\/hu\/wp-content\/uploads\/sites\/3\/2019\/08\/Ak\u00e1r-20-\u00e9vvel-is-kitolhatja-a-menopauza-kezdet\u00e9t-egy-\u00faj.jpg\" \/>\n\t<meta property=\"og:image:width\" content=\"1400\" \/>\n\t<meta property=\"og:image:height\" content=\"933\" \/>\n\t<meta property=\"og:image:type\" content=\"image\/jpeg\" \/>\n<meta name=\"author\" content=\"super-news\" \/>\n<meta name=\"twitter:card\" content=\"summary_large_image\" \/>\n<meta name=\"twitter:label1\" content=\"Szerz\u0151:\" \/>\n\t<meta name=\"twitter:data1\" content=\"super-news\" \/>\n\t<meta name=\"twitter:label2\" content=\"Becs\u00fclt olvas\u00e1si id\u0151\" \/>\n\t<meta name=\"twitter:data2\" content=\"2 perc\" \/>\n<script type=\"application\/ld+json\" class=\"yoast-schema-graph\">{\"@context\":\"https:\\\/\\\/schema.org\",\"@graph\":[{\"@type\":\"Article\",\"@id\":\"https:\\\/\\\/super-news.info\\\/hu\\\/akar-20-evvel-is-kitolhatja-a-menopauza-kezdetet-egy-uj-beavatkozas\\\/#article\",\"isPartOf\":{\"@id\":\"https:\\\/\\\/super-news.info\\\/hu\\\/akar-20-evvel-is-kitolhatja-a-menopauza-kezdetet-egy-uj-beavatkozas\\\/\"},\"author\":{\"name\":\"super-news\",\"@id\":\"https:\\\/\\\/super-news.info\\\/hu\\\/#\\\/schema\\\/person\\\/2d4068cb2f39cd10008c2fce578a7356\"},\"headline\":\"Ak\u00e1r 20 \u00e9vvel is kitolhatja a menopauza kezdet\u00e9t egy \u00faj beavatkoz\u00e1s\",\"datePublished\":\"2019-08-05T18:53:49+00:00\",\"dateModified\":\"2019-08-05T18:53:50+00:00\",\"mainEntityOfPage\":{\"@id\":\"https:\\\/\\\/super-news.info\\\/hu\\\/akar-20-evvel-is-kitolhatja-a-menopauza-kezdetet-egy-uj-beavatkozas\\\/\"},\"wordCount\":497,\"commentCount\":0,\"image\":{\"@id\":\"https:\\\/\\\/super-news.info\\\/hu\\\/akar-20-evvel-is-kitolhatja-a-menopauza-kezdetet-egy-uj-beavatkozas\\\/#primaryimage\"},\"thumbnailUrl\":\"https:\\\/\\\/super-news.info\\\/hu\\\/wp-content\\\/uploads\\\/sites\\\/3\\\/2019\\\/08\\\/Ak\u00e1r-20-\u00e9vvel-is-kitolhatja-a-menopauza-kezdet\u00e9t-egy-\u00faj.jpg\",\"articleSection\":[\"P\u00c9NZ\u00dcGYI H\u00cdREK\"],\"inLanguage\":\"hu\",\"potentialAction\":[{\"@type\":\"CommentAction\",\"name\":\"Comment\",\"target\":[\"https:\\\/\\\/super-news.info\\\/hu\\\/akar-20-evvel-is-kitolhatja-a-menopauza-kezdetet-egy-uj-beavatkozas\\\/#respond\"]}]},{\"@type\":\"WebPage\",\"@id\":\"https:\\\/\\\/super-news.info\\\/hu\\\/akar-20-evvel-is-kitolhatja-a-menopauza-kezdetet-egy-uj-beavatkozas\\\/\",\"url\":\"https:\\\/\\\/super-news.info\\\/hu\\\/akar-20-evvel-is-kitolhatja-a-menopauza-kezdetet-egy-uj-beavatkozas\\\/\",\"name\":\"Ak\u00e1r 20 \u00e9vvel is kitolhatja a menopauza kezdet\u00e9t egy \u00faj beavatkoz\u00e1s - Super News\",\"isPartOf\":{\"@id\":\"https:\\\/\\\/super-news.info\\\/hu\\\/#website\"},\"primaryImageOfPage\":{\"@id\":\"https:\\\/\\\/super-news.info\\\/hu\\\/akar-20-evvel-is-kitolhatja-a-menopauza-kezdetet-egy-uj-beavatkozas\\\/#primaryimage\"},\"image\":{\"@id\":\"https:\\\/\\\/super-news.info\\\/hu\\\/akar-20-evvel-is-kitolhatja-a-menopauza-kezdetet-egy-uj-beavatkozas\\\/#primaryimage\"},\"thumbnailUrl\":\"https:\\\/\\\/super-news.info\\\/hu\\\/wp-content\\\/uploads\\\/sites\\\/3\\\/2019\\\/08\\\/Ak\u00e1r-20-\u00e9vvel-is-kitolhatja-a-menopauza-kezdet\u00e9t-egy-\u00faj.jpg\",\"datePublished\":\"2019-08-05T18:53:49+00:00\",\"dateModified\":\"2019-08-05T18:53:50+00:00\",\"author\":{\"@id\":\"https:\\\/\\\/super-news.info\\\/hu\\\/#\\\/schema\\\/person\\\/2d4068cb2f39cd10008c2fce578a7356\"},\"breadcrumb\":{\"@id\":\"https:\\\/\\\/super-news.info\\\/hu\\\/akar-20-evvel-is-kitolhatja-a-menopauza-kezdetet-egy-uj-beavatkozas\\\/#breadcrumb\"},\"inLanguage\":\"hu\",\"potentialAction\":[{\"@type\":\"ReadAction\",\"target\":[\"https:\\\/\\\/super-news.info\\\/hu\\\/akar-20-evvel-is-kitolhatja-a-menopauza-kezdetet-egy-uj-beavatkozas\\\/\"]}]},{\"@type\":\"ImageObject\",\"inLanguage\":\"hu\",\"@id\":\"https:\\\/\\\/super-news.info\\\/hu\\\/akar-20-evvel-is-kitolhatja-a-menopauza-kezdetet-egy-uj-beavatkozas\\\/#primaryimage\",\"url\":\"https:\\\/\\\/super-news.info\\\/hu\\\/wp-content\\\/uploads\\\/sites\\\/3\\\/2019\\\/08\\\/Ak\u00e1r-20-\u00e9vvel-is-kitolhatja-a-menopauza-kezdet\u00e9t-egy-\u00faj.jpg\",\"contentUrl\":\"https:\\\/\\\/super-news.info\\\/hu\\\/wp-content\\\/uploads\\\/sites\\\/3\\\/2019\\\/08\\\/Ak\u00e1r-20-\u00e9vvel-is-kitolhatja-a-menopauza-kezdet\u00e9t-egy-\u00faj.jpg\",\"width\":1400,\"height\":933,\"caption\":\"Ak\u00e1r 20 \u00e9vvel is kitolhatja a menopauza kezdet\u00e9t egy \u00faj beavatkoz\u00e1s\"},{\"@type\":\"BreadcrumbList\",\"@id\":\"https:\\\/\\\/super-news.info\\\/hu\\\/akar-20-evvel-is-kitolhatja-a-menopauza-kezdetet-egy-uj-beavatkozas\\\/#breadcrumb\",\"itemListElement\":[{\"@type\":\"ListItem\",\"position\":1,\"name\":\"\u0413\u043b\u0430\u0432\u043d\u0430\u044f \u0441\u0442\u0440\u0430\u043d\u0438\u0446\u0430\",\"item\":\"https:\\\/\\\/super-news.info\\\/hu\\\/\"},{\"@type\":\"ListItem\",\"position\":2,\"name\":\"Ak\u00e1r 20 \u00e9vvel is kitolhatja a menopauza kezdet\u00e9t egy \u00faj beavatkoz\u00e1s\"}]},{\"@type\":\"WebSite\",\"@id\":\"https:\\\/\\\/super-news.info\\\/hu\\\/#website\",\"url\":\"https:\\\/\\\/super-news.info\\\/hu\\\/\",\"name\":\"Super News\",\"description\":\"Super News Magyarorsz\u00e1g\",\"potentialAction\":[{\"@type\":\"SearchAction\",\"target\":{\"@type\":\"EntryPoint\",\"urlTemplate\":\"https:\\\/\\\/super-news.info\\\/hu\\\/?s={search_term_string}\"},\"query-input\":{\"@type\":\"PropertyValueSpecification\",\"valueRequired\":true,\"valueName\":\"search_term_string\"}}],\"inLanguage\":\"hu\"},{\"@type\":\"Person\",\"@id\":\"https:\\\/\\\/super-news.info\\\/hu\\\/#\\\/schema\\\/person\\\/2d4068cb2f39cd10008c2fce578a7356\",\"name\":\"super-news\",\"image\":{\"@type\":\"ImageObject\",\"inLanguage\":\"hu\",\"@id\":\"https:\\\/\\\/secure.gravatar.com\\\/avatar\\\/64ebac40b93f26a154f8a9b5b6fdccfc46f442b26b3dd6756dbff3bf9dc76fd7?s=96&d=mm&r=g\",\"url\":\"https:\\\/\\\/secure.gravatar.com\\\/avatar\\\/64ebac40b93f26a154f8a9b5b6fdccfc46f442b26b3dd6756dbff3bf9dc76fd7?s=96&d=mm&r=g\",\"contentUrl\":\"https:\\\/\\\/secure.gravatar.com\\\/avatar\\\/64ebac40b93f26a154f8a9b5b6fdccfc46f442b26b3dd6756dbff3bf9dc76fd7?s=96&d=mm&r=g\",\"caption\":\"super-news\"},\"url\":\"https:\\\/\\\/super-news.info\\\/hu\\\/author\\\/pt\\\/\"}]}<\/script>\n<!-- \/ Yoast SEO plugin. -->","yoast_head_json":{"title":"Ak\u00e1r 20 \u00e9vvel is kitolhatja a menopauza kezdet\u00e9t egy \u00faj beavatkoz\u00e1s - Super News","robots":{"index":"index","follow":"follow","max-snippet":"max-snippet:-1","max-image-preview":"max-image-preview:large","max-video-preview":"max-video-preview:-1"},"canonical":"https:\/\/super-news.info\/hu\/akar-20-evvel-is-kitolhatja-a-menopauza-kezdetet-egy-uj-beavatkozas\/","og_locale":"hu_HU","og_type":"article","og_title":"Ak\u00e1r 20 \u00e9vvel is kitolhatja a menopauza kezdet\u00e9t egy \u00faj beavatkoz\u00e1s - Super News","og_description":"[ad_1] Az elj\u00e1r\u00e1st mesters\u00e9ges megterm\u00e9keny\u00edt\u00e9ssel foglalkoz\u00f3 brit szakemberek egy csoportja dolgozta ki. Ak\u00e1r 20 \u00e9vvel is kitolhatja a menopauza kezdet\u00e9t egy \u00fatt\u00f6r\u0151 brit beavatkoz\u00e1s, amely els\u0151sorban a s\u00falyos eg\u00e9szs\u00e9gi probl\u00e9m\u00e1kkal k\u00fczd\u0151 n\u0151knek jelenthet seg\u00edts\u00e9get. Az elj\u00e1r\u00e1st mesters\u00e9ges megterm\u00e9keny\u00edt\u00e9ssel foglalkoz\u00f3 brit szakemberek egy csoportja dolgozta ki. A tud\u00f3sok szerint a beavatkoz\u00e1s rengeteg n\u0151 sz\u00e1m\u00e1ra k\u00edn\u00e1lhat k\u00f6nnyebbs\u00e9get [&hellip;]","og_url":"https:\/\/super-news.info\/hu\/akar-20-evvel-is-kitolhatja-a-menopauza-kezdetet-egy-uj-beavatkozas\/","og_site_name":"Super News","article_published_time":"2019-08-05T18:53:49+00:00","article_modified_time":"2019-08-05T18:53:50+00:00","og_image":[{"width":1400,"height":933,"url":"https:\/\/super-news.info\/hu\/wp-content\/uploads\/sites\/3\/2019\/08\/Ak\u00e1r-20-\u00e9vvel-is-kitolhatja-a-menopauza-kezdet\u00e9t-egy-\u00faj.jpg","type":"image\/jpeg"}],"author":"super-news","twitter_card":"summary_large_image","twitter_misc":{"Szerz\u0151:":"super-news","Becs\u00fclt olvas\u00e1si id\u0151":"2 perc"},"schema":{"@context":"https:\/\/schema.org","@graph":[{"@type":"Article","@id":"https:\/\/super-news.info\/hu\/akar-20-evvel-is-kitolhatja-a-menopauza-kezdetet-egy-uj-beavatkozas\/#article","isPartOf":{"@id":"https:\/\/super-news.info\/hu\/akar-20-evvel-is-kitolhatja-a-menopauza-kezdetet-egy-uj-beavatkozas\/"},"author":{"name":"super-news","@id":"https:\/\/super-news.info\/hu\/#\/schema\/person\/2d4068cb2f39cd10008c2fce578a7356"},"headline":"Ak\u00e1r 20 \u00e9vvel is kitolhatja a menopauza kezdet\u00e9t egy \u00faj beavatkoz\u00e1s","datePublished":"2019-08-05T18:53:49+00:00","dateModified":"2019-08-05T18:53:50+00:00","mainEntityOfPage":{"@id":"https:\/\/super-news.info\/hu\/akar-20-evvel-is-kitolhatja-a-menopauza-kezdetet-egy-uj-beavatkozas\/"},"wordCount":497,"commentCount":0,"image":{"@id":"https:\/\/super-news.info\/hu\/akar-20-evvel-is-kitolhatja-a-menopauza-kezdetet-egy-uj-beavatkozas\/#primaryimage"},"thumbnailUrl":"https:\/\/super-news.info\/hu\/wp-content\/uploads\/sites\/3\/2019\/08\/Ak\u00e1r-20-\u00e9vvel-is-kitolhatja-a-menopauza-kezdet\u00e9t-egy-\u00faj.jpg","articleSection":["P\u00c9NZ\u00dcGYI H\u00cdREK"],"inLanguage":"hu","potentialAction":[{"@type":"CommentAction","name":"Comment","target":["https:\/\/super-news.info\/hu\/akar-20-evvel-is-kitolhatja-a-menopauza-kezdetet-egy-uj-beavatkozas\/#respond"]}]},{"@type":"WebPage","@id":"https:\/\/super-news.info\/hu\/akar-20-evvel-is-kitolhatja-a-menopauza-kezdetet-egy-uj-beavatkozas\/","url":"https:\/\/super-news.info\/hu\/akar-20-evvel-is-kitolhatja-a-menopauza-kezdetet-egy-uj-beavatkozas\/","name":"Ak\u00e1r 20 \u00e9vvel is kitolhatja a menopauza kezdet\u00e9t egy \u00faj beavatkoz\u00e1s - Super News","isPartOf":{"@id":"https:\/\/super-news.info\/hu\/#website"},"primaryImageOfPage":{"@id":"https:\/\/super-news.info\/hu\/akar-20-evvel-is-kitolhatja-a-menopauza-kezdetet-egy-uj-beavatkozas\/#primaryimage"},"image":{"@id":"https:\/\/super-news.info\/hu\/akar-20-evvel-is-kitolhatja-a-menopauza-kezdetet-egy-uj-beavatkozas\/#primaryimage"},"thumbnailUrl":"https:\/\/super-news.info\/hu\/wp-content\/uploads\/sites\/3\/2019\/08\/Ak\u00e1r-20-\u00e9vvel-is-kitolhatja-a-menopauza-kezdet\u00e9t-egy-\u00faj.jpg","datePublished":"2019-08-05T18:53:49+00:00","dateModified":"2019-08-05T18:53:50+00:00","author":{"@id":"https:\/\/super-news.info\/hu\/#\/schema\/person\/2d4068cb2f39cd10008c2fce578a7356"},"breadcrumb":{"@id":"https:\/\/super-news.info\/hu\/akar-20-evvel-is-kitolhatja-a-menopauza-kezdetet-egy-uj-beavatkozas\/#breadcrumb"},"inLanguage":"hu","potentialAction":[{"@type":"ReadAction","target":["https:\/\/super-news.info\/hu\/akar-20-evvel-is-kitolhatja-a-menopauza-kezdetet-egy-uj-beavatkozas\/"]}]},{"@type":"ImageObject","inLanguage":"hu","@id":"https:\/\/super-news.info\/hu\/akar-20-evvel-is-kitolhatja-a-menopauza-kezdetet-egy-uj-beavatkozas\/#primaryimage","url":"https:\/\/super-news.info\/hu\/wp-content\/uploads\/sites\/3\/2019\/08\/Ak\u00e1r-20-\u00e9vvel-is-kitolhatja-a-menopauza-kezdet\u00e9t-egy-\u00faj.jpg","contentUrl":"https:\/\/super-news.info\/hu\/wp-content\/uploads\/sites\/3\/2019\/08\/Ak\u00e1r-20-\u00e9vvel-is-kitolhatja-a-menopauza-kezdet\u00e9t-egy-\u00faj.jpg","width":1400,"height":933,"caption":"Ak\u00e1r 20 \u00e9vvel is kitolhatja a menopauza kezdet\u00e9t egy \u00faj beavatkoz\u00e1s"},{"@type":"BreadcrumbList","@id":"https:\/\/super-news.info\/hu\/akar-20-evvel-is-kitolhatja-a-menopauza-kezdetet-egy-uj-beavatkozas\/#breadcrumb","itemListElement":[{"@type":"ListItem","position":1,"name":"\u0413\u043b\u0430\u0432\u043d\u0430\u044f \u0441\u0442\u0440\u0430\u043d\u0438\u0446\u0430","item":"https:\/\/super-news.info\/hu\/"},{"@type":"ListItem","position":2,"name":"Ak\u00e1r 20 \u00e9vvel is kitolhatja a menopauza kezdet\u00e9t egy \u00faj beavatkoz\u00e1s"}]},{"@type":"WebSite","@id":"https:\/\/super-news.info\/hu\/#website","url":"https:\/\/super-news.info\/hu\/","name":"Super News","description":"Super News Magyarorsz\u00e1g","potentialAction":[{"@type":"SearchAction","target":{"@type":"EntryPoint","urlTemplate":"https:\/\/super-news.info\/hu\/?s={search_term_string}"},"query-input":{"@type":"PropertyValueSpecification","valueRequired":true,"valueName":"search_term_string"}}],"inLanguage":"hu"},{"@type":"Person","@id":"https:\/\/super-news.info\/hu\/#\/schema\/person\/2d4068cb2f39cd10008c2fce578a7356","name":"super-news","image":{"@type":"ImageObject","inLanguage":"hu","@id":"https:\/\/secure.gravatar.com\/avatar\/64ebac40b93f26a154f8a9b5b6fdccfc46f442b26b3dd6756dbff3bf9dc76fd7?s=96&d=mm&r=g","url":"https:\/\/secure.gravatar.com\/avatar\/64ebac40b93f26a154f8a9b5b6fdccfc46f442b26b3dd6756dbff3bf9dc76fd7?s=96&d=mm&r=g","contentUrl":"https:\/\/secure.gravatar.com\/avatar\/64ebac40b93f26a154f8a9b5b6fdccfc46f442b26b3dd6756dbff3bf9dc76fd7?s=96&d=mm&r=g","caption":"super-news"},"url":"https:\/\/super-news.info\/hu\/author\/pt\/"}]}},"_links":{"self":[{"href":"https:\/\/super-news.info\/hu\/wp-json\/wp\/v2\/posts\/7180","targetHints":{"allow":["GET"]}}],"collection":[{"href":"https:\/\/super-news.info\/hu\/wp-json\/wp\/v2\/posts"}],"about":[{"href":"https:\/\/super-news.info\/hu\/wp-json\/wp\/v2\/types\/post"}],"author":[{"embeddable":true,"href":"https:\/\/super-news.info\/hu\/wp-json\/wp\/v2\/users\/2"}],"replies":[{"embeddable":true,"href":"https:\/\/super-news.info\/hu\/wp-json\/wp\/v2\/comments?post=7180"}],"version-history":[{"count":1,"href":"https:\/\/super-news.info\/hu\/wp-json\/wp\/v2\/posts\/7180\/revisions"}],"predecessor-version":[{"id":7182,"href":"https:\/\/super-news.info\/hu\/wp-json\/wp\/v2\/posts\/7180\/revisions\/7182"}],"wp:featuredmedia":[{"embeddable":true,"href":"https:\/\/super-news.info\/hu\/wp-json\/wp\/v2\/media\/7181"}],"wp:attachment":[{"href":"https:\/\/super-news.info\/hu\/wp-json\/wp\/v2\/media?parent=7180"}],"wp:term":[{"taxonomy":"category","embeddable":true,"href":"https:\/\/super-news.info\/hu\/wp-json\/wp\/v2\/categories?post=7180"},{"taxonomy":"post_tag","embeddable":true,"href":"https:\/\/super-news.info\/hu\/wp-json\/wp\/v2\/tags?post=7180"}],"curies":[{"name":"wp","href":"https:\/\/api.w.org\/{rel}","templated":true}]}}