{"id":7177,"date":"2019-08-05T21:02:07","date_gmt":"2019-08-05T18:02:07","guid":{"rendered":"https:\/\/super-news.info\/hu\/tiz-eve-halt-meg-cseh-tamas\/"},"modified":"2019-08-05T21:02:08","modified_gmt":"2019-08-05T18:02:08","slug":"tiz-eve-halt-meg-cseh-tamas","status":"publish","type":"post","link":"https:\/\/super-news.info\/hu\/tiz-eve-halt-meg-cseh-tamas\/","title":{"rendered":"T\u00edz \u00e9ve halt meg Cseh Tam\u00e1s"},"content":{"rendered":"<p> [ad_1]<br \/>\n<\/p>\n<p>\n\t\t\t\t\t\t\t\tCseh Tam\u00e1s egy korszak hangulat\u00e1nak legend\u00e1s tolm\u00e1csol\u00f3ja volt.\t\t\t\t\t\t\t<\/p>\n<div>\n<p>T\u00edz \u00e9ve, 2009. augusztus 7-\u00e9n halt meg Cseh Tam\u00e1s Kossuth-d\u00edjas \u00e9nekes, zeneszerz\u0151, el\u0151ad\u00f3m\u0171v\u00e9sz, egy korszak hangulat\u00e1nak legend\u00e1s tolm\u00e1csol\u00f3ja. Az \u00e9vfordul\u00f3 alkalm\u00e1b\u00f3l t\u00f6bb megeml\u00e9kez\u00e9st is tartanak.<\/p>\n<p>Cseh Tam\u00e1s 1943. janu\u00e1r 22-\u00e9n sz\u00fcletett Budapesten.<\/p>\n<p>Tizenh\u00e1rom \u00e9ves kor\u00e1ig a Fej\u00e9r megyei Tardoson \u00e9lt, k\u00f6z\u00e9piskolai tanulm\u00e1nyait a f\u0151v\u00e1rosi J\u00f3zsef Attila Gimn\u00e1ziumban v\u00e9gezte. A Budapesti Tan\u00edt\u00f3k\u00e9pz\u0151 F\u0151iskol\u00e1n, az egri Tan\u00e1rk\u00e9pz\u0151 F\u0151iskola rajztan\u00e1ri szak\u00e1n, majd a K\u00e9pz\u0151m\u0171v\u00e9szeti F\u0151iskol\u00e1n tanult, 1967-t\u0151l h\u00e9t \u00e9vig rajzot tan\u00edtott Budapesten egy k\u0151b\u00e1nyai \u00e1ltal\u00e1nos iskol\u00e1ban.<\/p>\n<div id=\"attachment_1672609\" style=\"width: 1409px\" class=\"wp-caption aligncenter\">\n<p class=\"wp-caption-text\">Cseh Tam\u00e1s<br \/>Fot\u00f3: MTI\/Czimbala Gyula \/ MTI\/Czimbala Gyula<\/p>\n<\/div>\n<p>1970-ben kezdett dalokat \u00edrni Berem\u00e9nyi G\u00e9za \u00edr\u00f3, filmrendez\u0151vel, akivel az \u00e9v december\u00e9ben ismerkedett meg. Bar\u00e1ts\u00e1guk \u00e9s munkakapcsolatuk a v\u00edziv\u00e1rosi Iskola utca egyik alb\u00e9rlet\u00e9ben kezd\u0151d\u00f6tt, itt sz\u00fclettek a legend\u00e1s, egy nemzed\u00e9k \u00e9let\u00e9rz\u00e9s\u00e9t kifejez\u0151 dalok, a sorban az els\u0151 1971-ben Az \u00f3cska cip\u0151 volt. Egykori lak\u00f3hely\u00fck\u00f6n, a h\u00e1z bej\u00e1rat\u00e1n\u00e1l ma t\u00e1bla tal\u00e1lhat\u00f3 egy k\u00fcl\u00f6nleges lak\u00f3n\u00e9vsorral, a lemezeken szerepl\u0151 szem\u00e9lyek neveivel (k\u00f6zt\u00fck Antoine \u00e9s Desir\u00e9, F\u00e1skertin\u00e9, \u00c1cs Mari, Poremba \u00c9va, Vetr\u00f3 Ir\u00e9n \u00e9s a t\u00f6bbiek).<\/p>\n<p>Berem\u00e9nyi \u00edrta csaknem az \u00f6sszes Cseh Tam\u00e1s-lemez sz\u00f6veg\u00e9t, n\u00e9gy \u00e9vtized k\u00f6z\u00f6s munk\u00e1j\u00e1nak eredm\u00e9nye mintegy h\u00fasz album \u00e9s tucatnyi est. (A kiv\u00e9tel az 1986-os M\u00e9lyrep\u00fcl\u00e9s, amelyhez Csengey D\u00e9nes \u00edrta a sz\u00f6veget.)<\/p>\n<p>Munk\u00e1ss\u00e1g\u00e1t 1993-ban Liszt Ferenc-d\u00edjjal ismert\u00e9k el, 1994-ben megkapta a Magyar K\u00f6zt\u00e1rsas\u00e1gi \u00c9rdemrend tisztikeresztj\u00e9t, 1998-ban a Pro Urbe Budapest d\u00edjat vehette \u00e1t. 2001-ben Kossuth-d\u00edjjal t\u00fcntett\u00e9k ki m\u0171fajteremt\u0151 el\u0151ad\u00f3m\u0171v\u00e9szi teljes\u00edtm\u00e9ny\u00e9\u00e9rt, egy korszak \u00e9let\u00e9rz\u00e9s\u00e9t eml\u00e9kezetesen tolm\u00e1csol\u00f3, a h\u00e9tk\u00f6znapok pr\u00f3z\u00e1j\u00e1t \u00e9s k\u00f6lt\u00e9szet\u00e9t egyidej\u0171leg megragadni k\u00e9pes dalai\u00e9rt. 2008-ban Budapest VIII. ker\u00fclet\u00e9nek, a k\u00f6vetkez\u0151 \u00e9vben Bakonyb\u00e9lnek is d\u00edszpolg\u00e1ra lett,<\/p>\n<p>2009-ben posztumusz Magyar \u00d6r\u00f6ks\u00e9g-d\u00edjat kapott.<\/p>\n<p>2006-ban gy\u00f3gy\u00edthatatlan betegs\u00e9get diagnosztiz\u00e1ltak n\u00e1la, augusztus v\u00e9g\u00e9n adta utols\u00f3 koncertj\u00e9t a Bak\u00e1ts t\u00e9ren. A k\u00f6vetkez\u0151 \u00e9vben jelent meg B\u00e9rczes L\u00e1szl\u00f3 Cseh Tam\u00e1s besz\u00e9lget\u0151k\u00f6nyve. Cseh Tam\u00e1s 2009. augusztus 7-\u00e9n Budapesten halt meg.<\/p>\n<p>\u00a0<\/p>\n<\/p><\/div>\n<p><script>\n    window.fbAsyncInit = function() {\n        FB.init({\n            appId      : \"204760236815359\",\n            xfbml      : true,\n            version    : \"v2.12\"\n        });\n        FB.AppEvents.logPageView();\n    };<\/p>\n<p>    (function(d, s, id){\n        var js, fjs = d.getElementsByTagName(s)[0];\n        if (d.getElementById(id)) {return;}\n        js = d.createElement(s); js.id = id;\n        js.src = \"http:\/\/connect.facebook.net\/hu_HU\/sdk.js\";\n        fjs.parentNode.insertBefore(js, fjs);\n    }(document, \"script\", \"facebook-jssdk\"));\n<\/script><br \/>\n<br \/>[ad_2]<br \/>\n<br \/><a href=\"https:\/\/www.vg.hu\/kozelet\/kultura\/__trashed-18-1672522\/\">Source link <\/a><\/p>\n","protected":false},"excerpt":{"rendered":"<p>[ad_1] Cseh Tam\u00e1s egy korszak hangulat\u00e1nak legend\u00e1s tolm\u00e1csol\u00f3ja volt. T\u00edz \u00e9ve, 2009. augusztus 7-\u00e9n halt meg Cseh Tam\u00e1s Kossuth-d\u00edjas \u00e9nekes, zeneszerz\u0151, el\u0151ad\u00f3m\u0171v\u00e9sz, egy korszak hangulat\u00e1nak legend\u00e1s tolm\u00e1csol\u00f3ja. Az \u00e9vfordul\u00f3 alkalm\u00e1b\u00f3l t\u00f6bb megeml\u00e9kez\u00e9st is tartanak. Cseh Tam\u00e1s 1943. janu\u00e1r 22-\u00e9n sz\u00fcletett Budapesten. Tizenh\u00e1rom \u00e9ves kor\u00e1ig a Fej\u00e9r megyei Tardoson \u00e9lt, k\u00f6z\u00e9piskolai tanulm\u00e1nyait a f\u0151v\u00e1rosi J\u00f3zsef Attila [&hellip;]<\/p>\n","protected":false},"author":2,"featured_media":7178,"comment_status":"open","ping_status":"open","sticky":false,"template":"","format":"standard","meta":{"footnotes":""},"categories":[1],"tags":[],"class_list":["post-7177","post","type-post","status-publish","format-standard","has-post-thumbnail","hentry","category-penzugyi-hirek"],"yoast_head":"<!-- This site is optimized with the Yoast SEO plugin v27.4 - https:\/\/yoast.com\/product\/yoast-seo-wordpress\/ -->\n<title>T\u00edz \u00e9ve halt meg Cseh Tam\u00e1s - Super News<\/title>\n<meta name=\"robots\" content=\"index, follow, max-snippet:-1, max-image-preview:large, max-video-preview:-1\" \/>\n<link rel=\"canonical\" href=\"https:\/\/super-news.info\/hu\/tiz-eve-halt-meg-cseh-tamas\/\" \/>\n<meta property=\"og:locale\" content=\"hu_HU\" \/>\n<meta property=\"og:type\" content=\"article\" \/>\n<meta property=\"og:title\" content=\"T\u00edz \u00e9ve halt meg Cseh Tam\u00e1s - Super News\" \/>\n<meta property=\"og:description\" content=\"[ad_1] Cseh Tam\u00e1s egy korszak hangulat\u00e1nak legend\u00e1s tolm\u00e1csol\u00f3ja volt. T\u00edz \u00e9ve, 2009. augusztus 7-\u00e9n halt meg Cseh Tam\u00e1s Kossuth-d\u00edjas \u00e9nekes, zeneszerz\u0151, el\u0151ad\u00f3m\u0171v\u00e9sz, egy korszak hangulat\u00e1nak legend\u00e1s tolm\u00e1csol\u00f3ja. Az \u00e9vfordul\u00f3 alkalm\u00e1b\u00f3l t\u00f6bb megeml\u00e9kez\u00e9st is tartanak. Cseh Tam\u00e1s 1943. janu\u00e1r 22-\u00e9n sz\u00fcletett Budapesten. Tizenh\u00e1rom \u00e9ves kor\u00e1ig a Fej\u00e9r megyei Tardoson \u00e9lt, k\u00f6z\u00e9piskolai tanulm\u00e1nyait a f\u0151v\u00e1rosi J\u00f3zsef Attila [&hellip;]\" \/>\n<meta property=\"og:url\" content=\"https:\/\/super-news.info\/hu\/tiz-eve-halt-meg-cseh-tamas\/\" \/>\n<meta property=\"og:site_name\" content=\"Super News\" \/>\n<meta property=\"article:published_time\" content=\"2019-08-05T18:02:07+00:00\" \/>\n<meta property=\"article:modified_time\" content=\"2019-08-05T18:02:08+00:00\" \/>\n<meta property=\"og:image\" content=\"https:\/\/super-news.info\/hu\/wp-content\/uploads\/sites\/3\/2019\/08\/T\u00edz-\u00e9ve-halt-meg-Cseh-Tam\u00e1s.jpg\" \/>\n\t<meta property=\"og:image:width\" content=\"1399\" \/>\n\t<meta property=\"og:image:height\" content=\"571\" \/>\n\t<meta property=\"og:image:type\" content=\"image\/jpeg\" \/>\n<meta name=\"author\" content=\"super-news\" \/>\n<meta name=\"twitter:card\" content=\"summary_large_image\" \/>\n<meta name=\"twitter:label1\" content=\"Szerz\u0151:\" \/>\n\t<meta name=\"twitter:data1\" content=\"super-news\" \/>\n\t<meta name=\"twitter:label2\" content=\"Becs\u00fclt olvas\u00e1si id\u0151\" \/>\n\t<meta name=\"twitter:data2\" content=\"2 perc\" \/>\n<script type=\"application\/ld+json\" class=\"yoast-schema-graph\">{\"@context\":\"https:\\\/\\\/schema.org\",\"@graph\":[{\"@type\":\"Article\",\"@id\":\"https:\\\/\\\/super-news.info\\\/hu\\\/tiz-eve-halt-meg-cseh-tamas\\\/#article\",\"isPartOf\":{\"@id\":\"https:\\\/\\\/super-news.info\\\/hu\\\/tiz-eve-halt-meg-cseh-tamas\\\/\"},\"author\":{\"name\":\"super-news\",\"@id\":\"https:\\\/\\\/super-news.info\\\/hu\\\/#\\\/schema\\\/person\\\/2d4068cb2f39cd10008c2fce578a7356\"},\"headline\":\"T\u00edz \u00e9ve halt meg Cseh Tam\u00e1s\",\"datePublished\":\"2019-08-05T18:02:07+00:00\",\"dateModified\":\"2019-08-05T18:02:08+00:00\",\"mainEntityOfPage\":{\"@id\":\"https:\\\/\\\/super-news.info\\\/hu\\\/tiz-eve-halt-meg-cseh-tamas\\\/\"},\"wordCount\":469,\"commentCount\":0,\"image\":{\"@id\":\"https:\\\/\\\/super-news.info\\\/hu\\\/tiz-eve-halt-meg-cseh-tamas\\\/#primaryimage\"},\"thumbnailUrl\":\"https:\\\/\\\/super-news.info\\\/hu\\\/wp-content\\\/uploads\\\/sites\\\/3\\\/2019\\\/08\\\/T\u00edz-\u00e9ve-halt-meg-Cseh-Tam\u00e1s.jpg\",\"articleSection\":[\"P\u00c9NZ\u00dcGYI H\u00cdREK\"],\"inLanguage\":\"hu\",\"potentialAction\":[{\"@type\":\"CommentAction\",\"name\":\"Comment\",\"target\":[\"https:\\\/\\\/super-news.info\\\/hu\\\/tiz-eve-halt-meg-cseh-tamas\\\/#respond\"]}]},{\"@type\":\"WebPage\",\"@id\":\"https:\\\/\\\/super-news.info\\\/hu\\\/tiz-eve-halt-meg-cseh-tamas\\\/\",\"url\":\"https:\\\/\\\/super-news.info\\\/hu\\\/tiz-eve-halt-meg-cseh-tamas\\\/\",\"name\":\"T\u00edz \u00e9ve halt meg Cseh Tam\u00e1s - Super News\",\"isPartOf\":{\"@id\":\"https:\\\/\\\/super-news.info\\\/hu\\\/#website\"},\"primaryImageOfPage\":{\"@id\":\"https:\\\/\\\/super-news.info\\\/hu\\\/tiz-eve-halt-meg-cseh-tamas\\\/#primaryimage\"},\"image\":{\"@id\":\"https:\\\/\\\/super-news.info\\\/hu\\\/tiz-eve-halt-meg-cseh-tamas\\\/#primaryimage\"},\"thumbnailUrl\":\"https:\\\/\\\/super-news.info\\\/hu\\\/wp-content\\\/uploads\\\/sites\\\/3\\\/2019\\\/08\\\/T\u00edz-\u00e9ve-halt-meg-Cseh-Tam\u00e1s.jpg\",\"datePublished\":\"2019-08-05T18:02:07+00:00\",\"dateModified\":\"2019-08-05T18:02:08+00:00\",\"author\":{\"@id\":\"https:\\\/\\\/super-news.info\\\/hu\\\/#\\\/schema\\\/person\\\/2d4068cb2f39cd10008c2fce578a7356\"},\"breadcrumb\":{\"@id\":\"https:\\\/\\\/super-news.info\\\/hu\\\/tiz-eve-halt-meg-cseh-tamas\\\/#breadcrumb\"},\"inLanguage\":\"hu\",\"potentialAction\":[{\"@type\":\"ReadAction\",\"target\":[\"https:\\\/\\\/super-news.info\\\/hu\\\/tiz-eve-halt-meg-cseh-tamas\\\/\"]}]},{\"@type\":\"ImageObject\",\"inLanguage\":\"hu\",\"@id\":\"https:\\\/\\\/super-news.info\\\/hu\\\/tiz-eve-halt-meg-cseh-tamas\\\/#primaryimage\",\"url\":\"https:\\\/\\\/super-news.info\\\/hu\\\/wp-content\\\/uploads\\\/sites\\\/3\\\/2019\\\/08\\\/T\u00edz-\u00e9ve-halt-meg-Cseh-Tam\u00e1s.jpg\",\"contentUrl\":\"https:\\\/\\\/super-news.info\\\/hu\\\/wp-content\\\/uploads\\\/sites\\\/3\\\/2019\\\/08\\\/T\u00edz-\u00e9ve-halt-meg-Cseh-Tam\u00e1s.jpg\",\"width\":1399,\"height\":571,\"caption\":\"T\u00edz \u00e9ve halt meg Cseh Tam\u00e1s\"},{\"@type\":\"BreadcrumbList\",\"@id\":\"https:\\\/\\\/super-news.info\\\/hu\\\/tiz-eve-halt-meg-cseh-tamas\\\/#breadcrumb\",\"itemListElement\":[{\"@type\":\"ListItem\",\"position\":1,\"name\":\"\u0413\u043b\u0430\u0432\u043d\u0430\u044f \u0441\u0442\u0440\u0430\u043d\u0438\u0446\u0430\",\"item\":\"https:\\\/\\\/super-news.info\\\/hu\\\/\"},{\"@type\":\"ListItem\",\"position\":2,\"name\":\"T\u00edz \u00e9ve halt meg Cseh Tam\u00e1s\"}]},{\"@type\":\"WebSite\",\"@id\":\"https:\\\/\\\/super-news.info\\\/hu\\\/#website\",\"url\":\"https:\\\/\\\/super-news.info\\\/hu\\\/\",\"name\":\"Super News\",\"description\":\"Super News Magyarorsz\u00e1g\",\"potentialAction\":[{\"@type\":\"SearchAction\",\"target\":{\"@type\":\"EntryPoint\",\"urlTemplate\":\"https:\\\/\\\/super-news.info\\\/hu\\\/?s={search_term_string}\"},\"query-input\":{\"@type\":\"PropertyValueSpecification\",\"valueRequired\":true,\"valueName\":\"search_term_string\"}}],\"inLanguage\":\"hu\"},{\"@type\":\"Person\",\"@id\":\"https:\\\/\\\/super-news.info\\\/hu\\\/#\\\/schema\\\/person\\\/2d4068cb2f39cd10008c2fce578a7356\",\"name\":\"super-news\",\"image\":{\"@type\":\"ImageObject\",\"inLanguage\":\"hu\",\"@id\":\"https:\\\/\\\/secure.gravatar.com\\\/avatar\\\/64ebac40b93f26a154f8a9b5b6fdccfc46f442b26b3dd6756dbff3bf9dc76fd7?s=96&d=mm&r=g\",\"url\":\"https:\\\/\\\/secure.gravatar.com\\\/avatar\\\/64ebac40b93f26a154f8a9b5b6fdccfc46f442b26b3dd6756dbff3bf9dc76fd7?s=96&d=mm&r=g\",\"contentUrl\":\"https:\\\/\\\/secure.gravatar.com\\\/avatar\\\/64ebac40b93f26a154f8a9b5b6fdccfc46f442b26b3dd6756dbff3bf9dc76fd7?s=96&d=mm&r=g\",\"caption\":\"super-news\"},\"url\":\"https:\\\/\\\/super-news.info\\\/hu\\\/author\\\/pt\\\/\"}]}<\/script>\n<!-- \/ Yoast SEO plugin. -->","yoast_head_json":{"title":"T\u00edz \u00e9ve halt meg Cseh Tam\u00e1s - Super News","robots":{"index":"index","follow":"follow","max-snippet":"max-snippet:-1","max-image-preview":"max-image-preview:large","max-video-preview":"max-video-preview:-1"},"canonical":"https:\/\/super-news.info\/hu\/tiz-eve-halt-meg-cseh-tamas\/","og_locale":"hu_HU","og_type":"article","og_title":"T\u00edz \u00e9ve halt meg Cseh Tam\u00e1s - Super News","og_description":"[ad_1] Cseh Tam\u00e1s egy korszak hangulat\u00e1nak legend\u00e1s tolm\u00e1csol\u00f3ja volt. T\u00edz \u00e9ve, 2009. augusztus 7-\u00e9n halt meg Cseh Tam\u00e1s Kossuth-d\u00edjas \u00e9nekes, zeneszerz\u0151, el\u0151ad\u00f3m\u0171v\u00e9sz, egy korszak hangulat\u00e1nak legend\u00e1s tolm\u00e1csol\u00f3ja. Az \u00e9vfordul\u00f3 alkalm\u00e1b\u00f3l t\u00f6bb megeml\u00e9kez\u00e9st is tartanak. Cseh Tam\u00e1s 1943. janu\u00e1r 22-\u00e9n sz\u00fcletett Budapesten. Tizenh\u00e1rom \u00e9ves kor\u00e1ig a Fej\u00e9r megyei Tardoson \u00e9lt, k\u00f6z\u00e9piskolai tanulm\u00e1nyait a f\u0151v\u00e1rosi J\u00f3zsef Attila [&hellip;]","og_url":"https:\/\/super-news.info\/hu\/tiz-eve-halt-meg-cseh-tamas\/","og_site_name":"Super News","article_published_time":"2019-08-05T18:02:07+00:00","article_modified_time":"2019-08-05T18:02:08+00:00","og_image":[{"width":1399,"height":571,"url":"https:\/\/super-news.info\/hu\/wp-content\/uploads\/sites\/3\/2019\/08\/T\u00edz-\u00e9ve-halt-meg-Cseh-Tam\u00e1s.jpg","type":"image\/jpeg"}],"author":"super-news","twitter_card":"summary_large_image","twitter_misc":{"Szerz\u0151:":"super-news","Becs\u00fclt olvas\u00e1si id\u0151":"2 perc"},"schema":{"@context":"https:\/\/schema.org","@graph":[{"@type":"Article","@id":"https:\/\/super-news.info\/hu\/tiz-eve-halt-meg-cseh-tamas\/#article","isPartOf":{"@id":"https:\/\/super-news.info\/hu\/tiz-eve-halt-meg-cseh-tamas\/"},"author":{"name":"super-news","@id":"https:\/\/super-news.info\/hu\/#\/schema\/person\/2d4068cb2f39cd10008c2fce578a7356"},"headline":"T\u00edz \u00e9ve halt meg Cseh Tam\u00e1s","datePublished":"2019-08-05T18:02:07+00:00","dateModified":"2019-08-05T18:02:08+00:00","mainEntityOfPage":{"@id":"https:\/\/super-news.info\/hu\/tiz-eve-halt-meg-cseh-tamas\/"},"wordCount":469,"commentCount":0,"image":{"@id":"https:\/\/super-news.info\/hu\/tiz-eve-halt-meg-cseh-tamas\/#primaryimage"},"thumbnailUrl":"https:\/\/super-news.info\/hu\/wp-content\/uploads\/sites\/3\/2019\/08\/T\u00edz-\u00e9ve-halt-meg-Cseh-Tam\u00e1s.jpg","articleSection":["P\u00c9NZ\u00dcGYI H\u00cdREK"],"inLanguage":"hu","potentialAction":[{"@type":"CommentAction","name":"Comment","target":["https:\/\/super-news.info\/hu\/tiz-eve-halt-meg-cseh-tamas\/#respond"]}]},{"@type":"WebPage","@id":"https:\/\/super-news.info\/hu\/tiz-eve-halt-meg-cseh-tamas\/","url":"https:\/\/super-news.info\/hu\/tiz-eve-halt-meg-cseh-tamas\/","name":"T\u00edz \u00e9ve halt meg Cseh Tam\u00e1s - Super News","isPartOf":{"@id":"https:\/\/super-news.info\/hu\/#website"},"primaryImageOfPage":{"@id":"https:\/\/super-news.info\/hu\/tiz-eve-halt-meg-cseh-tamas\/#primaryimage"},"image":{"@id":"https:\/\/super-news.info\/hu\/tiz-eve-halt-meg-cseh-tamas\/#primaryimage"},"thumbnailUrl":"https:\/\/super-news.info\/hu\/wp-content\/uploads\/sites\/3\/2019\/08\/T\u00edz-\u00e9ve-halt-meg-Cseh-Tam\u00e1s.jpg","datePublished":"2019-08-05T18:02:07+00:00","dateModified":"2019-08-05T18:02:08+00:00","author":{"@id":"https:\/\/super-news.info\/hu\/#\/schema\/person\/2d4068cb2f39cd10008c2fce578a7356"},"breadcrumb":{"@id":"https:\/\/super-news.info\/hu\/tiz-eve-halt-meg-cseh-tamas\/#breadcrumb"},"inLanguage":"hu","potentialAction":[{"@type":"ReadAction","target":["https:\/\/super-news.info\/hu\/tiz-eve-halt-meg-cseh-tamas\/"]}]},{"@type":"ImageObject","inLanguage":"hu","@id":"https:\/\/super-news.info\/hu\/tiz-eve-halt-meg-cseh-tamas\/#primaryimage","url":"https:\/\/super-news.info\/hu\/wp-content\/uploads\/sites\/3\/2019\/08\/T\u00edz-\u00e9ve-halt-meg-Cseh-Tam\u00e1s.jpg","contentUrl":"https:\/\/super-news.info\/hu\/wp-content\/uploads\/sites\/3\/2019\/08\/T\u00edz-\u00e9ve-halt-meg-Cseh-Tam\u00e1s.jpg","width":1399,"height":571,"caption":"T\u00edz \u00e9ve halt meg Cseh Tam\u00e1s"},{"@type":"BreadcrumbList","@id":"https:\/\/super-news.info\/hu\/tiz-eve-halt-meg-cseh-tamas\/#breadcrumb","itemListElement":[{"@type":"ListItem","position":1,"name":"\u0413\u043b\u0430\u0432\u043d\u0430\u044f \u0441\u0442\u0440\u0430\u043d\u0438\u0446\u0430","item":"https:\/\/super-news.info\/hu\/"},{"@type":"ListItem","position":2,"name":"T\u00edz \u00e9ve halt meg Cseh Tam\u00e1s"}]},{"@type":"WebSite","@id":"https:\/\/super-news.info\/hu\/#website","url":"https:\/\/super-news.info\/hu\/","name":"Super News","description":"Super News Magyarorsz\u00e1g","potentialAction":[{"@type":"SearchAction","target":{"@type":"EntryPoint","urlTemplate":"https:\/\/super-news.info\/hu\/?s={search_term_string}"},"query-input":{"@type":"PropertyValueSpecification","valueRequired":true,"valueName":"search_term_string"}}],"inLanguage":"hu"},{"@type":"Person","@id":"https:\/\/super-news.info\/hu\/#\/schema\/person\/2d4068cb2f39cd10008c2fce578a7356","name":"super-news","image":{"@type":"ImageObject","inLanguage":"hu","@id":"https:\/\/secure.gravatar.com\/avatar\/64ebac40b93f26a154f8a9b5b6fdccfc46f442b26b3dd6756dbff3bf9dc76fd7?s=96&d=mm&r=g","url":"https:\/\/secure.gravatar.com\/avatar\/64ebac40b93f26a154f8a9b5b6fdccfc46f442b26b3dd6756dbff3bf9dc76fd7?s=96&d=mm&r=g","contentUrl":"https:\/\/secure.gravatar.com\/avatar\/64ebac40b93f26a154f8a9b5b6fdccfc46f442b26b3dd6756dbff3bf9dc76fd7?s=96&d=mm&r=g","caption":"super-news"},"url":"https:\/\/super-news.info\/hu\/author\/pt\/"}]}},"_links":{"self":[{"href":"https:\/\/super-news.info\/hu\/wp-json\/wp\/v2\/posts\/7177","targetHints":{"allow":["GET"]}}],"collection":[{"href":"https:\/\/super-news.info\/hu\/wp-json\/wp\/v2\/posts"}],"about":[{"href":"https:\/\/super-news.info\/hu\/wp-json\/wp\/v2\/types\/post"}],"author":[{"embeddable":true,"href":"https:\/\/super-news.info\/hu\/wp-json\/wp\/v2\/users\/2"}],"replies":[{"embeddable":true,"href":"https:\/\/super-news.info\/hu\/wp-json\/wp\/v2\/comments?post=7177"}],"version-history":[{"count":1,"href":"https:\/\/super-news.info\/hu\/wp-json\/wp\/v2\/posts\/7177\/revisions"}],"predecessor-version":[{"id":7179,"href":"https:\/\/super-news.info\/hu\/wp-json\/wp\/v2\/posts\/7177\/revisions\/7179"}],"wp:featuredmedia":[{"embeddable":true,"href":"https:\/\/super-news.info\/hu\/wp-json\/wp\/v2\/media\/7178"}],"wp:attachment":[{"href":"https:\/\/super-news.info\/hu\/wp-json\/wp\/v2\/media?parent=7177"}],"wp:term":[{"taxonomy":"category","embeddable":true,"href":"https:\/\/super-news.info\/hu\/wp-json\/wp\/v2\/categories?post=7177"},{"taxonomy":"post_tag","embeddable":true,"href":"https:\/\/super-news.info\/hu\/wp-json\/wp\/v2\/tags?post=7177"}],"curies":[{"name":"wp","href":"https:\/\/api.w.org\/{rel}","templated":true}]}}