{"id":7174,"date":"2019-08-05T20:06:56","date_gmt":"2019-08-05T17:06:56","guid":{"rendered":"https:\/\/super-news.info\/hu\/cegdemografia-szuletes-megszunes-vilaggazdasag\/"},"modified":"2019-08-05T20:06:56","modified_gmt":"2019-08-05T17:06:56","slug":"cegdemografia-szuletes-megszunes-vilaggazdasag","status":"publish","type":"post","link":"https:\/\/super-news.info\/hu\/cegdemografia-szuletes-megszunes-vilaggazdasag\/","title":{"rendered":"C\u00e9gdemogr\u00e1fia: sz\u00fclet\u00e9s, megsz\u0171n\u00e9s | Vil\u00e1ggazdas\u00e1g"},"content":{"rendered":"<p> [ad_1]<br \/>\n<\/p>\n<div>\n<p>Ahogy a t\u00e1rsadalom szempontj\u00e1b\u00f3l fontos adat, hogy mennyien sz\u00fcletnek \u00e9s mennyien halnak meg, \u00e9s ennek k\u00f6vetkezt\u00e9ben hogyan alakul a t\u00e1rsadalom korszerkezete, \u00e9ppen \u00fagy a c\u00e9gek eset\u00e9n is figyelemre \u00e9rdemes jellemz\u0151, hogy h\u00e1ny \u00faj c\u00e9g alakul \u00e9s mennyi sz\u0171nik meg. A c\u00e9gek sz\u00fclet\u00e9se \u00e9s megsz\u0171n\u00e9se k\u00fcl\u00f6n\u00f6sen a szakmai ter\u00fcletek ar\u00e1ny\u00e1nak v\u00e1ltoz\u00e1sa szempontj\u00e1b\u00f3l l\u00e9nyeges k\u00e9rd\u00e9s, mivel ennek a dinamik\u00e1nak a k\u00f6vetkezt\u00e9ben alakul a gazdas\u00e1g szerkezete, technol\u00f3giai \u00e9s tud\u00e1ssz\u00ednvonala. N\u00e9zz\u00fcnk meg ez\u00e9rt n\u00e9h\u00e1ny jellemz\u0151 c\u00e9gdemogr\u00e1fiai adatot az Eurostatban megjelent statisztik\u00e1k felhaszn\u00e1l\u00e1s\u00e1val.<\/p>\n<p>Magyarorsz\u00e1gon \u00e9s Szlov\u00e1ki\u00e1ban \u00f6sszess\u00e9g\u00e9ben apadt a c\u00e9gek sz\u00e1ma. M\u00e9ret szerint a 0\u201319 f\u0151t foglalkoztat\u00f3k\u00e9 cs\u00f6kkent, a nagyobb v\u00e1llalatok sz\u00e1ma n\u0151tt. Ezzel ellent\u00e9tben Lengyelorsz\u00e1gban \u00e9ppen a mikro- \u00e9s kis c\u00e9gek sz\u00e1m\u00e1nak sz\u00e1mottev\u0151 emelked\u00e9se figyelhet\u0151 meg. A cseh adatok c\u00e9gt\u00edpusonk\u00e9nt vegyes k\u00e9pet mutatnak. Csehorsz\u00e1gban \u2013 \u00e9ppen \u00fagy, mint n\u00e1lunk \u2013 a legnagyobb v\u00e1llalatok sz\u00e1ma n\u0151tt a legjobban, viszont n\u0151tt a mikr\u00f3k\u00e9 is. Teh\u00e1t m\u00edg Magyarorsz\u00e1gon \u00e9s Csehorsz\u00e1gban a nagy c\u00e9gek n\u00f6vekv\u0151 dominanci\u00e1ja figyelhet\u0151 meg a feldolgoz\u00f3iparban, addig a lengyel feldolgoz\u00f3ipart a kis c\u00e9gek t\u00e9rh\u00f3d\u00edt\u00e1sa jellemzi. Ezt egy\u00e9bk\u00e9nt a magyar fogyaszt\u00f3 is \u00e9rz\u00e9kelheti, hiszen a lengyel h\u00e1ztart\u00e1si feldolgoz\u00f3ipari term\u00e9kek sz\u00e9les v\u00e1laszt\u00e9ka kaphat\u00f3 a magyar piacon. Ezek a tendenci\u00e1k a lengyel gazdas\u00e1g dinamizmus\u00e1t, soksz\u00edn\u0171s\u00e9g\u00e9t \u00e9s ennek k\u00f6vetkezt\u00e9ben v\u00e1ls\u00e1g\u00e1ll\u00f3 k\u00e9pess\u00e9g\u00e9nek er\u0151s\u00f6d\u00e9s\u00e9t \u00e9rz\u00e9keltetik.<\/p>\n<div id=\"attachment_1671808\" style=\"width: 1410px\" class=\"wp-caption aligncenter\"><img loading=\"lazy\" decoding=\"async\" class=\"size-full wp-image-1671808\" src=\"https:\/\/super-news.info\/hu\/wp-content\/uploads\/sites\/3\/2019\/08\/1565024815_543_Cegdemografia-szuletes-megszunes-Vilaggazdasag.jpg\" alt=\"\" width=\"1400\" height=\"829\"  \/><\/p>\n<p class=\"wp-caption-text\">Fot\u00f3: B\u00e9k\u00e9s Megyei H\u00edrlap \/ Lehoczky P\u00e9ter (Illusztr\u00e1ci\u00f3)<\/p>\n<\/div>\n<p>Ha az \u00faj \u00e9s a megsz\u0171nt c\u00e9gek sz\u00e1m\u00e1nak alakul\u00e1s\u00e1t n\u00e9zz\u00fck, az alap\u00edt\u00e1sok tekintet\u00e9ben a feldolgoz\u00f3ipar dinamik\u00e1ja Magyarorsz\u00e1gon stagn\u00e1l, Szlov\u00e1ki\u00e1ban \u00e9s Csehorsz\u00e1gban n\u0151, Lengyelorsz\u00e1gban pedig kiss\u00e9 cs\u00f6kken. A konkr\u00e9t \u00e9rt\u00e9keket a n\u00e9pess\u00e9gsz\u00e1m k\u00fcl\u00f6nbs\u00e9ge miatt a teljes id\u0151horizonton nem \u00e9rdemes \u00f6sszehasonl\u00edtani. Fontos adat viszont, hogy a 2016-os \u00e9vben a t\u00edzezer lakosra jut\u00f3 \u00faj c\u00e9gek sz\u00e1ma a feldolgoz\u00f3iparban \u00e9s a teljes gazdas\u00e1gban egyar\u00e1nt Magyarorsz\u00e1gon volt a legalacsonyabb. A megsz\u0171nt c\u00e9gek sz\u00e1ma a feldolgoz\u00f3iparban Magyarorsz\u00e1gon 2016-ra cs\u00f6kkent, a t\u00f6bbi orsz\u00e1gban n\u0151tt. Ez esetben is fontosabb adat a lakoss\u00e1g sz\u00e1m\u00e1hoz viszony\u00edtott \u00e9rt\u00e9k, a teljes gazdas\u00e1gban \u00e9s a feldolgoz\u00f3iparban egyar\u00e1nt Magyarorsz\u00e1gon sz\u0171nt meg a legt\u00f6bb c\u00e9g.<\/p>\n<p><img loading=\"lazy\" decoding=\"async\" class=\"alignright wp-image-1671805 size-medium\" src=\"https:\/\/super-news.info\/hu\/wp-content\/uploads\/sites\/3\/2019\/08\/1565024815_306_Cegdemografia-szuletes-megszunes-Vilaggazdasag.jpg\" alt=\"\" width=\"300\" height=\"139\"  \/>M\u00e9ret szerinti bont\u00e1sban viszont az eg\u00e9szen kicsi, nulla f\u0151t alkalmaz\u00f3 c\u00e9gek k\u00f6r\u00e9ben Magyarorsz\u00e1gon \u00e9s Csehorsz\u00e1gban sz\u0171nt meg t\u00f6bb c\u00e9g, mint amennyi l\u00e9trej\u00f6tt. Az egy\u2013n\u00e9gy f\u0151t alkalmaz\u00f3 mikroc\u00e9gekn\u00e9l minden orsz\u00e1gban t\u00f6bb c\u00e9g j\u00f6tt l\u00e9tre, mint amennyi megsz\u0171nt. Kiugr\u00f3an j\u00f3 a lengyel adat: 81 325 \u00faj c\u00e9ggel szemben a megsz\u0171n\u00e9s csup\u00e1n 43 267. Vess\u00fcnk egy pillant\u00e1st egy tud\u00e1salap\u00fa szolg\u00e1ltat\u00f3\u00e1gazat, az infokommunik\u00e1ci\u00f3 ter\u00fclet\u00e9t jellemz\u0151 c\u00e9gek sz\u00fclet\u00e9si-megsz\u0171n\u00e9si adataira! Azt l\u00e1tjuk, hogy egyed\u00fcl Magyarorsz\u00e1gon sz\u0171nt meg 2016-ban a nulla \u00e9s az \u00f6t\u2013kilenc alkalmazottal m\u0171k\u00f6d\u0151 c\u00e9gek k\u00f6r\u00e9ben egyar\u00e1nt t\u00f6bb c\u00e9g, mint amennyi l\u00e9trej\u00f6tt. \u00d6sszess\u00e9g\u00e9ben azonban Magyarorsz\u00e1gon is meghaladja az \u00faj c\u00e9gek l\u00e9trej\u00f6tt\u00e9nek sz\u00e1ma a c\u00e9gmegsz\u0171n\u00e9sek\u00e9t. A megsz\u0171nt \u00e9s az \u00faj c\u00e9gek ar\u00e1nya Lengyelorsz\u00e1g ut\u00e1n Magyarorsz\u00e1gon a legkedvez\u0151bb (59 \u00e9s 69 sz\u00e1zal\u00e9k). \u00d6sszess\u00e9g\u00e9ben elmondhat\u00f3, hogy a kisebb c\u00e9gek szerepe \u00e1ltal\u00e1ban \u00e9s az infokommunik\u00e1ci\u00f3 ter\u00fclet\u00e9n is Lengyelorsz\u00e1gban a legnagyobb.<\/p>\n<p><img loading=\"lazy\" decoding=\"async\" class=\"alignright wp-image-1671799 size-medium\" src=\"https:\/\/super-news.info\/hu\/wp-content\/uploads\/sites\/3\/2019\/08\/1565024815_745_Cegdemografia-szuletes-megszunes-Vilaggazdasag.jpg\" alt=\"\" width=\"300\" height=\"223\"  \/>A lakoss\u00e1g sz\u00e1m\u00e1t is figyelembe v\u00e9ve Magyarorsz\u00e1g az \u00faj c\u00e9gek tekintet\u00e9ben nem \u00e1ll j\u00f3l, az utols\u00f3 helyen van. Viszont a megsz\u0171nt c\u00e9gek vonatkoz\u00e1s\u00e1ban a legkedvez\u0151bb \u00e9rt\u00e9kek jellemzik. Ez egyben alacsonyabb dinamizmust, lass\u00fabb \u00e1talakul\u00e1st is \u00e9rz\u00e9keltethet, ami nem kedvez\u0151 egy gyorsan v\u00e1ltoz\u00f3 k\u00f6rnyezetben. Fontos lenne, hogy a gazdas\u00e1g alkalmazkod\u00f3k\u00e9pess\u00e9g\u00e9nek jav\u00edt\u00e1sa \u00e9rdek\u00e9ben, \u00e9s k\u00fcl\u00f6n\u00f6sen a nagy hozz\u00e1adott \u00e9rt\u00e9ket el\u0151\u00e1ll\u00edt\u00f3 ter\u00fcleteken n\u00f6vekedj\u00e9k az \u00faj, f\u0151leg a kis c\u00e9gek sz\u00e1ma. Ehhez b\u00e1tor\u00edt\u00f3, \u00f6szt\u00f6nz\u0151 k\u00f6rnyezetre \u00e9s t\u00f6bb tud\u00e1sbefektet\u00e9sre lenne sz\u00fcks\u00e9g.<\/p>\n<p>\u00a0<\/p>\n<\/p><\/div>\n<p><script>\n    window.fbAsyncInit = function() {\n        FB.init({\n            appId      : \"204760236815359\",\n            xfbml      : true,\n            version    : \"v2.12\"\n        });\n        FB.AppEvents.logPageView();\n    };<\/p>\n<p>    (function(d, s, id){\n        var js, fjs = d.getElementsByTagName(s)[0];\n        if (d.getElementById(id)) {return;}\n        js = d.createElement(s); js.id = id;\n        js.src = \"http:\/\/connect.facebook.net\/hu_HU\/sdk.js\";\n        fjs.parentNode.insertBefore(js, fjs);\n    }(document, \"script\", \"facebook-jssdk\"));\n<\/script><br \/>\n<br \/>[ad_2]<br \/>\n<br \/><a href=\"https:\/\/www.vg.hu\/velemeny\/elemzes\/cegdemografia-szuletes-megszunes-2-1671790\/\">Source link <\/a><\/p>\n","protected":false},"excerpt":{"rendered":"<p>[ad_1] Ahogy a t\u00e1rsadalom szempontj\u00e1b\u00f3l fontos adat, hogy mennyien sz\u00fcletnek \u00e9s mennyien halnak meg, \u00e9s ennek k\u00f6vetkezt\u00e9ben hogyan alakul a t\u00e1rsadalom korszerkezete, \u00e9ppen \u00fagy a c\u00e9gek eset\u00e9n is figyelemre \u00e9rdemes jellemz\u0151, hogy h\u00e1ny \u00faj c\u00e9g alakul \u00e9s mennyi sz\u0171nik meg. A c\u00e9gek sz\u00fclet\u00e9se \u00e9s megsz\u0171n\u00e9se k\u00fcl\u00f6n\u00f6sen a szakmai ter\u00fcletek ar\u00e1ny\u00e1nak v\u00e1ltoz\u00e1sa szempontj\u00e1b\u00f3l l\u00e9nyeges k\u00e9rd\u00e9s, mivel [&hellip;]<\/p>\n","protected":false},"author":2,"featured_media":7175,"comment_status":"open","ping_status":"open","sticky":false,"template":"","format":"standard","meta":{"footnotes":""},"categories":[1],"tags":[],"class_list":["post-7174","post","type-post","status-publish","format-standard","has-post-thumbnail","hentry","category-penzugyi-hirek"],"yoast_head":"<!-- This site is optimized with the Yoast SEO plugin v27.4 - https:\/\/yoast.com\/product\/yoast-seo-wordpress\/ -->\n<title>C\u00e9gdemogr\u00e1fia: sz\u00fclet\u00e9s, megsz\u0171n\u00e9s | Vil\u00e1ggazdas\u00e1g - Super News<\/title>\n<meta name=\"robots\" content=\"index, follow, max-snippet:-1, max-image-preview:large, max-video-preview:-1\" \/>\n<link rel=\"canonical\" href=\"https:\/\/super-news.info\/hu\/cegdemografia-szuletes-megszunes-vilaggazdasag\/\" \/>\n<meta property=\"og:locale\" content=\"hu_HU\" \/>\n<meta property=\"og:type\" content=\"article\" \/>\n<meta property=\"og:title\" content=\"C\u00e9gdemogr\u00e1fia: sz\u00fclet\u00e9s, megsz\u0171n\u00e9s | Vil\u00e1ggazdas\u00e1g - Super News\" \/>\n<meta property=\"og:description\" content=\"[ad_1] Ahogy a t\u00e1rsadalom szempontj\u00e1b\u00f3l fontos adat, hogy mennyien sz\u00fcletnek \u00e9s mennyien halnak meg, \u00e9s ennek k\u00f6vetkezt\u00e9ben hogyan alakul a t\u00e1rsadalom korszerkezete, \u00e9ppen \u00fagy a c\u00e9gek eset\u00e9n is figyelemre \u00e9rdemes jellemz\u0151, hogy h\u00e1ny \u00faj c\u00e9g alakul \u00e9s mennyi sz\u0171nik meg. A c\u00e9gek sz\u00fclet\u00e9se \u00e9s megsz\u0171n\u00e9se k\u00fcl\u00f6n\u00f6sen a szakmai ter\u00fcletek ar\u00e1ny\u00e1nak v\u00e1ltoz\u00e1sa szempontj\u00e1b\u00f3l l\u00e9nyeges k\u00e9rd\u00e9s, mivel [&hellip;]\" \/>\n<meta property=\"og:url\" content=\"https:\/\/super-news.info\/hu\/cegdemografia-szuletes-megszunes-vilaggazdasag\/\" \/>\n<meta property=\"og:site_name\" content=\"Super News\" \/>\n<meta property=\"article:published_time\" content=\"2019-08-05T17:06:56+00:00\" \/>\n<meta property=\"og:image\" content=\"https:\/\/super-news.info\/hu\/wp-content\/uploads\/sites\/3\/2019\/08\/C\u00e9gdemogr\u00e1fia-sz\u00fclet\u00e9s-megsz\u0171n\u00e9s-Vil\u00e1ggazdas\u00e1g.jpg\" \/>\n\t<meta property=\"og:image:width\" content=\"300\" \/>\n\t<meta property=\"og:image:height\" content=\"155\" \/>\n\t<meta property=\"og:image:type\" content=\"image\/jpeg\" \/>\n<meta name=\"author\" content=\"super-news\" \/>\n<meta name=\"twitter:card\" content=\"summary_large_image\" \/>\n<meta name=\"twitter:label1\" content=\"Szerz\u0151:\" \/>\n\t<meta name=\"twitter:data1\" content=\"super-news\" \/>\n\t<meta name=\"twitter:label2\" content=\"Becs\u00fclt olvas\u00e1si id\u0151\" \/>\n\t<meta name=\"twitter:data2\" content=\"4 perc\" \/>\n<script type=\"application\/ld+json\" class=\"yoast-schema-graph\">{\"@context\":\"https:\\\/\\\/schema.org\",\"@graph\":[{\"@type\":\"Article\",\"@id\":\"https:\\\/\\\/super-news.info\\\/hu\\\/cegdemografia-szuletes-megszunes-vilaggazdasag\\\/#article\",\"isPartOf\":{\"@id\":\"https:\\\/\\\/super-news.info\\\/hu\\\/cegdemografia-szuletes-megszunes-vilaggazdasag\\\/\"},\"author\":{\"name\":\"super-news\",\"@id\":\"https:\\\/\\\/super-news.info\\\/hu\\\/#\\\/schema\\\/person\\\/2d4068cb2f39cd10008c2fce578a7356\"},\"headline\":\"C\u00e9gdemogr\u00e1fia: sz\u00fclet\u00e9s, megsz\u0171n\u00e9s | Vil\u00e1ggazdas\u00e1g\",\"datePublished\":\"2019-08-05T17:06:56+00:00\",\"mainEntityOfPage\":{\"@id\":\"https:\\\/\\\/super-news.info\\\/hu\\\/cegdemografia-szuletes-megszunes-vilaggazdasag\\\/\"},\"wordCount\":838,\"commentCount\":0,\"image\":{\"@id\":\"https:\\\/\\\/super-news.info\\\/hu\\\/cegdemografia-szuletes-megszunes-vilaggazdasag\\\/#primaryimage\"},\"thumbnailUrl\":\"https:\\\/\\\/super-news.info\\\/hu\\\/wp-content\\\/uploads\\\/sites\\\/3\\\/2019\\\/08\\\/C\u00e9gdemogr\u00e1fia-sz\u00fclet\u00e9s-megsz\u0171n\u00e9s-Vil\u00e1ggazdas\u00e1g.jpg\",\"articleSection\":[\"P\u00c9NZ\u00dcGYI H\u00cdREK\"],\"inLanguage\":\"hu\",\"potentialAction\":[{\"@type\":\"CommentAction\",\"name\":\"Comment\",\"target\":[\"https:\\\/\\\/super-news.info\\\/hu\\\/cegdemografia-szuletes-megszunes-vilaggazdasag\\\/#respond\"]}]},{\"@type\":\"WebPage\",\"@id\":\"https:\\\/\\\/super-news.info\\\/hu\\\/cegdemografia-szuletes-megszunes-vilaggazdasag\\\/\",\"url\":\"https:\\\/\\\/super-news.info\\\/hu\\\/cegdemografia-szuletes-megszunes-vilaggazdasag\\\/\",\"name\":\"C\u00e9gdemogr\u00e1fia: sz\u00fclet\u00e9s, megsz\u0171n\u00e9s | Vil\u00e1ggazdas\u00e1g - Super News\",\"isPartOf\":{\"@id\":\"https:\\\/\\\/super-news.info\\\/hu\\\/#website\"},\"primaryImageOfPage\":{\"@id\":\"https:\\\/\\\/super-news.info\\\/hu\\\/cegdemografia-szuletes-megszunes-vilaggazdasag\\\/#primaryimage\"},\"image\":{\"@id\":\"https:\\\/\\\/super-news.info\\\/hu\\\/cegdemografia-szuletes-megszunes-vilaggazdasag\\\/#primaryimage\"},\"thumbnailUrl\":\"https:\\\/\\\/super-news.info\\\/hu\\\/wp-content\\\/uploads\\\/sites\\\/3\\\/2019\\\/08\\\/C\u00e9gdemogr\u00e1fia-sz\u00fclet\u00e9s-megsz\u0171n\u00e9s-Vil\u00e1ggazdas\u00e1g.jpg\",\"datePublished\":\"2019-08-05T17:06:56+00:00\",\"author\":{\"@id\":\"https:\\\/\\\/super-news.info\\\/hu\\\/#\\\/schema\\\/person\\\/2d4068cb2f39cd10008c2fce578a7356\"},\"breadcrumb\":{\"@id\":\"https:\\\/\\\/super-news.info\\\/hu\\\/cegdemografia-szuletes-megszunes-vilaggazdasag\\\/#breadcrumb\"},\"inLanguage\":\"hu\",\"potentialAction\":[{\"@type\":\"ReadAction\",\"target\":[\"https:\\\/\\\/super-news.info\\\/hu\\\/cegdemografia-szuletes-megszunes-vilaggazdasag\\\/\"]}]},{\"@type\":\"ImageObject\",\"inLanguage\":\"hu\",\"@id\":\"https:\\\/\\\/super-news.info\\\/hu\\\/cegdemografia-szuletes-megszunes-vilaggazdasag\\\/#primaryimage\",\"url\":\"https:\\\/\\\/super-news.info\\\/hu\\\/wp-content\\\/uploads\\\/sites\\\/3\\\/2019\\\/08\\\/C\u00e9gdemogr\u00e1fia-sz\u00fclet\u00e9s-megsz\u0171n\u00e9s-Vil\u00e1ggazdas\u00e1g.jpg\",\"contentUrl\":\"https:\\\/\\\/super-news.info\\\/hu\\\/wp-content\\\/uploads\\\/sites\\\/3\\\/2019\\\/08\\\/C\u00e9gdemogr\u00e1fia-sz\u00fclet\u00e9s-megsz\u0171n\u00e9s-Vil\u00e1ggazdas\u00e1g.jpg\",\"width\":300,\"height\":155,\"caption\":\"C\u00e9gdemogr\u00e1fia: sz\u00fclet\u00e9s, megsz\u0171n\u00e9s | Vil\u00e1ggazdas\u00e1g\"},{\"@type\":\"BreadcrumbList\",\"@id\":\"https:\\\/\\\/super-news.info\\\/hu\\\/cegdemografia-szuletes-megszunes-vilaggazdasag\\\/#breadcrumb\",\"itemListElement\":[{\"@type\":\"ListItem\",\"position\":1,\"name\":\"\u0413\u043b\u0430\u0432\u043d\u0430\u044f \u0441\u0442\u0440\u0430\u043d\u0438\u0446\u0430\",\"item\":\"https:\\\/\\\/super-news.info\\\/hu\\\/\"},{\"@type\":\"ListItem\",\"position\":2,\"name\":\"C\u00e9gdemogr\u00e1fia: sz\u00fclet\u00e9s, megsz\u0171n\u00e9s | Vil\u00e1ggazdas\u00e1g\"}]},{\"@type\":\"WebSite\",\"@id\":\"https:\\\/\\\/super-news.info\\\/hu\\\/#website\",\"url\":\"https:\\\/\\\/super-news.info\\\/hu\\\/\",\"name\":\"Super News\",\"description\":\"Super News Magyarorsz\u00e1g\",\"potentialAction\":[{\"@type\":\"SearchAction\",\"target\":{\"@type\":\"EntryPoint\",\"urlTemplate\":\"https:\\\/\\\/super-news.info\\\/hu\\\/?s={search_term_string}\"},\"query-input\":{\"@type\":\"PropertyValueSpecification\",\"valueRequired\":true,\"valueName\":\"search_term_string\"}}],\"inLanguage\":\"hu\"},{\"@type\":\"Person\",\"@id\":\"https:\\\/\\\/super-news.info\\\/hu\\\/#\\\/schema\\\/person\\\/2d4068cb2f39cd10008c2fce578a7356\",\"name\":\"super-news\",\"image\":{\"@type\":\"ImageObject\",\"inLanguage\":\"hu\",\"@id\":\"https:\\\/\\\/secure.gravatar.com\\\/avatar\\\/64ebac40b93f26a154f8a9b5b6fdccfc46f442b26b3dd6756dbff3bf9dc76fd7?s=96&d=mm&r=g\",\"url\":\"https:\\\/\\\/secure.gravatar.com\\\/avatar\\\/64ebac40b93f26a154f8a9b5b6fdccfc46f442b26b3dd6756dbff3bf9dc76fd7?s=96&d=mm&r=g\",\"contentUrl\":\"https:\\\/\\\/secure.gravatar.com\\\/avatar\\\/64ebac40b93f26a154f8a9b5b6fdccfc46f442b26b3dd6756dbff3bf9dc76fd7?s=96&d=mm&r=g\",\"caption\":\"super-news\"},\"url\":\"https:\\\/\\\/super-news.info\\\/hu\\\/author\\\/pt\\\/\"}]}<\/script>\n<!-- \/ Yoast SEO plugin. -->","yoast_head_json":{"title":"C\u00e9gdemogr\u00e1fia: sz\u00fclet\u00e9s, megsz\u0171n\u00e9s | Vil\u00e1ggazdas\u00e1g - Super News","robots":{"index":"index","follow":"follow","max-snippet":"max-snippet:-1","max-image-preview":"max-image-preview:large","max-video-preview":"max-video-preview:-1"},"canonical":"https:\/\/super-news.info\/hu\/cegdemografia-szuletes-megszunes-vilaggazdasag\/","og_locale":"hu_HU","og_type":"article","og_title":"C\u00e9gdemogr\u00e1fia: sz\u00fclet\u00e9s, megsz\u0171n\u00e9s | Vil\u00e1ggazdas\u00e1g - Super News","og_description":"[ad_1] Ahogy a t\u00e1rsadalom szempontj\u00e1b\u00f3l fontos adat, hogy mennyien sz\u00fcletnek \u00e9s mennyien halnak meg, \u00e9s ennek k\u00f6vetkezt\u00e9ben hogyan alakul a t\u00e1rsadalom korszerkezete, \u00e9ppen \u00fagy a c\u00e9gek eset\u00e9n is figyelemre \u00e9rdemes jellemz\u0151, hogy h\u00e1ny \u00faj c\u00e9g alakul \u00e9s mennyi sz\u0171nik meg. A c\u00e9gek sz\u00fclet\u00e9se \u00e9s megsz\u0171n\u00e9se k\u00fcl\u00f6n\u00f6sen a szakmai ter\u00fcletek ar\u00e1ny\u00e1nak v\u00e1ltoz\u00e1sa szempontj\u00e1b\u00f3l l\u00e9nyeges k\u00e9rd\u00e9s, mivel [&hellip;]","og_url":"https:\/\/super-news.info\/hu\/cegdemografia-szuletes-megszunes-vilaggazdasag\/","og_site_name":"Super News","article_published_time":"2019-08-05T17:06:56+00:00","og_image":[{"width":300,"height":155,"url":"https:\/\/super-news.info\/hu\/wp-content\/uploads\/sites\/3\/2019\/08\/C\u00e9gdemogr\u00e1fia-sz\u00fclet\u00e9s-megsz\u0171n\u00e9s-Vil\u00e1ggazdas\u00e1g.jpg","type":"image\/jpeg"}],"author":"super-news","twitter_card":"summary_large_image","twitter_misc":{"Szerz\u0151:":"super-news","Becs\u00fclt olvas\u00e1si id\u0151":"4 perc"},"schema":{"@context":"https:\/\/schema.org","@graph":[{"@type":"Article","@id":"https:\/\/super-news.info\/hu\/cegdemografia-szuletes-megszunes-vilaggazdasag\/#article","isPartOf":{"@id":"https:\/\/super-news.info\/hu\/cegdemografia-szuletes-megszunes-vilaggazdasag\/"},"author":{"name":"super-news","@id":"https:\/\/super-news.info\/hu\/#\/schema\/person\/2d4068cb2f39cd10008c2fce578a7356"},"headline":"C\u00e9gdemogr\u00e1fia: sz\u00fclet\u00e9s, megsz\u0171n\u00e9s | Vil\u00e1ggazdas\u00e1g","datePublished":"2019-08-05T17:06:56+00:00","mainEntityOfPage":{"@id":"https:\/\/super-news.info\/hu\/cegdemografia-szuletes-megszunes-vilaggazdasag\/"},"wordCount":838,"commentCount":0,"image":{"@id":"https:\/\/super-news.info\/hu\/cegdemografia-szuletes-megszunes-vilaggazdasag\/#primaryimage"},"thumbnailUrl":"https:\/\/super-news.info\/hu\/wp-content\/uploads\/sites\/3\/2019\/08\/C\u00e9gdemogr\u00e1fia-sz\u00fclet\u00e9s-megsz\u0171n\u00e9s-Vil\u00e1ggazdas\u00e1g.jpg","articleSection":["P\u00c9NZ\u00dcGYI H\u00cdREK"],"inLanguage":"hu","potentialAction":[{"@type":"CommentAction","name":"Comment","target":["https:\/\/super-news.info\/hu\/cegdemografia-szuletes-megszunes-vilaggazdasag\/#respond"]}]},{"@type":"WebPage","@id":"https:\/\/super-news.info\/hu\/cegdemografia-szuletes-megszunes-vilaggazdasag\/","url":"https:\/\/super-news.info\/hu\/cegdemografia-szuletes-megszunes-vilaggazdasag\/","name":"C\u00e9gdemogr\u00e1fia: sz\u00fclet\u00e9s, megsz\u0171n\u00e9s | Vil\u00e1ggazdas\u00e1g - Super News","isPartOf":{"@id":"https:\/\/super-news.info\/hu\/#website"},"primaryImageOfPage":{"@id":"https:\/\/super-news.info\/hu\/cegdemografia-szuletes-megszunes-vilaggazdasag\/#primaryimage"},"image":{"@id":"https:\/\/super-news.info\/hu\/cegdemografia-szuletes-megszunes-vilaggazdasag\/#primaryimage"},"thumbnailUrl":"https:\/\/super-news.info\/hu\/wp-content\/uploads\/sites\/3\/2019\/08\/C\u00e9gdemogr\u00e1fia-sz\u00fclet\u00e9s-megsz\u0171n\u00e9s-Vil\u00e1ggazdas\u00e1g.jpg","datePublished":"2019-08-05T17:06:56+00:00","author":{"@id":"https:\/\/super-news.info\/hu\/#\/schema\/person\/2d4068cb2f39cd10008c2fce578a7356"},"breadcrumb":{"@id":"https:\/\/super-news.info\/hu\/cegdemografia-szuletes-megszunes-vilaggazdasag\/#breadcrumb"},"inLanguage":"hu","potentialAction":[{"@type":"ReadAction","target":["https:\/\/super-news.info\/hu\/cegdemografia-szuletes-megszunes-vilaggazdasag\/"]}]},{"@type":"ImageObject","inLanguage":"hu","@id":"https:\/\/super-news.info\/hu\/cegdemografia-szuletes-megszunes-vilaggazdasag\/#primaryimage","url":"https:\/\/super-news.info\/hu\/wp-content\/uploads\/sites\/3\/2019\/08\/C\u00e9gdemogr\u00e1fia-sz\u00fclet\u00e9s-megsz\u0171n\u00e9s-Vil\u00e1ggazdas\u00e1g.jpg","contentUrl":"https:\/\/super-news.info\/hu\/wp-content\/uploads\/sites\/3\/2019\/08\/C\u00e9gdemogr\u00e1fia-sz\u00fclet\u00e9s-megsz\u0171n\u00e9s-Vil\u00e1ggazdas\u00e1g.jpg","width":300,"height":155,"caption":"C\u00e9gdemogr\u00e1fia: sz\u00fclet\u00e9s, megsz\u0171n\u00e9s | Vil\u00e1ggazdas\u00e1g"},{"@type":"BreadcrumbList","@id":"https:\/\/super-news.info\/hu\/cegdemografia-szuletes-megszunes-vilaggazdasag\/#breadcrumb","itemListElement":[{"@type":"ListItem","position":1,"name":"\u0413\u043b\u0430\u0432\u043d\u0430\u044f \u0441\u0442\u0440\u0430\u043d\u0438\u0446\u0430","item":"https:\/\/super-news.info\/hu\/"},{"@type":"ListItem","position":2,"name":"C\u00e9gdemogr\u00e1fia: sz\u00fclet\u00e9s, megsz\u0171n\u00e9s | Vil\u00e1ggazdas\u00e1g"}]},{"@type":"WebSite","@id":"https:\/\/super-news.info\/hu\/#website","url":"https:\/\/super-news.info\/hu\/","name":"Super News","description":"Super News Magyarorsz\u00e1g","potentialAction":[{"@type":"SearchAction","target":{"@type":"EntryPoint","urlTemplate":"https:\/\/super-news.info\/hu\/?s={search_term_string}"},"query-input":{"@type":"PropertyValueSpecification","valueRequired":true,"valueName":"search_term_string"}}],"inLanguage":"hu"},{"@type":"Person","@id":"https:\/\/super-news.info\/hu\/#\/schema\/person\/2d4068cb2f39cd10008c2fce578a7356","name":"super-news","image":{"@type":"ImageObject","inLanguage":"hu","@id":"https:\/\/secure.gravatar.com\/avatar\/64ebac40b93f26a154f8a9b5b6fdccfc46f442b26b3dd6756dbff3bf9dc76fd7?s=96&d=mm&r=g","url":"https:\/\/secure.gravatar.com\/avatar\/64ebac40b93f26a154f8a9b5b6fdccfc46f442b26b3dd6756dbff3bf9dc76fd7?s=96&d=mm&r=g","contentUrl":"https:\/\/secure.gravatar.com\/avatar\/64ebac40b93f26a154f8a9b5b6fdccfc46f442b26b3dd6756dbff3bf9dc76fd7?s=96&d=mm&r=g","caption":"super-news"},"url":"https:\/\/super-news.info\/hu\/author\/pt\/"}]}},"_links":{"self":[{"href":"https:\/\/super-news.info\/hu\/wp-json\/wp\/v2\/posts\/7174","targetHints":{"allow":["GET"]}}],"collection":[{"href":"https:\/\/super-news.info\/hu\/wp-json\/wp\/v2\/posts"}],"about":[{"href":"https:\/\/super-news.info\/hu\/wp-json\/wp\/v2\/types\/post"}],"author":[{"embeddable":true,"href":"https:\/\/super-news.info\/hu\/wp-json\/wp\/v2\/users\/2"}],"replies":[{"embeddable":true,"href":"https:\/\/super-news.info\/hu\/wp-json\/wp\/v2\/comments?post=7174"}],"version-history":[{"count":1,"href":"https:\/\/super-news.info\/hu\/wp-json\/wp\/v2\/posts\/7174\/revisions"}],"predecessor-version":[{"id":7176,"href":"https:\/\/super-news.info\/hu\/wp-json\/wp\/v2\/posts\/7174\/revisions\/7176"}],"wp:featuredmedia":[{"embeddable":true,"href":"https:\/\/super-news.info\/hu\/wp-json\/wp\/v2\/media\/7175"}],"wp:attachment":[{"href":"https:\/\/super-news.info\/hu\/wp-json\/wp\/v2\/media?parent=7174"}],"wp:term":[{"taxonomy":"category","embeddable":true,"href":"https:\/\/super-news.info\/hu\/wp-json\/wp\/v2\/categories?post=7174"},{"taxonomy":"post_tag","embeddable":true,"href":"https:\/\/super-news.info\/hu\/wp-json\/wp\/v2\/tags?post=7174"}],"curies":[{"name":"wp","href":"https:\/\/api.w.org\/{rel}","templated":true}]}}