{"id":7168,"date":"2019-08-05T18:19:48","date_gmt":"2019-08-05T15:19:48","guid":{"rendered":"https:\/\/super-news.info\/hu\/nincs-ok-amellyel-igazolni-lehet-artatlan-emberek-legyilkolasat\/"},"modified":"2019-08-05T18:19:49","modified_gmt":"2019-08-05T15:19:49","slug":"nincs-ok-amellyel-igazolni-lehet-artatlan-emberek-legyilkolasat","status":"publish","type":"post","link":"https:\/\/super-news.info\/hu\/nincs-ok-amellyel-igazolni-lehet-artatlan-emberek-legyilkolasat\/","title":{"rendered":"\u201eNincs ok, amellyel igazolni lehet \u00e1rtatlan emberek legyilkol\u00e1s\u00e1t\u201d"},"content":{"rendered":"<p> [ad_1]<br \/>\n<\/p>\n<p>\n\t\t\t\t\t\t\t\tB\u00e1r minden m\u00e9sz\u00e1rl\u00e1st k\u00f6vet\u0151en el\u0151ker\u00fcl a t\u00e9ma, hogy szigor\u00edts\u00e1k-e a fegyver-v\u00e1s\u00e1rl\u00e1s felt\u00e9teleit, a lobbist\u00e1k cs\u00edr\u00e1j\u00e1ban elfojtj\u00e1k.\t\t\t\t\t\t\t<\/p>\n<div>\n<blockquote>\n<p>Fegyver\u00fcnkkel \u00e9s egy s\u00f6rrel a kez\u00fcnkben s\u00e9t\u00e1lgatunk egy kaszin\u00f3ban, majd ha m\u00e1r unjuk a rulettet, tov\u00e1bb \u00e1llunk egy b\u00e1rba, ahol kik\u00e9r\u00fcnk m\u00e9g egy italt. J\u00f3l \u00e9rezz\u00fck magunkat amerikaik\u00e9nt<\/p>\n<\/blockquote>\n<p>\u2013 ezen sorok nem egy k\u00e9pzelt riport r\u00e9szletei, hanem a val\u00f3s\u00e1g. Az amerikai Nevad\u00e1ban ugyanis olyan laz\u00e1k a fegyvertart\u00e1si szab\u00e1lyok, hogy minden akad\u00e1ly n\u00e9lk\u00fcl megtehetj\u00fck ezt, s\u0151t a megfelel\u0151 sz\u00f6vets\u00e9gi t\u00f6rv\u00e9nyek betart\u00e1s\u00e1val m\u00e9g ak\u00e1r g\u00e9ppusk\u00e1ra is szert tehet\u00fcnk. P\u00e9ld\u00e1ul egy AK\u201347-esre, vagy k\u00f6zismert nev\u00e9n Kalaskinyokvra. A g\u00e9pkarab\u00e9lyt\u00edpus elm\u00e9leti t\u0171zgyorsas\u00e1ga 600 l\u00f6v\u00e9s percenk\u00e9nt, a gyakorlatban ez 100 l\u00f6v\u00e9st jelent sorozatra \u00e1ll\u00edtva a 30 t\u00f6lt\u00e9nyes szekr\u00e9nyt\u00e1rb\u00f3l.<\/p>\n<p>Egy ilyen fegyvert v\u00e1s\u00e1rolt j\u00falius 9-\u00e9n teljesen leg\u00e1lisan a 19 \u00e9ves Santino William Legan, hogy a kaliforniai Gilroy v\u00e1ros egyik n\u00e9pszer\u0171 fesztiv\u00e1lj\u00e1n gyilkolhasson. Legan a szemtan\u00fak szerint \u00e1tlagos fick\u00f3nak t\u0171nt, a Big Mikes nev\u0171 fegyverbolt tulajdonosa, aki eladta neki a fegyvert egyenesen boldognak \u00edrta le a f\u00e9rfit, ez\u00e9rt meg sem fordult a fej\u00e9ben, hogy megtagadja t\u0151le a v\u00e1s\u00e1rl\u00e1st Nevad\u00e1ban. A kaliforniai csal\u00e1di rendezv\u00e9nyre m\u00e1r illeg\u00e1lisan vitte a Kalasnyikovot, r\u00e9v\u00e9n abban az \u00e1llamban szigor\u00fabbak a fegyvertart\u00e1si szab\u00e1lyok. A t\u00f6rt\u00e9net tov\u00e1bbi r\u00e9sze ismert,<\/p>\n<p>a h\u00e1rom hal\u00e1los \u00e1ldozat k\u00f6z\u00fcl kett\u0151 gyermek, a m\u00e9sz\u00e1rl\u00e1s okozta trauma pedig ki tudja, hogy meddig marad meg a t\u00fal\u00e9l\u0151kben.<\/p>\n<p>Az elm\u00falt h\u00e9t m\u00e9rlege lehangol\u00f3, az El Pas\u00f3ban \u00e9s Dayton\u00e1ban t\u00f6rt\u00e9nt t\u00f6megm\u00e9sz\u00e1rl\u00e1soknak harminc halottja \u00e9s t\u00f6bbtucatnyi s\u00e9r\u00fcltje van. A t\u00f6rt\u00e9ntek\u00e9rt a demokrata p\u00e1rti politikusok nekirontottak az amerikai eln\u00f6knek. \u201eNy\u00edltan rasszista, \u00e9s tov\u00e1bb sz\u00edtja a fajgy\u0171l\u00f6letet ebben az orsz\u00e1gban\u201d \u2013 mondta a republik\u00e1nus Donald Trumpr\u00f3l Beto O\u2019Rourke egykori k\u00e9pvisel\u0151, aki szerint Trump egy feh\u00e9r nacionalista \u00e9s nem tartja tiszteletben az amerikai t\u00e1rsadalom k\u00fcl\u00f6nb\u00f6z\u0151s\u00e9geit, valamint azt, hogy \u2013 mint O\u2019Rourke fogalmazott \u2013 valamennyi\u00fcnket egyenl\u0151nek teremtettek. Pete Buttigieg, az indianai South Bend v\u00e1ros polg\u00e1rmestere enn\u00e9l is tov\u00e1bb ment, a Fox telev\u00edzi\u00f3ban azt \u00e1ll\u00edtotta: a feh\u00e9r nacionalizmust korm\u00e1nyzatunk legfels\u0151bb szintjein megbocs\u00e1t\u00e1ssal kezelik. Buttigieg \u00fagy l\u00e1tja, az eln\u00f6ki retorika nagyban megegyezik a Ku Klux Klan fajgy\u0171l\u00f6l\u0151 szervezet volt vezet\u0151j\u00e9nek sz\u00f3nokiass\u00e1g\u00e1val.<\/p>\n<p>K\u00f6zben a Feh\u00e9r H\u00e1z hevesen c\u00e1fol, \u00e1ll\u00e1spontjuk szerint nincs sz\u00f3 arr\u00f3l, hogy Amerika els\u0151 embere lekicsinyli azt a fenyeget\u00e9st, amelyet a \u201efeh\u00e9r nacionalizmus\u201d jelent.<\/p>\n<div class=\"aframe aframe-half float-right clearfix\">\n<p><strong>Gy\u0171jt\u00e9s az elm\u00falt \u00e9vtizedek t\u00f6meggyilkoss\u00e1gaib\u00f3l (MTI)<\/strong><\/p>\n<p><strong><br \/>1966. augusztus 1.-<\/strong> A Texasi Egyetem egyik torny\u00e1b\u00f3l egy \u00e1mokfut\u00f3 t\u00f6bb mint egy \u00f3r\u00e1n \u00e1t l\u00f6v\u00f6ld\u00f6z\u00f6tt a j\u00e1r\u00f3kel\u0151kre, \u00e9s meg\u00f6lt 14 embert.<\/p>\n<p><strong>1991. okt\u00f3ber 16.-<\/strong> Egy munkan\u00e9lk\u00fcli f\u00e9rfi a texasi Killen v\u00e1ros\u00e1nak n\u00e9pszer\u0171 vend\u00e9gl\u0151j\u00e9ben 23 embert meggyilkolt, majd mag\u00e1val is v\u00e9gzett.<\/p>\n<p><strong>2012. j\u00falius 20. \u2013<\/strong> A Colorado \u00e1llambeli Aurora egyik mozij\u00e1ban egy Batman-film \u00e9jf\u00e9li premierj\u00e9n egy 27 \u00e9ves f\u00e9rfi 12 embert lel\u0151tt, 70-et pedig megsebes\u00edtett.<\/p>\n<p><strong>2012. december 14. \u2013<\/strong> A Connecticut sz\u00f6vets\u00e9gi \u00e1llambeli Newtownban egy 20 \u00e9ves f\u00e9rfi 26 embert, k\u00f6zt\u00fck 20 gyereket \u00f6lt meg egy iskol\u00e1ban. A t\u00e1mad\u00f3 v\u00e9g\u00fcl mag\u00e1val is v\u00e9gzett.<\/p>\n<p><strong>2016. j\u00fanius 12. \u2013<\/strong> A floridai Orlando egyik melegb\u00e1rj\u00e1ban egy g\u00e9ppusk\u00e1val felfegyverzett f\u00e9rfi 49 emberrel v\u00e9gzett \u00e9s 53-at sebes\u00edtett meg. A mag\u00e1t iszl\u00e1m harcosnak nevez\u0151 mer\u00e9nyl\u0151t a rend\u0151r\u00f6k lel\u0151tt\u00e9k.<\/p>\n<p><strong>2017. okt\u00f3ber 2. \u2013<\/strong> A nevadai Las Vegasban egy sz\u00e1lloda 32.<br \/>emelet\u00e9r\u0151l egy f\u00e9rfi t\u00fczet nyitott a hotel mellett rendezett countryfesztiv\u00e1l vend\u00e9geire: 58 ember meghalt, 851-en megsebes\u00fcltek. Az Egyes\u00fclt \u00c1llamok legv\u00e9resebb \u00e1mokfut\u00e1s\u00e1t elk\u00f6vet\u0151 f\u00e9rfi \u00f6ngyilkos lett miel\u0151tt a rend\u0151rs\u00e9g bejutott volna sz\u00e1llodai szob\u00e1j\u00e1ba.<\/p>\n<p><strong>2018. febru\u00e1r 14.<\/strong> \u2013 A floridai Parkland v\u00e1roska k\u00f6z\u00e9piskol\u00e1j\u00e1ban egy agressz\u00edv magatart\u00e1sa miatt kor\u00e1bban kicsapott 17 \u00e9ves di\u00e1k 17 embert m\u00e9sz\u00e1rolt le, 17-et megsebes\u00edtett. A tettest letart\u00f3ztatt\u00e1k.<\/p>\n<p><strong>2018. okt\u00f3ber 27.<\/strong> \u2013 Egy 46 \u00e9ves f\u00e9rfi 11 embert l\u0151tt le a pittsburghi \u00c9let F\u00e1ja Zsinag\u00f3g\u00e1ban. A t\u00e1mad\u00f3t a rend\u0151r\u00f6knek siker\u00fclt elfogni.<\/p>\n<p><strong>2018. november 8.<\/strong> \u2013 Tizenh\u00e1rom hal\u00e1los \u00e1ldozata volt a kaliforniai Thousand Oaks v\u00e1ros\u00e1ban t\u00f6rt\u00e9nt l\u00f6v\u00f6ld\u00f6z\u00e9snek, amelyben egy fegyveres f\u00e9rfi a Borderline Bar &amp; Grill nev\u0171 sz\u00f3rakoz\u00f3helyen t\u00fczet nyitott egy di\u00e1krendezv\u00e9ny r\u00e9sztvev\u0151ire.<\/p>\n<\/div>\n<p>\u201eNincs olyan ok, amellyel igazolni lehet \u00e1rtatlan emberek legyilkol\u00e1s\u00e1t, \u00e9s nincs \u00e9rte bocs\u00e1nat sem\u201d \u2013 \u00e1ll az eln\u00f6k vas\u00e1rnap k\u00f6zz\u00e9tett Twitteren \u00fczenet\u00e9ben. Trump ugyan azon a napon az \u00fajs\u00e1g\u00edr\u00f3k el\u00e9 is ki\u00e1llt, azt mondta, egyeztet az illet\u00e9kesekkel, hogy t\u00f6bbet ne t\u00f6rt\u00e9njen ilyen trag\u00e9dia. A \u201ebump stock\u201d fegyver-kieg\u00e9sz\u00edt\u0151k tilalm\u00e1t m\u00e1r el is rendelt\u00e9k. Ezek olyan rug\u00f3s v\u00e1llt\u00e1maszok, amelyekkel ha fel van szerelve a fegyver, gyorsabban lehet sorozatot leadni. Eml\u00e9kezz\u00fcnk, a Gilroy-i esetn\u00e9l azt mes\u00e9lt\u00e9k, akik ott voltak, hogy a 19 \u00e9ves elk\u00f6vet\u0151 \u201ejobbr\u00f3l balra\u201d h\u00fazkodta fegyver\u00e9t, mintegy kasz\u00e1lva l\u0151tt az ott l\u00e9v\u0151kre. A korl\u00e1toz\u00e1s hasznos \u00e9s sz\u00fcks\u00e9gszer\u0171.<\/p>\n<blockquote>\n<p>Azt viszont sehol nem l\u00e1ttuk, hogy a trigger crank-et is \u00e9rinti a tilt\u00e1s.<\/p>\n<\/blockquote>\n<p>A nagyj\u00e1b\u00f3l 20 ezer forintnak megfelel\u0151 \u00f6sszeg\u00e9rt beszerezhet\u0151 \u201eels\u00fct\u0151billenty\u0171-forgatty\u00fa\u201d forgat\u00e1sonk\u00e9nt h\u00e1romszor s\u00fcti el a fegyvert. Sz\u00f6vets\u00e9gi enged\u00e9ly n\u00e9lk\u00fcl lehet a f\u00e9lautomat\u00e1b\u00f3l automata fegyver\u00fcnk. Ilyen kieg\u00e9sz\u00edt\u0151t haszn\u00e1lhatott Stephen Paddock, amikor 2017. okt\u00f3ber 1-\u00e9n \u00e9jszaka t\u00fczet nyitott a Mandalay Bay Hotel \u00e9s Kaszin\u00f3 32. emelet\u00e9r\u0151l egy k\u00f6zeli szabadt\u00e9ri koncert r\u00e9szvev\u0151ire. 59 ember halt meg. A 64 \u00e9ves nyugd\u00edjas elk\u00f6vet\u0151, aki a t\u00e1mad\u00e1s el\u0151tt k\u00f6nyvel\u0151k\u00e9nt dolgozott \u00e9s a t\u00f6rv\u00e9nnyel semmilyen \u00f6sszet\u0171z\u00e9se nem volt \u00f6ngyilkos lett.<\/p>\n<p>Tavaly 1 milli\u00e1rd 508 milli\u00f3 doll\u00e1r folyt be a fegyver\u00e9rt\u00e9kes\u00edt\u00e9sb\u0151l az Egyes\u00fclt \u00c1llamokban, az azt megel\u0151z\u0151 \u00e9vben ez m\u00e9g magasabb volt, meghaladta az 1,2 milli\u00e1rdot \u2013 olvashat\u00f3 ki a Trading Economics adataib\u00f3l. Pozit\u00edv rekord az 1998-as \u00e9v, akkor t\u00f6bb mint 1,5 milli\u00e1rd\u00e9rt adtak el fegyvert leg\u00e1lisan. A feketepiac szint\u00e9n hatalmas profitot gener\u00e1l, noha nem az \u00e1llamnak.<\/p>\n<p>Az \u00fagynevezett terrorizmus index (ezzel m\u00e9rik a terrorista t\u00e1mad\u00e1sok el\u0151fordul\u00e1s\u00e1nak es\u00e9ly\u00e9t polg\u00e1ri \u00e9s katonai c\u00e9lpontok ellen) nem \u00e1ll \u00f6sszef\u00fcgg\u00e9sben az elad\u00e1sok nagys\u00e1g\u00e1val, hiszen 2018-ban 6,07, 2017-ben 5,45 volt ez a mutat\u00f3. Nagyj\u00e1b\u00f3l 265 milli\u00f3 l\u0151fegyver van forgalomban Amerik\u00e1ban, ami 55 milli\u00f3 \u00e1llampolg\u00e1r kez\u00e9ben koncentr\u00e1l\u00f3dik. Egy 2015-ben k\u00e9sz\u00fclt, a Harvard \u00e9s a Northwestern Egyetem nev\u00e9hez k\u00f6thet\u0151 \u00e1tfog\u00f3 kutat\u00e1sb\u00f3l az der\u00fclt ki, hogy a tulajdonosok<\/p>\n<ul>\n<li>fele egy vagy k\u00e9t l\u0151fegyvert birtokol, \u00e9s hasonl\u00f3 sz\u00e1mban vannak azok, akiknek legfeljebb h\u00e1rom fegyver\u00fck van;<\/li>\n<li>a tipikus fegyverbirtokl\u00f3 feh\u00e9r, nem nagyv\u00e1rosban \u00e9l\u0151, konzervat\u00edv f\u00e9rfi.<\/li>\n<li>A konzervat\u00edvok 30 sz\u00e1zal\u00e9ka mondja mag\u00e1t tulajdonosnak, ugyanez az ar\u00e1ny a liber\u00e1lisok k\u00f6r\u00e9ben csak 14 sz\u00e1zal\u00e9k.<\/li>\n<\/ul>\n<p>Sorolni is neh\u00e9z, hogy az elm\u00falt \u00e9vekben h\u00e1ny iskolai v\u00e9rengz\u00e9st, bev\u00e1s\u00e1rl\u00f3k\u00f6zpontokban v\u00e9grehajtott fegyveres t\u00e1mad\u00e1st hajtottak v\u00e9gre k\u00fcl\u00f6nb\u00f6z\u0151 ind\u00edt\u00e9kkal, vall\u00e1si, etnikai okokb\u00f3l, vagy bossz\u00fat\u00f3l vez\u00e9relve k\u00fcl\u00f6nf\u00e9le, t\u00f6bbnyire automata fegyverekkel. Egy egy v\u00e9res esem\u00e9ny ut\u00e1n a t\u00fcntet\u00e9sek mellett mindig felj\u00f6n a fegyver-v\u00e1s\u00e1rl\u00e1s felt\u00e9teleinek szigor\u00edt\u00e1sa,<\/p>\n<p>de ezekb\u0151l t\u00f6rv\u00e9nyi szinten azt\u00e1n nem lesz semmi, elsikkadnak.<\/p>\n<p>Ennek egyik legf\u0151bb oka a fegyverlobbi \u00e9s annak megker\u00fclhetetlen szerepl\u0151je a Nemzeti L\u0151fegyversz\u00f6vets\u00e9g, ami Trump v\u00e1laszt\u00e1si kamp\u00e1ny\u00e1ra 2017-ben t\u00f6bb mint 20 milli\u00f3 doll\u00e1rt k\u00f6lt\u00f6tt, a t\u00f6rv\u00e9nyhoz\u00e1sban pedig a republik\u00e1nus \u00e9s a demokrata k\u00e9pvisel\u0151ket is el\u0151szeretettel t\u00e1mogatt\u00e1k.<\/p>\n<div id=\"attachment_1673392\" style=\"width: 1403px\" class=\"wp-caption alignnone\">\n<p class=\"wp-caption-text\">A kisfi\u00fat egy 19 \u00e9ves f\u00e9rfi \u00f6lte meg az el\u0151z\u0151 nap, amikor g\u00e9ppisztoly\u00e1val l\u0151ni kezdett az \u00e9szak-kaliforniai Gilroy \u00e9venk\u00e9nti fokhagymafesztiv\u00e1lj\u00e1n. <br \/>MTI\/AP\/Jeff Chiu<\/p>\n<\/div>\n<p>Az alkotm\u00e1nyuk egy 1791-es m\u00f3dos\u00edt\u00e1s nyom\u00e1n kimondja, hogy \u201evalamennyi tag\u00e1llam \u00e1llampolg\u00e1r\u00e1nak joga van a szabad fegyvertart\u00e1shoz, illetve fegyverhord\u00e1shoz, s ezen jog\u00e1t\u00f3l senki sem foszthat\u00f3 meg.\u201d Rendk\u00edv\u00fcl mark\u00e1ns a fegyvertart\u00e1s kult\u00far\u00e1ja, az \u00e9let mindennapi, legitim r\u00e9sze, hogy pisztolyt\u00e1ska lapulhat a zak\u00f3 alatt egy \u00fczleti megbesz\u00e9l\u00e9sen.<\/p>\n<p>A VG.hu \u00e1ltal megk\u00e9rdezett amerikaiak az \u00f6nv\u00e9delemben j\u00e1tszott szerepe miatt tartj\u00e1k fontosnak a fegyverek tart\u00e1s\u00e1t. Egy texasi f\u00e9rfi p\u00e9ld\u00e1ul azt mondta,<\/p>\n<p>hord mag\u00e1n\u00e1l fegyvert, \u0151 gondolkod\u00e1s n\u00e9lk\u00fcl haszn\u00e1lja, ha kell \u00e9s megv\u00e9di mag\u00e1t.<\/p>\n<p>Az Egyes\u00fclt \u00c1llamokban h\u00e1romszor nagyobb a gyakoris\u00e1ga, hogy el\u0151ker\u00fcl egy fegyver a t\u00e1mad\u00e1sok sor\u00e1n \u00e9s itt k\u00f6vetik el a vil\u00e1gon a legt\u00f6bb fegyveres gyilkoss\u00e1got: 1 milli\u00f3 lakosra kivet\u00edtve 4-szer annyit, mint N\u00e9metorsz\u00e1gban, ami ezen lista m\u00e1sodik hely\u00e9n \u00e1ll. Elmondhat\u00f3, azokban az \u00e1llamokban, ahol t\u00f6bb embernek van visel\u00e9si enged\u00e9lye, t\u00f6bb is a l\u00f6v\u00f6ld\u00f6z\u00e9s. Azokban az \u00e1llamokban pedig, ahol szigor\u00fabb szab\u00e1lyokat hoztak ezen a t\u00e9ren, kevesebb a fegyveres gyilkoss\u00e1g.<\/p>\n<p>Amerik\u00e1ban az \u00e9vi 30 ezer \u00f6ngyilkoss\u00e1g k\u00e9tharmad\u00e1t is l\u0151fegyverrel k\u00f6vetik el.<\/p>\n<p>A fegyverrel elk\u00f6vetett gyilkoss\u00e1gok \u2013 aminek a sz\u00e1ma az elm\u00falt harminc \u00e9vben fel\u00e9re cs\u00f6kkent \u2013 nagy t\u00f6bbs\u00e9ge \u00f6ngyilkoss\u00e1g.<\/p>\n<\/p><\/div>\n<p><script>\n    window.fbAsyncInit = function() {\n        FB.init({\n            appId      : \"204760236815359\",\n            xfbml      : true,\n            version    : \"v2.12\"\n        });\n        FB.AppEvents.logPageView();\n    };<\/p>\n<p>    (function(d, s, id){\n        var js, fjs = d.getElementsByTagName(s)[0];\n        if (d.getElementById(id)) {return;}\n        js = d.createElement(s); js.id = id;\n        js.src = \"http:\/\/connect.facebook.net\/hu_HU\/sdk.js\";\n        fjs.parentNode.insertBefore(js, fjs);\n    }(document, \"script\", \"facebook-jssdk\"));\n<\/script><br \/>\n<br \/>[ad_2]<br \/>\n<br \/><a href=\"https:\/\/www.vg.hu\/kozelet\/kozeleti-hirek\/nincs-ok-amellyel-igazolni-lehet-artatlan-emberek-legyilkolasat-1672450\/\">Source link <\/a><\/p>\n","protected":false},"excerpt":{"rendered":"<p>[ad_1] B\u00e1r minden m\u00e9sz\u00e1rl\u00e1st k\u00f6vet\u0151en el\u0151ker\u00fcl a t\u00e9ma, hogy szigor\u00edts\u00e1k-e a fegyver-v\u00e1s\u00e1rl\u00e1s felt\u00e9teleit, a lobbist\u00e1k cs\u00edr\u00e1j\u00e1ban elfojtj\u00e1k. Fegyver\u00fcnkkel \u00e9s egy s\u00f6rrel a kez\u00fcnkben s\u00e9t\u00e1lgatunk egy kaszin\u00f3ban, majd ha m\u00e1r unjuk a rulettet, tov\u00e1bb \u00e1llunk egy b\u00e1rba, ahol kik\u00e9r\u00fcnk m\u00e9g egy italt. J\u00f3l \u00e9rezz\u00fck magunkat amerikaik\u00e9nt \u2013 ezen sorok nem egy k\u00e9pzelt riport r\u00e9szletei, hanem a [&hellip;]<\/p>\n","protected":false},"author":2,"featured_media":7169,"comment_status":"open","ping_status":"open","sticky":false,"template":"","format":"standard","meta":{"footnotes":""},"categories":[1],"tags":[],"class_list":["post-7168","post","type-post","status-publish","format-standard","has-post-thumbnail","hentry","category-penzugyi-hirek"],"yoast_head":"<!-- This site is optimized with the Yoast SEO plugin v27.4 - https:\/\/yoast.com\/product\/yoast-seo-wordpress\/ -->\n<title>\u201eNincs ok, amellyel igazolni lehet \u00e1rtatlan emberek legyilkol\u00e1s\u00e1t\u201d - Super News<\/title>\n<meta name=\"robots\" content=\"index, follow, max-snippet:-1, max-image-preview:large, max-video-preview:-1\" \/>\n<link rel=\"canonical\" href=\"https:\/\/super-news.info\/hu\/nincs-ok-amellyel-igazolni-lehet-artatlan-emberek-legyilkolasat\/\" \/>\n<meta property=\"og:locale\" content=\"hu_HU\" \/>\n<meta property=\"og:type\" content=\"article\" \/>\n<meta property=\"og:title\" content=\"\u201eNincs ok, amellyel igazolni lehet \u00e1rtatlan emberek legyilkol\u00e1s\u00e1t\u201d - Super News\" \/>\n<meta property=\"og:description\" content=\"[ad_1] B\u00e1r minden m\u00e9sz\u00e1rl\u00e1st k\u00f6vet\u0151en el\u0151ker\u00fcl a t\u00e9ma, hogy szigor\u00edts\u00e1k-e a fegyver-v\u00e1s\u00e1rl\u00e1s felt\u00e9teleit, a lobbist\u00e1k cs\u00edr\u00e1j\u00e1ban elfojtj\u00e1k. Fegyver\u00fcnkkel \u00e9s egy s\u00f6rrel a kez\u00fcnkben s\u00e9t\u00e1lgatunk egy kaszin\u00f3ban, majd ha m\u00e1r unjuk a rulettet, tov\u00e1bb \u00e1llunk egy b\u00e1rba, ahol kik\u00e9r\u00fcnk m\u00e9g egy italt. J\u00f3l \u00e9rezz\u00fck magunkat amerikaik\u00e9nt \u2013 ezen sorok nem egy k\u00e9pzelt riport r\u00e9szletei, hanem a [&hellip;]\" \/>\n<meta property=\"og:url\" content=\"https:\/\/super-news.info\/hu\/nincs-ok-amellyel-igazolni-lehet-artatlan-emberek-legyilkolasat\/\" \/>\n<meta property=\"og:site_name\" content=\"Super News\" \/>\n<meta property=\"article:published_time\" content=\"2019-08-05T15:19:48+00:00\" \/>\n<meta property=\"article:modified_time\" content=\"2019-08-05T15:19:49+00:00\" \/>\n<meta property=\"og:image\" content=\"https:\/\/super-news.info\/hu\/wp-content\/uploads\/sites\/3\/2019\/08\/\u201eNincs-ok-amellyel-igazolni-lehet-\u00e1rtatlan-emberek-legyilkol\u00e1s\u00e1t\u201d.jpeg\" \/>\n\t<meta property=\"og:image:width\" content=\"1393\" \/>\n\t<meta property=\"og:image:height\" content=\"826\" \/>\n\t<meta property=\"og:image:type\" content=\"image\/jpeg\" \/>\n<meta name=\"author\" content=\"super-news\" \/>\n<meta name=\"twitter:card\" content=\"summary_large_image\" \/>\n<meta name=\"twitter:label1\" content=\"Szerz\u0151:\" \/>\n\t<meta name=\"twitter:data1\" content=\"super-news\" \/>\n\t<meta name=\"twitter:label2\" content=\"Becs\u00fclt olvas\u00e1si id\u0151\" \/>\n\t<meta name=\"twitter:data2\" content=\"9 perc\" \/>\n<script type=\"application\/ld+json\" class=\"yoast-schema-graph\">{\"@context\":\"https:\\\/\\\/schema.org\",\"@graph\":[{\"@type\":\"Article\",\"@id\":\"https:\\\/\\\/super-news.info\\\/hu\\\/nincs-ok-amellyel-igazolni-lehet-artatlan-emberek-legyilkolasat\\\/#article\",\"isPartOf\":{\"@id\":\"https:\\\/\\\/super-news.info\\\/hu\\\/nincs-ok-amellyel-igazolni-lehet-artatlan-emberek-legyilkolasat\\\/\"},\"author\":{\"name\":\"super-news\",\"@id\":\"https:\\\/\\\/super-news.info\\\/hu\\\/#\\\/schema\\\/person\\\/2d4068cb2f39cd10008c2fce578a7356\"},\"headline\":\"\u201eNincs ok, amellyel igazolni lehet \u00e1rtatlan emberek legyilkol\u00e1s\u00e1t\u201d\",\"datePublished\":\"2019-08-05T15:19:48+00:00\",\"dateModified\":\"2019-08-05T15:19:49+00:00\",\"mainEntityOfPage\":{\"@id\":\"https:\\\/\\\/super-news.info\\\/hu\\\/nincs-ok-amellyel-igazolni-lehet-artatlan-emberek-legyilkolasat\\\/\"},\"wordCount\":1806,\"commentCount\":0,\"image\":{\"@id\":\"https:\\\/\\\/super-news.info\\\/hu\\\/nincs-ok-amellyel-igazolni-lehet-artatlan-emberek-legyilkolasat\\\/#primaryimage\"},\"thumbnailUrl\":\"https:\\\/\\\/super-news.info\\\/hu\\\/wp-content\\\/uploads\\\/sites\\\/3\\\/2019\\\/08\\\/\u201eNincs-ok-amellyel-igazolni-lehet-\u00e1rtatlan-emberek-legyilkol\u00e1s\u00e1t\u201d.jpeg\",\"articleSection\":[\"P\u00c9NZ\u00dcGYI H\u00cdREK\"],\"inLanguage\":\"hu\",\"potentialAction\":[{\"@type\":\"CommentAction\",\"name\":\"Comment\",\"target\":[\"https:\\\/\\\/super-news.info\\\/hu\\\/nincs-ok-amellyel-igazolni-lehet-artatlan-emberek-legyilkolasat\\\/#respond\"]}]},{\"@type\":\"WebPage\",\"@id\":\"https:\\\/\\\/super-news.info\\\/hu\\\/nincs-ok-amellyel-igazolni-lehet-artatlan-emberek-legyilkolasat\\\/\",\"url\":\"https:\\\/\\\/super-news.info\\\/hu\\\/nincs-ok-amellyel-igazolni-lehet-artatlan-emberek-legyilkolasat\\\/\",\"name\":\"\u201eNincs ok, amellyel igazolni lehet \u00e1rtatlan emberek legyilkol\u00e1s\u00e1t\u201d - Super News\",\"isPartOf\":{\"@id\":\"https:\\\/\\\/super-news.info\\\/hu\\\/#website\"},\"primaryImageOfPage\":{\"@id\":\"https:\\\/\\\/super-news.info\\\/hu\\\/nincs-ok-amellyel-igazolni-lehet-artatlan-emberek-legyilkolasat\\\/#primaryimage\"},\"image\":{\"@id\":\"https:\\\/\\\/super-news.info\\\/hu\\\/nincs-ok-amellyel-igazolni-lehet-artatlan-emberek-legyilkolasat\\\/#primaryimage\"},\"thumbnailUrl\":\"https:\\\/\\\/super-news.info\\\/hu\\\/wp-content\\\/uploads\\\/sites\\\/3\\\/2019\\\/08\\\/\u201eNincs-ok-amellyel-igazolni-lehet-\u00e1rtatlan-emberek-legyilkol\u00e1s\u00e1t\u201d.jpeg\",\"datePublished\":\"2019-08-05T15:19:48+00:00\",\"dateModified\":\"2019-08-05T15:19:49+00:00\",\"author\":{\"@id\":\"https:\\\/\\\/super-news.info\\\/hu\\\/#\\\/schema\\\/person\\\/2d4068cb2f39cd10008c2fce578a7356\"},\"breadcrumb\":{\"@id\":\"https:\\\/\\\/super-news.info\\\/hu\\\/nincs-ok-amellyel-igazolni-lehet-artatlan-emberek-legyilkolasat\\\/#breadcrumb\"},\"inLanguage\":\"hu\",\"potentialAction\":[{\"@type\":\"ReadAction\",\"target\":[\"https:\\\/\\\/super-news.info\\\/hu\\\/nincs-ok-amellyel-igazolni-lehet-artatlan-emberek-legyilkolasat\\\/\"]}]},{\"@type\":\"ImageObject\",\"inLanguage\":\"hu\",\"@id\":\"https:\\\/\\\/super-news.info\\\/hu\\\/nincs-ok-amellyel-igazolni-lehet-artatlan-emberek-legyilkolasat\\\/#primaryimage\",\"url\":\"https:\\\/\\\/super-news.info\\\/hu\\\/wp-content\\\/uploads\\\/sites\\\/3\\\/2019\\\/08\\\/\u201eNincs-ok-amellyel-igazolni-lehet-\u00e1rtatlan-emberek-legyilkol\u00e1s\u00e1t\u201d.jpeg\",\"contentUrl\":\"https:\\\/\\\/super-news.info\\\/hu\\\/wp-content\\\/uploads\\\/sites\\\/3\\\/2019\\\/08\\\/\u201eNincs-ok-amellyel-igazolni-lehet-\u00e1rtatlan-emberek-legyilkol\u00e1s\u00e1t\u201d.jpeg\",\"width\":1393,\"height\":826,\"caption\":\"\u201eNincs ok, amellyel igazolni lehet \u00e1rtatlan emberek legyilkol\u00e1s\u00e1t\u201d\"},{\"@type\":\"BreadcrumbList\",\"@id\":\"https:\\\/\\\/super-news.info\\\/hu\\\/nincs-ok-amellyel-igazolni-lehet-artatlan-emberek-legyilkolasat\\\/#breadcrumb\",\"itemListElement\":[{\"@type\":\"ListItem\",\"position\":1,\"name\":\"\u0413\u043b\u0430\u0432\u043d\u0430\u044f \u0441\u0442\u0440\u0430\u043d\u0438\u0446\u0430\",\"item\":\"https:\\\/\\\/super-news.info\\\/hu\\\/\"},{\"@type\":\"ListItem\",\"position\":2,\"name\":\"\u201eNincs ok, amellyel igazolni lehet \u00e1rtatlan emberek legyilkol\u00e1s\u00e1t\u201d\"}]},{\"@type\":\"WebSite\",\"@id\":\"https:\\\/\\\/super-news.info\\\/hu\\\/#website\",\"url\":\"https:\\\/\\\/super-news.info\\\/hu\\\/\",\"name\":\"Super News\",\"description\":\"Super News Magyarorsz\u00e1g\",\"potentialAction\":[{\"@type\":\"SearchAction\",\"target\":{\"@type\":\"EntryPoint\",\"urlTemplate\":\"https:\\\/\\\/super-news.info\\\/hu\\\/?s={search_term_string}\"},\"query-input\":{\"@type\":\"PropertyValueSpecification\",\"valueRequired\":true,\"valueName\":\"search_term_string\"}}],\"inLanguage\":\"hu\"},{\"@type\":\"Person\",\"@id\":\"https:\\\/\\\/super-news.info\\\/hu\\\/#\\\/schema\\\/person\\\/2d4068cb2f39cd10008c2fce578a7356\",\"name\":\"super-news\",\"image\":{\"@type\":\"ImageObject\",\"inLanguage\":\"hu\",\"@id\":\"https:\\\/\\\/secure.gravatar.com\\\/avatar\\\/64ebac40b93f26a154f8a9b5b6fdccfc46f442b26b3dd6756dbff3bf9dc76fd7?s=96&d=mm&r=g\",\"url\":\"https:\\\/\\\/secure.gravatar.com\\\/avatar\\\/64ebac40b93f26a154f8a9b5b6fdccfc46f442b26b3dd6756dbff3bf9dc76fd7?s=96&d=mm&r=g\",\"contentUrl\":\"https:\\\/\\\/secure.gravatar.com\\\/avatar\\\/64ebac40b93f26a154f8a9b5b6fdccfc46f442b26b3dd6756dbff3bf9dc76fd7?s=96&d=mm&r=g\",\"caption\":\"super-news\"},\"url\":\"https:\\\/\\\/super-news.info\\\/hu\\\/author\\\/pt\\\/\"}]}<\/script>\n<!-- \/ Yoast SEO plugin. -->","yoast_head_json":{"title":"\u201eNincs ok, amellyel igazolni lehet \u00e1rtatlan emberek legyilkol\u00e1s\u00e1t\u201d - Super News","robots":{"index":"index","follow":"follow","max-snippet":"max-snippet:-1","max-image-preview":"max-image-preview:large","max-video-preview":"max-video-preview:-1"},"canonical":"https:\/\/super-news.info\/hu\/nincs-ok-amellyel-igazolni-lehet-artatlan-emberek-legyilkolasat\/","og_locale":"hu_HU","og_type":"article","og_title":"\u201eNincs ok, amellyel igazolni lehet \u00e1rtatlan emberek legyilkol\u00e1s\u00e1t\u201d - Super News","og_description":"[ad_1] B\u00e1r minden m\u00e9sz\u00e1rl\u00e1st k\u00f6vet\u0151en el\u0151ker\u00fcl a t\u00e9ma, hogy szigor\u00edts\u00e1k-e a fegyver-v\u00e1s\u00e1rl\u00e1s felt\u00e9teleit, a lobbist\u00e1k cs\u00edr\u00e1j\u00e1ban elfojtj\u00e1k. Fegyver\u00fcnkkel \u00e9s egy s\u00f6rrel a kez\u00fcnkben s\u00e9t\u00e1lgatunk egy kaszin\u00f3ban, majd ha m\u00e1r unjuk a rulettet, tov\u00e1bb \u00e1llunk egy b\u00e1rba, ahol kik\u00e9r\u00fcnk m\u00e9g egy italt. J\u00f3l \u00e9rezz\u00fck magunkat amerikaik\u00e9nt \u2013 ezen sorok nem egy k\u00e9pzelt riport r\u00e9szletei, hanem a [&hellip;]","og_url":"https:\/\/super-news.info\/hu\/nincs-ok-amellyel-igazolni-lehet-artatlan-emberek-legyilkolasat\/","og_site_name":"Super News","article_published_time":"2019-08-05T15:19:48+00:00","article_modified_time":"2019-08-05T15:19:49+00:00","og_image":[{"width":1393,"height":826,"url":"https:\/\/super-news.info\/hu\/wp-content\/uploads\/sites\/3\/2019\/08\/\u201eNincs-ok-amellyel-igazolni-lehet-\u00e1rtatlan-emberek-legyilkol\u00e1s\u00e1t\u201d.jpeg","type":"image\/jpeg"}],"author":"super-news","twitter_card":"summary_large_image","twitter_misc":{"Szerz\u0151:":"super-news","Becs\u00fclt olvas\u00e1si id\u0151":"9 perc"},"schema":{"@context":"https:\/\/schema.org","@graph":[{"@type":"Article","@id":"https:\/\/super-news.info\/hu\/nincs-ok-amellyel-igazolni-lehet-artatlan-emberek-legyilkolasat\/#article","isPartOf":{"@id":"https:\/\/super-news.info\/hu\/nincs-ok-amellyel-igazolni-lehet-artatlan-emberek-legyilkolasat\/"},"author":{"name":"super-news","@id":"https:\/\/super-news.info\/hu\/#\/schema\/person\/2d4068cb2f39cd10008c2fce578a7356"},"headline":"\u201eNincs ok, amellyel igazolni lehet \u00e1rtatlan emberek legyilkol\u00e1s\u00e1t\u201d","datePublished":"2019-08-05T15:19:48+00:00","dateModified":"2019-08-05T15:19:49+00:00","mainEntityOfPage":{"@id":"https:\/\/super-news.info\/hu\/nincs-ok-amellyel-igazolni-lehet-artatlan-emberek-legyilkolasat\/"},"wordCount":1806,"commentCount":0,"image":{"@id":"https:\/\/super-news.info\/hu\/nincs-ok-amellyel-igazolni-lehet-artatlan-emberek-legyilkolasat\/#primaryimage"},"thumbnailUrl":"https:\/\/super-news.info\/hu\/wp-content\/uploads\/sites\/3\/2019\/08\/\u201eNincs-ok-amellyel-igazolni-lehet-\u00e1rtatlan-emberek-legyilkol\u00e1s\u00e1t\u201d.jpeg","articleSection":["P\u00c9NZ\u00dcGYI H\u00cdREK"],"inLanguage":"hu","potentialAction":[{"@type":"CommentAction","name":"Comment","target":["https:\/\/super-news.info\/hu\/nincs-ok-amellyel-igazolni-lehet-artatlan-emberek-legyilkolasat\/#respond"]}]},{"@type":"WebPage","@id":"https:\/\/super-news.info\/hu\/nincs-ok-amellyel-igazolni-lehet-artatlan-emberek-legyilkolasat\/","url":"https:\/\/super-news.info\/hu\/nincs-ok-amellyel-igazolni-lehet-artatlan-emberek-legyilkolasat\/","name":"\u201eNincs ok, amellyel igazolni lehet \u00e1rtatlan emberek legyilkol\u00e1s\u00e1t\u201d - Super News","isPartOf":{"@id":"https:\/\/super-news.info\/hu\/#website"},"primaryImageOfPage":{"@id":"https:\/\/super-news.info\/hu\/nincs-ok-amellyel-igazolni-lehet-artatlan-emberek-legyilkolasat\/#primaryimage"},"image":{"@id":"https:\/\/super-news.info\/hu\/nincs-ok-amellyel-igazolni-lehet-artatlan-emberek-legyilkolasat\/#primaryimage"},"thumbnailUrl":"https:\/\/super-news.info\/hu\/wp-content\/uploads\/sites\/3\/2019\/08\/\u201eNincs-ok-amellyel-igazolni-lehet-\u00e1rtatlan-emberek-legyilkol\u00e1s\u00e1t\u201d.jpeg","datePublished":"2019-08-05T15:19:48+00:00","dateModified":"2019-08-05T15:19:49+00:00","author":{"@id":"https:\/\/super-news.info\/hu\/#\/schema\/person\/2d4068cb2f39cd10008c2fce578a7356"},"breadcrumb":{"@id":"https:\/\/super-news.info\/hu\/nincs-ok-amellyel-igazolni-lehet-artatlan-emberek-legyilkolasat\/#breadcrumb"},"inLanguage":"hu","potentialAction":[{"@type":"ReadAction","target":["https:\/\/super-news.info\/hu\/nincs-ok-amellyel-igazolni-lehet-artatlan-emberek-legyilkolasat\/"]}]},{"@type":"ImageObject","inLanguage":"hu","@id":"https:\/\/super-news.info\/hu\/nincs-ok-amellyel-igazolni-lehet-artatlan-emberek-legyilkolasat\/#primaryimage","url":"https:\/\/super-news.info\/hu\/wp-content\/uploads\/sites\/3\/2019\/08\/\u201eNincs-ok-amellyel-igazolni-lehet-\u00e1rtatlan-emberek-legyilkol\u00e1s\u00e1t\u201d.jpeg","contentUrl":"https:\/\/super-news.info\/hu\/wp-content\/uploads\/sites\/3\/2019\/08\/\u201eNincs-ok-amellyel-igazolni-lehet-\u00e1rtatlan-emberek-legyilkol\u00e1s\u00e1t\u201d.jpeg","width":1393,"height":826,"caption":"\u201eNincs ok, amellyel igazolni lehet \u00e1rtatlan emberek legyilkol\u00e1s\u00e1t\u201d"},{"@type":"BreadcrumbList","@id":"https:\/\/super-news.info\/hu\/nincs-ok-amellyel-igazolni-lehet-artatlan-emberek-legyilkolasat\/#breadcrumb","itemListElement":[{"@type":"ListItem","position":1,"name":"\u0413\u043b\u0430\u0432\u043d\u0430\u044f \u0441\u0442\u0440\u0430\u043d\u0438\u0446\u0430","item":"https:\/\/super-news.info\/hu\/"},{"@type":"ListItem","position":2,"name":"\u201eNincs ok, amellyel igazolni lehet \u00e1rtatlan emberek legyilkol\u00e1s\u00e1t\u201d"}]},{"@type":"WebSite","@id":"https:\/\/super-news.info\/hu\/#website","url":"https:\/\/super-news.info\/hu\/","name":"Super News","description":"Super News Magyarorsz\u00e1g","potentialAction":[{"@type":"SearchAction","target":{"@type":"EntryPoint","urlTemplate":"https:\/\/super-news.info\/hu\/?s={search_term_string}"},"query-input":{"@type":"PropertyValueSpecification","valueRequired":true,"valueName":"search_term_string"}}],"inLanguage":"hu"},{"@type":"Person","@id":"https:\/\/super-news.info\/hu\/#\/schema\/person\/2d4068cb2f39cd10008c2fce578a7356","name":"super-news","image":{"@type":"ImageObject","inLanguage":"hu","@id":"https:\/\/secure.gravatar.com\/avatar\/64ebac40b93f26a154f8a9b5b6fdccfc46f442b26b3dd6756dbff3bf9dc76fd7?s=96&d=mm&r=g","url":"https:\/\/secure.gravatar.com\/avatar\/64ebac40b93f26a154f8a9b5b6fdccfc46f442b26b3dd6756dbff3bf9dc76fd7?s=96&d=mm&r=g","contentUrl":"https:\/\/secure.gravatar.com\/avatar\/64ebac40b93f26a154f8a9b5b6fdccfc46f442b26b3dd6756dbff3bf9dc76fd7?s=96&d=mm&r=g","caption":"super-news"},"url":"https:\/\/super-news.info\/hu\/author\/pt\/"}]}},"_links":{"self":[{"href":"https:\/\/super-news.info\/hu\/wp-json\/wp\/v2\/posts\/7168","targetHints":{"allow":["GET"]}}],"collection":[{"href":"https:\/\/super-news.info\/hu\/wp-json\/wp\/v2\/posts"}],"about":[{"href":"https:\/\/super-news.info\/hu\/wp-json\/wp\/v2\/types\/post"}],"author":[{"embeddable":true,"href":"https:\/\/super-news.info\/hu\/wp-json\/wp\/v2\/users\/2"}],"replies":[{"embeddable":true,"href":"https:\/\/super-news.info\/hu\/wp-json\/wp\/v2\/comments?post=7168"}],"version-history":[{"count":1,"href":"https:\/\/super-news.info\/hu\/wp-json\/wp\/v2\/posts\/7168\/revisions"}],"predecessor-version":[{"id":7170,"href":"https:\/\/super-news.info\/hu\/wp-json\/wp\/v2\/posts\/7168\/revisions\/7170"}],"wp:featuredmedia":[{"embeddable":true,"href":"https:\/\/super-news.info\/hu\/wp-json\/wp\/v2\/media\/7169"}],"wp:attachment":[{"href":"https:\/\/super-news.info\/hu\/wp-json\/wp\/v2\/media?parent=7168"}],"wp:term":[{"taxonomy":"category","embeddable":true,"href":"https:\/\/super-news.info\/hu\/wp-json\/wp\/v2\/categories?post=7168"},{"taxonomy":"post_tag","embeddable":true,"href":"https:\/\/super-news.info\/hu\/wp-json\/wp\/v2\/tags?post=7168"}],"curies":[{"name":"wp","href":"https:\/\/api.w.org\/{rel}","templated":true}]}}