{"id":7155,"date":"2019-08-05T13:47:55","date_gmt":"2019-08-05T10:47:55","guid":{"rendered":"https:\/\/super-news.info\/hu\/sertespestis-nem-erintett-a-hazai-hazisertes-allomany\/"},"modified":"2019-08-05T13:47:55","modified_gmt":"2019-08-05T10:47:55","slug":"sertespestis-nem-erintett-a-hazai-hazisertes-allomany","status":"publish","type":"post","link":"https:\/\/super-news.info\/hu\/sertespestis-nem-erintett-a-hazai-hazisertes-allomany\/","title":{"rendered":"Sert\u00e9spestis: nem \u00e9rintett a hazai h\u00e1zisert\u00e9s-\u00e1llom\u00e1ny"},"content":{"rendered":"<p> [ad_1]<br \/>\n<\/p>\n<div>\n<p>Magyarorsz\u00e1gon nem \u00e9rintett a sert\u00e9spestisben a h\u00e1zisert\u00e9s-\u00e1llom\u00e1ny, viszont a vaddiszn\u00f3k k\u00f6z\u00f6tt terjed a betegs\u00e9g \u2013 k\u00f6z\u00f6lte az orsz\u00e1gos f\u0151\u00e1llatorvos h\u00e9tf\u0151n az M1 aktu\u00e1lis csatorn\u00e1n.<\/p>\n<p>Bogn\u00e1r Lajos felid\u00e9zte, Borsod-Aba\u00faj-Zempl\u00e9n megy\u00e9ben \u00fajabb eseteket \u00e9szleltek, ez\u00e9rt b\u0151v\u00edteni kellett a fert\u0151z\u00f6ttnek min\u0151s\u00edtett ter\u00fcletet, J\u00e1sz-Nagykun-Szolnok megy\u00e9ben pedig a fert\u0151z\u00f6tt ter\u00fclett\u0151l d\u00e9li ir\u00e1nyban b\u0151v\u00edteni kellett a magas kock\u00e1zat\u00fa ter\u00fcletet jelz\u00e9st is.<\/p>\n<div id=\"attachment_1314799\" style=\"width: 1410px\" class=\"wp-caption alignnone\">\n<p class=\"wp-caption-text\">Fot\u00f3: MTI\/ Czegl\u00e9di Zsolt<\/p>\n<\/div>\n<p>Ez a gazd\u00e1lkod\u00f3knak jelent\u0151s v\u00e1ltoz\u00e1st nem jelent, els\u0151sorban a vad\u00e1szatra jogosultaknak v\u00e1ltozik meg a feladata: az elhullott \u00e1llatokat \u00f6ssze kell gy\u0171jteni\u00fck, t\u00fcneteket mutat\u00f3 vaddiszn\u00f3kat ki kell l\u0151ni\u00fck, \u00e9s gy\u00e9r\u00edteni\u00fck kell az \u00e1llom\u00e1nyt \u2013 ismertette.<\/p>\n<div class=\"aframe\">\n<h3>Megjelent Magyarorsz\u00e1g \u00faj ASP mentes\u00edt\u00e9si terve<\/h3>\n<p>J\u00falius v\u00e9g\u00e9n megjelent az orsz\u00e1gos f\u0151\u00e1llatorvos hat\u00e1rozata az afrikai sert\u00e9spestis magyarorsz\u00e1gi felsz\u00e1mol\u00e1s\u00e1ra vonatkoz\u00f3 mentes\u00edt\u00e9si terv\u00e9r\u0151l. A dokumentum r\u00e9szletesen tartalmazza az \u00e9rintett szerepl\u0151k (p\u00e9ld\u00e1ul vad\u00e1szok, \u00e1llattart\u00f3k, \u00e1llatorvosok) teend\u0151it, egy\u00fattal hat\u00e1lyon k\u00edv\u00fcl helyezi a t\u00e9m\u00e1ra vonatkoz\u00f3 kor\u00e1bbi f\u0151\u00e1llatorvosi hat\u00e1rozatot. Az Agr\u00e1rminiszt\u00e9rium \u00e9s az \u00e1llateg\u00e9szs\u00e9g\u00fcgyi szakemberek c\u00e9lja tov\u00e1bbra is a vad\u00e1llom\u00e1nyt \u00e9rint\u0151 j\u00e1rv\u00e1ny terjed\u00e9s\u00e9nek megf\u00e9kez\u00e9se, valamint a h\u00e1zisert\u00e9s-\u00e1llom\u00e1ny meg\u00f3v\u00e1sa.<\/p>\n<p>Az \u00fajmentes\u00edt\u00e9si terv kiad\u00e1s\u00e1ra \u00e9s az egyes int\u00e9zked\u00e9sek fel\u00fclvizsg\u00e1lat\u00e1ra a j\u00e1rv\u00e1nyhelyzetben bek\u00f6vetkezett v\u00e1ltoz\u00e1sok, valamint az Eur\u00f3pai Bizotts\u00e1gt\u00f3l az Eur\u00f3pai j\u00e1rv\u00e1nyhelyzet \u00e9s tapasztalatok alapj\u00e1n \u00e9rkezett javaslatok miatt volt sz\u00fcks\u00e9g.<\/p>\n<p>A hat\u00e1rozat r\u00e9szletesen tartalmazza a szigor\u00faan korl\u00e1tozott, a fert\u0151z\u00f6tt,valamint a magas, a k\u00f6zepes \u00e9s az alacsony kock\u00e1zat\u00fa ter\u00fcletekre vonatkoz\u00f3 inform\u00e1ci\u00f3kat, p\u00e9ld\u00e1ul azok alapvet\u0151 jellemz\u0151it, meghat\u00e1roz\u00e1suk \u00e9s elrendel\u00e9s\u00fck menet\u00e9t. A dokumentum ter\u00fclett\u00edpusonk\u00e9nt \u00f6sszefoglalja az egyes feladatokhoz kapcsol\u00f3d\u00f3 el\u0151\u00edr\u00e1sokat is. Rendelkezik t\u00f6bbek k\u00f6z\u00f6tt a vad\u00e1szatr\u00f3l, az elhullott vaddiszn\u00f3k bejelent\u00e9s\u00e9r\u0151l \u00e9s szervezett keres\u00e9s\u00e9r\u0151l, a vaddiszn\u00f3\u00e1llom\u00e1ny gy\u00e9r\u00edt\u00e9s\u00e9r\u0151l, \u00e9s az \u00e1llat- \u00e9s term\u00e9k forgalmaz\u00e1s szab\u00e1lyair\u00f3l.<\/p>\n<\/div>\n<p>Besz\u00e9lt arr\u00f3l is, a betegs\u00e9g ellen csak megel\u0151z\u00e9ssel lehet v\u00e9dekezni, ez\u00e9rt fontos az alapvet\u0151 \u00e1llat-eg\u00e9szs\u00e9g\u00fcgyi szab\u00e1lyok betart\u00e1sa, p\u00e9ld\u00e1ul a megfelel\u0151 takar\u00edt\u00e1s, fert\u0151tlen\u00edt\u00e9s \u00e9s eszk\u00f6z\u00f6k haszn\u00e1lata. Aj\u00e1nlott a z\u00f6ldtakarm\u00e1ny \u00e9s a friss alom elhagy\u00e1sa is, tov\u00e1bb\u00e1 \u00e9l\u0151 \u00e1llat sz\u00e1ll\u00edt\u00e1sa eset\u00e9n a sz\u00e1ll\u00edt\u00e1st meg kell el\u0151znie egy vizsg\u00e1latnak \u2013 tette hozz\u00e1 az orsz\u00e1gos f\u0151\u00e1llatorvos.<\/p>\n<\/p><\/div>\n<p><script>\n    window.fbAsyncInit = function() {\n        FB.init({\n            appId      : \"204760236815359\",\n            xfbml      : true,\n            version    : \"v2.12\"\n        });\n        FB.AppEvents.logPageView();\n    };<\/p>\n<p>    (function(d, s, id){\n        var js, fjs = d.getElementsByTagName(s)[0];\n        if (d.getElementById(id)) {return;}\n        js = d.createElement(s); js.id = id;\n        js.src = \"http:\/\/connect.facebook.net\/hu_HU\/sdk.js\";\n        fjs.parentNode.insertBefore(js, fjs);\n    }(document, \"script\", \"facebook-jssdk\"));\n<\/script><br \/>\n<br \/>[ad_2]<br \/>\n<br \/><a href=\"https:\/\/www.vg.hu\/kozelet\/egeszsegugy-kozelet\/sertespestis-nem-erintett-a-hazai-hazisertes-allomany-1671916\/\">Source link <\/a><\/p>\n","protected":false},"excerpt":{"rendered":"<p>[ad_1] Magyarorsz\u00e1gon nem \u00e9rintett a sert\u00e9spestisben a h\u00e1zisert\u00e9s-\u00e1llom\u00e1ny, viszont a vaddiszn\u00f3k k\u00f6z\u00f6tt terjed a betegs\u00e9g \u2013 k\u00f6z\u00f6lte az orsz\u00e1gos f\u0151\u00e1llatorvos h\u00e9tf\u0151n az M1 aktu\u00e1lis csatorn\u00e1n. Bogn\u00e1r Lajos felid\u00e9zte, Borsod-Aba\u00faj-Zempl\u00e9n megy\u00e9ben \u00fajabb eseteket \u00e9szleltek, ez\u00e9rt b\u0151v\u00edteni kellett a fert\u0151z\u00f6ttnek min\u0151s\u00edtett ter\u00fcletet, J\u00e1sz-Nagykun-Szolnok megy\u00e9ben pedig a fert\u0151z\u00f6tt ter\u00fclett\u0151l d\u00e9li ir\u00e1nyban b\u0151v\u00edteni kellett a magas kock\u00e1zat\u00fa ter\u00fcletet jelz\u00e9st [&hellip;]<\/p>\n","protected":false},"author":2,"featured_media":102,"comment_status":"open","ping_status":"open","sticky":false,"template":"","format":"standard","meta":{"footnotes":""},"categories":[1],"tags":[],"class_list":["post-7155","post","type-post","status-publish","format-standard","has-post-thumbnail","hentry","category-penzugyi-hirek"],"yoast_head":"<!-- This site is optimized with the Yoast SEO plugin v27.4 - https:\/\/yoast.com\/product\/yoast-seo-wordpress\/ -->\n<title>Sert\u00e9spestis: nem \u00e9rintett a hazai h\u00e1zisert\u00e9s-\u00e1llom\u00e1ny - Super News<\/title>\n<meta name=\"robots\" content=\"index, follow, max-snippet:-1, max-image-preview:large, max-video-preview:-1\" \/>\n<link rel=\"canonical\" href=\"https:\/\/super-news.info\/hu\/sertespestis-nem-erintett-a-hazai-hazisertes-allomany\/\" \/>\n<meta property=\"og:locale\" content=\"hu_HU\" \/>\n<meta property=\"og:type\" content=\"article\" \/>\n<meta property=\"og:title\" content=\"Sert\u00e9spestis: nem \u00e9rintett a hazai h\u00e1zisert\u00e9s-\u00e1llom\u00e1ny - Super News\" \/>\n<meta property=\"og:description\" content=\"[ad_1] Magyarorsz\u00e1gon nem \u00e9rintett a sert\u00e9spestisben a h\u00e1zisert\u00e9s-\u00e1llom\u00e1ny, viszont a vaddiszn\u00f3k k\u00f6z\u00f6tt terjed a betegs\u00e9g \u2013 k\u00f6z\u00f6lte az orsz\u00e1gos f\u0151\u00e1llatorvos h\u00e9tf\u0151n az M1 aktu\u00e1lis csatorn\u00e1n. Bogn\u00e1r Lajos felid\u00e9zte, Borsod-Aba\u00faj-Zempl\u00e9n megy\u00e9ben \u00fajabb eseteket \u00e9szleltek, ez\u00e9rt b\u0151v\u00edteni kellett a fert\u0151z\u00f6ttnek min\u0151s\u00edtett ter\u00fcletet, J\u00e1sz-Nagykun-Szolnok megy\u00e9ben pedig a fert\u0151z\u00f6tt ter\u00fclett\u0151l d\u00e9li ir\u00e1nyban b\u0151v\u00edteni kellett a magas kock\u00e1zat\u00fa ter\u00fcletet jelz\u00e9st [&hellip;]\" \/>\n<meta property=\"og:url\" content=\"https:\/\/super-news.info\/hu\/sertespestis-nem-erintett-a-hazai-hazisertes-allomany\/\" \/>\n<meta property=\"og:site_name\" content=\"Super News\" \/>\n<meta property=\"article:published_time\" content=\"2019-08-05T10:47:55+00:00\" \/>\n<meta property=\"og:image\" content=\"https:\/\/super-news.info\/hu\/wp-content\/uploads\/sites\/3\/2019\/04\/Feldman-integr\u00e1ci\u00f3ra-\u00e9s-fejleszt\u00e9sekre-van-sz\u00fcks\u00e9g-a-sert\u00e9s\u00e1gazatban.jpg\" \/>\n\t<meta property=\"og:image:width\" content=\"1400\" \/>\n\t<meta property=\"og:image:height\" content=\"933\" \/>\n\t<meta property=\"og:image:type\" content=\"image\/jpeg\" \/>\n<meta name=\"author\" content=\"super-news\" \/>\n<meta name=\"twitter:card\" content=\"summary_large_image\" \/>\n<meta name=\"twitter:label1\" content=\"Szerz\u0151:\" \/>\n\t<meta name=\"twitter:data1\" content=\"super-news\" \/>\n\t<meta name=\"twitter:label2\" content=\"Becs\u00fclt olvas\u00e1si id\u0151\" \/>\n\t<meta name=\"twitter:data2\" content=\"3 perc\" \/>\n<script type=\"application\/ld+json\" class=\"yoast-schema-graph\">{\"@context\":\"https:\\\/\\\/schema.org\",\"@graph\":[{\"@type\":\"Article\",\"@id\":\"https:\\\/\\\/super-news.info\\\/hu\\\/sertespestis-nem-erintett-a-hazai-hazisertes-allomany\\\/#article\",\"isPartOf\":{\"@id\":\"https:\\\/\\\/super-news.info\\\/hu\\\/sertespestis-nem-erintett-a-hazai-hazisertes-allomany\\\/\"},\"author\":{\"name\":\"super-news\",\"@id\":\"https:\\\/\\\/super-news.info\\\/hu\\\/#\\\/schema\\\/person\\\/2d4068cb2f39cd10008c2fce578a7356\"},\"headline\":\"Sert\u00e9spestis: nem \u00e9rintett a hazai h\u00e1zisert\u00e9s-\u00e1llom\u00e1ny\",\"datePublished\":\"2019-08-05T10:47:55+00:00\",\"mainEntityOfPage\":{\"@id\":\"https:\\\/\\\/super-news.info\\\/hu\\\/sertespestis-nem-erintett-a-hazai-hazisertes-allomany\\\/\"},\"wordCount\":535,\"commentCount\":0,\"image\":{\"@id\":\"https:\\\/\\\/super-news.info\\\/hu\\\/sertespestis-nem-erintett-a-hazai-hazisertes-allomany\\\/#primaryimage\"},\"thumbnailUrl\":\"https:\\\/\\\/super-news.info\\\/hu\\\/wp-content\\\/uploads\\\/sites\\\/3\\\/2019\\\/04\\\/Feldman-integr\u00e1ci\u00f3ra-\u00e9s-fejleszt\u00e9sekre-van-sz\u00fcks\u00e9g-a-sert\u00e9s\u00e1gazatban.jpg\",\"articleSection\":[\"P\u00c9NZ\u00dcGYI H\u00cdREK\"],\"inLanguage\":\"hu\",\"potentialAction\":[{\"@type\":\"CommentAction\",\"name\":\"Comment\",\"target\":[\"https:\\\/\\\/super-news.info\\\/hu\\\/sertespestis-nem-erintett-a-hazai-hazisertes-allomany\\\/#respond\"]}]},{\"@type\":\"WebPage\",\"@id\":\"https:\\\/\\\/super-news.info\\\/hu\\\/sertespestis-nem-erintett-a-hazai-hazisertes-allomany\\\/\",\"url\":\"https:\\\/\\\/super-news.info\\\/hu\\\/sertespestis-nem-erintett-a-hazai-hazisertes-allomany\\\/\",\"name\":\"Sert\u00e9spestis: nem \u00e9rintett a hazai h\u00e1zisert\u00e9s-\u00e1llom\u00e1ny - Super News\",\"isPartOf\":{\"@id\":\"https:\\\/\\\/super-news.info\\\/hu\\\/#website\"},\"primaryImageOfPage\":{\"@id\":\"https:\\\/\\\/super-news.info\\\/hu\\\/sertespestis-nem-erintett-a-hazai-hazisertes-allomany\\\/#primaryimage\"},\"image\":{\"@id\":\"https:\\\/\\\/super-news.info\\\/hu\\\/sertespestis-nem-erintett-a-hazai-hazisertes-allomany\\\/#primaryimage\"},\"thumbnailUrl\":\"https:\\\/\\\/super-news.info\\\/hu\\\/wp-content\\\/uploads\\\/sites\\\/3\\\/2019\\\/04\\\/Feldman-integr\u00e1ci\u00f3ra-\u00e9s-fejleszt\u00e9sekre-van-sz\u00fcks\u00e9g-a-sert\u00e9s\u00e1gazatban.jpg\",\"datePublished\":\"2019-08-05T10:47:55+00:00\",\"author\":{\"@id\":\"https:\\\/\\\/super-news.info\\\/hu\\\/#\\\/schema\\\/person\\\/2d4068cb2f39cd10008c2fce578a7356\"},\"breadcrumb\":{\"@id\":\"https:\\\/\\\/super-news.info\\\/hu\\\/sertespestis-nem-erintett-a-hazai-hazisertes-allomany\\\/#breadcrumb\"},\"inLanguage\":\"hu\",\"potentialAction\":[{\"@type\":\"ReadAction\",\"target\":[\"https:\\\/\\\/super-news.info\\\/hu\\\/sertespestis-nem-erintett-a-hazai-hazisertes-allomany\\\/\"]}]},{\"@type\":\"ImageObject\",\"inLanguage\":\"hu\",\"@id\":\"https:\\\/\\\/super-news.info\\\/hu\\\/sertespestis-nem-erintett-a-hazai-hazisertes-allomany\\\/#primaryimage\",\"url\":\"https:\\\/\\\/super-news.info\\\/hu\\\/wp-content\\\/uploads\\\/sites\\\/3\\\/2019\\\/04\\\/Feldman-integr\u00e1ci\u00f3ra-\u00e9s-fejleszt\u00e9sekre-van-sz\u00fcks\u00e9g-a-sert\u00e9s\u00e1gazatban.jpg\",\"contentUrl\":\"https:\\\/\\\/super-news.info\\\/hu\\\/wp-content\\\/uploads\\\/sites\\\/3\\\/2019\\\/04\\\/Feldman-integr\u00e1ci\u00f3ra-\u00e9s-fejleszt\u00e9sekre-van-sz\u00fcks\u00e9g-a-sert\u00e9s\u00e1gazatban.jpg\",\"width\":1400,\"height\":933,\"caption\":\"Feldman: integr\u00e1ci\u00f3ra \u00e9s fejleszt\u00e9sekre van sz\u00fcks\u00e9g a sert\u00e9s\u00e1gazatban\"},{\"@type\":\"BreadcrumbList\",\"@id\":\"https:\\\/\\\/super-news.info\\\/hu\\\/sertespestis-nem-erintett-a-hazai-hazisertes-allomany\\\/#breadcrumb\",\"itemListElement\":[{\"@type\":\"ListItem\",\"position\":1,\"name\":\"\u0413\u043b\u0430\u0432\u043d\u0430\u044f \u0441\u0442\u0440\u0430\u043d\u0438\u0446\u0430\",\"item\":\"https:\\\/\\\/super-news.info\\\/hu\\\/\"},{\"@type\":\"ListItem\",\"position\":2,\"name\":\"Sert\u00e9spestis: nem \u00e9rintett a hazai h\u00e1zisert\u00e9s-\u00e1llom\u00e1ny\"}]},{\"@type\":\"WebSite\",\"@id\":\"https:\\\/\\\/super-news.info\\\/hu\\\/#website\",\"url\":\"https:\\\/\\\/super-news.info\\\/hu\\\/\",\"name\":\"Super News\",\"description\":\"Super News Magyarorsz\u00e1g\",\"potentialAction\":[{\"@type\":\"SearchAction\",\"target\":{\"@type\":\"EntryPoint\",\"urlTemplate\":\"https:\\\/\\\/super-news.info\\\/hu\\\/?s={search_term_string}\"},\"query-input\":{\"@type\":\"PropertyValueSpecification\",\"valueRequired\":true,\"valueName\":\"search_term_string\"}}],\"inLanguage\":\"hu\"},{\"@type\":\"Person\",\"@id\":\"https:\\\/\\\/super-news.info\\\/hu\\\/#\\\/schema\\\/person\\\/2d4068cb2f39cd10008c2fce578a7356\",\"name\":\"super-news\",\"image\":{\"@type\":\"ImageObject\",\"inLanguage\":\"hu\",\"@id\":\"https:\\\/\\\/secure.gravatar.com\\\/avatar\\\/64ebac40b93f26a154f8a9b5b6fdccfc46f442b26b3dd6756dbff3bf9dc76fd7?s=96&d=mm&r=g\",\"url\":\"https:\\\/\\\/secure.gravatar.com\\\/avatar\\\/64ebac40b93f26a154f8a9b5b6fdccfc46f442b26b3dd6756dbff3bf9dc76fd7?s=96&d=mm&r=g\",\"contentUrl\":\"https:\\\/\\\/secure.gravatar.com\\\/avatar\\\/64ebac40b93f26a154f8a9b5b6fdccfc46f442b26b3dd6756dbff3bf9dc76fd7?s=96&d=mm&r=g\",\"caption\":\"super-news\"},\"url\":\"https:\\\/\\\/super-news.info\\\/hu\\\/author\\\/pt\\\/\"}]}<\/script>\n<!-- \/ Yoast SEO plugin. -->","yoast_head_json":{"title":"Sert\u00e9spestis: nem \u00e9rintett a hazai h\u00e1zisert\u00e9s-\u00e1llom\u00e1ny - Super News","robots":{"index":"index","follow":"follow","max-snippet":"max-snippet:-1","max-image-preview":"max-image-preview:large","max-video-preview":"max-video-preview:-1"},"canonical":"https:\/\/super-news.info\/hu\/sertespestis-nem-erintett-a-hazai-hazisertes-allomany\/","og_locale":"hu_HU","og_type":"article","og_title":"Sert\u00e9spestis: nem \u00e9rintett a hazai h\u00e1zisert\u00e9s-\u00e1llom\u00e1ny - Super News","og_description":"[ad_1] Magyarorsz\u00e1gon nem \u00e9rintett a sert\u00e9spestisben a h\u00e1zisert\u00e9s-\u00e1llom\u00e1ny, viszont a vaddiszn\u00f3k k\u00f6z\u00f6tt terjed a betegs\u00e9g \u2013 k\u00f6z\u00f6lte az orsz\u00e1gos f\u0151\u00e1llatorvos h\u00e9tf\u0151n az M1 aktu\u00e1lis csatorn\u00e1n. Bogn\u00e1r Lajos felid\u00e9zte, Borsod-Aba\u00faj-Zempl\u00e9n megy\u00e9ben \u00fajabb eseteket \u00e9szleltek, ez\u00e9rt b\u0151v\u00edteni kellett a fert\u0151z\u00f6ttnek min\u0151s\u00edtett ter\u00fcletet, J\u00e1sz-Nagykun-Szolnok megy\u00e9ben pedig a fert\u0151z\u00f6tt ter\u00fclett\u0151l d\u00e9li ir\u00e1nyban b\u0151v\u00edteni kellett a magas kock\u00e1zat\u00fa ter\u00fcletet jelz\u00e9st [&hellip;]","og_url":"https:\/\/super-news.info\/hu\/sertespestis-nem-erintett-a-hazai-hazisertes-allomany\/","og_site_name":"Super News","article_published_time":"2019-08-05T10:47:55+00:00","og_image":[{"width":1400,"height":933,"url":"https:\/\/super-news.info\/hu\/wp-content\/uploads\/sites\/3\/2019\/04\/Feldman-integr\u00e1ci\u00f3ra-\u00e9s-fejleszt\u00e9sekre-van-sz\u00fcks\u00e9g-a-sert\u00e9s\u00e1gazatban.jpg","type":"image\/jpeg"}],"author":"super-news","twitter_card":"summary_large_image","twitter_misc":{"Szerz\u0151:":"super-news","Becs\u00fclt olvas\u00e1si id\u0151":"3 perc"},"schema":{"@context":"https:\/\/schema.org","@graph":[{"@type":"Article","@id":"https:\/\/super-news.info\/hu\/sertespestis-nem-erintett-a-hazai-hazisertes-allomany\/#article","isPartOf":{"@id":"https:\/\/super-news.info\/hu\/sertespestis-nem-erintett-a-hazai-hazisertes-allomany\/"},"author":{"name":"super-news","@id":"https:\/\/super-news.info\/hu\/#\/schema\/person\/2d4068cb2f39cd10008c2fce578a7356"},"headline":"Sert\u00e9spestis: nem \u00e9rintett a hazai h\u00e1zisert\u00e9s-\u00e1llom\u00e1ny","datePublished":"2019-08-05T10:47:55+00:00","mainEntityOfPage":{"@id":"https:\/\/super-news.info\/hu\/sertespestis-nem-erintett-a-hazai-hazisertes-allomany\/"},"wordCount":535,"commentCount":0,"image":{"@id":"https:\/\/super-news.info\/hu\/sertespestis-nem-erintett-a-hazai-hazisertes-allomany\/#primaryimage"},"thumbnailUrl":"https:\/\/super-news.info\/hu\/wp-content\/uploads\/sites\/3\/2019\/04\/Feldman-integr\u00e1ci\u00f3ra-\u00e9s-fejleszt\u00e9sekre-van-sz\u00fcks\u00e9g-a-sert\u00e9s\u00e1gazatban.jpg","articleSection":["P\u00c9NZ\u00dcGYI H\u00cdREK"],"inLanguage":"hu","potentialAction":[{"@type":"CommentAction","name":"Comment","target":["https:\/\/super-news.info\/hu\/sertespestis-nem-erintett-a-hazai-hazisertes-allomany\/#respond"]}]},{"@type":"WebPage","@id":"https:\/\/super-news.info\/hu\/sertespestis-nem-erintett-a-hazai-hazisertes-allomany\/","url":"https:\/\/super-news.info\/hu\/sertespestis-nem-erintett-a-hazai-hazisertes-allomany\/","name":"Sert\u00e9spestis: nem \u00e9rintett a hazai h\u00e1zisert\u00e9s-\u00e1llom\u00e1ny - Super News","isPartOf":{"@id":"https:\/\/super-news.info\/hu\/#website"},"primaryImageOfPage":{"@id":"https:\/\/super-news.info\/hu\/sertespestis-nem-erintett-a-hazai-hazisertes-allomany\/#primaryimage"},"image":{"@id":"https:\/\/super-news.info\/hu\/sertespestis-nem-erintett-a-hazai-hazisertes-allomany\/#primaryimage"},"thumbnailUrl":"https:\/\/super-news.info\/hu\/wp-content\/uploads\/sites\/3\/2019\/04\/Feldman-integr\u00e1ci\u00f3ra-\u00e9s-fejleszt\u00e9sekre-van-sz\u00fcks\u00e9g-a-sert\u00e9s\u00e1gazatban.jpg","datePublished":"2019-08-05T10:47:55+00:00","author":{"@id":"https:\/\/super-news.info\/hu\/#\/schema\/person\/2d4068cb2f39cd10008c2fce578a7356"},"breadcrumb":{"@id":"https:\/\/super-news.info\/hu\/sertespestis-nem-erintett-a-hazai-hazisertes-allomany\/#breadcrumb"},"inLanguage":"hu","potentialAction":[{"@type":"ReadAction","target":["https:\/\/super-news.info\/hu\/sertespestis-nem-erintett-a-hazai-hazisertes-allomany\/"]}]},{"@type":"ImageObject","inLanguage":"hu","@id":"https:\/\/super-news.info\/hu\/sertespestis-nem-erintett-a-hazai-hazisertes-allomany\/#primaryimage","url":"https:\/\/super-news.info\/hu\/wp-content\/uploads\/sites\/3\/2019\/04\/Feldman-integr\u00e1ci\u00f3ra-\u00e9s-fejleszt\u00e9sekre-van-sz\u00fcks\u00e9g-a-sert\u00e9s\u00e1gazatban.jpg","contentUrl":"https:\/\/super-news.info\/hu\/wp-content\/uploads\/sites\/3\/2019\/04\/Feldman-integr\u00e1ci\u00f3ra-\u00e9s-fejleszt\u00e9sekre-van-sz\u00fcks\u00e9g-a-sert\u00e9s\u00e1gazatban.jpg","width":1400,"height":933,"caption":"Feldman: integr\u00e1ci\u00f3ra \u00e9s fejleszt\u00e9sekre van sz\u00fcks\u00e9g a sert\u00e9s\u00e1gazatban"},{"@type":"BreadcrumbList","@id":"https:\/\/super-news.info\/hu\/sertespestis-nem-erintett-a-hazai-hazisertes-allomany\/#breadcrumb","itemListElement":[{"@type":"ListItem","position":1,"name":"\u0413\u043b\u0430\u0432\u043d\u0430\u044f \u0441\u0442\u0440\u0430\u043d\u0438\u0446\u0430","item":"https:\/\/super-news.info\/hu\/"},{"@type":"ListItem","position":2,"name":"Sert\u00e9spestis: nem \u00e9rintett a hazai h\u00e1zisert\u00e9s-\u00e1llom\u00e1ny"}]},{"@type":"WebSite","@id":"https:\/\/super-news.info\/hu\/#website","url":"https:\/\/super-news.info\/hu\/","name":"Super News","description":"Super News Magyarorsz\u00e1g","potentialAction":[{"@type":"SearchAction","target":{"@type":"EntryPoint","urlTemplate":"https:\/\/super-news.info\/hu\/?s={search_term_string}"},"query-input":{"@type":"PropertyValueSpecification","valueRequired":true,"valueName":"search_term_string"}}],"inLanguage":"hu"},{"@type":"Person","@id":"https:\/\/super-news.info\/hu\/#\/schema\/person\/2d4068cb2f39cd10008c2fce578a7356","name":"super-news","image":{"@type":"ImageObject","inLanguage":"hu","@id":"https:\/\/secure.gravatar.com\/avatar\/64ebac40b93f26a154f8a9b5b6fdccfc46f442b26b3dd6756dbff3bf9dc76fd7?s=96&d=mm&r=g","url":"https:\/\/secure.gravatar.com\/avatar\/64ebac40b93f26a154f8a9b5b6fdccfc46f442b26b3dd6756dbff3bf9dc76fd7?s=96&d=mm&r=g","contentUrl":"https:\/\/secure.gravatar.com\/avatar\/64ebac40b93f26a154f8a9b5b6fdccfc46f442b26b3dd6756dbff3bf9dc76fd7?s=96&d=mm&r=g","caption":"super-news"},"url":"https:\/\/super-news.info\/hu\/author\/pt\/"}]}},"_links":{"self":[{"href":"https:\/\/super-news.info\/hu\/wp-json\/wp\/v2\/posts\/7155","targetHints":{"allow":["GET"]}}],"collection":[{"href":"https:\/\/super-news.info\/hu\/wp-json\/wp\/v2\/posts"}],"about":[{"href":"https:\/\/super-news.info\/hu\/wp-json\/wp\/v2\/types\/post"}],"author":[{"embeddable":true,"href":"https:\/\/super-news.info\/hu\/wp-json\/wp\/v2\/users\/2"}],"replies":[{"embeddable":true,"href":"https:\/\/super-news.info\/hu\/wp-json\/wp\/v2\/comments?post=7155"}],"version-history":[{"count":1,"href":"https:\/\/super-news.info\/hu\/wp-json\/wp\/v2\/posts\/7155\/revisions"}],"predecessor-version":[{"id":7156,"href":"https:\/\/super-news.info\/hu\/wp-json\/wp\/v2\/posts\/7155\/revisions\/7156"}],"wp:featuredmedia":[{"embeddable":true,"href":"https:\/\/super-news.info\/hu\/wp-json\/wp\/v2\/media\/102"}],"wp:attachment":[{"href":"https:\/\/super-news.info\/hu\/wp-json\/wp\/v2\/media?parent=7155"}],"wp:term":[{"taxonomy":"category","embeddable":true,"href":"https:\/\/super-news.info\/hu\/wp-json\/wp\/v2\/categories?post=7155"},{"taxonomy":"post_tag","embeddable":true,"href":"https:\/\/super-news.info\/hu\/wp-json\/wp\/v2\/tags?post=7155"}],"curies":[{"name":"wp","href":"https:\/\/api.w.org\/{rel}","templated":true}]}}