{"id":7152,"date":"2019-08-05T12:51:00","date_gmt":"2019-08-05T09:51:00","guid":{"rendered":"https:\/\/super-news.info\/hu\/ot-eve-nem-voltak-ilyen-pesszimistak-a-befektetok\/"},"modified":"2019-08-05T12:51:01","modified_gmt":"2019-08-05T09:51:01","slug":"ot-eve-nem-voltak-ilyen-pesszimistak-a-befektetok","status":"publish","type":"post","link":"https:\/\/super-news.info\/hu\/ot-eve-nem-voltak-ilyen-pesszimistak-a-befektetok\/","title":{"rendered":"\u00d6t \u00e9ve nem voltak ilyen pesszimist\u00e1k a befektet\u0151k"},"content":{"rendered":"<p> [ad_1]<br \/>\n<\/p>\n<p>\n\t\t\t\t\t\t\t\tA v\u00e1rn\u00e1l nagyobb m\u00e9rt\u00e9k\u0171 cs\u00f6kken\u00e9ssel \u00f6t \u00e9ve a legalacsonyabbra esett a befektet\u0151i hangulat az eur\u00f6vezetben a berlini Sentix gazdas\u00e1gkutat\u00f3 int\u00e9zet h\u00e9tf\u0151n publik\u00e1lt felm\u00e9r\u00e9se szerint.\t\t\t\t\t\t\t<\/p>\n<div>\n<p>A Sentix mintegy 930 befektet\u0151 \u00e9s p\u00e9nz\u00fcgyi elemz\u0151 bevon\u00e1s\u00e1val havi rendszeress\u00e9ggel v\u00e9gzett felm\u00e9r\u00e9s\u00e9ben az eur\u00f3\u00f6vezeti befektet\u0151i hangulatindex augusztusra vonatkoz\u00f3an m\u00ednusz 13,7 pontra, k\u00f6zel \u00f6t \u00e9ve, 2014 okt\u00f3bere \u00f3ta a legalacsonyabbra cs\u00f6kkent az el\u0151z\u0151 havi 5,8 pontr\u00f3l.<\/p>\n<p>Elemz\u0151k k\u00f6r\u00e9ben az augusztusra v\u00e1rt \u00e9rt\u00e9k m\u00ednusz 7,0 pont volt.<\/p>\n<p>Az index mindk\u00e9t \u00f6sszetev\u0151je, az aktu\u00e1lis helyzetet \u00e9s a kil\u00e1t\u00e1sokat t\u00fckr\u00f6z\u0151 mutat\u00f3 cs\u00f6kkent.<\/p>\n<div id=\"attachment_1672036\" style=\"width: 1410px\" class=\"wp-caption aligncenter\">\n<p class=\"wp-caption-text\">Fot\u00f3: DANIEL ROLAND \/ AFP<\/p>\n<\/div>\n<p>A felm\u00e9r\u00e9sbe bevont befektet\u00e9si szakembereknek az aktu\u00e1lis gazdas\u00e1gi k\u00f6rnyezetr\u0151l alkotott v\u00e9lem\u00e9ny\u00e9t sz\u00e1mszer\u0171s\u00edt\u0151 mutat\u00f3 augusztusra vonatkoz\u00f3an m\u00ednusz 7,3 pontra, 2015 janu\u00e1rja \u00f3ta a legalacsonyabbra cs\u00f6kkent az el\u0151z\u0151 havi 1,8 pontr\u00f3l.<\/p>\n<p>A hat h\u00f3napra el\u0151re tekint\u0151 konjunktur\u00e1lis v\u00e1rakoz\u00e1sokat sz\u00e1mszer\u0171s\u00edt\u0151 mutat\u00f3 \u00e9rt\u00e9ke az el\u0151z\u0151 havi m\u00ednusz 13,0 pontr\u00f3l augusztusra vonatkoz\u00f3an m\u00ednusz 20,0 pontra cs\u00f6kkent, 2012 augusztusa \u00f3ta a legalacsonyabbra.<\/p>\n<div class=\"aframe\">\n<h3>Lassult az eur\u00f3\u00f6vezet teljes\u00edtm\u00e9nyn\u00f6veked\u00e9se<\/h3>\n<p>Az eur\u00f3\u00f6vezeti gazdas\u00e1g h\u00e1rom h\u00f3napja leggyeng\u00e9bb teljes\u00edtm\u00e9nyn\u00f6veked\u00e9s\u00e9t jelzi a londoni IHS Markit gazdas\u00e1gkutat\u00f3 int\u00e9zet h\u00e9tf\u0151n publik\u00e1lt j\u00faliusi beszerz\u00e9simenedzser-indexe.<\/p>\n<\/div>\n<p>\u00a0<\/p>\n<\/p><\/div>\n<p><script>\n    window.fbAsyncInit = function() {\n        FB.init({\n            appId      : \"204760236815359\",\n            xfbml      : true,\n            version    : \"v2.12\"\n        });\n        FB.AppEvents.logPageView();\n    };<\/p>\n<p>    (function(d, s, id){\n        var js, fjs = d.getElementsByTagName(s)[0];\n        if (d.getElementById(id)) {return;}\n        js = d.createElement(s); js.id = id;\n        js.src = \"http:\/\/connect.facebook.net\/hu_HU\/sdk.js\";\n        fjs.parentNode.insertBefore(js, fjs);\n    }(document, \"script\", \"facebook-jssdk\"));\n<\/script><br \/>\n<br \/>[ad_2]<br \/>\n<br \/><a href=\"https:\/\/www.vg.hu\/gazdasag\/gazdasagi-hirek\/ot-eve-nem-voltak-ilyen-pesszimistak-a-befektetok-1672021\/\">Source link <\/a><\/p>\n","protected":false},"excerpt":{"rendered":"<p>[ad_1] A v\u00e1rn\u00e1l nagyobb m\u00e9rt\u00e9k\u0171 cs\u00f6kken\u00e9ssel \u00f6t \u00e9ve a legalacsonyabbra esett a befektet\u0151i hangulat az eur\u00f6vezetben a berlini Sentix gazdas\u00e1gkutat\u00f3 int\u00e9zet h\u00e9tf\u0151n publik\u00e1lt felm\u00e9r\u00e9se szerint. A Sentix mintegy 930 befektet\u0151 \u00e9s p\u00e9nz\u00fcgyi elemz\u0151 bevon\u00e1s\u00e1val havi rendszeress\u00e9ggel v\u00e9gzett felm\u00e9r\u00e9s\u00e9ben az eur\u00f3\u00f6vezeti befektet\u0151i hangulatindex augusztusra vonatkoz\u00f3an m\u00ednusz 13,7 pontra, k\u00f6zel \u00f6t \u00e9ve, 2014 okt\u00f3bere \u00f3ta a legalacsonyabbra [&hellip;]<\/p>\n","protected":false},"author":2,"featured_media":7153,"comment_status":"open","ping_status":"open","sticky":false,"template":"","format":"standard","meta":{"footnotes":""},"categories":[1],"tags":[],"class_list":["post-7152","post","type-post","status-publish","format-standard","has-post-thumbnail","hentry","category-penzugyi-hirek"],"yoast_head":"<!-- This site is optimized with the Yoast SEO plugin v27.4 - https:\/\/yoast.com\/product\/yoast-seo-wordpress\/ -->\n<title>\u00d6t \u00e9ve nem voltak ilyen pesszimist\u00e1k a befektet\u0151k - Super News<\/title>\n<meta name=\"robots\" content=\"index, follow, max-snippet:-1, max-image-preview:large, max-video-preview:-1\" \/>\n<link rel=\"canonical\" href=\"https:\/\/super-news.info\/hu\/ot-eve-nem-voltak-ilyen-pesszimistak-a-befektetok\/\" \/>\n<meta property=\"og:locale\" content=\"hu_HU\" \/>\n<meta property=\"og:type\" content=\"article\" \/>\n<meta property=\"og:title\" content=\"\u00d6t \u00e9ve nem voltak ilyen pesszimist\u00e1k a befektet\u0151k - Super News\" \/>\n<meta property=\"og:description\" content=\"[ad_1] A v\u00e1rn\u00e1l nagyobb m\u00e9rt\u00e9k\u0171 cs\u00f6kken\u00e9ssel \u00f6t \u00e9ve a legalacsonyabbra esett a befektet\u0151i hangulat az eur\u00f6vezetben a berlini Sentix gazdas\u00e1gkutat\u00f3 int\u00e9zet h\u00e9tf\u0151n publik\u00e1lt felm\u00e9r\u00e9se szerint. A Sentix mintegy 930 befektet\u0151 \u00e9s p\u00e9nz\u00fcgyi elemz\u0151 bevon\u00e1s\u00e1val havi rendszeress\u00e9ggel v\u00e9gzett felm\u00e9r\u00e9s\u00e9ben az eur\u00f3\u00f6vezeti befektet\u0151i hangulatindex augusztusra vonatkoz\u00f3an m\u00ednusz 13,7 pontra, k\u00f6zel \u00f6t \u00e9ve, 2014 okt\u00f3bere \u00f3ta a legalacsonyabbra [&hellip;]\" \/>\n<meta property=\"og:url\" content=\"https:\/\/super-news.info\/hu\/ot-eve-nem-voltak-ilyen-pesszimistak-a-befektetok\/\" \/>\n<meta property=\"og:site_name\" content=\"Super News\" \/>\n<meta property=\"article:published_time\" content=\"2019-08-05T09:51:00+00:00\" \/>\n<meta property=\"article:modified_time\" content=\"2019-08-05T09:51:01+00:00\" \/>\n<meta property=\"og:image\" content=\"https:\/\/super-news.info\/hu\/wp-content\/uploads\/sites\/3\/2019\/08\/\u00d6t-\u00e9ve-nem-voltak-ilyen-pesszimist\u00e1k-a-befektet\u0151k.jpg\" \/>\n\t<meta property=\"og:image:width\" content=\"1400\" \/>\n\t<meta property=\"og:image:height\" content=\"852\" \/>\n\t<meta property=\"og:image:type\" content=\"image\/jpeg\" \/>\n<meta name=\"author\" content=\"super-news\" \/>\n<meta name=\"twitter:card\" content=\"summary_large_image\" \/>\n<meta name=\"twitter:label1\" content=\"Szerz\u0151:\" \/>\n\t<meta name=\"twitter:data1\" content=\"super-news\" \/>\n\t<meta name=\"twitter:label2\" content=\"Becs\u00fclt olvas\u00e1si id\u0151\" \/>\n\t<meta name=\"twitter:data2\" content=\"1 perc\" \/>\n<script type=\"application\/ld+json\" class=\"yoast-schema-graph\">{\"@context\":\"https:\\\/\\\/schema.org\",\"@graph\":[{\"@type\":\"Article\",\"@id\":\"https:\\\/\\\/super-news.info\\\/hu\\\/ot-eve-nem-voltak-ilyen-pesszimistak-a-befektetok\\\/#article\",\"isPartOf\":{\"@id\":\"https:\\\/\\\/super-news.info\\\/hu\\\/ot-eve-nem-voltak-ilyen-pesszimistak-a-befektetok\\\/\"},\"author\":{\"name\":\"super-news\",\"@id\":\"https:\\\/\\\/super-news.info\\\/hu\\\/#\\\/schema\\\/person\\\/2d4068cb2f39cd10008c2fce578a7356\"},\"headline\":\"\u00d6t \u00e9ve nem voltak ilyen pesszimist\u00e1k a befektet\u0151k\",\"datePublished\":\"2019-08-05T09:51:00+00:00\",\"dateModified\":\"2019-08-05T09:51:01+00:00\",\"mainEntityOfPage\":{\"@id\":\"https:\\\/\\\/super-news.info\\\/hu\\\/ot-eve-nem-voltak-ilyen-pesszimistak-a-befektetok\\\/\"},\"wordCount\":271,\"commentCount\":0,\"image\":{\"@id\":\"https:\\\/\\\/super-news.info\\\/hu\\\/ot-eve-nem-voltak-ilyen-pesszimistak-a-befektetok\\\/#primaryimage\"},\"thumbnailUrl\":\"https:\\\/\\\/super-news.info\\\/hu\\\/wp-content\\\/uploads\\\/sites\\\/3\\\/2019\\\/08\\\/\u00d6t-\u00e9ve-nem-voltak-ilyen-pesszimist\u00e1k-a-befektet\u0151k.jpg\",\"articleSection\":[\"P\u00c9NZ\u00dcGYI H\u00cdREK\"],\"inLanguage\":\"hu\",\"potentialAction\":[{\"@type\":\"CommentAction\",\"name\":\"Comment\",\"target\":[\"https:\\\/\\\/super-news.info\\\/hu\\\/ot-eve-nem-voltak-ilyen-pesszimistak-a-befektetok\\\/#respond\"]}]},{\"@type\":\"WebPage\",\"@id\":\"https:\\\/\\\/super-news.info\\\/hu\\\/ot-eve-nem-voltak-ilyen-pesszimistak-a-befektetok\\\/\",\"url\":\"https:\\\/\\\/super-news.info\\\/hu\\\/ot-eve-nem-voltak-ilyen-pesszimistak-a-befektetok\\\/\",\"name\":\"\u00d6t \u00e9ve nem voltak ilyen pesszimist\u00e1k a befektet\u0151k - Super News\",\"isPartOf\":{\"@id\":\"https:\\\/\\\/super-news.info\\\/hu\\\/#website\"},\"primaryImageOfPage\":{\"@id\":\"https:\\\/\\\/super-news.info\\\/hu\\\/ot-eve-nem-voltak-ilyen-pesszimistak-a-befektetok\\\/#primaryimage\"},\"image\":{\"@id\":\"https:\\\/\\\/super-news.info\\\/hu\\\/ot-eve-nem-voltak-ilyen-pesszimistak-a-befektetok\\\/#primaryimage\"},\"thumbnailUrl\":\"https:\\\/\\\/super-news.info\\\/hu\\\/wp-content\\\/uploads\\\/sites\\\/3\\\/2019\\\/08\\\/\u00d6t-\u00e9ve-nem-voltak-ilyen-pesszimist\u00e1k-a-befektet\u0151k.jpg\",\"datePublished\":\"2019-08-05T09:51:00+00:00\",\"dateModified\":\"2019-08-05T09:51:01+00:00\",\"author\":{\"@id\":\"https:\\\/\\\/super-news.info\\\/hu\\\/#\\\/schema\\\/person\\\/2d4068cb2f39cd10008c2fce578a7356\"},\"breadcrumb\":{\"@id\":\"https:\\\/\\\/super-news.info\\\/hu\\\/ot-eve-nem-voltak-ilyen-pesszimistak-a-befektetok\\\/#breadcrumb\"},\"inLanguage\":\"hu\",\"potentialAction\":[{\"@type\":\"ReadAction\",\"target\":[\"https:\\\/\\\/super-news.info\\\/hu\\\/ot-eve-nem-voltak-ilyen-pesszimistak-a-befektetok\\\/\"]}]},{\"@type\":\"ImageObject\",\"inLanguage\":\"hu\",\"@id\":\"https:\\\/\\\/super-news.info\\\/hu\\\/ot-eve-nem-voltak-ilyen-pesszimistak-a-befektetok\\\/#primaryimage\",\"url\":\"https:\\\/\\\/super-news.info\\\/hu\\\/wp-content\\\/uploads\\\/sites\\\/3\\\/2019\\\/08\\\/\u00d6t-\u00e9ve-nem-voltak-ilyen-pesszimist\u00e1k-a-befektet\u0151k.jpg\",\"contentUrl\":\"https:\\\/\\\/super-news.info\\\/hu\\\/wp-content\\\/uploads\\\/sites\\\/3\\\/2019\\\/08\\\/\u00d6t-\u00e9ve-nem-voltak-ilyen-pesszimist\u00e1k-a-befektet\u0151k.jpg\",\"width\":1400,\"height\":852,\"caption\":\"\u00d6t \u00e9ve nem voltak ilyen pesszimist\u00e1k a befektet\u0151k\"},{\"@type\":\"BreadcrumbList\",\"@id\":\"https:\\\/\\\/super-news.info\\\/hu\\\/ot-eve-nem-voltak-ilyen-pesszimistak-a-befektetok\\\/#breadcrumb\",\"itemListElement\":[{\"@type\":\"ListItem\",\"position\":1,\"name\":\"\u0413\u043b\u0430\u0432\u043d\u0430\u044f \u0441\u0442\u0440\u0430\u043d\u0438\u0446\u0430\",\"item\":\"https:\\\/\\\/super-news.info\\\/hu\\\/\"},{\"@type\":\"ListItem\",\"position\":2,\"name\":\"\u00d6t \u00e9ve nem voltak ilyen pesszimist\u00e1k a befektet\u0151k\"}]},{\"@type\":\"WebSite\",\"@id\":\"https:\\\/\\\/super-news.info\\\/hu\\\/#website\",\"url\":\"https:\\\/\\\/super-news.info\\\/hu\\\/\",\"name\":\"Super News\",\"description\":\"Super News Magyarorsz\u00e1g\",\"potentialAction\":[{\"@type\":\"SearchAction\",\"target\":{\"@type\":\"EntryPoint\",\"urlTemplate\":\"https:\\\/\\\/super-news.info\\\/hu\\\/?s={search_term_string}\"},\"query-input\":{\"@type\":\"PropertyValueSpecification\",\"valueRequired\":true,\"valueName\":\"search_term_string\"}}],\"inLanguage\":\"hu\"},{\"@type\":\"Person\",\"@id\":\"https:\\\/\\\/super-news.info\\\/hu\\\/#\\\/schema\\\/person\\\/2d4068cb2f39cd10008c2fce578a7356\",\"name\":\"super-news\",\"image\":{\"@type\":\"ImageObject\",\"inLanguage\":\"hu\",\"@id\":\"https:\\\/\\\/secure.gravatar.com\\\/avatar\\\/64ebac40b93f26a154f8a9b5b6fdccfc46f442b26b3dd6756dbff3bf9dc76fd7?s=96&d=mm&r=g\",\"url\":\"https:\\\/\\\/secure.gravatar.com\\\/avatar\\\/64ebac40b93f26a154f8a9b5b6fdccfc46f442b26b3dd6756dbff3bf9dc76fd7?s=96&d=mm&r=g\",\"contentUrl\":\"https:\\\/\\\/secure.gravatar.com\\\/avatar\\\/64ebac40b93f26a154f8a9b5b6fdccfc46f442b26b3dd6756dbff3bf9dc76fd7?s=96&d=mm&r=g\",\"caption\":\"super-news\"},\"url\":\"https:\\\/\\\/super-news.info\\\/hu\\\/author\\\/pt\\\/\"}]}<\/script>\n<!-- \/ Yoast SEO plugin. -->","yoast_head_json":{"title":"\u00d6t \u00e9ve nem voltak ilyen pesszimist\u00e1k a befektet\u0151k - Super News","robots":{"index":"index","follow":"follow","max-snippet":"max-snippet:-1","max-image-preview":"max-image-preview:large","max-video-preview":"max-video-preview:-1"},"canonical":"https:\/\/super-news.info\/hu\/ot-eve-nem-voltak-ilyen-pesszimistak-a-befektetok\/","og_locale":"hu_HU","og_type":"article","og_title":"\u00d6t \u00e9ve nem voltak ilyen pesszimist\u00e1k a befektet\u0151k - Super News","og_description":"[ad_1] A v\u00e1rn\u00e1l nagyobb m\u00e9rt\u00e9k\u0171 cs\u00f6kken\u00e9ssel \u00f6t \u00e9ve a legalacsonyabbra esett a befektet\u0151i hangulat az eur\u00f6vezetben a berlini Sentix gazdas\u00e1gkutat\u00f3 int\u00e9zet h\u00e9tf\u0151n publik\u00e1lt felm\u00e9r\u00e9se szerint. A Sentix mintegy 930 befektet\u0151 \u00e9s p\u00e9nz\u00fcgyi elemz\u0151 bevon\u00e1s\u00e1val havi rendszeress\u00e9ggel v\u00e9gzett felm\u00e9r\u00e9s\u00e9ben az eur\u00f3\u00f6vezeti befektet\u0151i hangulatindex augusztusra vonatkoz\u00f3an m\u00ednusz 13,7 pontra, k\u00f6zel \u00f6t \u00e9ve, 2014 okt\u00f3bere \u00f3ta a legalacsonyabbra [&hellip;]","og_url":"https:\/\/super-news.info\/hu\/ot-eve-nem-voltak-ilyen-pesszimistak-a-befektetok\/","og_site_name":"Super News","article_published_time":"2019-08-05T09:51:00+00:00","article_modified_time":"2019-08-05T09:51:01+00:00","og_image":[{"width":1400,"height":852,"url":"https:\/\/super-news.info\/hu\/wp-content\/uploads\/sites\/3\/2019\/08\/\u00d6t-\u00e9ve-nem-voltak-ilyen-pesszimist\u00e1k-a-befektet\u0151k.jpg","type":"image\/jpeg"}],"author":"super-news","twitter_card":"summary_large_image","twitter_misc":{"Szerz\u0151:":"super-news","Becs\u00fclt olvas\u00e1si id\u0151":"1 perc"},"schema":{"@context":"https:\/\/schema.org","@graph":[{"@type":"Article","@id":"https:\/\/super-news.info\/hu\/ot-eve-nem-voltak-ilyen-pesszimistak-a-befektetok\/#article","isPartOf":{"@id":"https:\/\/super-news.info\/hu\/ot-eve-nem-voltak-ilyen-pesszimistak-a-befektetok\/"},"author":{"name":"super-news","@id":"https:\/\/super-news.info\/hu\/#\/schema\/person\/2d4068cb2f39cd10008c2fce578a7356"},"headline":"\u00d6t \u00e9ve nem voltak ilyen pesszimist\u00e1k a befektet\u0151k","datePublished":"2019-08-05T09:51:00+00:00","dateModified":"2019-08-05T09:51:01+00:00","mainEntityOfPage":{"@id":"https:\/\/super-news.info\/hu\/ot-eve-nem-voltak-ilyen-pesszimistak-a-befektetok\/"},"wordCount":271,"commentCount":0,"image":{"@id":"https:\/\/super-news.info\/hu\/ot-eve-nem-voltak-ilyen-pesszimistak-a-befektetok\/#primaryimage"},"thumbnailUrl":"https:\/\/super-news.info\/hu\/wp-content\/uploads\/sites\/3\/2019\/08\/\u00d6t-\u00e9ve-nem-voltak-ilyen-pesszimist\u00e1k-a-befektet\u0151k.jpg","articleSection":["P\u00c9NZ\u00dcGYI H\u00cdREK"],"inLanguage":"hu","potentialAction":[{"@type":"CommentAction","name":"Comment","target":["https:\/\/super-news.info\/hu\/ot-eve-nem-voltak-ilyen-pesszimistak-a-befektetok\/#respond"]}]},{"@type":"WebPage","@id":"https:\/\/super-news.info\/hu\/ot-eve-nem-voltak-ilyen-pesszimistak-a-befektetok\/","url":"https:\/\/super-news.info\/hu\/ot-eve-nem-voltak-ilyen-pesszimistak-a-befektetok\/","name":"\u00d6t \u00e9ve nem voltak ilyen pesszimist\u00e1k a befektet\u0151k - Super News","isPartOf":{"@id":"https:\/\/super-news.info\/hu\/#website"},"primaryImageOfPage":{"@id":"https:\/\/super-news.info\/hu\/ot-eve-nem-voltak-ilyen-pesszimistak-a-befektetok\/#primaryimage"},"image":{"@id":"https:\/\/super-news.info\/hu\/ot-eve-nem-voltak-ilyen-pesszimistak-a-befektetok\/#primaryimage"},"thumbnailUrl":"https:\/\/super-news.info\/hu\/wp-content\/uploads\/sites\/3\/2019\/08\/\u00d6t-\u00e9ve-nem-voltak-ilyen-pesszimist\u00e1k-a-befektet\u0151k.jpg","datePublished":"2019-08-05T09:51:00+00:00","dateModified":"2019-08-05T09:51:01+00:00","author":{"@id":"https:\/\/super-news.info\/hu\/#\/schema\/person\/2d4068cb2f39cd10008c2fce578a7356"},"breadcrumb":{"@id":"https:\/\/super-news.info\/hu\/ot-eve-nem-voltak-ilyen-pesszimistak-a-befektetok\/#breadcrumb"},"inLanguage":"hu","potentialAction":[{"@type":"ReadAction","target":["https:\/\/super-news.info\/hu\/ot-eve-nem-voltak-ilyen-pesszimistak-a-befektetok\/"]}]},{"@type":"ImageObject","inLanguage":"hu","@id":"https:\/\/super-news.info\/hu\/ot-eve-nem-voltak-ilyen-pesszimistak-a-befektetok\/#primaryimage","url":"https:\/\/super-news.info\/hu\/wp-content\/uploads\/sites\/3\/2019\/08\/\u00d6t-\u00e9ve-nem-voltak-ilyen-pesszimist\u00e1k-a-befektet\u0151k.jpg","contentUrl":"https:\/\/super-news.info\/hu\/wp-content\/uploads\/sites\/3\/2019\/08\/\u00d6t-\u00e9ve-nem-voltak-ilyen-pesszimist\u00e1k-a-befektet\u0151k.jpg","width":1400,"height":852,"caption":"\u00d6t \u00e9ve nem voltak ilyen pesszimist\u00e1k a befektet\u0151k"},{"@type":"BreadcrumbList","@id":"https:\/\/super-news.info\/hu\/ot-eve-nem-voltak-ilyen-pesszimistak-a-befektetok\/#breadcrumb","itemListElement":[{"@type":"ListItem","position":1,"name":"\u0413\u043b\u0430\u0432\u043d\u0430\u044f \u0441\u0442\u0440\u0430\u043d\u0438\u0446\u0430","item":"https:\/\/super-news.info\/hu\/"},{"@type":"ListItem","position":2,"name":"\u00d6t \u00e9ve nem voltak ilyen pesszimist\u00e1k a befektet\u0151k"}]},{"@type":"WebSite","@id":"https:\/\/super-news.info\/hu\/#website","url":"https:\/\/super-news.info\/hu\/","name":"Super News","description":"Super News Magyarorsz\u00e1g","potentialAction":[{"@type":"SearchAction","target":{"@type":"EntryPoint","urlTemplate":"https:\/\/super-news.info\/hu\/?s={search_term_string}"},"query-input":{"@type":"PropertyValueSpecification","valueRequired":true,"valueName":"search_term_string"}}],"inLanguage":"hu"},{"@type":"Person","@id":"https:\/\/super-news.info\/hu\/#\/schema\/person\/2d4068cb2f39cd10008c2fce578a7356","name":"super-news","image":{"@type":"ImageObject","inLanguage":"hu","@id":"https:\/\/secure.gravatar.com\/avatar\/64ebac40b93f26a154f8a9b5b6fdccfc46f442b26b3dd6756dbff3bf9dc76fd7?s=96&d=mm&r=g","url":"https:\/\/secure.gravatar.com\/avatar\/64ebac40b93f26a154f8a9b5b6fdccfc46f442b26b3dd6756dbff3bf9dc76fd7?s=96&d=mm&r=g","contentUrl":"https:\/\/secure.gravatar.com\/avatar\/64ebac40b93f26a154f8a9b5b6fdccfc46f442b26b3dd6756dbff3bf9dc76fd7?s=96&d=mm&r=g","caption":"super-news"},"url":"https:\/\/super-news.info\/hu\/author\/pt\/"}]}},"_links":{"self":[{"href":"https:\/\/super-news.info\/hu\/wp-json\/wp\/v2\/posts\/7152","targetHints":{"allow":["GET"]}}],"collection":[{"href":"https:\/\/super-news.info\/hu\/wp-json\/wp\/v2\/posts"}],"about":[{"href":"https:\/\/super-news.info\/hu\/wp-json\/wp\/v2\/types\/post"}],"author":[{"embeddable":true,"href":"https:\/\/super-news.info\/hu\/wp-json\/wp\/v2\/users\/2"}],"replies":[{"embeddable":true,"href":"https:\/\/super-news.info\/hu\/wp-json\/wp\/v2\/comments?post=7152"}],"version-history":[{"count":1,"href":"https:\/\/super-news.info\/hu\/wp-json\/wp\/v2\/posts\/7152\/revisions"}],"predecessor-version":[{"id":7154,"href":"https:\/\/super-news.info\/hu\/wp-json\/wp\/v2\/posts\/7152\/revisions\/7154"}],"wp:featuredmedia":[{"embeddable":true,"href":"https:\/\/super-news.info\/hu\/wp-json\/wp\/v2\/media\/7153"}],"wp:attachment":[{"href":"https:\/\/super-news.info\/hu\/wp-json\/wp\/v2\/media?parent=7152"}],"wp:term":[{"taxonomy":"category","embeddable":true,"href":"https:\/\/super-news.info\/hu\/wp-json\/wp\/v2\/categories?post=7152"},{"taxonomy":"post_tag","embeddable":true,"href":"https:\/\/super-news.info\/hu\/wp-json\/wp\/v2\/tags?post=7152"}],"curies":[{"name":"wp","href":"https:\/\/api.w.org\/{rel}","templated":true}]}}