{"id":7141,"date":"2019-08-05T10:06:22","date_gmt":"2019-08-05T07:06:22","guid":{"rendered":"https:\/\/super-news.info\/hu\/nagy-elmozdulas-nem-tortent-a-bux-nal\/"},"modified":"2019-08-05T10:06:23","modified_gmt":"2019-08-05T07:06:23","slug":"nagy-elmozdulas-nem-tortent-a-bux-nal","status":"publish","type":"post","link":"https:\/\/super-news.info\/hu\/nagy-elmozdulas-nem-tortent-a-bux-nal\/","title":{"rendered":"Nagy elmozdul\u00e1s nem t\u00f6rt\u00e9nt a BUX-n\u00e1l"},"content":{"rendered":"<p> [ad_1]<br \/>\n<\/p>\n<div>\n<p>A Budapesti \u00c9rt\u00e9kt\u0151zsde r\u00e9szv\u00e9nyindexe, a BUX 0,73 pontos emelked\u00e9ssel, 40 310,34 ponton nyitott h\u00e9tf\u0151n. A p\u00e9nteki z\u00e1r\u00f3 \u00e9rt\u00e9k\u00e9hez k\u00e9pest alig v\u00e1ltozott.<\/p>\n<p>Elemz\u0151k szerint a negat\u00edv glob\u00e1lis hangulat \u00e1tterjedhet a magyar r\u00e9szv\u00e9nypiacra is, ez\u00e9rt cs\u00f6kken\u00e9ssel nyithat a Budapesti \u00c9rt\u00e9kt\u0151zsde h\u00e9tf\u0151n.<\/p>\n<p>M\u00f3r\u00f3 Tam\u00e1s, a Concorde \u00c9rt\u00e9kpap\u00edr Zrt. vezet\u0151 elemz\u0151je kor\u00e1bban kifejtette, negat\u00edv hangulat van a vil\u00e1gban az amerikai-k\u00ednai kereskedelmi h\u00e1bor\u00fa miatti f\u00e9lelmek k\u00f6vetkezt\u00e9ben. K\u00edna engedte le\u00e9rt\u00e9kel\u0151dni a j\u00fcan \u00e1rfolyam\u00e1t, emiatt nagy es\u00e9sre lehet sz\u00e1m\u00edtani a glob\u00e1lis r\u00e9szv\u00e9nypiacokon. A nemzetk\u00f6zi negat\u00edv hat\u00e1s a magyar piacon is \u00e9rz\u0151dhet, \u00edgy a Budapesti \u00c9rt\u00e9kt\u0151zsd\u00e9n a keresked\u00e9s negat\u00edv tartom\u00e1nyban kezd\u0151dhet.<\/p>\n<p>A Concorde vezet\u0151 elemz\u0151je kiemelte azt is, hogy a h\u00e9ten teszi k\u00f6zz\u00e9 v\u00e1llalati jelent\u00e9s\u00e9t a Richter \u00e9s az OTP, ezekre a h\u00e9t folyam\u00e1n j\u00f6het reakci\u00f3, de h\u00e9tf\u0151n az \u00e1ltal\u00e1nosan negat\u00edv glob\u00e1lis hangulat hat\u00e1rozza meg majd a keresked\u00e9st.<br \/>Varga Zolt\u00e1n, az Equilor Befektet\u00e9si Zrt. szenior elemz\u0151je komment\u00e1rja szerint cs\u00f6kken\u00e9s v\u00e1rhat\u00f3 a Budapesti \u00c9rt\u00e9kt\u0151zsd\u00e9n. Tov\u00e1bbra is rendk\u00edv\u00fcl negat\u00edv a nemzetk\u00f6zi befektet\u0151i hangulat, melyet els\u0151sorban az amerikai-k\u00ednai kereskedelmi t\u00e1rgyal\u00e1sok fejlem\u00e9nyei okoztak. Emiatt a hazai r\u00e9szv\u00e9nypiacon is cs\u00f6kken\u00e9s v\u00e1rhat\u00f3, az OTP jegyz\u00e9se a 12 000 forintos szint al\u00e1 ker\u00fclhet, a Mol pedig a 2950 forintos szint fel\u00e9 veheti az ir\u00e1nyt, \u00e9s nem z\u00e1rhat\u00f3 ki, hogy tart\u00f3san al\u00e1esik a jegyz\u00e9s. A Richter tov\u00e1bbra is az 5000-5300 forintos s\u00e1vban mozoghat, itt egyel\u0151re nincs vesz\u00e9lyben az als\u00f3 t\u00e1masz. A Magyar Telekom eset\u00e9ben a 425 forintos t\u00e1maszra \u00e9rdemes kiemelt figyelmet ford\u00edtani.<\/p>\n<p>A szenior elemz\u0151 szerint magasabb bev\u00e9telekr\u0151l \u00e9s alacsonyabb profitr\u00f3l sz\u00e1molhat be a Richter a keddi t\u0151zsdenyit\u00e1st megel\u0151z\u0151en k\u00f6zz\u00e9t\u00e9telre ker\u00fcl\u0151 gyorsjelent\u00e9s\u00e9ben. A bev\u00e9telek az elemz\u0151i konszenzus szerint 116,6 milli\u00e1rd forintra n\u00f6vekedhettek a m\u00e1sodik negyed\u00e9vben, ami 5,5 sz\u00e1zal\u00e9kkal haladja meg a tavalyit. Az emelked\u00e9s a n\u00f6vekv\u0151 Vraylar-\u00e9rt\u00e9kes\u00edt\u00e9sek ut\u00e1n kapott magasabb royalty-bev\u00e9teleknek, \u00e9s az egyszeri m\u00e9rf\u00f6ldk\u0151bev\u00e9telnek k\u00f6sz\u00f6nhet\u0151, tov\u00e1bb\u00e1 a forint gyeng\u00fcl\u00e9se is kedvez\u0151en hatott a forintban kimutatott bev\u00e9telre.<\/p>\n<\/p><\/div>\n<p><script>\n    window.fbAsyncInit = function() {\n        FB.init({\n            appId      : \"204760236815359\",\n            xfbml      : true,\n            version    : \"v2.12\"\n        });\n        FB.AppEvents.logPageView();\n    };<\/p>\n<p>    (function(d, s, id){\n        var js, fjs = d.getElementsByTagName(s)[0];\n        if (d.getElementById(id)) {return;}\n        js = d.createElement(s); js.id = id;\n        js.src = \"http:\/\/connect.facebook.net\/hu_HU\/sdk.js\";\n        fjs.parentNode.insertBefore(js, fjs);\n    }(document, \"script\", \"facebook-jssdk\"));\n<\/script><br \/>\n<br \/>[ad_2]<br \/>\n<br \/><a href=\"https:\/\/www.vg.hu\/penzugy\/tozsde\/nagy-elmozdulas-nem-tortent-a-bux-nal-1671739\/\">Source link <\/a><\/p>\n","protected":false},"excerpt":{"rendered":"<p>[ad_1] A Budapesti \u00c9rt\u00e9kt\u0151zsde r\u00e9szv\u00e9nyindexe, a BUX 0,73 pontos emelked\u00e9ssel, 40 310,34 ponton nyitott h\u00e9tf\u0151n. A p\u00e9nteki z\u00e1r\u00f3 \u00e9rt\u00e9k\u00e9hez k\u00e9pest alig v\u00e1ltozott. Elemz\u0151k szerint a negat\u00edv glob\u00e1lis hangulat \u00e1tterjedhet a magyar r\u00e9szv\u00e9nypiacra is, ez\u00e9rt cs\u00f6kken\u00e9ssel nyithat a Budapesti \u00c9rt\u00e9kt\u0151zsde h\u00e9tf\u0151n. M\u00f3r\u00f3 Tam\u00e1s, a Concorde \u00c9rt\u00e9kpap\u00edr Zrt. vezet\u0151 elemz\u0151je kor\u00e1bban kifejtette, negat\u00edv hangulat van a vil\u00e1gban [&hellip;]<\/p>\n","protected":false},"author":2,"featured_media":300,"comment_status":"open","ping_status":"open","sticky":false,"template":"","format":"standard","meta":{"footnotes":""},"categories":[1],"tags":[],"class_list":["post-7141","post","type-post","status-publish","format-standard","has-post-thumbnail","hentry","category-penzugyi-hirek"],"yoast_head":"<!-- This site is optimized with the Yoast SEO plugin v27.4 - https:\/\/yoast.com\/product\/yoast-seo-wordpress\/ -->\n<title>Nagy elmozdul\u00e1s nem t\u00f6rt\u00e9nt a BUX-n\u00e1l - Super News<\/title>\n<meta name=\"robots\" content=\"index, follow, max-snippet:-1, max-image-preview:large, max-video-preview:-1\" \/>\n<link rel=\"canonical\" href=\"https:\/\/super-news.info\/hu\/nagy-elmozdulas-nem-tortent-a-bux-nal\/\" \/>\n<meta property=\"og:locale\" content=\"hu_HU\" \/>\n<meta property=\"og:type\" content=\"article\" \/>\n<meta property=\"og:title\" content=\"Nagy elmozdul\u00e1s nem t\u00f6rt\u00e9nt a BUX-n\u00e1l - Super News\" \/>\n<meta property=\"og:description\" content=\"[ad_1] A Budapesti \u00c9rt\u00e9kt\u0151zsde r\u00e9szv\u00e9nyindexe, a BUX 0,73 pontos emelked\u00e9ssel, 40 310,34 ponton nyitott h\u00e9tf\u0151n. A p\u00e9nteki z\u00e1r\u00f3 \u00e9rt\u00e9k\u00e9hez k\u00e9pest alig v\u00e1ltozott. Elemz\u0151k szerint a negat\u00edv glob\u00e1lis hangulat \u00e1tterjedhet a magyar r\u00e9szv\u00e9nypiacra is, ez\u00e9rt cs\u00f6kken\u00e9ssel nyithat a Budapesti \u00c9rt\u00e9kt\u0151zsde h\u00e9tf\u0151n. M\u00f3r\u00f3 Tam\u00e1s, a Concorde \u00c9rt\u00e9kpap\u00edr Zrt. vezet\u0151 elemz\u0151je kor\u00e1bban kifejtette, negat\u00edv hangulat van a vil\u00e1gban [&hellip;]\" \/>\n<meta property=\"og:url\" content=\"https:\/\/super-news.info\/hu\/nagy-elmozdulas-nem-tortent-a-bux-nal\/\" \/>\n<meta property=\"og:site_name\" content=\"Super News\" \/>\n<meta property=\"article:published_time\" content=\"2019-08-05T07:06:22+00:00\" \/>\n<meta property=\"article:modified_time\" content=\"2019-08-05T07:06:23+00:00\" \/>\n<meta property=\"og:image\" content=\"https:\/\/super-news.info\/hu\/wp-content\/uploads\/sites\/3\/2019\/04\/V\u00e1ltoz\u00f3-k\u00e9pet-mutat-az-eur\u00f3pai-keresked\u00e9s.png\" \/>\n\t<meta property=\"og:image:width\" content=\"1400\" \/>\n\t<meta property=\"og:image:height\" content=\"900\" \/>\n\t<meta property=\"og:image:type\" content=\"image\/png\" \/>\n<meta name=\"author\" content=\"super-news\" \/>\n<meta name=\"twitter:card\" content=\"summary_large_image\" \/>\n<meta name=\"twitter:label1\" content=\"Szerz\u0151:\" \/>\n\t<meta name=\"twitter:data1\" content=\"super-news\" \/>\n\t<meta name=\"twitter:label2\" content=\"Becs\u00fclt olvas\u00e1si id\u0151\" \/>\n\t<meta name=\"twitter:data2\" content=\"2 perc\" \/>\n<script type=\"application\/ld+json\" class=\"yoast-schema-graph\">{\"@context\":\"https:\\\/\\\/schema.org\",\"@graph\":[{\"@type\":\"Article\",\"@id\":\"https:\\\/\\\/super-news.info\\\/hu\\\/nagy-elmozdulas-nem-tortent-a-bux-nal\\\/#article\",\"isPartOf\":{\"@id\":\"https:\\\/\\\/super-news.info\\\/hu\\\/nagy-elmozdulas-nem-tortent-a-bux-nal\\\/\"},\"author\":{\"name\":\"super-news\",\"@id\":\"https:\\\/\\\/super-news.info\\\/hu\\\/#\\\/schema\\\/person\\\/2d4068cb2f39cd10008c2fce578a7356\"},\"headline\":\"Nagy elmozdul\u00e1s nem t\u00f6rt\u00e9nt a BUX-n\u00e1l\",\"datePublished\":\"2019-08-05T07:06:22+00:00\",\"dateModified\":\"2019-08-05T07:06:23+00:00\",\"mainEntityOfPage\":{\"@id\":\"https:\\\/\\\/super-news.info\\\/hu\\\/nagy-elmozdulas-nem-tortent-a-bux-nal\\\/\"},\"wordCount\":455,\"commentCount\":0,\"image\":{\"@id\":\"https:\\\/\\\/super-news.info\\\/hu\\\/nagy-elmozdulas-nem-tortent-a-bux-nal\\\/#primaryimage\"},\"thumbnailUrl\":\"https:\\\/\\\/super-news.info\\\/hu\\\/wp-content\\\/uploads\\\/sites\\\/3\\\/2019\\\/04\\\/V\u00e1ltoz\u00f3-k\u00e9pet-mutat-az-eur\u00f3pai-keresked\u00e9s.png\",\"articleSection\":[\"P\u00c9NZ\u00dcGYI H\u00cdREK\"],\"inLanguage\":\"hu\",\"potentialAction\":[{\"@type\":\"CommentAction\",\"name\":\"Comment\",\"target\":[\"https:\\\/\\\/super-news.info\\\/hu\\\/nagy-elmozdulas-nem-tortent-a-bux-nal\\\/#respond\"]}]},{\"@type\":\"WebPage\",\"@id\":\"https:\\\/\\\/super-news.info\\\/hu\\\/nagy-elmozdulas-nem-tortent-a-bux-nal\\\/\",\"url\":\"https:\\\/\\\/super-news.info\\\/hu\\\/nagy-elmozdulas-nem-tortent-a-bux-nal\\\/\",\"name\":\"Nagy elmozdul\u00e1s nem t\u00f6rt\u00e9nt a BUX-n\u00e1l - Super News\",\"isPartOf\":{\"@id\":\"https:\\\/\\\/super-news.info\\\/hu\\\/#website\"},\"primaryImageOfPage\":{\"@id\":\"https:\\\/\\\/super-news.info\\\/hu\\\/nagy-elmozdulas-nem-tortent-a-bux-nal\\\/#primaryimage\"},\"image\":{\"@id\":\"https:\\\/\\\/super-news.info\\\/hu\\\/nagy-elmozdulas-nem-tortent-a-bux-nal\\\/#primaryimage\"},\"thumbnailUrl\":\"https:\\\/\\\/super-news.info\\\/hu\\\/wp-content\\\/uploads\\\/sites\\\/3\\\/2019\\\/04\\\/V\u00e1ltoz\u00f3-k\u00e9pet-mutat-az-eur\u00f3pai-keresked\u00e9s.png\",\"datePublished\":\"2019-08-05T07:06:22+00:00\",\"dateModified\":\"2019-08-05T07:06:23+00:00\",\"author\":{\"@id\":\"https:\\\/\\\/super-news.info\\\/hu\\\/#\\\/schema\\\/person\\\/2d4068cb2f39cd10008c2fce578a7356\"},\"breadcrumb\":{\"@id\":\"https:\\\/\\\/super-news.info\\\/hu\\\/nagy-elmozdulas-nem-tortent-a-bux-nal\\\/#breadcrumb\"},\"inLanguage\":\"hu\",\"potentialAction\":[{\"@type\":\"ReadAction\",\"target\":[\"https:\\\/\\\/super-news.info\\\/hu\\\/nagy-elmozdulas-nem-tortent-a-bux-nal\\\/\"]}]},{\"@type\":\"ImageObject\",\"inLanguage\":\"hu\",\"@id\":\"https:\\\/\\\/super-news.info\\\/hu\\\/nagy-elmozdulas-nem-tortent-a-bux-nal\\\/#primaryimage\",\"url\":\"https:\\\/\\\/super-news.info\\\/hu\\\/wp-content\\\/uploads\\\/sites\\\/3\\\/2019\\\/04\\\/V\u00e1ltoz\u00f3-k\u00e9pet-mutat-az-eur\u00f3pai-keresked\u00e9s.png\",\"contentUrl\":\"https:\\\/\\\/super-news.info\\\/hu\\\/wp-content\\\/uploads\\\/sites\\\/3\\\/2019\\\/04\\\/V\u00e1ltoz\u00f3-k\u00e9pet-mutat-az-eur\u00f3pai-keresked\u00e9s.png\",\"width\":1400,\"height\":900,\"caption\":\"V\u00e1ltoz\u00f3 k\u00e9pet mutat az eur\u00f3pai keresked\u00e9s\"},{\"@type\":\"BreadcrumbList\",\"@id\":\"https:\\\/\\\/super-news.info\\\/hu\\\/nagy-elmozdulas-nem-tortent-a-bux-nal\\\/#breadcrumb\",\"itemListElement\":[{\"@type\":\"ListItem\",\"position\":1,\"name\":\"\u0413\u043b\u0430\u0432\u043d\u0430\u044f \u0441\u0442\u0440\u0430\u043d\u0438\u0446\u0430\",\"item\":\"https:\\\/\\\/super-news.info\\\/hu\\\/\"},{\"@type\":\"ListItem\",\"position\":2,\"name\":\"Nagy elmozdul\u00e1s nem t\u00f6rt\u00e9nt a BUX-n\u00e1l\"}]},{\"@type\":\"WebSite\",\"@id\":\"https:\\\/\\\/super-news.info\\\/hu\\\/#website\",\"url\":\"https:\\\/\\\/super-news.info\\\/hu\\\/\",\"name\":\"Super News\",\"description\":\"Super News Magyarorsz\u00e1g\",\"potentialAction\":[{\"@type\":\"SearchAction\",\"target\":{\"@type\":\"EntryPoint\",\"urlTemplate\":\"https:\\\/\\\/super-news.info\\\/hu\\\/?s={search_term_string}\"},\"query-input\":{\"@type\":\"PropertyValueSpecification\",\"valueRequired\":true,\"valueName\":\"search_term_string\"}}],\"inLanguage\":\"hu\"},{\"@type\":\"Person\",\"@id\":\"https:\\\/\\\/super-news.info\\\/hu\\\/#\\\/schema\\\/person\\\/2d4068cb2f39cd10008c2fce578a7356\",\"name\":\"super-news\",\"image\":{\"@type\":\"ImageObject\",\"inLanguage\":\"hu\",\"@id\":\"https:\\\/\\\/secure.gravatar.com\\\/avatar\\\/64ebac40b93f26a154f8a9b5b6fdccfc46f442b26b3dd6756dbff3bf9dc76fd7?s=96&d=mm&r=g\",\"url\":\"https:\\\/\\\/secure.gravatar.com\\\/avatar\\\/64ebac40b93f26a154f8a9b5b6fdccfc46f442b26b3dd6756dbff3bf9dc76fd7?s=96&d=mm&r=g\",\"contentUrl\":\"https:\\\/\\\/secure.gravatar.com\\\/avatar\\\/64ebac40b93f26a154f8a9b5b6fdccfc46f442b26b3dd6756dbff3bf9dc76fd7?s=96&d=mm&r=g\",\"caption\":\"super-news\"},\"url\":\"https:\\\/\\\/super-news.info\\\/hu\\\/author\\\/pt\\\/\"}]}<\/script>\n<!-- \/ Yoast SEO plugin. -->","yoast_head_json":{"title":"Nagy elmozdul\u00e1s nem t\u00f6rt\u00e9nt a BUX-n\u00e1l - Super News","robots":{"index":"index","follow":"follow","max-snippet":"max-snippet:-1","max-image-preview":"max-image-preview:large","max-video-preview":"max-video-preview:-1"},"canonical":"https:\/\/super-news.info\/hu\/nagy-elmozdulas-nem-tortent-a-bux-nal\/","og_locale":"hu_HU","og_type":"article","og_title":"Nagy elmozdul\u00e1s nem t\u00f6rt\u00e9nt a BUX-n\u00e1l - Super News","og_description":"[ad_1] A Budapesti \u00c9rt\u00e9kt\u0151zsde r\u00e9szv\u00e9nyindexe, a BUX 0,73 pontos emelked\u00e9ssel, 40 310,34 ponton nyitott h\u00e9tf\u0151n. A p\u00e9nteki z\u00e1r\u00f3 \u00e9rt\u00e9k\u00e9hez k\u00e9pest alig v\u00e1ltozott. Elemz\u0151k szerint a negat\u00edv glob\u00e1lis hangulat \u00e1tterjedhet a magyar r\u00e9szv\u00e9nypiacra is, ez\u00e9rt cs\u00f6kken\u00e9ssel nyithat a Budapesti \u00c9rt\u00e9kt\u0151zsde h\u00e9tf\u0151n. M\u00f3r\u00f3 Tam\u00e1s, a Concorde \u00c9rt\u00e9kpap\u00edr Zrt. vezet\u0151 elemz\u0151je kor\u00e1bban kifejtette, negat\u00edv hangulat van a vil\u00e1gban [&hellip;]","og_url":"https:\/\/super-news.info\/hu\/nagy-elmozdulas-nem-tortent-a-bux-nal\/","og_site_name":"Super News","article_published_time":"2019-08-05T07:06:22+00:00","article_modified_time":"2019-08-05T07:06:23+00:00","og_image":[{"width":1400,"height":900,"url":"https:\/\/super-news.info\/hu\/wp-content\/uploads\/sites\/3\/2019\/04\/V\u00e1ltoz\u00f3-k\u00e9pet-mutat-az-eur\u00f3pai-keresked\u00e9s.png","type":"image\/png"}],"author":"super-news","twitter_card":"summary_large_image","twitter_misc":{"Szerz\u0151:":"super-news","Becs\u00fclt olvas\u00e1si id\u0151":"2 perc"},"schema":{"@context":"https:\/\/schema.org","@graph":[{"@type":"Article","@id":"https:\/\/super-news.info\/hu\/nagy-elmozdulas-nem-tortent-a-bux-nal\/#article","isPartOf":{"@id":"https:\/\/super-news.info\/hu\/nagy-elmozdulas-nem-tortent-a-bux-nal\/"},"author":{"name":"super-news","@id":"https:\/\/super-news.info\/hu\/#\/schema\/person\/2d4068cb2f39cd10008c2fce578a7356"},"headline":"Nagy elmozdul\u00e1s nem t\u00f6rt\u00e9nt a BUX-n\u00e1l","datePublished":"2019-08-05T07:06:22+00:00","dateModified":"2019-08-05T07:06:23+00:00","mainEntityOfPage":{"@id":"https:\/\/super-news.info\/hu\/nagy-elmozdulas-nem-tortent-a-bux-nal\/"},"wordCount":455,"commentCount":0,"image":{"@id":"https:\/\/super-news.info\/hu\/nagy-elmozdulas-nem-tortent-a-bux-nal\/#primaryimage"},"thumbnailUrl":"https:\/\/super-news.info\/hu\/wp-content\/uploads\/sites\/3\/2019\/04\/V\u00e1ltoz\u00f3-k\u00e9pet-mutat-az-eur\u00f3pai-keresked\u00e9s.png","articleSection":["P\u00c9NZ\u00dcGYI H\u00cdREK"],"inLanguage":"hu","potentialAction":[{"@type":"CommentAction","name":"Comment","target":["https:\/\/super-news.info\/hu\/nagy-elmozdulas-nem-tortent-a-bux-nal\/#respond"]}]},{"@type":"WebPage","@id":"https:\/\/super-news.info\/hu\/nagy-elmozdulas-nem-tortent-a-bux-nal\/","url":"https:\/\/super-news.info\/hu\/nagy-elmozdulas-nem-tortent-a-bux-nal\/","name":"Nagy elmozdul\u00e1s nem t\u00f6rt\u00e9nt a BUX-n\u00e1l - Super News","isPartOf":{"@id":"https:\/\/super-news.info\/hu\/#website"},"primaryImageOfPage":{"@id":"https:\/\/super-news.info\/hu\/nagy-elmozdulas-nem-tortent-a-bux-nal\/#primaryimage"},"image":{"@id":"https:\/\/super-news.info\/hu\/nagy-elmozdulas-nem-tortent-a-bux-nal\/#primaryimage"},"thumbnailUrl":"https:\/\/super-news.info\/hu\/wp-content\/uploads\/sites\/3\/2019\/04\/V\u00e1ltoz\u00f3-k\u00e9pet-mutat-az-eur\u00f3pai-keresked\u00e9s.png","datePublished":"2019-08-05T07:06:22+00:00","dateModified":"2019-08-05T07:06:23+00:00","author":{"@id":"https:\/\/super-news.info\/hu\/#\/schema\/person\/2d4068cb2f39cd10008c2fce578a7356"},"breadcrumb":{"@id":"https:\/\/super-news.info\/hu\/nagy-elmozdulas-nem-tortent-a-bux-nal\/#breadcrumb"},"inLanguage":"hu","potentialAction":[{"@type":"ReadAction","target":["https:\/\/super-news.info\/hu\/nagy-elmozdulas-nem-tortent-a-bux-nal\/"]}]},{"@type":"ImageObject","inLanguage":"hu","@id":"https:\/\/super-news.info\/hu\/nagy-elmozdulas-nem-tortent-a-bux-nal\/#primaryimage","url":"https:\/\/super-news.info\/hu\/wp-content\/uploads\/sites\/3\/2019\/04\/V\u00e1ltoz\u00f3-k\u00e9pet-mutat-az-eur\u00f3pai-keresked\u00e9s.png","contentUrl":"https:\/\/super-news.info\/hu\/wp-content\/uploads\/sites\/3\/2019\/04\/V\u00e1ltoz\u00f3-k\u00e9pet-mutat-az-eur\u00f3pai-keresked\u00e9s.png","width":1400,"height":900,"caption":"V\u00e1ltoz\u00f3 k\u00e9pet mutat az eur\u00f3pai keresked\u00e9s"},{"@type":"BreadcrumbList","@id":"https:\/\/super-news.info\/hu\/nagy-elmozdulas-nem-tortent-a-bux-nal\/#breadcrumb","itemListElement":[{"@type":"ListItem","position":1,"name":"\u0413\u043b\u0430\u0432\u043d\u0430\u044f \u0441\u0442\u0440\u0430\u043d\u0438\u0446\u0430","item":"https:\/\/super-news.info\/hu\/"},{"@type":"ListItem","position":2,"name":"Nagy elmozdul\u00e1s nem t\u00f6rt\u00e9nt a BUX-n\u00e1l"}]},{"@type":"WebSite","@id":"https:\/\/super-news.info\/hu\/#website","url":"https:\/\/super-news.info\/hu\/","name":"Super News","description":"Super News Magyarorsz\u00e1g","potentialAction":[{"@type":"SearchAction","target":{"@type":"EntryPoint","urlTemplate":"https:\/\/super-news.info\/hu\/?s={search_term_string}"},"query-input":{"@type":"PropertyValueSpecification","valueRequired":true,"valueName":"search_term_string"}}],"inLanguage":"hu"},{"@type":"Person","@id":"https:\/\/super-news.info\/hu\/#\/schema\/person\/2d4068cb2f39cd10008c2fce578a7356","name":"super-news","image":{"@type":"ImageObject","inLanguage":"hu","@id":"https:\/\/secure.gravatar.com\/avatar\/64ebac40b93f26a154f8a9b5b6fdccfc46f442b26b3dd6756dbff3bf9dc76fd7?s=96&d=mm&r=g","url":"https:\/\/secure.gravatar.com\/avatar\/64ebac40b93f26a154f8a9b5b6fdccfc46f442b26b3dd6756dbff3bf9dc76fd7?s=96&d=mm&r=g","contentUrl":"https:\/\/secure.gravatar.com\/avatar\/64ebac40b93f26a154f8a9b5b6fdccfc46f442b26b3dd6756dbff3bf9dc76fd7?s=96&d=mm&r=g","caption":"super-news"},"url":"https:\/\/super-news.info\/hu\/author\/pt\/"}]}},"_links":{"self":[{"href":"https:\/\/super-news.info\/hu\/wp-json\/wp\/v2\/posts\/7141","targetHints":{"allow":["GET"]}}],"collection":[{"href":"https:\/\/super-news.info\/hu\/wp-json\/wp\/v2\/posts"}],"about":[{"href":"https:\/\/super-news.info\/hu\/wp-json\/wp\/v2\/types\/post"}],"author":[{"embeddable":true,"href":"https:\/\/super-news.info\/hu\/wp-json\/wp\/v2\/users\/2"}],"replies":[{"embeddable":true,"href":"https:\/\/super-news.info\/hu\/wp-json\/wp\/v2\/comments?post=7141"}],"version-history":[{"count":1,"href":"https:\/\/super-news.info\/hu\/wp-json\/wp\/v2\/posts\/7141\/revisions"}],"predecessor-version":[{"id":7142,"href":"https:\/\/super-news.info\/hu\/wp-json\/wp\/v2\/posts\/7141\/revisions\/7142"}],"wp:featuredmedia":[{"embeddable":true,"href":"https:\/\/super-news.info\/hu\/wp-json\/wp\/v2\/media\/300"}],"wp:attachment":[{"href":"https:\/\/super-news.info\/hu\/wp-json\/wp\/v2\/media?parent=7141"}],"wp:term":[{"taxonomy":"category","embeddable":true,"href":"https:\/\/super-news.info\/hu\/wp-json\/wp\/v2\/categories?post=7141"},{"taxonomy":"post_tag","embeddable":true,"href":"https:\/\/super-news.info\/hu\/wp-json\/wp\/v2\/tags?post=7141"}],"curies":[{"name":"wp","href":"https:\/\/api.w.org\/{rel}","templated":true}]}}