{"id":7138,"date":"2019-08-05T09:12:28","date_gmt":"2019-08-05T06:12:28","guid":{"rendered":"https:\/\/super-news.info\/hu\/az-abortusz-legalizalasat-tervezi-uj-zeland\/"},"modified":"2019-08-05T09:12:29","modified_gmt":"2019-08-05T06:12:29","slug":"az-abortusz-legalizalasat-tervezi-uj-zeland","status":"publish","type":"post","link":"https:\/\/super-news.info\/hu\/az-abortusz-legalizalasat-tervezi-uj-zeland\/","title":{"rendered":"Az abortusz legaliz\u00e1l\u00e1s\u00e1t tervezi \u00daj-Z\u00e9land"},"content":{"rendered":"<p> [ad_1]<br \/>\n<\/p>\n<p>\n\t\t\t\t\t\t\t\tAz abortusz legaliz\u00e1l\u00e1s\u00e1t tervezi az \u00faj-z\u00e9landi korm\u00e1ny egy \u00e1tfog\u00f3 jogi reform keret\u00e9ben, a m\u0171vi vet\u00e9l\u00e9st eg\u00e9szs\u00e9g\u00fcgyi k\u00e9rd\u00e9sk\u00e9nt akarja kezelni h\u00e9tf\u0151i bejelent\u00e9se szerint.\t\t\t\t\t\t\t<\/p>\n<div>\n<p>A szigetorsz\u00e1gban az abortuszt jelenleg csak abban az esetben lehet t\u00f6rv\u00e9nyesen elv\u00e9gezni, ha az anya \u00e9let\u00e9t, fizikai vagy szellemi eg\u00e9szs\u00e9g\u00e9t mentik meg vele. Az elj\u00e1r\u00e1st k\u00e9t orvosnak vagy konzulensnek kell j\u00f3v\u00e1hagynia.<\/p>\n<p>Az \u00faj t\u00f6rv\u00e9nytervezet szerint \u2013 amelynek els\u0151 vit\u00e1ja cs\u00fct\u00f6rt\u00f6k\u00f6n lesz a wellingtoni parlamentben \u2013 a terhess\u00e9g 20. hete el\u0151tt az any\u00e1nak nem kellene al\u00e1vetnie mag\u00e1t az eddig k\u00f6telez\u0151 vizsg\u00e1latoknak, a 20. h\u00e9t ut\u00e1n pedig egy gyakorl\u00f3 orvosnak kellene igazolnia, hogy az abortusz sz\u00fcks\u00e9ges.<\/p>\n<blockquote>\n<p>Az abortusz az utols\u00f3 olyan orvosi elj\u00e1r\u00e1s \u00daj-Z\u00e9landon, amely b\u0171ncselekm\u00e9nynek sz\u00e1m\u00edt. Ideje ezen v\u00e1ltoztatni. Az \u00faj t\u00f6rv\u00e9nnyel felz\u00e1rk\u00f3zunk sok m\u00e1s fejlett orsz\u00e1ghoz<\/p>\n<\/blockquote>\n<p>\u2013 jelentette ki Andrew Little igazs\u00e1g\u00fcgyi miniszter a tervezet expoz\u00e9j\u00e1ban.<\/p>\n<div id=\"attachment_840935\" style=\"width: 1410px\" class=\"wp-caption aligncenter\">\n<p class=\"wp-caption-text\">K\u00e9p\u00fcnk illusztr\u00e1ci\u00f3<br \/>Fot\u00f3: AFP \/ A. NOOR \/ BSIP<\/p>\n<\/div>\n<p>A tervezet most egy szakbizotts\u00e1g el\u00e9 ker\u00fcl, amely t\u00e1rsadalmi vit\u00e1ra bocs\u00e1tja azt. A parlamentben a k\u00e9pvisel\u0151k lelkiismereti alapon szavazhatnak majd r\u00f3la, nem kell igazodniuk p\u00e1rtjuk \u00e1ll\u00e1spontj\u00e1hoz.<\/p>\n<p>A tervezet b\u00edr\u00e1l\u00f3i szerint \u00edgy sem el\u00e9g liber\u00e1lis, mert sem a nemi er\u0151szak nem teszi jogoss\u00e1 az abortuszt, sem az a t\u00e9ny, hogy az anya nem lesz k\u00e9pes felnevelni a gyerek\u00e9t. Az ALRANZ nev\u0171 jogv\u00e9d\u0151 csoport azt mondja: a tervezet sokkal jobb, mint a jelenlegi szab\u00e1lyoz\u00e1s, de nem lesz olyan j\u00f3, mint amilyen lehetne.<\/p>\n<\/p><\/div>\n<p><script>\n    window.fbAsyncInit = function() {\n        FB.init({\n            appId      : \"204760236815359\",\n            xfbml      : true,\n            version    : \"v2.12\"\n        });\n        FB.AppEvents.logPageView();\n    };<\/p>\n<p>    (function(d, s, id){\n        var js, fjs = d.getElementsByTagName(s)[0];\n        if (d.getElementById(id)) {return;}\n        js = d.createElement(s); js.id = id;\n        js.src = \"http:\/\/connect.facebook.net\/hu_HU\/sdk.js\";\n        fjs.parentNode.insertBefore(js, fjs);\n    }(document, \"script\", \"facebook-jssdk\"));\n<\/script><br \/>\n<br \/>[ad_2]<br \/>\n<br \/><a href=\"https:\/\/www.vg.hu\/kozelet\/egeszsegugy-kozelet\/az-abortusz-legalizalasat-tervezi-uj-zeland-1671583\/\">Source link <\/a><\/p>\n","protected":false},"excerpt":{"rendered":"<p>[ad_1] Az abortusz legaliz\u00e1l\u00e1s\u00e1t tervezi az \u00faj-z\u00e9landi korm\u00e1ny egy \u00e1tfog\u00f3 jogi reform keret\u00e9ben, a m\u0171vi vet\u00e9l\u00e9st eg\u00e9szs\u00e9g\u00fcgyi k\u00e9rd\u00e9sk\u00e9nt akarja kezelni h\u00e9tf\u0151i bejelent\u00e9se szerint. A szigetorsz\u00e1gban az abortuszt jelenleg csak abban az esetben lehet t\u00f6rv\u00e9nyesen elv\u00e9gezni, ha az anya \u00e9let\u00e9t, fizikai vagy szellemi eg\u00e9szs\u00e9g\u00e9t mentik meg vele. Az elj\u00e1r\u00e1st k\u00e9t orvosnak vagy konzulensnek kell j\u00f3v\u00e1hagynia. Az [&hellip;]<\/p>\n","protected":false},"author":2,"featured_media":7139,"comment_status":"open","ping_status":"open","sticky":false,"template":"","format":"standard","meta":{"footnotes":""},"categories":[1],"tags":[],"class_list":["post-7138","post","type-post","status-publish","format-standard","has-post-thumbnail","hentry","category-penzugyi-hirek"],"yoast_head":"<!-- This site is optimized with the Yoast SEO plugin v27.4 - https:\/\/yoast.com\/product\/yoast-seo-wordpress\/ -->\n<title>Az abortusz legaliz\u00e1l\u00e1s\u00e1t tervezi \u00daj-Z\u00e9land - Super News<\/title>\n<meta name=\"robots\" content=\"index, follow, max-snippet:-1, max-image-preview:large, max-video-preview:-1\" \/>\n<link rel=\"canonical\" href=\"https:\/\/super-news.info\/hu\/az-abortusz-legalizalasat-tervezi-uj-zeland\/\" \/>\n<meta property=\"og:locale\" content=\"hu_HU\" \/>\n<meta property=\"og:type\" content=\"article\" \/>\n<meta property=\"og:title\" content=\"Az abortusz legaliz\u00e1l\u00e1s\u00e1t tervezi \u00daj-Z\u00e9land - Super News\" \/>\n<meta property=\"og:description\" content=\"[ad_1] Az abortusz legaliz\u00e1l\u00e1s\u00e1t tervezi az \u00faj-z\u00e9landi korm\u00e1ny egy \u00e1tfog\u00f3 jogi reform keret\u00e9ben, a m\u0171vi vet\u00e9l\u00e9st eg\u00e9szs\u00e9g\u00fcgyi k\u00e9rd\u00e9sk\u00e9nt akarja kezelni h\u00e9tf\u0151i bejelent\u00e9se szerint. A szigetorsz\u00e1gban az abortuszt jelenleg csak abban az esetben lehet t\u00f6rv\u00e9nyesen elv\u00e9gezni, ha az anya \u00e9let\u00e9t, fizikai vagy szellemi eg\u00e9szs\u00e9g\u00e9t mentik meg vele. Az elj\u00e1r\u00e1st k\u00e9t orvosnak vagy konzulensnek kell j\u00f3v\u00e1hagynia. Az [&hellip;]\" \/>\n<meta property=\"og:url\" content=\"https:\/\/super-news.info\/hu\/az-abortusz-legalizalasat-tervezi-uj-zeland\/\" \/>\n<meta property=\"og:site_name\" content=\"Super News\" \/>\n<meta property=\"article:published_time\" content=\"2019-08-05T06:12:28+00:00\" \/>\n<meta property=\"article:modified_time\" content=\"2019-08-05T06:12:29+00:00\" \/>\n<meta property=\"og:image\" content=\"https:\/\/super-news.info\/hu\/wp-content\/uploads\/sites\/3\/2019\/08\/Az-abortusz-legaliz\u00e1l\u00e1s\u00e1t-tervezi-\u00daj-Z\u00e9land.jpg\" \/>\n\t<meta property=\"og:image:width\" content=\"1400\" \/>\n\t<meta property=\"og:image:height\" content=\"932\" \/>\n\t<meta property=\"og:image:type\" content=\"image\/jpeg\" \/>\n<meta name=\"author\" content=\"super-news\" \/>\n<meta name=\"twitter:card\" content=\"summary_large_image\" \/>\n<meta name=\"twitter:label1\" content=\"Szerz\u0151:\" \/>\n\t<meta name=\"twitter:data1\" content=\"super-news\" \/>\n\t<meta name=\"twitter:label2\" content=\"Becs\u00fclt olvas\u00e1si id\u0151\" \/>\n\t<meta name=\"twitter:data2\" content=\"2 perc\" \/>\n<script type=\"application\/ld+json\" class=\"yoast-schema-graph\">{\"@context\":\"https:\\\/\\\/schema.org\",\"@graph\":[{\"@type\":\"Article\",\"@id\":\"https:\\\/\\\/super-news.info\\\/hu\\\/az-abortusz-legalizalasat-tervezi-uj-zeland\\\/#article\",\"isPartOf\":{\"@id\":\"https:\\\/\\\/super-news.info\\\/hu\\\/az-abortusz-legalizalasat-tervezi-uj-zeland\\\/\"},\"author\":{\"name\":\"super-news\",\"@id\":\"https:\\\/\\\/super-news.info\\\/hu\\\/#\\\/schema\\\/person\\\/2d4068cb2f39cd10008c2fce578a7356\"},\"headline\":\"Az abortusz legaliz\u00e1l\u00e1s\u00e1t tervezi \u00daj-Z\u00e9land\",\"datePublished\":\"2019-08-05T06:12:28+00:00\",\"dateModified\":\"2019-08-05T06:12:29+00:00\",\"mainEntityOfPage\":{\"@id\":\"https:\\\/\\\/super-news.info\\\/hu\\\/az-abortusz-legalizalasat-tervezi-uj-zeland\\\/\"},\"wordCount\":316,\"commentCount\":0,\"image\":{\"@id\":\"https:\\\/\\\/super-news.info\\\/hu\\\/az-abortusz-legalizalasat-tervezi-uj-zeland\\\/#primaryimage\"},\"thumbnailUrl\":\"https:\\\/\\\/super-news.info\\\/hu\\\/wp-content\\\/uploads\\\/sites\\\/3\\\/2019\\\/08\\\/Az-abortusz-legaliz\u00e1l\u00e1s\u00e1t-tervezi-\u00daj-Z\u00e9land.jpg\",\"articleSection\":[\"P\u00c9NZ\u00dcGYI H\u00cdREK\"],\"inLanguage\":\"hu\",\"potentialAction\":[{\"@type\":\"CommentAction\",\"name\":\"Comment\",\"target\":[\"https:\\\/\\\/super-news.info\\\/hu\\\/az-abortusz-legalizalasat-tervezi-uj-zeland\\\/#respond\"]}]},{\"@type\":\"WebPage\",\"@id\":\"https:\\\/\\\/super-news.info\\\/hu\\\/az-abortusz-legalizalasat-tervezi-uj-zeland\\\/\",\"url\":\"https:\\\/\\\/super-news.info\\\/hu\\\/az-abortusz-legalizalasat-tervezi-uj-zeland\\\/\",\"name\":\"Az abortusz legaliz\u00e1l\u00e1s\u00e1t tervezi \u00daj-Z\u00e9land - Super News\",\"isPartOf\":{\"@id\":\"https:\\\/\\\/super-news.info\\\/hu\\\/#website\"},\"primaryImageOfPage\":{\"@id\":\"https:\\\/\\\/super-news.info\\\/hu\\\/az-abortusz-legalizalasat-tervezi-uj-zeland\\\/#primaryimage\"},\"image\":{\"@id\":\"https:\\\/\\\/super-news.info\\\/hu\\\/az-abortusz-legalizalasat-tervezi-uj-zeland\\\/#primaryimage\"},\"thumbnailUrl\":\"https:\\\/\\\/super-news.info\\\/hu\\\/wp-content\\\/uploads\\\/sites\\\/3\\\/2019\\\/08\\\/Az-abortusz-legaliz\u00e1l\u00e1s\u00e1t-tervezi-\u00daj-Z\u00e9land.jpg\",\"datePublished\":\"2019-08-05T06:12:28+00:00\",\"dateModified\":\"2019-08-05T06:12:29+00:00\",\"author\":{\"@id\":\"https:\\\/\\\/super-news.info\\\/hu\\\/#\\\/schema\\\/person\\\/2d4068cb2f39cd10008c2fce578a7356\"},\"breadcrumb\":{\"@id\":\"https:\\\/\\\/super-news.info\\\/hu\\\/az-abortusz-legalizalasat-tervezi-uj-zeland\\\/#breadcrumb\"},\"inLanguage\":\"hu\",\"potentialAction\":[{\"@type\":\"ReadAction\",\"target\":[\"https:\\\/\\\/super-news.info\\\/hu\\\/az-abortusz-legalizalasat-tervezi-uj-zeland\\\/\"]}]},{\"@type\":\"ImageObject\",\"inLanguage\":\"hu\",\"@id\":\"https:\\\/\\\/super-news.info\\\/hu\\\/az-abortusz-legalizalasat-tervezi-uj-zeland\\\/#primaryimage\",\"url\":\"https:\\\/\\\/super-news.info\\\/hu\\\/wp-content\\\/uploads\\\/sites\\\/3\\\/2019\\\/08\\\/Az-abortusz-legaliz\u00e1l\u00e1s\u00e1t-tervezi-\u00daj-Z\u00e9land.jpg\",\"contentUrl\":\"https:\\\/\\\/super-news.info\\\/hu\\\/wp-content\\\/uploads\\\/sites\\\/3\\\/2019\\\/08\\\/Az-abortusz-legaliz\u00e1l\u00e1s\u00e1t-tervezi-\u00daj-Z\u00e9land.jpg\",\"width\":1400,\"height\":932,\"caption\":\"Az abortusz legaliz\u00e1l\u00e1s\u00e1t tervezi \u00daj-Z\u00e9land\"},{\"@type\":\"BreadcrumbList\",\"@id\":\"https:\\\/\\\/super-news.info\\\/hu\\\/az-abortusz-legalizalasat-tervezi-uj-zeland\\\/#breadcrumb\",\"itemListElement\":[{\"@type\":\"ListItem\",\"position\":1,\"name\":\"\u0413\u043b\u0430\u0432\u043d\u0430\u044f \u0441\u0442\u0440\u0430\u043d\u0438\u0446\u0430\",\"item\":\"https:\\\/\\\/super-news.info\\\/hu\\\/\"},{\"@type\":\"ListItem\",\"position\":2,\"name\":\"Az abortusz legaliz\u00e1l\u00e1s\u00e1t tervezi \u00daj-Z\u00e9land\"}]},{\"@type\":\"WebSite\",\"@id\":\"https:\\\/\\\/super-news.info\\\/hu\\\/#website\",\"url\":\"https:\\\/\\\/super-news.info\\\/hu\\\/\",\"name\":\"Super News\",\"description\":\"Super News Magyarorsz\u00e1g\",\"potentialAction\":[{\"@type\":\"SearchAction\",\"target\":{\"@type\":\"EntryPoint\",\"urlTemplate\":\"https:\\\/\\\/super-news.info\\\/hu\\\/?s={search_term_string}\"},\"query-input\":{\"@type\":\"PropertyValueSpecification\",\"valueRequired\":true,\"valueName\":\"search_term_string\"}}],\"inLanguage\":\"hu\"},{\"@type\":\"Person\",\"@id\":\"https:\\\/\\\/super-news.info\\\/hu\\\/#\\\/schema\\\/person\\\/2d4068cb2f39cd10008c2fce578a7356\",\"name\":\"super-news\",\"image\":{\"@type\":\"ImageObject\",\"inLanguage\":\"hu\",\"@id\":\"https:\\\/\\\/secure.gravatar.com\\\/avatar\\\/64ebac40b93f26a154f8a9b5b6fdccfc46f442b26b3dd6756dbff3bf9dc76fd7?s=96&d=mm&r=g\",\"url\":\"https:\\\/\\\/secure.gravatar.com\\\/avatar\\\/64ebac40b93f26a154f8a9b5b6fdccfc46f442b26b3dd6756dbff3bf9dc76fd7?s=96&d=mm&r=g\",\"contentUrl\":\"https:\\\/\\\/secure.gravatar.com\\\/avatar\\\/64ebac40b93f26a154f8a9b5b6fdccfc46f442b26b3dd6756dbff3bf9dc76fd7?s=96&d=mm&r=g\",\"caption\":\"super-news\"},\"url\":\"https:\\\/\\\/super-news.info\\\/hu\\\/author\\\/pt\\\/\"}]}<\/script>\n<!-- \/ Yoast SEO plugin. -->","yoast_head_json":{"title":"Az abortusz legaliz\u00e1l\u00e1s\u00e1t tervezi \u00daj-Z\u00e9land - Super News","robots":{"index":"index","follow":"follow","max-snippet":"max-snippet:-1","max-image-preview":"max-image-preview:large","max-video-preview":"max-video-preview:-1"},"canonical":"https:\/\/super-news.info\/hu\/az-abortusz-legalizalasat-tervezi-uj-zeland\/","og_locale":"hu_HU","og_type":"article","og_title":"Az abortusz legaliz\u00e1l\u00e1s\u00e1t tervezi \u00daj-Z\u00e9land - Super News","og_description":"[ad_1] Az abortusz legaliz\u00e1l\u00e1s\u00e1t tervezi az \u00faj-z\u00e9landi korm\u00e1ny egy \u00e1tfog\u00f3 jogi reform keret\u00e9ben, a m\u0171vi vet\u00e9l\u00e9st eg\u00e9szs\u00e9g\u00fcgyi k\u00e9rd\u00e9sk\u00e9nt akarja kezelni h\u00e9tf\u0151i bejelent\u00e9se szerint. A szigetorsz\u00e1gban az abortuszt jelenleg csak abban az esetben lehet t\u00f6rv\u00e9nyesen elv\u00e9gezni, ha az anya \u00e9let\u00e9t, fizikai vagy szellemi eg\u00e9szs\u00e9g\u00e9t mentik meg vele. Az elj\u00e1r\u00e1st k\u00e9t orvosnak vagy konzulensnek kell j\u00f3v\u00e1hagynia. Az [&hellip;]","og_url":"https:\/\/super-news.info\/hu\/az-abortusz-legalizalasat-tervezi-uj-zeland\/","og_site_name":"Super News","article_published_time":"2019-08-05T06:12:28+00:00","article_modified_time":"2019-08-05T06:12:29+00:00","og_image":[{"width":1400,"height":932,"url":"https:\/\/super-news.info\/hu\/wp-content\/uploads\/sites\/3\/2019\/08\/Az-abortusz-legaliz\u00e1l\u00e1s\u00e1t-tervezi-\u00daj-Z\u00e9land.jpg","type":"image\/jpeg"}],"author":"super-news","twitter_card":"summary_large_image","twitter_misc":{"Szerz\u0151:":"super-news","Becs\u00fclt olvas\u00e1si id\u0151":"2 perc"},"schema":{"@context":"https:\/\/schema.org","@graph":[{"@type":"Article","@id":"https:\/\/super-news.info\/hu\/az-abortusz-legalizalasat-tervezi-uj-zeland\/#article","isPartOf":{"@id":"https:\/\/super-news.info\/hu\/az-abortusz-legalizalasat-tervezi-uj-zeland\/"},"author":{"name":"super-news","@id":"https:\/\/super-news.info\/hu\/#\/schema\/person\/2d4068cb2f39cd10008c2fce578a7356"},"headline":"Az abortusz legaliz\u00e1l\u00e1s\u00e1t tervezi \u00daj-Z\u00e9land","datePublished":"2019-08-05T06:12:28+00:00","dateModified":"2019-08-05T06:12:29+00:00","mainEntityOfPage":{"@id":"https:\/\/super-news.info\/hu\/az-abortusz-legalizalasat-tervezi-uj-zeland\/"},"wordCount":316,"commentCount":0,"image":{"@id":"https:\/\/super-news.info\/hu\/az-abortusz-legalizalasat-tervezi-uj-zeland\/#primaryimage"},"thumbnailUrl":"https:\/\/super-news.info\/hu\/wp-content\/uploads\/sites\/3\/2019\/08\/Az-abortusz-legaliz\u00e1l\u00e1s\u00e1t-tervezi-\u00daj-Z\u00e9land.jpg","articleSection":["P\u00c9NZ\u00dcGYI H\u00cdREK"],"inLanguage":"hu","potentialAction":[{"@type":"CommentAction","name":"Comment","target":["https:\/\/super-news.info\/hu\/az-abortusz-legalizalasat-tervezi-uj-zeland\/#respond"]}]},{"@type":"WebPage","@id":"https:\/\/super-news.info\/hu\/az-abortusz-legalizalasat-tervezi-uj-zeland\/","url":"https:\/\/super-news.info\/hu\/az-abortusz-legalizalasat-tervezi-uj-zeland\/","name":"Az abortusz legaliz\u00e1l\u00e1s\u00e1t tervezi \u00daj-Z\u00e9land - Super News","isPartOf":{"@id":"https:\/\/super-news.info\/hu\/#website"},"primaryImageOfPage":{"@id":"https:\/\/super-news.info\/hu\/az-abortusz-legalizalasat-tervezi-uj-zeland\/#primaryimage"},"image":{"@id":"https:\/\/super-news.info\/hu\/az-abortusz-legalizalasat-tervezi-uj-zeland\/#primaryimage"},"thumbnailUrl":"https:\/\/super-news.info\/hu\/wp-content\/uploads\/sites\/3\/2019\/08\/Az-abortusz-legaliz\u00e1l\u00e1s\u00e1t-tervezi-\u00daj-Z\u00e9land.jpg","datePublished":"2019-08-05T06:12:28+00:00","dateModified":"2019-08-05T06:12:29+00:00","author":{"@id":"https:\/\/super-news.info\/hu\/#\/schema\/person\/2d4068cb2f39cd10008c2fce578a7356"},"breadcrumb":{"@id":"https:\/\/super-news.info\/hu\/az-abortusz-legalizalasat-tervezi-uj-zeland\/#breadcrumb"},"inLanguage":"hu","potentialAction":[{"@type":"ReadAction","target":["https:\/\/super-news.info\/hu\/az-abortusz-legalizalasat-tervezi-uj-zeland\/"]}]},{"@type":"ImageObject","inLanguage":"hu","@id":"https:\/\/super-news.info\/hu\/az-abortusz-legalizalasat-tervezi-uj-zeland\/#primaryimage","url":"https:\/\/super-news.info\/hu\/wp-content\/uploads\/sites\/3\/2019\/08\/Az-abortusz-legaliz\u00e1l\u00e1s\u00e1t-tervezi-\u00daj-Z\u00e9land.jpg","contentUrl":"https:\/\/super-news.info\/hu\/wp-content\/uploads\/sites\/3\/2019\/08\/Az-abortusz-legaliz\u00e1l\u00e1s\u00e1t-tervezi-\u00daj-Z\u00e9land.jpg","width":1400,"height":932,"caption":"Az abortusz legaliz\u00e1l\u00e1s\u00e1t tervezi \u00daj-Z\u00e9land"},{"@type":"BreadcrumbList","@id":"https:\/\/super-news.info\/hu\/az-abortusz-legalizalasat-tervezi-uj-zeland\/#breadcrumb","itemListElement":[{"@type":"ListItem","position":1,"name":"\u0413\u043b\u0430\u0432\u043d\u0430\u044f \u0441\u0442\u0440\u0430\u043d\u0438\u0446\u0430","item":"https:\/\/super-news.info\/hu\/"},{"@type":"ListItem","position":2,"name":"Az abortusz legaliz\u00e1l\u00e1s\u00e1t tervezi \u00daj-Z\u00e9land"}]},{"@type":"WebSite","@id":"https:\/\/super-news.info\/hu\/#website","url":"https:\/\/super-news.info\/hu\/","name":"Super News","description":"Super News Magyarorsz\u00e1g","potentialAction":[{"@type":"SearchAction","target":{"@type":"EntryPoint","urlTemplate":"https:\/\/super-news.info\/hu\/?s={search_term_string}"},"query-input":{"@type":"PropertyValueSpecification","valueRequired":true,"valueName":"search_term_string"}}],"inLanguage":"hu"},{"@type":"Person","@id":"https:\/\/super-news.info\/hu\/#\/schema\/person\/2d4068cb2f39cd10008c2fce578a7356","name":"super-news","image":{"@type":"ImageObject","inLanguage":"hu","@id":"https:\/\/secure.gravatar.com\/avatar\/64ebac40b93f26a154f8a9b5b6fdccfc46f442b26b3dd6756dbff3bf9dc76fd7?s=96&d=mm&r=g","url":"https:\/\/secure.gravatar.com\/avatar\/64ebac40b93f26a154f8a9b5b6fdccfc46f442b26b3dd6756dbff3bf9dc76fd7?s=96&d=mm&r=g","contentUrl":"https:\/\/secure.gravatar.com\/avatar\/64ebac40b93f26a154f8a9b5b6fdccfc46f442b26b3dd6756dbff3bf9dc76fd7?s=96&d=mm&r=g","caption":"super-news"},"url":"https:\/\/super-news.info\/hu\/author\/pt\/"}]}},"_links":{"self":[{"href":"https:\/\/super-news.info\/hu\/wp-json\/wp\/v2\/posts\/7138","targetHints":{"allow":["GET"]}}],"collection":[{"href":"https:\/\/super-news.info\/hu\/wp-json\/wp\/v2\/posts"}],"about":[{"href":"https:\/\/super-news.info\/hu\/wp-json\/wp\/v2\/types\/post"}],"author":[{"embeddable":true,"href":"https:\/\/super-news.info\/hu\/wp-json\/wp\/v2\/users\/2"}],"replies":[{"embeddable":true,"href":"https:\/\/super-news.info\/hu\/wp-json\/wp\/v2\/comments?post=7138"}],"version-history":[{"count":1,"href":"https:\/\/super-news.info\/hu\/wp-json\/wp\/v2\/posts\/7138\/revisions"}],"predecessor-version":[{"id":7140,"href":"https:\/\/super-news.info\/hu\/wp-json\/wp\/v2\/posts\/7138\/revisions\/7140"}],"wp:featuredmedia":[{"embeddable":true,"href":"https:\/\/super-news.info\/hu\/wp-json\/wp\/v2\/media\/7139"}],"wp:attachment":[{"href":"https:\/\/super-news.info\/hu\/wp-json\/wp\/v2\/media?parent=7138"}],"wp:term":[{"taxonomy":"category","embeddable":true,"href":"https:\/\/super-news.info\/hu\/wp-json\/wp\/v2\/categories?post=7138"},{"taxonomy":"post_tag","embeddable":true,"href":"https:\/\/super-news.info\/hu\/wp-json\/wp\/v2\/tags?post=7138"}],"curies":[{"name":"wp","href":"https:\/\/api.w.org\/{rel}","templated":true}]}}