{"id":7080,"date":"2019-08-03T17:21:36","date_gmt":"2019-08-03T14:21:36","guid":{"rendered":"https:\/\/super-news.info\/hu\/hazankba-latogat-a-sztartenor-es-a-fia\/"},"modified":"2019-08-03T17:21:37","modified_gmt":"2019-08-03T14:21:37","slug":"hazankba-latogat-a-sztartenor-es-a-fia","status":"publish","type":"post","link":"https:\/\/super-news.info\/hu\/hazankba-latogat-a-sztartenor-es-a-fia\/","title":{"rendered":"Haz\u00e1nkba l\u00e1togat a szt\u00e1rtenor \u00e9s a fia"},"content":{"rendered":"<p> [ad_1]<br \/>\n<\/p>\n<p>\n\t\t\t\t\t\t\t\tPl\u00e1cido Domingo spanyol szt\u00e1rtenor \u00e9s fia, ifjabb Pl\u00e1cido Domingo els\u0151 alkalommal l\u00e9p egy\u00fctt sz\u00ednpadra Magyarorsz\u00e1gon augusztus 28-\u00e1n, a Pl\u00e1cido Domingo Classics fesztiv\u00e1l kiemelt esem\u00e9ny\u00e9n, a szegedi Szent Gell\u00e9rt F\u00f3rum ifj\u00fas\u00e1gi \u00e9s sportcentrum nyit\u00f3koncertj\u00e9n. \t\t\t\t\t\t\t<\/p>\n<div>\n<p>Pl\u00e1cido Domingo \u00e9s fia els\u0151 alkalommal l\u00e9p egy\u00fctt sz\u00ednpadra Magyarorsz\u00e1gon. A mexik\u00f3i sz\u00fclet\u00e9s\u0171 ifjabb Pl\u00e1cido Domingo zeneszerz\u0151k\u00e9nt t\u00f6bbek k\u00f6z\u00f6tt Michael Bolton, Sarah Brightman \u00e9s Diana Ross sz\u00e1m\u00e1ra \u00edrt dalokat. Annak ellen\u00e9re, hogy gyerekkor\u00e1ban sz\u00e1mos oper\u00e1ban szerepelt, bevall\u00e1sa szerint nem igaz\u00e1n akart opera\u00e9nekes lenni. Zenei tanulm\u00e1nyai mellett az \u00e9nekl\u00e9s technik\u00e1j\u00e1t \u00f6szt\u00f6n\u00f6sen, sz\u00fcleit figyelve saj\u00e1t\u00edtotta el \u00e9s az elm\u00falt \u00e9vekben a latin zene el\u0151ad\u00f3jak\u00e9nt vil\u00e1gszerte nagy sikerrel l\u00e9pett sz\u00ednpadra.<\/p>\n<p>A Szeged-Csan\u00e1di Egyh\u00e1zmegye nagyszab\u00e1s\u00fa, \u00fcnnepi estj\u00e9n napjaink egyik legkeresettebb szopr\u00e1nd\u00edv\u00e1ja,<\/p>\n<p>a Puerto Ric\u00f3-i sz\u00fclet\u00e9s\u0171 Ana Mar\u00eda Mart\u00ednez lesz Pl\u00e1cido Domingo partnere.<\/p>\n<p>A Magyarorsz\u00e1g els\u0151 egyh\u00e1zi fenntart\u00e1s\u00fa ifj\u00fas\u00e1gi \u00e9s sportcentruma, a Szent Gell\u00e9rt F\u00f3rum megnyit\u00e1s\u00e1nak tisztelet\u00e9re rendezett Pl\u00e1cido Domingo Classics premier esem\u00e9nye augusztus 24-\u00e9n lesz a Szegedi Nemzeti Sz\u00ednh\u00e1zban. A Ny\u00e1resti Broadway musicalesten Gallusz Nikolett, Feke P\u00e1l \u00e9s \u00c1goston Katalin t\u00e1rsas\u00e1g\u00e1ban New York szt\u00e1rbaritonja, a Metropolitan Opera Grammy-d\u00edjas \u00e9nekese, Edward Parks is fell\u00e9p. A n\u00e9pszer\u0171 sl\u00e1gereket felvonultat\u00f3 esten a Szegedi Filharmonikus Zenekart Cs\u00e1nyi Val\u00e9ria dirig\u00e1lja, a produkci\u00f3nak Barn\u00e1k L\u00e1szl\u00f3 a rendez\u0151je.<\/p>\n<div id=\"attachment_1669957\" style=\"width: 1410px\" class=\"wp-caption alignnone\">\n<p class=\"wp-caption-text\">Fot\u00f3: Oscar Gonzalez\/NurPhoto<\/p>\n<\/div>\n<p>A fesztiv\u00e1lt augusztus 31-\u00e9n a hagyom\u00e1nyosan Gy\u0151rben bemutatkoz\u00f3, K\u00f6z\u00e9p-Kelet Eur\u00f3pa egyik legsikeresebb ny\u00e1ri zen\u00e9s produkci\u00f3ja, az \u00faj operaszt\u00e1r nemzed\u00e9ket felvonultat\u00f3 The Voices! koncert z\u00e1rja. A zenei esem\u00e9nyek az M5 kultur\u00e1lis csatorna kiemelt partners\u00e9g\u00e9vel val\u00f3sulnak meg.<\/p>\n<p>A Szeged-Csan\u00e1di Egyh\u00e1zmegye augusztus 28-i esem\u00e9ny\u00e9re a rendezv\u00e9ny napj\u00e1n Budapestr\u0151l \u00e9s Kecskem\u00e9tr\u0151l koncertvonatot ind\u00edtanak.<\/p>\n<p>A Pl\u00e1cido Domingo Classics esem\u00e9nyeinek K\u00f6v\u00e9r L\u00e1szl\u00f3, az Orsz\u00e1ggy\u0171l\u00e9s eln\u00f6ke a f\u0151v\u00e9dn\u00f6ke.<\/p>\n<\/p><\/div>\n<p><script>\n    window.fbAsyncInit = function() {\n        FB.init({\n            appId      : \"204760236815359\",\n            xfbml      : true,\n            version    : \"v2.12\"\n        });\n        FB.AppEvents.logPageView();\n    };<\/p>\n<p>    (function(d, s, id){\n        var js, fjs = d.getElementsByTagName(s)[0];\n        if (d.getElementById(id)) {return;}\n        js = d.createElement(s); js.id = id;\n        js.src = \"http:\/\/connect.facebook.net\/hu_HU\/sdk.js\";\n        fjs.parentNode.insertBefore(js, fjs);\n    }(document, \"script\", \"facebook-jssdk\"));\n<\/script><br \/>\n<br \/>[ad_2]<br \/>\n<br \/><a href=\"https:\/\/www.vg.hu\/kozelet\/kultura\/hazankba-latogat-a-sztartenor-es-a-fia-1669951\/\">Source link <\/a><\/p>\n","protected":false},"excerpt":{"rendered":"<p>[ad_1] Pl\u00e1cido Domingo spanyol szt\u00e1rtenor \u00e9s fia, ifjabb Pl\u00e1cido Domingo els\u0151 alkalommal l\u00e9p egy\u00fctt sz\u00ednpadra Magyarorsz\u00e1gon augusztus 28-\u00e1n, a Pl\u00e1cido Domingo Classics fesztiv\u00e1l kiemelt esem\u00e9ny\u00e9n, a szegedi Szent Gell\u00e9rt F\u00f3rum ifj\u00fas\u00e1gi \u00e9s sportcentrum nyit\u00f3koncertj\u00e9n. Pl\u00e1cido Domingo \u00e9s fia els\u0151 alkalommal l\u00e9p egy\u00fctt sz\u00ednpadra Magyarorsz\u00e1gon. A mexik\u00f3i sz\u00fclet\u00e9s\u0171 ifjabb Pl\u00e1cido Domingo zeneszerz\u0151k\u00e9nt t\u00f6bbek k\u00f6z\u00f6tt Michael Bolton, [&hellip;]<\/p>\n","protected":false},"author":2,"featured_media":7081,"comment_status":"open","ping_status":"open","sticky":false,"template":"","format":"standard","meta":{"footnotes":""},"categories":[1],"tags":[],"class_list":["post-7080","post","type-post","status-publish","format-standard","has-post-thumbnail","hentry","category-penzugyi-hirek"],"yoast_head":"<!-- This site is optimized with the Yoast SEO plugin v27.4 - https:\/\/yoast.com\/product\/yoast-seo-wordpress\/ -->\n<title>Haz\u00e1nkba l\u00e1togat a szt\u00e1rtenor \u00e9s a fia - Super News<\/title>\n<meta name=\"robots\" content=\"index, follow, max-snippet:-1, max-image-preview:large, max-video-preview:-1\" \/>\n<link rel=\"canonical\" href=\"https:\/\/super-news.info\/hu\/hazankba-latogat-a-sztartenor-es-a-fia\/\" \/>\n<meta property=\"og:locale\" content=\"hu_HU\" \/>\n<meta property=\"og:type\" content=\"article\" \/>\n<meta property=\"og:title\" content=\"Haz\u00e1nkba l\u00e1togat a szt\u00e1rtenor \u00e9s a fia - Super News\" \/>\n<meta property=\"og:description\" content=\"[ad_1] Pl\u00e1cido Domingo spanyol szt\u00e1rtenor \u00e9s fia, ifjabb Pl\u00e1cido Domingo els\u0151 alkalommal l\u00e9p egy\u00fctt sz\u00ednpadra Magyarorsz\u00e1gon augusztus 28-\u00e1n, a Pl\u00e1cido Domingo Classics fesztiv\u00e1l kiemelt esem\u00e9ny\u00e9n, a szegedi Szent Gell\u00e9rt F\u00f3rum ifj\u00fas\u00e1gi \u00e9s sportcentrum nyit\u00f3koncertj\u00e9n. Pl\u00e1cido Domingo \u00e9s fia els\u0151 alkalommal l\u00e9p egy\u00fctt sz\u00ednpadra Magyarorsz\u00e1gon. A mexik\u00f3i sz\u00fclet\u00e9s\u0171 ifjabb Pl\u00e1cido Domingo zeneszerz\u0151k\u00e9nt t\u00f6bbek k\u00f6z\u00f6tt Michael Bolton, [&hellip;]\" \/>\n<meta property=\"og:url\" content=\"https:\/\/super-news.info\/hu\/hazankba-latogat-a-sztartenor-es-a-fia\/\" \/>\n<meta property=\"og:site_name\" content=\"Super News\" \/>\n<meta property=\"article:published_time\" content=\"2019-08-03T14:21:36+00:00\" \/>\n<meta property=\"article:modified_time\" content=\"2019-08-03T14:21:37+00:00\" \/>\n<meta property=\"og:image\" content=\"https:\/\/super-news.info\/hu\/wp-content\/uploads\/sites\/3\/2019\/08\/Haz\u00e1nkba-l\u00e1togat-a-szt\u00e1rtenor-\u00e9s-a-fia.jpg\" \/>\n\t<meta property=\"og:image:width\" content=\"1400\" \/>\n\t<meta property=\"og:image:height\" content=\"933\" \/>\n\t<meta property=\"og:image:type\" content=\"image\/jpeg\" \/>\n<meta name=\"author\" content=\"super-news\" \/>\n<meta name=\"twitter:card\" content=\"summary_large_image\" \/>\n<meta name=\"twitter:label1\" content=\"Szerz\u0151:\" \/>\n\t<meta name=\"twitter:data1\" content=\"super-news\" \/>\n\t<meta name=\"twitter:label2\" content=\"Becs\u00fclt olvas\u00e1si id\u0151\" \/>\n\t<meta name=\"twitter:data2\" content=\"2 perc\" \/>\n<script type=\"application\/ld+json\" class=\"yoast-schema-graph\">{\"@context\":\"https:\\\/\\\/schema.org\",\"@graph\":[{\"@type\":\"Article\",\"@id\":\"https:\\\/\\\/super-news.info\\\/hu\\\/hazankba-latogat-a-sztartenor-es-a-fia\\\/#article\",\"isPartOf\":{\"@id\":\"https:\\\/\\\/super-news.info\\\/hu\\\/hazankba-latogat-a-sztartenor-es-a-fia\\\/\"},\"author\":{\"name\":\"super-news\",\"@id\":\"https:\\\/\\\/super-news.info\\\/hu\\\/#\\\/schema\\\/person\\\/2d4068cb2f39cd10008c2fce578a7356\"},\"headline\":\"Haz\u00e1nkba l\u00e1togat a szt\u00e1rtenor \u00e9s a fia\",\"datePublished\":\"2019-08-03T14:21:36+00:00\",\"dateModified\":\"2019-08-03T14:21:37+00:00\",\"mainEntityOfPage\":{\"@id\":\"https:\\\/\\\/super-news.info\\\/hu\\\/hazankba-latogat-a-sztartenor-es-a-fia\\\/\"},\"wordCount\":411,\"commentCount\":0,\"image\":{\"@id\":\"https:\\\/\\\/super-news.info\\\/hu\\\/hazankba-latogat-a-sztartenor-es-a-fia\\\/#primaryimage\"},\"thumbnailUrl\":\"https:\\\/\\\/super-news.info\\\/hu\\\/wp-content\\\/uploads\\\/sites\\\/3\\\/2019\\\/08\\\/Haz\u00e1nkba-l\u00e1togat-a-szt\u00e1rtenor-\u00e9s-a-fia.jpg\",\"articleSection\":[\"P\u00c9NZ\u00dcGYI H\u00cdREK\"],\"inLanguage\":\"hu\",\"potentialAction\":[{\"@type\":\"CommentAction\",\"name\":\"Comment\",\"target\":[\"https:\\\/\\\/super-news.info\\\/hu\\\/hazankba-latogat-a-sztartenor-es-a-fia\\\/#respond\"]}]},{\"@type\":\"WebPage\",\"@id\":\"https:\\\/\\\/super-news.info\\\/hu\\\/hazankba-latogat-a-sztartenor-es-a-fia\\\/\",\"url\":\"https:\\\/\\\/super-news.info\\\/hu\\\/hazankba-latogat-a-sztartenor-es-a-fia\\\/\",\"name\":\"Haz\u00e1nkba l\u00e1togat a szt\u00e1rtenor \u00e9s a fia - Super News\",\"isPartOf\":{\"@id\":\"https:\\\/\\\/super-news.info\\\/hu\\\/#website\"},\"primaryImageOfPage\":{\"@id\":\"https:\\\/\\\/super-news.info\\\/hu\\\/hazankba-latogat-a-sztartenor-es-a-fia\\\/#primaryimage\"},\"image\":{\"@id\":\"https:\\\/\\\/super-news.info\\\/hu\\\/hazankba-latogat-a-sztartenor-es-a-fia\\\/#primaryimage\"},\"thumbnailUrl\":\"https:\\\/\\\/super-news.info\\\/hu\\\/wp-content\\\/uploads\\\/sites\\\/3\\\/2019\\\/08\\\/Haz\u00e1nkba-l\u00e1togat-a-szt\u00e1rtenor-\u00e9s-a-fia.jpg\",\"datePublished\":\"2019-08-03T14:21:36+00:00\",\"dateModified\":\"2019-08-03T14:21:37+00:00\",\"author\":{\"@id\":\"https:\\\/\\\/super-news.info\\\/hu\\\/#\\\/schema\\\/person\\\/2d4068cb2f39cd10008c2fce578a7356\"},\"breadcrumb\":{\"@id\":\"https:\\\/\\\/super-news.info\\\/hu\\\/hazankba-latogat-a-sztartenor-es-a-fia\\\/#breadcrumb\"},\"inLanguage\":\"hu\",\"potentialAction\":[{\"@type\":\"ReadAction\",\"target\":[\"https:\\\/\\\/super-news.info\\\/hu\\\/hazankba-latogat-a-sztartenor-es-a-fia\\\/\"]}]},{\"@type\":\"ImageObject\",\"inLanguage\":\"hu\",\"@id\":\"https:\\\/\\\/super-news.info\\\/hu\\\/hazankba-latogat-a-sztartenor-es-a-fia\\\/#primaryimage\",\"url\":\"https:\\\/\\\/super-news.info\\\/hu\\\/wp-content\\\/uploads\\\/sites\\\/3\\\/2019\\\/08\\\/Haz\u00e1nkba-l\u00e1togat-a-szt\u00e1rtenor-\u00e9s-a-fia.jpg\",\"contentUrl\":\"https:\\\/\\\/super-news.info\\\/hu\\\/wp-content\\\/uploads\\\/sites\\\/3\\\/2019\\\/08\\\/Haz\u00e1nkba-l\u00e1togat-a-szt\u00e1rtenor-\u00e9s-a-fia.jpg\",\"width\":1400,\"height\":933,\"caption\":\"Haz\u00e1nkba l\u00e1togat a szt\u00e1rtenor \u00e9s a fia\"},{\"@type\":\"BreadcrumbList\",\"@id\":\"https:\\\/\\\/super-news.info\\\/hu\\\/hazankba-latogat-a-sztartenor-es-a-fia\\\/#breadcrumb\",\"itemListElement\":[{\"@type\":\"ListItem\",\"position\":1,\"name\":\"\u0413\u043b\u0430\u0432\u043d\u0430\u044f \u0441\u0442\u0440\u0430\u043d\u0438\u0446\u0430\",\"item\":\"https:\\\/\\\/super-news.info\\\/hu\\\/\"},{\"@type\":\"ListItem\",\"position\":2,\"name\":\"Haz\u00e1nkba l\u00e1togat a szt\u00e1rtenor \u00e9s a fia\"}]},{\"@type\":\"WebSite\",\"@id\":\"https:\\\/\\\/super-news.info\\\/hu\\\/#website\",\"url\":\"https:\\\/\\\/super-news.info\\\/hu\\\/\",\"name\":\"Super News\",\"description\":\"Super News Magyarorsz\u00e1g\",\"potentialAction\":[{\"@type\":\"SearchAction\",\"target\":{\"@type\":\"EntryPoint\",\"urlTemplate\":\"https:\\\/\\\/super-news.info\\\/hu\\\/?s={search_term_string}\"},\"query-input\":{\"@type\":\"PropertyValueSpecification\",\"valueRequired\":true,\"valueName\":\"search_term_string\"}}],\"inLanguage\":\"hu\"},{\"@type\":\"Person\",\"@id\":\"https:\\\/\\\/super-news.info\\\/hu\\\/#\\\/schema\\\/person\\\/2d4068cb2f39cd10008c2fce578a7356\",\"name\":\"super-news\",\"image\":{\"@type\":\"ImageObject\",\"inLanguage\":\"hu\",\"@id\":\"https:\\\/\\\/secure.gravatar.com\\\/avatar\\\/64ebac40b93f26a154f8a9b5b6fdccfc46f442b26b3dd6756dbff3bf9dc76fd7?s=96&d=mm&r=g\",\"url\":\"https:\\\/\\\/secure.gravatar.com\\\/avatar\\\/64ebac40b93f26a154f8a9b5b6fdccfc46f442b26b3dd6756dbff3bf9dc76fd7?s=96&d=mm&r=g\",\"contentUrl\":\"https:\\\/\\\/secure.gravatar.com\\\/avatar\\\/64ebac40b93f26a154f8a9b5b6fdccfc46f442b26b3dd6756dbff3bf9dc76fd7?s=96&d=mm&r=g\",\"caption\":\"super-news\"},\"url\":\"https:\\\/\\\/super-news.info\\\/hu\\\/author\\\/pt\\\/\"}]}<\/script>\n<!-- \/ Yoast SEO plugin. -->","yoast_head_json":{"title":"Haz\u00e1nkba l\u00e1togat a szt\u00e1rtenor \u00e9s a fia - Super News","robots":{"index":"index","follow":"follow","max-snippet":"max-snippet:-1","max-image-preview":"max-image-preview:large","max-video-preview":"max-video-preview:-1"},"canonical":"https:\/\/super-news.info\/hu\/hazankba-latogat-a-sztartenor-es-a-fia\/","og_locale":"hu_HU","og_type":"article","og_title":"Haz\u00e1nkba l\u00e1togat a szt\u00e1rtenor \u00e9s a fia - Super News","og_description":"[ad_1] Pl\u00e1cido Domingo spanyol szt\u00e1rtenor \u00e9s fia, ifjabb Pl\u00e1cido Domingo els\u0151 alkalommal l\u00e9p egy\u00fctt sz\u00ednpadra Magyarorsz\u00e1gon augusztus 28-\u00e1n, a Pl\u00e1cido Domingo Classics fesztiv\u00e1l kiemelt esem\u00e9ny\u00e9n, a szegedi Szent Gell\u00e9rt F\u00f3rum ifj\u00fas\u00e1gi \u00e9s sportcentrum nyit\u00f3koncertj\u00e9n. Pl\u00e1cido Domingo \u00e9s fia els\u0151 alkalommal l\u00e9p egy\u00fctt sz\u00ednpadra Magyarorsz\u00e1gon. A mexik\u00f3i sz\u00fclet\u00e9s\u0171 ifjabb Pl\u00e1cido Domingo zeneszerz\u0151k\u00e9nt t\u00f6bbek k\u00f6z\u00f6tt Michael Bolton, [&hellip;]","og_url":"https:\/\/super-news.info\/hu\/hazankba-latogat-a-sztartenor-es-a-fia\/","og_site_name":"Super News","article_published_time":"2019-08-03T14:21:36+00:00","article_modified_time":"2019-08-03T14:21:37+00:00","og_image":[{"width":1400,"height":933,"url":"https:\/\/super-news.info\/hu\/wp-content\/uploads\/sites\/3\/2019\/08\/Haz\u00e1nkba-l\u00e1togat-a-szt\u00e1rtenor-\u00e9s-a-fia.jpg","type":"image\/jpeg"}],"author":"super-news","twitter_card":"summary_large_image","twitter_misc":{"Szerz\u0151:":"super-news","Becs\u00fclt olvas\u00e1si id\u0151":"2 perc"},"schema":{"@context":"https:\/\/schema.org","@graph":[{"@type":"Article","@id":"https:\/\/super-news.info\/hu\/hazankba-latogat-a-sztartenor-es-a-fia\/#article","isPartOf":{"@id":"https:\/\/super-news.info\/hu\/hazankba-latogat-a-sztartenor-es-a-fia\/"},"author":{"name":"super-news","@id":"https:\/\/super-news.info\/hu\/#\/schema\/person\/2d4068cb2f39cd10008c2fce578a7356"},"headline":"Haz\u00e1nkba l\u00e1togat a szt\u00e1rtenor \u00e9s a fia","datePublished":"2019-08-03T14:21:36+00:00","dateModified":"2019-08-03T14:21:37+00:00","mainEntityOfPage":{"@id":"https:\/\/super-news.info\/hu\/hazankba-latogat-a-sztartenor-es-a-fia\/"},"wordCount":411,"commentCount":0,"image":{"@id":"https:\/\/super-news.info\/hu\/hazankba-latogat-a-sztartenor-es-a-fia\/#primaryimage"},"thumbnailUrl":"https:\/\/super-news.info\/hu\/wp-content\/uploads\/sites\/3\/2019\/08\/Haz\u00e1nkba-l\u00e1togat-a-szt\u00e1rtenor-\u00e9s-a-fia.jpg","articleSection":["P\u00c9NZ\u00dcGYI H\u00cdREK"],"inLanguage":"hu","potentialAction":[{"@type":"CommentAction","name":"Comment","target":["https:\/\/super-news.info\/hu\/hazankba-latogat-a-sztartenor-es-a-fia\/#respond"]}]},{"@type":"WebPage","@id":"https:\/\/super-news.info\/hu\/hazankba-latogat-a-sztartenor-es-a-fia\/","url":"https:\/\/super-news.info\/hu\/hazankba-latogat-a-sztartenor-es-a-fia\/","name":"Haz\u00e1nkba l\u00e1togat a szt\u00e1rtenor \u00e9s a fia - Super News","isPartOf":{"@id":"https:\/\/super-news.info\/hu\/#website"},"primaryImageOfPage":{"@id":"https:\/\/super-news.info\/hu\/hazankba-latogat-a-sztartenor-es-a-fia\/#primaryimage"},"image":{"@id":"https:\/\/super-news.info\/hu\/hazankba-latogat-a-sztartenor-es-a-fia\/#primaryimage"},"thumbnailUrl":"https:\/\/super-news.info\/hu\/wp-content\/uploads\/sites\/3\/2019\/08\/Haz\u00e1nkba-l\u00e1togat-a-szt\u00e1rtenor-\u00e9s-a-fia.jpg","datePublished":"2019-08-03T14:21:36+00:00","dateModified":"2019-08-03T14:21:37+00:00","author":{"@id":"https:\/\/super-news.info\/hu\/#\/schema\/person\/2d4068cb2f39cd10008c2fce578a7356"},"breadcrumb":{"@id":"https:\/\/super-news.info\/hu\/hazankba-latogat-a-sztartenor-es-a-fia\/#breadcrumb"},"inLanguage":"hu","potentialAction":[{"@type":"ReadAction","target":["https:\/\/super-news.info\/hu\/hazankba-latogat-a-sztartenor-es-a-fia\/"]}]},{"@type":"ImageObject","inLanguage":"hu","@id":"https:\/\/super-news.info\/hu\/hazankba-latogat-a-sztartenor-es-a-fia\/#primaryimage","url":"https:\/\/super-news.info\/hu\/wp-content\/uploads\/sites\/3\/2019\/08\/Haz\u00e1nkba-l\u00e1togat-a-szt\u00e1rtenor-\u00e9s-a-fia.jpg","contentUrl":"https:\/\/super-news.info\/hu\/wp-content\/uploads\/sites\/3\/2019\/08\/Haz\u00e1nkba-l\u00e1togat-a-szt\u00e1rtenor-\u00e9s-a-fia.jpg","width":1400,"height":933,"caption":"Haz\u00e1nkba l\u00e1togat a szt\u00e1rtenor \u00e9s a fia"},{"@type":"BreadcrumbList","@id":"https:\/\/super-news.info\/hu\/hazankba-latogat-a-sztartenor-es-a-fia\/#breadcrumb","itemListElement":[{"@type":"ListItem","position":1,"name":"\u0413\u043b\u0430\u0432\u043d\u0430\u044f \u0441\u0442\u0440\u0430\u043d\u0438\u0446\u0430","item":"https:\/\/super-news.info\/hu\/"},{"@type":"ListItem","position":2,"name":"Haz\u00e1nkba l\u00e1togat a szt\u00e1rtenor \u00e9s a fia"}]},{"@type":"WebSite","@id":"https:\/\/super-news.info\/hu\/#website","url":"https:\/\/super-news.info\/hu\/","name":"Super News","description":"Super News Magyarorsz\u00e1g","potentialAction":[{"@type":"SearchAction","target":{"@type":"EntryPoint","urlTemplate":"https:\/\/super-news.info\/hu\/?s={search_term_string}"},"query-input":{"@type":"PropertyValueSpecification","valueRequired":true,"valueName":"search_term_string"}}],"inLanguage":"hu"},{"@type":"Person","@id":"https:\/\/super-news.info\/hu\/#\/schema\/person\/2d4068cb2f39cd10008c2fce578a7356","name":"super-news","image":{"@type":"ImageObject","inLanguage":"hu","@id":"https:\/\/secure.gravatar.com\/avatar\/64ebac40b93f26a154f8a9b5b6fdccfc46f442b26b3dd6756dbff3bf9dc76fd7?s=96&d=mm&r=g","url":"https:\/\/secure.gravatar.com\/avatar\/64ebac40b93f26a154f8a9b5b6fdccfc46f442b26b3dd6756dbff3bf9dc76fd7?s=96&d=mm&r=g","contentUrl":"https:\/\/secure.gravatar.com\/avatar\/64ebac40b93f26a154f8a9b5b6fdccfc46f442b26b3dd6756dbff3bf9dc76fd7?s=96&d=mm&r=g","caption":"super-news"},"url":"https:\/\/super-news.info\/hu\/author\/pt\/"}]}},"_links":{"self":[{"href":"https:\/\/super-news.info\/hu\/wp-json\/wp\/v2\/posts\/7080","targetHints":{"allow":["GET"]}}],"collection":[{"href":"https:\/\/super-news.info\/hu\/wp-json\/wp\/v2\/posts"}],"about":[{"href":"https:\/\/super-news.info\/hu\/wp-json\/wp\/v2\/types\/post"}],"author":[{"embeddable":true,"href":"https:\/\/super-news.info\/hu\/wp-json\/wp\/v2\/users\/2"}],"replies":[{"embeddable":true,"href":"https:\/\/super-news.info\/hu\/wp-json\/wp\/v2\/comments?post=7080"}],"version-history":[{"count":1,"href":"https:\/\/super-news.info\/hu\/wp-json\/wp\/v2\/posts\/7080\/revisions"}],"predecessor-version":[{"id":7082,"href":"https:\/\/super-news.info\/hu\/wp-json\/wp\/v2\/posts\/7080\/revisions\/7082"}],"wp:featuredmedia":[{"embeddable":true,"href":"https:\/\/super-news.info\/hu\/wp-json\/wp\/v2\/media\/7081"}],"wp:attachment":[{"href":"https:\/\/super-news.info\/hu\/wp-json\/wp\/v2\/media?parent=7080"}],"wp:term":[{"taxonomy":"category","embeddable":true,"href":"https:\/\/super-news.info\/hu\/wp-json\/wp\/v2\/categories?post=7080"},{"taxonomy":"post_tag","embeddable":true,"href":"https:\/\/super-news.info\/hu\/wp-json\/wp\/v2\/tags?post=7080"}],"curies":[{"name":"wp","href":"https:\/\/api.w.org\/{rel}","templated":true}]}}