{"id":7067,"date":"2019-08-03T12:49:49","date_gmt":"2019-08-03T09:49:49","guid":{"rendered":"https:\/\/super-news.info\/hu\/oriasi-sztrajk-korvonalazodik-a-heathrow-repteren\/"},"modified":"2019-08-03T12:49:51","modified_gmt":"2019-08-03T09:49:51","slug":"oriasi-sztrajk-korvonalazodik-a-heathrow-repteren","status":"publish","type":"post","link":"https:\/\/super-news.info\/hu\/oriasi-sztrajk-korvonalazodik-a-heathrow-repteren\/","title":{"rendered":"\u00d3ri\u00e1si sztr\u00e1jk k\u00f6rvonalaz\u00f3dik a Heathrow rept\u00e9ren"},"content":{"rendered":"<p> [ad_1]<br \/>\n<\/p>\n<p>\n\t\t\t\t\t\t\t\t\u00d6sszesen t\u00f6bb mint 170 j\u00e1rat t\u00f6rl\u00e9s\u00e9re k\u00e9sz\u00fclnek a londoni Heathrow rep\u00fcl\u0151t\u00e9ren h\u00e9tf\u0151n \u00e9s kedden a b\u00e9rvit\u00e1k k\u00f6vetkezm\u00e9nyek\u00e9nt kialakult sztr\u00e1jkvesz\u00e9ly miatt.\t\t\t\t\t\t\t<\/p>\n<div>\n<p>T\u00f6bb mint 170 j\u00e1ratot t\u00f6r\u00f6lnek a Heathrow rept\u00e9ren a sztr\u00e1jk vesz\u00e9lye miatt. A Unite szakszervezeti sz\u00f6vets\u00e9g hozz\u00e1vet\u0151leg n\u00e9gyezer tagja, m\u00e1sok mellett szerel\u0151k, t\u0171zolt\u00f3k \u00e9s a biztons\u00e1gi szem\u00e9lyzet tagjai p\u00e9ntek este szavaztak a sztr\u00e1jk lehet\u0151s\u00e9g\u00e9r\u0151l, amelyet 88 sz\u00e1zal\u00e9kuk t\u00e1mogatott.<\/p>\n<p>Amennyiben a munkabesz\u00fcntet\u00e9st a terveknek megfelel\u0151en megtartj\u00e1k augusztus 5-\u00e9n \u00e9s 6-\u00e1n, 2500 ember eshet ki a munk\u00e1b\u00f3l a brit f\u0151v\u00e1ros els\u0151 sz\u00e1m\u00fa rep\u00fcl\u0151ter\u00e9n. A szakszervezetek augusztus v\u00e9g\u00e9re \u00fajabb 48 \u00f3r\u00e1s sztr\u00e1jkot helyeztek kil\u00e1t\u00e1sba.<\/p>\n<div id=\"attachment_1392139\" style=\"width: 1410px\" class=\"wp-caption alignnone\">\n<p class=\"wp-caption-text\">Fot\u00f3: AFP<\/p>\n<\/div>\n<p>Az el\u0151vigy\u00e1zatoss\u00e1gb\u00f3l elrendelt j\u00e1ratt\u00f6rl\u00e9sek 91 l\u00e9git\u00e1rsas\u00e1got \u00e9rintenek, k\u00f6zt\u00fck a British Airwayst.<\/p>\n<p>Az utasokat felsz\u00f3l\u00edtott\u00e1k, hogy id\u0151ben t\u00e1j\u00e9koz\u00f3djanak j\u00e1ratukr\u00f3l, \u00e9s a szok\u00e1sosn\u00e1l is kor\u00e1bban, legal\u00e1bb h\u00e1rom \u00f3r\u00e1val az indul\u00e1s el\u0151tt \u00e9rjenek ki a rep\u00fcl\u0151t\u00e9rre.<\/p>\n<div class=\"aframe\">\n<p>A Heathrow a vil\u00e1g m\u00e1sodik legforgalmasabb rep\u00fcl\u0151tere a dubaji nemzetk\u00f6zi rep\u00fcl\u0151t\u00e9r ut\u00e1n, Eur\u00f3p\u00e1ban pedig a legnagyobb forgalm\u00fa. 2018-ban t\u00f6bb mint 80 milli\u00f3 utasa volt.<\/p>\n<\/div>\n<p>\u00a0<\/p>\n<\/p><\/div>\n<p><script>\n    window.fbAsyncInit = function() {\n        FB.init({\n            appId      : \"204760236815359\",\n            xfbml      : true,\n            version    : \"v2.12\"\n        });\n        FB.AppEvents.logPageView();\n    };<\/p>\n<p>    (function(d, s, id){\n        var js, fjs = d.getElementsByTagName(s)[0];\n        if (d.getElementById(id)) {return;}\n        js = d.createElement(s); js.id = id;\n        js.src = \"http:\/\/connect.facebook.net\/hu_HU\/sdk.js\";\n        fjs.parentNode.insertBefore(js, fjs);\n    }(document, \"script\", \"facebook-jssdk\"));\n<\/script><br \/>\n<br \/>[ad_2]<br \/>\n<br \/><a href=\"https:\/\/www.vg.hu\/vallalatok\/kozlekedes\/oriasi-sztrajk-korvonalazodik-a-heathrow-repteren-1669852\/\">Source link <\/a><\/p>\n","protected":false},"excerpt":{"rendered":"<p>[ad_1] \u00d6sszesen t\u00f6bb mint 170 j\u00e1rat t\u00f6rl\u00e9s\u00e9re k\u00e9sz\u00fclnek a londoni Heathrow rep\u00fcl\u0151t\u00e9ren h\u00e9tf\u0151n \u00e9s kedden a b\u00e9rvit\u00e1k k\u00f6vetkezm\u00e9nyek\u00e9nt kialakult sztr\u00e1jkvesz\u00e9ly miatt. T\u00f6bb mint 170 j\u00e1ratot t\u00f6r\u00f6lnek a Heathrow rept\u00e9ren a sztr\u00e1jk vesz\u00e9lye miatt. A Unite szakszervezeti sz\u00f6vets\u00e9g hozz\u00e1vet\u0151leg n\u00e9gyezer tagja, m\u00e1sok mellett szerel\u0151k, t\u0171zolt\u00f3k \u00e9s a biztons\u00e1gi szem\u00e9lyzet tagjai p\u00e9ntek este szavaztak a sztr\u00e1jk lehet\u0151s\u00e9g\u00e9r\u0151l, [&hellip;]<\/p>\n","protected":false},"author":2,"featured_media":7068,"comment_status":"open","ping_status":"open","sticky":false,"template":"","format":"standard","meta":{"footnotes":""},"categories":[1],"tags":[],"class_list":["post-7067","post","type-post","status-publish","format-standard","has-post-thumbnail","hentry","category-penzugyi-hirek"],"yoast_head":"<!-- This site is optimized with the Yoast SEO plugin v27.4 - https:\/\/yoast.com\/product\/yoast-seo-wordpress\/ -->\n<title>\u00d3ri\u00e1si sztr\u00e1jk k\u00f6rvonalaz\u00f3dik a Heathrow rept\u00e9ren - Super News<\/title>\n<meta name=\"robots\" content=\"index, follow, max-snippet:-1, max-image-preview:large, max-video-preview:-1\" \/>\n<link rel=\"canonical\" href=\"https:\/\/super-news.info\/hu\/oriasi-sztrajk-korvonalazodik-a-heathrow-repteren\/\" \/>\n<meta property=\"og:locale\" content=\"hu_HU\" \/>\n<meta property=\"og:type\" content=\"article\" \/>\n<meta property=\"og:title\" content=\"\u00d3ri\u00e1si sztr\u00e1jk k\u00f6rvonalaz\u00f3dik a Heathrow rept\u00e9ren - Super News\" \/>\n<meta property=\"og:description\" content=\"[ad_1] \u00d6sszesen t\u00f6bb mint 170 j\u00e1rat t\u00f6rl\u00e9s\u00e9re k\u00e9sz\u00fclnek a londoni Heathrow rep\u00fcl\u0151t\u00e9ren h\u00e9tf\u0151n \u00e9s kedden a b\u00e9rvit\u00e1k k\u00f6vetkezm\u00e9nyek\u00e9nt kialakult sztr\u00e1jkvesz\u00e9ly miatt. T\u00f6bb mint 170 j\u00e1ratot t\u00f6r\u00f6lnek a Heathrow rept\u00e9ren a sztr\u00e1jk vesz\u00e9lye miatt. A Unite szakszervezeti sz\u00f6vets\u00e9g hozz\u00e1vet\u0151leg n\u00e9gyezer tagja, m\u00e1sok mellett szerel\u0151k, t\u0171zolt\u00f3k \u00e9s a biztons\u00e1gi szem\u00e9lyzet tagjai p\u00e9ntek este szavaztak a sztr\u00e1jk lehet\u0151s\u00e9g\u00e9r\u0151l, [&hellip;]\" \/>\n<meta property=\"og:url\" content=\"https:\/\/super-news.info\/hu\/oriasi-sztrajk-korvonalazodik-a-heathrow-repteren\/\" \/>\n<meta property=\"og:site_name\" content=\"Super News\" \/>\n<meta property=\"article:published_time\" content=\"2019-08-03T09:49:49+00:00\" \/>\n<meta property=\"article:modified_time\" content=\"2019-08-03T09:49:51+00:00\" \/>\n<meta property=\"og:image\" content=\"https:\/\/super-news.info\/hu\/wp-content\/uploads\/sites\/3\/2019\/08\/\u00d3ri\u00e1si-sztr\u00e1jk-k\u00f6rvonalaz\u00f3dik-a-Heathrow-rept\u00e9ren.jpg\" \/>\n\t<meta property=\"og:image:width\" content=\"1400\" \/>\n\t<meta property=\"og:image:height\" content=\"941\" \/>\n\t<meta property=\"og:image:type\" content=\"image\/jpeg\" \/>\n<meta name=\"author\" content=\"super-news\" \/>\n<meta name=\"twitter:card\" content=\"summary_large_image\" \/>\n<meta name=\"twitter:label1\" content=\"Szerz\u0151:\" \/>\n\t<meta name=\"twitter:data1\" content=\"super-news\" \/>\n\t<meta name=\"twitter:label2\" content=\"Becs\u00fclt olvas\u00e1si id\u0151\" \/>\n\t<meta name=\"twitter:data2\" content=\"1 perc\" \/>\n<script type=\"application\/ld+json\" class=\"yoast-schema-graph\">{\"@context\":\"https:\\\/\\\/schema.org\",\"@graph\":[{\"@type\":\"Article\",\"@id\":\"https:\\\/\\\/super-news.info\\\/hu\\\/oriasi-sztrajk-korvonalazodik-a-heathrow-repteren\\\/#article\",\"isPartOf\":{\"@id\":\"https:\\\/\\\/super-news.info\\\/hu\\\/oriasi-sztrajk-korvonalazodik-a-heathrow-repteren\\\/\"},\"author\":{\"name\":\"super-news\",\"@id\":\"https:\\\/\\\/super-news.info\\\/hu\\\/#\\\/schema\\\/person\\\/2d4068cb2f39cd10008c2fce578a7356\"},\"headline\":\"\u00d3ri\u00e1si sztr\u00e1jk k\u00f6rvonalaz\u00f3dik a Heathrow rept\u00e9ren\",\"datePublished\":\"2019-08-03T09:49:49+00:00\",\"dateModified\":\"2019-08-03T09:49:51+00:00\",\"mainEntityOfPage\":{\"@id\":\"https:\\\/\\\/super-news.info\\\/hu\\\/oriasi-sztrajk-korvonalazodik-a-heathrow-repteren\\\/\"},\"wordCount\":268,\"commentCount\":0,\"image\":{\"@id\":\"https:\\\/\\\/super-news.info\\\/hu\\\/oriasi-sztrajk-korvonalazodik-a-heathrow-repteren\\\/#primaryimage\"},\"thumbnailUrl\":\"https:\\\/\\\/super-news.info\\\/hu\\\/wp-content\\\/uploads\\\/sites\\\/3\\\/2019\\\/08\\\/\u00d3ri\u00e1si-sztr\u00e1jk-k\u00f6rvonalaz\u00f3dik-a-Heathrow-rept\u00e9ren.jpg\",\"articleSection\":[\"P\u00c9NZ\u00dcGYI H\u00cdREK\"],\"inLanguage\":\"hu\",\"potentialAction\":[{\"@type\":\"CommentAction\",\"name\":\"Comment\",\"target\":[\"https:\\\/\\\/super-news.info\\\/hu\\\/oriasi-sztrajk-korvonalazodik-a-heathrow-repteren\\\/#respond\"]}]},{\"@type\":\"WebPage\",\"@id\":\"https:\\\/\\\/super-news.info\\\/hu\\\/oriasi-sztrajk-korvonalazodik-a-heathrow-repteren\\\/\",\"url\":\"https:\\\/\\\/super-news.info\\\/hu\\\/oriasi-sztrajk-korvonalazodik-a-heathrow-repteren\\\/\",\"name\":\"\u00d3ri\u00e1si sztr\u00e1jk k\u00f6rvonalaz\u00f3dik a Heathrow rept\u00e9ren - Super News\",\"isPartOf\":{\"@id\":\"https:\\\/\\\/super-news.info\\\/hu\\\/#website\"},\"primaryImageOfPage\":{\"@id\":\"https:\\\/\\\/super-news.info\\\/hu\\\/oriasi-sztrajk-korvonalazodik-a-heathrow-repteren\\\/#primaryimage\"},\"image\":{\"@id\":\"https:\\\/\\\/super-news.info\\\/hu\\\/oriasi-sztrajk-korvonalazodik-a-heathrow-repteren\\\/#primaryimage\"},\"thumbnailUrl\":\"https:\\\/\\\/super-news.info\\\/hu\\\/wp-content\\\/uploads\\\/sites\\\/3\\\/2019\\\/08\\\/\u00d3ri\u00e1si-sztr\u00e1jk-k\u00f6rvonalaz\u00f3dik-a-Heathrow-rept\u00e9ren.jpg\",\"datePublished\":\"2019-08-03T09:49:49+00:00\",\"dateModified\":\"2019-08-03T09:49:51+00:00\",\"author\":{\"@id\":\"https:\\\/\\\/super-news.info\\\/hu\\\/#\\\/schema\\\/person\\\/2d4068cb2f39cd10008c2fce578a7356\"},\"breadcrumb\":{\"@id\":\"https:\\\/\\\/super-news.info\\\/hu\\\/oriasi-sztrajk-korvonalazodik-a-heathrow-repteren\\\/#breadcrumb\"},\"inLanguage\":\"hu\",\"potentialAction\":[{\"@type\":\"ReadAction\",\"target\":[\"https:\\\/\\\/super-news.info\\\/hu\\\/oriasi-sztrajk-korvonalazodik-a-heathrow-repteren\\\/\"]}]},{\"@type\":\"ImageObject\",\"inLanguage\":\"hu\",\"@id\":\"https:\\\/\\\/super-news.info\\\/hu\\\/oriasi-sztrajk-korvonalazodik-a-heathrow-repteren\\\/#primaryimage\",\"url\":\"https:\\\/\\\/super-news.info\\\/hu\\\/wp-content\\\/uploads\\\/sites\\\/3\\\/2019\\\/08\\\/\u00d3ri\u00e1si-sztr\u00e1jk-k\u00f6rvonalaz\u00f3dik-a-Heathrow-rept\u00e9ren.jpg\",\"contentUrl\":\"https:\\\/\\\/super-news.info\\\/hu\\\/wp-content\\\/uploads\\\/sites\\\/3\\\/2019\\\/08\\\/\u00d3ri\u00e1si-sztr\u00e1jk-k\u00f6rvonalaz\u00f3dik-a-Heathrow-rept\u00e9ren.jpg\",\"width\":1400,\"height\":941,\"caption\":\"\u00d3ri\u00e1si sztr\u00e1jk k\u00f6rvonalaz\u00f3dik a Heathrow rept\u00e9ren\"},{\"@type\":\"BreadcrumbList\",\"@id\":\"https:\\\/\\\/super-news.info\\\/hu\\\/oriasi-sztrajk-korvonalazodik-a-heathrow-repteren\\\/#breadcrumb\",\"itemListElement\":[{\"@type\":\"ListItem\",\"position\":1,\"name\":\"\u0413\u043b\u0430\u0432\u043d\u0430\u044f \u0441\u0442\u0440\u0430\u043d\u0438\u0446\u0430\",\"item\":\"https:\\\/\\\/super-news.info\\\/hu\\\/\"},{\"@type\":\"ListItem\",\"position\":2,\"name\":\"\u00d3ri\u00e1si sztr\u00e1jk k\u00f6rvonalaz\u00f3dik a Heathrow rept\u00e9ren\"}]},{\"@type\":\"WebSite\",\"@id\":\"https:\\\/\\\/super-news.info\\\/hu\\\/#website\",\"url\":\"https:\\\/\\\/super-news.info\\\/hu\\\/\",\"name\":\"Super News\",\"description\":\"Super News Magyarorsz\u00e1g\",\"potentialAction\":[{\"@type\":\"SearchAction\",\"target\":{\"@type\":\"EntryPoint\",\"urlTemplate\":\"https:\\\/\\\/super-news.info\\\/hu\\\/?s={search_term_string}\"},\"query-input\":{\"@type\":\"PropertyValueSpecification\",\"valueRequired\":true,\"valueName\":\"search_term_string\"}}],\"inLanguage\":\"hu\"},{\"@type\":\"Person\",\"@id\":\"https:\\\/\\\/super-news.info\\\/hu\\\/#\\\/schema\\\/person\\\/2d4068cb2f39cd10008c2fce578a7356\",\"name\":\"super-news\",\"image\":{\"@type\":\"ImageObject\",\"inLanguage\":\"hu\",\"@id\":\"https:\\\/\\\/secure.gravatar.com\\\/avatar\\\/64ebac40b93f26a154f8a9b5b6fdccfc46f442b26b3dd6756dbff3bf9dc76fd7?s=96&d=mm&r=g\",\"url\":\"https:\\\/\\\/secure.gravatar.com\\\/avatar\\\/64ebac40b93f26a154f8a9b5b6fdccfc46f442b26b3dd6756dbff3bf9dc76fd7?s=96&d=mm&r=g\",\"contentUrl\":\"https:\\\/\\\/secure.gravatar.com\\\/avatar\\\/64ebac40b93f26a154f8a9b5b6fdccfc46f442b26b3dd6756dbff3bf9dc76fd7?s=96&d=mm&r=g\",\"caption\":\"super-news\"},\"url\":\"https:\\\/\\\/super-news.info\\\/hu\\\/author\\\/pt\\\/\"}]}<\/script>\n<!-- \/ Yoast SEO plugin. -->","yoast_head_json":{"title":"\u00d3ri\u00e1si sztr\u00e1jk k\u00f6rvonalaz\u00f3dik a Heathrow rept\u00e9ren - Super News","robots":{"index":"index","follow":"follow","max-snippet":"max-snippet:-1","max-image-preview":"max-image-preview:large","max-video-preview":"max-video-preview:-1"},"canonical":"https:\/\/super-news.info\/hu\/oriasi-sztrajk-korvonalazodik-a-heathrow-repteren\/","og_locale":"hu_HU","og_type":"article","og_title":"\u00d3ri\u00e1si sztr\u00e1jk k\u00f6rvonalaz\u00f3dik a Heathrow rept\u00e9ren - Super News","og_description":"[ad_1] \u00d6sszesen t\u00f6bb mint 170 j\u00e1rat t\u00f6rl\u00e9s\u00e9re k\u00e9sz\u00fclnek a londoni Heathrow rep\u00fcl\u0151t\u00e9ren h\u00e9tf\u0151n \u00e9s kedden a b\u00e9rvit\u00e1k k\u00f6vetkezm\u00e9nyek\u00e9nt kialakult sztr\u00e1jkvesz\u00e9ly miatt. T\u00f6bb mint 170 j\u00e1ratot t\u00f6r\u00f6lnek a Heathrow rept\u00e9ren a sztr\u00e1jk vesz\u00e9lye miatt. A Unite szakszervezeti sz\u00f6vets\u00e9g hozz\u00e1vet\u0151leg n\u00e9gyezer tagja, m\u00e1sok mellett szerel\u0151k, t\u0171zolt\u00f3k \u00e9s a biztons\u00e1gi szem\u00e9lyzet tagjai p\u00e9ntek este szavaztak a sztr\u00e1jk lehet\u0151s\u00e9g\u00e9r\u0151l, [&hellip;]","og_url":"https:\/\/super-news.info\/hu\/oriasi-sztrajk-korvonalazodik-a-heathrow-repteren\/","og_site_name":"Super News","article_published_time":"2019-08-03T09:49:49+00:00","article_modified_time":"2019-08-03T09:49:51+00:00","og_image":[{"width":1400,"height":941,"url":"https:\/\/super-news.info\/hu\/wp-content\/uploads\/sites\/3\/2019\/08\/\u00d3ri\u00e1si-sztr\u00e1jk-k\u00f6rvonalaz\u00f3dik-a-Heathrow-rept\u00e9ren.jpg","type":"image\/jpeg"}],"author":"super-news","twitter_card":"summary_large_image","twitter_misc":{"Szerz\u0151:":"super-news","Becs\u00fclt olvas\u00e1si id\u0151":"1 perc"},"schema":{"@context":"https:\/\/schema.org","@graph":[{"@type":"Article","@id":"https:\/\/super-news.info\/hu\/oriasi-sztrajk-korvonalazodik-a-heathrow-repteren\/#article","isPartOf":{"@id":"https:\/\/super-news.info\/hu\/oriasi-sztrajk-korvonalazodik-a-heathrow-repteren\/"},"author":{"name":"super-news","@id":"https:\/\/super-news.info\/hu\/#\/schema\/person\/2d4068cb2f39cd10008c2fce578a7356"},"headline":"\u00d3ri\u00e1si sztr\u00e1jk k\u00f6rvonalaz\u00f3dik a Heathrow rept\u00e9ren","datePublished":"2019-08-03T09:49:49+00:00","dateModified":"2019-08-03T09:49:51+00:00","mainEntityOfPage":{"@id":"https:\/\/super-news.info\/hu\/oriasi-sztrajk-korvonalazodik-a-heathrow-repteren\/"},"wordCount":268,"commentCount":0,"image":{"@id":"https:\/\/super-news.info\/hu\/oriasi-sztrajk-korvonalazodik-a-heathrow-repteren\/#primaryimage"},"thumbnailUrl":"https:\/\/super-news.info\/hu\/wp-content\/uploads\/sites\/3\/2019\/08\/\u00d3ri\u00e1si-sztr\u00e1jk-k\u00f6rvonalaz\u00f3dik-a-Heathrow-rept\u00e9ren.jpg","articleSection":["P\u00c9NZ\u00dcGYI H\u00cdREK"],"inLanguage":"hu","potentialAction":[{"@type":"CommentAction","name":"Comment","target":["https:\/\/super-news.info\/hu\/oriasi-sztrajk-korvonalazodik-a-heathrow-repteren\/#respond"]}]},{"@type":"WebPage","@id":"https:\/\/super-news.info\/hu\/oriasi-sztrajk-korvonalazodik-a-heathrow-repteren\/","url":"https:\/\/super-news.info\/hu\/oriasi-sztrajk-korvonalazodik-a-heathrow-repteren\/","name":"\u00d3ri\u00e1si sztr\u00e1jk k\u00f6rvonalaz\u00f3dik a Heathrow rept\u00e9ren - Super News","isPartOf":{"@id":"https:\/\/super-news.info\/hu\/#website"},"primaryImageOfPage":{"@id":"https:\/\/super-news.info\/hu\/oriasi-sztrajk-korvonalazodik-a-heathrow-repteren\/#primaryimage"},"image":{"@id":"https:\/\/super-news.info\/hu\/oriasi-sztrajk-korvonalazodik-a-heathrow-repteren\/#primaryimage"},"thumbnailUrl":"https:\/\/super-news.info\/hu\/wp-content\/uploads\/sites\/3\/2019\/08\/\u00d3ri\u00e1si-sztr\u00e1jk-k\u00f6rvonalaz\u00f3dik-a-Heathrow-rept\u00e9ren.jpg","datePublished":"2019-08-03T09:49:49+00:00","dateModified":"2019-08-03T09:49:51+00:00","author":{"@id":"https:\/\/super-news.info\/hu\/#\/schema\/person\/2d4068cb2f39cd10008c2fce578a7356"},"breadcrumb":{"@id":"https:\/\/super-news.info\/hu\/oriasi-sztrajk-korvonalazodik-a-heathrow-repteren\/#breadcrumb"},"inLanguage":"hu","potentialAction":[{"@type":"ReadAction","target":["https:\/\/super-news.info\/hu\/oriasi-sztrajk-korvonalazodik-a-heathrow-repteren\/"]}]},{"@type":"ImageObject","inLanguage":"hu","@id":"https:\/\/super-news.info\/hu\/oriasi-sztrajk-korvonalazodik-a-heathrow-repteren\/#primaryimage","url":"https:\/\/super-news.info\/hu\/wp-content\/uploads\/sites\/3\/2019\/08\/\u00d3ri\u00e1si-sztr\u00e1jk-k\u00f6rvonalaz\u00f3dik-a-Heathrow-rept\u00e9ren.jpg","contentUrl":"https:\/\/super-news.info\/hu\/wp-content\/uploads\/sites\/3\/2019\/08\/\u00d3ri\u00e1si-sztr\u00e1jk-k\u00f6rvonalaz\u00f3dik-a-Heathrow-rept\u00e9ren.jpg","width":1400,"height":941,"caption":"\u00d3ri\u00e1si sztr\u00e1jk k\u00f6rvonalaz\u00f3dik a Heathrow rept\u00e9ren"},{"@type":"BreadcrumbList","@id":"https:\/\/super-news.info\/hu\/oriasi-sztrajk-korvonalazodik-a-heathrow-repteren\/#breadcrumb","itemListElement":[{"@type":"ListItem","position":1,"name":"\u0413\u043b\u0430\u0432\u043d\u0430\u044f \u0441\u0442\u0440\u0430\u043d\u0438\u0446\u0430","item":"https:\/\/super-news.info\/hu\/"},{"@type":"ListItem","position":2,"name":"\u00d3ri\u00e1si sztr\u00e1jk k\u00f6rvonalaz\u00f3dik a Heathrow rept\u00e9ren"}]},{"@type":"WebSite","@id":"https:\/\/super-news.info\/hu\/#website","url":"https:\/\/super-news.info\/hu\/","name":"Super News","description":"Super News Magyarorsz\u00e1g","potentialAction":[{"@type":"SearchAction","target":{"@type":"EntryPoint","urlTemplate":"https:\/\/super-news.info\/hu\/?s={search_term_string}"},"query-input":{"@type":"PropertyValueSpecification","valueRequired":true,"valueName":"search_term_string"}}],"inLanguage":"hu"},{"@type":"Person","@id":"https:\/\/super-news.info\/hu\/#\/schema\/person\/2d4068cb2f39cd10008c2fce578a7356","name":"super-news","image":{"@type":"ImageObject","inLanguage":"hu","@id":"https:\/\/secure.gravatar.com\/avatar\/64ebac40b93f26a154f8a9b5b6fdccfc46f442b26b3dd6756dbff3bf9dc76fd7?s=96&d=mm&r=g","url":"https:\/\/secure.gravatar.com\/avatar\/64ebac40b93f26a154f8a9b5b6fdccfc46f442b26b3dd6756dbff3bf9dc76fd7?s=96&d=mm&r=g","contentUrl":"https:\/\/secure.gravatar.com\/avatar\/64ebac40b93f26a154f8a9b5b6fdccfc46f442b26b3dd6756dbff3bf9dc76fd7?s=96&d=mm&r=g","caption":"super-news"},"url":"https:\/\/super-news.info\/hu\/author\/pt\/"}]}},"_links":{"self":[{"href":"https:\/\/super-news.info\/hu\/wp-json\/wp\/v2\/posts\/7067","targetHints":{"allow":["GET"]}}],"collection":[{"href":"https:\/\/super-news.info\/hu\/wp-json\/wp\/v2\/posts"}],"about":[{"href":"https:\/\/super-news.info\/hu\/wp-json\/wp\/v2\/types\/post"}],"author":[{"embeddable":true,"href":"https:\/\/super-news.info\/hu\/wp-json\/wp\/v2\/users\/2"}],"replies":[{"embeddable":true,"href":"https:\/\/super-news.info\/hu\/wp-json\/wp\/v2\/comments?post=7067"}],"version-history":[{"count":1,"href":"https:\/\/super-news.info\/hu\/wp-json\/wp\/v2\/posts\/7067\/revisions"}],"predecessor-version":[{"id":7069,"href":"https:\/\/super-news.info\/hu\/wp-json\/wp\/v2\/posts\/7067\/revisions\/7069"}],"wp:featuredmedia":[{"embeddable":true,"href":"https:\/\/super-news.info\/hu\/wp-json\/wp\/v2\/media\/7068"}],"wp:attachment":[{"href":"https:\/\/super-news.info\/hu\/wp-json\/wp\/v2\/media?parent=7067"}],"wp:term":[{"taxonomy":"category","embeddable":true,"href":"https:\/\/super-news.info\/hu\/wp-json\/wp\/v2\/categories?post=7067"},{"taxonomy":"post_tag","embeddable":true,"href":"https:\/\/super-news.info\/hu\/wp-json\/wp\/v2\/tags?post=7067"}],"curies":[{"name":"wp","href":"https:\/\/api.w.org\/{rel}","templated":true}]}}