{"id":7064,"date":"2019-08-03T11:58:08","date_gmt":"2019-08-03T08:58:08","guid":{"rendered":"https:\/\/super-news.info\/hu\/uj-moszkvai-nagykovete-lehet-amerikanak\/"},"modified":"2019-08-03T11:58:10","modified_gmt":"2019-08-03T08:58:10","slug":"uj-moszkvai-nagykovete-lehet-amerikanak","status":"publish","type":"post","link":"https:\/\/super-news.info\/hu\/uj-moszkvai-nagykovete-lehet-amerikanak\/","title":{"rendered":"\u00daj moszkvai nagyk\u00f6vete lehet Amerik\u00e1nak"},"content":{"rendered":"<p> [ad_1]<br \/>\n<\/p>\n<p>\n\t\t\t\t\t\t\t\tDonald Trump amerikai \u00e9s Vlagyimir Putyin orosz eln\u00f6k a napokban folytatott telefonbesz\u00e9lget\u00e9s\u00e9ben egy \u00faj moszkvai nagyk\u00f6vet sz\u00fcks\u00e9gess\u00e9g\u00e9r\u0151l is egyeztetett \u2013 jelentette p\u00e9ntek este a CNN h\u00edrtelev\u00edzi\u00f3.\t\t\t\t\t\t\t<\/p>\n<div>\n<p>Trump \u00e9s Putyin egy \u00faj moszkvai nagyk\u00f6vet sz\u00fcks\u00e9gess\u00e9g\u00e9r\u0151l is egyeztetett \u2013 a CNN inform\u00e1ci\u00f3 szerint. A telev\u00edzi\u00f3 t\u00f6bb, meg nem nevezett korm\u00e1nyzati tiszts\u00e9gvisel\u0151re hivatkozva jelentette, hogy amikor Donald Trump a h\u00e9ten telefonon felaj\u00e1nlotta az orosz eln\u00f6knek az amerikai seg\u00edts\u00e9get a szib\u00e9riai erd\u0151t\u00fczek olt\u00e1s\u00e1hoz, akkor<\/p>\n<p>megvitatt\u00e1k egy Moszkv\u00e1ban akkredit\u00e1lt \u00faj amerikai nagyk\u00f6vet kinevez\u00e9s\u00e9nek sz\u00fcks\u00e9gess\u00e9g\u00e9t is.<\/p>\n<p>Az Egyes\u00fclt \u00c1llamok jelenlegi nagyk\u00f6vete az 59 esztend\u0151s Jon Huntsman \u2013 Utah \u00e1llam kor\u00e1bbi republik\u00e1nus korm\u00e1nyz\u00f3ja, t\u00f6bbsz\u00f6r\u00f6s nagyk\u00f6vet, a 2012-es eln\u00f6kv\u00e1laszt\u00e1s egyik eln\u00f6kjel\u00f6lt-aspir\u00e1nsa \u2013, 2017 \u00f3ta teljes\u00edt diplom\u00e1ciai szolg\u00e1latot az orosz f\u0151v\u00e1rosban. Sajt\u00f3jelent\u00e9sek szerint az elm\u00falt hetekben \u0151 \u00e9s a feles\u00e9ge egy sor olyan rendezv\u00e9nyt szervezett, illetve l\u00e1togat\u00e1st tett, amelyet sokan \u00fagy \u00e9rtelmeztek, hogy a h\u00e1zasp\u00e1r v\u00e9gleg elhagyni k\u00e9sz\u00fcl Moszkv\u00e1t.<\/p>\n<p>A CNN \u00e9rtes\u00fcl\u00e9sei szerint Trump \u00e9s Putyin ugyan megvitatta, hogy nemsok\u00e1ra \u00faj nagyk\u00f6vetet kell k\u00fcldeni Oroszorsz\u00e1gba, de konkr\u00e9t szem\u00e9lyi javaslatokr\u00f3l nem esett sz\u00f3.<\/p>\n<div id=\"attachment_1041330\" style=\"width: 1410px\" class=\"wp-caption alignnone\">\n<p class=\"wp-caption-text\">Fot\u00f3: AFP PHOTO \/ SAUL LOEB<\/p>\n<\/div>\n<p>Donald Trump m\u00e9g cs\u00fct\u00f6rt\u00f6k\u00f6n \u2013 a telefonbesz\u00e9lget\u00e9s napj\u00e1n \u2013 \u00fajs\u00e1g\u00edr\u00f3knak azt mondta: r\u00f6vid, de j\u00f3 besz\u00e9lget\u00e9st folytatott az orosz eln\u00f6kkel. Nem tett azonban eml\u00edt\u00e9st egy \u00faj amerikai nagyk\u00f6vet kinevez\u00e9s\u00e9r\u0151l.<\/p>\n<p>A State Department (amerikai k\u00fcl\u00fcgyminiszt\u00e9rium) nem komment\u00e1lta a telev\u00edzi\u00f3 \u00e9rtes\u00fcl\u00e9s\u00e9t Jon Huntsman esetleges t\u00e1voz\u00e1s\u00e1r\u00f3l. A nagyk\u00f6vet hazah\u00edv\u00e1sa eddig \u2013 legal\u00e1bbis a nyilv\u00e1noss\u00e1g el\u0151tt \u2013 nem mer\u00fclt fel, de tavaly novemberben nyilv\u00e1noss\u00e1gra hozta, hogy b\u0151rr\u00e1kot diagnosztiz\u00e1ltak n\u00e1la.<\/p>\n<\/p><\/div>\n<p><script>\n    window.fbAsyncInit = function() {\n        FB.init({\n            appId      : \"204760236815359\",\n            xfbml      : true,\n            version    : \"v2.12\"\n        });\n        FB.AppEvents.logPageView();\n    };<\/p>\n<p>    (function(d, s, id){\n        var js, fjs = d.getElementsByTagName(s)[0];\n        if (d.getElementById(id)) {return;}\n        js = d.createElement(s); js.id = id;\n        js.src = \"http:\/\/connect.facebook.net\/hu_HU\/sdk.js\";\n        fjs.parentNode.insertBefore(js, fjs);\n    }(document, \"script\", \"facebook-jssdk\"));\n<\/script><br \/>\n<br \/>[ad_2]<br \/>\n<br \/><a href=\"https:\/\/www.vg.hu\/kozelet\/politika\/uj-moszkvai-nagykovete-lehet-amerikanak-1669804\/\">Source link <\/a><\/p>\n","protected":false},"excerpt":{"rendered":"<p>[ad_1] Donald Trump amerikai \u00e9s Vlagyimir Putyin orosz eln\u00f6k a napokban folytatott telefonbesz\u00e9lget\u00e9s\u00e9ben egy \u00faj moszkvai nagyk\u00f6vet sz\u00fcks\u00e9gess\u00e9g\u00e9r\u0151l is egyeztetett \u2013 jelentette p\u00e9ntek este a CNN h\u00edrtelev\u00edzi\u00f3. Trump \u00e9s Putyin egy \u00faj moszkvai nagyk\u00f6vet sz\u00fcks\u00e9gess\u00e9g\u00e9r\u0151l is egyeztetett \u2013 a CNN inform\u00e1ci\u00f3 szerint. A telev\u00edzi\u00f3 t\u00f6bb, meg nem nevezett korm\u00e1nyzati tiszts\u00e9gvisel\u0151re hivatkozva jelentette, hogy amikor Donald [&hellip;]<\/p>\n","protected":false},"author":2,"featured_media":7065,"comment_status":"open","ping_status":"open","sticky":false,"template":"","format":"standard","meta":{"footnotes":""},"categories":[1],"tags":[],"class_list":["post-7064","post","type-post","status-publish","format-standard","has-post-thumbnail","hentry","category-penzugyi-hirek"],"yoast_head":"<!-- This site is optimized with the Yoast SEO plugin v27.4 - https:\/\/yoast.com\/product\/yoast-seo-wordpress\/ -->\n<title>\u00daj moszkvai nagyk\u00f6vete lehet Amerik\u00e1nak - Super News<\/title>\n<meta name=\"robots\" content=\"index, follow, max-snippet:-1, max-image-preview:large, max-video-preview:-1\" \/>\n<link rel=\"canonical\" href=\"https:\/\/super-news.info\/hu\/uj-moszkvai-nagykovete-lehet-amerikanak\/\" \/>\n<meta property=\"og:locale\" content=\"hu_HU\" \/>\n<meta property=\"og:type\" content=\"article\" \/>\n<meta property=\"og:title\" content=\"\u00daj moszkvai nagyk\u00f6vete lehet Amerik\u00e1nak - Super News\" \/>\n<meta property=\"og:description\" content=\"[ad_1] Donald Trump amerikai \u00e9s Vlagyimir Putyin orosz eln\u00f6k a napokban folytatott telefonbesz\u00e9lget\u00e9s\u00e9ben egy \u00faj moszkvai nagyk\u00f6vet sz\u00fcks\u00e9gess\u00e9g\u00e9r\u0151l is egyeztetett \u2013 jelentette p\u00e9ntek este a CNN h\u00edrtelev\u00edzi\u00f3. Trump \u00e9s Putyin egy \u00faj moszkvai nagyk\u00f6vet sz\u00fcks\u00e9gess\u00e9g\u00e9r\u0151l is egyeztetett \u2013 a CNN inform\u00e1ci\u00f3 szerint. A telev\u00edzi\u00f3 t\u00f6bb, meg nem nevezett korm\u00e1nyzati tiszts\u00e9gvisel\u0151re hivatkozva jelentette, hogy amikor Donald [&hellip;]\" \/>\n<meta property=\"og:url\" content=\"https:\/\/super-news.info\/hu\/uj-moszkvai-nagykovete-lehet-amerikanak\/\" \/>\n<meta property=\"og:site_name\" content=\"Super News\" \/>\n<meta property=\"article:published_time\" content=\"2019-08-03T08:58:08+00:00\" \/>\n<meta property=\"article:modified_time\" content=\"2019-08-03T08:58:10+00:00\" \/>\n<meta property=\"og:image\" content=\"https:\/\/super-news.info\/hu\/wp-content\/uploads\/sites\/3\/2019\/08\/\u00daj-moszkvai-nagyk\u00f6vete-lehet-Amerik\u00e1nak.jpg\" \/>\n\t<meta property=\"og:image:width\" content=\"1400\" \/>\n\t<meta property=\"og:image:height\" content=\"863\" \/>\n\t<meta property=\"og:image:type\" content=\"image\/jpeg\" \/>\n<meta name=\"author\" content=\"super-news\" \/>\n<meta name=\"twitter:card\" content=\"summary_large_image\" \/>\n<meta name=\"twitter:label1\" content=\"Szerz\u0151:\" \/>\n\t<meta name=\"twitter:data1\" content=\"super-news\" \/>\n\t<meta name=\"twitter:label2\" content=\"Becs\u00fclt olvas\u00e1si id\u0151\" \/>\n\t<meta name=\"twitter:data2\" content=\"2 perc\" \/>\n<script type=\"application\/ld+json\" class=\"yoast-schema-graph\">{\"@context\":\"https:\\\/\\\/schema.org\",\"@graph\":[{\"@type\":\"Article\",\"@id\":\"https:\\\/\\\/super-news.info\\\/hu\\\/uj-moszkvai-nagykovete-lehet-amerikanak\\\/#article\",\"isPartOf\":{\"@id\":\"https:\\\/\\\/super-news.info\\\/hu\\\/uj-moszkvai-nagykovete-lehet-amerikanak\\\/\"},\"author\":{\"name\":\"super-news\",\"@id\":\"https:\\\/\\\/super-news.info\\\/hu\\\/#\\\/schema\\\/person\\\/2d4068cb2f39cd10008c2fce578a7356\"},\"headline\":\"\u00daj moszkvai nagyk\u00f6vete lehet Amerik\u00e1nak\",\"datePublished\":\"2019-08-03T08:58:08+00:00\",\"dateModified\":\"2019-08-03T08:58:10+00:00\",\"mainEntityOfPage\":{\"@id\":\"https:\\\/\\\/super-news.info\\\/hu\\\/uj-moszkvai-nagykovete-lehet-amerikanak\\\/\"},\"wordCount\":369,\"commentCount\":0,\"image\":{\"@id\":\"https:\\\/\\\/super-news.info\\\/hu\\\/uj-moszkvai-nagykovete-lehet-amerikanak\\\/#primaryimage\"},\"thumbnailUrl\":\"https:\\\/\\\/super-news.info\\\/hu\\\/wp-content\\\/uploads\\\/sites\\\/3\\\/2019\\\/08\\\/\u00daj-moszkvai-nagyk\u00f6vete-lehet-Amerik\u00e1nak.jpg\",\"articleSection\":[\"P\u00c9NZ\u00dcGYI H\u00cdREK\"],\"inLanguage\":\"hu\",\"potentialAction\":[{\"@type\":\"CommentAction\",\"name\":\"Comment\",\"target\":[\"https:\\\/\\\/super-news.info\\\/hu\\\/uj-moszkvai-nagykovete-lehet-amerikanak\\\/#respond\"]}]},{\"@type\":\"WebPage\",\"@id\":\"https:\\\/\\\/super-news.info\\\/hu\\\/uj-moszkvai-nagykovete-lehet-amerikanak\\\/\",\"url\":\"https:\\\/\\\/super-news.info\\\/hu\\\/uj-moszkvai-nagykovete-lehet-amerikanak\\\/\",\"name\":\"\u00daj moszkvai nagyk\u00f6vete lehet Amerik\u00e1nak - Super News\",\"isPartOf\":{\"@id\":\"https:\\\/\\\/super-news.info\\\/hu\\\/#website\"},\"primaryImageOfPage\":{\"@id\":\"https:\\\/\\\/super-news.info\\\/hu\\\/uj-moszkvai-nagykovete-lehet-amerikanak\\\/#primaryimage\"},\"image\":{\"@id\":\"https:\\\/\\\/super-news.info\\\/hu\\\/uj-moszkvai-nagykovete-lehet-amerikanak\\\/#primaryimage\"},\"thumbnailUrl\":\"https:\\\/\\\/super-news.info\\\/hu\\\/wp-content\\\/uploads\\\/sites\\\/3\\\/2019\\\/08\\\/\u00daj-moszkvai-nagyk\u00f6vete-lehet-Amerik\u00e1nak.jpg\",\"datePublished\":\"2019-08-03T08:58:08+00:00\",\"dateModified\":\"2019-08-03T08:58:10+00:00\",\"author\":{\"@id\":\"https:\\\/\\\/super-news.info\\\/hu\\\/#\\\/schema\\\/person\\\/2d4068cb2f39cd10008c2fce578a7356\"},\"breadcrumb\":{\"@id\":\"https:\\\/\\\/super-news.info\\\/hu\\\/uj-moszkvai-nagykovete-lehet-amerikanak\\\/#breadcrumb\"},\"inLanguage\":\"hu\",\"potentialAction\":[{\"@type\":\"ReadAction\",\"target\":[\"https:\\\/\\\/super-news.info\\\/hu\\\/uj-moszkvai-nagykovete-lehet-amerikanak\\\/\"]}]},{\"@type\":\"ImageObject\",\"inLanguage\":\"hu\",\"@id\":\"https:\\\/\\\/super-news.info\\\/hu\\\/uj-moszkvai-nagykovete-lehet-amerikanak\\\/#primaryimage\",\"url\":\"https:\\\/\\\/super-news.info\\\/hu\\\/wp-content\\\/uploads\\\/sites\\\/3\\\/2019\\\/08\\\/\u00daj-moszkvai-nagyk\u00f6vete-lehet-Amerik\u00e1nak.jpg\",\"contentUrl\":\"https:\\\/\\\/super-news.info\\\/hu\\\/wp-content\\\/uploads\\\/sites\\\/3\\\/2019\\\/08\\\/\u00daj-moszkvai-nagyk\u00f6vete-lehet-Amerik\u00e1nak.jpg\",\"width\":1400,\"height\":863,\"caption\":\"\u00daj moszkvai nagyk\u00f6vete lehet Amerik\u00e1nak\"},{\"@type\":\"BreadcrumbList\",\"@id\":\"https:\\\/\\\/super-news.info\\\/hu\\\/uj-moszkvai-nagykovete-lehet-amerikanak\\\/#breadcrumb\",\"itemListElement\":[{\"@type\":\"ListItem\",\"position\":1,\"name\":\"\u0413\u043b\u0430\u0432\u043d\u0430\u044f \u0441\u0442\u0440\u0430\u043d\u0438\u0446\u0430\",\"item\":\"https:\\\/\\\/super-news.info\\\/hu\\\/\"},{\"@type\":\"ListItem\",\"position\":2,\"name\":\"\u00daj moszkvai nagyk\u00f6vete lehet Amerik\u00e1nak\"}]},{\"@type\":\"WebSite\",\"@id\":\"https:\\\/\\\/super-news.info\\\/hu\\\/#website\",\"url\":\"https:\\\/\\\/super-news.info\\\/hu\\\/\",\"name\":\"Super News\",\"description\":\"Super News Magyarorsz\u00e1g\",\"potentialAction\":[{\"@type\":\"SearchAction\",\"target\":{\"@type\":\"EntryPoint\",\"urlTemplate\":\"https:\\\/\\\/super-news.info\\\/hu\\\/?s={search_term_string}\"},\"query-input\":{\"@type\":\"PropertyValueSpecification\",\"valueRequired\":true,\"valueName\":\"search_term_string\"}}],\"inLanguage\":\"hu\"},{\"@type\":\"Person\",\"@id\":\"https:\\\/\\\/super-news.info\\\/hu\\\/#\\\/schema\\\/person\\\/2d4068cb2f39cd10008c2fce578a7356\",\"name\":\"super-news\",\"image\":{\"@type\":\"ImageObject\",\"inLanguage\":\"hu\",\"@id\":\"https:\\\/\\\/secure.gravatar.com\\\/avatar\\\/64ebac40b93f26a154f8a9b5b6fdccfc46f442b26b3dd6756dbff3bf9dc76fd7?s=96&d=mm&r=g\",\"url\":\"https:\\\/\\\/secure.gravatar.com\\\/avatar\\\/64ebac40b93f26a154f8a9b5b6fdccfc46f442b26b3dd6756dbff3bf9dc76fd7?s=96&d=mm&r=g\",\"contentUrl\":\"https:\\\/\\\/secure.gravatar.com\\\/avatar\\\/64ebac40b93f26a154f8a9b5b6fdccfc46f442b26b3dd6756dbff3bf9dc76fd7?s=96&d=mm&r=g\",\"caption\":\"super-news\"},\"url\":\"https:\\\/\\\/super-news.info\\\/hu\\\/author\\\/pt\\\/\"}]}<\/script>\n<!-- \/ Yoast SEO plugin. -->","yoast_head_json":{"title":"\u00daj moszkvai nagyk\u00f6vete lehet Amerik\u00e1nak - Super News","robots":{"index":"index","follow":"follow","max-snippet":"max-snippet:-1","max-image-preview":"max-image-preview:large","max-video-preview":"max-video-preview:-1"},"canonical":"https:\/\/super-news.info\/hu\/uj-moszkvai-nagykovete-lehet-amerikanak\/","og_locale":"hu_HU","og_type":"article","og_title":"\u00daj moszkvai nagyk\u00f6vete lehet Amerik\u00e1nak - Super News","og_description":"[ad_1] Donald Trump amerikai \u00e9s Vlagyimir Putyin orosz eln\u00f6k a napokban folytatott telefonbesz\u00e9lget\u00e9s\u00e9ben egy \u00faj moszkvai nagyk\u00f6vet sz\u00fcks\u00e9gess\u00e9g\u00e9r\u0151l is egyeztetett \u2013 jelentette p\u00e9ntek este a CNN h\u00edrtelev\u00edzi\u00f3. Trump \u00e9s Putyin egy \u00faj moszkvai nagyk\u00f6vet sz\u00fcks\u00e9gess\u00e9g\u00e9r\u0151l is egyeztetett \u2013 a CNN inform\u00e1ci\u00f3 szerint. A telev\u00edzi\u00f3 t\u00f6bb, meg nem nevezett korm\u00e1nyzati tiszts\u00e9gvisel\u0151re hivatkozva jelentette, hogy amikor Donald [&hellip;]","og_url":"https:\/\/super-news.info\/hu\/uj-moszkvai-nagykovete-lehet-amerikanak\/","og_site_name":"Super News","article_published_time":"2019-08-03T08:58:08+00:00","article_modified_time":"2019-08-03T08:58:10+00:00","og_image":[{"width":1400,"height":863,"url":"https:\/\/super-news.info\/hu\/wp-content\/uploads\/sites\/3\/2019\/08\/\u00daj-moszkvai-nagyk\u00f6vete-lehet-Amerik\u00e1nak.jpg","type":"image\/jpeg"}],"author":"super-news","twitter_card":"summary_large_image","twitter_misc":{"Szerz\u0151:":"super-news","Becs\u00fclt olvas\u00e1si id\u0151":"2 perc"},"schema":{"@context":"https:\/\/schema.org","@graph":[{"@type":"Article","@id":"https:\/\/super-news.info\/hu\/uj-moszkvai-nagykovete-lehet-amerikanak\/#article","isPartOf":{"@id":"https:\/\/super-news.info\/hu\/uj-moszkvai-nagykovete-lehet-amerikanak\/"},"author":{"name":"super-news","@id":"https:\/\/super-news.info\/hu\/#\/schema\/person\/2d4068cb2f39cd10008c2fce578a7356"},"headline":"\u00daj moszkvai nagyk\u00f6vete lehet Amerik\u00e1nak","datePublished":"2019-08-03T08:58:08+00:00","dateModified":"2019-08-03T08:58:10+00:00","mainEntityOfPage":{"@id":"https:\/\/super-news.info\/hu\/uj-moszkvai-nagykovete-lehet-amerikanak\/"},"wordCount":369,"commentCount":0,"image":{"@id":"https:\/\/super-news.info\/hu\/uj-moszkvai-nagykovete-lehet-amerikanak\/#primaryimage"},"thumbnailUrl":"https:\/\/super-news.info\/hu\/wp-content\/uploads\/sites\/3\/2019\/08\/\u00daj-moszkvai-nagyk\u00f6vete-lehet-Amerik\u00e1nak.jpg","articleSection":["P\u00c9NZ\u00dcGYI H\u00cdREK"],"inLanguage":"hu","potentialAction":[{"@type":"CommentAction","name":"Comment","target":["https:\/\/super-news.info\/hu\/uj-moszkvai-nagykovete-lehet-amerikanak\/#respond"]}]},{"@type":"WebPage","@id":"https:\/\/super-news.info\/hu\/uj-moszkvai-nagykovete-lehet-amerikanak\/","url":"https:\/\/super-news.info\/hu\/uj-moszkvai-nagykovete-lehet-amerikanak\/","name":"\u00daj moszkvai nagyk\u00f6vete lehet Amerik\u00e1nak - Super News","isPartOf":{"@id":"https:\/\/super-news.info\/hu\/#website"},"primaryImageOfPage":{"@id":"https:\/\/super-news.info\/hu\/uj-moszkvai-nagykovete-lehet-amerikanak\/#primaryimage"},"image":{"@id":"https:\/\/super-news.info\/hu\/uj-moszkvai-nagykovete-lehet-amerikanak\/#primaryimage"},"thumbnailUrl":"https:\/\/super-news.info\/hu\/wp-content\/uploads\/sites\/3\/2019\/08\/\u00daj-moszkvai-nagyk\u00f6vete-lehet-Amerik\u00e1nak.jpg","datePublished":"2019-08-03T08:58:08+00:00","dateModified":"2019-08-03T08:58:10+00:00","author":{"@id":"https:\/\/super-news.info\/hu\/#\/schema\/person\/2d4068cb2f39cd10008c2fce578a7356"},"breadcrumb":{"@id":"https:\/\/super-news.info\/hu\/uj-moszkvai-nagykovete-lehet-amerikanak\/#breadcrumb"},"inLanguage":"hu","potentialAction":[{"@type":"ReadAction","target":["https:\/\/super-news.info\/hu\/uj-moszkvai-nagykovete-lehet-amerikanak\/"]}]},{"@type":"ImageObject","inLanguage":"hu","@id":"https:\/\/super-news.info\/hu\/uj-moszkvai-nagykovete-lehet-amerikanak\/#primaryimage","url":"https:\/\/super-news.info\/hu\/wp-content\/uploads\/sites\/3\/2019\/08\/\u00daj-moszkvai-nagyk\u00f6vete-lehet-Amerik\u00e1nak.jpg","contentUrl":"https:\/\/super-news.info\/hu\/wp-content\/uploads\/sites\/3\/2019\/08\/\u00daj-moszkvai-nagyk\u00f6vete-lehet-Amerik\u00e1nak.jpg","width":1400,"height":863,"caption":"\u00daj moszkvai nagyk\u00f6vete lehet Amerik\u00e1nak"},{"@type":"BreadcrumbList","@id":"https:\/\/super-news.info\/hu\/uj-moszkvai-nagykovete-lehet-amerikanak\/#breadcrumb","itemListElement":[{"@type":"ListItem","position":1,"name":"\u0413\u043b\u0430\u0432\u043d\u0430\u044f \u0441\u0442\u0440\u0430\u043d\u0438\u0446\u0430","item":"https:\/\/super-news.info\/hu\/"},{"@type":"ListItem","position":2,"name":"\u00daj moszkvai nagyk\u00f6vete lehet Amerik\u00e1nak"}]},{"@type":"WebSite","@id":"https:\/\/super-news.info\/hu\/#website","url":"https:\/\/super-news.info\/hu\/","name":"Super News","description":"Super News Magyarorsz\u00e1g","potentialAction":[{"@type":"SearchAction","target":{"@type":"EntryPoint","urlTemplate":"https:\/\/super-news.info\/hu\/?s={search_term_string}"},"query-input":{"@type":"PropertyValueSpecification","valueRequired":true,"valueName":"search_term_string"}}],"inLanguage":"hu"},{"@type":"Person","@id":"https:\/\/super-news.info\/hu\/#\/schema\/person\/2d4068cb2f39cd10008c2fce578a7356","name":"super-news","image":{"@type":"ImageObject","inLanguage":"hu","@id":"https:\/\/secure.gravatar.com\/avatar\/64ebac40b93f26a154f8a9b5b6fdccfc46f442b26b3dd6756dbff3bf9dc76fd7?s=96&d=mm&r=g","url":"https:\/\/secure.gravatar.com\/avatar\/64ebac40b93f26a154f8a9b5b6fdccfc46f442b26b3dd6756dbff3bf9dc76fd7?s=96&d=mm&r=g","contentUrl":"https:\/\/secure.gravatar.com\/avatar\/64ebac40b93f26a154f8a9b5b6fdccfc46f442b26b3dd6756dbff3bf9dc76fd7?s=96&d=mm&r=g","caption":"super-news"},"url":"https:\/\/super-news.info\/hu\/author\/pt\/"}]}},"_links":{"self":[{"href":"https:\/\/super-news.info\/hu\/wp-json\/wp\/v2\/posts\/7064","targetHints":{"allow":["GET"]}}],"collection":[{"href":"https:\/\/super-news.info\/hu\/wp-json\/wp\/v2\/posts"}],"about":[{"href":"https:\/\/super-news.info\/hu\/wp-json\/wp\/v2\/types\/post"}],"author":[{"embeddable":true,"href":"https:\/\/super-news.info\/hu\/wp-json\/wp\/v2\/users\/2"}],"replies":[{"embeddable":true,"href":"https:\/\/super-news.info\/hu\/wp-json\/wp\/v2\/comments?post=7064"}],"version-history":[{"count":1,"href":"https:\/\/super-news.info\/hu\/wp-json\/wp\/v2\/posts\/7064\/revisions"}],"predecessor-version":[{"id":7066,"href":"https:\/\/super-news.info\/hu\/wp-json\/wp\/v2\/posts\/7064\/revisions\/7066"}],"wp:featuredmedia":[{"embeddable":true,"href":"https:\/\/super-news.info\/hu\/wp-json\/wp\/v2\/media\/7065"}],"wp:attachment":[{"href":"https:\/\/super-news.info\/hu\/wp-json\/wp\/v2\/media?parent=7064"}],"wp:term":[{"taxonomy":"category","embeddable":true,"href":"https:\/\/super-news.info\/hu\/wp-json\/wp\/v2\/categories?post=7064"},{"taxonomy":"post_tag","embeddable":true,"href":"https:\/\/super-news.info\/hu\/wp-json\/wp\/v2\/tags?post=7064"}],"curies":[{"name":"wp","href":"https:\/\/api.w.org\/{rel}","templated":true}]}}