{"id":7058,"date":"2019-08-03T10:06:58","date_gmt":"2019-08-03T07:06:58","guid":{"rendered":"https:\/\/super-news.info\/hu\/az-el-caminotol-a-magikus-templomokig\/"},"modified":"2019-08-03T10:06:59","modified_gmt":"2019-08-03T07:06:59","slug":"az-el-caminotol-a-magikus-templomokig","status":"publish","type":"post","link":"https:\/\/super-news.info\/hu\/az-el-caminotol-a-magikus-templomokig\/","title":{"rendered":"Az El Camin\u00f3t\u00f3l a m\u00e1gikus templomokig"},"content":{"rendered":"<p> [ad_1]<br \/>\n<\/p>\n<p>\n\t\t\t\t\t\t\t\t\u00d6ssze\u00e1ll\u00edt\u00e1sunkban nem mindennapi spiritu\u00e1lis utaz\u00e1sokra invit\u00e1ljuk olvas\u00f3inkat, mint p\u00e9ld\u00e1ul az El Camin\u00f3ra, Gobuszt\u00e1nba, Balira, vagy egy felejthetetlen vulk\u00e1nt\u00far\u00e1ra.\t\t\t\t\t\t\t<\/p>\n<div>\n<h3>El Camino, a h\u00edres zar\u00e1ndok\u00fat<\/h3>\n<p>Olyan lelki-testi utaz\u00e1s, hogy megv\u00e1ltozik ut\u00e1na az eg\u00e9sz \u00e9leted. Vigy\u00e1zz, mert fert\u0151z\u00e9seket kaphatsz a t\u00f6megsz\u00e1ll\u00e1sokon! Sok mindent hallottam, miel\u0151tt elhat\u00e1roztam, hogy elmegyek az El Cami no egy szakasz\u00e1ra. Persze tudni kell, \u201episk\u00f3ta\u201d vagyok azokhoz k\u00e9pest, akik a n\u00e9gy f\u0151 \u00fatvonalat teljes eg\u00e9sz\u00e9ben v\u00e9gigcsin\u00e1lj\u00e1k. A Szent Jakab-\u00fat, melyet spanyol neve ut\u00e1n (Camino de Santiago) mindenki El Camin\u00f3nak h\u00edv, val\u00f3j\u00e1ban zar\u00e1ndokutak h\u00e1l\u00f3zata. Egy dolog k\u00f6ti \u00f6ssze ezeket, az, hogy Galicia tartom\u00e1ny f\u0151v\u00e1ros\u00e1ba, Santiago de Compostel\u00e1ba tartunk, ahol Szent Jakab apostol erekly\u00e9i vannak. Az utols\u00f3 szakasz t\u00e9nyleg \u0151si, ezer \u00e9ve j\u00e1rj\u00e1k a zar\u00e1ndokok. A n\u00e9gy nagyobb idevezet\u0151 \u00fatvonalhoz sz\u00e1mos \u00faj \u00fatvonal is csatlakozik, 2009 \u00f3ta magyar szakasz is van. Az \u00fatvonalakat f\u00e9s\u0171kagyl\u00f3t form\u00e1z\u00f3 jel mutatja. Persze ez alapj\u00e1n bizony neh\u00e9z lenne eltal\u00e1lni b\u00e1rhova is, de val\u00f3j\u00e1ban a k\u00e9rd\u00e9ses r\u00e9szekn\u00e9l csak sodr\u00f3dni kell a t\u00f6bbiekkel, hisz manaps\u00e1g t\u00f6bb t\u00edzezren v\u00e1gnak neki a spiritu\u00e1lis utaz\u00e1snak.<\/p>\n<div id=\"attachment_1669345\" style=\"width: 1410px\" class=\"wp-caption aligncenter\">\n<p class=\"wp-caption-text\">Gyalog k\u00fczd\u00fcnk a gondolatainkkal \u00e9s a meleggel, \u00fajra \u00e9s \u00fajra tal\u00e1lkozunk \u00faj ismer\u0151seinkkel, csobog\u00f3 forr\u00e1s mellett \u00e9rezhetj\u00fck ism\u00e9t azt, amit utolj\u00e1ra gyerekkorunkba<br \/>Fot\u00f3: Shutterstock<\/p>\n<\/div>\n<p>Megtal\u00e1ljuk a zar\u00e1ndoksz\u00e1ll\u00e1sok list\u00e1j\u00e1t a neten, \u00fatik\u00f6nyvekben, s mivel a v\u00e9gc\u00e9l ismert, nem kell att\u00f3l tartani, hogy elt\u00e9ved\u00fcnk. Igaz\u00e1b\u00f3l nincs is lehet\u0151s\u00e9g erre. Hisz az eg\u00e9sz l\u00e9nyege, hogy h\u00e1tunkon a csomagunkkal, v\u00edzzel, es\u0151kab\u00e1ttal felszerelkezve j\u00e1rjuk a saj\u00e1t utunkat. Ha a hegyi szakaszokat v\u00e1lasztjuk, kem\u00e9ny terepen tehetj\u00fck magunkat pr\u00f3b\u00e1ra, de vannak akik ezeket egyszer\u0171en megker\u00fclik. Gyalog k\u00fczd\u00fcnk a gondolatainkkal \u00e9s a meleggel, \u00fajra \u00e9s \u00fajra tal\u00e1lkozunk \u00faj ismer\u0151seinkkel, csobog\u00f3 forr\u00e1s mellett \u00e9rezhetj\u00fck ism\u00e9t azt, amit utolj\u00e1ra gyerekkorunkban.<\/p>\n<div id=\"attachment_1669342\" style=\"width: 1410px\" class=\"wp-caption aligncenter\"><img loading=\"lazy\" decoding=\"async\" class=\"size-full wp-image-1669342\" src=\"https:\/\/super-news.info\/hu\/wp-content\/uploads\/sites\/3\/2019\/08\/1564816018_27_Az-El-Caminotol-a-magikus-templomokig.jpg\" alt=\"\" width=\"1400\" height=\"964\"  \/><\/p>\n<p class=\"wp-caption-text\">Az El Camin\u00f3n az \u00fatvonalakat f\u00e9s\u0171kagyl\u00f3t form\u00e1z\u00f3 jel mutatja<br \/>Fot\u00f3: Shutterstock<\/p>\n<\/div>\n<h3>\u0150semberkaland Gobuszt\u00e1nban<\/h3>\n<p>Mindenhol kisebb barlangok, bem\u00e9lyed\u00e9sek l\u00e1that\u00f3k, a term\u00e9szetes, f\u00e9lig nyitott \u0151skori lakhelyeket rajzok d\u00edsz\u00edtik az azerbajdzs\u00e1ni Gobuszt\u00e1nban. K\u00f6ves \u00faton tudjuk a szikl\u00e1kat megk\u00f6zel\u00edteni, \u00e9s r\u00f6vid kapaszkod\u00f3 ut\u00e1n m\u00e1ris megcsod\u00e1lhatjuk a rajzokat.<\/p>\n<div id=\"attachment_1669333\" style=\"width: 460px\" class=\"wp-caption alignright\"><img loading=\"lazy\" decoding=\"async\" class=\"wp-image-1669333\" src=\"https:\/\/super-news.info\/hu\/wp-content\/uploads\/sites\/3\/2019\/08\/1564816018_67_Az-El-Caminotol-a-magikus-templomokig.jpg\" alt=\"\" width=\"450\" height=\"603\"  \/><\/p>\n<p class=\"wp-caption-text\">Gobuszt\u00e1n egyike azoknak a helyeknek, ahol az els\u0151 emberek \u00e9ltek<br \/>Fot\u00f3: AFP<\/p>\n<\/div>\n<p>Az 1920-as \u00e9vek v\u00e9g\u00e9n fedezt\u00e9k fel ezeket a helybeliek, de csak a 30-as \u00e9vekben figyeltek fel r\u00e1 a hivatalos szervek, amikor k\u0151fejt\u0151 munk\u00e1sok jelezt\u00e9k fel\u00e9j\u00fck, hogy furcsa \u00e1br\u00e1k vannak a k\u00f6veken. 1939-ben megkezd\u0151dtek a r\u00e9g\u00e9szeti felt\u00e1r\u00e1sok.<\/p>\n<p>Az\u00f3ta t\u00f6bb mint 6000 rajzot tal\u00e1ltak. A szovjet id\u0151kben a barlangokat k\u00fcl\u00f6n-k\u00fcl\u00f6n megsz\u00e1mozt\u00e1k \u00e9s megjel\u00f6lt\u00e9k, ezek persze nem r\u00e9gi \u00e1br\u00e1k, de a turist\u00e1kat gyakran megzavarj\u00e1k. A rajzokon egyebek k\u00f6zt csillagk\u00e9peket, \u00e9gitesteket \u00f6r\u00f6k\u00edtettek meg m\u00e9g az \u0151sk\u00f6z\u00f6ss\u00e9g idej\u00e9n. L\u00e1ttam cs\u00f3nakot is, amelyet felfestettek a falra. Van olyan haj\u00f3hoz hasonl\u00edt\u00f3 \u00e1br\u00e1zol\u00e1s, amely i. e. 6000 k\u00f6r\u00fcl keletkezhetett, tal\u00e1ltak negyvenezer \u00e9vesnek v\u00e9lt rajzot, \u00e9s m\u00e9g Heyerdahl, a h\u00edres norv\u00e9g n\u00e9prajzkutat\u00f3 is azt gondolta ezek alapj\u00e1n, hogy Gobuszt\u00e1n egyike lehetett azoknak a helyeknek, ahol az els\u0151 emberek \u00e9ltek.<\/p>\n<div class=\"aframe\">\n<h3>VULK\u00c1NT\u00daRA AZ AZORI-SZIGETEKEN<\/h3>\n<p>Teljes csend. Nincs mad\u00e1rcsivitel\u00e9s, sem az ipar, sem a term\u00e9szet zajai nem hallhat\u00f3k. Hihetetlen \u00e9lm\u00e9ny volt sz\u00e1momra, hogy a Pico vulk\u00e1n tetej\u00e9n \u00e9letem legt\u00f6k\u00e9letesebb csendj\u00e9t hallottam. Persze ez oximoronnak t\u0171nik, de \u00edgy tal\u00e1n \u00e9rz\u00e9keltetni tudom a kedves olvas\u00f3kkal, milyen az, amikor a szok\u00e1sos alapzajok is elt\u0171nnek az \u00e9let\u00fcnkb\u0151l \u2013 egy r\u00f6vid id\u0151re. S n\u00f6v\u00e9nyzet sincs semmi, csak n\u00e9ma g\u00e1zok \u00e9s g\u0151z\u00f6k. A talaj annyira meleg, hogy a teljes lelki \u00e9s testi nyugalomra v\u00e1gy\u00f3k felj\u00f6nnek ide piknikezni: \u00e1snak egy kis g\u00f6dr\u00f6t, majd belerakj\u00e1k az otthonr\u00f3l hozott h\u00fast. A forr\u00f3 f\u00f6ldben percek alatt megs\u00fcl a finoms\u00e1g, m\u00e1r lehet is falatozni. A vulk\u00e1n tetej\u00e9n hossz\u00fa-hossz\u00fa ideig csak n\u00e9m\u00e1n \u00e1lldog\u00e1ltam. B\u00e1rmily hihetetlen, a csendet figyeltem. Egyetlen mad\u00e1r nem csiripelt, egyetlen aut\u00f3 nem d\u00fcb\u00f6rg\u00f6tt, ilyen csendess\u00e9get tal\u00e1n m\u00e9g soha nem hallottam, mindig mindenhol van valami apr\u00f3 nesz. T\u00e9nyleg nem v\u00e9letlen, hogy az Azori-szigeteket a csend \u00e9s a nyugalom sziget\u00e9nek nevezik. A ter\u00fcletet portug\u00e1l tenger\u00e9szek fedezt\u00e9k fel a 15. sz\u00e1zad els\u0151 fel\u00e9ben. Ez azt jelenti, hogy Kolumbusznak szerencs\u00e9je volt, \u00e9s meg tudott \u00e1llni \u00e9lelmet \u00e9s vizet v\u00e9telezni. L\u00e9nyeg\u00e9ben ez Eur\u00f3p\u00e1nak a kontinensen k\u00edv\u00fcli legnyugatibb ter\u00fclete. A n\u00e9v az olasz azurro (k\u00e9k) sz\u00f3b\u00f3l sz\u00e1rmazik, az itt keresked\u0151 olasz tenger\u00e9szeknek k\u00f6sz\u00f6nhet\u0151en. Egy r\u00f6vid spanyol megsz\u00e1ll\u00e1st\u00f3l eltekintve a szigetek mindig is Portug\u00e1li\u00e1hoz tartoztak, a mai napig portug\u00e1l k\u00fclbirtok a ter\u00fclet. Az Azori-szigetek kilenc szigetb\u0151l \u00e1ll, mindegyik k\u00f6z\u00f6tt van l\u00e9gi \u00e9s v\u00edzi \u00f6sszek\u00f6ttet\u00e9s. S\u00e3o Miguelen tal\u00e1lhat\u00f3 a f\u0151v\u00e1ros, Ponta Delgada. Itt a legismertebb l\u00e1tv\u00e1nyoss\u00e1g a k\u00e9t gy\u00f6ny\u00f6r\u0171 vulk\u00e1ni t\u00f3, Sete Cidades. Ak\u00e1rcsak Spanyolorsz\u00e1g eset\u00e9ben, Portug\u00e1li\u00e1n\u00e1l is k\u00fclbirtokon tal\u00e1lhat\u00f3 a legmagasabb hegy. Az el\u0151bbi leghatalmasabb hegye a Kan\u00e1ri-szigeteken tal\u00e1lhat\u00f3 Teide vulk\u00e1n, az ut\u00f3bbi legmagasabb cs\u00facsa pedig az Azori-szigeteken tal\u00e1lhat\u00f3 Picohegy. A var\u00e1zslatos t\u0171zh\u00e1ny\u00f3 kr\u00e1tere el\u0151tt \u00e1llva elmerenghet\u00fcnk az \u00e9let nagy dolgain.<\/p>\n<div id=\"attachment_1669336\" style=\"width: 1410px\" class=\"wp-caption aligncenter\"><img loading=\"lazy\" decoding=\"async\" class=\"size-full wp-image-1669336\" src=\"https:\/\/super-news.info\/hu\/wp-content\/uploads\/sites\/3\/2019\/08\/1564816018_599_Az-El-Caminotol-a-magikus-templomokig.jpg\" alt=\"\" width=\"1400\" height=\"935\"\/><\/p>\n<p class=\"wp-caption-text\">A sziget legismertebb l\u00e1tv\u00e1nyoss\u00e1ga a k\u00e9t gy\u00f6ny\u00f6r\u0171 vulk\u00e1ni t\u00f3, Sete Cidades<br \/>Fot\u00f3: Shutterstock<\/p>\n<\/div>\n<\/div>\n<p>A hegyen a l\u00e1togat\u00f3k nagyj\u00e1b\u00f3l h\u00fasz barlangot n\u00e9zhetnek meg egy izgalmas t\u00far\u00e1n. Ne s\u00f6t\u00e9t, denev\u00e9rekkel teli helyeket k\u00e9pzeljenek el. M\u00e9g l\u00e1mp\u00e1sra sincs sz\u00fcks\u00e9g, mert fel\u00fcl behatol a f\u00e9ny, ink\u00e1bb bem\u00e9lyed\u00e9sekr\u0151l besz\u00e9lhet\u00fcnk. A bels\u0151 \u00e9s a k\u00fcls\u0151 sziklafalakon egyar\u00e1nt vannak rajzok. Embereket, \u00e1llatokat \u00e1br\u00e1zolnak. Sok helyen vad\u00e1szjeleneteket l\u00e1thatunk. A ter\u00fclet k\u00f6zepe fel\u00e9 haladva egyre t\u00f6bb a nyilakkal \u00e9s \u00edjjal felszerelt vad\u00e1sz, a harcos. Vannak k\u00f6v\u00e9rk\u00e9s anyafigur\u00e1k, szarvasmarh\u00e1k, l\u00f3szer\u0171 \u00e1llatok, b\u00f6l\u00e9nyek, szarvasok, kecsk\u00e9k, vaddiszn\u00f3k, oroszl\u00e1nok, halak, h\u00fcll\u0151k \u00e9s rovarok is az \u00e1br\u00e1kon. Bik\u00e1k viaskodnak egym\u00e1ssal, tev\u00e9k haladnak a v\u00e9gtelen fel\u00e9. Az egyik k\u00fcl\u00f6nleges k\u00f6rt\u00e1nc, melyet a figur\u00e1k j\u00e1rnak, \u00e1ll\u00edt\u00f3lag a most ismert azerbajdzs\u00e1ni t\u00e1nccal lehet rokon. Az \u00e1br\u00e1zol\u00e1sok kezdetlegesek, m\u00e9reteiket tekintve el\u00e9g fur\u00e1k. L\u00e1thatunk mini lovat, n\u00e9gym\u00e9teres hal\u00e1szt, \u00e9s van t\u00f6bb mint k\u00e9t m\u00e9ter magas \u00f6k\u00f6rrajz is. A k\u00e9pek v\u00e9s\u00e9ssel, karcol\u00e1ssal, pontoz\u00e1ssal, csiszol\u00e1ssal k\u00e9sz\u00fcltek, k\u0151k\u00e9sekkel, v\u00e9s\u0151kkel. K\u00f6zelr\u0151l figyelve ezeket, olyannak t\u0171nnek, mintha csak nemr\u00e9g k\u00e9sz\u00edtett\u00e9k volna. F\u00e9lre\u00e9rt\u00e9s ne ess\u00e9k, nem k\u00e9telkedem a vizsg\u00e1latokkal igazolt eredetis\u00e9gben, csak a j\u00f3l kivehet\u0151, \u00e9les rajzok hangulat\u00e1t pr\u00f3b\u00e1lom meg \u00e9rz\u00e9keltetni.<\/p>\n<p>A spiritu\u00e1lis atmoszf\u00e9r\u00e1ban elk\u00e9pzelhetj\u00fck, hogy itt sz\u00fcletett az els\u0151 ember. K\u00e9ts\u00e9gtelen, vannak tud\u00f3sok, akik a gobuszt\u00e1ni barlangok k\u00f6rny\u00e9k\u00e9t \u00e9s a k\u00f6zeli iszapvulk\u00e1nok melletti t\u00e9rs\u00e9get tartj\u00e1k az emberis\u00e9g b\u00f6lcs\u0151j\u00e9nek. Negyvenezer \u00e9ve errefel\u00e9 kellemesen meleg lehetett, \u00e9s kell\u0151 mennyis\u00e9g\u0171 es\u0151 esett. A barlangok ugyanakkor v\u00e9delmet ny\u00fajtottak az id\u0151j\u00e1r\u00e1s viszontags\u00e1gai \u00e9s a vad\u00e1llatok ellen is. \u00c9lt itt oroszl\u00e1n, leop\u00e1rd, farkas, vadmacska egyar\u00e1nt. A s\u00edks\u00e1gon vadlovak \u00e9s gazell\u00e1k sz\u00e1guldoztak. A barlangok k\u00f6zel\u00e9ben kecsk\u00e9k, szamarak, vaddiszn\u00f3k kerestek maguknak t\u00e1pl\u00e1l\u00e9kot. Abb\u00f3l pedig volt b\u0151ven, hiszen a mostani f\u00e9lsivatagos, k\u00f6ves-szikl\u00e1s vid\u00e9k helyett vadk\u00f6rt\u00e9kt\u0151l roskadoz\u00f3 f\u00e1kat, z\u00f6ldell\u0151 bokrokat kell elk\u00e9pzelni. Termett itt vadsz\u0151l\u0151, gr\u00e1n\u00e1talma, bor\u00f3kabogy\u00f3. Ma m\u00e1r csak n\u00e9h\u00e1ny cserj\u00e9t \u00e9s n\u00e9mi kisz\u00e1radt f\u00fcvet tal\u00e1lunk, elszaporodtak a k\u00edgy\u00f3k, a gy\u00edkok. B\u00e1r egy fenns\u00edkon vagyunk, ez hat-nyolcezer \u00e9ve part lehetett. A legfrissebb kutat\u00e1sok azt val\u00f3sz\u00edn\u0171s\u00edtik, hogy a gobuszt\u00e1ni szikl\u00e1k f\u00e9lszigetk\u00e9nt hatoltak be a Kaszpi-tengerbe. Mindez megmagyar\u00e1zn\u00e1 azt is, mi\u00e9rt van olyan sok cs\u00f3nak- \u00e9s halrajz a barlangok fal\u00e1n.<\/p>\n<div class=\"aframe\">\n<p><img loading=\"lazy\" decoding=\"async\" class=\"aligncenter size-full wp-image-1669351\" src=\"https:\/\/super-news.info\/hu\/wp-content\/uploads\/sites\/3\/2019\/08\/1564816018_298_Az-El-Caminotol-a-magikus-templomokig.jpg\" alt=\"\" width=\"1400\" height=\"933\"  \/><\/p>\n<h3>A VAR\u00c1ZSLATOS BALI<\/h3>\n<p>Ha csak a tengerparti f\u00fcrd\u0151z\u00e9s vonz valakit, akkor nem Balit aj\u00e1nlom els\u0151sorban. Van itt is a Nusa Dua-f\u00e9lszigetn\u00e9l gy\u00f6ny\u00f6r\u0171, feh\u00e9r homokos strand, de Bali m\u00e1sr\u00f3l sz\u00f3l. A gyakran felh\u0151s id\u0151ben barangolni a dzsungelben megb\u00fav\u00f3 \u0151si templomok k\u00f6z\u00f6tt igazi spiritu\u00e1lis t\u00fara. A tr\u00f3pusi \u00fcd\u00fcl\u0151paradicsomot nagyr\u00e9szt igazi, hamis\u00edtatlan dzsungel takarja, n\u00e9hol egy-egy telep\u00fcl\u00e9ssel, melyeket teraszosan m\u0171velt rizsf\u00f6ldek vesznek k\u00f6r\u00fcl. B\u00e1r Indon\u00e9zia a legnagyobb muszlim orsz\u00e1g, vall\u00e1si szempontb\u00f3l Bali m\u00e9gis k\u00fcl\u00f6nleges. A hindu \u00e9s a buddhista hagyom\u00e1nyokat \u00f6tv\u00f6z\u0151 speci\u00e1lis vall\u00e1si kult\u00fara r\u00e9szek\u00e9nt egyedi templomok sokas\u00e1ga \u00e9p\u00fclt a szigeten. Van k\u00f6z\u00f6tt\u00fck olyan, ahol der\u00e9kig a v\u00edzbe kell mer\u00fcln\u00fcnk, hogy a szent\u00e9lyhez mehess\u00fcnk. F\u00fcrd\u0151ruh\u00e1ban ez tilos, teljes \u00f6lt\u00f6zetben kell a szent helyet felkeresni. Bali sz\u00e1llod\u00e1iban szobrok sokas\u00e1g\u00e1val tal\u00e1lkozunk. Az egyed\u00fcl\u00e1ll\u00f3 \u00e1br\u00e1zol\u00e1sm\u00f3d izgalmass\u00e1 teszi a k\u00f6z\u00e9p\u00fcleteket is. A spiritu\u00e1lis \u00fczenet az, ami miatt magyar ingatlanbefektet\u0151 is l\u00e9tes\u00edt itt apartmanh\u00e1zakat. A j\u00f3ga\u00f3r\u00e1k, a k\u00f6z\u00f6s dzsungelt\u00far\u00e1k \u00e9p\u00edtik a testet \u00e9s a lelket.<\/p>\n<\/div>\n<p>Manaps\u00e1g viszont a gobuszt\u00e1ni szikl\u00e1kr\u00f3l n\u00e9zve t\u00e1volinak t\u0171nik a hatalmas v\u00edzt\u00f6meg. A kil\u00e1t\u00e1s viszont pomp\u00e1s, a ki\u00e1ll\u00f3 magaslatokon fot\u00f3zkodnak a turist\u00e1k. A k\u00f6vekkel kirakott s\u00e9ta\u00faton minden\u00fctt t\u00e1bl\u00e1k figyelmeztetnek: sok a k\u00edgy\u00f3. A k\u00edgy\u00f3vesz\u00e9ly hangs\u00falyoz\u00e1sa tal\u00e1n picit eszk\u00f6z is annak el\u00e9r\u00e9s\u00e9re, hogy ne b\u00f3kl\u00e1sszanak \u00f6sszevissza a turist\u00e1k. A rajzokat ugyanis nem v\u00e9di h\u00e1l\u00f3, \u00e9s csak a bej\u00e1ratn\u00e1l vannak \u0151r\u00f6k, nem lenne j\u00f3, ha valaki b\u00e1ntan\u00e1 a r\u00e9gm\u00falt eml\u00e9keit. De azt hiszem, annak, aki id\u00e1ig elzar\u00e1ndokol megismerni az \u0151si kult\u00far\u00e1t, v\u00e9lhet\u0151en esz\u00e9be sem jut ilyesmi. Az ann\u00e1l ink\u00e1bb, hogy fot\u00f3t k\u00e9sz\u00edttessen mag\u00e1r\u00f3l egy m\u00e1sik l\u00e1togat\u00f3val, h\u00e1tt\u00e9rben a Kaszpi-tengerrel. Ki lehet \u00e1llni az egyik szikla sz\u00e9l\u00e9re, alattunk a m\u00e9lys\u00e9g, a t\u00e1volban a k\u00e9kessz\u00fcrke v\u00edzt\u00fck\u00f6r.<\/p>\n<p>A barlangoknak m\u00e9g fura hat\u00e1sokat is tulajdon\u00edtanak a helybeliek. T\u00f6bben azt \u00e1ll\u00edtj\u00e1k, ha az ember bemegy valamelyik m\u00e9lyed\u00e9sbe, akkor felfriss\u00fcl a mem\u00f3ri\u00e1ja, \u00e9s olyan dolgokra is eml\u00e9kezni kezd, amelyeket kor\u00e1bban m\u00e1r elfelejtett. Ez persze puszt\u00e1n babona, de az k\u00e9ts\u00e9gtelen, hogy a sziklarajzokkal teli k\u00f6ves fenns\u00edknak m\u00e1gikus hat\u00e1sa van az utaz\u00f3ra.<\/p>\n<p style=\"text-align: right;\"><em>A cikk a Manager Magazin m\u00e1jusi sz\u00e1m\u00e1ban jelent meg<\/em><br \/><em>(Az El Camin\u00f3t\u00f3l a m\u00e1gikus templomokig)<br \/><\/em><\/p>\n<\/div>\n<p><script>\n    window.fbAsyncInit = function() {\n        FB.init({\n            appId      : \"204760236815359\",\n            xfbml      : true,\n            version    : \"v2.12\"\n        });\n        FB.AppEvents.logPageView();\n    };<\/p>\n<p>    (function(d, s, id){\n        var js, fjs = d.getElementsByTagName(s)[0];\n        if (d.getElementById(id)) {return;}\n        js = d.createElement(s); js.id = id;\n        js.src = \"http:\/\/connect.facebook.net\/hu_HU\/sdk.js\";\n        fjs.parentNode.insertBefore(js, fjs);\n    }(document, \"script\", \"facebook-jssdk\"));\n<\/script><br \/>\n<br \/>[ad_2]<br \/>\n<br \/><a href=\"https:\/\/www.vg.hu\/manager-magazin\/az-el-caminotol-a-magikus-templomokig-1669309\/\">Source link <\/a><\/p>\n","protected":false},"excerpt":{"rendered":"<p>[ad_1] \u00d6ssze\u00e1ll\u00edt\u00e1sunkban nem mindennapi spiritu\u00e1lis utaz\u00e1sokra invit\u00e1ljuk olvas\u00f3inkat, mint p\u00e9ld\u00e1ul az El Camin\u00f3ra, Gobuszt\u00e1nba, Balira, vagy egy felejthetetlen vulk\u00e1nt\u00far\u00e1ra. El Camino, a h\u00edres zar\u00e1ndok\u00fat Olyan lelki-testi utaz\u00e1s, hogy megv\u00e1ltozik ut\u00e1na az eg\u00e9sz \u00e9leted. Vigy\u00e1zz, mert fert\u0151z\u00e9seket kaphatsz a t\u00f6megsz\u00e1ll\u00e1sokon! Sok mindent hallottam, miel\u0151tt elhat\u00e1roztam, hogy elmegyek az El Cami no egy szakasz\u00e1ra. Persze tudni kell, [&hellip;]<\/p>\n","protected":false},"author":2,"featured_media":7059,"comment_status":"open","ping_status":"open","sticky":false,"template":"","format":"standard","meta":{"footnotes":""},"categories":[1],"tags":[],"class_list":["post-7058","post","type-post","status-publish","format-standard","has-post-thumbnail","hentry","category-penzugyi-hirek"],"yoast_head":"<!-- This site is optimized with the Yoast SEO plugin v27.4 - https:\/\/yoast.com\/product\/yoast-seo-wordpress\/ -->\n<title>Az El Camin\u00f3t\u00f3l a m\u00e1gikus templomokig - Super News<\/title>\n<meta name=\"robots\" content=\"index, follow, max-snippet:-1, max-image-preview:large, max-video-preview:-1\" \/>\n<link rel=\"canonical\" href=\"https:\/\/super-news.info\/hu\/az-el-caminotol-a-magikus-templomokig\/\" \/>\n<meta property=\"og:locale\" content=\"hu_HU\" \/>\n<meta property=\"og:type\" content=\"article\" \/>\n<meta property=\"og:title\" content=\"Az El Camin\u00f3t\u00f3l a m\u00e1gikus templomokig - Super News\" \/>\n<meta property=\"og:description\" content=\"[ad_1] \u00d6ssze\u00e1ll\u00edt\u00e1sunkban nem mindennapi spiritu\u00e1lis utaz\u00e1sokra invit\u00e1ljuk olvas\u00f3inkat, mint p\u00e9ld\u00e1ul az El Camin\u00f3ra, Gobuszt\u00e1nba, Balira, vagy egy felejthetetlen vulk\u00e1nt\u00far\u00e1ra. El Camino, a h\u00edres zar\u00e1ndok\u00fat Olyan lelki-testi utaz\u00e1s, hogy megv\u00e1ltozik ut\u00e1na az eg\u00e9sz \u00e9leted. Vigy\u00e1zz, mert fert\u0151z\u00e9seket kaphatsz a t\u00f6megsz\u00e1ll\u00e1sokon! Sok mindent hallottam, miel\u0151tt elhat\u00e1roztam, hogy elmegyek az El Cami no egy szakasz\u00e1ra. Persze tudni kell, [&hellip;]\" \/>\n<meta property=\"og:url\" content=\"https:\/\/super-news.info\/hu\/az-el-caminotol-a-magikus-templomokig\/\" \/>\n<meta property=\"og:site_name\" content=\"Super News\" \/>\n<meta property=\"article:published_time\" content=\"2019-08-03T07:06:58+00:00\" \/>\n<meta property=\"article:modified_time\" content=\"2019-08-03T07:06:59+00:00\" \/>\n<meta property=\"og:image\" content=\"https:\/\/super-news.info\/hu\/wp-content\/uploads\/sites\/3\/2019\/08\/Az-El-Camin\u00f3t\u00f3l-a-m\u00e1gikus-templomokig.jpg\" \/>\n\t<meta property=\"og:image:width\" content=\"1400\" \/>\n\t<meta property=\"og:image:height\" content=\"1017\" \/>\n\t<meta property=\"og:image:type\" content=\"image\/jpeg\" \/>\n<meta name=\"author\" content=\"super-news\" \/>\n<meta name=\"twitter:card\" content=\"summary_large_image\" \/>\n<meta name=\"twitter:label1\" content=\"Szerz\u0151:\" \/>\n\t<meta name=\"twitter:data1\" content=\"super-news\" \/>\n\t<meta name=\"twitter:label2\" content=\"Becs\u00fclt olvas\u00e1si id\u0151\" \/>\n\t<meta name=\"twitter:data2\" content=\"10 perc\" \/>\n<script type=\"application\/ld+json\" class=\"yoast-schema-graph\">{\"@context\":\"https:\\\/\\\/schema.org\",\"@graph\":[{\"@type\":\"Article\",\"@id\":\"https:\\\/\\\/super-news.info\\\/hu\\\/az-el-caminotol-a-magikus-templomokig\\\/#article\",\"isPartOf\":{\"@id\":\"https:\\\/\\\/super-news.info\\\/hu\\\/az-el-caminotol-a-magikus-templomokig\\\/\"},\"author\":{\"name\":\"super-news\",\"@id\":\"https:\\\/\\\/super-news.info\\\/hu\\\/#\\\/schema\\\/person\\\/2d4068cb2f39cd10008c2fce578a7356\"},\"headline\":\"Az El Camin\u00f3t\u00f3l a m\u00e1gikus templomokig\",\"datePublished\":\"2019-08-03T07:06:58+00:00\",\"dateModified\":\"2019-08-03T07:06:59+00:00\",\"mainEntityOfPage\":{\"@id\":\"https:\\\/\\\/super-news.info\\\/hu\\\/az-el-caminotol-a-magikus-templomokig\\\/\"},\"wordCount\":2101,\"commentCount\":0,\"image\":{\"@id\":\"https:\\\/\\\/super-news.info\\\/hu\\\/az-el-caminotol-a-magikus-templomokig\\\/#primaryimage\"},\"thumbnailUrl\":\"https:\\\/\\\/super-news.info\\\/hu\\\/wp-content\\\/uploads\\\/sites\\\/3\\\/2019\\\/08\\\/Az-El-Camin\u00f3t\u00f3l-a-m\u00e1gikus-templomokig.jpg\",\"articleSection\":[\"P\u00c9NZ\u00dcGYI H\u00cdREK\"],\"inLanguage\":\"hu\",\"potentialAction\":[{\"@type\":\"CommentAction\",\"name\":\"Comment\",\"target\":[\"https:\\\/\\\/super-news.info\\\/hu\\\/az-el-caminotol-a-magikus-templomokig\\\/#respond\"]}]},{\"@type\":\"WebPage\",\"@id\":\"https:\\\/\\\/super-news.info\\\/hu\\\/az-el-caminotol-a-magikus-templomokig\\\/\",\"url\":\"https:\\\/\\\/super-news.info\\\/hu\\\/az-el-caminotol-a-magikus-templomokig\\\/\",\"name\":\"Az El Camin\u00f3t\u00f3l a m\u00e1gikus templomokig - Super News\",\"isPartOf\":{\"@id\":\"https:\\\/\\\/super-news.info\\\/hu\\\/#website\"},\"primaryImageOfPage\":{\"@id\":\"https:\\\/\\\/super-news.info\\\/hu\\\/az-el-caminotol-a-magikus-templomokig\\\/#primaryimage\"},\"image\":{\"@id\":\"https:\\\/\\\/super-news.info\\\/hu\\\/az-el-caminotol-a-magikus-templomokig\\\/#primaryimage\"},\"thumbnailUrl\":\"https:\\\/\\\/super-news.info\\\/hu\\\/wp-content\\\/uploads\\\/sites\\\/3\\\/2019\\\/08\\\/Az-El-Camin\u00f3t\u00f3l-a-m\u00e1gikus-templomokig.jpg\",\"datePublished\":\"2019-08-03T07:06:58+00:00\",\"dateModified\":\"2019-08-03T07:06:59+00:00\",\"author\":{\"@id\":\"https:\\\/\\\/super-news.info\\\/hu\\\/#\\\/schema\\\/person\\\/2d4068cb2f39cd10008c2fce578a7356\"},\"breadcrumb\":{\"@id\":\"https:\\\/\\\/super-news.info\\\/hu\\\/az-el-caminotol-a-magikus-templomokig\\\/#breadcrumb\"},\"inLanguage\":\"hu\",\"potentialAction\":[{\"@type\":\"ReadAction\",\"target\":[\"https:\\\/\\\/super-news.info\\\/hu\\\/az-el-caminotol-a-magikus-templomokig\\\/\"]}]},{\"@type\":\"ImageObject\",\"inLanguage\":\"hu\",\"@id\":\"https:\\\/\\\/super-news.info\\\/hu\\\/az-el-caminotol-a-magikus-templomokig\\\/#primaryimage\",\"url\":\"https:\\\/\\\/super-news.info\\\/hu\\\/wp-content\\\/uploads\\\/sites\\\/3\\\/2019\\\/08\\\/Az-El-Camin\u00f3t\u00f3l-a-m\u00e1gikus-templomokig.jpg\",\"contentUrl\":\"https:\\\/\\\/super-news.info\\\/hu\\\/wp-content\\\/uploads\\\/sites\\\/3\\\/2019\\\/08\\\/Az-El-Camin\u00f3t\u00f3l-a-m\u00e1gikus-templomokig.jpg\",\"width\":1400,\"height\":1017,\"caption\":\"Az El Camin\u00f3t\u00f3l a m\u00e1gikus templomokig\"},{\"@type\":\"BreadcrumbList\",\"@id\":\"https:\\\/\\\/super-news.info\\\/hu\\\/az-el-caminotol-a-magikus-templomokig\\\/#breadcrumb\",\"itemListElement\":[{\"@type\":\"ListItem\",\"position\":1,\"name\":\"\u0413\u043b\u0430\u0432\u043d\u0430\u044f \u0441\u0442\u0440\u0430\u043d\u0438\u0446\u0430\",\"item\":\"https:\\\/\\\/super-news.info\\\/hu\\\/\"},{\"@type\":\"ListItem\",\"position\":2,\"name\":\"Az El Camin\u00f3t\u00f3l a m\u00e1gikus templomokig\"}]},{\"@type\":\"WebSite\",\"@id\":\"https:\\\/\\\/super-news.info\\\/hu\\\/#website\",\"url\":\"https:\\\/\\\/super-news.info\\\/hu\\\/\",\"name\":\"Super News\",\"description\":\"Super News Magyarorsz\u00e1g\",\"potentialAction\":[{\"@type\":\"SearchAction\",\"target\":{\"@type\":\"EntryPoint\",\"urlTemplate\":\"https:\\\/\\\/super-news.info\\\/hu\\\/?s={search_term_string}\"},\"query-input\":{\"@type\":\"PropertyValueSpecification\",\"valueRequired\":true,\"valueName\":\"search_term_string\"}}],\"inLanguage\":\"hu\"},{\"@type\":\"Person\",\"@id\":\"https:\\\/\\\/super-news.info\\\/hu\\\/#\\\/schema\\\/person\\\/2d4068cb2f39cd10008c2fce578a7356\",\"name\":\"super-news\",\"image\":{\"@type\":\"ImageObject\",\"inLanguage\":\"hu\",\"@id\":\"https:\\\/\\\/secure.gravatar.com\\\/avatar\\\/64ebac40b93f26a154f8a9b5b6fdccfc46f442b26b3dd6756dbff3bf9dc76fd7?s=96&d=mm&r=g\",\"url\":\"https:\\\/\\\/secure.gravatar.com\\\/avatar\\\/64ebac40b93f26a154f8a9b5b6fdccfc46f442b26b3dd6756dbff3bf9dc76fd7?s=96&d=mm&r=g\",\"contentUrl\":\"https:\\\/\\\/secure.gravatar.com\\\/avatar\\\/64ebac40b93f26a154f8a9b5b6fdccfc46f442b26b3dd6756dbff3bf9dc76fd7?s=96&d=mm&r=g\",\"caption\":\"super-news\"},\"url\":\"https:\\\/\\\/super-news.info\\\/hu\\\/author\\\/pt\\\/\"}]}<\/script>\n<!-- \/ Yoast SEO plugin. -->","yoast_head_json":{"title":"Az El Camin\u00f3t\u00f3l a m\u00e1gikus templomokig - Super News","robots":{"index":"index","follow":"follow","max-snippet":"max-snippet:-1","max-image-preview":"max-image-preview:large","max-video-preview":"max-video-preview:-1"},"canonical":"https:\/\/super-news.info\/hu\/az-el-caminotol-a-magikus-templomokig\/","og_locale":"hu_HU","og_type":"article","og_title":"Az El Camin\u00f3t\u00f3l a m\u00e1gikus templomokig - Super News","og_description":"[ad_1] \u00d6ssze\u00e1ll\u00edt\u00e1sunkban nem mindennapi spiritu\u00e1lis utaz\u00e1sokra invit\u00e1ljuk olvas\u00f3inkat, mint p\u00e9ld\u00e1ul az El Camin\u00f3ra, Gobuszt\u00e1nba, Balira, vagy egy felejthetetlen vulk\u00e1nt\u00far\u00e1ra. El Camino, a h\u00edres zar\u00e1ndok\u00fat Olyan lelki-testi utaz\u00e1s, hogy megv\u00e1ltozik ut\u00e1na az eg\u00e9sz \u00e9leted. Vigy\u00e1zz, mert fert\u0151z\u00e9seket kaphatsz a t\u00f6megsz\u00e1ll\u00e1sokon! Sok mindent hallottam, miel\u0151tt elhat\u00e1roztam, hogy elmegyek az El Cami no egy szakasz\u00e1ra. Persze tudni kell, [&hellip;]","og_url":"https:\/\/super-news.info\/hu\/az-el-caminotol-a-magikus-templomokig\/","og_site_name":"Super News","article_published_time":"2019-08-03T07:06:58+00:00","article_modified_time":"2019-08-03T07:06:59+00:00","og_image":[{"width":1400,"height":1017,"url":"https:\/\/super-news.info\/hu\/wp-content\/uploads\/sites\/3\/2019\/08\/Az-El-Camin\u00f3t\u00f3l-a-m\u00e1gikus-templomokig.jpg","type":"image\/jpeg"}],"author":"super-news","twitter_card":"summary_large_image","twitter_misc":{"Szerz\u0151:":"super-news","Becs\u00fclt olvas\u00e1si id\u0151":"10 perc"},"schema":{"@context":"https:\/\/schema.org","@graph":[{"@type":"Article","@id":"https:\/\/super-news.info\/hu\/az-el-caminotol-a-magikus-templomokig\/#article","isPartOf":{"@id":"https:\/\/super-news.info\/hu\/az-el-caminotol-a-magikus-templomokig\/"},"author":{"name":"super-news","@id":"https:\/\/super-news.info\/hu\/#\/schema\/person\/2d4068cb2f39cd10008c2fce578a7356"},"headline":"Az El Camin\u00f3t\u00f3l a m\u00e1gikus templomokig","datePublished":"2019-08-03T07:06:58+00:00","dateModified":"2019-08-03T07:06:59+00:00","mainEntityOfPage":{"@id":"https:\/\/super-news.info\/hu\/az-el-caminotol-a-magikus-templomokig\/"},"wordCount":2101,"commentCount":0,"image":{"@id":"https:\/\/super-news.info\/hu\/az-el-caminotol-a-magikus-templomokig\/#primaryimage"},"thumbnailUrl":"https:\/\/super-news.info\/hu\/wp-content\/uploads\/sites\/3\/2019\/08\/Az-El-Camin\u00f3t\u00f3l-a-m\u00e1gikus-templomokig.jpg","articleSection":["P\u00c9NZ\u00dcGYI H\u00cdREK"],"inLanguage":"hu","potentialAction":[{"@type":"CommentAction","name":"Comment","target":["https:\/\/super-news.info\/hu\/az-el-caminotol-a-magikus-templomokig\/#respond"]}]},{"@type":"WebPage","@id":"https:\/\/super-news.info\/hu\/az-el-caminotol-a-magikus-templomokig\/","url":"https:\/\/super-news.info\/hu\/az-el-caminotol-a-magikus-templomokig\/","name":"Az El Camin\u00f3t\u00f3l a m\u00e1gikus templomokig - Super News","isPartOf":{"@id":"https:\/\/super-news.info\/hu\/#website"},"primaryImageOfPage":{"@id":"https:\/\/super-news.info\/hu\/az-el-caminotol-a-magikus-templomokig\/#primaryimage"},"image":{"@id":"https:\/\/super-news.info\/hu\/az-el-caminotol-a-magikus-templomokig\/#primaryimage"},"thumbnailUrl":"https:\/\/super-news.info\/hu\/wp-content\/uploads\/sites\/3\/2019\/08\/Az-El-Camin\u00f3t\u00f3l-a-m\u00e1gikus-templomokig.jpg","datePublished":"2019-08-03T07:06:58+00:00","dateModified":"2019-08-03T07:06:59+00:00","author":{"@id":"https:\/\/super-news.info\/hu\/#\/schema\/person\/2d4068cb2f39cd10008c2fce578a7356"},"breadcrumb":{"@id":"https:\/\/super-news.info\/hu\/az-el-caminotol-a-magikus-templomokig\/#breadcrumb"},"inLanguage":"hu","potentialAction":[{"@type":"ReadAction","target":["https:\/\/super-news.info\/hu\/az-el-caminotol-a-magikus-templomokig\/"]}]},{"@type":"ImageObject","inLanguage":"hu","@id":"https:\/\/super-news.info\/hu\/az-el-caminotol-a-magikus-templomokig\/#primaryimage","url":"https:\/\/super-news.info\/hu\/wp-content\/uploads\/sites\/3\/2019\/08\/Az-El-Camin\u00f3t\u00f3l-a-m\u00e1gikus-templomokig.jpg","contentUrl":"https:\/\/super-news.info\/hu\/wp-content\/uploads\/sites\/3\/2019\/08\/Az-El-Camin\u00f3t\u00f3l-a-m\u00e1gikus-templomokig.jpg","width":1400,"height":1017,"caption":"Az El Camin\u00f3t\u00f3l a m\u00e1gikus templomokig"},{"@type":"BreadcrumbList","@id":"https:\/\/super-news.info\/hu\/az-el-caminotol-a-magikus-templomokig\/#breadcrumb","itemListElement":[{"@type":"ListItem","position":1,"name":"\u0413\u043b\u0430\u0432\u043d\u0430\u044f \u0441\u0442\u0440\u0430\u043d\u0438\u0446\u0430","item":"https:\/\/super-news.info\/hu\/"},{"@type":"ListItem","position":2,"name":"Az El Camin\u00f3t\u00f3l a m\u00e1gikus templomokig"}]},{"@type":"WebSite","@id":"https:\/\/super-news.info\/hu\/#website","url":"https:\/\/super-news.info\/hu\/","name":"Super News","description":"Super News Magyarorsz\u00e1g","potentialAction":[{"@type":"SearchAction","target":{"@type":"EntryPoint","urlTemplate":"https:\/\/super-news.info\/hu\/?s={search_term_string}"},"query-input":{"@type":"PropertyValueSpecification","valueRequired":true,"valueName":"search_term_string"}}],"inLanguage":"hu"},{"@type":"Person","@id":"https:\/\/super-news.info\/hu\/#\/schema\/person\/2d4068cb2f39cd10008c2fce578a7356","name":"super-news","image":{"@type":"ImageObject","inLanguage":"hu","@id":"https:\/\/secure.gravatar.com\/avatar\/64ebac40b93f26a154f8a9b5b6fdccfc46f442b26b3dd6756dbff3bf9dc76fd7?s=96&d=mm&r=g","url":"https:\/\/secure.gravatar.com\/avatar\/64ebac40b93f26a154f8a9b5b6fdccfc46f442b26b3dd6756dbff3bf9dc76fd7?s=96&d=mm&r=g","contentUrl":"https:\/\/secure.gravatar.com\/avatar\/64ebac40b93f26a154f8a9b5b6fdccfc46f442b26b3dd6756dbff3bf9dc76fd7?s=96&d=mm&r=g","caption":"super-news"},"url":"https:\/\/super-news.info\/hu\/author\/pt\/"}]}},"_links":{"self":[{"href":"https:\/\/super-news.info\/hu\/wp-json\/wp\/v2\/posts\/7058","targetHints":{"allow":["GET"]}}],"collection":[{"href":"https:\/\/super-news.info\/hu\/wp-json\/wp\/v2\/posts"}],"about":[{"href":"https:\/\/super-news.info\/hu\/wp-json\/wp\/v2\/types\/post"}],"author":[{"embeddable":true,"href":"https:\/\/super-news.info\/hu\/wp-json\/wp\/v2\/users\/2"}],"replies":[{"embeddable":true,"href":"https:\/\/super-news.info\/hu\/wp-json\/wp\/v2\/comments?post=7058"}],"version-history":[{"count":1,"href":"https:\/\/super-news.info\/hu\/wp-json\/wp\/v2\/posts\/7058\/revisions"}],"predecessor-version":[{"id":7060,"href":"https:\/\/super-news.info\/hu\/wp-json\/wp\/v2\/posts\/7058\/revisions\/7060"}],"wp:featuredmedia":[{"embeddable":true,"href":"https:\/\/super-news.info\/hu\/wp-json\/wp\/v2\/media\/7059"}],"wp:attachment":[{"href":"https:\/\/super-news.info\/hu\/wp-json\/wp\/v2\/media?parent=7058"}],"wp:term":[{"taxonomy":"category","embeddable":true,"href":"https:\/\/super-news.info\/hu\/wp-json\/wp\/v2\/categories?post=7058"},{"taxonomy":"post_tag","embeddable":true,"href":"https:\/\/super-news.info\/hu\/wp-json\/wp\/v2\/tags?post=7058"}],"curies":[{"name":"wp","href":"https:\/\/api.w.org\/{rel}","templated":true}]}}