{"id":7056,"date":"2019-08-03T01:12:54","date_gmt":"2019-08-02T22:12:54","guid":{"rendered":"https:\/\/super-news.info\/hu\/bolcs-dontes-lesz-magunkkal-vinni-az-esernyot-a-hetvegen\/"},"modified":"2019-08-03T01:12:54","modified_gmt":"2019-08-02T22:12:54","slug":"bolcs-dontes-lesz-magunkkal-vinni-az-esernyot-a-hetvegen","status":"publish","type":"post","link":"https:\/\/super-news.info\/hu\/bolcs-dontes-lesz-magunkkal-vinni-az-esernyot-a-hetvegen\/","title":{"rendered":"B\u00f6lcs d\u00f6nt\u00e9s lesz magunkkal vinni az eserny\u0151t a h\u00e9tv\u00e9g\u00e9n"},"content":{"rendered":"<p> [ad_1]<br \/>\n<\/p>\n<div>\n<p>V\u00e1rhat\u00f3 id\u0151j\u00e1r\u00e1s az orsz\u00e1g ter\u00fclet\u00e9n szombat estig:<\/p>\n<p>Eleinte t\u00f6bbnyire er\u0151sen felh\u0151s lesz az \u00e9g, \u00e9s t\u00f6bbfel\u00e9 v\u00e1rhat\u00f3 es\u0151, z\u00e1por, zivatar, \u2013 a hevesebb zivatarok a d\u00e9li orsz\u00e1gr\u00e9szben v\u00e1rhat\u00f3k \u2013, majd az \u00e9jszaka m\u00e1sodik fel\u00e9t\u0151l nyugat fel\u0151l szakadozik, cs\u00f6kken a felh\u0151zet, egyre ink\u00e1bb keleten val\u00f3sz\u00edn\u0171 es\u0151, z\u00e1por. Jelent\u0151s mennyis\u00e9g\u0171 csapad\u00e9kra van kil\u00e1t\u00e1s.<\/p>\n<div id=\"attachment_1350781\" style=\"width: 1010px\" class=\"wp-caption aligncenter\">\n<p class=\"wp-caption-text\">Fot\u00f3: Shutterstock<\/p>\n<\/div>\n<p>Szombaton keleten is cs\u00f6kken a felh\u0151zet, megsz\u0171nik a tart\u00f3s csapad\u00e9k, napk\u00f6zben m\u00e1r gomolyfelh\u0151s, napos id\u0151re sz\u00e1m\u00edthatunk elsz\u00f3rtan z\u00e1porral, zivatarral.<\/p>\n<p><iframe loading=\"lazy\" style=\"border: none; overflow: hidden;\" src=\"https:\/\/www.facebook.com\/plugins\/video.php?href=https%3A%2F%2Fwww.facebook.com%2Forszagosmeteorologiaiszolgalat%2Fvideos%2F1820936638052248%2F&amp;show_text=0&amp;width=560\" width=\"560\" height=\"373\" frameborder=\"0\" scrolling=\"no\" allowfullscreen=\"allowfullscreen\"><\/iframe><\/p>\n<p>\u00c9jszaka meg\u00e9l\u00e9nk\u00fcl, szombaton helyenk\u00e9nt meg is er\u0151s\u00f6dik az \u00e9szaki, \u00e9szaknyugati sz\u00e9l. Zivatarok idej\u00e9n p\u00e9nteken \u00e9s szombaton is er\u0151s, viharos sz\u00e9ll\u00f6k\u00e9sek is lehetnek.<\/p>\n<ul>\n<li>A legalacsonyabb \u00e9jszakai h\u0151m\u00e9rs\u00e9klet 14 \u00e9s 18 fok k\u00f6z\u00f6tt alakul.<\/li>\n<li>A legmagasabb nappali h\u0151m\u00e9rs\u00e9klet szombaton 23 \u00e9s 27 fok k\u00f6z\u00f6tt val\u00f3sz\u00edn\u0171.<\/li>\n<\/ul>\n<\/div>\n<p><script>\n    window.fbAsyncInit = function() {\n        FB.init({\n            appId      : \"204760236815359\",\n            xfbml      : true,\n            version    : \"v2.12\"\n        });\n        FB.AppEvents.logPageView();\n    };<\/p>\n<p>    (function(d, s, id){\n        var js, fjs = d.getElementsByTagName(s)[0];\n        if (d.getElementById(id)) {return;}\n        js = d.createElement(s); js.id = id;\n        js.src = \"http:\/\/connect.facebook.net\/hu_HU\/sdk.js\";\n        fjs.parentNode.insertBefore(js, fjs);\n    }(document, \"script\", \"facebook-jssdk\"));\n<\/script><br \/>\n<br \/>[ad_2]<br \/>\n<br \/><a href=\"https:\/\/www.vg.hu\/kozelet\/kozeleti-hirek\/bolcs-dontes-lesz-magunkkal-vinni-az-esernyot-a-hetvegen-1669606\/\">Source link <\/a><\/p>\n","protected":false},"excerpt":{"rendered":"<p>[ad_1] V\u00e1rhat\u00f3 id\u0151j\u00e1r\u00e1s az orsz\u00e1g ter\u00fclet\u00e9n szombat estig: Eleinte t\u00f6bbnyire er\u0151sen felh\u0151s lesz az \u00e9g, \u00e9s t\u00f6bbfel\u00e9 v\u00e1rhat\u00f3 es\u0151, z\u00e1por, zivatar, \u2013 a hevesebb zivatarok a d\u00e9li orsz\u00e1gr\u00e9szben v\u00e1rhat\u00f3k \u2013, majd az \u00e9jszaka m\u00e1sodik fel\u00e9t\u0151l nyugat fel\u0151l szakadozik, cs\u00f6kken a felh\u0151zet, egyre ink\u00e1bb keleten val\u00f3sz\u00edn\u0171 es\u0151, z\u00e1por. Jelent\u0151s mennyis\u00e9g\u0171 csapad\u00e9kra van kil\u00e1t\u00e1s. Fot\u00f3: Shutterstock Szombaton [&hellip;]<\/p>\n","protected":false},"author":2,"featured_media":4651,"comment_status":"open","ping_status":"open","sticky":false,"template":"","format":"standard","meta":{"footnotes":""},"categories":[1],"tags":[],"class_list":["post-7056","post","type-post","status-publish","format-standard","has-post-thumbnail","hentry","category-penzugyi-hirek"],"yoast_head":"<!-- This site is optimized with the Yoast SEO plugin v27.4 - https:\/\/yoast.com\/product\/yoast-seo-wordpress\/ -->\n<title>B\u00f6lcs d\u00f6nt\u00e9s lesz magunkkal vinni az eserny\u0151t a h\u00e9tv\u00e9g\u00e9n - Super News<\/title>\n<meta name=\"robots\" content=\"index, follow, max-snippet:-1, max-image-preview:large, max-video-preview:-1\" \/>\n<link rel=\"canonical\" href=\"https:\/\/super-news.info\/hu\/bolcs-dontes-lesz-magunkkal-vinni-az-esernyot-a-hetvegen\/\" \/>\n<meta property=\"og:locale\" content=\"hu_HU\" \/>\n<meta property=\"og:type\" content=\"article\" \/>\n<meta property=\"og:title\" content=\"B\u00f6lcs d\u00f6nt\u00e9s lesz magunkkal vinni az eserny\u0151t a h\u00e9tv\u00e9g\u00e9n - Super News\" \/>\n<meta property=\"og:description\" content=\"[ad_1] V\u00e1rhat\u00f3 id\u0151j\u00e1r\u00e1s az orsz\u00e1g ter\u00fclet\u00e9n szombat estig: Eleinte t\u00f6bbnyire er\u0151sen felh\u0151s lesz az \u00e9g, \u00e9s t\u00f6bbfel\u00e9 v\u00e1rhat\u00f3 es\u0151, z\u00e1por, zivatar, \u2013 a hevesebb zivatarok a d\u00e9li orsz\u00e1gr\u00e9szben v\u00e1rhat\u00f3k \u2013, majd az \u00e9jszaka m\u00e1sodik fel\u00e9t\u0151l nyugat fel\u0151l szakadozik, cs\u00f6kken a felh\u0151zet, egyre ink\u00e1bb keleten val\u00f3sz\u00edn\u0171 es\u0151, z\u00e1por. Jelent\u0151s mennyis\u00e9g\u0171 csapad\u00e9kra van kil\u00e1t\u00e1s. Fot\u00f3: Shutterstock Szombaton [&hellip;]\" \/>\n<meta property=\"og:url\" content=\"https:\/\/super-news.info\/hu\/bolcs-dontes-lesz-magunkkal-vinni-az-esernyot-a-hetvegen\/\" \/>\n<meta property=\"og:site_name\" content=\"Super News\" \/>\n<meta property=\"article:published_time\" content=\"2019-08-02T22:12:54+00:00\" \/>\n<meta property=\"og:image\" content=\"https:\/\/super-news.info\/hu\/wp-content\/uploads\/sites\/3\/2019\/06\/Vas\u00e1rnap-sem-sem-k\u00edm\u00e9l-minket-az-id\u0151j\u00e1r\u00e1s.jpg\" \/>\n\t<meta property=\"og:image:width\" content=\"1000\" \/>\n\t<meta property=\"og:image:height\" content=\"672\" \/>\n\t<meta property=\"og:image:type\" content=\"image\/jpeg\" \/>\n<meta name=\"author\" content=\"super-news\" \/>\n<meta name=\"twitter:card\" content=\"summary_large_image\" \/>\n<meta name=\"twitter:label1\" content=\"Szerz\u0151:\" \/>\n\t<meta name=\"twitter:data1\" content=\"super-news\" \/>\n\t<meta name=\"twitter:label2\" content=\"Becs\u00fclt olvas\u00e1si id\u0151\" \/>\n\t<meta name=\"twitter:data2\" content=\"1 perc\" \/>\n<script type=\"application\/ld+json\" class=\"yoast-schema-graph\">{\"@context\":\"https:\\\/\\\/schema.org\",\"@graph\":[{\"@type\":\"Article\",\"@id\":\"https:\\\/\\\/super-news.info\\\/hu\\\/bolcs-dontes-lesz-magunkkal-vinni-az-esernyot-a-hetvegen\\\/#article\",\"isPartOf\":{\"@id\":\"https:\\\/\\\/super-news.info\\\/hu\\\/bolcs-dontes-lesz-magunkkal-vinni-az-esernyot-a-hetvegen\\\/\"},\"author\":{\"name\":\"super-news\",\"@id\":\"https:\\\/\\\/super-news.info\\\/hu\\\/#\\\/schema\\\/person\\\/2d4068cb2f39cd10008c2fce578a7356\"},\"headline\":\"B\u00f6lcs d\u00f6nt\u00e9s lesz magunkkal vinni az eserny\u0151t a h\u00e9tv\u00e9g\u00e9n\",\"datePublished\":\"2019-08-02T22:12:54+00:00\",\"mainEntityOfPage\":{\"@id\":\"https:\\\/\\\/super-news.info\\\/hu\\\/bolcs-dontes-lesz-magunkkal-vinni-az-esernyot-a-hetvegen\\\/\"},\"wordCount\":200,\"commentCount\":0,\"image\":{\"@id\":\"https:\\\/\\\/super-news.info\\\/hu\\\/bolcs-dontes-lesz-magunkkal-vinni-az-esernyot-a-hetvegen\\\/#primaryimage\"},\"thumbnailUrl\":\"https:\\\/\\\/super-news.info\\\/hu\\\/wp-content\\\/uploads\\\/sites\\\/3\\\/2019\\\/06\\\/Vas\u00e1rnap-sem-sem-k\u00edm\u00e9l-minket-az-id\u0151j\u00e1r\u00e1s.jpg\",\"articleSection\":[\"P\u00c9NZ\u00dcGYI H\u00cdREK\"],\"inLanguage\":\"hu\",\"potentialAction\":[{\"@type\":\"CommentAction\",\"name\":\"Comment\",\"target\":[\"https:\\\/\\\/super-news.info\\\/hu\\\/bolcs-dontes-lesz-magunkkal-vinni-az-esernyot-a-hetvegen\\\/#respond\"]}]},{\"@type\":\"WebPage\",\"@id\":\"https:\\\/\\\/super-news.info\\\/hu\\\/bolcs-dontes-lesz-magunkkal-vinni-az-esernyot-a-hetvegen\\\/\",\"url\":\"https:\\\/\\\/super-news.info\\\/hu\\\/bolcs-dontes-lesz-magunkkal-vinni-az-esernyot-a-hetvegen\\\/\",\"name\":\"B\u00f6lcs d\u00f6nt\u00e9s lesz magunkkal vinni az eserny\u0151t a h\u00e9tv\u00e9g\u00e9n - Super News\",\"isPartOf\":{\"@id\":\"https:\\\/\\\/super-news.info\\\/hu\\\/#website\"},\"primaryImageOfPage\":{\"@id\":\"https:\\\/\\\/super-news.info\\\/hu\\\/bolcs-dontes-lesz-magunkkal-vinni-az-esernyot-a-hetvegen\\\/#primaryimage\"},\"image\":{\"@id\":\"https:\\\/\\\/super-news.info\\\/hu\\\/bolcs-dontes-lesz-magunkkal-vinni-az-esernyot-a-hetvegen\\\/#primaryimage\"},\"thumbnailUrl\":\"https:\\\/\\\/super-news.info\\\/hu\\\/wp-content\\\/uploads\\\/sites\\\/3\\\/2019\\\/06\\\/Vas\u00e1rnap-sem-sem-k\u00edm\u00e9l-minket-az-id\u0151j\u00e1r\u00e1s.jpg\",\"datePublished\":\"2019-08-02T22:12:54+00:00\",\"author\":{\"@id\":\"https:\\\/\\\/super-news.info\\\/hu\\\/#\\\/schema\\\/person\\\/2d4068cb2f39cd10008c2fce578a7356\"},\"breadcrumb\":{\"@id\":\"https:\\\/\\\/super-news.info\\\/hu\\\/bolcs-dontes-lesz-magunkkal-vinni-az-esernyot-a-hetvegen\\\/#breadcrumb\"},\"inLanguage\":\"hu\",\"potentialAction\":[{\"@type\":\"ReadAction\",\"target\":[\"https:\\\/\\\/super-news.info\\\/hu\\\/bolcs-dontes-lesz-magunkkal-vinni-az-esernyot-a-hetvegen\\\/\"]}]},{\"@type\":\"ImageObject\",\"inLanguage\":\"hu\",\"@id\":\"https:\\\/\\\/super-news.info\\\/hu\\\/bolcs-dontes-lesz-magunkkal-vinni-az-esernyot-a-hetvegen\\\/#primaryimage\",\"url\":\"https:\\\/\\\/super-news.info\\\/hu\\\/wp-content\\\/uploads\\\/sites\\\/3\\\/2019\\\/06\\\/Vas\u00e1rnap-sem-sem-k\u00edm\u00e9l-minket-az-id\u0151j\u00e1r\u00e1s.jpg\",\"contentUrl\":\"https:\\\/\\\/super-news.info\\\/hu\\\/wp-content\\\/uploads\\\/sites\\\/3\\\/2019\\\/06\\\/Vas\u00e1rnap-sem-sem-k\u00edm\u00e9l-minket-az-id\u0151j\u00e1r\u00e1s.jpg\",\"width\":1000,\"height\":672,\"caption\":\"Vas\u00e1rnap sem sem k\u00edm\u00e9l minket az id\u0151j\u00e1r\u00e1s\"},{\"@type\":\"BreadcrumbList\",\"@id\":\"https:\\\/\\\/super-news.info\\\/hu\\\/bolcs-dontes-lesz-magunkkal-vinni-az-esernyot-a-hetvegen\\\/#breadcrumb\",\"itemListElement\":[{\"@type\":\"ListItem\",\"position\":1,\"name\":\"\u0413\u043b\u0430\u0432\u043d\u0430\u044f \u0441\u0442\u0440\u0430\u043d\u0438\u0446\u0430\",\"item\":\"https:\\\/\\\/super-news.info\\\/hu\\\/\"},{\"@type\":\"ListItem\",\"position\":2,\"name\":\"B\u00f6lcs d\u00f6nt\u00e9s lesz magunkkal vinni az eserny\u0151t a h\u00e9tv\u00e9g\u00e9n\"}]},{\"@type\":\"WebSite\",\"@id\":\"https:\\\/\\\/super-news.info\\\/hu\\\/#website\",\"url\":\"https:\\\/\\\/super-news.info\\\/hu\\\/\",\"name\":\"Super News\",\"description\":\"Super News Magyarorsz\u00e1g\",\"potentialAction\":[{\"@type\":\"SearchAction\",\"target\":{\"@type\":\"EntryPoint\",\"urlTemplate\":\"https:\\\/\\\/super-news.info\\\/hu\\\/?s={search_term_string}\"},\"query-input\":{\"@type\":\"PropertyValueSpecification\",\"valueRequired\":true,\"valueName\":\"search_term_string\"}}],\"inLanguage\":\"hu\"},{\"@type\":\"Person\",\"@id\":\"https:\\\/\\\/super-news.info\\\/hu\\\/#\\\/schema\\\/person\\\/2d4068cb2f39cd10008c2fce578a7356\",\"name\":\"super-news\",\"image\":{\"@type\":\"ImageObject\",\"inLanguage\":\"hu\",\"@id\":\"https:\\\/\\\/secure.gravatar.com\\\/avatar\\\/64ebac40b93f26a154f8a9b5b6fdccfc46f442b26b3dd6756dbff3bf9dc76fd7?s=96&d=mm&r=g\",\"url\":\"https:\\\/\\\/secure.gravatar.com\\\/avatar\\\/64ebac40b93f26a154f8a9b5b6fdccfc46f442b26b3dd6756dbff3bf9dc76fd7?s=96&d=mm&r=g\",\"contentUrl\":\"https:\\\/\\\/secure.gravatar.com\\\/avatar\\\/64ebac40b93f26a154f8a9b5b6fdccfc46f442b26b3dd6756dbff3bf9dc76fd7?s=96&d=mm&r=g\",\"caption\":\"super-news\"},\"url\":\"https:\\\/\\\/super-news.info\\\/hu\\\/author\\\/pt\\\/\"}]}<\/script>\n<!-- \/ Yoast SEO plugin. -->","yoast_head_json":{"title":"B\u00f6lcs d\u00f6nt\u00e9s lesz magunkkal vinni az eserny\u0151t a h\u00e9tv\u00e9g\u00e9n - Super News","robots":{"index":"index","follow":"follow","max-snippet":"max-snippet:-1","max-image-preview":"max-image-preview:large","max-video-preview":"max-video-preview:-1"},"canonical":"https:\/\/super-news.info\/hu\/bolcs-dontes-lesz-magunkkal-vinni-az-esernyot-a-hetvegen\/","og_locale":"hu_HU","og_type":"article","og_title":"B\u00f6lcs d\u00f6nt\u00e9s lesz magunkkal vinni az eserny\u0151t a h\u00e9tv\u00e9g\u00e9n - Super News","og_description":"[ad_1] V\u00e1rhat\u00f3 id\u0151j\u00e1r\u00e1s az orsz\u00e1g ter\u00fclet\u00e9n szombat estig: Eleinte t\u00f6bbnyire er\u0151sen felh\u0151s lesz az \u00e9g, \u00e9s t\u00f6bbfel\u00e9 v\u00e1rhat\u00f3 es\u0151, z\u00e1por, zivatar, \u2013 a hevesebb zivatarok a d\u00e9li orsz\u00e1gr\u00e9szben v\u00e1rhat\u00f3k \u2013, majd az \u00e9jszaka m\u00e1sodik fel\u00e9t\u0151l nyugat fel\u0151l szakadozik, cs\u00f6kken a felh\u0151zet, egyre ink\u00e1bb keleten val\u00f3sz\u00edn\u0171 es\u0151, z\u00e1por. Jelent\u0151s mennyis\u00e9g\u0171 csapad\u00e9kra van kil\u00e1t\u00e1s. Fot\u00f3: Shutterstock Szombaton [&hellip;]","og_url":"https:\/\/super-news.info\/hu\/bolcs-dontes-lesz-magunkkal-vinni-az-esernyot-a-hetvegen\/","og_site_name":"Super News","article_published_time":"2019-08-02T22:12:54+00:00","og_image":[{"width":1000,"height":672,"url":"https:\/\/super-news.info\/hu\/wp-content\/uploads\/sites\/3\/2019\/06\/Vas\u00e1rnap-sem-sem-k\u00edm\u00e9l-minket-az-id\u0151j\u00e1r\u00e1s.jpg","type":"image\/jpeg"}],"author":"super-news","twitter_card":"summary_large_image","twitter_misc":{"Szerz\u0151:":"super-news","Becs\u00fclt olvas\u00e1si id\u0151":"1 perc"},"schema":{"@context":"https:\/\/schema.org","@graph":[{"@type":"Article","@id":"https:\/\/super-news.info\/hu\/bolcs-dontes-lesz-magunkkal-vinni-az-esernyot-a-hetvegen\/#article","isPartOf":{"@id":"https:\/\/super-news.info\/hu\/bolcs-dontes-lesz-magunkkal-vinni-az-esernyot-a-hetvegen\/"},"author":{"name":"super-news","@id":"https:\/\/super-news.info\/hu\/#\/schema\/person\/2d4068cb2f39cd10008c2fce578a7356"},"headline":"B\u00f6lcs d\u00f6nt\u00e9s lesz magunkkal vinni az eserny\u0151t a h\u00e9tv\u00e9g\u00e9n","datePublished":"2019-08-02T22:12:54+00:00","mainEntityOfPage":{"@id":"https:\/\/super-news.info\/hu\/bolcs-dontes-lesz-magunkkal-vinni-az-esernyot-a-hetvegen\/"},"wordCount":200,"commentCount":0,"image":{"@id":"https:\/\/super-news.info\/hu\/bolcs-dontes-lesz-magunkkal-vinni-az-esernyot-a-hetvegen\/#primaryimage"},"thumbnailUrl":"https:\/\/super-news.info\/hu\/wp-content\/uploads\/sites\/3\/2019\/06\/Vas\u00e1rnap-sem-sem-k\u00edm\u00e9l-minket-az-id\u0151j\u00e1r\u00e1s.jpg","articleSection":["P\u00c9NZ\u00dcGYI H\u00cdREK"],"inLanguage":"hu","potentialAction":[{"@type":"CommentAction","name":"Comment","target":["https:\/\/super-news.info\/hu\/bolcs-dontes-lesz-magunkkal-vinni-az-esernyot-a-hetvegen\/#respond"]}]},{"@type":"WebPage","@id":"https:\/\/super-news.info\/hu\/bolcs-dontes-lesz-magunkkal-vinni-az-esernyot-a-hetvegen\/","url":"https:\/\/super-news.info\/hu\/bolcs-dontes-lesz-magunkkal-vinni-az-esernyot-a-hetvegen\/","name":"B\u00f6lcs d\u00f6nt\u00e9s lesz magunkkal vinni az eserny\u0151t a h\u00e9tv\u00e9g\u00e9n - Super News","isPartOf":{"@id":"https:\/\/super-news.info\/hu\/#website"},"primaryImageOfPage":{"@id":"https:\/\/super-news.info\/hu\/bolcs-dontes-lesz-magunkkal-vinni-az-esernyot-a-hetvegen\/#primaryimage"},"image":{"@id":"https:\/\/super-news.info\/hu\/bolcs-dontes-lesz-magunkkal-vinni-az-esernyot-a-hetvegen\/#primaryimage"},"thumbnailUrl":"https:\/\/super-news.info\/hu\/wp-content\/uploads\/sites\/3\/2019\/06\/Vas\u00e1rnap-sem-sem-k\u00edm\u00e9l-minket-az-id\u0151j\u00e1r\u00e1s.jpg","datePublished":"2019-08-02T22:12:54+00:00","author":{"@id":"https:\/\/super-news.info\/hu\/#\/schema\/person\/2d4068cb2f39cd10008c2fce578a7356"},"breadcrumb":{"@id":"https:\/\/super-news.info\/hu\/bolcs-dontes-lesz-magunkkal-vinni-az-esernyot-a-hetvegen\/#breadcrumb"},"inLanguage":"hu","potentialAction":[{"@type":"ReadAction","target":["https:\/\/super-news.info\/hu\/bolcs-dontes-lesz-magunkkal-vinni-az-esernyot-a-hetvegen\/"]}]},{"@type":"ImageObject","inLanguage":"hu","@id":"https:\/\/super-news.info\/hu\/bolcs-dontes-lesz-magunkkal-vinni-az-esernyot-a-hetvegen\/#primaryimage","url":"https:\/\/super-news.info\/hu\/wp-content\/uploads\/sites\/3\/2019\/06\/Vas\u00e1rnap-sem-sem-k\u00edm\u00e9l-minket-az-id\u0151j\u00e1r\u00e1s.jpg","contentUrl":"https:\/\/super-news.info\/hu\/wp-content\/uploads\/sites\/3\/2019\/06\/Vas\u00e1rnap-sem-sem-k\u00edm\u00e9l-minket-az-id\u0151j\u00e1r\u00e1s.jpg","width":1000,"height":672,"caption":"Vas\u00e1rnap sem sem k\u00edm\u00e9l minket az id\u0151j\u00e1r\u00e1s"},{"@type":"BreadcrumbList","@id":"https:\/\/super-news.info\/hu\/bolcs-dontes-lesz-magunkkal-vinni-az-esernyot-a-hetvegen\/#breadcrumb","itemListElement":[{"@type":"ListItem","position":1,"name":"\u0413\u043b\u0430\u0432\u043d\u0430\u044f \u0441\u0442\u0440\u0430\u043d\u0438\u0446\u0430","item":"https:\/\/super-news.info\/hu\/"},{"@type":"ListItem","position":2,"name":"B\u00f6lcs d\u00f6nt\u00e9s lesz magunkkal vinni az eserny\u0151t a h\u00e9tv\u00e9g\u00e9n"}]},{"@type":"WebSite","@id":"https:\/\/super-news.info\/hu\/#website","url":"https:\/\/super-news.info\/hu\/","name":"Super News","description":"Super News Magyarorsz\u00e1g","potentialAction":[{"@type":"SearchAction","target":{"@type":"EntryPoint","urlTemplate":"https:\/\/super-news.info\/hu\/?s={search_term_string}"},"query-input":{"@type":"PropertyValueSpecification","valueRequired":true,"valueName":"search_term_string"}}],"inLanguage":"hu"},{"@type":"Person","@id":"https:\/\/super-news.info\/hu\/#\/schema\/person\/2d4068cb2f39cd10008c2fce578a7356","name":"super-news","image":{"@type":"ImageObject","inLanguage":"hu","@id":"https:\/\/secure.gravatar.com\/avatar\/64ebac40b93f26a154f8a9b5b6fdccfc46f442b26b3dd6756dbff3bf9dc76fd7?s=96&d=mm&r=g","url":"https:\/\/secure.gravatar.com\/avatar\/64ebac40b93f26a154f8a9b5b6fdccfc46f442b26b3dd6756dbff3bf9dc76fd7?s=96&d=mm&r=g","contentUrl":"https:\/\/secure.gravatar.com\/avatar\/64ebac40b93f26a154f8a9b5b6fdccfc46f442b26b3dd6756dbff3bf9dc76fd7?s=96&d=mm&r=g","caption":"super-news"},"url":"https:\/\/super-news.info\/hu\/author\/pt\/"}]}},"_links":{"self":[{"href":"https:\/\/super-news.info\/hu\/wp-json\/wp\/v2\/posts\/7056","targetHints":{"allow":["GET"]}}],"collection":[{"href":"https:\/\/super-news.info\/hu\/wp-json\/wp\/v2\/posts"}],"about":[{"href":"https:\/\/super-news.info\/hu\/wp-json\/wp\/v2\/types\/post"}],"author":[{"embeddable":true,"href":"https:\/\/super-news.info\/hu\/wp-json\/wp\/v2\/users\/2"}],"replies":[{"embeddable":true,"href":"https:\/\/super-news.info\/hu\/wp-json\/wp\/v2\/comments?post=7056"}],"version-history":[{"count":1,"href":"https:\/\/super-news.info\/hu\/wp-json\/wp\/v2\/posts\/7056\/revisions"}],"predecessor-version":[{"id":7057,"href":"https:\/\/super-news.info\/hu\/wp-json\/wp\/v2\/posts\/7056\/revisions\/7057"}],"wp:featuredmedia":[{"embeddable":true,"href":"https:\/\/super-news.info\/hu\/wp-json\/wp\/v2\/media\/4651"}],"wp:attachment":[{"href":"https:\/\/super-news.info\/hu\/wp-json\/wp\/v2\/media?parent=7056"}],"wp:term":[{"taxonomy":"category","embeddable":true,"href":"https:\/\/super-news.info\/hu\/wp-json\/wp\/v2\/categories?post=7056"},{"taxonomy":"post_tag","embeddable":true,"href":"https:\/\/super-news.info\/hu\/wp-json\/wp\/v2\/tags?post=7056"}],"curies":[{"name":"wp","href":"https:\/\/api.w.org\/{rel}","templated":true}]}}