{"id":5625,"date":"2019-07-08T23:50:11","date_gmt":"2019-07-08T20:50:11","guid":{"rendered":"https:\/\/super-news.info\/hu\/vadat-emeltek-egy-amerikai-milliardos-ellen\/"},"modified":"2019-07-08T23:50:12","modified_gmt":"2019-07-08T20:50:12","slug":"vadat-emeltek-egy-amerikai-milliardos-ellen","status":"publish","type":"post","link":"https:\/\/super-news.info\/hu\/vadat-emeltek-egy-amerikai-milliardos-ellen\/","title":{"rendered":"V\u00e1dat emeltek egy amerikai milli\u00e1rdos ellen"},"content":{"rendered":"<p> [ad_1]<br \/>\n<\/p>\n<p>\n\t\t\t\t\t\t\t\tT\u00f6bb tucatnyi kiskor\u00fa l\u00e1ny elleni szexu\u00e1lis vissza\u00e9l\u00e9s miatt v\u00e1dat emeltek Jeffrey Epstein amerikai milli\u00e1rdos ellen \u2013 jelentette be h\u00e9tf\u0151n egy manhattani sz\u00f6vets\u00e9gi b\u00edr\u00f3s\u00e1g.\t\t\t\t\t\t\t<\/p>\n<div>\n<p>A milli\u00e1rdos ellen kiskor\u00faak s\u00e9relm\u00e9re elk\u00f6vetett emberkereskedelem \u00e9s ennek \u00e9rdek\u00e9ben v\u00e9grehajtott \u00f6sszeesk\u00fcv\u00e9s k\u00e9t rendbeli b\u0171ncselekm\u00e9nye miatt emeltek v\u00e1dat. A v\u00e1dirat szerint a 66 \u00e9ves Epstein 2002 \u00e9s 2005 k\u00f6z\u00f6tt emberkereskedelemmel foglalkoz\u00f3 h\u00e1l\u00f3zatot m\u0171k\u00f6dtetett, amelynek sz\u00e1nd\u00e9kosan kiskor\u00fa l\u00e1nyokat, k\u00f6zt\u00fck 14 esztend\u0151s gyermekeket csalt New York-i lak\u00e1s\u00e1ba \u00e9s a floridai Palm Beachen l\u00e9v\u0151 vill\u00e1j\u00e1ba, illetve \u201ek\u00f6zvet\u00edtett ki\u201d, tov\u00e1bb\u00e1 \u0151 maga is szexu\u00e1lisan zaklatta \u0151ket.<\/p>\n<p>T\u00f6bb sz\u00e1z doll\u00e1rt fizetett \u00e1ldozatainak, mik\u00f6zben tudat\u00e1ban volt annak is, hogy kiskor\u00faak.<\/p>\n<p>N\u00e9h\u00e1nyuknak k\u00fcl\u00f6n fizetett az\u00e9rt, hogy m\u00e1s kisl\u00e1nyokat cs\u00e1b\u00edtsanak a b\u0171n\u00f6z\u0151 h\u00e1l\u00f3zathoz. A milli\u00e1rdos kor\u00e1bban \u2013 a b\u00edr\u00f3s\u00e1gi dokumentumok tan\u00fas\u00e1ga szerint \u2013 azt \u00e1ll\u00edtotta: fogalma sem volt arr\u00f3l, hogy az \u00e1ldozatok kiskor\u00faak \u00e9s a szexu\u00e1lis kapcsolatokra egy\u00e9bk\u00e9nt is k\u00f6z\u00f6s megegyez\u00e9s ut\u00e1n ker\u00fclt sor. A h\u00e1l\u00f3zat m\u0171k\u00f6dtet\u00e9s\u00e9ben r\u00e9szt vettek v\u00e1llalkoz\u00e1s\u00e1nak munkat\u00e1rsai is, akiket k\u00fcl\u00f6n javadalmazott ez\u00e9rt.<\/p>\n<div id=\"attachment_1617713\" style=\"width: 1030px\" class=\"wp-caption alignleft\">\n<p class=\"wp-caption-text\">Jeffrey Epstein milli\u00e1rdos ellen kiskor\u00faak s\u00e9relm\u00e9re elk\u00f6vetett emberkereskedelem \u00e9s ennek \u00e9rdek\u00e9ben v\u00e9grehajtott \u00f6sszeesk\u00fcv\u00e9s k\u00e9t rendbeli b\u0171ncselekm\u00e9nye miatt emeltek v\u00e1dat<br \/>Fot\u00f3: AFP<\/p>\n<\/div>\n<p>A v\u00e1demel\u00e9sre t\u00f6bb mint egy \u00e9vtizeddel azt k\u00f6vet\u0151en ker\u00fclt sor, hogy Epstein ugyanezen \u00fcgyben elker\u00fclte a sz\u00f6vets\u00e9gi v\u00e1demel\u00e9st. 2009-ben ugyanis az enyh\u00e9bb b\u0171ncselekm\u00e9nynek sz\u00e1m\u00edt\u00f3 prostit\u00faci\u00f3 v\u00e1dj\u00e1ban k\u00f6t\u00f6tt v\u00e1dalkut az egyik floridai \u00fcgy\u00e9szs\u00e9ggel. Akkor 13 h\u00f3napos b\u00f6rt\u00f6nb\u00fcntet\u00e9sre \u00edt\u00e9lt\u00e9k, amelyet le is t\u00f6lt\u00f6tt, b\u00e1r kiv\u00e9telezett helyzetben, mert napk\u00f6zben \u201emunkahelyi teend\u0151kre\u201d hivatkozva elhagyhatta a b\u00fcntet\u00e9sv\u00e9grehajt\u00e1si int\u00e9zetet.<\/p>\n<p>A v\u00e1dalkut megt\u00e1rgyal\u00f3 \u00fcgy\u00e9szek k\u00f6z\u00f6tt volt az az Alexander Acosta, aki ma a sz\u00f6vets\u00e9gi korm\u00e1ny munka\u00fcgyi minisztere.<\/p>\n<p>Jeffrey Epsteint a h\u00e9tv\u00e9g\u00e9n New Jerseyben a rep\u00fcl\u0151t\u00e9ren tart\u00f3ztatt\u00e1k le, amikor mag\u00e1ng\u00e9p\u00e9vel meg\u00e9rkezett P\u00e1rizsb\u00f3l. Letart\u00f3ztat\u00e1sa ut\u00e1n a Sz\u00f6vets\u00e9gi Nyomoz\u00f3 Iroda (FBI) t\u00f6bb mint egy tucatnyi \u00fcgyn\u00f6ke kutatta \u00e1t a lak\u00e1s\u00e1t. Az amerikai komment\u00e1rok megjegyzik: letart\u00f3ztat\u00e1s\u00e1val egy t\u00f6bb mint \u00e9vtizede tart\u00f3, a politikai \u00e9s \u00fczleti vil\u00e1g prominens szerepl\u0151it is \u00e9rint\u0151 botr\u00e1nysorozat z\u00e1rul le.<\/p>\n<\/p><\/div>\n<p><script>\n    window.fbAsyncInit = function() {\n        FB.init({\n            appId      : \"204760236815359\",\n            xfbml      : true,\n            version    : \"v2.12\"\n        });\n        FB.AppEvents.logPageView();\n    };<\/p>\n<p>    (function(d, s, id){\n        var js, fjs = d.getElementsByTagName(s)[0];\n        if (d.getElementById(id)) {return;}\n        js = d.createElement(s); js.id = id;\n        js.src = \"http:\/\/connect.facebook.net\/hu_HU\/sdk.js\";\n        fjs.parentNode.insertBefore(js, fjs);\n    }(document, \"script\", \"facebook-jssdk\"));\n<\/script><br \/>\n<br \/>[ad_2]<br \/>\n<br \/><a href=\"https:\/\/www.vg.hu\/kozelet\/kozeleti-hirek\/vadat-emeltek-egy-amerikai-milliardos-ellen-1617683\/\">Source link <\/a><\/p>\n","protected":false},"excerpt":{"rendered":"<p>[ad_1] T\u00f6bb tucatnyi kiskor\u00fa l\u00e1ny elleni szexu\u00e1lis vissza\u00e9l\u00e9s miatt v\u00e1dat emeltek Jeffrey Epstein amerikai milli\u00e1rdos ellen \u2013 jelentette be h\u00e9tf\u0151n egy manhattani sz\u00f6vets\u00e9gi b\u00edr\u00f3s\u00e1g. A milli\u00e1rdos ellen kiskor\u00faak s\u00e9relm\u00e9re elk\u00f6vetett emberkereskedelem \u00e9s ennek \u00e9rdek\u00e9ben v\u00e9grehajtott \u00f6sszeesk\u00fcv\u00e9s k\u00e9t rendbeli b\u0171ncselekm\u00e9nye miatt emeltek v\u00e1dat. A v\u00e1dirat szerint a 66 \u00e9ves Epstein 2002 \u00e9s 2005 k\u00f6z\u00f6tt emberkereskedelemmel foglalkoz\u00f3 [&hellip;]<\/p>\n","protected":false},"author":2,"featured_media":5626,"comment_status":"open","ping_status":"open","sticky":false,"template":"","format":"standard","meta":{"footnotes":""},"categories":[1],"tags":[],"class_list":["post-5625","post","type-post","status-publish","format-standard","has-post-thumbnail","hentry","category-penzugyi-hirek"],"yoast_head":"<!-- This site is optimized with the Yoast SEO plugin v27.4 - https:\/\/yoast.com\/product\/yoast-seo-wordpress\/ -->\n<title>V\u00e1dat emeltek egy amerikai milli\u00e1rdos ellen - Super News<\/title>\n<meta name=\"robots\" content=\"index, follow, max-snippet:-1, max-image-preview:large, max-video-preview:-1\" \/>\n<link rel=\"canonical\" href=\"https:\/\/super-news.info\/hu\/vadat-emeltek-egy-amerikai-milliardos-ellen\/\" \/>\n<meta property=\"og:locale\" content=\"hu_HU\" \/>\n<meta property=\"og:type\" content=\"article\" \/>\n<meta property=\"og:title\" content=\"V\u00e1dat emeltek egy amerikai milli\u00e1rdos ellen - Super News\" \/>\n<meta property=\"og:description\" content=\"[ad_1] T\u00f6bb tucatnyi kiskor\u00fa l\u00e1ny elleni szexu\u00e1lis vissza\u00e9l\u00e9s miatt v\u00e1dat emeltek Jeffrey Epstein amerikai milli\u00e1rdos ellen \u2013 jelentette be h\u00e9tf\u0151n egy manhattani sz\u00f6vets\u00e9gi b\u00edr\u00f3s\u00e1g. A milli\u00e1rdos ellen kiskor\u00faak s\u00e9relm\u00e9re elk\u00f6vetett emberkereskedelem \u00e9s ennek \u00e9rdek\u00e9ben v\u00e9grehajtott \u00f6sszeesk\u00fcv\u00e9s k\u00e9t rendbeli b\u0171ncselekm\u00e9nye miatt emeltek v\u00e1dat. A v\u00e1dirat szerint a 66 \u00e9ves Epstein 2002 \u00e9s 2005 k\u00f6z\u00f6tt emberkereskedelemmel foglalkoz\u00f3 [&hellip;]\" \/>\n<meta property=\"og:url\" content=\"https:\/\/super-news.info\/hu\/vadat-emeltek-egy-amerikai-milliardos-ellen\/\" \/>\n<meta property=\"og:site_name\" content=\"Super News\" \/>\n<meta property=\"article:published_time\" content=\"2019-07-08T20:50:11+00:00\" \/>\n<meta property=\"article:modified_time\" content=\"2019-07-08T20:50:12+00:00\" \/>\n<meta property=\"og:image\" content=\"https:\/\/super-news.info\/hu\/wp-content\/uploads\/sites\/3\/2019\/07\/V\u00e1dat-emeltek-egy-amerikai-milli\u00e1rdos-ellen.jpg\" \/>\n\t<meta property=\"og:image:width\" content=\"1020\" \/>\n\t<meta property=\"og:image:height\" content=\"665\" \/>\n\t<meta property=\"og:image:type\" content=\"image\/jpeg\" \/>\n<meta name=\"author\" content=\"super-news\" \/>\n<meta name=\"twitter:card\" content=\"summary_large_image\" \/>\n<meta name=\"twitter:label1\" content=\"Szerz\u0151:\" \/>\n\t<meta name=\"twitter:data1\" content=\"super-news\" \/>\n\t<meta name=\"twitter:label2\" content=\"Becs\u00fclt olvas\u00e1si id\u0151\" \/>\n\t<meta name=\"twitter:data2\" content=\"2 perc\" \/>\n<script type=\"application\/ld+json\" class=\"yoast-schema-graph\">{\"@context\":\"https:\\\/\\\/schema.org\",\"@graph\":[{\"@type\":\"Article\",\"@id\":\"https:\\\/\\\/super-news.info\\\/hu\\\/vadat-emeltek-egy-amerikai-milliardos-ellen\\\/#article\",\"isPartOf\":{\"@id\":\"https:\\\/\\\/super-news.info\\\/hu\\\/vadat-emeltek-egy-amerikai-milliardos-ellen\\\/\"},\"author\":{\"name\":\"super-news\",\"@id\":\"https:\\\/\\\/super-news.info\\\/hu\\\/#\\\/schema\\\/person\\\/2d4068cb2f39cd10008c2fce578a7356\"},\"headline\":\"V\u00e1dat emeltek egy amerikai milli\u00e1rdos ellen\",\"datePublished\":\"2019-07-08T20:50:11+00:00\",\"dateModified\":\"2019-07-08T20:50:12+00:00\",\"mainEntityOfPage\":{\"@id\":\"https:\\\/\\\/super-news.info\\\/hu\\\/vadat-emeltek-egy-amerikai-milliardos-ellen\\\/\"},\"wordCount\":492,\"commentCount\":0,\"image\":{\"@id\":\"https:\\\/\\\/super-news.info\\\/hu\\\/vadat-emeltek-egy-amerikai-milliardos-ellen\\\/#primaryimage\"},\"thumbnailUrl\":\"https:\\\/\\\/super-news.info\\\/hu\\\/wp-content\\\/uploads\\\/sites\\\/3\\\/2019\\\/07\\\/V\u00e1dat-emeltek-egy-amerikai-milli\u00e1rdos-ellen.jpg\",\"articleSection\":[\"P\u00c9NZ\u00dcGYI H\u00cdREK\"],\"inLanguage\":\"hu\",\"potentialAction\":[{\"@type\":\"CommentAction\",\"name\":\"Comment\",\"target\":[\"https:\\\/\\\/super-news.info\\\/hu\\\/vadat-emeltek-egy-amerikai-milliardos-ellen\\\/#respond\"]}]},{\"@type\":\"WebPage\",\"@id\":\"https:\\\/\\\/super-news.info\\\/hu\\\/vadat-emeltek-egy-amerikai-milliardos-ellen\\\/\",\"url\":\"https:\\\/\\\/super-news.info\\\/hu\\\/vadat-emeltek-egy-amerikai-milliardos-ellen\\\/\",\"name\":\"V\u00e1dat emeltek egy amerikai milli\u00e1rdos ellen - Super News\",\"isPartOf\":{\"@id\":\"https:\\\/\\\/super-news.info\\\/hu\\\/#website\"},\"primaryImageOfPage\":{\"@id\":\"https:\\\/\\\/super-news.info\\\/hu\\\/vadat-emeltek-egy-amerikai-milliardos-ellen\\\/#primaryimage\"},\"image\":{\"@id\":\"https:\\\/\\\/super-news.info\\\/hu\\\/vadat-emeltek-egy-amerikai-milliardos-ellen\\\/#primaryimage\"},\"thumbnailUrl\":\"https:\\\/\\\/super-news.info\\\/hu\\\/wp-content\\\/uploads\\\/sites\\\/3\\\/2019\\\/07\\\/V\u00e1dat-emeltek-egy-amerikai-milli\u00e1rdos-ellen.jpg\",\"datePublished\":\"2019-07-08T20:50:11+00:00\",\"dateModified\":\"2019-07-08T20:50:12+00:00\",\"author\":{\"@id\":\"https:\\\/\\\/super-news.info\\\/hu\\\/#\\\/schema\\\/person\\\/2d4068cb2f39cd10008c2fce578a7356\"},\"breadcrumb\":{\"@id\":\"https:\\\/\\\/super-news.info\\\/hu\\\/vadat-emeltek-egy-amerikai-milliardos-ellen\\\/#breadcrumb\"},\"inLanguage\":\"hu\",\"potentialAction\":[{\"@type\":\"ReadAction\",\"target\":[\"https:\\\/\\\/super-news.info\\\/hu\\\/vadat-emeltek-egy-amerikai-milliardos-ellen\\\/\"]}]},{\"@type\":\"ImageObject\",\"inLanguage\":\"hu\",\"@id\":\"https:\\\/\\\/super-news.info\\\/hu\\\/vadat-emeltek-egy-amerikai-milliardos-ellen\\\/#primaryimage\",\"url\":\"https:\\\/\\\/super-news.info\\\/hu\\\/wp-content\\\/uploads\\\/sites\\\/3\\\/2019\\\/07\\\/V\u00e1dat-emeltek-egy-amerikai-milli\u00e1rdos-ellen.jpg\",\"contentUrl\":\"https:\\\/\\\/super-news.info\\\/hu\\\/wp-content\\\/uploads\\\/sites\\\/3\\\/2019\\\/07\\\/V\u00e1dat-emeltek-egy-amerikai-milli\u00e1rdos-ellen.jpg\",\"width\":1020,\"height\":665,\"caption\":\"V\u00e1dat emeltek egy amerikai milli\u00e1rdos ellen\"},{\"@type\":\"BreadcrumbList\",\"@id\":\"https:\\\/\\\/super-news.info\\\/hu\\\/vadat-emeltek-egy-amerikai-milliardos-ellen\\\/#breadcrumb\",\"itemListElement\":[{\"@type\":\"ListItem\",\"position\":1,\"name\":\"\u0413\u043b\u0430\u0432\u043d\u0430\u044f \u0441\u0442\u0440\u0430\u043d\u0438\u0446\u0430\",\"item\":\"https:\\\/\\\/super-news.info\\\/hu\\\/\"},{\"@type\":\"ListItem\",\"position\":2,\"name\":\"V\u00e1dat emeltek egy amerikai milli\u00e1rdos ellen\"}]},{\"@type\":\"WebSite\",\"@id\":\"https:\\\/\\\/super-news.info\\\/hu\\\/#website\",\"url\":\"https:\\\/\\\/super-news.info\\\/hu\\\/\",\"name\":\"Super News\",\"description\":\"Super News Magyarorsz\u00e1g\",\"potentialAction\":[{\"@type\":\"SearchAction\",\"target\":{\"@type\":\"EntryPoint\",\"urlTemplate\":\"https:\\\/\\\/super-news.info\\\/hu\\\/?s={search_term_string}\"},\"query-input\":{\"@type\":\"PropertyValueSpecification\",\"valueRequired\":true,\"valueName\":\"search_term_string\"}}],\"inLanguage\":\"hu\"},{\"@type\":\"Person\",\"@id\":\"https:\\\/\\\/super-news.info\\\/hu\\\/#\\\/schema\\\/person\\\/2d4068cb2f39cd10008c2fce578a7356\",\"name\":\"super-news\",\"image\":{\"@type\":\"ImageObject\",\"inLanguage\":\"hu\",\"@id\":\"https:\\\/\\\/secure.gravatar.com\\\/avatar\\\/64ebac40b93f26a154f8a9b5b6fdccfc46f442b26b3dd6756dbff3bf9dc76fd7?s=96&d=mm&r=g\",\"url\":\"https:\\\/\\\/secure.gravatar.com\\\/avatar\\\/64ebac40b93f26a154f8a9b5b6fdccfc46f442b26b3dd6756dbff3bf9dc76fd7?s=96&d=mm&r=g\",\"contentUrl\":\"https:\\\/\\\/secure.gravatar.com\\\/avatar\\\/64ebac40b93f26a154f8a9b5b6fdccfc46f442b26b3dd6756dbff3bf9dc76fd7?s=96&d=mm&r=g\",\"caption\":\"super-news\"},\"url\":\"https:\\\/\\\/super-news.info\\\/hu\\\/author\\\/pt\\\/\"}]}<\/script>\n<!-- \/ Yoast SEO plugin. -->","yoast_head_json":{"title":"V\u00e1dat emeltek egy amerikai milli\u00e1rdos ellen - Super News","robots":{"index":"index","follow":"follow","max-snippet":"max-snippet:-1","max-image-preview":"max-image-preview:large","max-video-preview":"max-video-preview:-1"},"canonical":"https:\/\/super-news.info\/hu\/vadat-emeltek-egy-amerikai-milliardos-ellen\/","og_locale":"hu_HU","og_type":"article","og_title":"V\u00e1dat emeltek egy amerikai milli\u00e1rdos ellen - Super News","og_description":"[ad_1] T\u00f6bb tucatnyi kiskor\u00fa l\u00e1ny elleni szexu\u00e1lis vissza\u00e9l\u00e9s miatt v\u00e1dat emeltek Jeffrey Epstein amerikai milli\u00e1rdos ellen \u2013 jelentette be h\u00e9tf\u0151n egy manhattani sz\u00f6vets\u00e9gi b\u00edr\u00f3s\u00e1g. A milli\u00e1rdos ellen kiskor\u00faak s\u00e9relm\u00e9re elk\u00f6vetett emberkereskedelem \u00e9s ennek \u00e9rdek\u00e9ben v\u00e9grehajtott \u00f6sszeesk\u00fcv\u00e9s k\u00e9t rendbeli b\u0171ncselekm\u00e9nye miatt emeltek v\u00e1dat. A v\u00e1dirat szerint a 66 \u00e9ves Epstein 2002 \u00e9s 2005 k\u00f6z\u00f6tt emberkereskedelemmel foglalkoz\u00f3 [&hellip;]","og_url":"https:\/\/super-news.info\/hu\/vadat-emeltek-egy-amerikai-milliardos-ellen\/","og_site_name":"Super News","article_published_time":"2019-07-08T20:50:11+00:00","article_modified_time":"2019-07-08T20:50:12+00:00","og_image":[{"width":1020,"height":665,"url":"https:\/\/super-news.info\/hu\/wp-content\/uploads\/sites\/3\/2019\/07\/V\u00e1dat-emeltek-egy-amerikai-milli\u00e1rdos-ellen.jpg","type":"image\/jpeg"}],"author":"super-news","twitter_card":"summary_large_image","twitter_misc":{"Szerz\u0151:":"super-news","Becs\u00fclt olvas\u00e1si id\u0151":"2 perc"},"schema":{"@context":"https:\/\/schema.org","@graph":[{"@type":"Article","@id":"https:\/\/super-news.info\/hu\/vadat-emeltek-egy-amerikai-milliardos-ellen\/#article","isPartOf":{"@id":"https:\/\/super-news.info\/hu\/vadat-emeltek-egy-amerikai-milliardos-ellen\/"},"author":{"name":"super-news","@id":"https:\/\/super-news.info\/hu\/#\/schema\/person\/2d4068cb2f39cd10008c2fce578a7356"},"headline":"V\u00e1dat emeltek egy amerikai milli\u00e1rdos ellen","datePublished":"2019-07-08T20:50:11+00:00","dateModified":"2019-07-08T20:50:12+00:00","mainEntityOfPage":{"@id":"https:\/\/super-news.info\/hu\/vadat-emeltek-egy-amerikai-milliardos-ellen\/"},"wordCount":492,"commentCount":0,"image":{"@id":"https:\/\/super-news.info\/hu\/vadat-emeltek-egy-amerikai-milliardos-ellen\/#primaryimage"},"thumbnailUrl":"https:\/\/super-news.info\/hu\/wp-content\/uploads\/sites\/3\/2019\/07\/V\u00e1dat-emeltek-egy-amerikai-milli\u00e1rdos-ellen.jpg","articleSection":["P\u00c9NZ\u00dcGYI H\u00cdREK"],"inLanguage":"hu","potentialAction":[{"@type":"CommentAction","name":"Comment","target":["https:\/\/super-news.info\/hu\/vadat-emeltek-egy-amerikai-milliardos-ellen\/#respond"]}]},{"@type":"WebPage","@id":"https:\/\/super-news.info\/hu\/vadat-emeltek-egy-amerikai-milliardos-ellen\/","url":"https:\/\/super-news.info\/hu\/vadat-emeltek-egy-amerikai-milliardos-ellen\/","name":"V\u00e1dat emeltek egy amerikai milli\u00e1rdos ellen - Super News","isPartOf":{"@id":"https:\/\/super-news.info\/hu\/#website"},"primaryImageOfPage":{"@id":"https:\/\/super-news.info\/hu\/vadat-emeltek-egy-amerikai-milliardos-ellen\/#primaryimage"},"image":{"@id":"https:\/\/super-news.info\/hu\/vadat-emeltek-egy-amerikai-milliardos-ellen\/#primaryimage"},"thumbnailUrl":"https:\/\/super-news.info\/hu\/wp-content\/uploads\/sites\/3\/2019\/07\/V\u00e1dat-emeltek-egy-amerikai-milli\u00e1rdos-ellen.jpg","datePublished":"2019-07-08T20:50:11+00:00","dateModified":"2019-07-08T20:50:12+00:00","author":{"@id":"https:\/\/super-news.info\/hu\/#\/schema\/person\/2d4068cb2f39cd10008c2fce578a7356"},"breadcrumb":{"@id":"https:\/\/super-news.info\/hu\/vadat-emeltek-egy-amerikai-milliardos-ellen\/#breadcrumb"},"inLanguage":"hu","potentialAction":[{"@type":"ReadAction","target":["https:\/\/super-news.info\/hu\/vadat-emeltek-egy-amerikai-milliardos-ellen\/"]}]},{"@type":"ImageObject","inLanguage":"hu","@id":"https:\/\/super-news.info\/hu\/vadat-emeltek-egy-amerikai-milliardos-ellen\/#primaryimage","url":"https:\/\/super-news.info\/hu\/wp-content\/uploads\/sites\/3\/2019\/07\/V\u00e1dat-emeltek-egy-amerikai-milli\u00e1rdos-ellen.jpg","contentUrl":"https:\/\/super-news.info\/hu\/wp-content\/uploads\/sites\/3\/2019\/07\/V\u00e1dat-emeltek-egy-amerikai-milli\u00e1rdos-ellen.jpg","width":1020,"height":665,"caption":"V\u00e1dat emeltek egy amerikai milli\u00e1rdos ellen"},{"@type":"BreadcrumbList","@id":"https:\/\/super-news.info\/hu\/vadat-emeltek-egy-amerikai-milliardos-ellen\/#breadcrumb","itemListElement":[{"@type":"ListItem","position":1,"name":"\u0413\u043b\u0430\u0432\u043d\u0430\u044f \u0441\u0442\u0440\u0430\u043d\u0438\u0446\u0430","item":"https:\/\/super-news.info\/hu\/"},{"@type":"ListItem","position":2,"name":"V\u00e1dat emeltek egy amerikai milli\u00e1rdos ellen"}]},{"@type":"WebSite","@id":"https:\/\/super-news.info\/hu\/#website","url":"https:\/\/super-news.info\/hu\/","name":"Super News","description":"Super News Magyarorsz\u00e1g","potentialAction":[{"@type":"SearchAction","target":{"@type":"EntryPoint","urlTemplate":"https:\/\/super-news.info\/hu\/?s={search_term_string}"},"query-input":{"@type":"PropertyValueSpecification","valueRequired":true,"valueName":"search_term_string"}}],"inLanguage":"hu"},{"@type":"Person","@id":"https:\/\/super-news.info\/hu\/#\/schema\/person\/2d4068cb2f39cd10008c2fce578a7356","name":"super-news","image":{"@type":"ImageObject","inLanguage":"hu","@id":"https:\/\/secure.gravatar.com\/avatar\/64ebac40b93f26a154f8a9b5b6fdccfc46f442b26b3dd6756dbff3bf9dc76fd7?s=96&d=mm&r=g","url":"https:\/\/secure.gravatar.com\/avatar\/64ebac40b93f26a154f8a9b5b6fdccfc46f442b26b3dd6756dbff3bf9dc76fd7?s=96&d=mm&r=g","contentUrl":"https:\/\/secure.gravatar.com\/avatar\/64ebac40b93f26a154f8a9b5b6fdccfc46f442b26b3dd6756dbff3bf9dc76fd7?s=96&d=mm&r=g","caption":"super-news"},"url":"https:\/\/super-news.info\/hu\/author\/pt\/"}]}},"_links":{"self":[{"href":"https:\/\/super-news.info\/hu\/wp-json\/wp\/v2\/posts\/5625","targetHints":{"allow":["GET"]}}],"collection":[{"href":"https:\/\/super-news.info\/hu\/wp-json\/wp\/v2\/posts"}],"about":[{"href":"https:\/\/super-news.info\/hu\/wp-json\/wp\/v2\/types\/post"}],"author":[{"embeddable":true,"href":"https:\/\/super-news.info\/hu\/wp-json\/wp\/v2\/users\/2"}],"replies":[{"embeddable":true,"href":"https:\/\/super-news.info\/hu\/wp-json\/wp\/v2\/comments?post=5625"}],"version-history":[{"count":1,"href":"https:\/\/super-news.info\/hu\/wp-json\/wp\/v2\/posts\/5625\/revisions"}],"predecessor-version":[{"id":5627,"href":"https:\/\/super-news.info\/hu\/wp-json\/wp\/v2\/posts\/5625\/revisions\/5627"}],"wp:featuredmedia":[{"embeddable":true,"href":"https:\/\/super-news.info\/hu\/wp-json\/wp\/v2\/media\/5626"}],"wp:attachment":[{"href":"https:\/\/super-news.info\/hu\/wp-json\/wp\/v2\/media?parent=5625"}],"wp:term":[{"taxonomy":"category","embeddable":true,"href":"https:\/\/super-news.info\/hu\/wp-json\/wp\/v2\/categories?post=5625"},{"taxonomy":"post_tag","embeddable":true,"href":"https:\/\/super-news.info\/hu\/wp-json\/wp\/v2\/tags?post=5625"}],"curies":[{"name":"wp","href":"https:\/\/api.w.org\/{rel}","templated":true}]}}