{"id":5610,"date":"2019-07-08T19:29:49","date_gmt":"2019-07-08T16:29:49","guid":{"rendered":"https:\/\/super-news.info\/hu\/luxemburgban-nem-ismerik-el-a-krim-felszigetet-oroszorszag-reszekent\/"},"modified":"2019-07-08T19:29:50","modified_gmt":"2019-07-08T16:29:50","slug":"luxemburgban-nem-ismerik-el-a-krim-felszigetet-oroszorszag-reszekent","status":"publish","type":"post","link":"https:\/\/super-news.info\/hu\/luxemburgban-nem-ismerik-el-a-krim-felszigetet-oroszorszag-reszekent\/","title":{"rendered":"Luxemburgban nem ismerik el a Kr\u00edm f\u00e9lszigetet Oroszorsz\u00e1g r\u00e9szek\u00e9nt"},"content":{"rendered":"<p> [ad_1]<br \/>\n<\/p>\n<p>\n\t\t\t\t\t\t\t\tOroszorsz\u00e1got b\u00edr\u00e1l\u00f3 z\u00e1r\u00f3nyilatkozatot fogadott el az Eur\u00f3pai Biztons\u00e1gi \u00e9s Egy\u00fcttm\u0171k\u00f6d\u00e9si Szervezet parlamenti k\u00f6zgy\u0171l\u00e9se.\t\t\t\t\t\t\t<\/p>\n<div>\n<p>Oroszorsz\u00e1got b\u00edr\u00e1l\u00f3 z\u00e1r\u00f3nyilatkozatot fogadott el h\u00e9tf\u0151n Luxemburgban az Eur\u00f3pai Biztons\u00e1gi \u00e9s Egy\u00fcttm\u0171k\u00f6d\u00e9si Szervezet (EBESZ) parlamenti k\u00f6zgy\u0171l\u00e9se, amely<\/p>\n<ul>\n<li>nem ismeri el a Moszkva \u00e1ltal bekebelezett d\u00e9l-ukrajnai Kr\u00edm f\u00e9lszigetet Oroszorsz\u00e1g r\u00e9szek\u00e9nt,<\/li>\n<li>felsz\u00f3l\u00edtja Moszkv\u00e1t, hogy ne ismerje el a k\u00e9t szakad\u00e1r gr\u00faziai ter\u00fcletet, Abh\u00e1zi\u00e1t \u00e9s D\u00e9l-Osz\u00e9ti\u00e1t<\/li>\n<li>\u00e9s b\u00edr\u00e1lja az \u00c9szaki-\u00c1ramlat-2 projektet.<\/li>\n<\/ul>\n<p>Tekintettel ezekre a kit\u00e9telekre \u00e9s egy sor m\u00e1s oroszellenes rendelkez\u00e9sre az orosz k\u00fcld\u00f6tts\u00e9g a dokumentum elfogad\u00e1sa ellen szavazott \u2013 jelentette a TASZSZ orosz \u00e1llami h\u00edr\u00fcgyn\u00f6ks\u00e9g.<\/p>\n<div id=\"attachment_1435486\" style=\"width: 1410px\" class=\"wp-caption aligncenter\">\n<p class=\"wp-caption-text\">Fot\u00f3: AFP<\/p>\n<\/div>\n<p>A luxemburgi nyilatkozat t\u00f6bb, el\u0151z\u0151leg az EBESZ parlament k\u00f6zgy\u0171l\u00e9s\u00e9nek bizotts\u00e1gai \u00e1ltal t\u00e1mogatott hat\u00e1rozatb\u00f3l \u00e1ll. \u201eA b\u00e9ke \u00e9s a fenntarthat\u00f3 fejl\u0151d\u00e9s egym\u00e1ssal \u00f6sszef\u00fcgg, az \u00fcgyek siralmas helyzete a nemzetk\u00f6zi biztons\u00e1g ter\u00fclet\u00e9n megk\u00f6veteli minden, a konfliktusok rendez\u00e9se, a fegyverkez\u00e9s ellen\u0151rz\u00e9se, a bizalom- \u00e9s biztons\u00e1ger\u0151s\u00edt\u0151 int\u00e9zked\u00e9sek, a terrorizmus elleni harc \u00e9s a sokoldal\u00fa megk\u00f6zel\u00edt\u00e9s ir\u00e1nt elk\u00f6telezett EBESZ-tag\u00e1llam t\u00e1mogat\u00e1s\u00e1t\u201d \u2013 olvashat\u00f3 p\u00e9ld\u00e1ul a politikai \u00e9s a biztons\u00e1gi \u00fcgyek bizotts\u00e1g\u00e1nak hat\u00e1rozat\u00e1ban.<\/p>\n<p>A nyilatkozatban a parlamenti k\u00f6zgy\u0171l\u00e9s egyben sajn\u00e1lat\u00e1t fejezi ki, ami\u00e9rt Oroszorsz\u00e1g megs\u00e9rtette a k\u00f6zepes hat\u00f3t\u00e1vols\u00e1g\u00fa nukle\u00e1ris er\u0151kr\u0151l sz\u00f3l\u00f3 szerz\u0151d\u00e9sben (INF) v\u00e1llalt k\u00f6telezetts\u00e9geit.<\/p>\n<p>A dokumentum szerint az orosz k\u00f6telezettszeg\u00e9sek miatt kudarcba fulladt t\u00f6bb m\u00e1s szerz\u0151d\u00e9s \u2013 k\u00f6z\u00f6tt\u00fck a Nyitott \u00c9gbolt Szerz\u0151d\u00e9s, az eur\u00f3pai hagyom\u00e1nyos fegyvereket korl\u00e1toz\u00f3 egyezm\u00e9ny (CFE), valamint az EBESZ Bizalom- \u00e9s Biztons\u00e1ger\u0151s\u00edt\u0151 Int\u00e9zked\u00e9sekkel Foglalkoz\u00f3 T\u00e1rgyal\u00e1sok 1994. \u00e9vi B\u00e9csi Dokumentuma \u2013 megval\u00f3s\u00edt\u00e1sa is.<\/p>\n<div id=\"attachment_1509889\" style=\"width: 1410px\" class=\"wp-caption aligncenter\"><img loading=\"lazy\" decoding=\"async\" class=\"size-full wp-image-1509889\" src=\"https:\/\/super-news.info\/hu\/wp-content\/uploads\/sites\/3\/2019\/07\/1562603389_795_Luxemburgban-nem-ismerik-el-a-Krim-felszigetet-Oroszorszag-reszekent.jpg\" alt=\"\" width=\"1400\" height=\"971\"  \/><\/p>\n<p class=\"wp-caption-text\">A nyilatkozatban a parlamenti k\u00f6zgy\u0171l\u00e9s sajn\u00e1lat\u00e1t fejezi ki, ami\u00e9rt Oroszorsz\u00e1g megs\u00e9rtette a k\u00f6zepes hat\u00f3t\u00e1vols\u00e1g\u00fa nukle\u00e1ris er\u0151kr\u0151l sz\u00f3l\u00f3 szerz\u0151d\u00e9sben v\u00e1llalt k\u00f6telezetts\u00e9geit <br \/>Fot\u00f3: AFP<\/p>\n<\/div>\n<p>Nyikolaj Rizsak parlamenti k\u00e9pvisel\u0151, az orosz k\u00fcld\u00f6tts\u00e9g tagja k\u00f6z\u00f6lte, hogy Oroszorsz\u00e1g nem ismeri el az EBESZ parlamenti k\u00f6zgy\u0171l\u00e9se 28. \u00fcl\u00e9sszak\u00e1nak h\u00e9tf\u0151n elfogadott z\u00e1r\u00f3nyilatkozat\u00e1t \u00e9s nem tartja mag\u00e1ra n\u00e9zve k\u00f6telez\u0151nek annak rendelkez\u00e9seit.<\/p>\n<blockquote>\n<p>Tekintettel arra, hogy az adott nyilatkozatot a k\u00f6zgy\u0171l\u00e9s tagjainak egyharmada jelentl\u00e9t\u00e9ben fogadt\u00e1k el, nem ismerj\u00fck el \u00e9s nem tartjuk k\u00f6telez\u0151 \u00e9rv\u00e9ny\u0171nek<\/p>\n<\/blockquote>\n<p>\u2013 mondta az orosz k\u00e9pvisel\u0151. \u00dajs\u00e1g\u00edr\u00f3k el\u0151tt hozz\u00e1tette, nyilv\u00e1nval\u00f3an nem volt biztos\u00edtott a t\u00f6bbs\u00e9g, a hat\u00e1rozatk\u00e9pess\u00e9ghez nyilv\u00e1nval\u00f3an nem voltak elegend\u0151en. Megjegyezte, hogy \u201eez ugyanaz az oroszellenes retorika, egy\u00e1ltal\u00e1n semmi sem v\u00e1ltozik\u201d, pedig Oroszorsz\u00e1g megteszi a kezdem\u00e9nyez\u0151 l\u00e9p\u00e9seket. A k\u00e9pvisel\u0151 szerint m\u00e9g az energiabiztons\u00e1gi k\u00e9rd\u00e9st is \u00e1tpolitiz\u00e1lt\u00e1k a nyilatkozatban.<\/p>\n<\/p><\/div>\n<p><script>\n    window.fbAsyncInit = function() {\n        FB.init({\n            appId      : \"204760236815359\",\n            xfbml      : true,\n            version    : \"v2.12\"\n        });\n        FB.AppEvents.logPageView();\n    };<\/p>\n<p>    (function(d, s, id){\n        var js, fjs = d.getElementsByTagName(s)[0];\n        if (d.getElementById(id)) {return;}\n        js = d.createElement(s); js.id = id;\n        js.src = \"http:\/\/connect.facebook.net\/hu_HU\/sdk.js\";\n        fjs.parentNode.insertBefore(js, fjs);\n    }(document, \"script\", \"facebook-jssdk\"));\n<\/script><br \/>\n<br \/>[ad_2]<br \/>\n<br \/><a href=\"https:\/\/www.vg.hu\/kozelet\/kozeleti-hirek\/luxemburgban-nem-ismerik-el-a-krim-felszigetet-oroszorszag-reszekent-1617629\/\">Source link <\/a><\/p>\n","protected":false},"excerpt":{"rendered":"<p>[ad_1] Oroszorsz\u00e1got b\u00edr\u00e1l\u00f3 z\u00e1r\u00f3nyilatkozatot fogadott el az Eur\u00f3pai Biztons\u00e1gi \u00e9s Egy\u00fcttm\u0171k\u00f6d\u00e9si Szervezet parlamenti k\u00f6zgy\u0171l\u00e9se. Oroszorsz\u00e1got b\u00edr\u00e1l\u00f3 z\u00e1r\u00f3nyilatkozatot fogadott el h\u00e9tf\u0151n Luxemburgban az Eur\u00f3pai Biztons\u00e1gi \u00e9s Egy\u00fcttm\u0171k\u00f6d\u00e9si Szervezet (EBESZ) parlamenti k\u00f6zgy\u0171l\u00e9se, amely nem ismeri el a Moszkva \u00e1ltal bekebelezett d\u00e9l-ukrajnai Kr\u00edm f\u00e9lszigetet Oroszorsz\u00e1g r\u00e9szek\u00e9nt, felsz\u00f3l\u00edtja Moszkv\u00e1t, hogy ne ismerje el a k\u00e9t szakad\u00e1r gr\u00faziai ter\u00fcletet, Abh\u00e1zi\u00e1t [&hellip;]<\/p>\n","protected":false},"author":2,"featured_media":5611,"comment_status":"open","ping_status":"open","sticky":false,"template":"","format":"standard","meta":{"footnotes":""},"categories":[1],"tags":[],"class_list":["post-5610","post","type-post","status-publish","format-standard","has-post-thumbnail","hentry","category-penzugyi-hirek"],"yoast_head":"<!-- This site is optimized with the Yoast SEO plugin v27.4 - https:\/\/yoast.com\/product\/yoast-seo-wordpress\/ -->\n<title>Luxemburgban nem ismerik el a Kr\u00edm f\u00e9lszigetet Oroszorsz\u00e1g r\u00e9szek\u00e9nt - Super News<\/title>\n<meta name=\"robots\" content=\"index, follow, max-snippet:-1, max-image-preview:large, max-video-preview:-1\" \/>\n<link rel=\"canonical\" href=\"https:\/\/super-news.info\/hu\/luxemburgban-nem-ismerik-el-a-krim-felszigetet-oroszorszag-reszekent\/\" \/>\n<meta property=\"og:locale\" content=\"hu_HU\" \/>\n<meta property=\"og:type\" content=\"article\" \/>\n<meta property=\"og:title\" content=\"Luxemburgban nem ismerik el a Kr\u00edm f\u00e9lszigetet Oroszorsz\u00e1g r\u00e9szek\u00e9nt - Super News\" \/>\n<meta property=\"og:description\" content=\"[ad_1] Oroszorsz\u00e1got b\u00edr\u00e1l\u00f3 z\u00e1r\u00f3nyilatkozatot fogadott el az Eur\u00f3pai Biztons\u00e1gi \u00e9s Egy\u00fcttm\u0171k\u00f6d\u00e9si Szervezet parlamenti k\u00f6zgy\u0171l\u00e9se. Oroszorsz\u00e1got b\u00edr\u00e1l\u00f3 z\u00e1r\u00f3nyilatkozatot fogadott el h\u00e9tf\u0151n Luxemburgban az Eur\u00f3pai Biztons\u00e1gi \u00e9s Egy\u00fcttm\u0171k\u00f6d\u00e9si Szervezet (EBESZ) parlamenti k\u00f6zgy\u0171l\u00e9se, amely nem ismeri el a Moszkva \u00e1ltal bekebelezett d\u00e9l-ukrajnai Kr\u00edm f\u00e9lszigetet Oroszorsz\u00e1g r\u00e9szek\u00e9nt, felsz\u00f3l\u00edtja Moszkv\u00e1t, hogy ne ismerje el a k\u00e9t szakad\u00e1r gr\u00faziai ter\u00fcletet, Abh\u00e1zi\u00e1t [&hellip;]\" \/>\n<meta property=\"og:url\" content=\"https:\/\/super-news.info\/hu\/luxemburgban-nem-ismerik-el-a-krim-felszigetet-oroszorszag-reszekent\/\" \/>\n<meta property=\"og:site_name\" content=\"Super News\" \/>\n<meta property=\"article:published_time\" content=\"2019-07-08T16:29:49+00:00\" \/>\n<meta property=\"article:modified_time\" content=\"2019-07-08T16:29:50+00:00\" \/>\n<meta property=\"og:image\" content=\"https:\/\/super-news.info\/hu\/wp-content\/uploads\/sites\/3\/2019\/07\/Luxemburgban-nem-ismerik-el-a-Kr\u00edm-f\u00e9lszigetet-Oroszorsz\u00e1g-r\u00e9szek\u00e9nt.jpg\" \/>\n\t<meta property=\"og:image:width\" content=\"1400\" \/>\n\t<meta property=\"og:image:height\" content=\"787\" \/>\n\t<meta property=\"og:image:type\" content=\"image\/jpeg\" \/>\n<meta name=\"author\" content=\"super-news\" \/>\n<meta name=\"twitter:card\" content=\"summary_large_image\" \/>\n<meta name=\"twitter:label1\" content=\"Szerz\u0151:\" \/>\n\t<meta name=\"twitter:data1\" content=\"super-news\" \/>\n\t<meta name=\"twitter:label2\" content=\"Becs\u00fclt olvas\u00e1si id\u0151\" \/>\n\t<meta name=\"twitter:data2\" content=\"3 perc\" \/>\n<script type=\"application\/ld+json\" class=\"yoast-schema-graph\">{\"@context\":\"https:\\\/\\\/schema.org\",\"@graph\":[{\"@type\":\"Article\",\"@id\":\"https:\\\/\\\/super-news.info\\\/hu\\\/luxemburgban-nem-ismerik-el-a-krim-felszigetet-oroszorszag-reszekent\\\/#article\",\"isPartOf\":{\"@id\":\"https:\\\/\\\/super-news.info\\\/hu\\\/luxemburgban-nem-ismerik-el-a-krim-felszigetet-oroszorszag-reszekent\\\/\"},\"author\":{\"name\":\"super-news\",\"@id\":\"https:\\\/\\\/super-news.info\\\/hu\\\/#\\\/schema\\\/person\\\/2d4068cb2f39cd10008c2fce578a7356\"},\"headline\":\"Luxemburgban nem ismerik el a Kr\u00edm f\u00e9lszigetet Oroszorsz\u00e1g r\u00e9szek\u00e9nt\",\"datePublished\":\"2019-07-08T16:29:49+00:00\",\"dateModified\":\"2019-07-08T16:29:50+00:00\",\"mainEntityOfPage\":{\"@id\":\"https:\\\/\\\/super-news.info\\\/hu\\\/luxemburgban-nem-ismerik-el-a-krim-felszigetet-oroszorszag-reszekent\\\/\"},\"wordCount\":589,\"commentCount\":0,\"image\":{\"@id\":\"https:\\\/\\\/super-news.info\\\/hu\\\/luxemburgban-nem-ismerik-el-a-krim-felszigetet-oroszorszag-reszekent\\\/#primaryimage\"},\"thumbnailUrl\":\"https:\\\/\\\/super-news.info\\\/hu\\\/wp-content\\\/uploads\\\/sites\\\/3\\\/2019\\\/07\\\/Luxemburgban-nem-ismerik-el-a-Kr\u00edm-f\u00e9lszigetet-Oroszorsz\u00e1g-r\u00e9szek\u00e9nt.jpg\",\"articleSection\":[\"P\u00c9NZ\u00dcGYI H\u00cdREK\"],\"inLanguage\":\"hu\",\"potentialAction\":[{\"@type\":\"CommentAction\",\"name\":\"Comment\",\"target\":[\"https:\\\/\\\/super-news.info\\\/hu\\\/luxemburgban-nem-ismerik-el-a-krim-felszigetet-oroszorszag-reszekent\\\/#respond\"]}]},{\"@type\":\"WebPage\",\"@id\":\"https:\\\/\\\/super-news.info\\\/hu\\\/luxemburgban-nem-ismerik-el-a-krim-felszigetet-oroszorszag-reszekent\\\/\",\"url\":\"https:\\\/\\\/super-news.info\\\/hu\\\/luxemburgban-nem-ismerik-el-a-krim-felszigetet-oroszorszag-reszekent\\\/\",\"name\":\"Luxemburgban nem ismerik el a Kr\u00edm f\u00e9lszigetet Oroszorsz\u00e1g r\u00e9szek\u00e9nt - Super News\",\"isPartOf\":{\"@id\":\"https:\\\/\\\/super-news.info\\\/hu\\\/#website\"},\"primaryImageOfPage\":{\"@id\":\"https:\\\/\\\/super-news.info\\\/hu\\\/luxemburgban-nem-ismerik-el-a-krim-felszigetet-oroszorszag-reszekent\\\/#primaryimage\"},\"image\":{\"@id\":\"https:\\\/\\\/super-news.info\\\/hu\\\/luxemburgban-nem-ismerik-el-a-krim-felszigetet-oroszorszag-reszekent\\\/#primaryimage\"},\"thumbnailUrl\":\"https:\\\/\\\/super-news.info\\\/hu\\\/wp-content\\\/uploads\\\/sites\\\/3\\\/2019\\\/07\\\/Luxemburgban-nem-ismerik-el-a-Kr\u00edm-f\u00e9lszigetet-Oroszorsz\u00e1g-r\u00e9szek\u00e9nt.jpg\",\"datePublished\":\"2019-07-08T16:29:49+00:00\",\"dateModified\":\"2019-07-08T16:29:50+00:00\",\"author\":{\"@id\":\"https:\\\/\\\/super-news.info\\\/hu\\\/#\\\/schema\\\/person\\\/2d4068cb2f39cd10008c2fce578a7356\"},\"breadcrumb\":{\"@id\":\"https:\\\/\\\/super-news.info\\\/hu\\\/luxemburgban-nem-ismerik-el-a-krim-felszigetet-oroszorszag-reszekent\\\/#breadcrumb\"},\"inLanguage\":\"hu\",\"potentialAction\":[{\"@type\":\"ReadAction\",\"target\":[\"https:\\\/\\\/super-news.info\\\/hu\\\/luxemburgban-nem-ismerik-el-a-krim-felszigetet-oroszorszag-reszekent\\\/\"]}]},{\"@type\":\"ImageObject\",\"inLanguage\":\"hu\",\"@id\":\"https:\\\/\\\/super-news.info\\\/hu\\\/luxemburgban-nem-ismerik-el-a-krim-felszigetet-oroszorszag-reszekent\\\/#primaryimage\",\"url\":\"https:\\\/\\\/super-news.info\\\/hu\\\/wp-content\\\/uploads\\\/sites\\\/3\\\/2019\\\/07\\\/Luxemburgban-nem-ismerik-el-a-Kr\u00edm-f\u00e9lszigetet-Oroszorsz\u00e1g-r\u00e9szek\u00e9nt.jpg\",\"contentUrl\":\"https:\\\/\\\/super-news.info\\\/hu\\\/wp-content\\\/uploads\\\/sites\\\/3\\\/2019\\\/07\\\/Luxemburgban-nem-ismerik-el-a-Kr\u00edm-f\u00e9lszigetet-Oroszorsz\u00e1g-r\u00e9szek\u00e9nt.jpg\",\"width\":1400,\"height\":787,\"caption\":\"Luxemburgban nem ismerik el a Kr\u00edm f\u00e9lszigetet Oroszorsz\u00e1g r\u00e9szek\u00e9nt\"},{\"@type\":\"BreadcrumbList\",\"@id\":\"https:\\\/\\\/super-news.info\\\/hu\\\/luxemburgban-nem-ismerik-el-a-krim-felszigetet-oroszorszag-reszekent\\\/#breadcrumb\",\"itemListElement\":[{\"@type\":\"ListItem\",\"position\":1,\"name\":\"\u0413\u043b\u0430\u0432\u043d\u0430\u044f \u0441\u0442\u0440\u0430\u043d\u0438\u0446\u0430\",\"item\":\"https:\\\/\\\/super-news.info\\\/hu\\\/\"},{\"@type\":\"ListItem\",\"position\":2,\"name\":\"Luxemburgban nem ismerik el a Kr\u00edm f\u00e9lszigetet Oroszorsz\u00e1g r\u00e9szek\u00e9nt\"}]},{\"@type\":\"WebSite\",\"@id\":\"https:\\\/\\\/super-news.info\\\/hu\\\/#website\",\"url\":\"https:\\\/\\\/super-news.info\\\/hu\\\/\",\"name\":\"Super News\",\"description\":\"Super News Magyarorsz\u00e1g\",\"potentialAction\":[{\"@type\":\"SearchAction\",\"target\":{\"@type\":\"EntryPoint\",\"urlTemplate\":\"https:\\\/\\\/super-news.info\\\/hu\\\/?s={search_term_string}\"},\"query-input\":{\"@type\":\"PropertyValueSpecification\",\"valueRequired\":true,\"valueName\":\"search_term_string\"}}],\"inLanguage\":\"hu\"},{\"@type\":\"Person\",\"@id\":\"https:\\\/\\\/super-news.info\\\/hu\\\/#\\\/schema\\\/person\\\/2d4068cb2f39cd10008c2fce578a7356\",\"name\":\"super-news\",\"image\":{\"@type\":\"ImageObject\",\"inLanguage\":\"hu\",\"@id\":\"https:\\\/\\\/secure.gravatar.com\\\/avatar\\\/64ebac40b93f26a154f8a9b5b6fdccfc46f442b26b3dd6756dbff3bf9dc76fd7?s=96&d=mm&r=g\",\"url\":\"https:\\\/\\\/secure.gravatar.com\\\/avatar\\\/64ebac40b93f26a154f8a9b5b6fdccfc46f442b26b3dd6756dbff3bf9dc76fd7?s=96&d=mm&r=g\",\"contentUrl\":\"https:\\\/\\\/secure.gravatar.com\\\/avatar\\\/64ebac40b93f26a154f8a9b5b6fdccfc46f442b26b3dd6756dbff3bf9dc76fd7?s=96&d=mm&r=g\",\"caption\":\"super-news\"},\"url\":\"https:\\\/\\\/super-news.info\\\/hu\\\/author\\\/pt\\\/\"}]}<\/script>\n<!-- \/ Yoast SEO plugin. -->","yoast_head_json":{"title":"Luxemburgban nem ismerik el a Kr\u00edm f\u00e9lszigetet Oroszorsz\u00e1g r\u00e9szek\u00e9nt - Super News","robots":{"index":"index","follow":"follow","max-snippet":"max-snippet:-1","max-image-preview":"max-image-preview:large","max-video-preview":"max-video-preview:-1"},"canonical":"https:\/\/super-news.info\/hu\/luxemburgban-nem-ismerik-el-a-krim-felszigetet-oroszorszag-reszekent\/","og_locale":"hu_HU","og_type":"article","og_title":"Luxemburgban nem ismerik el a Kr\u00edm f\u00e9lszigetet Oroszorsz\u00e1g r\u00e9szek\u00e9nt - Super News","og_description":"[ad_1] Oroszorsz\u00e1got b\u00edr\u00e1l\u00f3 z\u00e1r\u00f3nyilatkozatot fogadott el az Eur\u00f3pai Biztons\u00e1gi \u00e9s Egy\u00fcttm\u0171k\u00f6d\u00e9si Szervezet parlamenti k\u00f6zgy\u0171l\u00e9se. Oroszorsz\u00e1got b\u00edr\u00e1l\u00f3 z\u00e1r\u00f3nyilatkozatot fogadott el h\u00e9tf\u0151n Luxemburgban az Eur\u00f3pai Biztons\u00e1gi \u00e9s Egy\u00fcttm\u0171k\u00f6d\u00e9si Szervezet (EBESZ) parlamenti k\u00f6zgy\u0171l\u00e9se, amely nem ismeri el a Moszkva \u00e1ltal bekebelezett d\u00e9l-ukrajnai Kr\u00edm f\u00e9lszigetet Oroszorsz\u00e1g r\u00e9szek\u00e9nt, felsz\u00f3l\u00edtja Moszkv\u00e1t, hogy ne ismerje el a k\u00e9t szakad\u00e1r gr\u00faziai ter\u00fcletet, Abh\u00e1zi\u00e1t [&hellip;]","og_url":"https:\/\/super-news.info\/hu\/luxemburgban-nem-ismerik-el-a-krim-felszigetet-oroszorszag-reszekent\/","og_site_name":"Super News","article_published_time":"2019-07-08T16:29:49+00:00","article_modified_time":"2019-07-08T16:29:50+00:00","og_image":[{"width":1400,"height":787,"url":"https:\/\/super-news.info\/hu\/wp-content\/uploads\/sites\/3\/2019\/07\/Luxemburgban-nem-ismerik-el-a-Kr\u00edm-f\u00e9lszigetet-Oroszorsz\u00e1g-r\u00e9szek\u00e9nt.jpg","type":"image\/jpeg"}],"author":"super-news","twitter_card":"summary_large_image","twitter_misc":{"Szerz\u0151:":"super-news","Becs\u00fclt olvas\u00e1si id\u0151":"3 perc"},"schema":{"@context":"https:\/\/schema.org","@graph":[{"@type":"Article","@id":"https:\/\/super-news.info\/hu\/luxemburgban-nem-ismerik-el-a-krim-felszigetet-oroszorszag-reszekent\/#article","isPartOf":{"@id":"https:\/\/super-news.info\/hu\/luxemburgban-nem-ismerik-el-a-krim-felszigetet-oroszorszag-reszekent\/"},"author":{"name":"super-news","@id":"https:\/\/super-news.info\/hu\/#\/schema\/person\/2d4068cb2f39cd10008c2fce578a7356"},"headline":"Luxemburgban nem ismerik el a Kr\u00edm f\u00e9lszigetet Oroszorsz\u00e1g r\u00e9szek\u00e9nt","datePublished":"2019-07-08T16:29:49+00:00","dateModified":"2019-07-08T16:29:50+00:00","mainEntityOfPage":{"@id":"https:\/\/super-news.info\/hu\/luxemburgban-nem-ismerik-el-a-krim-felszigetet-oroszorszag-reszekent\/"},"wordCount":589,"commentCount":0,"image":{"@id":"https:\/\/super-news.info\/hu\/luxemburgban-nem-ismerik-el-a-krim-felszigetet-oroszorszag-reszekent\/#primaryimage"},"thumbnailUrl":"https:\/\/super-news.info\/hu\/wp-content\/uploads\/sites\/3\/2019\/07\/Luxemburgban-nem-ismerik-el-a-Kr\u00edm-f\u00e9lszigetet-Oroszorsz\u00e1g-r\u00e9szek\u00e9nt.jpg","articleSection":["P\u00c9NZ\u00dcGYI H\u00cdREK"],"inLanguage":"hu","potentialAction":[{"@type":"CommentAction","name":"Comment","target":["https:\/\/super-news.info\/hu\/luxemburgban-nem-ismerik-el-a-krim-felszigetet-oroszorszag-reszekent\/#respond"]}]},{"@type":"WebPage","@id":"https:\/\/super-news.info\/hu\/luxemburgban-nem-ismerik-el-a-krim-felszigetet-oroszorszag-reszekent\/","url":"https:\/\/super-news.info\/hu\/luxemburgban-nem-ismerik-el-a-krim-felszigetet-oroszorszag-reszekent\/","name":"Luxemburgban nem ismerik el a Kr\u00edm f\u00e9lszigetet Oroszorsz\u00e1g r\u00e9szek\u00e9nt - Super News","isPartOf":{"@id":"https:\/\/super-news.info\/hu\/#website"},"primaryImageOfPage":{"@id":"https:\/\/super-news.info\/hu\/luxemburgban-nem-ismerik-el-a-krim-felszigetet-oroszorszag-reszekent\/#primaryimage"},"image":{"@id":"https:\/\/super-news.info\/hu\/luxemburgban-nem-ismerik-el-a-krim-felszigetet-oroszorszag-reszekent\/#primaryimage"},"thumbnailUrl":"https:\/\/super-news.info\/hu\/wp-content\/uploads\/sites\/3\/2019\/07\/Luxemburgban-nem-ismerik-el-a-Kr\u00edm-f\u00e9lszigetet-Oroszorsz\u00e1g-r\u00e9szek\u00e9nt.jpg","datePublished":"2019-07-08T16:29:49+00:00","dateModified":"2019-07-08T16:29:50+00:00","author":{"@id":"https:\/\/super-news.info\/hu\/#\/schema\/person\/2d4068cb2f39cd10008c2fce578a7356"},"breadcrumb":{"@id":"https:\/\/super-news.info\/hu\/luxemburgban-nem-ismerik-el-a-krim-felszigetet-oroszorszag-reszekent\/#breadcrumb"},"inLanguage":"hu","potentialAction":[{"@type":"ReadAction","target":["https:\/\/super-news.info\/hu\/luxemburgban-nem-ismerik-el-a-krim-felszigetet-oroszorszag-reszekent\/"]}]},{"@type":"ImageObject","inLanguage":"hu","@id":"https:\/\/super-news.info\/hu\/luxemburgban-nem-ismerik-el-a-krim-felszigetet-oroszorszag-reszekent\/#primaryimage","url":"https:\/\/super-news.info\/hu\/wp-content\/uploads\/sites\/3\/2019\/07\/Luxemburgban-nem-ismerik-el-a-Kr\u00edm-f\u00e9lszigetet-Oroszorsz\u00e1g-r\u00e9szek\u00e9nt.jpg","contentUrl":"https:\/\/super-news.info\/hu\/wp-content\/uploads\/sites\/3\/2019\/07\/Luxemburgban-nem-ismerik-el-a-Kr\u00edm-f\u00e9lszigetet-Oroszorsz\u00e1g-r\u00e9szek\u00e9nt.jpg","width":1400,"height":787,"caption":"Luxemburgban nem ismerik el a Kr\u00edm f\u00e9lszigetet Oroszorsz\u00e1g r\u00e9szek\u00e9nt"},{"@type":"BreadcrumbList","@id":"https:\/\/super-news.info\/hu\/luxemburgban-nem-ismerik-el-a-krim-felszigetet-oroszorszag-reszekent\/#breadcrumb","itemListElement":[{"@type":"ListItem","position":1,"name":"\u0413\u043b\u0430\u0432\u043d\u0430\u044f \u0441\u0442\u0440\u0430\u043d\u0438\u0446\u0430","item":"https:\/\/super-news.info\/hu\/"},{"@type":"ListItem","position":2,"name":"Luxemburgban nem ismerik el a Kr\u00edm f\u00e9lszigetet Oroszorsz\u00e1g r\u00e9szek\u00e9nt"}]},{"@type":"WebSite","@id":"https:\/\/super-news.info\/hu\/#website","url":"https:\/\/super-news.info\/hu\/","name":"Super News","description":"Super News Magyarorsz\u00e1g","potentialAction":[{"@type":"SearchAction","target":{"@type":"EntryPoint","urlTemplate":"https:\/\/super-news.info\/hu\/?s={search_term_string}"},"query-input":{"@type":"PropertyValueSpecification","valueRequired":true,"valueName":"search_term_string"}}],"inLanguage":"hu"},{"@type":"Person","@id":"https:\/\/super-news.info\/hu\/#\/schema\/person\/2d4068cb2f39cd10008c2fce578a7356","name":"super-news","image":{"@type":"ImageObject","inLanguage":"hu","@id":"https:\/\/secure.gravatar.com\/avatar\/64ebac40b93f26a154f8a9b5b6fdccfc46f442b26b3dd6756dbff3bf9dc76fd7?s=96&d=mm&r=g","url":"https:\/\/secure.gravatar.com\/avatar\/64ebac40b93f26a154f8a9b5b6fdccfc46f442b26b3dd6756dbff3bf9dc76fd7?s=96&d=mm&r=g","contentUrl":"https:\/\/secure.gravatar.com\/avatar\/64ebac40b93f26a154f8a9b5b6fdccfc46f442b26b3dd6756dbff3bf9dc76fd7?s=96&d=mm&r=g","caption":"super-news"},"url":"https:\/\/super-news.info\/hu\/author\/pt\/"}]}},"_links":{"self":[{"href":"https:\/\/super-news.info\/hu\/wp-json\/wp\/v2\/posts\/5610","targetHints":{"allow":["GET"]}}],"collection":[{"href":"https:\/\/super-news.info\/hu\/wp-json\/wp\/v2\/posts"}],"about":[{"href":"https:\/\/super-news.info\/hu\/wp-json\/wp\/v2\/types\/post"}],"author":[{"embeddable":true,"href":"https:\/\/super-news.info\/hu\/wp-json\/wp\/v2\/users\/2"}],"replies":[{"embeddable":true,"href":"https:\/\/super-news.info\/hu\/wp-json\/wp\/v2\/comments?post=5610"}],"version-history":[{"count":1,"href":"https:\/\/super-news.info\/hu\/wp-json\/wp\/v2\/posts\/5610\/revisions"}],"predecessor-version":[{"id":5612,"href":"https:\/\/super-news.info\/hu\/wp-json\/wp\/v2\/posts\/5610\/revisions\/5612"}],"wp:featuredmedia":[{"embeddable":true,"href":"https:\/\/super-news.info\/hu\/wp-json\/wp\/v2\/media\/5611"}],"wp:attachment":[{"href":"https:\/\/super-news.info\/hu\/wp-json\/wp\/v2\/media?parent=5610"}],"wp:term":[{"taxonomy":"category","embeddable":true,"href":"https:\/\/super-news.info\/hu\/wp-json\/wp\/v2\/categories?post=5610"},{"taxonomy":"post_tag","embeddable":true,"href":"https:\/\/super-news.info\/hu\/wp-json\/wp\/v2\/tags?post=5610"}],"curies":[{"name":"wp","href":"https:\/\/api.w.org\/{rel}","templated":true}]}}