{"id":5604,"date":"2019-07-08T17:38:12","date_gmt":"2019-07-08T14:38:12","guid":{"rendered":"https:\/\/super-news.info\/hu\/letette-hivatali-eskujet-az-uj-gorog-kormanyfo\/"},"modified":"2019-07-08T17:38:13","modified_gmt":"2019-07-08T14:38:13","slug":"letette-hivatali-eskujet-az-uj-gorog-kormanyfo","status":"publish","type":"post","link":"https:\/\/super-news.info\/hu\/letette-hivatali-eskujet-az-uj-gorog-kormanyfo\/","title":{"rendered":"Letette hivatali esk\u00fcj\u00e9t az \u00faj g\u00f6r\u00f6g korm\u00e1nyf\u0151"},"content":{"rendered":"<p> [ad_1]<br \/>\n<\/p>\n<p>\n\t\t\t\t\t\t\t\tLetette a hivatali esk\u00fct h\u00e9tf\u0151n Kiri\u00e1kosz Micot\u00e1kisz \u00faj korm\u00e1nyf\u0151 G\u00f6r\u00f6gorsz\u00e1gban, miut\u00e1n el\u0151z\u0151 nap p\u00e1rtja, a jobboldali \u00daj Demokr\u00e1cia (ND) gy\u0151z\u00f6tt a parlamenti v\u00e1laszt\u00e1sokon.\t\t\t\t\t\t\t<\/p>\n<div>\n<p>Az ND a voksok 39,83 sz\u00e1zal\u00e9k\u00e1t szerezte meg, m\u00edg Alekszisz Ciprasz minisztereln\u00f6k eddig korm\u00e1nyz\u00f3 Radik\u00e1lis Baloldal Koal\u00edci\u00f3ja (Sziriza) a szavazatok 31,55 sz\u00e1zal\u00e9k\u00e1val a m\u00e1sodik helyre szorult.<\/p>\n<p>Az ND \u00edgy 158 k\u00e9pvisel\u0151i helyre sz\u00e1m\u00edthat a 300 f\u0151s t\u00f6rv\u00e9nyhoz\u00e1sban, m\u00edg a Sziriza 86-ra.<\/p>\n<p>Az 51 \u00e9ves Micot\u00e1kisz feles\u00e9g\u00e9vel \u00e9s h\u00e1rom gyerek\u00e9vel \u00e9rkezett az esk\u00fct\u00e9tel helysz\u00edn\u00e9re, az eln\u00f6ki palot\u00e1hoz, ahol Ieronimosz ath\u00e9ni \u00e9rsek vezette az esk\u00fct\u00e9teli szertart\u00e1st. A politikus ezt k\u00f6vet\u0151en a minisztereln\u00f6ks\u00e9gre hajtatott, hogy \u00e1tvegye az \u00fcgyeket el\u0151dj\u00e9t\u0151l, Alekszisz Cipraszt\u00f3l.<\/p>\n<p>Micot\u00e1kisznak nagyon gyorsan kell l\u00e9pnie, hiszen az orsz\u00e1gnak sz\u00e1mtalan gazdas\u00e1gi gonddal kell szemben\u00e9znie. T\u00f6rt\u00e9nik ez annak ellen\u00e9re, hogy<\/p>\n<p>Ath\u00e9n tavaly \u0151sszel sikeresen befejezte utols\u00f3, harmadik seg\u00e9lyprogramj\u00e1t, amelyben 2015 augusztus\u00e1ban \u00e1llapodott meg a hitelez\u0151kkel, hogy kiker\u00fclj\u00f6n az ad\u00f3ss\u00e1gv\u00e1ls\u00e1gb\u00f3l, ezzel nyolc \u00e9v ut\u00e1n visszat\u00e9rhetett a nemzetk\u00f6zi p\u00e9nzpiacokra.<\/p>\n<p>Az eur\u00f3\u00f6vezeti \u00e1lland\u00f3 ment\u0151alap (ESM) h\u00e1rom \u00e9v alatt 61,9 milli\u00e1rd eur\u00f3 hitelt ny\u00fajtott Ath\u00e9nnak, amelynek a m\u00e9g rendelkez\u00e9s\u00e9re \u00e1ll\u00f3 tov\u00e1bbi 24,1 milli\u00e1rd eur\u00f3ra m\u00e1r nem volt sz\u00fcks\u00e9ge.<\/p>\n<div id=\"attachment_1616486\" style=\"width: 1410px\" class=\"wp-caption aligncenter\">\n<p class=\"wp-caption-text\">Kiri\u00e1kosz Micot\u00e1kisz \u00faj g\u00f6r\u00f6g korm\u00e1nyf\u0151<br \/>Fot\u00f3: AFP<\/p>\n<\/div>\n<p>A g\u00f6r\u00f6g k\u00f6lts\u00e9gvet\u00e9st 2010 \u00f3ta nemzetk\u00f6zi hitelek tartott\u00e1k m\u0171k\u00f6d\u00e9sben. A p\u00e9nz\u00fcgyi t\u00f6rt\u00e9nelem legnagyobb, 275 milli\u00e1rd eur\u00f3s t\u00e1mogat\u00e1s\u00e9rt cser\u00e9be G\u00f6r\u00f6gorsz\u00e1gnak szigor\u00fa k\u00f6lts\u00e9gvet\u00e9si takar\u00e9koss\u00e1got, megszor\u00edt\u00f3 int\u00e9zked\u00e9seket kellett v\u00e1llalnia.<br \/>H\u00e9tf\u0151n Br\u00fcsszelben \u00f6ssze\u00fclnek az eur\u00f3\u00f6vezet p\u00e9nz\u00fcgyminiszterei, \u00e9s a tan\u00e1cskoz\u00e1son egyebek k\u00f6z\u00f6tt sz\u00f3ba ker\u00fcl G\u00f6r\u00f6gorsz\u00e1g is, amelynek annak ellen\u00e9re, hogy m\u00e1r k\u00f6zvetlen\u00fcl nem r\u00e9szes\u00fcl a seg\u00e9lyprogramb\u00f3l, tov\u00e1bbra is szigor\u00fa p\u00e9nz\u00fcgyi \u00e9s gazdas\u00e1gpolitik\u00e1t kell folytatnia.<\/p>\n<p>Az \u00faj minisztereln\u00f6k vas\u00e1rnap, a gy\u0151ztes v\u00e1laszt\u00e1si eredm\u00e9nyek ismeret\u00e9ben kijelentette:<\/p>\n<p>teljes tudatoss\u00e1ggal veszi \u00e1t az orsz\u00e1g korm\u00e1nyz\u00e1s\u00e1nak felel\u0151ss\u00e9g\u00e9t. Tiszt\u00e1ban van a r\u00e1 v\u00e1r\u00f3 feladatokkal \u00e9s a munkat\u00e1rsai el\u0151tt \u00e1ll\u00f3 neh\u00e9zs\u00e9gekkel.<\/p>\n<p>Az \u00e9vtizedes v\u00e1ls\u00e1g alatt negyed\u00e9vel cs\u00f6kkent a g\u00f6r\u00f6g \u00f6sszterm\u00e9k, megugrott a munkan\u00e9lk\u00fclis\u00e9g \u00e9s a szeg\u00e9nys\u00e9g m\u00e9rt\u00e9ke. A gazdas\u00e1g id\u00e9n 2,2 sz\u00e1zal\u00e9kkal n\u00f6vekszik majd az el\u0151rejelz\u00e9sek szerint, de G\u00f6r\u00f6gorsz\u00e1gnak m\u00e9g mindig sokat kell tennie az\u00e9rt, hogy el\u00e9rje a v\u00e1ls\u00e1g el\u0151tti gazdas\u00e1gi teljes\u00edtm\u00e9nyt. Micot\u00e1kisz v\u00e1laszt\u00e1si kamp\u00e1ny\u00e1ban azt \u00edg\u00e9rte, hogy cs\u00f6kkenti az ad\u00f3kat, az orsz\u00e1got pedig m\u00e9g jobban befektet\u00e9sbar\u00e1tt\u00e1 teszi.<\/p>\n<\/p><\/div>\n<p><script>\n    window.fbAsyncInit = function() {\n        FB.init({\n            appId      : \"204760236815359\",\n            xfbml      : true,\n            version    : \"v2.12\"\n        });\n        FB.AppEvents.logPageView();\n    };<\/p>\n<p>    (function(d, s, id){\n        var js, fjs = d.getElementsByTagName(s)[0];\n        if (d.getElementById(id)) {return;}\n        js = d.createElement(s); js.id = id;\n        js.src = \"http:\/\/connect.facebook.net\/hu_HU\/sdk.js\";\n        fjs.parentNode.insertBefore(js, fjs);\n    }(document, \"script\", \"facebook-jssdk\"));\n<\/script><br \/>\n<br \/>[ad_2]<br \/>\n<br \/><a href=\"https:\/\/www.vg.hu\/kozelet\/politika\/letette-hivatali-eskujet-az-uj-gorog-kormanyfo-1616477\/\">Source link <\/a><\/p>\n","protected":false},"excerpt":{"rendered":"<p>[ad_1] Letette a hivatali esk\u00fct h\u00e9tf\u0151n Kiri\u00e1kosz Micot\u00e1kisz \u00faj korm\u00e1nyf\u0151 G\u00f6r\u00f6gorsz\u00e1gban, miut\u00e1n el\u0151z\u0151 nap p\u00e1rtja, a jobboldali \u00daj Demokr\u00e1cia (ND) gy\u0151z\u00f6tt a parlamenti v\u00e1laszt\u00e1sokon. Az ND a voksok 39,83 sz\u00e1zal\u00e9k\u00e1t szerezte meg, m\u00edg Alekszisz Ciprasz minisztereln\u00f6k eddig korm\u00e1nyz\u00f3 Radik\u00e1lis Baloldal Koal\u00edci\u00f3ja (Sziriza) a szavazatok 31,55 sz\u00e1zal\u00e9k\u00e1val a m\u00e1sodik helyre szorult. Az ND \u00edgy 158 k\u00e9pvisel\u0151i [&hellip;]<\/p>\n","protected":false},"author":2,"featured_media":5605,"comment_status":"open","ping_status":"open","sticky":false,"template":"","format":"standard","meta":{"footnotes":""},"categories":[1],"tags":[],"class_list":["post-5604","post","type-post","status-publish","format-standard","has-post-thumbnail","hentry","category-penzugyi-hirek"],"yoast_head":"<!-- This site is optimized with the Yoast SEO plugin v27.4 - https:\/\/yoast.com\/product\/yoast-seo-wordpress\/ -->\n<title>Letette hivatali esk\u00fcj\u00e9t az \u00faj g\u00f6r\u00f6g korm\u00e1nyf\u0151 - Super News<\/title>\n<meta name=\"robots\" content=\"index, follow, max-snippet:-1, max-image-preview:large, max-video-preview:-1\" \/>\n<link rel=\"canonical\" href=\"https:\/\/super-news.info\/hu\/letette-hivatali-eskujet-az-uj-gorog-kormanyfo\/\" \/>\n<meta property=\"og:locale\" content=\"hu_HU\" \/>\n<meta property=\"og:type\" content=\"article\" \/>\n<meta property=\"og:title\" content=\"Letette hivatali esk\u00fcj\u00e9t az \u00faj g\u00f6r\u00f6g korm\u00e1nyf\u0151 - Super News\" \/>\n<meta property=\"og:description\" content=\"[ad_1] Letette a hivatali esk\u00fct h\u00e9tf\u0151n Kiri\u00e1kosz Micot\u00e1kisz \u00faj korm\u00e1nyf\u0151 G\u00f6r\u00f6gorsz\u00e1gban, miut\u00e1n el\u0151z\u0151 nap p\u00e1rtja, a jobboldali \u00daj Demokr\u00e1cia (ND) gy\u0151z\u00f6tt a parlamenti v\u00e1laszt\u00e1sokon. Az ND a voksok 39,83 sz\u00e1zal\u00e9k\u00e1t szerezte meg, m\u00edg Alekszisz Ciprasz minisztereln\u00f6k eddig korm\u00e1nyz\u00f3 Radik\u00e1lis Baloldal Koal\u00edci\u00f3ja (Sziriza) a szavazatok 31,55 sz\u00e1zal\u00e9k\u00e1val a m\u00e1sodik helyre szorult. Az ND \u00edgy 158 k\u00e9pvisel\u0151i [&hellip;]\" \/>\n<meta property=\"og:url\" content=\"https:\/\/super-news.info\/hu\/letette-hivatali-eskujet-az-uj-gorog-kormanyfo\/\" \/>\n<meta property=\"og:site_name\" content=\"Super News\" \/>\n<meta property=\"article:published_time\" content=\"2019-07-08T14:38:12+00:00\" \/>\n<meta property=\"article:modified_time\" content=\"2019-07-08T14:38:13+00:00\" \/>\n<meta property=\"og:image\" content=\"https:\/\/super-news.info\/hu\/wp-content\/uploads\/sites\/3\/2019\/07\/Letette-hivatali-esk\u00fcj\u00e9t-az-\u00faj-g\u00f6r\u00f6g-korm\u00e1nyf\u0151.jpg\" \/>\n\t<meta property=\"og:image:width\" content=\"1400\" \/>\n\t<meta property=\"og:image:height\" content=\"933\" \/>\n\t<meta property=\"og:image:type\" content=\"image\/jpeg\" \/>\n<meta name=\"author\" content=\"super-news\" \/>\n<meta name=\"twitter:card\" content=\"summary_large_image\" \/>\n<meta name=\"twitter:label1\" content=\"Szerz\u0151:\" \/>\n\t<meta name=\"twitter:data1\" content=\"super-news\" \/>\n\t<meta name=\"twitter:label2\" content=\"Becs\u00fclt olvas\u00e1si id\u0151\" \/>\n\t<meta name=\"twitter:data2\" content=\"3 perc\" \/>\n<script type=\"application\/ld+json\" class=\"yoast-schema-graph\">{\"@context\":\"https:\\\/\\\/schema.org\",\"@graph\":[{\"@type\":\"Article\",\"@id\":\"https:\\\/\\\/super-news.info\\\/hu\\\/letette-hivatali-eskujet-az-uj-gorog-kormanyfo\\\/#article\",\"isPartOf\":{\"@id\":\"https:\\\/\\\/super-news.info\\\/hu\\\/letette-hivatali-eskujet-az-uj-gorog-kormanyfo\\\/\"},\"author\":{\"name\":\"super-news\",\"@id\":\"https:\\\/\\\/super-news.info\\\/hu\\\/#\\\/schema\\\/person\\\/2d4068cb2f39cd10008c2fce578a7356\"},\"headline\":\"Letette hivatali esk\u00fcj\u00e9t az \u00faj g\u00f6r\u00f6g korm\u00e1nyf\u0151\",\"datePublished\":\"2019-07-08T14:38:12+00:00\",\"dateModified\":\"2019-07-08T14:38:13+00:00\",\"mainEntityOfPage\":{\"@id\":\"https:\\\/\\\/super-news.info\\\/hu\\\/letette-hivatali-eskujet-az-uj-gorog-kormanyfo\\\/\"},\"wordCount\":565,\"commentCount\":0,\"image\":{\"@id\":\"https:\\\/\\\/super-news.info\\\/hu\\\/letette-hivatali-eskujet-az-uj-gorog-kormanyfo\\\/#primaryimage\"},\"thumbnailUrl\":\"https:\\\/\\\/super-news.info\\\/hu\\\/wp-content\\\/uploads\\\/sites\\\/3\\\/2019\\\/07\\\/Letette-hivatali-esk\u00fcj\u00e9t-az-\u00faj-g\u00f6r\u00f6g-korm\u00e1nyf\u0151.jpg\",\"articleSection\":[\"P\u00c9NZ\u00dcGYI H\u00cdREK\"],\"inLanguage\":\"hu\",\"potentialAction\":[{\"@type\":\"CommentAction\",\"name\":\"Comment\",\"target\":[\"https:\\\/\\\/super-news.info\\\/hu\\\/letette-hivatali-eskujet-az-uj-gorog-kormanyfo\\\/#respond\"]}]},{\"@type\":\"WebPage\",\"@id\":\"https:\\\/\\\/super-news.info\\\/hu\\\/letette-hivatali-eskujet-az-uj-gorog-kormanyfo\\\/\",\"url\":\"https:\\\/\\\/super-news.info\\\/hu\\\/letette-hivatali-eskujet-az-uj-gorog-kormanyfo\\\/\",\"name\":\"Letette hivatali esk\u00fcj\u00e9t az \u00faj g\u00f6r\u00f6g korm\u00e1nyf\u0151 - Super News\",\"isPartOf\":{\"@id\":\"https:\\\/\\\/super-news.info\\\/hu\\\/#website\"},\"primaryImageOfPage\":{\"@id\":\"https:\\\/\\\/super-news.info\\\/hu\\\/letette-hivatali-eskujet-az-uj-gorog-kormanyfo\\\/#primaryimage\"},\"image\":{\"@id\":\"https:\\\/\\\/super-news.info\\\/hu\\\/letette-hivatali-eskujet-az-uj-gorog-kormanyfo\\\/#primaryimage\"},\"thumbnailUrl\":\"https:\\\/\\\/super-news.info\\\/hu\\\/wp-content\\\/uploads\\\/sites\\\/3\\\/2019\\\/07\\\/Letette-hivatali-esk\u00fcj\u00e9t-az-\u00faj-g\u00f6r\u00f6g-korm\u00e1nyf\u0151.jpg\",\"datePublished\":\"2019-07-08T14:38:12+00:00\",\"dateModified\":\"2019-07-08T14:38:13+00:00\",\"author\":{\"@id\":\"https:\\\/\\\/super-news.info\\\/hu\\\/#\\\/schema\\\/person\\\/2d4068cb2f39cd10008c2fce578a7356\"},\"breadcrumb\":{\"@id\":\"https:\\\/\\\/super-news.info\\\/hu\\\/letette-hivatali-eskujet-az-uj-gorog-kormanyfo\\\/#breadcrumb\"},\"inLanguage\":\"hu\",\"potentialAction\":[{\"@type\":\"ReadAction\",\"target\":[\"https:\\\/\\\/super-news.info\\\/hu\\\/letette-hivatali-eskujet-az-uj-gorog-kormanyfo\\\/\"]}]},{\"@type\":\"ImageObject\",\"inLanguage\":\"hu\",\"@id\":\"https:\\\/\\\/super-news.info\\\/hu\\\/letette-hivatali-eskujet-az-uj-gorog-kormanyfo\\\/#primaryimage\",\"url\":\"https:\\\/\\\/super-news.info\\\/hu\\\/wp-content\\\/uploads\\\/sites\\\/3\\\/2019\\\/07\\\/Letette-hivatali-esk\u00fcj\u00e9t-az-\u00faj-g\u00f6r\u00f6g-korm\u00e1nyf\u0151.jpg\",\"contentUrl\":\"https:\\\/\\\/super-news.info\\\/hu\\\/wp-content\\\/uploads\\\/sites\\\/3\\\/2019\\\/07\\\/Letette-hivatali-esk\u00fcj\u00e9t-az-\u00faj-g\u00f6r\u00f6g-korm\u00e1nyf\u0151.jpg\",\"width\":1400,\"height\":933,\"caption\":\"Letette hivatali esk\u00fcj\u00e9t az \u00faj g\u00f6r\u00f6g korm\u00e1nyf\u0151\"},{\"@type\":\"BreadcrumbList\",\"@id\":\"https:\\\/\\\/super-news.info\\\/hu\\\/letette-hivatali-eskujet-az-uj-gorog-kormanyfo\\\/#breadcrumb\",\"itemListElement\":[{\"@type\":\"ListItem\",\"position\":1,\"name\":\"\u0413\u043b\u0430\u0432\u043d\u0430\u044f \u0441\u0442\u0440\u0430\u043d\u0438\u0446\u0430\",\"item\":\"https:\\\/\\\/super-news.info\\\/hu\\\/\"},{\"@type\":\"ListItem\",\"position\":2,\"name\":\"Letette hivatali esk\u00fcj\u00e9t az \u00faj g\u00f6r\u00f6g korm\u00e1nyf\u0151\"}]},{\"@type\":\"WebSite\",\"@id\":\"https:\\\/\\\/super-news.info\\\/hu\\\/#website\",\"url\":\"https:\\\/\\\/super-news.info\\\/hu\\\/\",\"name\":\"Super News\",\"description\":\"Super News Magyarorsz\u00e1g\",\"potentialAction\":[{\"@type\":\"SearchAction\",\"target\":{\"@type\":\"EntryPoint\",\"urlTemplate\":\"https:\\\/\\\/super-news.info\\\/hu\\\/?s={search_term_string}\"},\"query-input\":{\"@type\":\"PropertyValueSpecification\",\"valueRequired\":true,\"valueName\":\"search_term_string\"}}],\"inLanguage\":\"hu\"},{\"@type\":\"Person\",\"@id\":\"https:\\\/\\\/super-news.info\\\/hu\\\/#\\\/schema\\\/person\\\/2d4068cb2f39cd10008c2fce578a7356\",\"name\":\"super-news\",\"image\":{\"@type\":\"ImageObject\",\"inLanguage\":\"hu\",\"@id\":\"https:\\\/\\\/secure.gravatar.com\\\/avatar\\\/64ebac40b93f26a154f8a9b5b6fdccfc46f442b26b3dd6756dbff3bf9dc76fd7?s=96&d=mm&r=g\",\"url\":\"https:\\\/\\\/secure.gravatar.com\\\/avatar\\\/64ebac40b93f26a154f8a9b5b6fdccfc46f442b26b3dd6756dbff3bf9dc76fd7?s=96&d=mm&r=g\",\"contentUrl\":\"https:\\\/\\\/secure.gravatar.com\\\/avatar\\\/64ebac40b93f26a154f8a9b5b6fdccfc46f442b26b3dd6756dbff3bf9dc76fd7?s=96&d=mm&r=g\",\"caption\":\"super-news\"},\"url\":\"https:\\\/\\\/super-news.info\\\/hu\\\/author\\\/pt\\\/\"}]}<\/script>\n<!-- \/ Yoast SEO plugin. -->","yoast_head_json":{"title":"Letette hivatali esk\u00fcj\u00e9t az \u00faj g\u00f6r\u00f6g korm\u00e1nyf\u0151 - Super News","robots":{"index":"index","follow":"follow","max-snippet":"max-snippet:-1","max-image-preview":"max-image-preview:large","max-video-preview":"max-video-preview:-1"},"canonical":"https:\/\/super-news.info\/hu\/letette-hivatali-eskujet-az-uj-gorog-kormanyfo\/","og_locale":"hu_HU","og_type":"article","og_title":"Letette hivatali esk\u00fcj\u00e9t az \u00faj g\u00f6r\u00f6g korm\u00e1nyf\u0151 - Super News","og_description":"[ad_1] Letette a hivatali esk\u00fct h\u00e9tf\u0151n Kiri\u00e1kosz Micot\u00e1kisz \u00faj korm\u00e1nyf\u0151 G\u00f6r\u00f6gorsz\u00e1gban, miut\u00e1n el\u0151z\u0151 nap p\u00e1rtja, a jobboldali \u00daj Demokr\u00e1cia (ND) gy\u0151z\u00f6tt a parlamenti v\u00e1laszt\u00e1sokon. Az ND a voksok 39,83 sz\u00e1zal\u00e9k\u00e1t szerezte meg, m\u00edg Alekszisz Ciprasz minisztereln\u00f6k eddig korm\u00e1nyz\u00f3 Radik\u00e1lis Baloldal Koal\u00edci\u00f3ja (Sziriza) a szavazatok 31,55 sz\u00e1zal\u00e9k\u00e1val a m\u00e1sodik helyre szorult. Az ND \u00edgy 158 k\u00e9pvisel\u0151i [&hellip;]","og_url":"https:\/\/super-news.info\/hu\/letette-hivatali-eskujet-az-uj-gorog-kormanyfo\/","og_site_name":"Super News","article_published_time":"2019-07-08T14:38:12+00:00","article_modified_time":"2019-07-08T14:38:13+00:00","og_image":[{"width":1400,"height":933,"url":"https:\/\/super-news.info\/hu\/wp-content\/uploads\/sites\/3\/2019\/07\/Letette-hivatali-esk\u00fcj\u00e9t-az-\u00faj-g\u00f6r\u00f6g-korm\u00e1nyf\u0151.jpg","type":"image\/jpeg"}],"author":"super-news","twitter_card":"summary_large_image","twitter_misc":{"Szerz\u0151:":"super-news","Becs\u00fclt olvas\u00e1si id\u0151":"3 perc"},"schema":{"@context":"https:\/\/schema.org","@graph":[{"@type":"Article","@id":"https:\/\/super-news.info\/hu\/letette-hivatali-eskujet-az-uj-gorog-kormanyfo\/#article","isPartOf":{"@id":"https:\/\/super-news.info\/hu\/letette-hivatali-eskujet-az-uj-gorog-kormanyfo\/"},"author":{"name":"super-news","@id":"https:\/\/super-news.info\/hu\/#\/schema\/person\/2d4068cb2f39cd10008c2fce578a7356"},"headline":"Letette hivatali esk\u00fcj\u00e9t az \u00faj g\u00f6r\u00f6g korm\u00e1nyf\u0151","datePublished":"2019-07-08T14:38:12+00:00","dateModified":"2019-07-08T14:38:13+00:00","mainEntityOfPage":{"@id":"https:\/\/super-news.info\/hu\/letette-hivatali-eskujet-az-uj-gorog-kormanyfo\/"},"wordCount":565,"commentCount":0,"image":{"@id":"https:\/\/super-news.info\/hu\/letette-hivatali-eskujet-az-uj-gorog-kormanyfo\/#primaryimage"},"thumbnailUrl":"https:\/\/super-news.info\/hu\/wp-content\/uploads\/sites\/3\/2019\/07\/Letette-hivatali-esk\u00fcj\u00e9t-az-\u00faj-g\u00f6r\u00f6g-korm\u00e1nyf\u0151.jpg","articleSection":["P\u00c9NZ\u00dcGYI H\u00cdREK"],"inLanguage":"hu","potentialAction":[{"@type":"CommentAction","name":"Comment","target":["https:\/\/super-news.info\/hu\/letette-hivatali-eskujet-az-uj-gorog-kormanyfo\/#respond"]}]},{"@type":"WebPage","@id":"https:\/\/super-news.info\/hu\/letette-hivatali-eskujet-az-uj-gorog-kormanyfo\/","url":"https:\/\/super-news.info\/hu\/letette-hivatali-eskujet-az-uj-gorog-kormanyfo\/","name":"Letette hivatali esk\u00fcj\u00e9t az \u00faj g\u00f6r\u00f6g korm\u00e1nyf\u0151 - Super News","isPartOf":{"@id":"https:\/\/super-news.info\/hu\/#website"},"primaryImageOfPage":{"@id":"https:\/\/super-news.info\/hu\/letette-hivatali-eskujet-az-uj-gorog-kormanyfo\/#primaryimage"},"image":{"@id":"https:\/\/super-news.info\/hu\/letette-hivatali-eskujet-az-uj-gorog-kormanyfo\/#primaryimage"},"thumbnailUrl":"https:\/\/super-news.info\/hu\/wp-content\/uploads\/sites\/3\/2019\/07\/Letette-hivatali-esk\u00fcj\u00e9t-az-\u00faj-g\u00f6r\u00f6g-korm\u00e1nyf\u0151.jpg","datePublished":"2019-07-08T14:38:12+00:00","dateModified":"2019-07-08T14:38:13+00:00","author":{"@id":"https:\/\/super-news.info\/hu\/#\/schema\/person\/2d4068cb2f39cd10008c2fce578a7356"},"breadcrumb":{"@id":"https:\/\/super-news.info\/hu\/letette-hivatali-eskujet-az-uj-gorog-kormanyfo\/#breadcrumb"},"inLanguage":"hu","potentialAction":[{"@type":"ReadAction","target":["https:\/\/super-news.info\/hu\/letette-hivatali-eskujet-az-uj-gorog-kormanyfo\/"]}]},{"@type":"ImageObject","inLanguage":"hu","@id":"https:\/\/super-news.info\/hu\/letette-hivatali-eskujet-az-uj-gorog-kormanyfo\/#primaryimage","url":"https:\/\/super-news.info\/hu\/wp-content\/uploads\/sites\/3\/2019\/07\/Letette-hivatali-esk\u00fcj\u00e9t-az-\u00faj-g\u00f6r\u00f6g-korm\u00e1nyf\u0151.jpg","contentUrl":"https:\/\/super-news.info\/hu\/wp-content\/uploads\/sites\/3\/2019\/07\/Letette-hivatali-esk\u00fcj\u00e9t-az-\u00faj-g\u00f6r\u00f6g-korm\u00e1nyf\u0151.jpg","width":1400,"height":933,"caption":"Letette hivatali esk\u00fcj\u00e9t az \u00faj g\u00f6r\u00f6g korm\u00e1nyf\u0151"},{"@type":"BreadcrumbList","@id":"https:\/\/super-news.info\/hu\/letette-hivatali-eskujet-az-uj-gorog-kormanyfo\/#breadcrumb","itemListElement":[{"@type":"ListItem","position":1,"name":"\u0413\u043b\u0430\u0432\u043d\u0430\u044f \u0441\u0442\u0440\u0430\u043d\u0438\u0446\u0430","item":"https:\/\/super-news.info\/hu\/"},{"@type":"ListItem","position":2,"name":"Letette hivatali esk\u00fcj\u00e9t az \u00faj g\u00f6r\u00f6g korm\u00e1nyf\u0151"}]},{"@type":"WebSite","@id":"https:\/\/super-news.info\/hu\/#website","url":"https:\/\/super-news.info\/hu\/","name":"Super News","description":"Super News Magyarorsz\u00e1g","potentialAction":[{"@type":"SearchAction","target":{"@type":"EntryPoint","urlTemplate":"https:\/\/super-news.info\/hu\/?s={search_term_string}"},"query-input":{"@type":"PropertyValueSpecification","valueRequired":true,"valueName":"search_term_string"}}],"inLanguage":"hu"},{"@type":"Person","@id":"https:\/\/super-news.info\/hu\/#\/schema\/person\/2d4068cb2f39cd10008c2fce578a7356","name":"super-news","image":{"@type":"ImageObject","inLanguage":"hu","@id":"https:\/\/secure.gravatar.com\/avatar\/64ebac40b93f26a154f8a9b5b6fdccfc46f442b26b3dd6756dbff3bf9dc76fd7?s=96&d=mm&r=g","url":"https:\/\/secure.gravatar.com\/avatar\/64ebac40b93f26a154f8a9b5b6fdccfc46f442b26b3dd6756dbff3bf9dc76fd7?s=96&d=mm&r=g","contentUrl":"https:\/\/secure.gravatar.com\/avatar\/64ebac40b93f26a154f8a9b5b6fdccfc46f442b26b3dd6756dbff3bf9dc76fd7?s=96&d=mm&r=g","caption":"super-news"},"url":"https:\/\/super-news.info\/hu\/author\/pt\/"}]}},"_links":{"self":[{"href":"https:\/\/super-news.info\/hu\/wp-json\/wp\/v2\/posts\/5604","targetHints":{"allow":["GET"]}}],"collection":[{"href":"https:\/\/super-news.info\/hu\/wp-json\/wp\/v2\/posts"}],"about":[{"href":"https:\/\/super-news.info\/hu\/wp-json\/wp\/v2\/types\/post"}],"author":[{"embeddable":true,"href":"https:\/\/super-news.info\/hu\/wp-json\/wp\/v2\/users\/2"}],"replies":[{"embeddable":true,"href":"https:\/\/super-news.info\/hu\/wp-json\/wp\/v2\/comments?post=5604"}],"version-history":[{"count":1,"href":"https:\/\/super-news.info\/hu\/wp-json\/wp\/v2\/posts\/5604\/revisions"}],"predecessor-version":[{"id":5606,"href":"https:\/\/super-news.info\/hu\/wp-json\/wp\/v2\/posts\/5604\/revisions\/5606"}],"wp:featuredmedia":[{"embeddable":true,"href":"https:\/\/super-news.info\/hu\/wp-json\/wp\/v2\/media\/5605"}],"wp:attachment":[{"href":"https:\/\/super-news.info\/hu\/wp-json\/wp\/v2\/media?parent=5604"}],"wp:term":[{"taxonomy":"category","embeddable":true,"href":"https:\/\/super-news.info\/hu\/wp-json\/wp\/v2\/categories?post=5604"},{"taxonomy":"post_tag","embeddable":true,"href":"https:\/\/super-news.info\/hu\/wp-json\/wp\/v2\/tags?post=5604"}],"curies":[{"name":"wp","href":"https:\/\/api.w.org\/{rel}","templated":true}]}}