{"id":5601,"date":"2019-07-08T16:46:29","date_gmt":"2019-07-08T13:46:29","guid":{"rendered":"https:\/\/super-news.info\/hu\/elfogadta-a-parlament-a-koltsegvetes-osszegzo-modosito-javaslatat\/"},"modified":"2019-07-08T16:46:30","modified_gmt":"2019-07-08T13:46:30","slug":"elfogadta-a-parlament-a-koltsegvetes-osszegzo-modosito-javaslatat","status":"publish","type":"post","link":"https:\/\/super-news.info\/hu\/elfogadta-a-parlament-a-koltsegvetes-osszegzo-modosito-javaslatat\/","title":{"rendered":"Elfogadta a parlament a k\u00f6lts\u00e9gvet\u00e9s \u00f6sszegz\u0151 m\u00f3dos\u00edt\u00f3 javaslat\u00e1t"},"content":{"rendered":"<p> [ad_1]<br \/>\n<\/p>\n<p>\n\t\t\t\t\t\t\t\tMagyarorsz\u00e1g 2020. \u00e9vi k\u00f6lts\u00e9gvet\u00e9se az \u00e1llamh\u00e1ztart\u00e1s k\u00f6zponti alrendszer\u00e9nek hi\u00e1ny\u00e1t 367,01 milli\u00e1rd forintban \u00e1llap\u00edtja meg, kiad\u00e1si f\u0151\u00f6sszeg\u00e9t 21 792,993 milli\u00e1rd forintban, bev\u00e9teli f\u0151\u00f6sszeg\u00e9t 21 425,983 milli\u00e1rd forintban r\u00f6gz\u00edti a b\u00fcdzs\u00e9hez beny\u00fajtott \u00f6sszegz\u0151 m\u00f3dos\u00edt\u00f3 javaslat alapj\u00e1n, amelyet h\u00e9tf\u0151n fogadott el az Orsz\u00e1ggy\u0171l\u00e9s.\t\t\t\t\t\t\t<\/p>\n<div>\n<p>A k\u00f6lts\u00e9gvet\u00e9si bizotts\u00e1g ind\u00edtv\u00e1ny\u00e1t 117 igen \u00e9s 52 nem szavazattal hagyt\u00e1k j\u00f3v\u00e1 a k\u00e9pvisel\u0151k. Az elfogadott m\u00f3dos\u00edt\u00e1sok tov\u00e1bb n\u00f6velik az oktat\u00e1si, a kultur\u00e1lis, a szabadid\u0151s, a turisztikai, az egyh\u00e1zi fejleszt\u00e9si c\u00e9lokra sz\u00e1nt forr\u00e1sokat, valamint a hazai nemzetis\u00e9gek j\u00f6v\u0151 \u00e9vi t\u00e1mogat\u00e1sait a korm\u00e1ny k\u00f6lts\u00e9gvet\u00e9si javaslat\u00e1n bel\u00fcli \u00e1tcsoportos\u00edt\u00e1sok eredm\u00e9nyek\u00e9nt.<\/p>\n<p>Sz\u00e1zmilli\u00f3 forint t\u00f6bbletforr\u00e1st biztos\u00edtottak a k\u00e9pvisel\u0151k az eg\u00e9szs\u00e9g\u00fcgyi szolg\u00e1ltat\u00f3k hat\u00f3s\u00e1gi szakfel\u00fcgyelete \u00e9s az eg\u00e9szs\u00e9g\u00fcgyi ell\u00e1t\u00e1s eredm\u00e9nyess\u00e9g\u00e9t \u00e9rt\u00e9kel\u0151 min\u0151s\u00e9g\u00fcgyi szakf\u0151orvosi fel\u00fcgyelet operat\u00edv feladatainak Nemzeti N\u00e9peg\u00e9szs\u00e9g\u00fcgyi K\u00f6zponton bel\u00fcli m\u0171k\u00f6dtet\u00e9s\u00e9re.<\/p>\n<p>A K\u00e1roli G\u00e1sp\u00e1r Reform\u00e1tus Egyetem R\u00e1day Fels\u0151oktat\u00e1si Di\u00e1kotthona \u00fajj\u00e1\u00e9p\u00edt\u00e9s\u00e9re, valamint a t\u0171zk\u00e1rt szenvedett di\u00e1kotthonnal egy \u00e9p\u00fcletegy\u00fcttest k\u00e9pez\u0151 Dunamell\u00e9ki Reform\u00e1tus Egyh\u00e1zker\u00fclet sz\u00e9kh\u00e1z\u00e1nak fel\u00faj\u00edt\u00e1s\u00e1ra egy\u00fcttesen 3261,4 milli\u00f3 forint plusz jut.<\/p>\n<div id=\"attachment_1585373\" style=\"width: 1410px\" class=\"wp-caption aligncenter\">\n<p class=\"wp-caption-text\">Varga Mih\u00e1ly p\u00e9nz\u00fcgyminiszter \u00e1tny\u00fajtja a 2020. \u00e9vi k\u00f6lts\u00e9gvet\u00e9si t\u00f6rv\u00e9nyjavaslatot K\u00f6v\u00e9r L\u00e1szl\u00f3nak, az Orsz\u00e1ggy\u0171l\u00e9s eln\u00f6k\u00e9nek<br \/>Fot\u00f3: MTI\/Kov\u00e1cs Tam\u00e1s<\/p>\n<\/div>\n<p>A R\u00e9vf\u00fcl\u00f6pi \u00c1ltal\u00e1nos Iskola szigetel\u00e9s\u00e9nek megval\u00f3s\u00edt\u00e1s\u00e1ra 32 milli\u00f3 forint, a Kaposv\u00e1ri Liszt Ferenc Zeneiskola \u2013 Alapfok\u00fa M\u0171v\u00e9szeti Iskola \u00e1ltal\u00e1nos fel\u00faj\u00edt\u00e1s\u00e1ra 100 milli\u00f3 forint, a Magyar M\u0171v\u00e9szeti Akad\u00e9mia m\u0171eml\u00e9kv\u00e9delmi beruh\u00e1z\u00e1saira 800 milli\u00f3 forint t\u00f6bbletp\u00e9nzr\u0151l d\u00f6nt\u00f6tt a t\u00f6rv\u00e9nyhoz\u00e1s.<\/p>\n<p>T\u00f6bb vid\u00e9ki v\u00e1ros \u00e9s k\u00f6zs\u00e9g (p\u00e9ld\u00e1ul Dabas, K\u0151szeg, Tata, J\u00e1szap\u00e1ti, Tiszajen\u0151, Isp\u00e1nk, Magyarszombatfa, Szalaf\u0151, Nagybarca, T\u00e1pi\u00f3szentm\u00e1rton \u00e9s T\u00e1pi\u00f3szele), valamint a f\u0151v\u00e1ros egyes k\u00f6z\u00f6ss\u00e9g\u00e9p\u00edt\u0151 beruh\u00e1z\u00e1saira mintegy 3 milli\u00e1rd forinttal t\u00f6bb jut a j\u00f6v\u0151 \u00e9vi k\u00f6lts\u00e9gvet\u00e9sb\u0151l.<\/p>\n<p>A fogyat\u00e9koss\u00e1ggal \u00e9l\u0151 szem\u00e9lyek orsz\u00e1gos \u00e9rdekv\u00e9delmi szervezeteire 94,4 milli\u00f3 forinttal, a 2020. \u00e9vi paralimpiai felk\u00e9sz\u00fcl\u00e9sre, a Paralimpi\u00e1n val\u00f3 r\u00e9szv\u00e9telre 447 milli\u00f3 forinttal t\u00f6bbet tartalmazhat az eredetileg tervezettn\u00e9l a b\u00fcdzs\u00e9.<\/p>\n<p>Az \u00c1llambiztons\u00e1gi Szolg\u00e1latok T\u00f6rt\u00e9neti Lev\u00e9lt\u00e1ra int\u00e9zm\u00e9nyfejleszt\u00e9si strat\u00e9gi\u00e1j\u00e1nak els\u0151 \u00fcteme 100 milli\u00f3 forint plusz forr\u00e1st kapott.<\/p>\n<p>A k\u00f6lts\u00e9gvet\u00e9si javaslathoz 786 \u00e9rv\u00e9nyes ellenz\u00e9ki m\u00f3dos\u00edt\u00f3 ind\u00edtv\u00e1ny \u00e9rkezett, a szakbizotts\u00e1g, illetve a parlament ezek egyik\u00e9t sem t\u00e1mogatta.<\/p>\n<\/p><\/div>\n<p><script>\n    window.fbAsyncInit = function() {\n        FB.init({\n            appId      : \"204760236815359\",\n            xfbml      : true,\n            version    : \"v2.12\"\n        });\n        FB.AppEvents.logPageView();\n    };<\/p>\n<p>    (function(d, s, id){\n        var js, fjs = d.getElementsByTagName(s)[0];\n        if (d.getElementById(id)) {return;}\n        js = d.createElement(s); js.id = id;\n        js.src = \"http:\/\/connect.facebook.net\/hu_HU\/sdk.js\";\n        fjs.parentNode.insertBefore(js, fjs);\n    }(document, \"script\", \"facebook-jssdk\"));\n<\/script><br \/>\n<br \/>[ad_2]<br \/>\n<br \/><a href=\"https:\/\/www.vg.hu\/gazdasag\/gazdasagpolitika\/elfogadta-a-parlament-a-koltsegvetes-osszegzo-modosito-javaslatat-1616906\/\">Source link <\/a><\/p>\n","protected":false},"excerpt":{"rendered":"<p>[ad_1] Magyarorsz\u00e1g 2020. \u00e9vi k\u00f6lts\u00e9gvet\u00e9se az \u00e1llamh\u00e1ztart\u00e1s k\u00f6zponti alrendszer\u00e9nek hi\u00e1ny\u00e1t 367,01 milli\u00e1rd forintban \u00e1llap\u00edtja meg, kiad\u00e1si f\u0151\u00f6sszeg\u00e9t 21 792,993 milli\u00e1rd forintban, bev\u00e9teli f\u0151\u00f6sszeg\u00e9t 21 425,983 milli\u00e1rd forintban r\u00f6gz\u00edti a b\u00fcdzs\u00e9hez beny\u00fajtott \u00f6sszegz\u0151 m\u00f3dos\u00edt\u00f3 javaslat alapj\u00e1n, amelyet h\u00e9tf\u0151n fogadott el az Orsz\u00e1ggy\u0171l\u00e9s. A k\u00f6lts\u00e9gvet\u00e9si bizotts\u00e1g ind\u00edtv\u00e1ny\u00e1t 117 igen \u00e9s 52 nem szavazattal hagyt\u00e1k j\u00f3v\u00e1 a k\u00e9pvisel\u0151k. [&hellip;]<\/p>\n","protected":false},"author":2,"featured_media":5602,"comment_status":"open","ping_status":"open","sticky":false,"template":"","format":"standard","meta":{"footnotes":""},"categories":[1],"tags":[],"class_list":["post-5601","post","type-post","status-publish","format-standard","has-post-thumbnail","hentry","category-penzugyi-hirek"],"yoast_head":"<!-- This site is optimized with the Yoast SEO plugin v27.4 - https:\/\/yoast.com\/product\/yoast-seo-wordpress\/ -->\n<title>Elfogadta a parlament a k\u00f6lts\u00e9gvet\u00e9s \u00f6sszegz\u0151 m\u00f3dos\u00edt\u00f3 javaslat\u00e1t - Super News<\/title>\n<meta name=\"robots\" content=\"index, follow, max-snippet:-1, max-image-preview:large, max-video-preview:-1\" \/>\n<link rel=\"canonical\" href=\"https:\/\/super-news.info\/hu\/elfogadta-a-parlament-a-koltsegvetes-osszegzo-modosito-javaslatat\/\" \/>\n<meta property=\"og:locale\" content=\"hu_HU\" \/>\n<meta property=\"og:type\" content=\"article\" \/>\n<meta property=\"og:title\" content=\"Elfogadta a parlament a k\u00f6lts\u00e9gvet\u00e9s \u00f6sszegz\u0151 m\u00f3dos\u00edt\u00f3 javaslat\u00e1t - Super News\" \/>\n<meta property=\"og:description\" content=\"[ad_1] Magyarorsz\u00e1g 2020. \u00e9vi k\u00f6lts\u00e9gvet\u00e9se az \u00e1llamh\u00e1ztart\u00e1s k\u00f6zponti alrendszer\u00e9nek hi\u00e1ny\u00e1t 367,01 milli\u00e1rd forintban \u00e1llap\u00edtja meg, kiad\u00e1si f\u0151\u00f6sszeg\u00e9t 21 792,993 milli\u00e1rd forintban, bev\u00e9teli f\u0151\u00f6sszeg\u00e9t 21 425,983 milli\u00e1rd forintban r\u00f6gz\u00edti a b\u00fcdzs\u00e9hez beny\u00fajtott \u00f6sszegz\u0151 m\u00f3dos\u00edt\u00f3 javaslat alapj\u00e1n, amelyet h\u00e9tf\u0151n fogadott el az Orsz\u00e1ggy\u0171l\u00e9s. A k\u00f6lts\u00e9gvet\u00e9si bizotts\u00e1g ind\u00edtv\u00e1ny\u00e1t 117 igen \u00e9s 52 nem szavazattal hagyt\u00e1k j\u00f3v\u00e1 a k\u00e9pvisel\u0151k. [&hellip;]\" \/>\n<meta property=\"og:url\" content=\"https:\/\/super-news.info\/hu\/elfogadta-a-parlament-a-koltsegvetes-osszegzo-modosito-javaslatat\/\" \/>\n<meta property=\"og:site_name\" content=\"Super News\" \/>\n<meta property=\"article:published_time\" content=\"2019-07-08T13:46:29+00:00\" \/>\n<meta property=\"article:modified_time\" content=\"2019-07-08T13:46:30+00:00\" \/>\n<meta property=\"og:image\" content=\"https:\/\/super-news.info\/hu\/wp-content\/uploads\/sites\/3\/2019\/07\/Elfogadta-a-parlament-a-k\u00f6lts\u00e9gvet\u00e9s-\u00f6sszegz\u0151-m\u00f3dos\u00edt\u00f3-javaslat\u00e1t.jpeg\" \/>\n\t<meta property=\"og:image:width\" content=\"1400\" \/>\n\t<meta property=\"og:image:height\" content=\"933\" \/>\n\t<meta property=\"og:image:type\" content=\"image\/jpeg\" \/>\n<meta name=\"author\" content=\"super-news\" \/>\n<meta name=\"twitter:card\" content=\"summary_large_image\" \/>\n<meta name=\"twitter:label1\" content=\"Szerz\u0151:\" \/>\n\t<meta name=\"twitter:data1\" content=\"super-news\" \/>\n\t<meta name=\"twitter:label2\" content=\"Becs\u00fclt olvas\u00e1si id\u0151\" \/>\n\t<meta name=\"twitter:data2\" content=\"3 perc\" \/>\n<script type=\"application\/ld+json\" class=\"yoast-schema-graph\">{\"@context\":\"https:\\\/\\\/schema.org\",\"@graph\":[{\"@type\":\"Article\",\"@id\":\"https:\\\/\\\/super-news.info\\\/hu\\\/elfogadta-a-parlament-a-koltsegvetes-osszegzo-modosito-javaslatat\\\/#article\",\"isPartOf\":{\"@id\":\"https:\\\/\\\/super-news.info\\\/hu\\\/elfogadta-a-parlament-a-koltsegvetes-osszegzo-modosito-javaslatat\\\/\"},\"author\":{\"name\":\"super-news\",\"@id\":\"https:\\\/\\\/super-news.info\\\/hu\\\/#\\\/schema\\\/person\\\/2d4068cb2f39cd10008c2fce578a7356\"},\"headline\":\"Elfogadta a parlament a k\u00f6lts\u00e9gvet\u00e9s \u00f6sszegz\u0151 m\u00f3dos\u00edt\u00f3 javaslat\u00e1t\",\"datePublished\":\"2019-07-08T13:46:29+00:00\",\"dateModified\":\"2019-07-08T13:46:30+00:00\",\"mainEntityOfPage\":{\"@id\":\"https:\\\/\\\/super-news.info\\\/hu\\\/elfogadta-a-parlament-a-koltsegvetes-osszegzo-modosito-javaslatat\\\/\"},\"wordCount\":554,\"commentCount\":0,\"image\":{\"@id\":\"https:\\\/\\\/super-news.info\\\/hu\\\/elfogadta-a-parlament-a-koltsegvetes-osszegzo-modosito-javaslatat\\\/#primaryimage\"},\"thumbnailUrl\":\"https:\\\/\\\/super-news.info\\\/hu\\\/wp-content\\\/uploads\\\/sites\\\/3\\\/2019\\\/07\\\/Elfogadta-a-parlament-a-k\u00f6lts\u00e9gvet\u00e9s-\u00f6sszegz\u0151-m\u00f3dos\u00edt\u00f3-javaslat\u00e1t.jpeg\",\"articleSection\":[\"P\u00c9NZ\u00dcGYI H\u00cdREK\"],\"inLanguage\":\"hu\",\"potentialAction\":[{\"@type\":\"CommentAction\",\"name\":\"Comment\",\"target\":[\"https:\\\/\\\/super-news.info\\\/hu\\\/elfogadta-a-parlament-a-koltsegvetes-osszegzo-modosito-javaslatat\\\/#respond\"]}]},{\"@type\":\"WebPage\",\"@id\":\"https:\\\/\\\/super-news.info\\\/hu\\\/elfogadta-a-parlament-a-koltsegvetes-osszegzo-modosito-javaslatat\\\/\",\"url\":\"https:\\\/\\\/super-news.info\\\/hu\\\/elfogadta-a-parlament-a-koltsegvetes-osszegzo-modosito-javaslatat\\\/\",\"name\":\"Elfogadta a parlament a k\u00f6lts\u00e9gvet\u00e9s \u00f6sszegz\u0151 m\u00f3dos\u00edt\u00f3 javaslat\u00e1t - Super News\",\"isPartOf\":{\"@id\":\"https:\\\/\\\/super-news.info\\\/hu\\\/#website\"},\"primaryImageOfPage\":{\"@id\":\"https:\\\/\\\/super-news.info\\\/hu\\\/elfogadta-a-parlament-a-koltsegvetes-osszegzo-modosito-javaslatat\\\/#primaryimage\"},\"image\":{\"@id\":\"https:\\\/\\\/super-news.info\\\/hu\\\/elfogadta-a-parlament-a-koltsegvetes-osszegzo-modosito-javaslatat\\\/#primaryimage\"},\"thumbnailUrl\":\"https:\\\/\\\/super-news.info\\\/hu\\\/wp-content\\\/uploads\\\/sites\\\/3\\\/2019\\\/07\\\/Elfogadta-a-parlament-a-k\u00f6lts\u00e9gvet\u00e9s-\u00f6sszegz\u0151-m\u00f3dos\u00edt\u00f3-javaslat\u00e1t.jpeg\",\"datePublished\":\"2019-07-08T13:46:29+00:00\",\"dateModified\":\"2019-07-08T13:46:30+00:00\",\"author\":{\"@id\":\"https:\\\/\\\/super-news.info\\\/hu\\\/#\\\/schema\\\/person\\\/2d4068cb2f39cd10008c2fce578a7356\"},\"breadcrumb\":{\"@id\":\"https:\\\/\\\/super-news.info\\\/hu\\\/elfogadta-a-parlament-a-koltsegvetes-osszegzo-modosito-javaslatat\\\/#breadcrumb\"},\"inLanguage\":\"hu\",\"potentialAction\":[{\"@type\":\"ReadAction\",\"target\":[\"https:\\\/\\\/super-news.info\\\/hu\\\/elfogadta-a-parlament-a-koltsegvetes-osszegzo-modosito-javaslatat\\\/\"]}]},{\"@type\":\"ImageObject\",\"inLanguage\":\"hu\",\"@id\":\"https:\\\/\\\/super-news.info\\\/hu\\\/elfogadta-a-parlament-a-koltsegvetes-osszegzo-modosito-javaslatat\\\/#primaryimage\",\"url\":\"https:\\\/\\\/super-news.info\\\/hu\\\/wp-content\\\/uploads\\\/sites\\\/3\\\/2019\\\/07\\\/Elfogadta-a-parlament-a-k\u00f6lts\u00e9gvet\u00e9s-\u00f6sszegz\u0151-m\u00f3dos\u00edt\u00f3-javaslat\u00e1t.jpeg\",\"contentUrl\":\"https:\\\/\\\/super-news.info\\\/hu\\\/wp-content\\\/uploads\\\/sites\\\/3\\\/2019\\\/07\\\/Elfogadta-a-parlament-a-k\u00f6lts\u00e9gvet\u00e9s-\u00f6sszegz\u0151-m\u00f3dos\u00edt\u00f3-javaslat\u00e1t.jpeg\",\"width\":1400,\"height\":933,\"caption\":\"Elfogadta a parlament a k\u00f6lts\u00e9gvet\u00e9s \u00f6sszegz\u0151 m\u00f3dos\u00edt\u00f3 javaslat\u00e1t\"},{\"@type\":\"BreadcrumbList\",\"@id\":\"https:\\\/\\\/super-news.info\\\/hu\\\/elfogadta-a-parlament-a-koltsegvetes-osszegzo-modosito-javaslatat\\\/#breadcrumb\",\"itemListElement\":[{\"@type\":\"ListItem\",\"position\":1,\"name\":\"\u0413\u043b\u0430\u0432\u043d\u0430\u044f \u0441\u0442\u0440\u0430\u043d\u0438\u0446\u0430\",\"item\":\"https:\\\/\\\/super-news.info\\\/hu\\\/\"},{\"@type\":\"ListItem\",\"position\":2,\"name\":\"Elfogadta a parlament a k\u00f6lts\u00e9gvet\u00e9s \u00f6sszegz\u0151 m\u00f3dos\u00edt\u00f3 javaslat\u00e1t\"}]},{\"@type\":\"WebSite\",\"@id\":\"https:\\\/\\\/super-news.info\\\/hu\\\/#website\",\"url\":\"https:\\\/\\\/super-news.info\\\/hu\\\/\",\"name\":\"Super News\",\"description\":\"Super News Magyarorsz\u00e1g\",\"potentialAction\":[{\"@type\":\"SearchAction\",\"target\":{\"@type\":\"EntryPoint\",\"urlTemplate\":\"https:\\\/\\\/super-news.info\\\/hu\\\/?s={search_term_string}\"},\"query-input\":{\"@type\":\"PropertyValueSpecification\",\"valueRequired\":true,\"valueName\":\"search_term_string\"}}],\"inLanguage\":\"hu\"},{\"@type\":\"Person\",\"@id\":\"https:\\\/\\\/super-news.info\\\/hu\\\/#\\\/schema\\\/person\\\/2d4068cb2f39cd10008c2fce578a7356\",\"name\":\"super-news\",\"image\":{\"@type\":\"ImageObject\",\"inLanguage\":\"hu\",\"@id\":\"https:\\\/\\\/secure.gravatar.com\\\/avatar\\\/64ebac40b93f26a154f8a9b5b6fdccfc46f442b26b3dd6756dbff3bf9dc76fd7?s=96&d=mm&r=g\",\"url\":\"https:\\\/\\\/secure.gravatar.com\\\/avatar\\\/64ebac40b93f26a154f8a9b5b6fdccfc46f442b26b3dd6756dbff3bf9dc76fd7?s=96&d=mm&r=g\",\"contentUrl\":\"https:\\\/\\\/secure.gravatar.com\\\/avatar\\\/64ebac40b93f26a154f8a9b5b6fdccfc46f442b26b3dd6756dbff3bf9dc76fd7?s=96&d=mm&r=g\",\"caption\":\"super-news\"},\"url\":\"https:\\\/\\\/super-news.info\\\/hu\\\/author\\\/pt\\\/\"}]}<\/script>\n<!-- \/ Yoast SEO plugin. -->","yoast_head_json":{"title":"Elfogadta a parlament a k\u00f6lts\u00e9gvet\u00e9s \u00f6sszegz\u0151 m\u00f3dos\u00edt\u00f3 javaslat\u00e1t - Super News","robots":{"index":"index","follow":"follow","max-snippet":"max-snippet:-1","max-image-preview":"max-image-preview:large","max-video-preview":"max-video-preview:-1"},"canonical":"https:\/\/super-news.info\/hu\/elfogadta-a-parlament-a-koltsegvetes-osszegzo-modosito-javaslatat\/","og_locale":"hu_HU","og_type":"article","og_title":"Elfogadta a parlament a k\u00f6lts\u00e9gvet\u00e9s \u00f6sszegz\u0151 m\u00f3dos\u00edt\u00f3 javaslat\u00e1t - Super News","og_description":"[ad_1] Magyarorsz\u00e1g 2020. \u00e9vi k\u00f6lts\u00e9gvet\u00e9se az \u00e1llamh\u00e1ztart\u00e1s k\u00f6zponti alrendszer\u00e9nek hi\u00e1ny\u00e1t 367,01 milli\u00e1rd forintban \u00e1llap\u00edtja meg, kiad\u00e1si f\u0151\u00f6sszeg\u00e9t 21 792,993 milli\u00e1rd forintban, bev\u00e9teli f\u0151\u00f6sszeg\u00e9t 21 425,983 milli\u00e1rd forintban r\u00f6gz\u00edti a b\u00fcdzs\u00e9hez beny\u00fajtott \u00f6sszegz\u0151 m\u00f3dos\u00edt\u00f3 javaslat alapj\u00e1n, amelyet h\u00e9tf\u0151n fogadott el az Orsz\u00e1ggy\u0171l\u00e9s. A k\u00f6lts\u00e9gvet\u00e9si bizotts\u00e1g ind\u00edtv\u00e1ny\u00e1t 117 igen \u00e9s 52 nem szavazattal hagyt\u00e1k j\u00f3v\u00e1 a k\u00e9pvisel\u0151k. [&hellip;]","og_url":"https:\/\/super-news.info\/hu\/elfogadta-a-parlament-a-koltsegvetes-osszegzo-modosito-javaslatat\/","og_site_name":"Super News","article_published_time":"2019-07-08T13:46:29+00:00","article_modified_time":"2019-07-08T13:46:30+00:00","og_image":[{"width":1400,"height":933,"url":"https:\/\/super-news.info\/hu\/wp-content\/uploads\/sites\/3\/2019\/07\/Elfogadta-a-parlament-a-k\u00f6lts\u00e9gvet\u00e9s-\u00f6sszegz\u0151-m\u00f3dos\u00edt\u00f3-javaslat\u00e1t.jpeg","type":"image\/jpeg"}],"author":"super-news","twitter_card":"summary_large_image","twitter_misc":{"Szerz\u0151:":"super-news","Becs\u00fclt olvas\u00e1si id\u0151":"3 perc"},"schema":{"@context":"https:\/\/schema.org","@graph":[{"@type":"Article","@id":"https:\/\/super-news.info\/hu\/elfogadta-a-parlament-a-koltsegvetes-osszegzo-modosito-javaslatat\/#article","isPartOf":{"@id":"https:\/\/super-news.info\/hu\/elfogadta-a-parlament-a-koltsegvetes-osszegzo-modosito-javaslatat\/"},"author":{"name":"super-news","@id":"https:\/\/super-news.info\/hu\/#\/schema\/person\/2d4068cb2f39cd10008c2fce578a7356"},"headline":"Elfogadta a parlament a k\u00f6lts\u00e9gvet\u00e9s \u00f6sszegz\u0151 m\u00f3dos\u00edt\u00f3 javaslat\u00e1t","datePublished":"2019-07-08T13:46:29+00:00","dateModified":"2019-07-08T13:46:30+00:00","mainEntityOfPage":{"@id":"https:\/\/super-news.info\/hu\/elfogadta-a-parlament-a-koltsegvetes-osszegzo-modosito-javaslatat\/"},"wordCount":554,"commentCount":0,"image":{"@id":"https:\/\/super-news.info\/hu\/elfogadta-a-parlament-a-koltsegvetes-osszegzo-modosito-javaslatat\/#primaryimage"},"thumbnailUrl":"https:\/\/super-news.info\/hu\/wp-content\/uploads\/sites\/3\/2019\/07\/Elfogadta-a-parlament-a-k\u00f6lts\u00e9gvet\u00e9s-\u00f6sszegz\u0151-m\u00f3dos\u00edt\u00f3-javaslat\u00e1t.jpeg","articleSection":["P\u00c9NZ\u00dcGYI H\u00cdREK"],"inLanguage":"hu","potentialAction":[{"@type":"CommentAction","name":"Comment","target":["https:\/\/super-news.info\/hu\/elfogadta-a-parlament-a-koltsegvetes-osszegzo-modosito-javaslatat\/#respond"]}]},{"@type":"WebPage","@id":"https:\/\/super-news.info\/hu\/elfogadta-a-parlament-a-koltsegvetes-osszegzo-modosito-javaslatat\/","url":"https:\/\/super-news.info\/hu\/elfogadta-a-parlament-a-koltsegvetes-osszegzo-modosito-javaslatat\/","name":"Elfogadta a parlament a k\u00f6lts\u00e9gvet\u00e9s \u00f6sszegz\u0151 m\u00f3dos\u00edt\u00f3 javaslat\u00e1t - Super News","isPartOf":{"@id":"https:\/\/super-news.info\/hu\/#website"},"primaryImageOfPage":{"@id":"https:\/\/super-news.info\/hu\/elfogadta-a-parlament-a-koltsegvetes-osszegzo-modosito-javaslatat\/#primaryimage"},"image":{"@id":"https:\/\/super-news.info\/hu\/elfogadta-a-parlament-a-koltsegvetes-osszegzo-modosito-javaslatat\/#primaryimage"},"thumbnailUrl":"https:\/\/super-news.info\/hu\/wp-content\/uploads\/sites\/3\/2019\/07\/Elfogadta-a-parlament-a-k\u00f6lts\u00e9gvet\u00e9s-\u00f6sszegz\u0151-m\u00f3dos\u00edt\u00f3-javaslat\u00e1t.jpeg","datePublished":"2019-07-08T13:46:29+00:00","dateModified":"2019-07-08T13:46:30+00:00","author":{"@id":"https:\/\/super-news.info\/hu\/#\/schema\/person\/2d4068cb2f39cd10008c2fce578a7356"},"breadcrumb":{"@id":"https:\/\/super-news.info\/hu\/elfogadta-a-parlament-a-koltsegvetes-osszegzo-modosito-javaslatat\/#breadcrumb"},"inLanguage":"hu","potentialAction":[{"@type":"ReadAction","target":["https:\/\/super-news.info\/hu\/elfogadta-a-parlament-a-koltsegvetes-osszegzo-modosito-javaslatat\/"]}]},{"@type":"ImageObject","inLanguage":"hu","@id":"https:\/\/super-news.info\/hu\/elfogadta-a-parlament-a-koltsegvetes-osszegzo-modosito-javaslatat\/#primaryimage","url":"https:\/\/super-news.info\/hu\/wp-content\/uploads\/sites\/3\/2019\/07\/Elfogadta-a-parlament-a-k\u00f6lts\u00e9gvet\u00e9s-\u00f6sszegz\u0151-m\u00f3dos\u00edt\u00f3-javaslat\u00e1t.jpeg","contentUrl":"https:\/\/super-news.info\/hu\/wp-content\/uploads\/sites\/3\/2019\/07\/Elfogadta-a-parlament-a-k\u00f6lts\u00e9gvet\u00e9s-\u00f6sszegz\u0151-m\u00f3dos\u00edt\u00f3-javaslat\u00e1t.jpeg","width":1400,"height":933,"caption":"Elfogadta a parlament a k\u00f6lts\u00e9gvet\u00e9s \u00f6sszegz\u0151 m\u00f3dos\u00edt\u00f3 javaslat\u00e1t"},{"@type":"BreadcrumbList","@id":"https:\/\/super-news.info\/hu\/elfogadta-a-parlament-a-koltsegvetes-osszegzo-modosito-javaslatat\/#breadcrumb","itemListElement":[{"@type":"ListItem","position":1,"name":"\u0413\u043b\u0430\u0432\u043d\u0430\u044f \u0441\u0442\u0440\u0430\u043d\u0438\u0446\u0430","item":"https:\/\/super-news.info\/hu\/"},{"@type":"ListItem","position":2,"name":"Elfogadta a parlament a k\u00f6lts\u00e9gvet\u00e9s \u00f6sszegz\u0151 m\u00f3dos\u00edt\u00f3 javaslat\u00e1t"}]},{"@type":"WebSite","@id":"https:\/\/super-news.info\/hu\/#website","url":"https:\/\/super-news.info\/hu\/","name":"Super News","description":"Super News Magyarorsz\u00e1g","potentialAction":[{"@type":"SearchAction","target":{"@type":"EntryPoint","urlTemplate":"https:\/\/super-news.info\/hu\/?s={search_term_string}"},"query-input":{"@type":"PropertyValueSpecification","valueRequired":true,"valueName":"search_term_string"}}],"inLanguage":"hu"},{"@type":"Person","@id":"https:\/\/super-news.info\/hu\/#\/schema\/person\/2d4068cb2f39cd10008c2fce578a7356","name":"super-news","image":{"@type":"ImageObject","inLanguage":"hu","@id":"https:\/\/secure.gravatar.com\/avatar\/64ebac40b93f26a154f8a9b5b6fdccfc46f442b26b3dd6756dbff3bf9dc76fd7?s=96&d=mm&r=g","url":"https:\/\/secure.gravatar.com\/avatar\/64ebac40b93f26a154f8a9b5b6fdccfc46f442b26b3dd6756dbff3bf9dc76fd7?s=96&d=mm&r=g","contentUrl":"https:\/\/secure.gravatar.com\/avatar\/64ebac40b93f26a154f8a9b5b6fdccfc46f442b26b3dd6756dbff3bf9dc76fd7?s=96&d=mm&r=g","caption":"super-news"},"url":"https:\/\/super-news.info\/hu\/author\/pt\/"}]}},"_links":{"self":[{"href":"https:\/\/super-news.info\/hu\/wp-json\/wp\/v2\/posts\/5601","targetHints":{"allow":["GET"]}}],"collection":[{"href":"https:\/\/super-news.info\/hu\/wp-json\/wp\/v2\/posts"}],"about":[{"href":"https:\/\/super-news.info\/hu\/wp-json\/wp\/v2\/types\/post"}],"author":[{"embeddable":true,"href":"https:\/\/super-news.info\/hu\/wp-json\/wp\/v2\/users\/2"}],"replies":[{"embeddable":true,"href":"https:\/\/super-news.info\/hu\/wp-json\/wp\/v2\/comments?post=5601"}],"version-history":[{"count":1,"href":"https:\/\/super-news.info\/hu\/wp-json\/wp\/v2\/posts\/5601\/revisions"}],"predecessor-version":[{"id":5603,"href":"https:\/\/super-news.info\/hu\/wp-json\/wp\/v2\/posts\/5601\/revisions\/5603"}],"wp:featuredmedia":[{"embeddable":true,"href":"https:\/\/super-news.info\/hu\/wp-json\/wp\/v2\/media\/5602"}],"wp:attachment":[{"href":"https:\/\/super-news.info\/hu\/wp-json\/wp\/v2\/media?parent=5601"}],"wp:term":[{"taxonomy":"category","embeddable":true,"href":"https:\/\/super-news.info\/hu\/wp-json\/wp\/v2\/categories?post=5601"},{"taxonomy":"post_tag","embeddable":true,"href":"https:\/\/super-news.info\/hu\/wp-json\/wp\/v2\/tags?post=5601"}],"curies":[{"name":"wp","href":"https:\/\/api.w.org\/{rel}","templated":true}]}}