{"id":5542,"date":"2019-07-07T16:46:56","date_gmt":"2019-07-07T13:46:56","guid":{"rendered":"https:\/\/super-news.info\/hu\/inflacios-es-allamhaztartasi-adatok-is-erkeznek-a-heten\/"},"modified":"2019-07-07T16:46:58","modified_gmt":"2019-07-07T13:46:58","slug":"inflacios-es-allamhaztartasi-adatok-is-erkeznek-a-heten","status":"publish","type":"post","link":"https:\/\/super-news.info\/hu\/inflacios-es-allamhaztartasi-adatok-is-erkeznek-a-heten\/","title":{"rendered":"Infl\u00e1ci\u00f3s \u00e9s \u00e1llamh\u00e1ztart\u00e1si adatok is \u00e9rkeznek a h\u00e9ten"},"content":{"rendered":"<p> [ad_1]<br \/>\n<\/p>\n<p>\n\t\t\t\t\t\t\t\tT\u00f6bb statisztikai adat is megjelenik a k\u00f6vetkez\u0151 h\u00e9ten, k\u00f6z\u00fcl\u00fck a legnagyobb figyelmet a j\u00faniusi infl\u00e1ci\u00f3s adat kaphatja. K\u00f6zz\u00e9teszik a k\u00fclkereskedelem m\u00e1jusi \u00e1rum\u00e9rleg\u00e9t, valamint az \u00e1llamh\u00e1ztart\u00e1s j\u00fanius v\u00e9gi helyzet\u00e9r\u0151l sz\u00f3l\u00f3 gyorst\u00e1j\u00e9koztat\u00f3t is.\t\t\t\t\t\t\t<\/p>\n<div>\n<p><strong>H\u00e9tf\u0151n<\/strong> jelenik meg az \u00e1llamh\u00e1ztart\u00e1s j\u00fanius v\u00e9gi helyzet\u00e9r\u0151l sz\u00f3l\u00f3 gyorst\u00e1j\u00e9koztat\u00f3. A P\u00e9nz\u00fcgyminiszt\u00e9rium (PM) r\u00e9szletes jelent\u00e9se szerint az \u00e1llamh\u00e1ztart\u00e1s k\u00f6zponti alrendszere m\u00e1jus v\u00e9gi, 8427,7 milli\u00e1rd forintos bev\u00e9telei 13,0 sz\u00e1zal\u00e9kkal haladt\u00e1k meg az egy \u00e9vvel kor\u00e1bbit, m\u00edg a 8604,1 milli\u00e1rd forintot el\u00e9r\u0151 kiad\u00e1sai 0,5 sz\u00e1zal\u00e9kkal elmaradtak a tavaly azonos id\u0151szakit\u00f3l.<\/p>\n<p>A miniszt\u00e9rium egyben meger\u0151s\u00edtette az el\u0151zetesen k\u00f6z\u00f6lt f\u0151bb sz\u00e1mokat: m\u00e1jusban az \u00e1llamh\u00e1ztart\u00e1s k\u00f6zponti alrendszere 137,4 milli\u00e1rdos hi\u00e1nnyal z\u00e1rt, ezzel az idei \u00e9v els\u0151 \u00f6t h\u00f3napj\u00e1t az \u00f6nkorm\u00e1nyzatok n\u00e9lk\u00fcl sz\u00e1molt k\u00f6zponti alrendszer 176,4 milli\u00e1rd forintos hi\u00e1nnyal z\u00e1rta, ami az \u00e9ves el\u0151ir\u00e1nyzat 17,7 sz\u00e1zal\u00e9ka. Az \u00e9v eg\u00e9sz\u00e9re kit\u0171z\u00f6tt 1,8 sz\u00e1zal\u00e9kos uni\u00f3s m\u00f3dszertan szerinti GDP-ar\u00e1nyos hi\u00e1nyc\u00e9l tarthat\u00f3 \u2013 \u00edrt\u00e1k.<\/p>\n<p><strong>Kedden<\/strong> a k\u00fclkereskedelem m\u00e1jusi term\u00e9kforgalm\u00e1nak el\u0151zetes adat\u00e1t \u00e9s a fogyaszt\u00f3i \u00e1rak j\u00faniusi alakul\u00e1s\u00e1t k\u00f6zli a K\u00f6zponti Statisztikai Hivatal (KSH). \u00c1prilisban az export eur\u00f3ban kifejezett \u00e9rt\u00e9ke 3,8, az import\u00e9 7,0 sz\u00e1zal\u00e9kkal emelkedett az egy \u00e9vvel kor\u00e1bbihoz k\u00e9pest, a kereskedelmi m\u00e9rlegt\u00f6bblet 245 milli\u00f3 eur\u00f3 volt, 238 milli\u00f3 eur\u00f3val kevesebb a tavaly \u00e1prilisin\u00e1l. Az \u00e9v els\u0151 n\u00e9gy h\u00f3napj\u00e1ban az export 5,3 sz\u00e1zal\u00e9kkal, az import 7,4 sz\u00e1zal\u00e9kkal haladta meg az egy \u00e9vvel kor\u00e1bbit, a 2,098 milli\u00e1rd eur\u00f3 k\u00fclkereskedelmi m\u00e9rlegt\u00f6bblet 532 milli\u00f3 eur\u00f3val kisebb, mint a tavalyi azonos id\u0151szakban volt.<\/p>\n<p>A fogyaszt\u00f3i \u00e1rak m\u00e1jusban \u00e1tlagosan 3,9 sz\u00e1zal\u00e9kkal haladt\u00e1k meg az egy \u00e9vvel kor\u00e1bbiakat, \u00e1prilishoz viszony\u00edtva 0,7 sz\u00e1zal\u00e9kos volt az \u00e1rak emelked\u00e9se. A szezon\u00e1lisan kiigaz\u00edtott \u00e9ves maginfl\u00e1ci\u00f3 4,0 sz\u00e1zal\u00e9kra emelkedett az \u00e1prilisi 3,8 sz\u00e1zal\u00e9kr\u00f3l. Az \u00e9v els\u0151 \u00f6t h\u00f3napj\u00e1ban 3,5 sz\u00e1zal\u00e9kkal n\u0151ttek a fogyaszt\u00f3i \u00e1rak a m\u00falt \u00e9v azonos id\u0151szak\u00e1hoz m\u00e9rve.<\/p>\n<div id=\"attachment_1277836\" style=\"width: 1410px\" class=\"wp-caption aligncenter\">\n<p class=\"wp-caption-text\">Fot\u00f3: AFP<\/p>\n<\/div>\n<p><strong>Szerd\u00e1n<\/strong> adja ki a Magyar Nemzeti Bank (MNB) a j\u00fanius 25-i kamatd\u00f6nt\u0151 \u00fcl\u00e9sr\u0151l kiadott r\u00f6vid\u00edtett jegyz\u0151k\u00f6nyv\u00e9t. A monet\u00e1ris tan\u00e1cs nem v\u00e1ltoztatott az alapkamat 0,90 sz\u00e1zal\u00e9kos szintj\u00e9n, \u00e9s a kamatfolyos\u00f3t is v\u00e1ltozatlanul hagyta. A d\u00f6nt\u00e9s megfelelt az elemz\u0151i v\u00e1rakoz\u00e1soknak. A jegybanki alapkamat 2016. m\u00e1jus 25. \u00f3ta 0,90 sz\u00e1zal\u00e9k.<\/p>\n<p><strong>Cs\u00fct\u00f6rt\u00f6k\u00f6n<\/strong> a kereskedelmi sz\u00e1ll\u00e1shelyek m\u00e1jusi forgalm\u00e1t k\u00f6zli a KSH. \u00c1prilisban a k\u00fclf\u00f6ldi vend\u00e9gek 4,0 sz\u00e1zal\u00e9kkal t\u00f6bb vend\u00e9g\u00e9jszak\u00e1t t\u00f6lt\u00f6ttek el a magyarorsz\u00e1gi kereskedelmi sz\u00e1ll\u00e1shelyeken, a belf\u00f6ldiek \u00e1ltal elt\u00f6lt\u00f6tt \u00e9jszak\u00e1k sz\u00e1ma 2,3 sz\u00e1zal\u00e9kkal n\u0151tt az egy \u00e9vvel kor\u00e1bbihoz k\u00e9pest. A sz\u00e1ll\u00e1shelyek vend\u00e9gforgalma \u00f6sszess\u00e9g\u00e9ben 3,2 sz\u00e1zal\u00e9kkal n\u0151tt. A kereskedelmi sz\u00e1ll\u00e1shelyek bev\u00e9tele 42,416 milli\u00e1rd forintot tett ki, ami 9,2 sz\u00e1zal\u00e9kkal haladta meg a tavaly \u00e1prilisit, ezen bel\u00fcl a sz\u00e1ll\u00e1sd\u00edjbev\u00e9tel 25,155 milli\u00e1rd forint volt, 10,4 sz\u00e1zal\u00e9kkal n\u0151tt.<\/p>\n<p><strong>P\u00e9nteken<\/strong> jelenik meg a m\u00e1jusi ipari termel\u00e9s r\u00e9szletes statisztik\u00e1ja a KSH m\u00e1sodik becsl\u00e9s\u00e9ben. Az el\u0151zetes adatok szerint m\u00e1jusban 8,7 sz\u00e1zal\u00e9kkal n\u0151tt az ipari termel\u00e9s az egy \u00e9vvel kor\u00e1bbihoz k\u00e9pest, a munkanaphat\u00e1st\u00f3l megtiszt\u00edtott adatok alapj\u00e1n a termel\u00e9s 6,1 sz\u00e1zal\u00e9kkal b\u0151v\u00fclt.<\/p>\n<\/p><\/div>\n<p><script>\n    window.fbAsyncInit = function() {\n        FB.init({\n            appId      : \"204760236815359\",\n            xfbml      : true,\n            version    : \"v2.12\"\n        });\n        FB.AppEvents.logPageView();\n    };<\/p>\n<p>    (function(d, s, id){\n        var js, fjs = d.getElementsByTagName(s)[0];\n        if (d.getElementById(id)) {return;}\n        js = d.createElement(s); js.id = id;\n        js.src = \"http:\/\/connect.facebook.net\/hu_HU\/sdk.js\";\n        fjs.parentNode.insertBefore(js, fjs);\n    }(document, \"script\", \"facebook-jssdk\"));\n<\/script><br \/>\n<br \/>[ad_2]<br \/>\n<br \/><a href=\"https:\/\/www.vg.hu\/gazdasag\/makrogazdasag\/inflacios-es-allamhaztartasi-adatok-is-erkeznek-a-heten-1614266\/\">Source link <\/a><\/p>\n","protected":false},"excerpt":{"rendered":"<p>[ad_1] T\u00f6bb statisztikai adat is megjelenik a k\u00f6vetkez\u0151 h\u00e9ten, k\u00f6z\u00fcl\u00fck a legnagyobb figyelmet a j\u00faniusi infl\u00e1ci\u00f3s adat kaphatja. K\u00f6zz\u00e9teszik a k\u00fclkereskedelem m\u00e1jusi \u00e1rum\u00e9rleg\u00e9t, valamint az \u00e1llamh\u00e1ztart\u00e1s j\u00fanius v\u00e9gi helyzet\u00e9r\u0151l sz\u00f3l\u00f3 gyorst\u00e1j\u00e9koztat\u00f3t is. H\u00e9tf\u0151n jelenik meg az \u00e1llamh\u00e1ztart\u00e1s j\u00fanius v\u00e9gi helyzet\u00e9r\u0151l sz\u00f3l\u00f3 gyorst\u00e1j\u00e9koztat\u00f3. A P\u00e9nz\u00fcgyminiszt\u00e9rium (PM) r\u00e9szletes jelent\u00e9se szerint az \u00e1llamh\u00e1ztart\u00e1s k\u00f6zponti alrendszere m\u00e1jus v\u00e9gi, 8427,7 [&hellip;]<\/p>\n","protected":false},"author":2,"featured_media":5543,"comment_status":"open","ping_status":"open","sticky":false,"template":"","format":"standard","meta":{"footnotes":""},"categories":[1],"tags":[],"class_list":["post-5542","post","type-post","status-publish","format-standard","has-post-thumbnail","hentry","category-penzugyi-hirek"],"yoast_head":"<!-- This site is optimized with the Yoast SEO plugin v27.4 - https:\/\/yoast.com\/product\/yoast-seo-wordpress\/ -->\n<title>Infl\u00e1ci\u00f3s \u00e9s \u00e1llamh\u00e1ztart\u00e1si adatok is \u00e9rkeznek a h\u00e9ten - Super News<\/title>\n<meta name=\"robots\" content=\"index, follow, max-snippet:-1, max-image-preview:large, max-video-preview:-1\" \/>\n<link rel=\"canonical\" href=\"https:\/\/super-news.info\/hu\/inflacios-es-allamhaztartasi-adatok-is-erkeznek-a-heten\/\" \/>\n<meta property=\"og:locale\" content=\"hu_HU\" \/>\n<meta property=\"og:type\" content=\"article\" \/>\n<meta property=\"og:title\" content=\"Infl\u00e1ci\u00f3s \u00e9s \u00e1llamh\u00e1ztart\u00e1si adatok is \u00e9rkeznek a h\u00e9ten - Super News\" \/>\n<meta property=\"og:description\" content=\"[ad_1] T\u00f6bb statisztikai adat is megjelenik a k\u00f6vetkez\u0151 h\u00e9ten, k\u00f6z\u00fcl\u00fck a legnagyobb figyelmet a j\u00faniusi infl\u00e1ci\u00f3s adat kaphatja. K\u00f6zz\u00e9teszik a k\u00fclkereskedelem m\u00e1jusi \u00e1rum\u00e9rleg\u00e9t, valamint az \u00e1llamh\u00e1ztart\u00e1s j\u00fanius v\u00e9gi helyzet\u00e9r\u0151l sz\u00f3l\u00f3 gyorst\u00e1j\u00e9koztat\u00f3t is. H\u00e9tf\u0151n jelenik meg az \u00e1llamh\u00e1ztart\u00e1s j\u00fanius v\u00e9gi helyzet\u00e9r\u0151l sz\u00f3l\u00f3 gyorst\u00e1j\u00e9koztat\u00f3. A P\u00e9nz\u00fcgyminiszt\u00e9rium (PM) r\u00e9szletes jelent\u00e9se szerint az \u00e1llamh\u00e1ztart\u00e1s k\u00f6zponti alrendszere m\u00e1jus v\u00e9gi, 8427,7 [&hellip;]\" \/>\n<meta property=\"og:url\" content=\"https:\/\/super-news.info\/hu\/inflacios-es-allamhaztartasi-adatok-is-erkeznek-a-heten\/\" \/>\n<meta property=\"og:site_name\" content=\"Super News\" \/>\n<meta property=\"article:published_time\" content=\"2019-07-07T13:46:56+00:00\" \/>\n<meta property=\"article:modified_time\" content=\"2019-07-07T13:46:58+00:00\" \/>\n<meta property=\"og:image\" content=\"https:\/\/super-news.info\/hu\/wp-content\/uploads\/sites\/3\/2019\/07\/Infl\u00e1ci\u00f3s-\u00e9s-\u00e1llamh\u00e1ztart\u00e1si-adatok-is-\u00e9rkeznek-a-h\u00e9ten.jpg\" \/>\n\t<meta property=\"og:image:width\" content=\"1400\" \/>\n\t<meta property=\"og:image:height\" content=\"932\" \/>\n\t<meta property=\"og:image:type\" content=\"image\/jpeg\" \/>\n<meta name=\"author\" content=\"super-news\" \/>\n<meta name=\"twitter:card\" content=\"summary_large_image\" \/>\n<meta name=\"twitter:label1\" content=\"Szerz\u0151:\" \/>\n\t<meta name=\"twitter:data1\" content=\"super-news\" \/>\n\t<meta name=\"twitter:label2\" content=\"Becs\u00fclt olvas\u00e1si id\u0151\" \/>\n\t<meta name=\"twitter:data2\" content=\"3 perc\" \/>\n<script type=\"application\/ld+json\" class=\"yoast-schema-graph\">{\"@context\":\"https:\\\/\\\/schema.org\",\"@graph\":[{\"@type\":\"Article\",\"@id\":\"https:\\\/\\\/super-news.info\\\/hu\\\/inflacios-es-allamhaztartasi-adatok-is-erkeznek-a-heten\\\/#article\",\"isPartOf\":{\"@id\":\"https:\\\/\\\/super-news.info\\\/hu\\\/inflacios-es-allamhaztartasi-adatok-is-erkeznek-a-heten\\\/\"},\"author\":{\"name\":\"super-news\",\"@id\":\"https:\\\/\\\/super-news.info\\\/hu\\\/#\\\/schema\\\/person\\\/2d4068cb2f39cd10008c2fce578a7356\"},\"headline\":\"Infl\u00e1ci\u00f3s \u00e9s \u00e1llamh\u00e1ztart\u00e1si adatok is \u00e9rkeznek a h\u00e9ten\",\"datePublished\":\"2019-07-07T13:46:56+00:00\",\"dateModified\":\"2019-07-07T13:46:58+00:00\",\"mainEntityOfPage\":{\"@id\":\"https:\\\/\\\/super-news.info\\\/hu\\\/inflacios-es-allamhaztartasi-adatok-is-erkeznek-a-heten\\\/\"},\"wordCount\":684,\"commentCount\":0,\"image\":{\"@id\":\"https:\\\/\\\/super-news.info\\\/hu\\\/inflacios-es-allamhaztartasi-adatok-is-erkeznek-a-heten\\\/#primaryimage\"},\"thumbnailUrl\":\"https:\\\/\\\/super-news.info\\\/hu\\\/wp-content\\\/uploads\\\/sites\\\/3\\\/2019\\\/07\\\/Infl\u00e1ci\u00f3s-\u00e9s-\u00e1llamh\u00e1ztart\u00e1si-adatok-is-\u00e9rkeznek-a-h\u00e9ten.jpg\",\"articleSection\":[\"P\u00c9NZ\u00dcGYI H\u00cdREK\"],\"inLanguage\":\"hu\",\"potentialAction\":[{\"@type\":\"CommentAction\",\"name\":\"Comment\",\"target\":[\"https:\\\/\\\/super-news.info\\\/hu\\\/inflacios-es-allamhaztartasi-adatok-is-erkeznek-a-heten\\\/#respond\"]}]},{\"@type\":\"WebPage\",\"@id\":\"https:\\\/\\\/super-news.info\\\/hu\\\/inflacios-es-allamhaztartasi-adatok-is-erkeznek-a-heten\\\/\",\"url\":\"https:\\\/\\\/super-news.info\\\/hu\\\/inflacios-es-allamhaztartasi-adatok-is-erkeznek-a-heten\\\/\",\"name\":\"Infl\u00e1ci\u00f3s \u00e9s \u00e1llamh\u00e1ztart\u00e1si adatok is \u00e9rkeznek a h\u00e9ten - Super News\",\"isPartOf\":{\"@id\":\"https:\\\/\\\/super-news.info\\\/hu\\\/#website\"},\"primaryImageOfPage\":{\"@id\":\"https:\\\/\\\/super-news.info\\\/hu\\\/inflacios-es-allamhaztartasi-adatok-is-erkeznek-a-heten\\\/#primaryimage\"},\"image\":{\"@id\":\"https:\\\/\\\/super-news.info\\\/hu\\\/inflacios-es-allamhaztartasi-adatok-is-erkeznek-a-heten\\\/#primaryimage\"},\"thumbnailUrl\":\"https:\\\/\\\/super-news.info\\\/hu\\\/wp-content\\\/uploads\\\/sites\\\/3\\\/2019\\\/07\\\/Infl\u00e1ci\u00f3s-\u00e9s-\u00e1llamh\u00e1ztart\u00e1si-adatok-is-\u00e9rkeznek-a-h\u00e9ten.jpg\",\"datePublished\":\"2019-07-07T13:46:56+00:00\",\"dateModified\":\"2019-07-07T13:46:58+00:00\",\"author\":{\"@id\":\"https:\\\/\\\/super-news.info\\\/hu\\\/#\\\/schema\\\/person\\\/2d4068cb2f39cd10008c2fce578a7356\"},\"breadcrumb\":{\"@id\":\"https:\\\/\\\/super-news.info\\\/hu\\\/inflacios-es-allamhaztartasi-adatok-is-erkeznek-a-heten\\\/#breadcrumb\"},\"inLanguage\":\"hu\",\"potentialAction\":[{\"@type\":\"ReadAction\",\"target\":[\"https:\\\/\\\/super-news.info\\\/hu\\\/inflacios-es-allamhaztartasi-adatok-is-erkeznek-a-heten\\\/\"]}]},{\"@type\":\"ImageObject\",\"inLanguage\":\"hu\",\"@id\":\"https:\\\/\\\/super-news.info\\\/hu\\\/inflacios-es-allamhaztartasi-adatok-is-erkeznek-a-heten\\\/#primaryimage\",\"url\":\"https:\\\/\\\/super-news.info\\\/hu\\\/wp-content\\\/uploads\\\/sites\\\/3\\\/2019\\\/07\\\/Infl\u00e1ci\u00f3s-\u00e9s-\u00e1llamh\u00e1ztart\u00e1si-adatok-is-\u00e9rkeznek-a-h\u00e9ten.jpg\",\"contentUrl\":\"https:\\\/\\\/super-news.info\\\/hu\\\/wp-content\\\/uploads\\\/sites\\\/3\\\/2019\\\/07\\\/Infl\u00e1ci\u00f3s-\u00e9s-\u00e1llamh\u00e1ztart\u00e1si-adatok-is-\u00e9rkeznek-a-h\u00e9ten.jpg\",\"width\":1400,\"height\":932,\"caption\":\"Infl\u00e1ci\u00f3s \u00e9s \u00e1llamh\u00e1ztart\u00e1si adatok is \u00e9rkeznek a h\u00e9ten\"},{\"@type\":\"BreadcrumbList\",\"@id\":\"https:\\\/\\\/super-news.info\\\/hu\\\/inflacios-es-allamhaztartasi-adatok-is-erkeznek-a-heten\\\/#breadcrumb\",\"itemListElement\":[{\"@type\":\"ListItem\",\"position\":1,\"name\":\"\u0413\u043b\u0430\u0432\u043d\u0430\u044f \u0441\u0442\u0440\u0430\u043d\u0438\u0446\u0430\",\"item\":\"https:\\\/\\\/super-news.info\\\/hu\\\/\"},{\"@type\":\"ListItem\",\"position\":2,\"name\":\"Infl\u00e1ci\u00f3s \u00e9s \u00e1llamh\u00e1ztart\u00e1si adatok is \u00e9rkeznek a h\u00e9ten\"}]},{\"@type\":\"WebSite\",\"@id\":\"https:\\\/\\\/super-news.info\\\/hu\\\/#website\",\"url\":\"https:\\\/\\\/super-news.info\\\/hu\\\/\",\"name\":\"Super News\",\"description\":\"Super News Magyarorsz\u00e1g\",\"potentialAction\":[{\"@type\":\"SearchAction\",\"target\":{\"@type\":\"EntryPoint\",\"urlTemplate\":\"https:\\\/\\\/super-news.info\\\/hu\\\/?s={search_term_string}\"},\"query-input\":{\"@type\":\"PropertyValueSpecification\",\"valueRequired\":true,\"valueName\":\"search_term_string\"}}],\"inLanguage\":\"hu\"},{\"@type\":\"Person\",\"@id\":\"https:\\\/\\\/super-news.info\\\/hu\\\/#\\\/schema\\\/person\\\/2d4068cb2f39cd10008c2fce578a7356\",\"name\":\"super-news\",\"image\":{\"@type\":\"ImageObject\",\"inLanguage\":\"hu\",\"@id\":\"https:\\\/\\\/secure.gravatar.com\\\/avatar\\\/64ebac40b93f26a154f8a9b5b6fdccfc46f442b26b3dd6756dbff3bf9dc76fd7?s=96&d=mm&r=g\",\"url\":\"https:\\\/\\\/secure.gravatar.com\\\/avatar\\\/64ebac40b93f26a154f8a9b5b6fdccfc46f442b26b3dd6756dbff3bf9dc76fd7?s=96&d=mm&r=g\",\"contentUrl\":\"https:\\\/\\\/secure.gravatar.com\\\/avatar\\\/64ebac40b93f26a154f8a9b5b6fdccfc46f442b26b3dd6756dbff3bf9dc76fd7?s=96&d=mm&r=g\",\"caption\":\"super-news\"},\"url\":\"https:\\\/\\\/super-news.info\\\/hu\\\/author\\\/pt\\\/\"}]}<\/script>\n<!-- \/ Yoast SEO plugin. -->","yoast_head_json":{"title":"Infl\u00e1ci\u00f3s \u00e9s \u00e1llamh\u00e1ztart\u00e1si adatok is \u00e9rkeznek a h\u00e9ten - Super News","robots":{"index":"index","follow":"follow","max-snippet":"max-snippet:-1","max-image-preview":"max-image-preview:large","max-video-preview":"max-video-preview:-1"},"canonical":"https:\/\/super-news.info\/hu\/inflacios-es-allamhaztartasi-adatok-is-erkeznek-a-heten\/","og_locale":"hu_HU","og_type":"article","og_title":"Infl\u00e1ci\u00f3s \u00e9s \u00e1llamh\u00e1ztart\u00e1si adatok is \u00e9rkeznek a h\u00e9ten - Super News","og_description":"[ad_1] T\u00f6bb statisztikai adat is megjelenik a k\u00f6vetkez\u0151 h\u00e9ten, k\u00f6z\u00fcl\u00fck a legnagyobb figyelmet a j\u00faniusi infl\u00e1ci\u00f3s adat kaphatja. K\u00f6zz\u00e9teszik a k\u00fclkereskedelem m\u00e1jusi \u00e1rum\u00e9rleg\u00e9t, valamint az \u00e1llamh\u00e1ztart\u00e1s j\u00fanius v\u00e9gi helyzet\u00e9r\u0151l sz\u00f3l\u00f3 gyorst\u00e1j\u00e9koztat\u00f3t is. H\u00e9tf\u0151n jelenik meg az \u00e1llamh\u00e1ztart\u00e1s j\u00fanius v\u00e9gi helyzet\u00e9r\u0151l sz\u00f3l\u00f3 gyorst\u00e1j\u00e9koztat\u00f3. A P\u00e9nz\u00fcgyminiszt\u00e9rium (PM) r\u00e9szletes jelent\u00e9se szerint az \u00e1llamh\u00e1ztart\u00e1s k\u00f6zponti alrendszere m\u00e1jus v\u00e9gi, 8427,7 [&hellip;]","og_url":"https:\/\/super-news.info\/hu\/inflacios-es-allamhaztartasi-adatok-is-erkeznek-a-heten\/","og_site_name":"Super News","article_published_time":"2019-07-07T13:46:56+00:00","article_modified_time":"2019-07-07T13:46:58+00:00","og_image":[{"width":1400,"height":932,"url":"https:\/\/super-news.info\/hu\/wp-content\/uploads\/sites\/3\/2019\/07\/Infl\u00e1ci\u00f3s-\u00e9s-\u00e1llamh\u00e1ztart\u00e1si-adatok-is-\u00e9rkeznek-a-h\u00e9ten.jpg","type":"image\/jpeg"}],"author":"super-news","twitter_card":"summary_large_image","twitter_misc":{"Szerz\u0151:":"super-news","Becs\u00fclt olvas\u00e1si id\u0151":"3 perc"},"schema":{"@context":"https:\/\/schema.org","@graph":[{"@type":"Article","@id":"https:\/\/super-news.info\/hu\/inflacios-es-allamhaztartasi-adatok-is-erkeznek-a-heten\/#article","isPartOf":{"@id":"https:\/\/super-news.info\/hu\/inflacios-es-allamhaztartasi-adatok-is-erkeznek-a-heten\/"},"author":{"name":"super-news","@id":"https:\/\/super-news.info\/hu\/#\/schema\/person\/2d4068cb2f39cd10008c2fce578a7356"},"headline":"Infl\u00e1ci\u00f3s \u00e9s \u00e1llamh\u00e1ztart\u00e1si adatok is \u00e9rkeznek a h\u00e9ten","datePublished":"2019-07-07T13:46:56+00:00","dateModified":"2019-07-07T13:46:58+00:00","mainEntityOfPage":{"@id":"https:\/\/super-news.info\/hu\/inflacios-es-allamhaztartasi-adatok-is-erkeznek-a-heten\/"},"wordCount":684,"commentCount":0,"image":{"@id":"https:\/\/super-news.info\/hu\/inflacios-es-allamhaztartasi-adatok-is-erkeznek-a-heten\/#primaryimage"},"thumbnailUrl":"https:\/\/super-news.info\/hu\/wp-content\/uploads\/sites\/3\/2019\/07\/Infl\u00e1ci\u00f3s-\u00e9s-\u00e1llamh\u00e1ztart\u00e1si-adatok-is-\u00e9rkeznek-a-h\u00e9ten.jpg","articleSection":["P\u00c9NZ\u00dcGYI H\u00cdREK"],"inLanguage":"hu","potentialAction":[{"@type":"CommentAction","name":"Comment","target":["https:\/\/super-news.info\/hu\/inflacios-es-allamhaztartasi-adatok-is-erkeznek-a-heten\/#respond"]}]},{"@type":"WebPage","@id":"https:\/\/super-news.info\/hu\/inflacios-es-allamhaztartasi-adatok-is-erkeznek-a-heten\/","url":"https:\/\/super-news.info\/hu\/inflacios-es-allamhaztartasi-adatok-is-erkeznek-a-heten\/","name":"Infl\u00e1ci\u00f3s \u00e9s \u00e1llamh\u00e1ztart\u00e1si adatok is \u00e9rkeznek a h\u00e9ten - Super News","isPartOf":{"@id":"https:\/\/super-news.info\/hu\/#website"},"primaryImageOfPage":{"@id":"https:\/\/super-news.info\/hu\/inflacios-es-allamhaztartasi-adatok-is-erkeznek-a-heten\/#primaryimage"},"image":{"@id":"https:\/\/super-news.info\/hu\/inflacios-es-allamhaztartasi-adatok-is-erkeznek-a-heten\/#primaryimage"},"thumbnailUrl":"https:\/\/super-news.info\/hu\/wp-content\/uploads\/sites\/3\/2019\/07\/Infl\u00e1ci\u00f3s-\u00e9s-\u00e1llamh\u00e1ztart\u00e1si-adatok-is-\u00e9rkeznek-a-h\u00e9ten.jpg","datePublished":"2019-07-07T13:46:56+00:00","dateModified":"2019-07-07T13:46:58+00:00","author":{"@id":"https:\/\/super-news.info\/hu\/#\/schema\/person\/2d4068cb2f39cd10008c2fce578a7356"},"breadcrumb":{"@id":"https:\/\/super-news.info\/hu\/inflacios-es-allamhaztartasi-adatok-is-erkeznek-a-heten\/#breadcrumb"},"inLanguage":"hu","potentialAction":[{"@type":"ReadAction","target":["https:\/\/super-news.info\/hu\/inflacios-es-allamhaztartasi-adatok-is-erkeznek-a-heten\/"]}]},{"@type":"ImageObject","inLanguage":"hu","@id":"https:\/\/super-news.info\/hu\/inflacios-es-allamhaztartasi-adatok-is-erkeznek-a-heten\/#primaryimage","url":"https:\/\/super-news.info\/hu\/wp-content\/uploads\/sites\/3\/2019\/07\/Infl\u00e1ci\u00f3s-\u00e9s-\u00e1llamh\u00e1ztart\u00e1si-adatok-is-\u00e9rkeznek-a-h\u00e9ten.jpg","contentUrl":"https:\/\/super-news.info\/hu\/wp-content\/uploads\/sites\/3\/2019\/07\/Infl\u00e1ci\u00f3s-\u00e9s-\u00e1llamh\u00e1ztart\u00e1si-adatok-is-\u00e9rkeznek-a-h\u00e9ten.jpg","width":1400,"height":932,"caption":"Infl\u00e1ci\u00f3s \u00e9s \u00e1llamh\u00e1ztart\u00e1si adatok is \u00e9rkeznek a h\u00e9ten"},{"@type":"BreadcrumbList","@id":"https:\/\/super-news.info\/hu\/inflacios-es-allamhaztartasi-adatok-is-erkeznek-a-heten\/#breadcrumb","itemListElement":[{"@type":"ListItem","position":1,"name":"\u0413\u043b\u0430\u0432\u043d\u0430\u044f \u0441\u0442\u0440\u0430\u043d\u0438\u0446\u0430","item":"https:\/\/super-news.info\/hu\/"},{"@type":"ListItem","position":2,"name":"Infl\u00e1ci\u00f3s \u00e9s \u00e1llamh\u00e1ztart\u00e1si adatok is \u00e9rkeznek a h\u00e9ten"}]},{"@type":"WebSite","@id":"https:\/\/super-news.info\/hu\/#website","url":"https:\/\/super-news.info\/hu\/","name":"Super News","description":"Super News Magyarorsz\u00e1g","potentialAction":[{"@type":"SearchAction","target":{"@type":"EntryPoint","urlTemplate":"https:\/\/super-news.info\/hu\/?s={search_term_string}"},"query-input":{"@type":"PropertyValueSpecification","valueRequired":true,"valueName":"search_term_string"}}],"inLanguage":"hu"},{"@type":"Person","@id":"https:\/\/super-news.info\/hu\/#\/schema\/person\/2d4068cb2f39cd10008c2fce578a7356","name":"super-news","image":{"@type":"ImageObject","inLanguage":"hu","@id":"https:\/\/secure.gravatar.com\/avatar\/64ebac40b93f26a154f8a9b5b6fdccfc46f442b26b3dd6756dbff3bf9dc76fd7?s=96&d=mm&r=g","url":"https:\/\/secure.gravatar.com\/avatar\/64ebac40b93f26a154f8a9b5b6fdccfc46f442b26b3dd6756dbff3bf9dc76fd7?s=96&d=mm&r=g","contentUrl":"https:\/\/secure.gravatar.com\/avatar\/64ebac40b93f26a154f8a9b5b6fdccfc46f442b26b3dd6756dbff3bf9dc76fd7?s=96&d=mm&r=g","caption":"super-news"},"url":"https:\/\/super-news.info\/hu\/author\/pt\/"}]}},"_links":{"self":[{"href":"https:\/\/super-news.info\/hu\/wp-json\/wp\/v2\/posts\/5542","targetHints":{"allow":["GET"]}}],"collection":[{"href":"https:\/\/super-news.info\/hu\/wp-json\/wp\/v2\/posts"}],"about":[{"href":"https:\/\/super-news.info\/hu\/wp-json\/wp\/v2\/types\/post"}],"author":[{"embeddable":true,"href":"https:\/\/super-news.info\/hu\/wp-json\/wp\/v2\/users\/2"}],"replies":[{"embeddable":true,"href":"https:\/\/super-news.info\/hu\/wp-json\/wp\/v2\/comments?post=5542"}],"version-history":[{"count":1,"href":"https:\/\/super-news.info\/hu\/wp-json\/wp\/v2\/posts\/5542\/revisions"}],"predecessor-version":[{"id":5544,"href":"https:\/\/super-news.info\/hu\/wp-json\/wp\/v2\/posts\/5542\/revisions\/5544"}],"wp:featuredmedia":[{"embeddable":true,"href":"https:\/\/super-news.info\/hu\/wp-json\/wp\/v2\/media\/5543"}],"wp:attachment":[{"href":"https:\/\/super-news.info\/hu\/wp-json\/wp\/v2\/media?parent=5542"}],"wp:term":[{"taxonomy":"category","embeddable":true,"href":"https:\/\/super-news.info\/hu\/wp-json\/wp\/v2\/categories?post=5542"},{"taxonomy":"post_tag","embeddable":true,"href":"https:\/\/super-news.info\/hu\/wp-json\/wp\/v2\/tags?post=5542"}],"curies":[{"name":"wp","href":"https:\/\/api.w.org\/{rel}","templated":true}]}}