{"id":5540,"date":"2019-07-07T15:54:55","date_gmt":"2019-07-07T12:54:55","guid":{"rendered":"https:\/\/super-news.info\/hu\/london-washingtoni-nagykovete-alkalmatlannak-nevezte-trumpot\/"},"modified":"2019-07-07T15:54:55","modified_gmt":"2019-07-07T12:54:55","slug":"london-washingtoni-nagykovete-alkalmatlannak-nevezte-trumpot","status":"publish","type":"post","link":"https:\/\/super-news.info\/hu\/london-washingtoni-nagykovete-alkalmatlannak-nevezte-trumpot\/","title":{"rendered":"London washingtoni nagyk\u00f6vete alkalmatlannak nevezte Trumpot"},"content":{"rendered":"<p> [ad_1]<br \/>\n<\/p>\n<div>\n<p>Alkalmatlannak, megb\u00edzhatatlannak \u00e9s hozz\u00e1 nem \u00e9rt\u0151nek is nevezte Donald Trump amerikai eln\u00f6k\u00f6t London washingtoni nagyk\u00f6vete, Sir Kim Darroch a brit k\u00fcl\u00fcgyminiszt\u00e9riumnak k\u00fcld\u00f6tt titkos diplom\u00e1ciai jelent\u00e9seiben, amelyeket a CNN amerikai h\u00edrtelev\u00edzi\u00f3 \u00e9s a Daily Mail c\u00edm\u0171 brit lap is nyilv\u00e1noss\u00e1gra hozott vas\u00e1rnapra virrad\u00f3ra.<\/p>\n<p>El\u0151sz\u00f6r a brit lap sziv\u00e1rogtatta ki Darroch jelent\u00e9seit, hiteless\u00e9g\u00fcket pedig az amerikai h\u00edrtelev\u00edzi\u00f3nak meger\u0151s\u00edtette egy brit korm\u00e1nyillet\u00e9kes.<\/p>\n<p>A CNN h\u00edrad\u00e1sa szerint a jelent\u00e9sek a 2017-t\u0151l mostan\u00e1ig tart\u00f3 id\u0151szakot \u00f6lelik fel.<\/p>\n<p>A titkos diplom\u00e1ciai iratokban Darroch nagyk\u00f6vet arra figyelmezteti a brit korm\u00e1nyt, hogy Trump \u201ep\u00e1lyafut\u00e1sa dicstelen v\u00e9get \u00e9rhet\u201d. A Feh\u00e9r H\u00e1zban zajl\u00f3 konfliktusokat \u201ek\u00e9shegyig men\u0151 vit\u00e1knak\u201d nevezi.<\/p>\n<p>A Daily Mail \u00e1ltal id\u00e9zett egyik diplom\u00e1ciai t\u00e1viratban Kim a k\u00f6vetkez\u0151ket \u00edrta: \u201eNem igaz\u00e1n hisz\u00fcnk abban, hogy ez a korm\u00e1nyzat a j\u00f6v\u0151ben l\u00e9nyegesen norm\u00e1lisabb, m\u0171k\u00f6d\u0151k\u00e9pess\u00e9g\u00e9ben javul\u00f3, kev\u00e9sb\u00e9 kisz\u00e1m\u00edthatatlan, kev\u00e9sb\u00e9 klikkesedett, diplom\u00e1ciailag kev\u00e9sb\u00e9 \u00fcgyetlen \u00e9s kev\u00e9sb\u00e9 alkalmatlan lesz\u201d. A nagyk\u00f6vet megjegyezte azt is: nem gondolja, hogy Trump korm\u00e1nyzata \u201evalaha is kompetensnek fog kin\u00e9zni\u201d, mindemellett az eln\u00f6k megnyerheti a j\u00f6v\u0151 \u00e9vi eln\u00f6kv\u00e1laszt\u00e1st.<\/p>\n<div id=\"attachment_1563026\" style=\"width: 1410px\" class=\"wp-caption aligncenter\">\n<p class=\"wp-caption-text\">Donald Trump amerikai eln\u00f6k<br \/>Fot\u00f3: AFP<\/p>\n<\/div>\n<p>A brit nagyk\u00f6vet \u2013 utalva Trumpnak arra a k\u00e9pess\u00e9g\u00e9re, hogy \u201ea botr\u00e1nyokba s\u00fcppedt \u00e9let\u00e9ben v\u00e1llr\u00e1nd\u00edt\u00e1ssal ler\u00e1zza mag\u00e1r\u00f3l a vit\u00e1kat\u201d \u2013, azt is \u00edrta, hogy az eln\u00f6k \u201emegt\u00e9p\u00e1zva, de \u00e9pen l\u00e9p ki a l\u00e1ngokb\u00f3l, mint (Arnold) Scwarzenegger a Termin\u00e1tor utols\u00f3 jeleneteiben\u201d.<\/p>\n<p>A CNN \u00e1ltal id\u00e9zett dokumentumban szerepel a brit k\u00fcl\u00fcgyminiszt\u00e9rium komment\u00e1rja, amely szerint az Egyes\u00fclt Kir\u00e1lys\u00e1g a nagyk\u00f6veteit\u0151l \u201ea politikai helyzet \u0151szinte \u00e9s kend\u0151zetlen \u00e9rt\u00e9kel\u00e9s\u00e9t v\u00e1rja\u201d abb\u00f3l az orsz\u00e1gb\u00f3l, ahol kik\u00fcldet\u00e9st teljes\u00edtenek, \u00e9s az \u0151 v\u00e9lem\u00e9ny\u00fck nem t\u00fckr\u00f6zi felt\u00e9tlen\u00fcl a londoni korm\u00e1ny \u00e1ll\u00e1spontj\u00e1t.<\/p>\n<p>A Feh\u00e9r H\u00e1z egyel\u0151re nem komment\u00e1lta a brit lap \u00e9s a CNN \u00e1ltal kisziv\u00e1rogtatott diplom\u00e1ciai jelent\u00e9sekben le\u00edrtakat.<\/p>\n<\/p><\/div>\n<p><script>\n    window.fbAsyncInit = function() {\n        FB.init({\n            appId      : \"204760236815359\",\n            xfbml      : true,\n            version    : \"v2.12\"\n        });\n        FB.AppEvents.logPageView();\n    };<\/p>\n<p>    (function(d, s, id){\n        var js, fjs = d.getElementsByTagName(s)[0];\n        if (d.getElementById(id)) {return;}\n        js = d.createElement(s); js.id = id;\n        js.src = \"http:\/\/connect.facebook.net\/hu_HU\/sdk.js\";\n        fjs.parentNode.insertBefore(js, fjs);\n    }(document, \"script\", \"facebook-jssdk\"));\n<\/script><br \/>\n<br \/>[ad_2]<br \/>\n<br \/><a href=\"https:\/\/www.vg.hu\/kozelet\/kozeleti-hirek\/london-washingtoni-nagykovete-alkalmatlannak-nevezte-trumpot-1614218\/\">Source link <\/a><\/p>\n","protected":false},"excerpt":{"rendered":"<p>[ad_1] Alkalmatlannak, megb\u00edzhatatlannak \u00e9s hozz\u00e1 nem \u00e9rt\u0151nek is nevezte Donald Trump amerikai eln\u00f6k\u00f6t London washingtoni nagyk\u00f6vete, Sir Kim Darroch a brit k\u00fcl\u00fcgyminiszt\u00e9riumnak k\u00fcld\u00f6tt titkos diplom\u00e1ciai jelent\u00e9seiben, amelyeket a CNN amerikai h\u00edrtelev\u00edzi\u00f3 \u00e9s a Daily Mail c\u00edm\u0171 brit lap is nyilv\u00e1noss\u00e1gra hozott vas\u00e1rnapra virrad\u00f3ra. El\u0151sz\u00f6r a brit lap sziv\u00e1rogtatta ki Darroch jelent\u00e9seit, hiteless\u00e9g\u00fcket pedig az amerikai [&hellip;]<\/p>\n","protected":false},"author":2,"featured_media":3868,"comment_status":"open","ping_status":"open","sticky":false,"template":"","format":"standard","meta":{"footnotes":""},"categories":[1],"tags":[],"class_list":["post-5540","post","type-post","status-publish","format-standard","has-post-thumbnail","hentry","category-penzugyi-hirek"],"yoast_head":"<!-- This site is optimized with the Yoast SEO plugin v27.4 - https:\/\/yoast.com\/product\/yoast-seo-wordpress\/ -->\n<title>London washingtoni nagyk\u00f6vete alkalmatlannak nevezte Trumpot - Super News<\/title>\n<meta name=\"robots\" content=\"index, follow, max-snippet:-1, max-image-preview:large, max-video-preview:-1\" \/>\n<link rel=\"canonical\" href=\"https:\/\/super-news.info\/hu\/london-washingtoni-nagykovete-alkalmatlannak-nevezte-trumpot\/\" \/>\n<meta property=\"og:locale\" content=\"hu_HU\" \/>\n<meta property=\"og:type\" content=\"article\" \/>\n<meta property=\"og:title\" content=\"London washingtoni nagyk\u00f6vete alkalmatlannak nevezte Trumpot - Super News\" \/>\n<meta property=\"og:description\" content=\"[ad_1] Alkalmatlannak, megb\u00edzhatatlannak \u00e9s hozz\u00e1 nem \u00e9rt\u0151nek is nevezte Donald Trump amerikai eln\u00f6k\u00f6t London washingtoni nagyk\u00f6vete, Sir Kim Darroch a brit k\u00fcl\u00fcgyminiszt\u00e9riumnak k\u00fcld\u00f6tt titkos diplom\u00e1ciai jelent\u00e9seiben, amelyeket a CNN amerikai h\u00edrtelev\u00edzi\u00f3 \u00e9s a Daily Mail c\u00edm\u0171 brit lap is nyilv\u00e1noss\u00e1gra hozott vas\u00e1rnapra virrad\u00f3ra. El\u0151sz\u00f6r a brit lap sziv\u00e1rogtatta ki Darroch jelent\u00e9seit, hiteless\u00e9g\u00fcket pedig az amerikai [&hellip;]\" \/>\n<meta property=\"og:url\" content=\"https:\/\/super-news.info\/hu\/london-washingtoni-nagykovete-alkalmatlannak-nevezte-trumpot\/\" \/>\n<meta property=\"og:site_name\" content=\"Super News\" \/>\n<meta property=\"article:published_time\" content=\"2019-07-07T12:54:55+00:00\" \/>\n<meta property=\"og:image\" content=\"https:\/\/super-news.info\/hu\/wp-content\/uploads\/sites\/3\/2019\/06\/A-vil\u00e1ggazdas\u00e1g-mindenki-meccse-de-csak-az-USA-nyer.jpg\" \/>\n\t<meta property=\"og:image:width\" content=\"1400\" \/>\n\t<meta property=\"og:image:height\" content=\"1059\" \/>\n\t<meta property=\"og:image:type\" content=\"image\/jpeg\" \/>\n<meta name=\"author\" content=\"super-news\" \/>\n<meta name=\"twitter:card\" content=\"summary_large_image\" \/>\n<meta name=\"twitter:label1\" content=\"Szerz\u0151:\" \/>\n\t<meta name=\"twitter:data1\" content=\"super-news\" \/>\n\t<meta name=\"twitter:label2\" content=\"Becs\u00fclt olvas\u00e1si id\u0151\" \/>\n\t<meta name=\"twitter:data2\" content=\"2 perc\" \/>\n<script type=\"application\/ld+json\" class=\"yoast-schema-graph\">{\"@context\":\"https:\\\/\\\/schema.org\",\"@graph\":[{\"@type\":\"Article\",\"@id\":\"https:\\\/\\\/super-news.info\\\/hu\\\/london-washingtoni-nagykovete-alkalmatlannak-nevezte-trumpot\\\/#article\",\"isPartOf\":{\"@id\":\"https:\\\/\\\/super-news.info\\\/hu\\\/london-washingtoni-nagykovete-alkalmatlannak-nevezte-trumpot\\\/\"},\"author\":{\"name\":\"super-news\",\"@id\":\"https:\\\/\\\/super-news.info\\\/hu\\\/#\\\/schema\\\/person\\\/2d4068cb2f39cd10008c2fce578a7356\"},\"headline\":\"London washingtoni nagyk\u00f6vete alkalmatlannak nevezte Trumpot\",\"datePublished\":\"2019-07-07T12:54:55+00:00\",\"mainEntityOfPage\":{\"@id\":\"https:\\\/\\\/super-news.info\\\/hu\\\/london-washingtoni-nagykovete-alkalmatlannak-nevezte-trumpot\\\/\"},\"wordCount\":413,\"commentCount\":0,\"image\":{\"@id\":\"https:\\\/\\\/super-news.info\\\/hu\\\/london-washingtoni-nagykovete-alkalmatlannak-nevezte-trumpot\\\/#primaryimage\"},\"thumbnailUrl\":\"https:\\\/\\\/super-news.info\\\/hu\\\/wp-content\\\/uploads\\\/sites\\\/3\\\/2019\\\/06\\\/A-vil\u00e1ggazdas\u00e1g-mindenki-meccse-de-csak-az-USA-nyer.jpg\",\"articleSection\":[\"P\u00c9NZ\u00dcGYI H\u00cdREK\"],\"inLanguage\":\"hu\",\"potentialAction\":[{\"@type\":\"CommentAction\",\"name\":\"Comment\",\"target\":[\"https:\\\/\\\/super-news.info\\\/hu\\\/london-washingtoni-nagykovete-alkalmatlannak-nevezte-trumpot\\\/#respond\"]}]},{\"@type\":\"WebPage\",\"@id\":\"https:\\\/\\\/super-news.info\\\/hu\\\/london-washingtoni-nagykovete-alkalmatlannak-nevezte-trumpot\\\/\",\"url\":\"https:\\\/\\\/super-news.info\\\/hu\\\/london-washingtoni-nagykovete-alkalmatlannak-nevezte-trumpot\\\/\",\"name\":\"London washingtoni nagyk\u00f6vete alkalmatlannak nevezte Trumpot - Super News\",\"isPartOf\":{\"@id\":\"https:\\\/\\\/super-news.info\\\/hu\\\/#website\"},\"primaryImageOfPage\":{\"@id\":\"https:\\\/\\\/super-news.info\\\/hu\\\/london-washingtoni-nagykovete-alkalmatlannak-nevezte-trumpot\\\/#primaryimage\"},\"image\":{\"@id\":\"https:\\\/\\\/super-news.info\\\/hu\\\/london-washingtoni-nagykovete-alkalmatlannak-nevezte-trumpot\\\/#primaryimage\"},\"thumbnailUrl\":\"https:\\\/\\\/super-news.info\\\/hu\\\/wp-content\\\/uploads\\\/sites\\\/3\\\/2019\\\/06\\\/A-vil\u00e1ggazdas\u00e1g-mindenki-meccse-de-csak-az-USA-nyer.jpg\",\"datePublished\":\"2019-07-07T12:54:55+00:00\",\"author\":{\"@id\":\"https:\\\/\\\/super-news.info\\\/hu\\\/#\\\/schema\\\/person\\\/2d4068cb2f39cd10008c2fce578a7356\"},\"breadcrumb\":{\"@id\":\"https:\\\/\\\/super-news.info\\\/hu\\\/london-washingtoni-nagykovete-alkalmatlannak-nevezte-trumpot\\\/#breadcrumb\"},\"inLanguage\":\"hu\",\"potentialAction\":[{\"@type\":\"ReadAction\",\"target\":[\"https:\\\/\\\/super-news.info\\\/hu\\\/london-washingtoni-nagykovete-alkalmatlannak-nevezte-trumpot\\\/\"]}]},{\"@type\":\"ImageObject\",\"inLanguage\":\"hu\",\"@id\":\"https:\\\/\\\/super-news.info\\\/hu\\\/london-washingtoni-nagykovete-alkalmatlannak-nevezte-trumpot\\\/#primaryimage\",\"url\":\"https:\\\/\\\/super-news.info\\\/hu\\\/wp-content\\\/uploads\\\/sites\\\/3\\\/2019\\\/06\\\/A-vil\u00e1ggazdas\u00e1g-mindenki-meccse-de-csak-az-USA-nyer.jpg\",\"contentUrl\":\"https:\\\/\\\/super-news.info\\\/hu\\\/wp-content\\\/uploads\\\/sites\\\/3\\\/2019\\\/06\\\/A-vil\u00e1ggazdas\u00e1g-mindenki-meccse-de-csak-az-USA-nyer.jpg\",\"width\":1400,\"height\":1059,\"caption\":\"A vil\u00e1ggazdas\u00e1g mindenki meccse, de csak az USA nyer\"},{\"@type\":\"BreadcrumbList\",\"@id\":\"https:\\\/\\\/super-news.info\\\/hu\\\/london-washingtoni-nagykovete-alkalmatlannak-nevezte-trumpot\\\/#breadcrumb\",\"itemListElement\":[{\"@type\":\"ListItem\",\"position\":1,\"name\":\"\u0413\u043b\u0430\u0432\u043d\u0430\u044f \u0441\u0442\u0440\u0430\u043d\u0438\u0446\u0430\",\"item\":\"https:\\\/\\\/super-news.info\\\/hu\\\/\"},{\"@type\":\"ListItem\",\"position\":2,\"name\":\"London washingtoni nagyk\u00f6vete alkalmatlannak nevezte Trumpot\"}]},{\"@type\":\"WebSite\",\"@id\":\"https:\\\/\\\/super-news.info\\\/hu\\\/#website\",\"url\":\"https:\\\/\\\/super-news.info\\\/hu\\\/\",\"name\":\"Super News\",\"description\":\"Super News Magyarorsz\u00e1g\",\"potentialAction\":[{\"@type\":\"SearchAction\",\"target\":{\"@type\":\"EntryPoint\",\"urlTemplate\":\"https:\\\/\\\/super-news.info\\\/hu\\\/?s={search_term_string}\"},\"query-input\":{\"@type\":\"PropertyValueSpecification\",\"valueRequired\":true,\"valueName\":\"search_term_string\"}}],\"inLanguage\":\"hu\"},{\"@type\":\"Person\",\"@id\":\"https:\\\/\\\/super-news.info\\\/hu\\\/#\\\/schema\\\/person\\\/2d4068cb2f39cd10008c2fce578a7356\",\"name\":\"super-news\",\"image\":{\"@type\":\"ImageObject\",\"inLanguage\":\"hu\",\"@id\":\"https:\\\/\\\/secure.gravatar.com\\\/avatar\\\/64ebac40b93f26a154f8a9b5b6fdccfc46f442b26b3dd6756dbff3bf9dc76fd7?s=96&d=mm&r=g\",\"url\":\"https:\\\/\\\/secure.gravatar.com\\\/avatar\\\/64ebac40b93f26a154f8a9b5b6fdccfc46f442b26b3dd6756dbff3bf9dc76fd7?s=96&d=mm&r=g\",\"contentUrl\":\"https:\\\/\\\/secure.gravatar.com\\\/avatar\\\/64ebac40b93f26a154f8a9b5b6fdccfc46f442b26b3dd6756dbff3bf9dc76fd7?s=96&d=mm&r=g\",\"caption\":\"super-news\"},\"url\":\"https:\\\/\\\/super-news.info\\\/hu\\\/author\\\/pt\\\/\"}]}<\/script>\n<!-- \/ Yoast SEO plugin. -->","yoast_head_json":{"title":"London washingtoni nagyk\u00f6vete alkalmatlannak nevezte Trumpot - Super News","robots":{"index":"index","follow":"follow","max-snippet":"max-snippet:-1","max-image-preview":"max-image-preview:large","max-video-preview":"max-video-preview:-1"},"canonical":"https:\/\/super-news.info\/hu\/london-washingtoni-nagykovete-alkalmatlannak-nevezte-trumpot\/","og_locale":"hu_HU","og_type":"article","og_title":"London washingtoni nagyk\u00f6vete alkalmatlannak nevezte Trumpot - Super News","og_description":"[ad_1] Alkalmatlannak, megb\u00edzhatatlannak \u00e9s hozz\u00e1 nem \u00e9rt\u0151nek is nevezte Donald Trump amerikai eln\u00f6k\u00f6t London washingtoni nagyk\u00f6vete, Sir Kim Darroch a brit k\u00fcl\u00fcgyminiszt\u00e9riumnak k\u00fcld\u00f6tt titkos diplom\u00e1ciai jelent\u00e9seiben, amelyeket a CNN amerikai h\u00edrtelev\u00edzi\u00f3 \u00e9s a Daily Mail c\u00edm\u0171 brit lap is nyilv\u00e1noss\u00e1gra hozott vas\u00e1rnapra virrad\u00f3ra. El\u0151sz\u00f6r a brit lap sziv\u00e1rogtatta ki Darroch jelent\u00e9seit, hiteless\u00e9g\u00fcket pedig az amerikai [&hellip;]","og_url":"https:\/\/super-news.info\/hu\/london-washingtoni-nagykovete-alkalmatlannak-nevezte-trumpot\/","og_site_name":"Super News","article_published_time":"2019-07-07T12:54:55+00:00","og_image":[{"width":1400,"height":1059,"url":"https:\/\/super-news.info\/hu\/wp-content\/uploads\/sites\/3\/2019\/06\/A-vil\u00e1ggazdas\u00e1g-mindenki-meccse-de-csak-az-USA-nyer.jpg","type":"image\/jpeg"}],"author":"super-news","twitter_card":"summary_large_image","twitter_misc":{"Szerz\u0151:":"super-news","Becs\u00fclt olvas\u00e1si id\u0151":"2 perc"},"schema":{"@context":"https:\/\/schema.org","@graph":[{"@type":"Article","@id":"https:\/\/super-news.info\/hu\/london-washingtoni-nagykovete-alkalmatlannak-nevezte-trumpot\/#article","isPartOf":{"@id":"https:\/\/super-news.info\/hu\/london-washingtoni-nagykovete-alkalmatlannak-nevezte-trumpot\/"},"author":{"name":"super-news","@id":"https:\/\/super-news.info\/hu\/#\/schema\/person\/2d4068cb2f39cd10008c2fce578a7356"},"headline":"London washingtoni nagyk\u00f6vete alkalmatlannak nevezte Trumpot","datePublished":"2019-07-07T12:54:55+00:00","mainEntityOfPage":{"@id":"https:\/\/super-news.info\/hu\/london-washingtoni-nagykovete-alkalmatlannak-nevezte-trumpot\/"},"wordCount":413,"commentCount":0,"image":{"@id":"https:\/\/super-news.info\/hu\/london-washingtoni-nagykovete-alkalmatlannak-nevezte-trumpot\/#primaryimage"},"thumbnailUrl":"https:\/\/super-news.info\/hu\/wp-content\/uploads\/sites\/3\/2019\/06\/A-vil\u00e1ggazdas\u00e1g-mindenki-meccse-de-csak-az-USA-nyer.jpg","articleSection":["P\u00c9NZ\u00dcGYI H\u00cdREK"],"inLanguage":"hu","potentialAction":[{"@type":"CommentAction","name":"Comment","target":["https:\/\/super-news.info\/hu\/london-washingtoni-nagykovete-alkalmatlannak-nevezte-trumpot\/#respond"]}]},{"@type":"WebPage","@id":"https:\/\/super-news.info\/hu\/london-washingtoni-nagykovete-alkalmatlannak-nevezte-trumpot\/","url":"https:\/\/super-news.info\/hu\/london-washingtoni-nagykovete-alkalmatlannak-nevezte-trumpot\/","name":"London washingtoni nagyk\u00f6vete alkalmatlannak nevezte Trumpot - Super News","isPartOf":{"@id":"https:\/\/super-news.info\/hu\/#website"},"primaryImageOfPage":{"@id":"https:\/\/super-news.info\/hu\/london-washingtoni-nagykovete-alkalmatlannak-nevezte-trumpot\/#primaryimage"},"image":{"@id":"https:\/\/super-news.info\/hu\/london-washingtoni-nagykovete-alkalmatlannak-nevezte-trumpot\/#primaryimage"},"thumbnailUrl":"https:\/\/super-news.info\/hu\/wp-content\/uploads\/sites\/3\/2019\/06\/A-vil\u00e1ggazdas\u00e1g-mindenki-meccse-de-csak-az-USA-nyer.jpg","datePublished":"2019-07-07T12:54:55+00:00","author":{"@id":"https:\/\/super-news.info\/hu\/#\/schema\/person\/2d4068cb2f39cd10008c2fce578a7356"},"breadcrumb":{"@id":"https:\/\/super-news.info\/hu\/london-washingtoni-nagykovete-alkalmatlannak-nevezte-trumpot\/#breadcrumb"},"inLanguage":"hu","potentialAction":[{"@type":"ReadAction","target":["https:\/\/super-news.info\/hu\/london-washingtoni-nagykovete-alkalmatlannak-nevezte-trumpot\/"]}]},{"@type":"ImageObject","inLanguage":"hu","@id":"https:\/\/super-news.info\/hu\/london-washingtoni-nagykovete-alkalmatlannak-nevezte-trumpot\/#primaryimage","url":"https:\/\/super-news.info\/hu\/wp-content\/uploads\/sites\/3\/2019\/06\/A-vil\u00e1ggazdas\u00e1g-mindenki-meccse-de-csak-az-USA-nyer.jpg","contentUrl":"https:\/\/super-news.info\/hu\/wp-content\/uploads\/sites\/3\/2019\/06\/A-vil\u00e1ggazdas\u00e1g-mindenki-meccse-de-csak-az-USA-nyer.jpg","width":1400,"height":1059,"caption":"A vil\u00e1ggazdas\u00e1g mindenki meccse, de csak az USA nyer"},{"@type":"BreadcrumbList","@id":"https:\/\/super-news.info\/hu\/london-washingtoni-nagykovete-alkalmatlannak-nevezte-trumpot\/#breadcrumb","itemListElement":[{"@type":"ListItem","position":1,"name":"\u0413\u043b\u0430\u0432\u043d\u0430\u044f \u0441\u0442\u0440\u0430\u043d\u0438\u0446\u0430","item":"https:\/\/super-news.info\/hu\/"},{"@type":"ListItem","position":2,"name":"London washingtoni nagyk\u00f6vete alkalmatlannak nevezte Trumpot"}]},{"@type":"WebSite","@id":"https:\/\/super-news.info\/hu\/#website","url":"https:\/\/super-news.info\/hu\/","name":"Super News","description":"Super News Magyarorsz\u00e1g","potentialAction":[{"@type":"SearchAction","target":{"@type":"EntryPoint","urlTemplate":"https:\/\/super-news.info\/hu\/?s={search_term_string}"},"query-input":{"@type":"PropertyValueSpecification","valueRequired":true,"valueName":"search_term_string"}}],"inLanguage":"hu"},{"@type":"Person","@id":"https:\/\/super-news.info\/hu\/#\/schema\/person\/2d4068cb2f39cd10008c2fce578a7356","name":"super-news","image":{"@type":"ImageObject","inLanguage":"hu","@id":"https:\/\/secure.gravatar.com\/avatar\/64ebac40b93f26a154f8a9b5b6fdccfc46f442b26b3dd6756dbff3bf9dc76fd7?s=96&d=mm&r=g","url":"https:\/\/secure.gravatar.com\/avatar\/64ebac40b93f26a154f8a9b5b6fdccfc46f442b26b3dd6756dbff3bf9dc76fd7?s=96&d=mm&r=g","contentUrl":"https:\/\/secure.gravatar.com\/avatar\/64ebac40b93f26a154f8a9b5b6fdccfc46f442b26b3dd6756dbff3bf9dc76fd7?s=96&d=mm&r=g","caption":"super-news"},"url":"https:\/\/super-news.info\/hu\/author\/pt\/"}]}},"_links":{"self":[{"href":"https:\/\/super-news.info\/hu\/wp-json\/wp\/v2\/posts\/5540","targetHints":{"allow":["GET"]}}],"collection":[{"href":"https:\/\/super-news.info\/hu\/wp-json\/wp\/v2\/posts"}],"about":[{"href":"https:\/\/super-news.info\/hu\/wp-json\/wp\/v2\/types\/post"}],"author":[{"embeddable":true,"href":"https:\/\/super-news.info\/hu\/wp-json\/wp\/v2\/users\/2"}],"replies":[{"embeddable":true,"href":"https:\/\/super-news.info\/hu\/wp-json\/wp\/v2\/comments?post=5540"}],"version-history":[{"count":1,"href":"https:\/\/super-news.info\/hu\/wp-json\/wp\/v2\/posts\/5540\/revisions"}],"predecessor-version":[{"id":5541,"href":"https:\/\/super-news.info\/hu\/wp-json\/wp\/v2\/posts\/5540\/revisions\/5541"}],"wp:featuredmedia":[{"embeddable":true,"href":"https:\/\/super-news.info\/hu\/wp-json\/wp\/v2\/media\/3868"}],"wp:attachment":[{"href":"https:\/\/super-news.info\/hu\/wp-json\/wp\/v2\/media?parent=5540"}],"wp:term":[{"taxonomy":"category","embeddable":true,"href":"https:\/\/super-news.info\/hu\/wp-json\/wp\/v2\/categories?post=5540"},{"taxonomy":"post_tag","embeddable":true,"href":"https:\/\/super-news.info\/hu\/wp-json\/wp\/v2\/tags?post=5540"}],"curies":[{"name":"wp","href":"https:\/\/api.w.org\/{rel}","templated":true}]}}