{"id":5537,"date":"2019-07-07T14:55:56","date_gmt":"2019-07-07T11:55:56","guid":{"rendered":"https:\/\/super-news.info\/hu\/melyponton-az-opec-olajtermelese-vilaggazdasag\/"},"modified":"2019-07-07T14:55:57","modified_gmt":"2019-07-07T11:55:57","slug":"melyponton-az-opec-olajtermelese-vilaggazdasag","status":"publish","type":"post","link":"https:\/\/super-news.info\/hu\/melyponton-az-opec-olajtermelese-vilaggazdasag\/","title":{"rendered":"M\u00e9lyponton az OPEC olajtermel\u00e9se | Vil\u00e1ggazdas\u00e1g"},"content":{"rendered":"<p> [ad_1]<br \/>\n<\/p>\n<p>\n\t\t\t\t\t\t\t\tA K\u0151olaj-export\u00e1l\u00f3 Orsz\u00e1gok Szervezet\u00e9nek (OPEC) olajtermel\u00e9se \u00f6t \u00e9ve legalacsonyabb szintre cs\u00f6kkent j\u00faniusban, amikor a nagyobb sza\u00fadi olajtermel\u00e9st r\u00e9szben ellens\u00falyozta Ir\u00e1n \u00e9s Venezuela termel\u00e9ses\u00e9se.\t\t\t\t\t\t\t<\/p>\n<div>\n<p>A Reuters h\u00edr\u00fcgyn\u00f6ks\u00e9g tengeri sz\u00e1ll\u00edtm\u00e1nyoz\u00f3k \u00e9s olajpiaci keresked\u0151k k\u00f6r\u00e9ben v\u00e9gzett felm\u00e9r\u00e9se alapj\u00e1n az val\u00f3sz\u00edn\u0171s\u00edthet\u0151, hogy az OPEC j\u00faniusi termel\u00e9se napi 29,60 milli\u00f3 hord\u00f3 volt, napi 170 ezer hord\u00f3val kisebb a m\u00e1jusin\u00e1l \u00e9s 2014 \u00f3ta a legalacsonyabb.<\/p>\n<p>A Reuters felm\u00e9r\u00e9se szerint Venezuela olajtermel\u00e9se a m\u00e1jusi napi 750 ezer hord\u00f3r\u00f3l 740 ezer hord\u00f3ra, Ir\u00e1n\u00e9 napi 2,2 milli\u00f3 hord\u00f3r\u00f3l 2,15 milli\u00f3 hord\u00f3ra, L\u00edbi\u00e1\u00e9 pedig napi 1,250 milli\u00f3 hord\u00f3r\u00f3l 1,220 milli\u00f3 hord\u00f3ra apadt. Ek\u00f6zben a sza\u00fadi olajtermel\u00e9s napi 100 ezer hord\u00f3val, nap 9,8 milli\u00f3 hord\u00f3ra emelkedett.<\/p>\n<h3>Visszafogt\u00e1k az olajtermel\u00e9st<\/h3>\n<p>Az OPEC \u00e9s az azon k\u00edv\u00fcli sz\u00f6vets\u00e9geseit t\u00f6m\u00f6r\u00edt\u0151 OPEC+ csoport tavaly december elej\u00e9n arr\u00f3l d\u00f6nt\u00f6tt, hogy az okt\u00f3beri termel\u00e9st alapul v\u00e9ve, id\u00e9n janu\u00e1r 1-t\u0151l egy\u00fcttesen napi 1,2 milli\u00f3 hord\u00f3val fogja vissza kitermel\u00e9s\u00e9t f\u00e9l \u00e9vig.<\/p>\n<p>A hat h\u00f3nap j\u00fanius v\u00e9g\u00e9n lej\u00e1rt \u00e9s a v\u00e1llal\u00e1st a h\u00e9t k\u00f6zep\u00e9n tov\u00e1bbi kilenc h\u00f3nappal meghosszabb\u00edtott\u00e1k az olajpiac stabilit\u00e1s\u00e1nak \u00e9s az \u00e1rak al\u00e1t\u00e1maszt\u00e1s\u00e1nak az \u00e9rdek\u00e9ben.<\/p>\n<div id=\"attachment_676745\" style=\"width: 1410px\" class=\"wp-caption aligncenter\">\n<p class=\"wp-caption-text\">Fot\u00f3: AFP<\/p>\n<\/div>\n<p>Az OPEC \u00e1ltal v\u00e1llalt termel\u00e9scs\u00f6kkent\u00e9s 11 tagorsz\u00e1gra vonatkozik a 14-b\u0151l, Ir\u00e1n, L\u00edbia \u00e9s Venezuela termel\u00e9s\u00e9t nem veszik figyelembe.<\/p>\n<p>A 11 tagorsz\u00e1g egy\u00fcttes j\u00faniusi termel\u00e9se a becsl\u00e9sek szerint napi 25,486 milli\u00f3 hord\u00f3ra cs\u00f6kkent a m\u00e1jusi 25,565 milli\u00f3 hord\u00f3r\u00f3l.<\/p>\n<p>P\u00e9nteken az \u00e9szaki-tengeri Brent olajfajta hord\u00f3nk\u00e9nti \u00e1ra 93 cent, 1,47 sz\u00e1zal\u00e9k emelked\u00e9ssel, 64,23 doll\u00e1ron \u00e1llt.<\/p>\n<\/p><\/div>\n<p><script>\n    window.fbAsyncInit = function() {\n        FB.init({\n            appId      : \"204760236815359\",\n            xfbml      : true,\n            version    : \"v2.12\"\n        });\n        FB.AppEvents.logPageView();\n    };<\/p>\n<p>    (function(d, s, id){\n        var js, fjs = d.getElementsByTagName(s)[0];\n        if (d.getElementById(id)) {return;}\n        js = d.createElement(s); js.id = id;\n        js.src = \"http:\/\/connect.facebook.net\/hu_HU\/sdk.js\";\n        fjs.parentNode.insertBefore(js, fjs);\n    }(document, \"script\", \"facebook-jssdk\"));\n<\/script><br \/>\n<br \/>[ad_2]<br \/>\n<br \/><a href=\"https:\/\/www.vg.hu\/gazdasag\/gazdasagi-hirek\/melyponton-az-opec-olajtermelese-1614356\/\">Source link <\/a><\/p>\n","protected":false},"excerpt":{"rendered":"<p>[ad_1] A K\u0151olaj-export\u00e1l\u00f3 Orsz\u00e1gok Szervezet\u00e9nek (OPEC) olajtermel\u00e9se \u00f6t \u00e9ve legalacsonyabb szintre cs\u00f6kkent j\u00faniusban, amikor a nagyobb sza\u00fadi olajtermel\u00e9st r\u00e9szben ellens\u00falyozta Ir\u00e1n \u00e9s Venezuela termel\u00e9ses\u00e9se. A Reuters h\u00edr\u00fcgyn\u00f6ks\u00e9g tengeri sz\u00e1ll\u00edtm\u00e1nyoz\u00f3k \u00e9s olajpiaci keresked\u0151k k\u00f6r\u00e9ben v\u00e9gzett felm\u00e9r\u00e9se alapj\u00e1n az val\u00f3sz\u00edn\u0171s\u00edthet\u0151, hogy az OPEC j\u00faniusi termel\u00e9se napi 29,60 milli\u00f3 hord\u00f3 volt, napi 170 ezer hord\u00f3val kisebb a m\u00e1jusin\u00e1l [&hellip;]<\/p>\n","protected":false},"author":2,"featured_media":5538,"comment_status":"open","ping_status":"open","sticky":false,"template":"","format":"standard","meta":{"footnotes":""},"categories":[1],"tags":[],"class_list":["post-5537","post","type-post","status-publish","format-standard","has-post-thumbnail","hentry","category-penzugyi-hirek"],"yoast_head":"<!-- This site is optimized with the Yoast SEO plugin v27.4 - https:\/\/yoast.com\/product\/yoast-seo-wordpress\/ -->\n<title>M\u00e9lyponton az OPEC olajtermel\u00e9se | Vil\u00e1ggazdas\u00e1g - Super News<\/title>\n<meta name=\"robots\" content=\"index, follow, max-snippet:-1, max-image-preview:large, max-video-preview:-1\" \/>\n<link rel=\"canonical\" href=\"https:\/\/super-news.info\/hu\/melyponton-az-opec-olajtermelese-vilaggazdasag\/\" \/>\n<meta property=\"og:locale\" content=\"hu_HU\" \/>\n<meta property=\"og:type\" content=\"article\" \/>\n<meta property=\"og:title\" content=\"M\u00e9lyponton az OPEC olajtermel\u00e9se | Vil\u00e1ggazdas\u00e1g - Super News\" \/>\n<meta property=\"og:description\" content=\"[ad_1] A K\u0151olaj-export\u00e1l\u00f3 Orsz\u00e1gok Szervezet\u00e9nek (OPEC) olajtermel\u00e9se \u00f6t \u00e9ve legalacsonyabb szintre cs\u00f6kkent j\u00faniusban, amikor a nagyobb sza\u00fadi olajtermel\u00e9st r\u00e9szben ellens\u00falyozta Ir\u00e1n \u00e9s Venezuela termel\u00e9ses\u00e9se. A Reuters h\u00edr\u00fcgyn\u00f6ks\u00e9g tengeri sz\u00e1ll\u00edtm\u00e1nyoz\u00f3k \u00e9s olajpiaci keresked\u0151k k\u00f6r\u00e9ben v\u00e9gzett felm\u00e9r\u00e9se alapj\u00e1n az val\u00f3sz\u00edn\u0171s\u00edthet\u0151, hogy az OPEC j\u00faniusi termel\u00e9se napi 29,60 milli\u00f3 hord\u00f3 volt, napi 170 ezer hord\u00f3val kisebb a m\u00e1jusin\u00e1l [&hellip;]\" \/>\n<meta property=\"og:url\" content=\"https:\/\/super-news.info\/hu\/melyponton-az-opec-olajtermelese-vilaggazdasag\/\" \/>\n<meta property=\"og:site_name\" content=\"Super News\" \/>\n<meta property=\"article:published_time\" content=\"2019-07-07T11:55:56+00:00\" \/>\n<meta property=\"article:modified_time\" content=\"2019-07-07T11:55:57+00:00\" \/>\n<meta property=\"og:image\" content=\"https:\/\/super-news.info\/hu\/wp-content\/uploads\/sites\/3\/2019\/07\/M\u00e9lyponton-az-OPEC-olajtermel\u00e9se-Vil\u00e1ggazdas\u00e1g.jpg\" \/>\n\t<meta property=\"og:image:width\" content=\"1400\" \/>\n\t<meta property=\"og:image:height\" content=\"910\" \/>\n\t<meta property=\"og:image:type\" content=\"image\/jpeg\" \/>\n<meta name=\"author\" content=\"super-news\" \/>\n<meta name=\"twitter:card\" content=\"summary_large_image\" \/>\n<meta name=\"twitter:label1\" content=\"Szerz\u0151:\" \/>\n\t<meta name=\"twitter:data1\" content=\"super-news\" \/>\n\t<meta name=\"twitter:label2\" content=\"Becs\u00fclt olvas\u00e1si id\u0151\" \/>\n\t<meta name=\"twitter:data2\" content=\"2 perc\" \/>\n<script type=\"application\/ld+json\" class=\"yoast-schema-graph\">{\"@context\":\"https:\\\/\\\/schema.org\",\"@graph\":[{\"@type\":\"Article\",\"@id\":\"https:\\\/\\\/super-news.info\\\/hu\\\/melyponton-az-opec-olajtermelese-vilaggazdasag\\\/#article\",\"isPartOf\":{\"@id\":\"https:\\\/\\\/super-news.info\\\/hu\\\/melyponton-az-opec-olajtermelese-vilaggazdasag\\\/\"},\"author\":{\"name\":\"super-news\",\"@id\":\"https:\\\/\\\/super-news.info\\\/hu\\\/#\\\/schema\\\/person\\\/2d4068cb2f39cd10008c2fce578a7356\"},\"headline\":\"M\u00e9lyponton az OPEC olajtermel\u00e9se | Vil\u00e1ggazdas\u00e1g\",\"datePublished\":\"2019-07-07T11:55:56+00:00\",\"dateModified\":\"2019-07-07T11:55:57+00:00\",\"mainEntityOfPage\":{\"@id\":\"https:\\\/\\\/super-news.info\\\/hu\\\/melyponton-az-opec-olajtermelese-vilaggazdasag\\\/\"},\"wordCount\":345,\"commentCount\":0,\"image\":{\"@id\":\"https:\\\/\\\/super-news.info\\\/hu\\\/melyponton-az-opec-olajtermelese-vilaggazdasag\\\/#primaryimage\"},\"thumbnailUrl\":\"https:\\\/\\\/super-news.info\\\/hu\\\/wp-content\\\/uploads\\\/sites\\\/3\\\/2019\\\/07\\\/M\u00e9lyponton-az-OPEC-olajtermel\u00e9se-Vil\u00e1ggazdas\u00e1g.jpg\",\"articleSection\":[\"P\u00c9NZ\u00dcGYI H\u00cdREK\"],\"inLanguage\":\"hu\",\"potentialAction\":[{\"@type\":\"CommentAction\",\"name\":\"Comment\",\"target\":[\"https:\\\/\\\/super-news.info\\\/hu\\\/melyponton-az-opec-olajtermelese-vilaggazdasag\\\/#respond\"]}]},{\"@type\":\"WebPage\",\"@id\":\"https:\\\/\\\/super-news.info\\\/hu\\\/melyponton-az-opec-olajtermelese-vilaggazdasag\\\/\",\"url\":\"https:\\\/\\\/super-news.info\\\/hu\\\/melyponton-az-opec-olajtermelese-vilaggazdasag\\\/\",\"name\":\"M\u00e9lyponton az OPEC olajtermel\u00e9se | Vil\u00e1ggazdas\u00e1g - Super News\",\"isPartOf\":{\"@id\":\"https:\\\/\\\/super-news.info\\\/hu\\\/#website\"},\"primaryImageOfPage\":{\"@id\":\"https:\\\/\\\/super-news.info\\\/hu\\\/melyponton-az-opec-olajtermelese-vilaggazdasag\\\/#primaryimage\"},\"image\":{\"@id\":\"https:\\\/\\\/super-news.info\\\/hu\\\/melyponton-az-opec-olajtermelese-vilaggazdasag\\\/#primaryimage\"},\"thumbnailUrl\":\"https:\\\/\\\/super-news.info\\\/hu\\\/wp-content\\\/uploads\\\/sites\\\/3\\\/2019\\\/07\\\/M\u00e9lyponton-az-OPEC-olajtermel\u00e9se-Vil\u00e1ggazdas\u00e1g.jpg\",\"datePublished\":\"2019-07-07T11:55:56+00:00\",\"dateModified\":\"2019-07-07T11:55:57+00:00\",\"author\":{\"@id\":\"https:\\\/\\\/super-news.info\\\/hu\\\/#\\\/schema\\\/person\\\/2d4068cb2f39cd10008c2fce578a7356\"},\"breadcrumb\":{\"@id\":\"https:\\\/\\\/super-news.info\\\/hu\\\/melyponton-az-opec-olajtermelese-vilaggazdasag\\\/#breadcrumb\"},\"inLanguage\":\"hu\",\"potentialAction\":[{\"@type\":\"ReadAction\",\"target\":[\"https:\\\/\\\/super-news.info\\\/hu\\\/melyponton-az-opec-olajtermelese-vilaggazdasag\\\/\"]}]},{\"@type\":\"ImageObject\",\"inLanguage\":\"hu\",\"@id\":\"https:\\\/\\\/super-news.info\\\/hu\\\/melyponton-az-opec-olajtermelese-vilaggazdasag\\\/#primaryimage\",\"url\":\"https:\\\/\\\/super-news.info\\\/hu\\\/wp-content\\\/uploads\\\/sites\\\/3\\\/2019\\\/07\\\/M\u00e9lyponton-az-OPEC-olajtermel\u00e9se-Vil\u00e1ggazdas\u00e1g.jpg\",\"contentUrl\":\"https:\\\/\\\/super-news.info\\\/hu\\\/wp-content\\\/uploads\\\/sites\\\/3\\\/2019\\\/07\\\/M\u00e9lyponton-az-OPEC-olajtermel\u00e9se-Vil\u00e1ggazdas\u00e1g.jpg\",\"width\":1400,\"height\":910,\"caption\":\"M\u00e9lyponton az OPEC olajtermel\u00e9se | Vil\u00e1ggazdas\u00e1g\"},{\"@type\":\"BreadcrumbList\",\"@id\":\"https:\\\/\\\/super-news.info\\\/hu\\\/melyponton-az-opec-olajtermelese-vilaggazdasag\\\/#breadcrumb\",\"itemListElement\":[{\"@type\":\"ListItem\",\"position\":1,\"name\":\"\u0413\u043b\u0430\u0432\u043d\u0430\u044f \u0441\u0442\u0440\u0430\u043d\u0438\u0446\u0430\",\"item\":\"https:\\\/\\\/super-news.info\\\/hu\\\/\"},{\"@type\":\"ListItem\",\"position\":2,\"name\":\"M\u00e9lyponton az OPEC olajtermel\u00e9se | Vil\u00e1ggazdas\u00e1g\"}]},{\"@type\":\"WebSite\",\"@id\":\"https:\\\/\\\/super-news.info\\\/hu\\\/#website\",\"url\":\"https:\\\/\\\/super-news.info\\\/hu\\\/\",\"name\":\"Super News\",\"description\":\"Super News Magyarorsz\u00e1g\",\"potentialAction\":[{\"@type\":\"SearchAction\",\"target\":{\"@type\":\"EntryPoint\",\"urlTemplate\":\"https:\\\/\\\/super-news.info\\\/hu\\\/?s={search_term_string}\"},\"query-input\":{\"@type\":\"PropertyValueSpecification\",\"valueRequired\":true,\"valueName\":\"search_term_string\"}}],\"inLanguage\":\"hu\"},{\"@type\":\"Person\",\"@id\":\"https:\\\/\\\/super-news.info\\\/hu\\\/#\\\/schema\\\/person\\\/2d4068cb2f39cd10008c2fce578a7356\",\"name\":\"super-news\",\"image\":{\"@type\":\"ImageObject\",\"inLanguage\":\"hu\",\"@id\":\"https:\\\/\\\/secure.gravatar.com\\\/avatar\\\/64ebac40b93f26a154f8a9b5b6fdccfc46f442b26b3dd6756dbff3bf9dc76fd7?s=96&d=mm&r=g\",\"url\":\"https:\\\/\\\/secure.gravatar.com\\\/avatar\\\/64ebac40b93f26a154f8a9b5b6fdccfc46f442b26b3dd6756dbff3bf9dc76fd7?s=96&d=mm&r=g\",\"contentUrl\":\"https:\\\/\\\/secure.gravatar.com\\\/avatar\\\/64ebac40b93f26a154f8a9b5b6fdccfc46f442b26b3dd6756dbff3bf9dc76fd7?s=96&d=mm&r=g\",\"caption\":\"super-news\"},\"url\":\"https:\\\/\\\/super-news.info\\\/hu\\\/author\\\/pt\\\/\"}]}<\/script>\n<!-- \/ Yoast SEO plugin. -->","yoast_head_json":{"title":"M\u00e9lyponton az OPEC olajtermel\u00e9se | Vil\u00e1ggazdas\u00e1g - Super News","robots":{"index":"index","follow":"follow","max-snippet":"max-snippet:-1","max-image-preview":"max-image-preview:large","max-video-preview":"max-video-preview:-1"},"canonical":"https:\/\/super-news.info\/hu\/melyponton-az-opec-olajtermelese-vilaggazdasag\/","og_locale":"hu_HU","og_type":"article","og_title":"M\u00e9lyponton az OPEC olajtermel\u00e9se | Vil\u00e1ggazdas\u00e1g - Super News","og_description":"[ad_1] A K\u0151olaj-export\u00e1l\u00f3 Orsz\u00e1gok Szervezet\u00e9nek (OPEC) olajtermel\u00e9se \u00f6t \u00e9ve legalacsonyabb szintre cs\u00f6kkent j\u00faniusban, amikor a nagyobb sza\u00fadi olajtermel\u00e9st r\u00e9szben ellens\u00falyozta Ir\u00e1n \u00e9s Venezuela termel\u00e9ses\u00e9se. A Reuters h\u00edr\u00fcgyn\u00f6ks\u00e9g tengeri sz\u00e1ll\u00edtm\u00e1nyoz\u00f3k \u00e9s olajpiaci keresked\u0151k k\u00f6r\u00e9ben v\u00e9gzett felm\u00e9r\u00e9se alapj\u00e1n az val\u00f3sz\u00edn\u0171s\u00edthet\u0151, hogy az OPEC j\u00faniusi termel\u00e9se napi 29,60 milli\u00f3 hord\u00f3 volt, napi 170 ezer hord\u00f3val kisebb a m\u00e1jusin\u00e1l [&hellip;]","og_url":"https:\/\/super-news.info\/hu\/melyponton-az-opec-olajtermelese-vilaggazdasag\/","og_site_name":"Super News","article_published_time":"2019-07-07T11:55:56+00:00","article_modified_time":"2019-07-07T11:55:57+00:00","og_image":[{"width":1400,"height":910,"url":"https:\/\/super-news.info\/hu\/wp-content\/uploads\/sites\/3\/2019\/07\/M\u00e9lyponton-az-OPEC-olajtermel\u00e9se-Vil\u00e1ggazdas\u00e1g.jpg","type":"image\/jpeg"}],"author":"super-news","twitter_card":"summary_large_image","twitter_misc":{"Szerz\u0151:":"super-news","Becs\u00fclt olvas\u00e1si id\u0151":"2 perc"},"schema":{"@context":"https:\/\/schema.org","@graph":[{"@type":"Article","@id":"https:\/\/super-news.info\/hu\/melyponton-az-opec-olajtermelese-vilaggazdasag\/#article","isPartOf":{"@id":"https:\/\/super-news.info\/hu\/melyponton-az-opec-olajtermelese-vilaggazdasag\/"},"author":{"name":"super-news","@id":"https:\/\/super-news.info\/hu\/#\/schema\/person\/2d4068cb2f39cd10008c2fce578a7356"},"headline":"M\u00e9lyponton az OPEC olajtermel\u00e9se | Vil\u00e1ggazdas\u00e1g","datePublished":"2019-07-07T11:55:56+00:00","dateModified":"2019-07-07T11:55:57+00:00","mainEntityOfPage":{"@id":"https:\/\/super-news.info\/hu\/melyponton-az-opec-olajtermelese-vilaggazdasag\/"},"wordCount":345,"commentCount":0,"image":{"@id":"https:\/\/super-news.info\/hu\/melyponton-az-opec-olajtermelese-vilaggazdasag\/#primaryimage"},"thumbnailUrl":"https:\/\/super-news.info\/hu\/wp-content\/uploads\/sites\/3\/2019\/07\/M\u00e9lyponton-az-OPEC-olajtermel\u00e9se-Vil\u00e1ggazdas\u00e1g.jpg","articleSection":["P\u00c9NZ\u00dcGYI H\u00cdREK"],"inLanguage":"hu","potentialAction":[{"@type":"CommentAction","name":"Comment","target":["https:\/\/super-news.info\/hu\/melyponton-az-opec-olajtermelese-vilaggazdasag\/#respond"]}]},{"@type":"WebPage","@id":"https:\/\/super-news.info\/hu\/melyponton-az-opec-olajtermelese-vilaggazdasag\/","url":"https:\/\/super-news.info\/hu\/melyponton-az-opec-olajtermelese-vilaggazdasag\/","name":"M\u00e9lyponton az OPEC olajtermel\u00e9se | Vil\u00e1ggazdas\u00e1g - Super News","isPartOf":{"@id":"https:\/\/super-news.info\/hu\/#website"},"primaryImageOfPage":{"@id":"https:\/\/super-news.info\/hu\/melyponton-az-opec-olajtermelese-vilaggazdasag\/#primaryimage"},"image":{"@id":"https:\/\/super-news.info\/hu\/melyponton-az-opec-olajtermelese-vilaggazdasag\/#primaryimage"},"thumbnailUrl":"https:\/\/super-news.info\/hu\/wp-content\/uploads\/sites\/3\/2019\/07\/M\u00e9lyponton-az-OPEC-olajtermel\u00e9se-Vil\u00e1ggazdas\u00e1g.jpg","datePublished":"2019-07-07T11:55:56+00:00","dateModified":"2019-07-07T11:55:57+00:00","author":{"@id":"https:\/\/super-news.info\/hu\/#\/schema\/person\/2d4068cb2f39cd10008c2fce578a7356"},"breadcrumb":{"@id":"https:\/\/super-news.info\/hu\/melyponton-az-opec-olajtermelese-vilaggazdasag\/#breadcrumb"},"inLanguage":"hu","potentialAction":[{"@type":"ReadAction","target":["https:\/\/super-news.info\/hu\/melyponton-az-opec-olajtermelese-vilaggazdasag\/"]}]},{"@type":"ImageObject","inLanguage":"hu","@id":"https:\/\/super-news.info\/hu\/melyponton-az-opec-olajtermelese-vilaggazdasag\/#primaryimage","url":"https:\/\/super-news.info\/hu\/wp-content\/uploads\/sites\/3\/2019\/07\/M\u00e9lyponton-az-OPEC-olajtermel\u00e9se-Vil\u00e1ggazdas\u00e1g.jpg","contentUrl":"https:\/\/super-news.info\/hu\/wp-content\/uploads\/sites\/3\/2019\/07\/M\u00e9lyponton-az-OPEC-olajtermel\u00e9se-Vil\u00e1ggazdas\u00e1g.jpg","width":1400,"height":910,"caption":"M\u00e9lyponton az OPEC olajtermel\u00e9se | Vil\u00e1ggazdas\u00e1g"},{"@type":"BreadcrumbList","@id":"https:\/\/super-news.info\/hu\/melyponton-az-opec-olajtermelese-vilaggazdasag\/#breadcrumb","itemListElement":[{"@type":"ListItem","position":1,"name":"\u0413\u043b\u0430\u0432\u043d\u0430\u044f \u0441\u0442\u0440\u0430\u043d\u0438\u0446\u0430","item":"https:\/\/super-news.info\/hu\/"},{"@type":"ListItem","position":2,"name":"M\u00e9lyponton az OPEC olajtermel\u00e9se | Vil\u00e1ggazdas\u00e1g"}]},{"@type":"WebSite","@id":"https:\/\/super-news.info\/hu\/#website","url":"https:\/\/super-news.info\/hu\/","name":"Super News","description":"Super News Magyarorsz\u00e1g","potentialAction":[{"@type":"SearchAction","target":{"@type":"EntryPoint","urlTemplate":"https:\/\/super-news.info\/hu\/?s={search_term_string}"},"query-input":{"@type":"PropertyValueSpecification","valueRequired":true,"valueName":"search_term_string"}}],"inLanguage":"hu"},{"@type":"Person","@id":"https:\/\/super-news.info\/hu\/#\/schema\/person\/2d4068cb2f39cd10008c2fce578a7356","name":"super-news","image":{"@type":"ImageObject","inLanguage":"hu","@id":"https:\/\/secure.gravatar.com\/avatar\/64ebac40b93f26a154f8a9b5b6fdccfc46f442b26b3dd6756dbff3bf9dc76fd7?s=96&d=mm&r=g","url":"https:\/\/secure.gravatar.com\/avatar\/64ebac40b93f26a154f8a9b5b6fdccfc46f442b26b3dd6756dbff3bf9dc76fd7?s=96&d=mm&r=g","contentUrl":"https:\/\/secure.gravatar.com\/avatar\/64ebac40b93f26a154f8a9b5b6fdccfc46f442b26b3dd6756dbff3bf9dc76fd7?s=96&d=mm&r=g","caption":"super-news"},"url":"https:\/\/super-news.info\/hu\/author\/pt\/"}]}},"_links":{"self":[{"href":"https:\/\/super-news.info\/hu\/wp-json\/wp\/v2\/posts\/5537","targetHints":{"allow":["GET"]}}],"collection":[{"href":"https:\/\/super-news.info\/hu\/wp-json\/wp\/v2\/posts"}],"about":[{"href":"https:\/\/super-news.info\/hu\/wp-json\/wp\/v2\/types\/post"}],"author":[{"embeddable":true,"href":"https:\/\/super-news.info\/hu\/wp-json\/wp\/v2\/users\/2"}],"replies":[{"embeddable":true,"href":"https:\/\/super-news.info\/hu\/wp-json\/wp\/v2\/comments?post=5537"}],"version-history":[{"count":1,"href":"https:\/\/super-news.info\/hu\/wp-json\/wp\/v2\/posts\/5537\/revisions"}],"predecessor-version":[{"id":5539,"href":"https:\/\/super-news.info\/hu\/wp-json\/wp\/v2\/posts\/5537\/revisions\/5539"}],"wp:featuredmedia":[{"embeddable":true,"href":"https:\/\/super-news.info\/hu\/wp-json\/wp\/v2\/media\/5538"}],"wp:attachment":[{"href":"https:\/\/super-news.info\/hu\/wp-json\/wp\/v2\/media?parent=5537"}],"wp:term":[{"taxonomy":"category","embeddable":true,"href":"https:\/\/super-news.info\/hu\/wp-json\/wp\/v2\/categories?post=5537"},{"taxonomy":"post_tag","embeddable":true,"href":"https:\/\/super-news.info\/hu\/wp-json\/wp\/v2\/tags?post=5537"}],"curies":[{"name":"wp","href":"https:\/\/api.w.org\/{rel}","templated":true}]}}