{"id":5535,"date":"2019-07-07T14:03:42","date_gmt":"2019-07-07T11:03:42","guid":{"rendered":"https:\/\/super-news.info\/hu\/nemetorszag-vilagbajnok-lenne-elektromosauto-gyartasban-vilaggazdasag\/"},"modified":"2019-07-07T14:03:43","modified_gmt":"2019-07-07T11:03:43","slug":"nemetorszag-vilagbajnok-lenne-elektromosauto-gyartasban-vilaggazdasag","status":"publish","type":"post","link":"https:\/\/super-news.info\/hu\/nemetorszag-vilagbajnok-lenne-elektromosauto-gyartasban-vilaggazdasag\/","title":{"rendered":"N\u00e9metorsz\u00e1g vil\u00e1gbajnok lenne elektromosaut\u00f3-gy\u00e1rt\u00e1sban | Vil\u00e1ggazdas\u00e1g"},"content":{"rendered":"<p> [ad_1]<br \/>\n<\/p>\n<p>\n\t\t\t\t\t\t\t\tN\u00e9metorsz\u00e1gnak vil\u00e1gbajnokk\u00e1 kell v\u00e1lnia az elektromos aut\u00f3k gy\u00e1rt\u00e1sa ter\u00e9n, \u00e9s az els\u0151 orsz\u00e1gnak kell lennie, amely megval\u00f3s\u00edtja \u00fatjain az \u00f6nvezet\u0151 aut\u00f3s k\u00f6zleked\u00e9s lehet\u0151s\u00e9g\u00e9t \u2013 jelentette ki a Bild c\u00edm\u0171 n\u00e9met t\u00f6meglap vas\u00e1rnapi kiad\u00e1s\u00e1ban Peter Altmaier n\u00e9met gazdas\u00e1gi miniszter.\t\t\t\t\t\t\t<\/p>\n<div>\n<p>A t\u00e1rcavezet\u0151 szerint N\u00e9metorsz\u00e1g c\u00e9lja nem az, hogy 2023-ra a vil\u00e1g legolcs\u00f3bb akkumul\u00e1torait \u00e1ll\u00edtsa el\u0151, hanem, hogy a legjobbakat.<\/p>\n<p>A n\u00e9met aut\u00f3ipar az ut\u00f3bbi \u00e9vekben \u00e9les b\u00edr\u00e1latok k\u00f6z\u00e9ppontj\u00e1ba ker\u00fclt, egyr\u00e9szt, mert kider\u00fclt, hogy a legnagyobb aut\u00f3gy\u00e1rt\u00f3k szinte kiv\u00e9tel n\u00e9lk\u00fcl \u00e9rintettek a k\u00e1rosanyag-kibocs\u00e1t\u00e1si adatok manipul\u00e1l\u00e1s\u00e1ban, m\u00e1sr\u00e9szt pedig az\u00e9rt, mert az \u00e1zsiai aut\u00f3gy\u00e1rt\u00f3k tetemes el\u0151nyre tettek szert a villanyaut\u00f3k gy\u00e1rt\u00e1sa ter\u00e9n.<\/p>\n<div id=\"attachment_1491379\" style=\"width: 1410px\" class=\"wp-caption aligncenter\">\n<p class=\"wp-caption-text\">Fot\u00f3: Shutterstock<\/p>\n<\/div>\n<p>Altmaier a napokban az Egyes\u00fclt \u00c1llamokban fog t\u00e1rgyalni, miut\u00e1n Donald Trump amerikai eln\u00f6k v\u00e1mokkal fenyegeti az eur\u00f3pai, \u00edgy a n\u00e9met aut\u00f3gy\u00e1rt\u00f3kat is. A miniszter al\u00e1h\u00fazza, hogy v\u00e1mok kivet\u00e9se mindenk\u00e9ppen munkahelyek megsz\u0171n\u00e9s\u00e9vel j\u00e1r, \u00e9s az lesz a f\u0151 \u00fczenete Washingtonban, hogy nagyon fontos, hogy a kereskedelmi kapcsolatokat ne terhelje semmilyen konfliktus.<\/p>\n<p>Peter Altmaier az \u00c9szaki \u00c1ramlat II. g\u00e1zvezet\u00e9kr\u0151l is besz\u00e9lt, \u00e9s visszautas\u00edtotta azt a v\u00e1dat, hogy \u00e1ltala N\u00e9metorsz\u00e1g f\u00fcgg\u0151v\u00e9 v\u00e1lik Oroszorsz\u00e1gt\u00f3l. A gazdas\u00e1gi miniszter szerint a sz\u00e1ll\u00edt\u00e1si \u00fatvonalak ler\u00f6vid\u00edt\u00e9se \u00e9s a sz\u00e1ll\u00edt\u00e1si strukt\u00far\u00e1k \u00e1talak\u00edt\u00e1sa a c\u00e9l. \u201eEz\u00e9rt \u00e9p\u00edt\u00fcnk termin\u00e1lt az amerikai cseppfoly\u00f3s\u00edtott f\u00f6ldg\u00e1z fogad\u00e1s\u00e1ra is\u201d \u2013 hangs\u00falyozta Altmaier.<\/p>\n<\/p><\/div>\n<p><script>\n    window.fbAsyncInit = function() {\n        FB.init({\n            appId      : \"204760236815359\",\n            xfbml      : true,\n            version    : \"v2.12\"\n        });\n        FB.AppEvents.logPageView();\n    };<\/p>\n<p>    (function(d, s, id){\n        var js, fjs = d.getElementsByTagName(s)[0];\n        if (d.getElementById(id)) {return;}\n        js = d.createElement(s); js.id = id;\n        js.src = \"http:\/\/connect.facebook.net\/hu_HU\/sdk.js\";\n        fjs.parentNode.insertBefore(js, fjs);\n    }(document, \"script\", \"facebook-jssdk\"));\n<\/script><br \/>\n<br \/>[ad_2]<br \/>\n<br \/><a href=\"https:\/\/www.vg.hu\/gazdasag\/gazdasagi-hirek\/nemetorszag-vilagbajnok-lenne-elektromosauto-gyartasban-1614191\/\">Source link <\/a><\/p>\n","protected":false},"excerpt":{"rendered":"<p>[ad_1] N\u00e9metorsz\u00e1gnak vil\u00e1gbajnokk\u00e1 kell v\u00e1lnia az elektromos aut\u00f3k gy\u00e1rt\u00e1sa ter\u00e9n, \u00e9s az els\u0151 orsz\u00e1gnak kell lennie, amely megval\u00f3s\u00edtja \u00fatjain az \u00f6nvezet\u0151 aut\u00f3s k\u00f6zleked\u00e9s lehet\u0151s\u00e9g\u00e9t \u2013 jelentette ki a Bild c\u00edm\u0171 n\u00e9met t\u00f6meglap vas\u00e1rnapi kiad\u00e1s\u00e1ban Peter Altmaier n\u00e9met gazdas\u00e1gi miniszter. A t\u00e1rcavezet\u0151 szerint N\u00e9metorsz\u00e1g c\u00e9lja nem az, hogy 2023-ra a vil\u00e1g legolcs\u00f3bb akkumul\u00e1torait \u00e1ll\u00edtsa el\u0151, hanem, [&hellip;]<\/p>\n","protected":false},"author":2,"featured_media":5067,"comment_status":"open","ping_status":"open","sticky":false,"template":"","format":"standard","meta":{"footnotes":""},"categories":[1],"tags":[],"class_list":["post-5535","post","type-post","status-publish","format-standard","has-post-thumbnail","hentry","category-penzugyi-hirek"],"yoast_head":"<!-- This site is optimized with the Yoast SEO plugin v27.4 - https:\/\/yoast.com\/product\/yoast-seo-wordpress\/ -->\n<title>N\u00e9metorsz\u00e1g vil\u00e1gbajnok lenne elektromosaut\u00f3-gy\u00e1rt\u00e1sban | Vil\u00e1ggazdas\u00e1g - Super News<\/title>\n<meta name=\"robots\" content=\"index, follow, max-snippet:-1, max-image-preview:large, max-video-preview:-1\" \/>\n<link rel=\"canonical\" href=\"https:\/\/super-news.info\/hu\/nemetorszag-vilagbajnok-lenne-elektromosauto-gyartasban-vilaggazdasag\/\" \/>\n<meta property=\"og:locale\" content=\"hu_HU\" \/>\n<meta property=\"og:type\" content=\"article\" \/>\n<meta property=\"og:title\" content=\"N\u00e9metorsz\u00e1g vil\u00e1gbajnok lenne elektromosaut\u00f3-gy\u00e1rt\u00e1sban | Vil\u00e1ggazdas\u00e1g - Super News\" \/>\n<meta property=\"og:description\" content=\"[ad_1] N\u00e9metorsz\u00e1gnak vil\u00e1gbajnokk\u00e1 kell v\u00e1lnia az elektromos aut\u00f3k gy\u00e1rt\u00e1sa ter\u00e9n, \u00e9s az els\u0151 orsz\u00e1gnak kell lennie, amely megval\u00f3s\u00edtja \u00fatjain az \u00f6nvezet\u0151 aut\u00f3s k\u00f6zleked\u00e9s lehet\u0151s\u00e9g\u00e9t \u2013 jelentette ki a Bild c\u00edm\u0171 n\u00e9met t\u00f6meglap vas\u00e1rnapi kiad\u00e1s\u00e1ban Peter Altmaier n\u00e9met gazdas\u00e1gi miniszter. A t\u00e1rcavezet\u0151 szerint N\u00e9metorsz\u00e1g c\u00e9lja nem az, hogy 2023-ra a vil\u00e1g legolcs\u00f3bb akkumul\u00e1torait \u00e1ll\u00edtsa el\u0151, hanem, [&hellip;]\" \/>\n<meta property=\"og:url\" content=\"https:\/\/super-news.info\/hu\/nemetorszag-vilagbajnok-lenne-elektromosauto-gyartasban-vilaggazdasag\/\" \/>\n<meta property=\"og:site_name\" content=\"Super News\" \/>\n<meta property=\"article:published_time\" content=\"2019-07-07T11:03:42+00:00\" \/>\n<meta property=\"article:modified_time\" content=\"2019-07-07T11:03:43+00:00\" \/>\n<meta property=\"og:image\" content=\"https:\/\/super-news.info\/hu\/wp-content\/uploads\/sites\/3\/2019\/06\/A-d\u00f6nt\u00e9shoz\u00f3kat-is-zavart\u00e1k-a-t\u00fal-halk-aut\u00f3k.jpg\" \/>\n\t<meta property=\"og:image:width\" content=\"1400\" \/>\n\t<meta property=\"og:image:height\" content=\"782\" \/>\n\t<meta property=\"og:image:type\" content=\"image\/jpeg\" \/>\n<meta name=\"author\" content=\"super-news\" \/>\n<meta name=\"twitter:card\" content=\"summary_large_image\" \/>\n<meta name=\"twitter:label1\" content=\"Szerz\u0151:\" \/>\n\t<meta name=\"twitter:data1\" content=\"super-news\" \/>\n\t<meta name=\"twitter:label2\" content=\"Becs\u00fclt olvas\u00e1si id\u0151\" \/>\n\t<meta name=\"twitter:data2\" content=\"2 perc\" \/>\n<script type=\"application\/ld+json\" class=\"yoast-schema-graph\">{\"@context\":\"https:\\\/\\\/schema.org\",\"@graph\":[{\"@type\":\"Article\",\"@id\":\"https:\\\/\\\/super-news.info\\\/hu\\\/nemetorszag-vilagbajnok-lenne-elektromosauto-gyartasban-vilaggazdasag\\\/#article\",\"isPartOf\":{\"@id\":\"https:\\\/\\\/super-news.info\\\/hu\\\/nemetorszag-vilagbajnok-lenne-elektromosauto-gyartasban-vilaggazdasag\\\/\"},\"author\":{\"name\":\"super-news\",\"@id\":\"https:\\\/\\\/super-news.info\\\/hu\\\/#\\\/schema\\\/person\\\/2d4068cb2f39cd10008c2fce578a7356\"},\"headline\":\"N\u00e9metorsz\u00e1g vil\u00e1gbajnok lenne elektromosaut\u00f3-gy\u00e1rt\u00e1sban | Vil\u00e1ggazdas\u00e1g\",\"datePublished\":\"2019-07-07T11:03:42+00:00\",\"dateModified\":\"2019-07-07T11:03:43+00:00\",\"mainEntityOfPage\":{\"@id\":\"https:\\\/\\\/super-news.info\\\/hu\\\/nemetorszag-vilagbajnok-lenne-elektromosauto-gyartasban-vilaggazdasag\\\/\"},\"wordCount\":336,\"commentCount\":0,\"image\":{\"@id\":\"https:\\\/\\\/super-news.info\\\/hu\\\/nemetorszag-vilagbajnok-lenne-elektromosauto-gyartasban-vilaggazdasag\\\/#primaryimage\"},\"thumbnailUrl\":\"https:\\\/\\\/super-news.info\\\/hu\\\/wp-content\\\/uploads\\\/sites\\\/3\\\/2019\\\/06\\\/A-d\u00f6nt\u00e9shoz\u00f3kat-is-zavart\u00e1k-a-t\u00fal-halk-aut\u00f3k.jpg\",\"articleSection\":[\"P\u00c9NZ\u00dcGYI H\u00cdREK\"],\"inLanguage\":\"hu\",\"potentialAction\":[{\"@type\":\"CommentAction\",\"name\":\"Comment\",\"target\":[\"https:\\\/\\\/super-news.info\\\/hu\\\/nemetorszag-vilagbajnok-lenne-elektromosauto-gyartasban-vilaggazdasag\\\/#respond\"]}]},{\"@type\":\"WebPage\",\"@id\":\"https:\\\/\\\/super-news.info\\\/hu\\\/nemetorszag-vilagbajnok-lenne-elektromosauto-gyartasban-vilaggazdasag\\\/\",\"url\":\"https:\\\/\\\/super-news.info\\\/hu\\\/nemetorszag-vilagbajnok-lenne-elektromosauto-gyartasban-vilaggazdasag\\\/\",\"name\":\"N\u00e9metorsz\u00e1g vil\u00e1gbajnok lenne elektromosaut\u00f3-gy\u00e1rt\u00e1sban | Vil\u00e1ggazdas\u00e1g - Super News\",\"isPartOf\":{\"@id\":\"https:\\\/\\\/super-news.info\\\/hu\\\/#website\"},\"primaryImageOfPage\":{\"@id\":\"https:\\\/\\\/super-news.info\\\/hu\\\/nemetorszag-vilagbajnok-lenne-elektromosauto-gyartasban-vilaggazdasag\\\/#primaryimage\"},\"image\":{\"@id\":\"https:\\\/\\\/super-news.info\\\/hu\\\/nemetorszag-vilagbajnok-lenne-elektromosauto-gyartasban-vilaggazdasag\\\/#primaryimage\"},\"thumbnailUrl\":\"https:\\\/\\\/super-news.info\\\/hu\\\/wp-content\\\/uploads\\\/sites\\\/3\\\/2019\\\/06\\\/A-d\u00f6nt\u00e9shoz\u00f3kat-is-zavart\u00e1k-a-t\u00fal-halk-aut\u00f3k.jpg\",\"datePublished\":\"2019-07-07T11:03:42+00:00\",\"dateModified\":\"2019-07-07T11:03:43+00:00\",\"author\":{\"@id\":\"https:\\\/\\\/super-news.info\\\/hu\\\/#\\\/schema\\\/person\\\/2d4068cb2f39cd10008c2fce578a7356\"},\"breadcrumb\":{\"@id\":\"https:\\\/\\\/super-news.info\\\/hu\\\/nemetorszag-vilagbajnok-lenne-elektromosauto-gyartasban-vilaggazdasag\\\/#breadcrumb\"},\"inLanguage\":\"hu\",\"potentialAction\":[{\"@type\":\"ReadAction\",\"target\":[\"https:\\\/\\\/super-news.info\\\/hu\\\/nemetorszag-vilagbajnok-lenne-elektromosauto-gyartasban-vilaggazdasag\\\/\"]}]},{\"@type\":\"ImageObject\",\"inLanguage\":\"hu\",\"@id\":\"https:\\\/\\\/super-news.info\\\/hu\\\/nemetorszag-vilagbajnok-lenne-elektromosauto-gyartasban-vilaggazdasag\\\/#primaryimage\",\"url\":\"https:\\\/\\\/super-news.info\\\/hu\\\/wp-content\\\/uploads\\\/sites\\\/3\\\/2019\\\/06\\\/A-d\u00f6nt\u00e9shoz\u00f3kat-is-zavart\u00e1k-a-t\u00fal-halk-aut\u00f3k.jpg\",\"contentUrl\":\"https:\\\/\\\/super-news.info\\\/hu\\\/wp-content\\\/uploads\\\/sites\\\/3\\\/2019\\\/06\\\/A-d\u00f6nt\u00e9shoz\u00f3kat-is-zavart\u00e1k-a-t\u00fal-halk-aut\u00f3k.jpg\",\"width\":1400,\"height\":782,\"caption\":\"A d\u00f6nt\u00e9shoz\u00f3kat is zavart\u00e1k a t\u00fal halk aut\u00f3k\"},{\"@type\":\"BreadcrumbList\",\"@id\":\"https:\\\/\\\/super-news.info\\\/hu\\\/nemetorszag-vilagbajnok-lenne-elektromosauto-gyartasban-vilaggazdasag\\\/#breadcrumb\",\"itemListElement\":[{\"@type\":\"ListItem\",\"position\":1,\"name\":\"\u0413\u043b\u0430\u0432\u043d\u0430\u044f \u0441\u0442\u0440\u0430\u043d\u0438\u0446\u0430\",\"item\":\"https:\\\/\\\/super-news.info\\\/hu\\\/\"},{\"@type\":\"ListItem\",\"position\":2,\"name\":\"N\u00e9metorsz\u00e1g vil\u00e1gbajnok lenne elektromosaut\u00f3-gy\u00e1rt\u00e1sban | Vil\u00e1ggazdas\u00e1g\"}]},{\"@type\":\"WebSite\",\"@id\":\"https:\\\/\\\/super-news.info\\\/hu\\\/#website\",\"url\":\"https:\\\/\\\/super-news.info\\\/hu\\\/\",\"name\":\"Super News\",\"description\":\"Super News Magyarorsz\u00e1g\",\"potentialAction\":[{\"@type\":\"SearchAction\",\"target\":{\"@type\":\"EntryPoint\",\"urlTemplate\":\"https:\\\/\\\/super-news.info\\\/hu\\\/?s={search_term_string}\"},\"query-input\":{\"@type\":\"PropertyValueSpecification\",\"valueRequired\":true,\"valueName\":\"search_term_string\"}}],\"inLanguage\":\"hu\"},{\"@type\":\"Person\",\"@id\":\"https:\\\/\\\/super-news.info\\\/hu\\\/#\\\/schema\\\/person\\\/2d4068cb2f39cd10008c2fce578a7356\",\"name\":\"super-news\",\"image\":{\"@type\":\"ImageObject\",\"inLanguage\":\"hu\",\"@id\":\"https:\\\/\\\/secure.gravatar.com\\\/avatar\\\/64ebac40b93f26a154f8a9b5b6fdccfc46f442b26b3dd6756dbff3bf9dc76fd7?s=96&d=mm&r=g\",\"url\":\"https:\\\/\\\/secure.gravatar.com\\\/avatar\\\/64ebac40b93f26a154f8a9b5b6fdccfc46f442b26b3dd6756dbff3bf9dc76fd7?s=96&d=mm&r=g\",\"contentUrl\":\"https:\\\/\\\/secure.gravatar.com\\\/avatar\\\/64ebac40b93f26a154f8a9b5b6fdccfc46f442b26b3dd6756dbff3bf9dc76fd7?s=96&d=mm&r=g\",\"caption\":\"super-news\"},\"url\":\"https:\\\/\\\/super-news.info\\\/hu\\\/author\\\/pt\\\/\"}]}<\/script>\n<!-- \/ Yoast SEO plugin. -->","yoast_head_json":{"title":"N\u00e9metorsz\u00e1g vil\u00e1gbajnok lenne elektromosaut\u00f3-gy\u00e1rt\u00e1sban | Vil\u00e1ggazdas\u00e1g - Super News","robots":{"index":"index","follow":"follow","max-snippet":"max-snippet:-1","max-image-preview":"max-image-preview:large","max-video-preview":"max-video-preview:-1"},"canonical":"https:\/\/super-news.info\/hu\/nemetorszag-vilagbajnok-lenne-elektromosauto-gyartasban-vilaggazdasag\/","og_locale":"hu_HU","og_type":"article","og_title":"N\u00e9metorsz\u00e1g vil\u00e1gbajnok lenne elektromosaut\u00f3-gy\u00e1rt\u00e1sban | Vil\u00e1ggazdas\u00e1g - Super News","og_description":"[ad_1] N\u00e9metorsz\u00e1gnak vil\u00e1gbajnokk\u00e1 kell v\u00e1lnia az elektromos aut\u00f3k gy\u00e1rt\u00e1sa ter\u00e9n, \u00e9s az els\u0151 orsz\u00e1gnak kell lennie, amely megval\u00f3s\u00edtja \u00fatjain az \u00f6nvezet\u0151 aut\u00f3s k\u00f6zleked\u00e9s lehet\u0151s\u00e9g\u00e9t \u2013 jelentette ki a Bild c\u00edm\u0171 n\u00e9met t\u00f6meglap vas\u00e1rnapi kiad\u00e1s\u00e1ban Peter Altmaier n\u00e9met gazdas\u00e1gi miniszter. A t\u00e1rcavezet\u0151 szerint N\u00e9metorsz\u00e1g c\u00e9lja nem az, hogy 2023-ra a vil\u00e1g legolcs\u00f3bb akkumul\u00e1torait \u00e1ll\u00edtsa el\u0151, hanem, [&hellip;]","og_url":"https:\/\/super-news.info\/hu\/nemetorszag-vilagbajnok-lenne-elektromosauto-gyartasban-vilaggazdasag\/","og_site_name":"Super News","article_published_time":"2019-07-07T11:03:42+00:00","article_modified_time":"2019-07-07T11:03:43+00:00","og_image":[{"width":1400,"height":782,"url":"https:\/\/super-news.info\/hu\/wp-content\/uploads\/sites\/3\/2019\/06\/A-d\u00f6nt\u00e9shoz\u00f3kat-is-zavart\u00e1k-a-t\u00fal-halk-aut\u00f3k.jpg","type":"image\/jpeg"}],"author":"super-news","twitter_card":"summary_large_image","twitter_misc":{"Szerz\u0151:":"super-news","Becs\u00fclt olvas\u00e1si id\u0151":"2 perc"},"schema":{"@context":"https:\/\/schema.org","@graph":[{"@type":"Article","@id":"https:\/\/super-news.info\/hu\/nemetorszag-vilagbajnok-lenne-elektromosauto-gyartasban-vilaggazdasag\/#article","isPartOf":{"@id":"https:\/\/super-news.info\/hu\/nemetorszag-vilagbajnok-lenne-elektromosauto-gyartasban-vilaggazdasag\/"},"author":{"name":"super-news","@id":"https:\/\/super-news.info\/hu\/#\/schema\/person\/2d4068cb2f39cd10008c2fce578a7356"},"headline":"N\u00e9metorsz\u00e1g vil\u00e1gbajnok lenne elektromosaut\u00f3-gy\u00e1rt\u00e1sban | Vil\u00e1ggazdas\u00e1g","datePublished":"2019-07-07T11:03:42+00:00","dateModified":"2019-07-07T11:03:43+00:00","mainEntityOfPage":{"@id":"https:\/\/super-news.info\/hu\/nemetorszag-vilagbajnok-lenne-elektromosauto-gyartasban-vilaggazdasag\/"},"wordCount":336,"commentCount":0,"image":{"@id":"https:\/\/super-news.info\/hu\/nemetorszag-vilagbajnok-lenne-elektromosauto-gyartasban-vilaggazdasag\/#primaryimage"},"thumbnailUrl":"https:\/\/super-news.info\/hu\/wp-content\/uploads\/sites\/3\/2019\/06\/A-d\u00f6nt\u00e9shoz\u00f3kat-is-zavart\u00e1k-a-t\u00fal-halk-aut\u00f3k.jpg","articleSection":["P\u00c9NZ\u00dcGYI H\u00cdREK"],"inLanguage":"hu","potentialAction":[{"@type":"CommentAction","name":"Comment","target":["https:\/\/super-news.info\/hu\/nemetorszag-vilagbajnok-lenne-elektromosauto-gyartasban-vilaggazdasag\/#respond"]}]},{"@type":"WebPage","@id":"https:\/\/super-news.info\/hu\/nemetorszag-vilagbajnok-lenne-elektromosauto-gyartasban-vilaggazdasag\/","url":"https:\/\/super-news.info\/hu\/nemetorszag-vilagbajnok-lenne-elektromosauto-gyartasban-vilaggazdasag\/","name":"N\u00e9metorsz\u00e1g vil\u00e1gbajnok lenne elektromosaut\u00f3-gy\u00e1rt\u00e1sban | Vil\u00e1ggazdas\u00e1g - Super News","isPartOf":{"@id":"https:\/\/super-news.info\/hu\/#website"},"primaryImageOfPage":{"@id":"https:\/\/super-news.info\/hu\/nemetorszag-vilagbajnok-lenne-elektromosauto-gyartasban-vilaggazdasag\/#primaryimage"},"image":{"@id":"https:\/\/super-news.info\/hu\/nemetorszag-vilagbajnok-lenne-elektromosauto-gyartasban-vilaggazdasag\/#primaryimage"},"thumbnailUrl":"https:\/\/super-news.info\/hu\/wp-content\/uploads\/sites\/3\/2019\/06\/A-d\u00f6nt\u00e9shoz\u00f3kat-is-zavart\u00e1k-a-t\u00fal-halk-aut\u00f3k.jpg","datePublished":"2019-07-07T11:03:42+00:00","dateModified":"2019-07-07T11:03:43+00:00","author":{"@id":"https:\/\/super-news.info\/hu\/#\/schema\/person\/2d4068cb2f39cd10008c2fce578a7356"},"breadcrumb":{"@id":"https:\/\/super-news.info\/hu\/nemetorszag-vilagbajnok-lenne-elektromosauto-gyartasban-vilaggazdasag\/#breadcrumb"},"inLanguage":"hu","potentialAction":[{"@type":"ReadAction","target":["https:\/\/super-news.info\/hu\/nemetorszag-vilagbajnok-lenne-elektromosauto-gyartasban-vilaggazdasag\/"]}]},{"@type":"ImageObject","inLanguage":"hu","@id":"https:\/\/super-news.info\/hu\/nemetorszag-vilagbajnok-lenne-elektromosauto-gyartasban-vilaggazdasag\/#primaryimage","url":"https:\/\/super-news.info\/hu\/wp-content\/uploads\/sites\/3\/2019\/06\/A-d\u00f6nt\u00e9shoz\u00f3kat-is-zavart\u00e1k-a-t\u00fal-halk-aut\u00f3k.jpg","contentUrl":"https:\/\/super-news.info\/hu\/wp-content\/uploads\/sites\/3\/2019\/06\/A-d\u00f6nt\u00e9shoz\u00f3kat-is-zavart\u00e1k-a-t\u00fal-halk-aut\u00f3k.jpg","width":1400,"height":782,"caption":"A d\u00f6nt\u00e9shoz\u00f3kat is zavart\u00e1k a t\u00fal halk aut\u00f3k"},{"@type":"BreadcrumbList","@id":"https:\/\/super-news.info\/hu\/nemetorszag-vilagbajnok-lenne-elektromosauto-gyartasban-vilaggazdasag\/#breadcrumb","itemListElement":[{"@type":"ListItem","position":1,"name":"\u0413\u043b\u0430\u0432\u043d\u0430\u044f \u0441\u0442\u0440\u0430\u043d\u0438\u0446\u0430","item":"https:\/\/super-news.info\/hu\/"},{"@type":"ListItem","position":2,"name":"N\u00e9metorsz\u00e1g vil\u00e1gbajnok lenne elektromosaut\u00f3-gy\u00e1rt\u00e1sban | Vil\u00e1ggazdas\u00e1g"}]},{"@type":"WebSite","@id":"https:\/\/super-news.info\/hu\/#website","url":"https:\/\/super-news.info\/hu\/","name":"Super News","description":"Super News Magyarorsz\u00e1g","potentialAction":[{"@type":"SearchAction","target":{"@type":"EntryPoint","urlTemplate":"https:\/\/super-news.info\/hu\/?s={search_term_string}"},"query-input":{"@type":"PropertyValueSpecification","valueRequired":true,"valueName":"search_term_string"}}],"inLanguage":"hu"},{"@type":"Person","@id":"https:\/\/super-news.info\/hu\/#\/schema\/person\/2d4068cb2f39cd10008c2fce578a7356","name":"super-news","image":{"@type":"ImageObject","inLanguage":"hu","@id":"https:\/\/secure.gravatar.com\/avatar\/64ebac40b93f26a154f8a9b5b6fdccfc46f442b26b3dd6756dbff3bf9dc76fd7?s=96&d=mm&r=g","url":"https:\/\/secure.gravatar.com\/avatar\/64ebac40b93f26a154f8a9b5b6fdccfc46f442b26b3dd6756dbff3bf9dc76fd7?s=96&d=mm&r=g","contentUrl":"https:\/\/secure.gravatar.com\/avatar\/64ebac40b93f26a154f8a9b5b6fdccfc46f442b26b3dd6756dbff3bf9dc76fd7?s=96&d=mm&r=g","caption":"super-news"},"url":"https:\/\/super-news.info\/hu\/author\/pt\/"}]}},"_links":{"self":[{"href":"https:\/\/super-news.info\/hu\/wp-json\/wp\/v2\/posts\/5535","targetHints":{"allow":["GET"]}}],"collection":[{"href":"https:\/\/super-news.info\/hu\/wp-json\/wp\/v2\/posts"}],"about":[{"href":"https:\/\/super-news.info\/hu\/wp-json\/wp\/v2\/types\/post"}],"author":[{"embeddable":true,"href":"https:\/\/super-news.info\/hu\/wp-json\/wp\/v2\/users\/2"}],"replies":[{"embeddable":true,"href":"https:\/\/super-news.info\/hu\/wp-json\/wp\/v2\/comments?post=5535"}],"version-history":[{"count":1,"href":"https:\/\/super-news.info\/hu\/wp-json\/wp\/v2\/posts\/5535\/revisions"}],"predecessor-version":[{"id":5536,"href":"https:\/\/super-news.info\/hu\/wp-json\/wp\/v2\/posts\/5535\/revisions\/5536"}],"wp:featuredmedia":[{"embeddable":true,"href":"https:\/\/super-news.info\/hu\/wp-json\/wp\/v2\/media\/5067"}],"wp:attachment":[{"href":"https:\/\/super-news.info\/hu\/wp-json\/wp\/v2\/media?parent=5535"}],"wp:term":[{"taxonomy":"category","embeddable":true,"href":"https:\/\/super-news.info\/hu\/wp-json\/wp\/v2\/categories?post=5535"},{"taxonomy":"post_tag","embeddable":true,"href":"https:\/\/super-news.info\/hu\/wp-json\/wp\/v2\/tags?post=5535"}],"curies":[{"name":"wp","href":"https:\/\/api.w.org\/{rel}","templated":true}]}}