{"id":5529,"date":"2019-07-07T12:19:03","date_gmt":"2019-07-07T09:19:03","guid":{"rendered":"https:\/\/super-news.info\/hu\/iran-a-megengedettnel-magasabb-foku-urandusitast-jelentett-be\/"},"modified":"2019-07-07T12:19:04","modified_gmt":"2019-07-07T09:19:04","slug":"iran-a-megengedettnel-magasabb-foku-urandusitast-jelentett-be","status":"publish","type":"post","link":"https:\/\/super-news.info\/hu\/iran-a-megengedettnel-magasabb-foku-urandusitast-jelentett-be\/","title":{"rendered":"Ir\u00e1n a megengedettn\u00e9l magasabb fok\u00fa ur\u00e1nd\u00fas\u00edt\u00e1st jelentett be"},"content":{"rendered":"<p> [ad_1]<br \/>\n<\/p>\n<p>\n\t\t\t\t\t\t\t\tIr\u00e1n a j\u00f6v\u0151ben nem tartja be az atoml\u00e9tes\u00edtm\u00e9nyei sz\u00e1m\u00e1ra d\u00fas\u00edtott ur\u00e1nnak a nemzetk\u00f6zi szerz\u0151d\u00e9sben megszabott szintj\u00e9t \u2013 k\u00f6z\u00f6lte vas\u00e1rnapi sajt\u00f3t\u00e1j\u00e9koztat\u00f3j\u00e1n Abb\u00e1sz Aragcsi ir\u00e1ni k\u00fcl\u00fcgyminiszter-helyettes az al-Majad\u00edn telev\u00edzi\u00f3 jelent\u00e9se szerint.\t\t\t\t\t\t\t<\/p>\n<div>\n<p>A hivatalos bejelent\u00e9s szerint Teher\u00e1n n\u00e9h\u00e1ny \u00f3ra m\u00falva megkezdi a 3,67 sz\u00e1zal\u00e9kosn\u00e1l magasabb szinten d\u00fas\u00edtott ur\u00e1n el\u0151\u00e1ll\u00edt\u00e1s\u00e1t. Aragcsi hozz\u00e1tette, hogy Teher\u00e1n erre a l\u00e9p\u00e9sre azut\u00e1n sz\u00e1nta el mag\u00e1t, hogy az eur\u00f3pai partnerek nem tettek eleget v\u00e1llalt k\u00f6telezetts\u00e9geiknek.<\/p>\n<p>Ir\u00e1n \u00e9s hat nagyhatalom 2015-ben B\u00e9csben \u00e1llapodott meg arr\u00f3l, hogy az ir\u00e1ni atomprogram korl\u00e1toz\u00e1sa fej\u00e9ben fokozatosan feloldj\u00e1k a Teher\u00e1n ellen elrendelt szankci\u00f3kat.<\/p>\n<div id=\"attachment_883301\" style=\"width: 1410px\" class=\"wp-caption aligncenter\">\n<p class=\"wp-caption-text\">Fot\u00f3: AFP PHOTO \/ IRNA \/ KAZEM GHANE<\/p>\n<\/div>\n<p>Az ir\u00e1ni atomprogram k\u00f6r\u00fcl 2018 tavasz\u00e1n \u00fajultak ki ism\u00e9t a fesz\u00fclts\u00e9gek, amikor Donald Trump amerikai eln\u00f6k felmondta az atomalkut \u00e9s \u00fajb\u00f3l az ir\u00e1ni gazdas\u00e1got fojtogat\u00f3 szankci\u00f3kat rendelt el.<\/p>\n<\/p><\/div>\n<p><script>\n    window.fbAsyncInit = function() {\n        FB.init({\n            appId      : \"204760236815359\",\n            xfbml      : true,\n            version    : \"v2.12\"\n        });\n        FB.AppEvents.logPageView();\n    };<\/p>\n<p>    (function(d, s, id){\n        var js, fjs = d.getElementsByTagName(s)[0];\n        if (d.getElementById(id)) {return;}\n        js = d.createElement(s); js.id = id;\n        js.src = \"http:\/\/connect.facebook.net\/hu_HU\/sdk.js\";\n        fjs.parentNode.insertBefore(js, fjs);\n    }(document, \"script\", \"facebook-jssdk\"));\n<\/script><br \/>\n<br \/>[ad_2]<br \/>\n<br \/><a href=\"https:\/\/www.vg.hu\/kozelet\/kozeleti-hirek\/iran-a-megengedettnel-magasabb-foku-urandusitast-jelentett-be-1613930\/\">Source link <\/a><\/p>\n","protected":false},"excerpt":{"rendered":"<p>[ad_1] Ir\u00e1n a j\u00f6v\u0151ben nem tartja be az atoml\u00e9tes\u00edtm\u00e9nyei sz\u00e1m\u00e1ra d\u00fas\u00edtott ur\u00e1nnak a nemzetk\u00f6zi szerz\u0151d\u00e9sben megszabott szintj\u00e9t \u2013 k\u00f6z\u00f6lte vas\u00e1rnapi sajt\u00f3t\u00e1j\u00e9koztat\u00f3j\u00e1n Abb\u00e1sz Aragcsi ir\u00e1ni k\u00fcl\u00fcgyminiszter-helyettes az al-Majad\u00edn telev\u00edzi\u00f3 jelent\u00e9se szerint. A hivatalos bejelent\u00e9s szerint Teher\u00e1n n\u00e9h\u00e1ny \u00f3ra m\u00falva megkezdi a 3,67 sz\u00e1zal\u00e9kosn\u00e1l magasabb szinten d\u00fas\u00edtott ur\u00e1n el\u0151\u00e1ll\u00edt\u00e1s\u00e1t. Aragcsi hozz\u00e1tette, hogy Teher\u00e1n erre a l\u00e9p\u00e9sre azut\u00e1n [&hellip;]<\/p>\n","protected":false},"author":2,"featured_media":5530,"comment_status":"open","ping_status":"open","sticky":false,"template":"","format":"standard","meta":{"footnotes":""},"categories":[1],"tags":[],"class_list":["post-5529","post","type-post","status-publish","format-standard","has-post-thumbnail","hentry","category-penzugyi-hirek"],"yoast_head":"<!-- This site is optimized with the Yoast SEO plugin v27.4 - https:\/\/yoast.com\/product\/yoast-seo-wordpress\/ -->\n<title>Ir\u00e1n a megengedettn\u00e9l magasabb fok\u00fa ur\u00e1nd\u00fas\u00edt\u00e1st jelentett be - Super News<\/title>\n<meta name=\"robots\" content=\"index, follow, max-snippet:-1, max-image-preview:large, max-video-preview:-1\" \/>\n<link rel=\"canonical\" href=\"https:\/\/super-news.info\/hu\/iran-a-megengedettnel-magasabb-foku-urandusitast-jelentett-be\/\" \/>\n<meta property=\"og:locale\" content=\"hu_HU\" \/>\n<meta property=\"og:type\" content=\"article\" \/>\n<meta property=\"og:title\" content=\"Ir\u00e1n a megengedettn\u00e9l magasabb fok\u00fa ur\u00e1nd\u00fas\u00edt\u00e1st jelentett be - Super News\" \/>\n<meta property=\"og:description\" content=\"[ad_1] Ir\u00e1n a j\u00f6v\u0151ben nem tartja be az atoml\u00e9tes\u00edtm\u00e9nyei sz\u00e1m\u00e1ra d\u00fas\u00edtott ur\u00e1nnak a nemzetk\u00f6zi szerz\u0151d\u00e9sben megszabott szintj\u00e9t \u2013 k\u00f6z\u00f6lte vas\u00e1rnapi sajt\u00f3t\u00e1j\u00e9koztat\u00f3j\u00e1n Abb\u00e1sz Aragcsi ir\u00e1ni k\u00fcl\u00fcgyminiszter-helyettes az al-Majad\u00edn telev\u00edzi\u00f3 jelent\u00e9se szerint. A hivatalos bejelent\u00e9s szerint Teher\u00e1n n\u00e9h\u00e1ny \u00f3ra m\u00falva megkezdi a 3,67 sz\u00e1zal\u00e9kosn\u00e1l magasabb szinten d\u00fas\u00edtott ur\u00e1n el\u0151\u00e1ll\u00edt\u00e1s\u00e1t. Aragcsi hozz\u00e1tette, hogy Teher\u00e1n erre a l\u00e9p\u00e9sre azut\u00e1n [&hellip;]\" \/>\n<meta property=\"og:url\" content=\"https:\/\/super-news.info\/hu\/iran-a-megengedettnel-magasabb-foku-urandusitast-jelentett-be\/\" \/>\n<meta property=\"og:site_name\" content=\"Super News\" \/>\n<meta property=\"article:published_time\" content=\"2019-07-07T09:19:03+00:00\" \/>\n<meta property=\"article:modified_time\" content=\"2019-07-07T09:19:04+00:00\" \/>\n<meta property=\"og:image\" content=\"https:\/\/super-news.info\/hu\/wp-content\/uploads\/sites\/3\/2019\/07\/Ir\u00e1n-a-megengedettn\u00e9l-magasabb-fok\u00fa-ur\u00e1nd\u00fas\u00edt\u00e1st-jelentett-be.jpg\" \/>\n\t<meta property=\"og:image:width\" content=\"1400\" \/>\n\t<meta property=\"og:image:height\" content=\"959\" \/>\n\t<meta property=\"og:image:type\" content=\"image\/jpeg\" \/>\n<meta name=\"author\" content=\"super-news\" \/>\n<meta name=\"twitter:card\" content=\"summary_large_image\" \/>\n<meta name=\"twitter:label1\" content=\"Szerz\u0151:\" \/>\n\t<meta name=\"twitter:data1\" content=\"super-news\" \/>\n\t<meta name=\"twitter:label2\" content=\"Becs\u00fclt olvas\u00e1si id\u0151\" \/>\n\t<meta name=\"twitter:data2\" content=\"1 perc\" \/>\n<script type=\"application\/ld+json\" class=\"yoast-schema-graph\">{\"@context\":\"https:\\\/\\\/schema.org\",\"@graph\":[{\"@type\":\"Article\",\"@id\":\"https:\\\/\\\/super-news.info\\\/hu\\\/iran-a-megengedettnel-magasabb-foku-urandusitast-jelentett-be\\\/#article\",\"isPartOf\":{\"@id\":\"https:\\\/\\\/super-news.info\\\/hu\\\/iran-a-megengedettnel-magasabb-foku-urandusitast-jelentett-be\\\/\"},\"author\":{\"name\":\"super-news\",\"@id\":\"https:\\\/\\\/super-news.info\\\/hu\\\/#\\\/schema\\\/person\\\/2d4068cb2f39cd10008c2fce578a7356\"},\"headline\":\"Ir\u00e1n a megengedettn\u00e9l magasabb fok\u00fa ur\u00e1nd\u00fas\u00edt\u00e1st jelentett be\",\"datePublished\":\"2019-07-07T09:19:03+00:00\",\"dateModified\":\"2019-07-07T09:19:04+00:00\",\"mainEntityOfPage\":{\"@id\":\"https:\\\/\\\/super-news.info\\\/hu\\\/iran-a-megengedettnel-magasabb-foku-urandusitast-jelentett-be\\\/\"},\"wordCount\":215,\"commentCount\":0,\"image\":{\"@id\":\"https:\\\/\\\/super-news.info\\\/hu\\\/iran-a-megengedettnel-magasabb-foku-urandusitast-jelentett-be\\\/#primaryimage\"},\"thumbnailUrl\":\"https:\\\/\\\/super-news.info\\\/hu\\\/wp-content\\\/uploads\\\/sites\\\/3\\\/2019\\\/07\\\/Ir\u00e1n-a-megengedettn\u00e9l-magasabb-fok\u00fa-ur\u00e1nd\u00fas\u00edt\u00e1st-jelentett-be.jpg\",\"articleSection\":[\"P\u00c9NZ\u00dcGYI H\u00cdREK\"],\"inLanguage\":\"hu\",\"potentialAction\":[{\"@type\":\"CommentAction\",\"name\":\"Comment\",\"target\":[\"https:\\\/\\\/super-news.info\\\/hu\\\/iran-a-megengedettnel-magasabb-foku-urandusitast-jelentett-be\\\/#respond\"]}]},{\"@type\":\"WebPage\",\"@id\":\"https:\\\/\\\/super-news.info\\\/hu\\\/iran-a-megengedettnel-magasabb-foku-urandusitast-jelentett-be\\\/\",\"url\":\"https:\\\/\\\/super-news.info\\\/hu\\\/iran-a-megengedettnel-magasabb-foku-urandusitast-jelentett-be\\\/\",\"name\":\"Ir\u00e1n a megengedettn\u00e9l magasabb fok\u00fa ur\u00e1nd\u00fas\u00edt\u00e1st jelentett be - Super News\",\"isPartOf\":{\"@id\":\"https:\\\/\\\/super-news.info\\\/hu\\\/#website\"},\"primaryImageOfPage\":{\"@id\":\"https:\\\/\\\/super-news.info\\\/hu\\\/iran-a-megengedettnel-magasabb-foku-urandusitast-jelentett-be\\\/#primaryimage\"},\"image\":{\"@id\":\"https:\\\/\\\/super-news.info\\\/hu\\\/iran-a-megengedettnel-magasabb-foku-urandusitast-jelentett-be\\\/#primaryimage\"},\"thumbnailUrl\":\"https:\\\/\\\/super-news.info\\\/hu\\\/wp-content\\\/uploads\\\/sites\\\/3\\\/2019\\\/07\\\/Ir\u00e1n-a-megengedettn\u00e9l-magasabb-fok\u00fa-ur\u00e1nd\u00fas\u00edt\u00e1st-jelentett-be.jpg\",\"datePublished\":\"2019-07-07T09:19:03+00:00\",\"dateModified\":\"2019-07-07T09:19:04+00:00\",\"author\":{\"@id\":\"https:\\\/\\\/super-news.info\\\/hu\\\/#\\\/schema\\\/person\\\/2d4068cb2f39cd10008c2fce578a7356\"},\"breadcrumb\":{\"@id\":\"https:\\\/\\\/super-news.info\\\/hu\\\/iran-a-megengedettnel-magasabb-foku-urandusitast-jelentett-be\\\/#breadcrumb\"},\"inLanguage\":\"hu\",\"potentialAction\":[{\"@type\":\"ReadAction\",\"target\":[\"https:\\\/\\\/super-news.info\\\/hu\\\/iran-a-megengedettnel-magasabb-foku-urandusitast-jelentett-be\\\/\"]}]},{\"@type\":\"ImageObject\",\"inLanguage\":\"hu\",\"@id\":\"https:\\\/\\\/super-news.info\\\/hu\\\/iran-a-megengedettnel-magasabb-foku-urandusitast-jelentett-be\\\/#primaryimage\",\"url\":\"https:\\\/\\\/super-news.info\\\/hu\\\/wp-content\\\/uploads\\\/sites\\\/3\\\/2019\\\/07\\\/Ir\u00e1n-a-megengedettn\u00e9l-magasabb-fok\u00fa-ur\u00e1nd\u00fas\u00edt\u00e1st-jelentett-be.jpg\",\"contentUrl\":\"https:\\\/\\\/super-news.info\\\/hu\\\/wp-content\\\/uploads\\\/sites\\\/3\\\/2019\\\/07\\\/Ir\u00e1n-a-megengedettn\u00e9l-magasabb-fok\u00fa-ur\u00e1nd\u00fas\u00edt\u00e1st-jelentett-be.jpg\",\"width\":1400,\"height\":959,\"caption\":\"Ir\u00e1n a megengedettn\u00e9l magasabb fok\u00fa ur\u00e1nd\u00fas\u00edt\u00e1st jelentett be\"},{\"@type\":\"BreadcrumbList\",\"@id\":\"https:\\\/\\\/super-news.info\\\/hu\\\/iran-a-megengedettnel-magasabb-foku-urandusitast-jelentett-be\\\/#breadcrumb\",\"itemListElement\":[{\"@type\":\"ListItem\",\"position\":1,\"name\":\"\u0413\u043b\u0430\u0432\u043d\u0430\u044f \u0441\u0442\u0440\u0430\u043d\u0438\u0446\u0430\",\"item\":\"https:\\\/\\\/super-news.info\\\/hu\\\/\"},{\"@type\":\"ListItem\",\"position\":2,\"name\":\"Ir\u00e1n a megengedettn\u00e9l magasabb fok\u00fa ur\u00e1nd\u00fas\u00edt\u00e1st jelentett be\"}]},{\"@type\":\"WebSite\",\"@id\":\"https:\\\/\\\/super-news.info\\\/hu\\\/#website\",\"url\":\"https:\\\/\\\/super-news.info\\\/hu\\\/\",\"name\":\"Super News\",\"description\":\"Super News Magyarorsz\u00e1g\",\"potentialAction\":[{\"@type\":\"SearchAction\",\"target\":{\"@type\":\"EntryPoint\",\"urlTemplate\":\"https:\\\/\\\/super-news.info\\\/hu\\\/?s={search_term_string}\"},\"query-input\":{\"@type\":\"PropertyValueSpecification\",\"valueRequired\":true,\"valueName\":\"search_term_string\"}}],\"inLanguage\":\"hu\"},{\"@type\":\"Person\",\"@id\":\"https:\\\/\\\/super-news.info\\\/hu\\\/#\\\/schema\\\/person\\\/2d4068cb2f39cd10008c2fce578a7356\",\"name\":\"super-news\",\"image\":{\"@type\":\"ImageObject\",\"inLanguage\":\"hu\",\"@id\":\"https:\\\/\\\/secure.gravatar.com\\\/avatar\\\/64ebac40b93f26a154f8a9b5b6fdccfc46f442b26b3dd6756dbff3bf9dc76fd7?s=96&d=mm&r=g\",\"url\":\"https:\\\/\\\/secure.gravatar.com\\\/avatar\\\/64ebac40b93f26a154f8a9b5b6fdccfc46f442b26b3dd6756dbff3bf9dc76fd7?s=96&d=mm&r=g\",\"contentUrl\":\"https:\\\/\\\/secure.gravatar.com\\\/avatar\\\/64ebac40b93f26a154f8a9b5b6fdccfc46f442b26b3dd6756dbff3bf9dc76fd7?s=96&d=mm&r=g\",\"caption\":\"super-news\"},\"url\":\"https:\\\/\\\/super-news.info\\\/hu\\\/author\\\/pt\\\/\"}]}<\/script>\n<!-- \/ Yoast SEO plugin. -->","yoast_head_json":{"title":"Ir\u00e1n a megengedettn\u00e9l magasabb fok\u00fa ur\u00e1nd\u00fas\u00edt\u00e1st jelentett be - Super News","robots":{"index":"index","follow":"follow","max-snippet":"max-snippet:-1","max-image-preview":"max-image-preview:large","max-video-preview":"max-video-preview:-1"},"canonical":"https:\/\/super-news.info\/hu\/iran-a-megengedettnel-magasabb-foku-urandusitast-jelentett-be\/","og_locale":"hu_HU","og_type":"article","og_title":"Ir\u00e1n a megengedettn\u00e9l magasabb fok\u00fa ur\u00e1nd\u00fas\u00edt\u00e1st jelentett be - Super News","og_description":"[ad_1] Ir\u00e1n a j\u00f6v\u0151ben nem tartja be az atoml\u00e9tes\u00edtm\u00e9nyei sz\u00e1m\u00e1ra d\u00fas\u00edtott ur\u00e1nnak a nemzetk\u00f6zi szerz\u0151d\u00e9sben megszabott szintj\u00e9t \u2013 k\u00f6z\u00f6lte vas\u00e1rnapi sajt\u00f3t\u00e1j\u00e9koztat\u00f3j\u00e1n Abb\u00e1sz Aragcsi ir\u00e1ni k\u00fcl\u00fcgyminiszter-helyettes az al-Majad\u00edn telev\u00edzi\u00f3 jelent\u00e9se szerint. A hivatalos bejelent\u00e9s szerint Teher\u00e1n n\u00e9h\u00e1ny \u00f3ra m\u00falva megkezdi a 3,67 sz\u00e1zal\u00e9kosn\u00e1l magasabb szinten d\u00fas\u00edtott ur\u00e1n el\u0151\u00e1ll\u00edt\u00e1s\u00e1t. Aragcsi hozz\u00e1tette, hogy Teher\u00e1n erre a l\u00e9p\u00e9sre azut\u00e1n [&hellip;]","og_url":"https:\/\/super-news.info\/hu\/iran-a-megengedettnel-magasabb-foku-urandusitast-jelentett-be\/","og_site_name":"Super News","article_published_time":"2019-07-07T09:19:03+00:00","article_modified_time":"2019-07-07T09:19:04+00:00","og_image":[{"width":1400,"height":959,"url":"https:\/\/super-news.info\/hu\/wp-content\/uploads\/sites\/3\/2019\/07\/Ir\u00e1n-a-megengedettn\u00e9l-magasabb-fok\u00fa-ur\u00e1nd\u00fas\u00edt\u00e1st-jelentett-be.jpg","type":"image\/jpeg"}],"author":"super-news","twitter_card":"summary_large_image","twitter_misc":{"Szerz\u0151:":"super-news","Becs\u00fclt olvas\u00e1si id\u0151":"1 perc"},"schema":{"@context":"https:\/\/schema.org","@graph":[{"@type":"Article","@id":"https:\/\/super-news.info\/hu\/iran-a-megengedettnel-magasabb-foku-urandusitast-jelentett-be\/#article","isPartOf":{"@id":"https:\/\/super-news.info\/hu\/iran-a-megengedettnel-magasabb-foku-urandusitast-jelentett-be\/"},"author":{"name":"super-news","@id":"https:\/\/super-news.info\/hu\/#\/schema\/person\/2d4068cb2f39cd10008c2fce578a7356"},"headline":"Ir\u00e1n a megengedettn\u00e9l magasabb fok\u00fa ur\u00e1nd\u00fas\u00edt\u00e1st jelentett be","datePublished":"2019-07-07T09:19:03+00:00","dateModified":"2019-07-07T09:19:04+00:00","mainEntityOfPage":{"@id":"https:\/\/super-news.info\/hu\/iran-a-megengedettnel-magasabb-foku-urandusitast-jelentett-be\/"},"wordCount":215,"commentCount":0,"image":{"@id":"https:\/\/super-news.info\/hu\/iran-a-megengedettnel-magasabb-foku-urandusitast-jelentett-be\/#primaryimage"},"thumbnailUrl":"https:\/\/super-news.info\/hu\/wp-content\/uploads\/sites\/3\/2019\/07\/Ir\u00e1n-a-megengedettn\u00e9l-magasabb-fok\u00fa-ur\u00e1nd\u00fas\u00edt\u00e1st-jelentett-be.jpg","articleSection":["P\u00c9NZ\u00dcGYI H\u00cdREK"],"inLanguage":"hu","potentialAction":[{"@type":"CommentAction","name":"Comment","target":["https:\/\/super-news.info\/hu\/iran-a-megengedettnel-magasabb-foku-urandusitast-jelentett-be\/#respond"]}]},{"@type":"WebPage","@id":"https:\/\/super-news.info\/hu\/iran-a-megengedettnel-magasabb-foku-urandusitast-jelentett-be\/","url":"https:\/\/super-news.info\/hu\/iran-a-megengedettnel-magasabb-foku-urandusitast-jelentett-be\/","name":"Ir\u00e1n a megengedettn\u00e9l magasabb fok\u00fa ur\u00e1nd\u00fas\u00edt\u00e1st jelentett be - Super News","isPartOf":{"@id":"https:\/\/super-news.info\/hu\/#website"},"primaryImageOfPage":{"@id":"https:\/\/super-news.info\/hu\/iran-a-megengedettnel-magasabb-foku-urandusitast-jelentett-be\/#primaryimage"},"image":{"@id":"https:\/\/super-news.info\/hu\/iran-a-megengedettnel-magasabb-foku-urandusitast-jelentett-be\/#primaryimage"},"thumbnailUrl":"https:\/\/super-news.info\/hu\/wp-content\/uploads\/sites\/3\/2019\/07\/Ir\u00e1n-a-megengedettn\u00e9l-magasabb-fok\u00fa-ur\u00e1nd\u00fas\u00edt\u00e1st-jelentett-be.jpg","datePublished":"2019-07-07T09:19:03+00:00","dateModified":"2019-07-07T09:19:04+00:00","author":{"@id":"https:\/\/super-news.info\/hu\/#\/schema\/person\/2d4068cb2f39cd10008c2fce578a7356"},"breadcrumb":{"@id":"https:\/\/super-news.info\/hu\/iran-a-megengedettnel-magasabb-foku-urandusitast-jelentett-be\/#breadcrumb"},"inLanguage":"hu","potentialAction":[{"@type":"ReadAction","target":["https:\/\/super-news.info\/hu\/iran-a-megengedettnel-magasabb-foku-urandusitast-jelentett-be\/"]}]},{"@type":"ImageObject","inLanguage":"hu","@id":"https:\/\/super-news.info\/hu\/iran-a-megengedettnel-magasabb-foku-urandusitast-jelentett-be\/#primaryimage","url":"https:\/\/super-news.info\/hu\/wp-content\/uploads\/sites\/3\/2019\/07\/Ir\u00e1n-a-megengedettn\u00e9l-magasabb-fok\u00fa-ur\u00e1nd\u00fas\u00edt\u00e1st-jelentett-be.jpg","contentUrl":"https:\/\/super-news.info\/hu\/wp-content\/uploads\/sites\/3\/2019\/07\/Ir\u00e1n-a-megengedettn\u00e9l-magasabb-fok\u00fa-ur\u00e1nd\u00fas\u00edt\u00e1st-jelentett-be.jpg","width":1400,"height":959,"caption":"Ir\u00e1n a megengedettn\u00e9l magasabb fok\u00fa ur\u00e1nd\u00fas\u00edt\u00e1st jelentett be"},{"@type":"BreadcrumbList","@id":"https:\/\/super-news.info\/hu\/iran-a-megengedettnel-magasabb-foku-urandusitast-jelentett-be\/#breadcrumb","itemListElement":[{"@type":"ListItem","position":1,"name":"\u0413\u043b\u0430\u0432\u043d\u0430\u044f \u0441\u0442\u0440\u0430\u043d\u0438\u0446\u0430","item":"https:\/\/super-news.info\/hu\/"},{"@type":"ListItem","position":2,"name":"Ir\u00e1n a megengedettn\u00e9l magasabb fok\u00fa ur\u00e1nd\u00fas\u00edt\u00e1st jelentett be"}]},{"@type":"WebSite","@id":"https:\/\/super-news.info\/hu\/#website","url":"https:\/\/super-news.info\/hu\/","name":"Super News","description":"Super News Magyarorsz\u00e1g","potentialAction":[{"@type":"SearchAction","target":{"@type":"EntryPoint","urlTemplate":"https:\/\/super-news.info\/hu\/?s={search_term_string}"},"query-input":{"@type":"PropertyValueSpecification","valueRequired":true,"valueName":"search_term_string"}}],"inLanguage":"hu"},{"@type":"Person","@id":"https:\/\/super-news.info\/hu\/#\/schema\/person\/2d4068cb2f39cd10008c2fce578a7356","name":"super-news","image":{"@type":"ImageObject","inLanguage":"hu","@id":"https:\/\/secure.gravatar.com\/avatar\/64ebac40b93f26a154f8a9b5b6fdccfc46f442b26b3dd6756dbff3bf9dc76fd7?s=96&d=mm&r=g","url":"https:\/\/secure.gravatar.com\/avatar\/64ebac40b93f26a154f8a9b5b6fdccfc46f442b26b3dd6756dbff3bf9dc76fd7?s=96&d=mm&r=g","contentUrl":"https:\/\/secure.gravatar.com\/avatar\/64ebac40b93f26a154f8a9b5b6fdccfc46f442b26b3dd6756dbff3bf9dc76fd7?s=96&d=mm&r=g","caption":"super-news"},"url":"https:\/\/super-news.info\/hu\/author\/pt\/"}]}},"_links":{"self":[{"href":"https:\/\/super-news.info\/hu\/wp-json\/wp\/v2\/posts\/5529","targetHints":{"allow":["GET"]}}],"collection":[{"href":"https:\/\/super-news.info\/hu\/wp-json\/wp\/v2\/posts"}],"about":[{"href":"https:\/\/super-news.info\/hu\/wp-json\/wp\/v2\/types\/post"}],"author":[{"embeddable":true,"href":"https:\/\/super-news.info\/hu\/wp-json\/wp\/v2\/users\/2"}],"replies":[{"embeddable":true,"href":"https:\/\/super-news.info\/hu\/wp-json\/wp\/v2\/comments?post=5529"}],"version-history":[{"count":1,"href":"https:\/\/super-news.info\/hu\/wp-json\/wp\/v2\/posts\/5529\/revisions"}],"predecessor-version":[{"id":5531,"href":"https:\/\/super-news.info\/hu\/wp-json\/wp\/v2\/posts\/5529\/revisions\/5531"}],"wp:featuredmedia":[{"embeddable":true,"href":"https:\/\/super-news.info\/hu\/wp-json\/wp\/v2\/media\/5530"}],"wp:attachment":[{"href":"https:\/\/super-news.info\/hu\/wp-json\/wp\/v2\/media?parent=5529"}],"wp:term":[{"taxonomy":"category","embeddable":true,"href":"https:\/\/super-news.info\/hu\/wp-json\/wp\/v2\/categories?post=5529"},{"taxonomy":"post_tag","embeddable":true,"href":"https:\/\/super-news.info\/hu\/wp-json\/wp\/v2\/tags?post=5529"}],"curies":[{"name":"wp","href":"https:\/\/api.w.org\/{rel}","templated":true}]}}