{"id":5523,"date":"2019-07-07T09:37:42","date_gmt":"2019-07-07T06:37:42","guid":{"rendered":"https:\/\/super-news.info\/hu\/holland-lendulet-vilaggazdasag\/"},"modified":"2019-07-07T09:37:43","modified_gmt":"2019-07-07T06:37:43","slug":"holland-lendulet-vilaggazdasag","status":"publish","type":"post","link":"https:\/\/super-news.info\/hu\/holland-lendulet-vilaggazdasag\/","title":{"rendered":"Holland lend\u00fclet | Vil\u00e1ggazdas\u00e1g"},"content":{"rendered":"<p> [ad_1]<br \/>\n<\/p>\n<p>\n\t\t\t\t\t\t\t\tB\u00e1r a Heineken Hung\u00e1ri\u00e1t csak tavaly okt\u00f3ber \u00f3ta vezeti Geert Swaanenburg, cseredi\u00e1kk\u00e9nt m\u00e1r harminc \u00e9ve megismerte Magyarorsz\u00e1got. \u00dagy v\u00e9li, j\u00f3 ir\u00e1nyba tart a magyar s\u00f6ripar, glob\u00e1lisan viszont az amerikai\u2013k\u00ednai kereskedelmi h\u00e1bor\u00fa \u00e9pp\u00fagy \u00e1trendezheti az er\u0151viszonyokat, mint a Brexit.\t\t\t\t\t\t\t<\/p>\n<div>\n<p><strong>Manager Magazin: H\u00e1ny \u00e9vesen ivott el\u0151sz\u00f6r alkoholt?<\/strong><\/p>\n<p>Geert Swaanenburg: Tizennyolc voltam, m\u00e9ghozz\u00e1 az\u00e9rt, mert egyezs\u00e9get k\u00f6t\u00f6ttem a sz\u00fcleimmel: ha a nagykor\u00fav\u00e1 v\u00e1l\u00e1somig nem iszom \u00e9s nem doh\u00e1nyzom, akkor kifizetik a jogos\u00edtv\u00e1nyom megszerz\u00e9s\u00e9t.<\/p>\n<p><strong>De nyugtasson meg, hogy s\u00f6rrel kezdte!<\/strong><\/p>\n<p>Term\u00e9szetesen, mindig is s\u00f6r\u00f6s voltam, ritk\u00e1n iszom p\u00e9ld\u00e1ul b\u00e1rmilyen t\u00f6m\u00e9ny szeszt.<\/p>\n<p><strong>T\u00f6bb mint k\u00e9t \u00e9vtizede tartozik a Heineken k\u00f6tel\u00e9k\u00e9be. Hogyan eml\u00e9kszik vissza az els\u0151 l\u00e9p\u00e9sekre?<\/strong><\/p>\n<p>Az Amstel junior brand managerek\u00e9nt kezdtem a c\u00e9gn\u00e9l 1997 nyar\u00e1n, val\u00f3ban nem tegnap t\u00f6rt\u00e9nt. Hatalmas \u00e9lm\u00e9ny volt, hogy r\u00f6gt\u00f6n az elej\u00e9n nagy f\u00fcggetlens\u00e9get \u00e9s persze vele egy\u00fctt felel\u0151ss\u00e9get is kaptam, mindent, ami egy \u00faj term\u00e9k bevezet\u00e9s\u00e9vel j\u00e1r. Nagy b\u00fcszkes\u00e9g volt bes\u00e9t\u00e1lni huszon\u00e9ves fejjel a szupermarketbe, \u00e9s a polcokon viszontl\u00e1tni a munk\u00e1m gy\u00fcm\u00f6lcs\u00e9t.<\/p>\n<div id=\"attachment_1609754\" style=\"width: 1410px\" class=\"wp-caption aligncenter\">\n<p class=\"wp-caption-text\">Geert Swaanenburg<br \/>Fot\u00f3: M\u00f3ricz-Sabj\u00e1n Simon<\/p>\n<\/div>\n<h3>Budapest, Baham\u00e1k<\/h3>\n<p><strong>Miel\u0151tt a Heineken Hung\u00e1ria \u00e9l\u00e9re \u00e1llt volna, Hollandi\u00e1n k\u00edv\u00fcl dolgozott a Baham\u00e1kon is, ahova a t\u00f6bbs\u00e9g ink\u00e1bb nyaralni v\u00e1gyik. Milyen volt az ott t\u00f6lt\u00f6tt id\u0151szak?<\/strong><\/p>\n<p>A szikr\u00e1z\u00f3 naps\u00fct\u00e9st \u00e9s a p\u00e1lmaf\u00e1kat nem lehet megunni, de ne feledj\u00fck, alapvet\u0151en dolgozni mentem oda, nem pedig nyaralni. A Bahama-szigetek a napbarn\u00edtott b\u0151r\u00f6n t\u00fal azonban szakmai szempontb\u00f3l is az egyik leg\u00e9rt\u00e9kesebb, leghasznosabb lehet\u0151s\u00e9g a c\u00e9gcsoporton bel\u00fcl, hiszen a s\u00f6r mellett itt a Heineken term\u00e9kportf\u00f3li\u00f3ja kiterjed a borokra, az \u00e9getett szeszes \u00e9s az alkoholmentes italokra is. Az\u00e9rt is eml\u00e9kezetes ez az id\u0151szak, mert ott sz\u00fcletett a m\u00e1sodik l\u00e1nyom.<\/p>\n<p><strong>Ha \u00fajra Eur\u00f3p\u00e1n k\u00edv\u00fcli poz\u00edci\u00f3t kellene bet\u00f6ltenie, legsz\u00edvesebben merre venn\u00e9 az ir\u00e1nyt?<\/strong><\/p>\n<p>Rengeteg szemet gy\u00f6ny\u00f6rk\u00f6dtet\u0151 pontja van a vil\u00e1gnak, de erre a k\u00e9rd\u00e9sre nem turistak\u00e9nt kell v\u00e1laszolnom. Azt hiszem, id\u0151vel b\u00e1rhol belev\u00e1gn\u00e9k \u00fajra a nagy kalandba, ahol biztos\u00edtottnak l\u00e1tom a csal\u00e1dom b\u00e9kess\u00e9g\u00e9t, boldogs\u00e1g\u00e1t \u00e9s mindenekel\u0151tt a biztons\u00e1g\u00e1t, nekem pedig kell\u0151en inspir\u00e1l\u00f3 a feladat, amelyet meg kell oldanom. Mindezek alapj\u00e1n Eur\u00f3p\u00e1n k\u00edv\u00fcl a karibi t\u00e9rs\u00e9g ut\u00e1n a T\u00e1vol-Kelet \u00e9pp\u00fagy sz\u00f3ba j\u00f6hetne, mint D\u00e9l-Amerika \u2013 az eml\u00edtett felt\u00e9telek mellett.<\/p>\n<p><strong>Mit gondol, ha nem a s\u00f6riparban \u00e9p\u00edtett volna karriert, ma mivel foglalkozna?<\/strong><\/p>\n<p>Fiatalabb koromban \u00e9p\u00edt\u00e9szm\u00e9rn\u00f6k akartam lenni, szerettem rajzolni, tervezni \u00e9s \u00e9p\u00edteni, az irod\u00e1m ablak\u00e1b\u00f3l is \u00e9rdekl\u0151dve figyelem a D\u00f3zsa Gy\u00f6rgy \u00fat t\u00faloldal\u00e1n zakatol\u00f3 munkag\u00e9peket. Az \u00f3budai otthonunk b\u00e9rlem\u00e9ny, \u00edgy azt ink\u00e1bb nem alak\u00edtan\u00e1m \u00e1t, az Utrecht-k\u00f6zeli hollandiai h\u00e1zunkban viszont sok mindent \u00e9n magam k\u00e9sz\u00edtettem el, \u00edgy a konyh\u00e1t \u00e9s a f\u00fcrd\u0151szob\u00e1t is. Ez re\u00e1lisabb alternat\u00edva, mint a zenei p\u00e1lya, pedig van dobfelszerel\u00e9sem \u00e9s git\u00e1rom is: mik\u00f6zben a l\u00e1nyaim \u00e9nekelnek, biztos\u00edtom nekik a hangszeres k\u00eds\u00e9retet.<\/p>\n<p><strong>Tavaly okt\u00f3ber \u00f3ta a magyar tagv\u00e1llalat vez\u00e9rigazgat\u00f3ja. Haz\u00e1nkba \u00e9rkezve mik voltak az els\u0151 benyom\u00e1sai?<\/strong><\/p>\n<p>M\u00e1r harminc \u00e9vvel ezel\u0151tt is j\u00e1rtam Magyarorsz\u00e1gon, cseredi\u00e1kk\u00e9nt Kecskem\u00e9ten t\u00f6lt\u00f6ttem egy h\u00f3napot a ny\u00e1ri sz\u00fcnetben. Akkor Budapestb\u0151l nem sokat l\u00e1ttam, vid\u00e9ken viszont sokat kir\u00e1ndultunk. Eml\u00e9kezetes p\u00e9ld\u00e1ul a bugacpusztai lovasbemutat\u00f3, a fogad\u00f3 csal\u00e1d nagyon megszerettette velem az orsz\u00e1got. Ahogy visszat\u00e9rtem, a tin\u00e9dzserkori eml\u00e9kek is el\u0151t\u00f6rtek bel\u0151lem, igaz, ma m\u00e1r az id\u0151m nagy r\u00e9sz\u00e9t a f\u0151v\u00e1rosban t\u00f6lt\u00f6m.<\/p>\n<p><strong>\u00c9s szakmailag mit tapasztalt az els\u0151 hetekben, h\u00f3napokban?<\/strong><\/p>\n<p>Lelkes \u00e9s elhivatott csapat \u00e9l\u00e9re ker\u00fcltem, t\u00falz\u00e1s n\u00e9lk\u00fcl \u00e1ll\u00edthatom, hogy a koll\u00e9g\u00e1im t\u00f6bbs\u00e9g\u00e9nek a munka a szenved\u00e9lye, j\u00f3kedv\u0171en j\u00f6nnek be dolgozni. Amiatt is szerencs\u00e9s helyzetben vagyok, hogy a Heineken Hung\u00e1ria sz\u00e9les v\u00e1laszt\u00e9ka j\u00f3 strat\u00e9gi\u00e1val p\u00e1rosul, a t\u00e1rsas\u00e1g n\u00f6veked\u00e9s\u00e9ben az \u00e1tstruktur\u00e1lt kereskedelempolitik\u00e1nak \u00e9pp\u00fagy szerepe van, mint a v\u00e1ltoz\u00f3 fogyaszt\u00f3i ig\u00e9nyekre reag\u00e1l\u00f3, j\u00f3l id\u0151z\u00edtett term\u00e9kbevezet\u00e9seknek.<\/p>\n<h3>Legyen a koml\u00f3 is magyar!<\/h3>\n<p><strong>Melyek azok a c\u00e9lok, amelyeket mindenk\u00e9ppen el\u00e9rne a Heineken Hung\u00e1ri\u00e1t vezetve?<\/strong><\/p>\n<p>Mivel a digitaliz\u00e1ci\u00f3 m\u00e1r a s\u00f6riparban is megjelent, a sikeres j\u00f6v\u0151 z\u00e1loga az, hogy mennyire vagyunk rugalmasak \u00e9s nyitottak. Megl\u00e1t\u00e1som szerint minden olyan eszk\u00f6zt be kell \u00e9p\u00edten\u00fcnk a gy\u00e1rt\u00e1sba, amellyel stabiliz\u00e1lhat\u00f3 a magas min\u0151s\u00e9g, illetve hat\u00e9konyabb\u00e1 tehet\u0151 a termel\u00e9s. Akkor lenn\u00e9k igaz\u00e1n el\u00e9gedett, ha nemcsak sikeres, hanem fenntarthat\u00f3an m\u0171k\u00f6d\u0151 v\u00e1llalatot hagyn\u00e9k majd id\u0151vel h\u00e1tra. Ennek \u00e9rdek\u00e9ben egy\u00e9bk\u00e9nt nagyon sokat tesz\u00fcnk a fenntarthat\u00f3s\u00e1gi programunkkal, p\u00e9ld\u00e1ul a termel\u00e9si hullad\u00e9kunk 99 sz\u00e1zal\u00e9k\u00e1t \u00fajrahasznos\u00edtjuk. Fontos szempont az is, hogy az oktat\u00e1s, a k\u00e9pz\u00e9s \u00e9s a munkahelyi l\u00e9gk\u00f6r ter\u00e9n \u00e9lenj\u00e1r\u00f3 munk\u00e1ltat\u00f3 legy\u00fcnk, amely nem csak a szavak szintj\u00e9n tesz a helyi k\u00f6z\u00f6ss\u00e9gek\u00e9rt, a s\u00f6rgy\u00e1rt\u00e1s alapanyagait tekintve pedig a hazai besz\u00e1ll\u00edt\u00f3k er\u0151forr\u00e1saira t\u00e1maszkodik. A mal\u00e1t\u00e1hoz eddig is magyar gazd\u00e1kt\u00f3l v\u00e1s\u00e1roltuk az \u00e1rp\u00e1t, mint ahogy az \u00edzes\u00edtett s\u00f6r\u00f6kh\u00f6z a gy\u00fcm\u00f6lcs\u00f6t, a Somogy megyei Kast\u00e9lyosdomb\u00f3n pedig k\u00e9t \u00e9vtized ut\u00e1n ind\u00edtottuk \u00fajra a magyarorsz\u00e1gi koml\u00f3termeszt\u00e9st, hogy a koml\u00f3 is magyar legyen a Soproniban.<\/p>\n<p><strong>Meg\u00edt\u00e9l\u00e9se szerint mik a magyar s\u00f6ripar er\u0151ss\u00e9gei, illetve gyenges\u00e9gei?<\/strong><\/p>\n<p>Egyre jobb az \u00f6sszk\u00e9p, pedig n\u00e9h\u00e1ny \u00e9ve m\u00e9g az olcs\u00f3, als\u00f3 polcos s\u00f6r\u00f6k hat\u00e1rozt\u00e1k meg a piacot, amelyeknek a nagy mennyis\u00e9g\u0171 el\u0151\u00e1ll\u00edt\u00e1sa nem \u00e9ppen a szakma sz\u00e9ps\u00e9ge. Ami\u00f3ta viszont azt l\u00e1tjuk, hogy a nagyk\u00f6z\u00f6ns\u00e9g nyitott a karakteresebb, fels\u0151 erjeszt\u00e9s\u0171 pr\u00e9mium s\u00f6r\u00f6kre is, legyen az IPA vagy APA, a kellemest k\u00f6tik \u00f6ssze a hasznossal a s\u00f6rf\u0151z\u0151mestereink. Ma m\u00e1r b\u00e1rki k\u00eds\u00e9rletezhet odahaza is egy 40-50 ezer forintos h\u00e1zi s\u00f6rf\u0151z\u0151szett megv\u00e1s\u00e1rl\u00e1s\u00e1val, mivel a tal\u00e1l\u00e9konys\u00e1g hat\u00e1rtalan, fogyaszt\u00f3k\u00e9nt az ig\u00e9nyek is nagyok. Am\u00edg n\u0151 a gazdas\u00e1g, s\u00f6rre is t\u00f6bbet k\u00f6ltenek az emberek, az viszont nem a p\u00e9nzt\u00e1rc\u00e1val, sokkal ink\u00e1bb az egyre eg\u00e9szs\u00e9gtudatosabb szeml\u00e9lettel van \u00f6sszef\u00fcgg\u00e9sben, hogy ugyancsak dinamikusan n\u0151 a kereslet az alacsony alkoholtartalm\u00fa \u00e9s alkoholmentes term\u00e9kek ir\u00e1nt, \u00edgy sz\u00e1mos fejleszt\u00e9s v\u00e1rhat\u00f3 ebben a szegmensben is.<\/p>\n<p><strong>A glob\u00e1lis s\u00f6ripart vizsg\u00e1lva \u00e9szlel nagy nemzetk\u00f6zi v\u00e1ltoz\u00e1sokat?<\/strong><\/p>\n<p>Eur\u00f3pa sz\u00edv\u00e9ben ebbe tal\u00e1n nem is gondolunk bele, de a s\u00f6riparban is nagy v\u00e1ltoz\u00e1sokat hozhat az amerikai\u2013k\u00ednai kereskedelmi h\u00e1bor\u00fa kimenetele, mint ahogy a kontinensen bel\u00fcl a Brexit is. Jelen \u00e1ll\u00e1s szerint teh\u00e1t a gazdas\u00e1gi-politikai j\u00e1tszm\u00e1k fel\u00fcl\u00edrhatj\u00e1k az \u00e1gazatban l\u00e1that\u00f3 technol\u00f3giai \u00e9s term\u00e9kfejleszt\u00e9sek term\u00e9szetes folyamat\u00e1t.<\/p>\n<div id=\"attachment_1609757\" style=\"width: 1410px\" class=\"wp-caption aligncenter\"><img loading=\"lazy\" decoding=\"async\" class=\"size-full wp-image-1609757\" src=\"https:\/\/super-news.info\/hu\/wp-content\/uploads\/sites\/3\/2019\/07\/1562481462_358_Holland-lendulet-Vilaggazdasag.jpg\" alt=\"\" width=\"1400\" height=\"933\"  \/><\/p>\n<p class=\"wp-caption-text\">Fot\u00f3: M\u00f3ricz-Sabj\u00e1n Simon<\/p>\n<\/div>\n<h3>\u00c9let Martf\u0171 ut\u00e1n<\/h3>\n<p><strong>Mennyire el\u00e9gedettek a magyar \u00fczleti \u00e9s ad\u00f3z\u00e1si k\u00f6rnyezettel?<\/strong><\/p>\n<p>A korm\u00e1nyok vil\u00e1gszerte magas ad\u00f3kat szednek be az \u00fczemanyag, a doh\u00e1ny- \u00e9s alkoholterm\u00e9kek ut\u00e1n, \u00edgy nagy csod\u00e1k nincsenek, a r\u00e1nk vonatkoz\u00f3 magyar szab\u00e1lyoz\u00e1s pedig az eur\u00f3pai uni\u00f3s \u00e1tlagnak megfelel\u0151 terhet jelent sz\u00e1munkra. Ez\u00e1ltal nem vagyunk el\u00e9gedetlenek a helyzet\u00fcnkkel, de a t\u00f6bbi k\u00fclf\u00f6ldi befektet\u0151h\u00f6z hasonl\u00f3an a nemzetk\u00f6zi anyac\u00e9g szemsz\u00f6g\u00e9b\u0151l is az a legfontosabb, hogy kisz\u00e1m\u00edthat\u00f3 legyen a gazdas\u00e1gpolitika.<\/p>\n<p><strong>Mi\u00e9rt z\u00e1rt\u00e1k be a martf\u0171i telephelyet? \u00d6sszef\u00fcgg\u00e9sben \u00e1llt a l\u00e9p\u00e9s azzal, hogy ott nem kaptak k\u00fcl\u00f6n ad\u00f3kedvezm\u00e9nyt?<\/strong><\/p>\n<p>Nem, sz\u00f3 sincs err\u0151l, a hat\u00e9konys\u00e1gn\u00f6vel\u00e9s \u00e1llt a h\u00e1tt\u00e9rben. Martf\u0171 bez\u00e1r\u00e1s\u00e1val p\u00e1rhuzamosan ugyanis t\u00f6bb milli\u00e1rd forintb\u00f3l b\u0151v\u00edtett\u00fcnk Sopronban: jobban ki tudjuk haszn\u00e1lni az er\u0151forr\u00e1sainkat, ha k\u00e9t telephely helyett egy centrumban zajlik a gy\u00e1rt\u00e1s.<\/p>\n<p><strong>Ak\u00e1r a k\u00f6zponti iroda is lehetne Budapest helyett Sopronban, nem?<\/strong><\/p>\n<p>A Heineken Hung\u00e1ria elk\u00f6telezett Sopron v\u00e1rosa mellett, de l\u00e1ssuk be, az orsz\u00e1g \u00e9szaknyugati cs\u00fccsk\u00e9b\u0151l sokkal nehezebb lenne el\u00e9rn\u00fcnk a d\u00e9li vagy keleti ter\u00fcleteket, a f\u0151v\u00e1rosb\u00f3l k\u00f6nnyebb koordin\u00e1lni az ell\u00e1t\u00e1st, az \u00e9rt\u00e9kes\u00edt\u00e9st, a kereskedelmet \u00e9s a marketinget is.<\/p>\n<p><strong>V\u00e9get \u00e9rt a h\u00e1bor\u00fa a Cs\u00edki S\u00f6rrel, vagy v\u00e1rhat\u00f3 m\u00e9g \u00fajabb csata?<\/strong><\/p>\n<p>Lez\u00e1rtuk a m\u00faltat, ink\u00e1bb el\u0151retekint\u00fcnk. Mindenkinek megvan a maga szerepe a magyar \u00e9s a region\u00e1lis piacokon, a nagy s\u00f6rgy\u00e1rt\u00f3k \u00e9s a kis\u00fczemi f\u0151zd\u00e9k megf\u00e9rnek egym\u00e1s mellett, nem zavarj\u00e1k egym\u00e1s k\u00f6reit.<\/p>\n<p><strong>Mit csin\u00e1l legsz\u00edvesebben a szabadidej\u00e9ben?<\/strong><\/p>\n<p>A feles\u00e9gemmel a 13, 11 \u00e9s 9 \u00e9ves l\u00e1nyunk mellett van egy kuty\u00e1nk is, \u00edgy nem sokat unatkozunk. A Margitsziget a kedvenc a helyem, ide j\u00e1rok futni, ha tehetem h\u00e9tk\u00f6znap is, \u00e9s persze ott van m\u00e9g a zene \u00e9s a kert\u00e9szked\u00e9s, szeretek tenni-venni a h\u00e1z k\u00f6r\u00fcl.<\/p>\n<p style=\"text-align: right;\"><em>A cikk a Manager Magazin j\u00faniusi sz\u00e1m\u00e1ban jelent meg<\/em><br \/><em>(Holland lend\u00fclet)<br \/><\/em><\/p>\n<\/div>\n<p><script>\n    window.fbAsyncInit = function() {\n        FB.init({\n            appId      : \"204760236815359\",\n            xfbml      : true,\n            version    : \"v2.12\"\n        });\n        FB.AppEvents.logPageView();\n    };<\/p>\n<p>    (function(d, s, id){\n        var js, fjs = d.getElementsByTagName(s)[0];\n        if (d.getElementById(id)) {return;}\n        js = d.createElement(s); js.id = id;\n        js.src = \"http:\/\/connect.facebook.net\/hu_HU\/sdk.js\";\n        fjs.parentNode.insertBefore(js, fjs);\n    }(document, \"script\", \"facebook-jssdk\"));\n<\/script><br \/>\n<br \/>[ad_2]<br \/>\n<br \/><a href=\"https:\/\/www.vg.hu\/manager-magazin\/holland-lendulet-1609592\/\">Source link <\/a><\/p>\n","protected":false},"excerpt":{"rendered":"<p>[ad_1] B\u00e1r a Heineken Hung\u00e1ri\u00e1t csak tavaly okt\u00f3ber \u00f3ta vezeti Geert Swaanenburg, cseredi\u00e1kk\u00e9nt m\u00e1r harminc \u00e9ve megismerte Magyarorsz\u00e1got. \u00dagy v\u00e9li, j\u00f3 ir\u00e1nyba tart a magyar s\u00f6ripar, glob\u00e1lisan viszont az amerikai\u2013k\u00ednai kereskedelmi h\u00e1bor\u00fa \u00e9pp\u00fagy \u00e1trendezheti az er\u0151viszonyokat, mint a Brexit. Manager Magazin: H\u00e1ny \u00e9vesen ivott el\u0151sz\u00f6r alkoholt? Geert Swaanenburg: Tizennyolc voltam, m\u00e9ghozz\u00e1 az\u00e9rt, mert egyezs\u00e9get k\u00f6t\u00f6ttem [&hellip;]<\/p>\n","protected":false},"author":2,"featured_media":5524,"comment_status":"open","ping_status":"open","sticky":false,"template":"","format":"standard","meta":{"footnotes":""},"categories":[1],"tags":[],"class_list":["post-5523","post","type-post","status-publish","format-standard","has-post-thumbnail","hentry","category-penzugyi-hirek"],"yoast_head":"<!-- This site is optimized with the Yoast SEO plugin v27.4 - https:\/\/yoast.com\/product\/yoast-seo-wordpress\/ -->\n<title>Holland lend\u00fclet | Vil\u00e1ggazdas\u00e1g - Super News<\/title>\n<meta name=\"robots\" content=\"index, follow, max-snippet:-1, max-image-preview:large, max-video-preview:-1\" \/>\n<link rel=\"canonical\" href=\"https:\/\/super-news.info\/hu\/holland-lendulet-vilaggazdasag\/\" \/>\n<meta property=\"og:locale\" content=\"hu_HU\" \/>\n<meta property=\"og:type\" content=\"article\" \/>\n<meta property=\"og:title\" content=\"Holland lend\u00fclet | Vil\u00e1ggazdas\u00e1g - Super News\" \/>\n<meta property=\"og:description\" content=\"[ad_1] B\u00e1r a Heineken Hung\u00e1ri\u00e1t csak tavaly okt\u00f3ber \u00f3ta vezeti Geert Swaanenburg, cseredi\u00e1kk\u00e9nt m\u00e1r harminc \u00e9ve megismerte Magyarorsz\u00e1got. \u00dagy v\u00e9li, j\u00f3 ir\u00e1nyba tart a magyar s\u00f6ripar, glob\u00e1lisan viszont az amerikai\u2013k\u00ednai kereskedelmi h\u00e1bor\u00fa \u00e9pp\u00fagy \u00e1trendezheti az er\u0151viszonyokat, mint a Brexit. Manager Magazin: H\u00e1ny \u00e9vesen ivott el\u0151sz\u00f6r alkoholt? Geert Swaanenburg: Tizennyolc voltam, m\u00e9ghozz\u00e1 az\u00e9rt, mert egyezs\u00e9get k\u00f6t\u00f6ttem [&hellip;]\" \/>\n<meta property=\"og:url\" content=\"https:\/\/super-news.info\/hu\/holland-lendulet-vilaggazdasag\/\" \/>\n<meta property=\"og:site_name\" content=\"Super News\" \/>\n<meta property=\"article:published_time\" content=\"2019-07-07T06:37:42+00:00\" \/>\n<meta property=\"article:modified_time\" content=\"2019-07-07T06:37:43+00:00\" \/>\n<meta property=\"og:image\" content=\"https:\/\/super-news.info\/hu\/wp-content\/uploads\/sites\/3\/2019\/07\/Holland-lend\u00fclet-Vil\u00e1ggazdas\u00e1g.jpg\" \/>\n\t<meta property=\"og:image:width\" content=\"1400\" \/>\n\t<meta property=\"og:image:height\" content=\"933\" \/>\n\t<meta property=\"og:image:type\" content=\"image\/jpeg\" \/>\n<meta name=\"author\" content=\"super-news\" \/>\n<meta name=\"twitter:card\" content=\"summary_large_image\" \/>\n<meta name=\"twitter:label1\" content=\"Szerz\u0151:\" \/>\n\t<meta name=\"twitter:data1\" content=\"super-news\" \/>\n\t<meta name=\"twitter:label2\" content=\"Becs\u00fclt olvas\u00e1si id\u0151\" \/>\n\t<meta name=\"twitter:data2\" content=\"9 perc\" \/>\n<script type=\"application\/ld+json\" class=\"yoast-schema-graph\">{\"@context\":\"https:\\\/\\\/schema.org\",\"@graph\":[{\"@type\":\"Article\",\"@id\":\"https:\\\/\\\/super-news.info\\\/hu\\\/holland-lendulet-vilaggazdasag\\\/#article\",\"isPartOf\":{\"@id\":\"https:\\\/\\\/super-news.info\\\/hu\\\/holland-lendulet-vilaggazdasag\\\/\"},\"author\":{\"name\":\"super-news\",\"@id\":\"https:\\\/\\\/super-news.info\\\/hu\\\/#\\\/schema\\\/person\\\/2d4068cb2f39cd10008c2fce578a7356\"},\"headline\":\"Holland lend\u00fclet | Vil\u00e1ggazdas\u00e1g\",\"datePublished\":\"2019-07-07T06:37:42+00:00\",\"dateModified\":\"2019-07-07T06:37:43+00:00\",\"mainEntityOfPage\":{\"@id\":\"https:\\\/\\\/super-news.info\\\/hu\\\/holland-lendulet-vilaggazdasag\\\/\"},\"wordCount\":1792,\"commentCount\":0,\"image\":{\"@id\":\"https:\\\/\\\/super-news.info\\\/hu\\\/holland-lendulet-vilaggazdasag\\\/#primaryimage\"},\"thumbnailUrl\":\"https:\\\/\\\/super-news.info\\\/hu\\\/wp-content\\\/uploads\\\/sites\\\/3\\\/2019\\\/07\\\/Holland-lend\u00fclet-Vil\u00e1ggazdas\u00e1g.jpg\",\"articleSection\":[\"P\u00c9NZ\u00dcGYI H\u00cdREK\"],\"inLanguage\":\"hu\",\"potentialAction\":[{\"@type\":\"CommentAction\",\"name\":\"Comment\",\"target\":[\"https:\\\/\\\/super-news.info\\\/hu\\\/holland-lendulet-vilaggazdasag\\\/#respond\"]}]},{\"@type\":\"WebPage\",\"@id\":\"https:\\\/\\\/super-news.info\\\/hu\\\/holland-lendulet-vilaggazdasag\\\/\",\"url\":\"https:\\\/\\\/super-news.info\\\/hu\\\/holland-lendulet-vilaggazdasag\\\/\",\"name\":\"Holland lend\u00fclet | Vil\u00e1ggazdas\u00e1g - Super News\",\"isPartOf\":{\"@id\":\"https:\\\/\\\/super-news.info\\\/hu\\\/#website\"},\"primaryImageOfPage\":{\"@id\":\"https:\\\/\\\/super-news.info\\\/hu\\\/holland-lendulet-vilaggazdasag\\\/#primaryimage\"},\"image\":{\"@id\":\"https:\\\/\\\/super-news.info\\\/hu\\\/holland-lendulet-vilaggazdasag\\\/#primaryimage\"},\"thumbnailUrl\":\"https:\\\/\\\/super-news.info\\\/hu\\\/wp-content\\\/uploads\\\/sites\\\/3\\\/2019\\\/07\\\/Holland-lend\u00fclet-Vil\u00e1ggazdas\u00e1g.jpg\",\"datePublished\":\"2019-07-07T06:37:42+00:00\",\"dateModified\":\"2019-07-07T06:37:43+00:00\",\"author\":{\"@id\":\"https:\\\/\\\/super-news.info\\\/hu\\\/#\\\/schema\\\/person\\\/2d4068cb2f39cd10008c2fce578a7356\"},\"breadcrumb\":{\"@id\":\"https:\\\/\\\/super-news.info\\\/hu\\\/holland-lendulet-vilaggazdasag\\\/#breadcrumb\"},\"inLanguage\":\"hu\",\"potentialAction\":[{\"@type\":\"ReadAction\",\"target\":[\"https:\\\/\\\/super-news.info\\\/hu\\\/holland-lendulet-vilaggazdasag\\\/\"]}]},{\"@type\":\"ImageObject\",\"inLanguage\":\"hu\",\"@id\":\"https:\\\/\\\/super-news.info\\\/hu\\\/holland-lendulet-vilaggazdasag\\\/#primaryimage\",\"url\":\"https:\\\/\\\/super-news.info\\\/hu\\\/wp-content\\\/uploads\\\/sites\\\/3\\\/2019\\\/07\\\/Holland-lend\u00fclet-Vil\u00e1ggazdas\u00e1g.jpg\",\"contentUrl\":\"https:\\\/\\\/super-news.info\\\/hu\\\/wp-content\\\/uploads\\\/sites\\\/3\\\/2019\\\/07\\\/Holland-lend\u00fclet-Vil\u00e1ggazdas\u00e1g.jpg\",\"width\":1400,\"height\":933,\"caption\":\"Holland lend\u00fclet | Vil\u00e1ggazdas\u00e1g\"},{\"@type\":\"BreadcrumbList\",\"@id\":\"https:\\\/\\\/super-news.info\\\/hu\\\/holland-lendulet-vilaggazdasag\\\/#breadcrumb\",\"itemListElement\":[{\"@type\":\"ListItem\",\"position\":1,\"name\":\"\u0413\u043b\u0430\u0432\u043d\u0430\u044f \u0441\u0442\u0440\u0430\u043d\u0438\u0446\u0430\",\"item\":\"https:\\\/\\\/super-news.info\\\/hu\\\/\"},{\"@type\":\"ListItem\",\"position\":2,\"name\":\"Holland lend\u00fclet | Vil\u00e1ggazdas\u00e1g\"}]},{\"@type\":\"WebSite\",\"@id\":\"https:\\\/\\\/super-news.info\\\/hu\\\/#website\",\"url\":\"https:\\\/\\\/super-news.info\\\/hu\\\/\",\"name\":\"Super News\",\"description\":\"Super News Magyarorsz\u00e1g\",\"potentialAction\":[{\"@type\":\"SearchAction\",\"target\":{\"@type\":\"EntryPoint\",\"urlTemplate\":\"https:\\\/\\\/super-news.info\\\/hu\\\/?s={search_term_string}\"},\"query-input\":{\"@type\":\"PropertyValueSpecification\",\"valueRequired\":true,\"valueName\":\"search_term_string\"}}],\"inLanguage\":\"hu\"},{\"@type\":\"Person\",\"@id\":\"https:\\\/\\\/super-news.info\\\/hu\\\/#\\\/schema\\\/person\\\/2d4068cb2f39cd10008c2fce578a7356\",\"name\":\"super-news\",\"image\":{\"@type\":\"ImageObject\",\"inLanguage\":\"hu\",\"@id\":\"https:\\\/\\\/secure.gravatar.com\\\/avatar\\\/64ebac40b93f26a154f8a9b5b6fdccfc46f442b26b3dd6756dbff3bf9dc76fd7?s=96&d=mm&r=g\",\"url\":\"https:\\\/\\\/secure.gravatar.com\\\/avatar\\\/64ebac40b93f26a154f8a9b5b6fdccfc46f442b26b3dd6756dbff3bf9dc76fd7?s=96&d=mm&r=g\",\"contentUrl\":\"https:\\\/\\\/secure.gravatar.com\\\/avatar\\\/64ebac40b93f26a154f8a9b5b6fdccfc46f442b26b3dd6756dbff3bf9dc76fd7?s=96&d=mm&r=g\",\"caption\":\"super-news\"},\"url\":\"https:\\\/\\\/super-news.info\\\/hu\\\/author\\\/pt\\\/\"}]}<\/script>\n<!-- \/ Yoast SEO plugin. -->","yoast_head_json":{"title":"Holland lend\u00fclet | Vil\u00e1ggazdas\u00e1g - Super News","robots":{"index":"index","follow":"follow","max-snippet":"max-snippet:-1","max-image-preview":"max-image-preview:large","max-video-preview":"max-video-preview:-1"},"canonical":"https:\/\/super-news.info\/hu\/holland-lendulet-vilaggazdasag\/","og_locale":"hu_HU","og_type":"article","og_title":"Holland lend\u00fclet | Vil\u00e1ggazdas\u00e1g - Super News","og_description":"[ad_1] B\u00e1r a Heineken Hung\u00e1ri\u00e1t csak tavaly okt\u00f3ber \u00f3ta vezeti Geert Swaanenburg, cseredi\u00e1kk\u00e9nt m\u00e1r harminc \u00e9ve megismerte Magyarorsz\u00e1got. \u00dagy v\u00e9li, j\u00f3 ir\u00e1nyba tart a magyar s\u00f6ripar, glob\u00e1lisan viszont az amerikai\u2013k\u00ednai kereskedelmi h\u00e1bor\u00fa \u00e9pp\u00fagy \u00e1trendezheti az er\u0151viszonyokat, mint a Brexit. Manager Magazin: H\u00e1ny \u00e9vesen ivott el\u0151sz\u00f6r alkoholt? Geert Swaanenburg: Tizennyolc voltam, m\u00e9ghozz\u00e1 az\u00e9rt, mert egyezs\u00e9get k\u00f6t\u00f6ttem [&hellip;]","og_url":"https:\/\/super-news.info\/hu\/holland-lendulet-vilaggazdasag\/","og_site_name":"Super News","article_published_time":"2019-07-07T06:37:42+00:00","article_modified_time":"2019-07-07T06:37:43+00:00","og_image":[{"width":1400,"height":933,"url":"https:\/\/super-news.info\/hu\/wp-content\/uploads\/sites\/3\/2019\/07\/Holland-lend\u00fclet-Vil\u00e1ggazdas\u00e1g.jpg","type":"image\/jpeg"}],"author":"super-news","twitter_card":"summary_large_image","twitter_misc":{"Szerz\u0151:":"super-news","Becs\u00fclt olvas\u00e1si id\u0151":"9 perc"},"schema":{"@context":"https:\/\/schema.org","@graph":[{"@type":"Article","@id":"https:\/\/super-news.info\/hu\/holland-lendulet-vilaggazdasag\/#article","isPartOf":{"@id":"https:\/\/super-news.info\/hu\/holland-lendulet-vilaggazdasag\/"},"author":{"name":"super-news","@id":"https:\/\/super-news.info\/hu\/#\/schema\/person\/2d4068cb2f39cd10008c2fce578a7356"},"headline":"Holland lend\u00fclet | Vil\u00e1ggazdas\u00e1g","datePublished":"2019-07-07T06:37:42+00:00","dateModified":"2019-07-07T06:37:43+00:00","mainEntityOfPage":{"@id":"https:\/\/super-news.info\/hu\/holland-lendulet-vilaggazdasag\/"},"wordCount":1792,"commentCount":0,"image":{"@id":"https:\/\/super-news.info\/hu\/holland-lendulet-vilaggazdasag\/#primaryimage"},"thumbnailUrl":"https:\/\/super-news.info\/hu\/wp-content\/uploads\/sites\/3\/2019\/07\/Holland-lend\u00fclet-Vil\u00e1ggazdas\u00e1g.jpg","articleSection":["P\u00c9NZ\u00dcGYI H\u00cdREK"],"inLanguage":"hu","potentialAction":[{"@type":"CommentAction","name":"Comment","target":["https:\/\/super-news.info\/hu\/holland-lendulet-vilaggazdasag\/#respond"]}]},{"@type":"WebPage","@id":"https:\/\/super-news.info\/hu\/holland-lendulet-vilaggazdasag\/","url":"https:\/\/super-news.info\/hu\/holland-lendulet-vilaggazdasag\/","name":"Holland lend\u00fclet | Vil\u00e1ggazdas\u00e1g - Super News","isPartOf":{"@id":"https:\/\/super-news.info\/hu\/#website"},"primaryImageOfPage":{"@id":"https:\/\/super-news.info\/hu\/holland-lendulet-vilaggazdasag\/#primaryimage"},"image":{"@id":"https:\/\/super-news.info\/hu\/holland-lendulet-vilaggazdasag\/#primaryimage"},"thumbnailUrl":"https:\/\/super-news.info\/hu\/wp-content\/uploads\/sites\/3\/2019\/07\/Holland-lend\u00fclet-Vil\u00e1ggazdas\u00e1g.jpg","datePublished":"2019-07-07T06:37:42+00:00","dateModified":"2019-07-07T06:37:43+00:00","author":{"@id":"https:\/\/super-news.info\/hu\/#\/schema\/person\/2d4068cb2f39cd10008c2fce578a7356"},"breadcrumb":{"@id":"https:\/\/super-news.info\/hu\/holland-lendulet-vilaggazdasag\/#breadcrumb"},"inLanguage":"hu","potentialAction":[{"@type":"ReadAction","target":["https:\/\/super-news.info\/hu\/holland-lendulet-vilaggazdasag\/"]}]},{"@type":"ImageObject","inLanguage":"hu","@id":"https:\/\/super-news.info\/hu\/holland-lendulet-vilaggazdasag\/#primaryimage","url":"https:\/\/super-news.info\/hu\/wp-content\/uploads\/sites\/3\/2019\/07\/Holland-lend\u00fclet-Vil\u00e1ggazdas\u00e1g.jpg","contentUrl":"https:\/\/super-news.info\/hu\/wp-content\/uploads\/sites\/3\/2019\/07\/Holland-lend\u00fclet-Vil\u00e1ggazdas\u00e1g.jpg","width":1400,"height":933,"caption":"Holland lend\u00fclet | Vil\u00e1ggazdas\u00e1g"},{"@type":"BreadcrumbList","@id":"https:\/\/super-news.info\/hu\/holland-lendulet-vilaggazdasag\/#breadcrumb","itemListElement":[{"@type":"ListItem","position":1,"name":"\u0413\u043b\u0430\u0432\u043d\u0430\u044f \u0441\u0442\u0440\u0430\u043d\u0438\u0446\u0430","item":"https:\/\/super-news.info\/hu\/"},{"@type":"ListItem","position":2,"name":"Holland lend\u00fclet | Vil\u00e1ggazdas\u00e1g"}]},{"@type":"WebSite","@id":"https:\/\/super-news.info\/hu\/#website","url":"https:\/\/super-news.info\/hu\/","name":"Super News","description":"Super News Magyarorsz\u00e1g","potentialAction":[{"@type":"SearchAction","target":{"@type":"EntryPoint","urlTemplate":"https:\/\/super-news.info\/hu\/?s={search_term_string}"},"query-input":{"@type":"PropertyValueSpecification","valueRequired":true,"valueName":"search_term_string"}}],"inLanguage":"hu"},{"@type":"Person","@id":"https:\/\/super-news.info\/hu\/#\/schema\/person\/2d4068cb2f39cd10008c2fce578a7356","name":"super-news","image":{"@type":"ImageObject","inLanguage":"hu","@id":"https:\/\/secure.gravatar.com\/avatar\/64ebac40b93f26a154f8a9b5b6fdccfc46f442b26b3dd6756dbff3bf9dc76fd7?s=96&d=mm&r=g","url":"https:\/\/secure.gravatar.com\/avatar\/64ebac40b93f26a154f8a9b5b6fdccfc46f442b26b3dd6756dbff3bf9dc76fd7?s=96&d=mm&r=g","contentUrl":"https:\/\/secure.gravatar.com\/avatar\/64ebac40b93f26a154f8a9b5b6fdccfc46f442b26b3dd6756dbff3bf9dc76fd7?s=96&d=mm&r=g","caption":"super-news"},"url":"https:\/\/super-news.info\/hu\/author\/pt\/"}]}},"_links":{"self":[{"href":"https:\/\/super-news.info\/hu\/wp-json\/wp\/v2\/posts\/5523","targetHints":{"allow":["GET"]}}],"collection":[{"href":"https:\/\/super-news.info\/hu\/wp-json\/wp\/v2\/posts"}],"about":[{"href":"https:\/\/super-news.info\/hu\/wp-json\/wp\/v2\/types\/post"}],"author":[{"embeddable":true,"href":"https:\/\/super-news.info\/hu\/wp-json\/wp\/v2\/users\/2"}],"replies":[{"embeddable":true,"href":"https:\/\/super-news.info\/hu\/wp-json\/wp\/v2\/comments?post=5523"}],"version-history":[{"count":1,"href":"https:\/\/super-news.info\/hu\/wp-json\/wp\/v2\/posts\/5523\/revisions"}],"predecessor-version":[{"id":5525,"href":"https:\/\/super-news.info\/hu\/wp-json\/wp\/v2\/posts\/5523\/revisions\/5525"}],"wp:featuredmedia":[{"embeddable":true,"href":"https:\/\/super-news.info\/hu\/wp-json\/wp\/v2\/media\/5524"}],"wp:attachment":[{"href":"https:\/\/super-news.info\/hu\/wp-json\/wp\/v2\/media?parent=5523"}],"wp:term":[{"taxonomy":"category","embeddable":true,"href":"https:\/\/super-news.info\/hu\/wp-json\/wp\/v2\/categories?post=5523"},{"taxonomy":"post_tag","embeddable":true,"href":"https:\/\/super-news.info\/hu\/wp-json\/wp\/v2\/tags?post=5523"}],"curies":[{"name":"wp","href":"https:\/\/api.w.org\/{rel}","templated":true}]}}