{"id":5516,"date":"2019-07-06T17:51:54","date_gmt":"2019-07-06T14:51:54","guid":{"rendered":"https:\/\/super-news.info\/hu\/ez-most-nagyon-meggy-kampany-a-fogyasztas-osztonzesere\/"},"modified":"2019-07-06T17:51:55","modified_gmt":"2019-07-06T14:51:55","slug":"ez-most-nagyon-meggy-kampany-a-fogyasztas-osztonzesere","status":"publish","type":"post","link":"https:\/\/super-news.info\/hu\/ez-most-nagyon-meggy-kampany-a-fogyasztas-osztonzesere\/","title":{"rendered":"\u201eEz most nagyon meggy!\u201d \u2013 kamp\u00e1ny a fogyaszt\u00e1s \u00f6szt\u00f6nz\u00e9s\u00e9re"},"content":{"rendered":"<p> [ad_1]<br \/>\n<\/p>\n<p>\n\t\t\t\t\t\t\t\tMagyarorsz\u00e1g nagyhatalomnak sz\u00e1m\u00edt a meggytermel\u00e9s\u00e9ben, a rendk\u00edv\u00fcl eg\u00e9szs\u00e9ges gy\u00fcm\u00f6lcs fogyaszt\u00e1sa ugyanakkor alacsony, ennek megv\u00e1ltoztat\u00e1s\u00e1t c\u00e9lozza az Agr\u00e1rminiszt\u00e9rium (AM) \u00e9s az Agr\u00e1rmarketing Centrum (AMC) \u201eEz most nagyon meggy!\u201d szlogennel ind\u00edtott, meggyfogyaszt\u00e1st \u00f6szt\u00f6nz\u0151 kamp\u00e1nya.\t\t\t\t\t\t\t<\/p>\n<div>\n<p>Jelenleg t\u00f6bb mint 3400 magyar termel\u0151 termeszt meggyet mintegy 14 ezer hekt\u00e1ron, \u00e9vente \u00e1tlagosan 70 ezer tonna gy\u00fcm\u00f6lcs\u00f6t el\u0151\u00e1ll\u00edtva \u2013 ismertette az adatokat az Agr\u00e1rminiszt\u00e9rium mez\u0151gazdas\u00e1g\u00e9rt felel\u0151s \u00e1llamtitk\u00e1ra Zam\u00e1rdiban, a Balaton Sound Fesztiv\u00e1lon tartott kamp\u00e1nyesem\u00e9nyen. Feldman Zsolt t\u00e1j\u00e9koztat\u00e1sa szerint Magyarorsz\u00e1g az Eur\u00f3pai Uni\u00f3 m\u00e1sodik legnagyobb meggytermel\u0151je Lengyelorsz\u00e1g ut\u00e1n, az uni\u00f3 pedig a vil\u00e1g meggyterm\u00e9s\u00e9nek harmad\u00e1t adja.<\/p>\n<p>A nagyon j\u00f3 min\u0151s\u00e9g\u0171 magyar meggyterm\u00e9s t\u00f6bb mint 80 sz\u00e1zal\u00e9k\u00e1t N\u00e9metorsz\u00e1gba export\u00e1lj\u00e1k, z\u00f6m\u00e9ben bef\u0151ttk\u00e9nt. A hazai fogyaszt\u00e1sban is jelent\u0151s a bef\u0151tt ar\u00e1nya.<\/p>\n<p>Az \u00e1llamtitk\u00e1r hangs\u00falyozta: a kamp\u00e1nyban felh\u00edvj\u00e1k a figyelmet arra, hogy a meggy kiv\u00e1l\u00f3 beltartalm\u00fa magyar gy\u00fcm\u00f6lcs. A meggyfogyaszt\u00e1s mellett sz\u00e1mos \u00e9rv sz\u00f3l, a gy\u00fcm\u00f6lcs sok antioxid\u00e1nst tartalmaz, kiv\u00e1l\u00f3 v\u00e9rtiszt\u00edt\u00f3, k\u00e1lium- \u00e9s kalciumtartalma kedvez\u0151, emellett jelent\u0151s B-vitamin forr\u00e1s. Ennek ellen\u00e9re a magyarorsz\u00e1gi meggyfogyaszt\u00e1s alacsony \u2013 fogalmazott.<\/p>\n<div id=\"attachment_1553213\" style=\"width: 1410px\" class=\"wp-caption alignnone\">\n<p class=\"wp-caption-text\">Fot\u00f3: MTI\/S\u00f3ki Tam\u00e1s<\/p>\n<\/div>\n<p>Feldman Zsolt elmondta, hogy a vid\u00e9kfejleszt\u00e9si programban t\u00e1mogatj\u00e1k az \u00fcltetv\u00e9nyfejleszt\u00e9st, amelynek k\u00f6sz\u00f6nhet\u0151en m\u00e1r t\u00f6bb sz\u00e1z hekt\u00e1rnyi meggy\u00fcltetv\u00e9ny \u00fajulhat meg. A friss meggy \u00e9s meggyl\u00e9 fogyaszt\u00e1sa beleillik az eg\u00e9szs\u00e9ges t\u00e1pl\u00e1lkoz\u00e1s trendj\u00e9be, ez\u00e9rt c\u00e9l, hogy a termel\u0151k olyan fajt\u00e1kkal foglalkozzanak, amelyeket hat\u00e9konyan termeszthet\u0151 \u00e9s friss, \u00e9tkez\u00e9si c\u00e9l\u00fa gy\u00fcm\u00f6lcsk\u00e9nt j\u00f3l \u00e9rt\u00e9kes\u00edthet\u0151 \u2013 emelte ki az \u00e1llamtitk\u00e1r. Ann\u00e1l is ink\u00e1bb \u2013 f\u0171zte hozz\u00e1 \u2013, mert a tapasztalatok szerint a felv\u00e1s\u00e1rl\u00e1si \u00e1r ingadoz\u00e1sa legink\u00e1bb az ipari feldolgoz\u00e1sra sz\u00e1nt gy\u00fcm\u00f6lcs\u00f6t \u00e9rinti.<\/p>\n<p>Ondr\u00e9 P\u00e9ter, az Agr\u00e1rmarketing Centrum \u00fcgyvezet\u0151je hangs\u00falyozta: az AMC m\u00e1r \u00e9vek \u00f3ta jelen van fesztiv\u00e1lokon k\u00fcl\u00f6nb\u00f6z\u0151 kamp\u00e1nyokkal, k\u00f3stoltat\u00e1sokkal, ezekkel hat\u00e9konyan \u00e9rik el a tudatos v\u00e1s\u00e1rl\u00e1sra legfog\u00e9konyabb fiatal koroszt\u00e1lyt. A meggyfogyaszt\u00e1st \u00f6szt\u00f6nz\u0151 kamp\u00e1ny a h\u00e9tv\u00e9g\u00e9n Zam\u00e1rdiban, a Balaton Sound Fesztiv\u00e1lon is tart, a fesztiv\u00e1loz\u00f3k k\u00e9t napig k\u00f3stoltatj\u00e1k a meggyet, emellett a budapesti Allee bev\u00e1s\u00e1rl\u00f3k\u00f6zpontban is lesz meggyk\u00f3stoltat\u00e1s \u00f6t alkalommal, 2019. j\u00falius 8-12 k\u00f6z\u00f6tt.<\/p>\n<\/p><\/div>\n<p><script>\n    window.fbAsyncInit = function() {\n        FB.init({\n            appId      : \"204760236815359\",\n            xfbml      : true,\n            version    : \"v2.12\"\n        });\n        FB.AppEvents.logPageView();\n    };<\/p>\n<p>    (function(d, s, id){\n        var js, fjs = d.getElementsByTagName(s)[0];\n        if (d.getElementById(id)) {return;}\n        js = d.createElement(s); js.id = id;\n        js.src = \"http:\/\/connect.facebook.net\/hu_HU\/sdk.js\";\n        fjs.parentNode.insertBefore(js, fjs);\n    }(document, \"script\", \"facebook-jssdk\"));\n<\/script><br \/>\n<br \/>[ad_2]<br \/>\n<br \/><a href=\"https:\/\/www.vg.hu\/gazdasag\/gazdasagi-hirek\/ez-most-nagyon-meggy-kampany-a-fogyasztas-osztonzesere-1613432\/\">Source link <\/a><\/p>\n","protected":false},"excerpt":{"rendered":"<p>[ad_1] Magyarorsz\u00e1g nagyhatalomnak sz\u00e1m\u00edt a meggytermel\u00e9s\u00e9ben, a rendk\u00edv\u00fcl eg\u00e9szs\u00e9ges gy\u00fcm\u00f6lcs fogyaszt\u00e1sa ugyanakkor alacsony, ennek megv\u00e1ltoztat\u00e1s\u00e1t c\u00e9lozza az Agr\u00e1rminiszt\u00e9rium (AM) \u00e9s az Agr\u00e1rmarketing Centrum (AMC) \u201eEz most nagyon meggy!\u201d szlogennel ind\u00edtott, meggyfogyaszt\u00e1st \u00f6szt\u00f6nz\u0151 kamp\u00e1nya. Jelenleg t\u00f6bb mint 3400 magyar termel\u0151 termeszt meggyet mintegy 14 ezer hekt\u00e1ron, \u00e9vente \u00e1tlagosan 70 ezer tonna gy\u00fcm\u00f6lcs\u00f6t el\u0151\u00e1ll\u00edtva \u2013 ismertette az [&hellip;]<\/p>\n","protected":false},"author":2,"featured_media":4648,"comment_status":"open","ping_status":"open","sticky":false,"template":"","format":"standard","meta":{"footnotes":""},"categories":[1],"tags":[],"class_list":["post-5516","post","type-post","status-publish","format-standard","has-post-thumbnail","hentry","category-penzugyi-hirek"],"yoast_head":"<!-- This site is optimized with the Yoast SEO plugin v27.4 - https:\/\/yoast.com\/product\/yoast-seo-wordpress\/ -->\n<title>\u201eEz most nagyon meggy!\u201d \u2013 kamp\u00e1ny a fogyaszt\u00e1s \u00f6szt\u00f6nz\u00e9s\u00e9re - Super News<\/title>\n<meta name=\"robots\" content=\"index, follow, max-snippet:-1, max-image-preview:large, max-video-preview:-1\" \/>\n<link rel=\"canonical\" href=\"https:\/\/super-news.info\/hu\/ez-most-nagyon-meggy-kampany-a-fogyasztas-osztonzesere\/\" \/>\n<meta property=\"og:locale\" content=\"hu_HU\" \/>\n<meta property=\"og:type\" content=\"article\" \/>\n<meta property=\"og:title\" content=\"\u201eEz most nagyon meggy!\u201d \u2013 kamp\u00e1ny a fogyaszt\u00e1s \u00f6szt\u00f6nz\u00e9s\u00e9re - Super News\" \/>\n<meta property=\"og:description\" content=\"[ad_1] Magyarorsz\u00e1g nagyhatalomnak sz\u00e1m\u00edt a meggytermel\u00e9s\u00e9ben, a rendk\u00edv\u00fcl eg\u00e9szs\u00e9ges gy\u00fcm\u00f6lcs fogyaszt\u00e1sa ugyanakkor alacsony, ennek megv\u00e1ltoztat\u00e1s\u00e1t c\u00e9lozza az Agr\u00e1rminiszt\u00e9rium (AM) \u00e9s az Agr\u00e1rmarketing Centrum (AMC) \u201eEz most nagyon meggy!\u201d szlogennel ind\u00edtott, meggyfogyaszt\u00e1st \u00f6szt\u00f6nz\u0151 kamp\u00e1nya. Jelenleg t\u00f6bb mint 3400 magyar termel\u0151 termeszt meggyet mintegy 14 ezer hekt\u00e1ron, \u00e9vente \u00e1tlagosan 70 ezer tonna gy\u00fcm\u00f6lcs\u00f6t el\u0151\u00e1ll\u00edtva \u2013 ismertette az [&hellip;]\" \/>\n<meta property=\"og:url\" content=\"https:\/\/super-news.info\/hu\/ez-most-nagyon-meggy-kampany-a-fogyasztas-osztonzesere\/\" \/>\n<meta property=\"og:site_name\" content=\"Super News\" \/>\n<meta property=\"article:published_time\" content=\"2019-07-06T14:51:54+00:00\" \/>\n<meta property=\"article:modified_time\" content=\"2019-07-06T14:51:55+00:00\" \/>\n<meta property=\"og:image\" content=\"https:\/\/super-news.info\/hu\/wp-content\/uploads\/sites\/3\/2019\/06\/Ingyen-ehet\u00fcnk-meggyet-a-j\u00f6v\u0151-h\u00e9ten.jpg\" \/>\n\t<meta property=\"og:image:width\" content=\"1400\" \/>\n\t<meta property=\"og:image:height\" content=\"935\" \/>\n\t<meta property=\"og:image:type\" content=\"image\/jpeg\" \/>\n<meta name=\"author\" content=\"super-news\" \/>\n<meta name=\"twitter:card\" content=\"summary_large_image\" \/>\n<meta name=\"twitter:label1\" content=\"Szerz\u0151:\" \/>\n\t<meta name=\"twitter:data1\" content=\"super-news\" \/>\n\t<meta name=\"twitter:label2\" content=\"Becs\u00fclt olvas\u00e1si id\u0151\" \/>\n\t<meta name=\"twitter:data2\" content=\"2 perc\" \/>\n<script type=\"application\/ld+json\" class=\"yoast-schema-graph\">{\"@context\":\"https:\\\/\\\/schema.org\",\"@graph\":[{\"@type\":\"Article\",\"@id\":\"https:\\\/\\\/super-news.info\\\/hu\\\/ez-most-nagyon-meggy-kampany-a-fogyasztas-osztonzesere\\\/#article\",\"isPartOf\":{\"@id\":\"https:\\\/\\\/super-news.info\\\/hu\\\/ez-most-nagyon-meggy-kampany-a-fogyasztas-osztonzesere\\\/\"},\"author\":{\"name\":\"super-news\",\"@id\":\"https:\\\/\\\/super-news.info\\\/hu\\\/#\\\/schema\\\/person\\\/2d4068cb2f39cd10008c2fce578a7356\"},\"headline\":\"\u201eEz most nagyon meggy!\u201d \u2013 kamp\u00e1ny a fogyaszt\u00e1s \u00f6szt\u00f6nz\u00e9s\u00e9re\",\"datePublished\":\"2019-07-06T14:51:54+00:00\",\"dateModified\":\"2019-07-06T14:51:55+00:00\",\"mainEntityOfPage\":{\"@id\":\"https:\\\/\\\/super-news.info\\\/hu\\\/ez-most-nagyon-meggy-kampany-a-fogyasztas-osztonzesere\\\/\"},\"wordCount\":490,\"commentCount\":0,\"image\":{\"@id\":\"https:\\\/\\\/super-news.info\\\/hu\\\/ez-most-nagyon-meggy-kampany-a-fogyasztas-osztonzesere\\\/#primaryimage\"},\"thumbnailUrl\":\"https:\\\/\\\/super-news.info\\\/hu\\\/wp-content\\\/uploads\\\/sites\\\/3\\\/2019\\\/06\\\/Ingyen-ehet\u00fcnk-meggyet-a-j\u00f6v\u0151-h\u00e9ten.jpg\",\"articleSection\":[\"P\u00c9NZ\u00dcGYI H\u00cdREK\"],\"inLanguage\":\"hu\",\"potentialAction\":[{\"@type\":\"CommentAction\",\"name\":\"Comment\",\"target\":[\"https:\\\/\\\/super-news.info\\\/hu\\\/ez-most-nagyon-meggy-kampany-a-fogyasztas-osztonzesere\\\/#respond\"]}]},{\"@type\":\"WebPage\",\"@id\":\"https:\\\/\\\/super-news.info\\\/hu\\\/ez-most-nagyon-meggy-kampany-a-fogyasztas-osztonzesere\\\/\",\"url\":\"https:\\\/\\\/super-news.info\\\/hu\\\/ez-most-nagyon-meggy-kampany-a-fogyasztas-osztonzesere\\\/\",\"name\":\"\u201eEz most nagyon meggy!\u201d \u2013 kamp\u00e1ny a fogyaszt\u00e1s \u00f6szt\u00f6nz\u00e9s\u00e9re - Super News\",\"isPartOf\":{\"@id\":\"https:\\\/\\\/super-news.info\\\/hu\\\/#website\"},\"primaryImageOfPage\":{\"@id\":\"https:\\\/\\\/super-news.info\\\/hu\\\/ez-most-nagyon-meggy-kampany-a-fogyasztas-osztonzesere\\\/#primaryimage\"},\"image\":{\"@id\":\"https:\\\/\\\/super-news.info\\\/hu\\\/ez-most-nagyon-meggy-kampany-a-fogyasztas-osztonzesere\\\/#primaryimage\"},\"thumbnailUrl\":\"https:\\\/\\\/super-news.info\\\/hu\\\/wp-content\\\/uploads\\\/sites\\\/3\\\/2019\\\/06\\\/Ingyen-ehet\u00fcnk-meggyet-a-j\u00f6v\u0151-h\u00e9ten.jpg\",\"datePublished\":\"2019-07-06T14:51:54+00:00\",\"dateModified\":\"2019-07-06T14:51:55+00:00\",\"author\":{\"@id\":\"https:\\\/\\\/super-news.info\\\/hu\\\/#\\\/schema\\\/person\\\/2d4068cb2f39cd10008c2fce578a7356\"},\"breadcrumb\":{\"@id\":\"https:\\\/\\\/super-news.info\\\/hu\\\/ez-most-nagyon-meggy-kampany-a-fogyasztas-osztonzesere\\\/#breadcrumb\"},\"inLanguage\":\"hu\",\"potentialAction\":[{\"@type\":\"ReadAction\",\"target\":[\"https:\\\/\\\/super-news.info\\\/hu\\\/ez-most-nagyon-meggy-kampany-a-fogyasztas-osztonzesere\\\/\"]}]},{\"@type\":\"ImageObject\",\"inLanguage\":\"hu\",\"@id\":\"https:\\\/\\\/super-news.info\\\/hu\\\/ez-most-nagyon-meggy-kampany-a-fogyasztas-osztonzesere\\\/#primaryimage\",\"url\":\"https:\\\/\\\/super-news.info\\\/hu\\\/wp-content\\\/uploads\\\/sites\\\/3\\\/2019\\\/06\\\/Ingyen-ehet\u00fcnk-meggyet-a-j\u00f6v\u0151-h\u00e9ten.jpg\",\"contentUrl\":\"https:\\\/\\\/super-news.info\\\/hu\\\/wp-content\\\/uploads\\\/sites\\\/3\\\/2019\\\/06\\\/Ingyen-ehet\u00fcnk-meggyet-a-j\u00f6v\u0151-h\u00e9ten.jpg\",\"width\":1400,\"height\":935,\"caption\":\"Ingyen ehet\u00fcnk meggyet a j\u00f6v\u0151 h\u00e9ten\"},{\"@type\":\"BreadcrumbList\",\"@id\":\"https:\\\/\\\/super-news.info\\\/hu\\\/ez-most-nagyon-meggy-kampany-a-fogyasztas-osztonzesere\\\/#breadcrumb\",\"itemListElement\":[{\"@type\":\"ListItem\",\"position\":1,\"name\":\"\u0413\u043b\u0430\u0432\u043d\u0430\u044f \u0441\u0442\u0440\u0430\u043d\u0438\u0446\u0430\",\"item\":\"https:\\\/\\\/super-news.info\\\/hu\\\/\"},{\"@type\":\"ListItem\",\"position\":2,\"name\":\"\u201eEz most nagyon meggy!\u201d \u2013 kamp\u00e1ny a fogyaszt\u00e1s \u00f6szt\u00f6nz\u00e9s\u00e9re\"}]},{\"@type\":\"WebSite\",\"@id\":\"https:\\\/\\\/super-news.info\\\/hu\\\/#website\",\"url\":\"https:\\\/\\\/super-news.info\\\/hu\\\/\",\"name\":\"Super News\",\"description\":\"Super News Magyarorsz\u00e1g\",\"potentialAction\":[{\"@type\":\"SearchAction\",\"target\":{\"@type\":\"EntryPoint\",\"urlTemplate\":\"https:\\\/\\\/super-news.info\\\/hu\\\/?s={search_term_string}\"},\"query-input\":{\"@type\":\"PropertyValueSpecification\",\"valueRequired\":true,\"valueName\":\"search_term_string\"}}],\"inLanguage\":\"hu\"},{\"@type\":\"Person\",\"@id\":\"https:\\\/\\\/super-news.info\\\/hu\\\/#\\\/schema\\\/person\\\/2d4068cb2f39cd10008c2fce578a7356\",\"name\":\"super-news\",\"image\":{\"@type\":\"ImageObject\",\"inLanguage\":\"hu\",\"@id\":\"https:\\\/\\\/secure.gravatar.com\\\/avatar\\\/64ebac40b93f26a154f8a9b5b6fdccfc46f442b26b3dd6756dbff3bf9dc76fd7?s=96&d=mm&r=g\",\"url\":\"https:\\\/\\\/secure.gravatar.com\\\/avatar\\\/64ebac40b93f26a154f8a9b5b6fdccfc46f442b26b3dd6756dbff3bf9dc76fd7?s=96&d=mm&r=g\",\"contentUrl\":\"https:\\\/\\\/secure.gravatar.com\\\/avatar\\\/64ebac40b93f26a154f8a9b5b6fdccfc46f442b26b3dd6756dbff3bf9dc76fd7?s=96&d=mm&r=g\",\"caption\":\"super-news\"},\"url\":\"https:\\\/\\\/super-news.info\\\/hu\\\/author\\\/pt\\\/\"}]}<\/script>\n<!-- \/ Yoast SEO plugin. -->","yoast_head_json":{"title":"\u201eEz most nagyon meggy!\u201d \u2013 kamp\u00e1ny a fogyaszt\u00e1s \u00f6szt\u00f6nz\u00e9s\u00e9re - Super News","robots":{"index":"index","follow":"follow","max-snippet":"max-snippet:-1","max-image-preview":"max-image-preview:large","max-video-preview":"max-video-preview:-1"},"canonical":"https:\/\/super-news.info\/hu\/ez-most-nagyon-meggy-kampany-a-fogyasztas-osztonzesere\/","og_locale":"hu_HU","og_type":"article","og_title":"\u201eEz most nagyon meggy!\u201d \u2013 kamp\u00e1ny a fogyaszt\u00e1s \u00f6szt\u00f6nz\u00e9s\u00e9re - Super News","og_description":"[ad_1] Magyarorsz\u00e1g nagyhatalomnak sz\u00e1m\u00edt a meggytermel\u00e9s\u00e9ben, a rendk\u00edv\u00fcl eg\u00e9szs\u00e9ges gy\u00fcm\u00f6lcs fogyaszt\u00e1sa ugyanakkor alacsony, ennek megv\u00e1ltoztat\u00e1s\u00e1t c\u00e9lozza az Agr\u00e1rminiszt\u00e9rium (AM) \u00e9s az Agr\u00e1rmarketing Centrum (AMC) \u201eEz most nagyon meggy!\u201d szlogennel ind\u00edtott, meggyfogyaszt\u00e1st \u00f6szt\u00f6nz\u0151 kamp\u00e1nya. Jelenleg t\u00f6bb mint 3400 magyar termel\u0151 termeszt meggyet mintegy 14 ezer hekt\u00e1ron, \u00e9vente \u00e1tlagosan 70 ezer tonna gy\u00fcm\u00f6lcs\u00f6t el\u0151\u00e1ll\u00edtva \u2013 ismertette az [&hellip;]","og_url":"https:\/\/super-news.info\/hu\/ez-most-nagyon-meggy-kampany-a-fogyasztas-osztonzesere\/","og_site_name":"Super News","article_published_time":"2019-07-06T14:51:54+00:00","article_modified_time":"2019-07-06T14:51:55+00:00","og_image":[{"width":1400,"height":935,"url":"https:\/\/super-news.info\/hu\/wp-content\/uploads\/sites\/3\/2019\/06\/Ingyen-ehet\u00fcnk-meggyet-a-j\u00f6v\u0151-h\u00e9ten.jpg","type":"image\/jpeg"}],"author":"super-news","twitter_card":"summary_large_image","twitter_misc":{"Szerz\u0151:":"super-news","Becs\u00fclt olvas\u00e1si id\u0151":"2 perc"},"schema":{"@context":"https:\/\/schema.org","@graph":[{"@type":"Article","@id":"https:\/\/super-news.info\/hu\/ez-most-nagyon-meggy-kampany-a-fogyasztas-osztonzesere\/#article","isPartOf":{"@id":"https:\/\/super-news.info\/hu\/ez-most-nagyon-meggy-kampany-a-fogyasztas-osztonzesere\/"},"author":{"name":"super-news","@id":"https:\/\/super-news.info\/hu\/#\/schema\/person\/2d4068cb2f39cd10008c2fce578a7356"},"headline":"\u201eEz most nagyon meggy!\u201d \u2013 kamp\u00e1ny a fogyaszt\u00e1s \u00f6szt\u00f6nz\u00e9s\u00e9re","datePublished":"2019-07-06T14:51:54+00:00","dateModified":"2019-07-06T14:51:55+00:00","mainEntityOfPage":{"@id":"https:\/\/super-news.info\/hu\/ez-most-nagyon-meggy-kampany-a-fogyasztas-osztonzesere\/"},"wordCount":490,"commentCount":0,"image":{"@id":"https:\/\/super-news.info\/hu\/ez-most-nagyon-meggy-kampany-a-fogyasztas-osztonzesere\/#primaryimage"},"thumbnailUrl":"https:\/\/super-news.info\/hu\/wp-content\/uploads\/sites\/3\/2019\/06\/Ingyen-ehet\u00fcnk-meggyet-a-j\u00f6v\u0151-h\u00e9ten.jpg","articleSection":["P\u00c9NZ\u00dcGYI H\u00cdREK"],"inLanguage":"hu","potentialAction":[{"@type":"CommentAction","name":"Comment","target":["https:\/\/super-news.info\/hu\/ez-most-nagyon-meggy-kampany-a-fogyasztas-osztonzesere\/#respond"]}]},{"@type":"WebPage","@id":"https:\/\/super-news.info\/hu\/ez-most-nagyon-meggy-kampany-a-fogyasztas-osztonzesere\/","url":"https:\/\/super-news.info\/hu\/ez-most-nagyon-meggy-kampany-a-fogyasztas-osztonzesere\/","name":"\u201eEz most nagyon meggy!\u201d \u2013 kamp\u00e1ny a fogyaszt\u00e1s \u00f6szt\u00f6nz\u00e9s\u00e9re - Super News","isPartOf":{"@id":"https:\/\/super-news.info\/hu\/#website"},"primaryImageOfPage":{"@id":"https:\/\/super-news.info\/hu\/ez-most-nagyon-meggy-kampany-a-fogyasztas-osztonzesere\/#primaryimage"},"image":{"@id":"https:\/\/super-news.info\/hu\/ez-most-nagyon-meggy-kampany-a-fogyasztas-osztonzesere\/#primaryimage"},"thumbnailUrl":"https:\/\/super-news.info\/hu\/wp-content\/uploads\/sites\/3\/2019\/06\/Ingyen-ehet\u00fcnk-meggyet-a-j\u00f6v\u0151-h\u00e9ten.jpg","datePublished":"2019-07-06T14:51:54+00:00","dateModified":"2019-07-06T14:51:55+00:00","author":{"@id":"https:\/\/super-news.info\/hu\/#\/schema\/person\/2d4068cb2f39cd10008c2fce578a7356"},"breadcrumb":{"@id":"https:\/\/super-news.info\/hu\/ez-most-nagyon-meggy-kampany-a-fogyasztas-osztonzesere\/#breadcrumb"},"inLanguage":"hu","potentialAction":[{"@type":"ReadAction","target":["https:\/\/super-news.info\/hu\/ez-most-nagyon-meggy-kampany-a-fogyasztas-osztonzesere\/"]}]},{"@type":"ImageObject","inLanguage":"hu","@id":"https:\/\/super-news.info\/hu\/ez-most-nagyon-meggy-kampany-a-fogyasztas-osztonzesere\/#primaryimage","url":"https:\/\/super-news.info\/hu\/wp-content\/uploads\/sites\/3\/2019\/06\/Ingyen-ehet\u00fcnk-meggyet-a-j\u00f6v\u0151-h\u00e9ten.jpg","contentUrl":"https:\/\/super-news.info\/hu\/wp-content\/uploads\/sites\/3\/2019\/06\/Ingyen-ehet\u00fcnk-meggyet-a-j\u00f6v\u0151-h\u00e9ten.jpg","width":1400,"height":935,"caption":"Ingyen ehet\u00fcnk meggyet a j\u00f6v\u0151 h\u00e9ten"},{"@type":"BreadcrumbList","@id":"https:\/\/super-news.info\/hu\/ez-most-nagyon-meggy-kampany-a-fogyasztas-osztonzesere\/#breadcrumb","itemListElement":[{"@type":"ListItem","position":1,"name":"\u0413\u043b\u0430\u0432\u043d\u0430\u044f \u0441\u0442\u0440\u0430\u043d\u0438\u0446\u0430","item":"https:\/\/super-news.info\/hu\/"},{"@type":"ListItem","position":2,"name":"\u201eEz most nagyon meggy!\u201d \u2013 kamp\u00e1ny a fogyaszt\u00e1s \u00f6szt\u00f6nz\u00e9s\u00e9re"}]},{"@type":"WebSite","@id":"https:\/\/super-news.info\/hu\/#website","url":"https:\/\/super-news.info\/hu\/","name":"Super News","description":"Super News Magyarorsz\u00e1g","potentialAction":[{"@type":"SearchAction","target":{"@type":"EntryPoint","urlTemplate":"https:\/\/super-news.info\/hu\/?s={search_term_string}"},"query-input":{"@type":"PropertyValueSpecification","valueRequired":true,"valueName":"search_term_string"}}],"inLanguage":"hu"},{"@type":"Person","@id":"https:\/\/super-news.info\/hu\/#\/schema\/person\/2d4068cb2f39cd10008c2fce578a7356","name":"super-news","image":{"@type":"ImageObject","inLanguage":"hu","@id":"https:\/\/secure.gravatar.com\/avatar\/64ebac40b93f26a154f8a9b5b6fdccfc46f442b26b3dd6756dbff3bf9dc76fd7?s=96&d=mm&r=g","url":"https:\/\/secure.gravatar.com\/avatar\/64ebac40b93f26a154f8a9b5b6fdccfc46f442b26b3dd6756dbff3bf9dc76fd7?s=96&d=mm&r=g","contentUrl":"https:\/\/secure.gravatar.com\/avatar\/64ebac40b93f26a154f8a9b5b6fdccfc46f442b26b3dd6756dbff3bf9dc76fd7?s=96&d=mm&r=g","caption":"super-news"},"url":"https:\/\/super-news.info\/hu\/author\/pt\/"}]}},"_links":{"self":[{"href":"https:\/\/super-news.info\/hu\/wp-json\/wp\/v2\/posts\/5516","targetHints":{"allow":["GET"]}}],"collection":[{"href":"https:\/\/super-news.info\/hu\/wp-json\/wp\/v2\/posts"}],"about":[{"href":"https:\/\/super-news.info\/hu\/wp-json\/wp\/v2\/types\/post"}],"author":[{"embeddable":true,"href":"https:\/\/super-news.info\/hu\/wp-json\/wp\/v2\/users\/2"}],"replies":[{"embeddable":true,"href":"https:\/\/super-news.info\/hu\/wp-json\/wp\/v2\/comments?post=5516"}],"version-history":[{"count":1,"href":"https:\/\/super-news.info\/hu\/wp-json\/wp\/v2\/posts\/5516\/revisions"}],"predecessor-version":[{"id":5517,"href":"https:\/\/super-news.info\/hu\/wp-json\/wp\/v2\/posts\/5516\/revisions\/5517"}],"wp:featuredmedia":[{"embeddable":true,"href":"https:\/\/super-news.info\/hu\/wp-json\/wp\/v2\/media\/4648"}],"wp:attachment":[{"href":"https:\/\/super-news.info\/hu\/wp-json\/wp\/v2\/media?parent=5516"}],"wp:term":[{"taxonomy":"category","embeddable":true,"href":"https:\/\/super-news.info\/hu\/wp-json\/wp\/v2\/categories?post=5516"},{"taxonomy":"post_tag","embeddable":true,"href":"https:\/\/super-news.info\/hu\/wp-json\/wp\/v2\/tags?post=5516"}],"curies":[{"name":"wp","href":"https:\/\/api.w.org\/{rel}","templated":true}]}}