{"id":5511,"date":"2019-07-06T15:56:46","date_gmt":"2019-07-06T12:56:46","guid":{"rendered":"https:\/\/super-news.info\/hu\/elsopro-gyozelmet-josolnak-boris-johnsonnak\/"},"modified":"2019-07-06T15:56:47","modified_gmt":"2019-07-06T12:56:47","slug":"elsopro-gyozelmet-josolnak-boris-johnsonnak","status":"publish","type":"post","link":"https:\/\/super-news.info\/hu\/elsopro-gyozelmet-josolnak-boris-johnsonnak\/","title":{"rendered":"Els\u00f6pr\u0151 gy\u0151zelmet j\u00f3solnak Boris Johnsonnak"},"content":{"rendered":"<p> [ad_1]<br \/>\n<\/p>\n<div>\n<p>A szombaton ismertetett leg\u00fajabb felm\u00e9r\u00e9s szerint Boris Johnson volt brit k\u00fcl\u00fcgyminiszter v\u00e1rhat\u00f3an els\u00f6pr\u0151 gy\u0151zelmet arat a korm\u00e1nyz\u00f3 brit Konzervat\u00edv P\u00e1rt vezet\u0151v\u00e1laszt\u00e1si verseny\u00e9ben. A p\u00e1rtvezet\u0151i poszt\u00e9rt Johnson \u00e9s Jeremy Hunt jelenlegi k\u00fcl\u00fcgyminiszter verseng.<\/p>\n<p>A 160 ezer f\u0151s p\u00e1rttags\u00e1gnak hivatalosan szombaton kezdt\u00e9k k\u00e9zbes\u00edteni a szavaz\u00f3lapokat, de sok p\u00e1rttag m\u00e1r az elm\u00falt napokban megkapta \u00e9s vissza is k\u00fcldte az \u00edvet, vagyis a szavaz\u00e1s gyakorlatilag m\u00e1r zajlik.<\/p>\n<p>A menetrend szerint a p\u00e1rttags\u00e1gnak k\u00e9t hete van arra, hogy Johnson \u00e9s Hunt k\u00f6z\u00fcl postai \u00faton megv\u00e1lassza a Konzervat\u00edv P\u00e1rt \u00faj vezet\u0151j\u00e9t, aki a k\u00f6vetkez\u0151 brit minisztereln\u00f6k is lesz a t\u00e1voz\u00f3 Theresa May ut\u00f3djak\u00e9nt.<\/p>\n<p>A gy\u0151ztes nev\u00e9t j\u00falius 23-\u00e1n hozz\u00e1k nyilv\u00e1noss\u00e1gra, a form\u00e1lis v\u00e1lt\u00e1s v\u00e1rhat\u00f3an 24-\u00e9n zajlik le.<\/p>\n<p>A legnagyobb brit k\u00f6zv\u00e9lem\u00e9ny-kutat\u00f3 c\u00e9g, a YouGov a The Times c\u00edm\u0171 konzervat\u00edv brit napilap megb\u00edz\u00e1s\u00e1b\u00f3l elv\u00e9gzett, szombaton ismertetett \u00faj felm\u00e9r\u00e9s\u00e9ben kimutatta, hogy a Konzervat\u00edv P\u00e1rt tags\u00e1g\u00e1nak 74 sz\u00e1zal\u00e9ka Boris Johnsont t\u00e1mogatja, versenyt\u00e1rs\u00e1ra, Jeremy Huntra 26 sz\u00e1zal\u00e9k k\u00e9sz\u00fcl voksolni.<\/p>\n<div id=\"attachment_631621\" style=\"width: 1410px\" class=\"wp-caption alignnone\">\n<p class=\"wp-caption-text\">Boris Johnson<br \/>Fot\u00f3: AFP<\/p>\n<\/div>\n<p>Az 1119 f\u0151s reprezentat\u00edv v\u00e1laszt\u00f3i csoport bevon\u00e1s\u00e1val elv\u00e9gzett vizsg\u00e1lat szerint a p\u00e1rttagok z\u00f6me egy\u00e9rtelm\u0171en eld\u00f6nt\u00f6tte, hogy kire akar szavazni: a megk\u00e9rdezettek 82 sz\u00e1zal\u00e9ka mondta meglehet\u0151sen biztosra, hogy az \u00e1ltala jelenleg el\u0151nyben r\u00e9szes\u00edtett jel\u00f6ltre voksol, \u00e9s csak 15 sz\u00e1zal\u00e9k jelezte, hogy esetleg hajland\u00f3 lenne megv\u00e1ltoztatni szavaz\u00e1si sz\u00e1nd\u00e9k\u00e1t.<\/p>\n<p>A felm\u00e9r\u00e9sbe bevont p\u00e1rttagok t\u00f6bb mint h\u00e1romnegyed\u00e9t Boris Johnson mag\u00e1n\u00e9leti probl\u00e9m\u00e1i sem zavarj\u00e1k. A megk\u00e9rdezettek 77 sz\u00e1zal\u00e9ka szerint nincs jelent\u0151s\u00e9g\u00fck a n\u00e9ha botr\u00e1nyos mag\u00e1n\u00e9leti \u00fcgyeknek abban, hogy Johnson j\u00f3 minisztereln\u00f6k lenne-e vagy sem, \u00e9s mind\u00f6ssze 19 sz\u00e1zal\u00e9k volt ellenkez\u0151 \u00e1ll\u00e1sponton.<\/p>\n<p>A m\u00falt h\u00f3nap v\u00e9g\u00e9n napokig a sajt\u00f3 els\u0151 oldalain szerepeltek a besz\u00e1mol\u00f3k arr\u00f3l, hogy Johnson \u00e9s \u00e9lett\u00e1rsa, Carrie Symonds szomsz\u00e9dai egy \u00e9jjel kih\u00edvt\u00e1k a rend\u0151rs\u00e9get, miut\u00e1n ajt\u00f3csapkod\u00e1ssal, \u00fcvegcs\u00f6r\u00f6mp\u00f6l\u00e9ssel vegyes hangos veszeked\u00e9s zaj\u00e1t hallott\u00e1k a p\u00e1r d\u00e9l-londoni lak\u00e1s\u00e1b\u00f3l.<\/p>\n<p>A kivonul\u00f3 rend\u0151rj\u00e1r\u0151r azonban meg\u00e1llap\u00edtotta, hogy semmif\u00e9le olyan t\u00f6rv\u00e9nyi kih\u00e1g\u00e1s nem t\u00f6rt\u00e9nt, amely rend\u0151ri int\u00e9zked\u00e9st ig\u00e9nyelt volna, \u00e9s sem Johnsonnak, sem \u00e9lett\u00e1rs\u00e1nak nem esett semmi baja.<\/p>\n<p>Az \u00fcgy j\u00falius elej\u00e9re leker\u00fclt a lapok c\u00edmoldal\u00e1r\u00f3l, \u00e9s Johnson a telev\u00edzi\u00f3s kamp\u00e1nym\u0171sorokban rendre visszautas\u00edtja a v\u00e1laszt az incidenst firtat\u00f3 k\u00e9rd\u00e9sekre.<\/p>\n<p>A szombaton ismertetett YouGov-felm\u00e9r\u00e9s szerint a Konzervat\u00edv P\u00e1rt tags\u00e1g\u00e1nak 90 sz\u00e1zal\u00e9ka \u00fagy gondolja, hogy Boris Johnson hajland\u00f3 lenne a brit EU-tags\u00e1g megsz\u0171n\u00e9s\u00e9nek (Brexit) felt\u00e9telrendszer\u00e9t r\u00f6gz\u00edt\u0151 meg\u00e1llapod\u00e1s n\u00e9lk\u00fcl kil\u00e9ptetni Nagy-Britanni\u00e1t az Eur\u00f3pai Uni\u00f3b\u00f3l. Jeremy Huntr\u00f3l a megk\u00e9rdezetteknek csak a 27 sz\u00e1zal\u00e9ka felt\u00e9telezi ugyanezt.<\/p>\n<p>A kil\u00e9p\u00e9s felt\u00e9telrendszer\u00e9t r\u00f6gz\u00edt\u0151, az Eur\u00f3pai Uni\u00f3val novemberben el\u00e9rt meg\u00e1llapod\u00e1st a londoni als\u00f3h\u00e1z h\u00e1romszor visszautas\u00edtotta. Ennek nyom\u00e1n Theresa May minisztereln\u00f6k k\u00e9tszer is kezdem\u00e9nyezte az EU-n\u00e1l a kil\u00e9p\u00e9s elhalaszt\u00e1s\u00e1t; a jelenlegi halad\u00e9k okt\u00f3ber 31-ig terjedhet.<\/p>\n<p>May mindenekel\u0151tt a Brexit-meg\u00e1llapod\u00e1s sorozatos parlamenti visszautas\u00edt\u00e1sai miatt d\u00f6nt\u00f6tt \u00fagy, hogy t\u00e1vozik a Konzervat\u00edv P\u00e1rt \u00e9s a korm\u00e1ny \u00e9l\u00e9r\u0151l. Boris Johnson a vezet\u0151v\u00e1laszt\u00e1si kamp\u00e1ny kezdete \u00f3ta t\u00f6bbsz\u00f6r is kijelentette, hogy ha \u0151 lesz a Konzervat\u00edv P\u00e1rt k\u00f6vetkez\u0151 vezet\u0151je \u00e9s \u00edgy az \u00faj minisztereln\u00f6k, Nagy-Britannia a Brexit okt\u00f3ber 31-i hat\u00e1rnapj\u00e1n mindenk\u00e9ppen kil\u00e9p az Eur\u00f3pai Uni\u00f3b\u00f3l, ak\u00e1r lesz addig elfogadott Brexit-meg\u00e1llapod\u00e1s, ak\u00e1r nem.<\/p>\n<p>Jeremy Hunt a kamp\u00e1nyban tett nyilatkozataiban \u00fagy fogalmazott, hogy ha semmi es\u00e9ly nem mutatkozik a Brexit-meg\u00e1llapod\u00e1s \u00fajrat\u00e1rgyal\u00e1s\u00e1ra okt\u00f3ber 31-ig, akkor \u201eneh\u00e9z sz\u00edvvel ugyan\u201d, de \u0151 is k\u00e9sz lenne meg\u00e1llapod\u00e1s n\u00e9lk\u00fcl kivezetni Nagy-Britanni\u00e1t az EU-b\u00f3l.<\/p>\n<p>Az Eur\u00f3pai Uni\u00f3 folyamatosan \u00e9s egy\u00e9rtelm\u0171en jelzi hivatalos nyilatkozataiban, hogy nincs lehet\u0151s\u00e9g a brit kil\u00e9p\u00e9s felt\u00e9teleit r\u00f6gz\u00edt\u0151 585 oldalas meg\u00e1llapod\u00e1s \u00fajrat\u00e1rgyal\u00e1s\u00e1ra.<\/p>\n<\/p><\/div>\n<p><script>\n    window.fbAsyncInit = function() {\n        FB.init({\n            appId      : \"204760236815359\",\n            xfbml      : true,\n            version    : \"v2.12\"\n        });\n        FB.AppEvents.logPageView();\n    };<\/p>\n<p>    (function(d, s, id){\n        var js, fjs = d.getElementsByTagName(s)[0];\n        if (d.getElementById(id)) {return;}\n        js = d.createElement(s); js.id = id;\n        js.src = \"http:\/\/connect.facebook.net\/hu_HU\/sdk.js\";\n        fjs.parentNode.insertBefore(js, fjs);\n    }(document, \"script\", \"facebook-jssdk\"));\n<\/script><br \/>\n<br \/>[ad_2]<br \/>\n<br \/><a href=\"https:\/\/www.vg.hu\/kozelet\/kozeleti-hirek\/elsopro-gyozelmet-josolnak-boris-johnsonnak-1613522\/\">Source link <\/a><\/p>\n","protected":false},"excerpt":{"rendered":"<p>[ad_1] A szombaton ismertetett leg\u00fajabb felm\u00e9r\u00e9s szerint Boris Johnson volt brit k\u00fcl\u00fcgyminiszter v\u00e1rhat\u00f3an els\u00f6pr\u0151 gy\u0151zelmet arat a korm\u00e1nyz\u00f3 brit Konzervat\u00edv P\u00e1rt vezet\u0151v\u00e1laszt\u00e1si verseny\u00e9ben. A p\u00e1rtvezet\u0151i poszt\u00e9rt Johnson \u00e9s Jeremy Hunt jelenlegi k\u00fcl\u00fcgyminiszter verseng. A 160 ezer f\u0151s p\u00e1rttags\u00e1gnak hivatalosan szombaton kezdt\u00e9k k\u00e9zbes\u00edteni a szavaz\u00f3lapokat, de sok p\u00e1rttag m\u00e1r az elm\u00falt napokban megkapta \u00e9s vissza is [&hellip;]<\/p>\n","protected":false},"author":2,"featured_media":4367,"comment_status":"open","ping_status":"open","sticky":false,"template":"","format":"standard","meta":{"footnotes":""},"categories":[1],"tags":[],"class_list":["post-5511","post","type-post","status-publish","format-standard","has-post-thumbnail","hentry","category-penzugyi-hirek"],"yoast_head":"<!-- This site is optimized with the Yoast SEO plugin v27.4 - https:\/\/yoast.com\/product\/yoast-seo-wordpress\/ -->\n<title>Els\u00f6pr\u0151 gy\u0151zelmet j\u00f3solnak Boris Johnsonnak - Super News<\/title>\n<meta name=\"robots\" content=\"index, follow, max-snippet:-1, max-image-preview:large, max-video-preview:-1\" \/>\n<link rel=\"canonical\" href=\"https:\/\/super-news.info\/hu\/elsopro-gyozelmet-josolnak-boris-johnsonnak\/\" \/>\n<meta property=\"og:locale\" content=\"hu_HU\" \/>\n<meta property=\"og:type\" content=\"article\" \/>\n<meta property=\"og:title\" content=\"Els\u00f6pr\u0151 gy\u0151zelmet j\u00f3solnak Boris Johnsonnak - Super News\" \/>\n<meta property=\"og:description\" content=\"[ad_1] A szombaton ismertetett leg\u00fajabb felm\u00e9r\u00e9s szerint Boris Johnson volt brit k\u00fcl\u00fcgyminiszter v\u00e1rhat\u00f3an els\u00f6pr\u0151 gy\u0151zelmet arat a korm\u00e1nyz\u00f3 brit Konzervat\u00edv P\u00e1rt vezet\u0151v\u00e1laszt\u00e1si verseny\u00e9ben. A p\u00e1rtvezet\u0151i poszt\u00e9rt Johnson \u00e9s Jeremy Hunt jelenlegi k\u00fcl\u00fcgyminiszter verseng. A 160 ezer f\u0151s p\u00e1rttags\u00e1gnak hivatalosan szombaton kezdt\u00e9k k\u00e9zbes\u00edteni a szavaz\u00f3lapokat, de sok p\u00e1rttag m\u00e1r az elm\u00falt napokban megkapta \u00e9s vissza is [&hellip;]\" \/>\n<meta property=\"og:url\" content=\"https:\/\/super-news.info\/hu\/elsopro-gyozelmet-josolnak-boris-johnsonnak\/\" \/>\n<meta property=\"og:site_name\" content=\"Super News\" \/>\n<meta property=\"article:published_time\" content=\"2019-07-06T12:56:46+00:00\" \/>\n<meta property=\"article:modified_time\" content=\"2019-07-06T12:56:47+00:00\" \/>\n<meta property=\"og:image\" content=\"https:\/\/super-news.info\/hu\/wp-content\/uploads\/sites\/3\/2019\/06\/Brexit-nem-c\u00e9l-a-rendezetlen-kil\u00e9p\u00e9s.jpg\" \/>\n\t<meta property=\"og:image:width\" content=\"1400\" \/>\n\t<meta property=\"og:image:height\" content=\"933\" \/>\n\t<meta property=\"og:image:type\" content=\"image\/jpeg\" \/>\n<meta name=\"author\" content=\"super-news\" \/>\n<meta name=\"twitter:card\" content=\"summary_large_image\" \/>\n<meta name=\"twitter:label1\" content=\"Szerz\u0151:\" \/>\n\t<meta name=\"twitter:data1\" content=\"super-news\" \/>\n\t<meta name=\"twitter:label2\" content=\"Becs\u00fclt olvas\u00e1si id\u0151\" \/>\n\t<meta name=\"twitter:data2\" content=\"4 perc\" \/>\n<script type=\"application\/ld+json\" class=\"yoast-schema-graph\">{\"@context\":\"https:\\\/\\\/schema.org\",\"@graph\":[{\"@type\":\"Article\",\"@id\":\"https:\\\/\\\/super-news.info\\\/hu\\\/elsopro-gyozelmet-josolnak-boris-johnsonnak\\\/#article\",\"isPartOf\":{\"@id\":\"https:\\\/\\\/super-news.info\\\/hu\\\/elsopro-gyozelmet-josolnak-boris-johnsonnak\\\/\"},\"author\":{\"name\":\"super-news\",\"@id\":\"https:\\\/\\\/super-news.info\\\/hu\\\/#\\\/schema\\\/person\\\/2d4068cb2f39cd10008c2fce578a7356\"},\"headline\":\"Els\u00f6pr\u0151 gy\u0151zelmet j\u00f3solnak Boris Johnsonnak\",\"datePublished\":\"2019-07-06T12:56:46+00:00\",\"dateModified\":\"2019-07-06T12:56:47+00:00\",\"mainEntityOfPage\":{\"@id\":\"https:\\\/\\\/super-news.info\\\/hu\\\/elsopro-gyozelmet-josolnak-boris-johnsonnak\\\/\"},\"wordCount\":841,\"commentCount\":0,\"image\":{\"@id\":\"https:\\\/\\\/super-news.info\\\/hu\\\/elsopro-gyozelmet-josolnak-boris-johnsonnak\\\/#primaryimage\"},\"thumbnailUrl\":\"https:\\\/\\\/super-news.info\\\/hu\\\/wp-content\\\/uploads\\\/sites\\\/3\\\/2019\\\/06\\\/Brexit-nem-c\u00e9l-a-rendezetlen-kil\u00e9p\u00e9s.jpg\",\"articleSection\":[\"P\u00c9NZ\u00dcGYI H\u00cdREK\"],\"inLanguage\":\"hu\",\"potentialAction\":[{\"@type\":\"CommentAction\",\"name\":\"Comment\",\"target\":[\"https:\\\/\\\/super-news.info\\\/hu\\\/elsopro-gyozelmet-josolnak-boris-johnsonnak\\\/#respond\"]}]},{\"@type\":\"WebPage\",\"@id\":\"https:\\\/\\\/super-news.info\\\/hu\\\/elsopro-gyozelmet-josolnak-boris-johnsonnak\\\/\",\"url\":\"https:\\\/\\\/super-news.info\\\/hu\\\/elsopro-gyozelmet-josolnak-boris-johnsonnak\\\/\",\"name\":\"Els\u00f6pr\u0151 gy\u0151zelmet j\u00f3solnak Boris Johnsonnak - Super News\",\"isPartOf\":{\"@id\":\"https:\\\/\\\/super-news.info\\\/hu\\\/#website\"},\"primaryImageOfPage\":{\"@id\":\"https:\\\/\\\/super-news.info\\\/hu\\\/elsopro-gyozelmet-josolnak-boris-johnsonnak\\\/#primaryimage\"},\"image\":{\"@id\":\"https:\\\/\\\/super-news.info\\\/hu\\\/elsopro-gyozelmet-josolnak-boris-johnsonnak\\\/#primaryimage\"},\"thumbnailUrl\":\"https:\\\/\\\/super-news.info\\\/hu\\\/wp-content\\\/uploads\\\/sites\\\/3\\\/2019\\\/06\\\/Brexit-nem-c\u00e9l-a-rendezetlen-kil\u00e9p\u00e9s.jpg\",\"datePublished\":\"2019-07-06T12:56:46+00:00\",\"dateModified\":\"2019-07-06T12:56:47+00:00\",\"author\":{\"@id\":\"https:\\\/\\\/super-news.info\\\/hu\\\/#\\\/schema\\\/person\\\/2d4068cb2f39cd10008c2fce578a7356\"},\"breadcrumb\":{\"@id\":\"https:\\\/\\\/super-news.info\\\/hu\\\/elsopro-gyozelmet-josolnak-boris-johnsonnak\\\/#breadcrumb\"},\"inLanguage\":\"hu\",\"potentialAction\":[{\"@type\":\"ReadAction\",\"target\":[\"https:\\\/\\\/super-news.info\\\/hu\\\/elsopro-gyozelmet-josolnak-boris-johnsonnak\\\/\"]}]},{\"@type\":\"ImageObject\",\"inLanguage\":\"hu\",\"@id\":\"https:\\\/\\\/super-news.info\\\/hu\\\/elsopro-gyozelmet-josolnak-boris-johnsonnak\\\/#primaryimage\",\"url\":\"https:\\\/\\\/super-news.info\\\/hu\\\/wp-content\\\/uploads\\\/sites\\\/3\\\/2019\\\/06\\\/Brexit-nem-c\u00e9l-a-rendezetlen-kil\u00e9p\u00e9s.jpg\",\"contentUrl\":\"https:\\\/\\\/super-news.info\\\/hu\\\/wp-content\\\/uploads\\\/sites\\\/3\\\/2019\\\/06\\\/Brexit-nem-c\u00e9l-a-rendezetlen-kil\u00e9p\u00e9s.jpg\",\"width\":1400,\"height\":933,\"caption\":\"Brexit: nem c\u00e9l a rendezetlen kil\u00e9p\u00e9s\"},{\"@type\":\"BreadcrumbList\",\"@id\":\"https:\\\/\\\/super-news.info\\\/hu\\\/elsopro-gyozelmet-josolnak-boris-johnsonnak\\\/#breadcrumb\",\"itemListElement\":[{\"@type\":\"ListItem\",\"position\":1,\"name\":\"\u0413\u043b\u0430\u0432\u043d\u0430\u044f \u0441\u0442\u0440\u0430\u043d\u0438\u0446\u0430\",\"item\":\"https:\\\/\\\/super-news.info\\\/hu\\\/\"},{\"@type\":\"ListItem\",\"position\":2,\"name\":\"Els\u00f6pr\u0151 gy\u0151zelmet j\u00f3solnak Boris Johnsonnak\"}]},{\"@type\":\"WebSite\",\"@id\":\"https:\\\/\\\/super-news.info\\\/hu\\\/#website\",\"url\":\"https:\\\/\\\/super-news.info\\\/hu\\\/\",\"name\":\"Super News\",\"description\":\"Super News Magyarorsz\u00e1g\",\"potentialAction\":[{\"@type\":\"SearchAction\",\"target\":{\"@type\":\"EntryPoint\",\"urlTemplate\":\"https:\\\/\\\/super-news.info\\\/hu\\\/?s={search_term_string}\"},\"query-input\":{\"@type\":\"PropertyValueSpecification\",\"valueRequired\":true,\"valueName\":\"search_term_string\"}}],\"inLanguage\":\"hu\"},{\"@type\":\"Person\",\"@id\":\"https:\\\/\\\/super-news.info\\\/hu\\\/#\\\/schema\\\/person\\\/2d4068cb2f39cd10008c2fce578a7356\",\"name\":\"super-news\",\"image\":{\"@type\":\"ImageObject\",\"inLanguage\":\"hu\",\"@id\":\"https:\\\/\\\/secure.gravatar.com\\\/avatar\\\/64ebac40b93f26a154f8a9b5b6fdccfc46f442b26b3dd6756dbff3bf9dc76fd7?s=96&d=mm&r=g\",\"url\":\"https:\\\/\\\/secure.gravatar.com\\\/avatar\\\/64ebac40b93f26a154f8a9b5b6fdccfc46f442b26b3dd6756dbff3bf9dc76fd7?s=96&d=mm&r=g\",\"contentUrl\":\"https:\\\/\\\/secure.gravatar.com\\\/avatar\\\/64ebac40b93f26a154f8a9b5b6fdccfc46f442b26b3dd6756dbff3bf9dc76fd7?s=96&d=mm&r=g\",\"caption\":\"super-news\"},\"url\":\"https:\\\/\\\/super-news.info\\\/hu\\\/author\\\/pt\\\/\"}]}<\/script>\n<!-- \/ Yoast SEO plugin. -->","yoast_head_json":{"title":"Els\u00f6pr\u0151 gy\u0151zelmet j\u00f3solnak Boris Johnsonnak - Super News","robots":{"index":"index","follow":"follow","max-snippet":"max-snippet:-1","max-image-preview":"max-image-preview:large","max-video-preview":"max-video-preview:-1"},"canonical":"https:\/\/super-news.info\/hu\/elsopro-gyozelmet-josolnak-boris-johnsonnak\/","og_locale":"hu_HU","og_type":"article","og_title":"Els\u00f6pr\u0151 gy\u0151zelmet j\u00f3solnak Boris Johnsonnak - Super News","og_description":"[ad_1] A szombaton ismertetett leg\u00fajabb felm\u00e9r\u00e9s szerint Boris Johnson volt brit k\u00fcl\u00fcgyminiszter v\u00e1rhat\u00f3an els\u00f6pr\u0151 gy\u0151zelmet arat a korm\u00e1nyz\u00f3 brit Konzervat\u00edv P\u00e1rt vezet\u0151v\u00e1laszt\u00e1si verseny\u00e9ben. A p\u00e1rtvezet\u0151i poszt\u00e9rt Johnson \u00e9s Jeremy Hunt jelenlegi k\u00fcl\u00fcgyminiszter verseng. A 160 ezer f\u0151s p\u00e1rttags\u00e1gnak hivatalosan szombaton kezdt\u00e9k k\u00e9zbes\u00edteni a szavaz\u00f3lapokat, de sok p\u00e1rttag m\u00e1r az elm\u00falt napokban megkapta \u00e9s vissza is [&hellip;]","og_url":"https:\/\/super-news.info\/hu\/elsopro-gyozelmet-josolnak-boris-johnsonnak\/","og_site_name":"Super News","article_published_time":"2019-07-06T12:56:46+00:00","article_modified_time":"2019-07-06T12:56:47+00:00","og_image":[{"width":1400,"height":933,"url":"https:\/\/super-news.info\/hu\/wp-content\/uploads\/sites\/3\/2019\/06\/Brexit-nem-c\u00e9l-a-rendezetlen-kil\u00e9p\u00e9s.jpg","type":"image\/jpeg"}],"author":"super-news","twitter_card":"summary_large_image","twitter_misc":{"Szerz\u0151:":"super-news","Becs\u00fclt olvas\u00e1si id\u0151":"4 perc"},"schema":{"@context":"https:\/\/schema.org","@graph":[{"@type":"Article","@id":"https:\/\/super-news.info\/hu\/elsopro-gyozelmet-josolnak-boris-johnsonnak\/#article","isPartOf":{"@id":"https:\/\/super-news.info\/hu\/elsopro-gyozelmet-josolnak-boris-johnsonnak\/"},"author":{"name":"super-news","@id":"https:\/\/super-news.info\/hu\/#\/schema\/person\/2d4068cb2f39cd10008c2fce578a7356"},"headline":"Els\u00f6pr\u0151 gy\u0151zelmet j\u00f3solnak Boris Johnsonnak","datePublished":"2019-07-06T12:56:46+00:00","dateModified":"2019-07-06T12:56:47+00:00","mainEntityOfPage":{"@id":"https:\/\/super-news.info\/hu\/elsopro-gyozelmet-josolnak-boris-johnsonnak\/"},"wordCount":841,"commentCount":0,"image":{"@id":"https:\/\/super-news.info\/hu\/elsopro-gyozelmet-josolnak-boris-johnsonnak\/#primaryimage"},"thumbnailUrl":"https:\/\/super-news.info\/hu\/wp-content\/uploads\/sites\/3\/2019\/06\/Brexit-nem-c\u00e9l-a-rendezetlen-kil\u00e9p\u00e9s.jpg","articleSection":["P\u00c9NZ\u00dcGYI H\u00cdREK"],"inLanguage":"hu","potentialAction":[{"@type":"CommentAction","name":"Comment","target":["https:\/\/super-news.info\/hu\/elsopro-gyozelmet-josolnak-boris-johnsonnak\/#respond"]}]},{"@type":"WebPage","@id":"https:\/\/super-news.info\/hu\/elsopro-gyozelmet-josolnak-boris-johnsonnak\/","url":"https:\/\/super-news.info\/hu\/elsopro-gyozelmet-josolnak-boris-johnsonnak\/","name":"Els\u00f6pr\u0151 gy\u0151zelmet j\u00f3solnak Boris Johnsonnak - Super News","isPartOf":{"@id":"https:\/\/super-news.info\/hu\/#website"},"primaryImageOfPage":{"@id":"https:\/\/super-news.info\/hu\/elsopro-gyozelmet-josolnak-boris-johnsonnak\/#primaryimage"},"image":{"@id":"https:\/\/super-news.info\/hu\/elsopro-gyozelmet-josolnak-boris-johnsonnak\/#primaryimage"},"thumbnailUrl":"https:\/\/super-news.info\/hu\/wp-content\/uploads\/sites\/3\/2019\/06\/Brexit-nem-c\u00e9l-a-rendezetlen-kil\u00e9p\u00e9s.jpg","datePublished":"2019-07-06T12:56:46+00:00","dateModified":"2019-07-06T12:56:47+00:00","author":{"@id":"https:\/\/super-news.info\/hu\/#\/schema\/person\/2d4068cb2f39cd10008c2fce578a7356"},"breadcrumb":{"@id":"https:\/\/super-news.info\/hu\/elsopro-gyozelmet-josolnak-boris-johnsonnak\/#breadcrumb"},"inLanguage":"hu","potentialAction":[{"@type":"ReadAction","target":["https:\/\/super-news.info\/hu\/elsopro-gyozelmet-josolnak-boris-johnsonnak\/"]}]},{"@type":"ImageObject","inLanguage":"hu","@id":"https:\/\/super-news.info\/hu\/elsopro-gyozelmet-josolnak-boris-johnsonnak\/#primaryimage","url":"https:\/\/super-news.info\/hu\/wp-content\/uploads\/sites\/3\/2019\/06\/Brexit-nem-c\u00e9l-a-rendezetlen-kil\u00e9p\u00e9s.jpg","contentUrl":"https:\/\/super-news.info\/hu\/wp-content\/uploads\/sites\/3\/2019\/06\/Brexit-nem-c\u00e9l-a-rendezetlen-kil\u00e9p\u00e9s.jpg","width":1400,"height":933,"caption":"Brexit: nem c\u00e9l a rendezetlen kil\u00e9p\u00e9s"},{"@type":"BreadcrumbList","@id":"https:\/\/super-news.info\/hu\/elsopro-gyozelmet-josolnak-boris-johnsonnak\/#breadcrumb","itemListElement":[{"@type":"ListItem","position":1,"name":"\u0413\u043b\u0430\u0432\u043d\u0430\u044f \u0441\u0442\u0440\u0430\u043d\u0438\u0446\u0430","item":"https:\/\/super-news.info\/hu\/"},{"@type":"ListItem","position":2,"name":"Els\u00f6pr\u0151 gy\u0151zelmet j\u00f3solnak Boris Johnsonnak"}]},{"@type":"WebSite","@id":"https:\/\/super-news.info\/hu\/#website","url":"https:\/\/super-news.info\/hu\/","name":"Super News","description":"Super News Magyarorsz\u00e1g","potentialAction":[{"@type":"SearchAction","target":{"@type":"EntryPoint","urlTemplate":"https:\/\/super-news.info\/hu\/?s={search_term_string}"},"query-input":{"@type":"PropertyValueSpecification","valueRequired":true,"valueName":"search_term_string"}}],"inLanguage":"hu"},{"@type":"Person","@id":"https:\/\/super-news.info\/hu\/#\/schema\/person\/2d4068cb2f39cd10008c2fce578a7356","name":"super-news","image":{"@type":"ImageObject","inLanguage":"hu","@id":"https:\/\/secure.gravatar.com\/avatar\/64ebac40b93f26a154f8a9b5b6fdccfc46f442b26b3dd6756dbff3bf9dc76fd7?s=96&d=mm&r=g","url":"https:\/\/secure.gravatar.com\/avatar\/64ebac40b93f26a154f8a9b5b6fdccfc46f442b26b3dd6756dbff3bf9dc76fd7?s=96&d=mm&r=g","contentUrl":"https:\/\/secure.gravatar.com\/avatar\/64ebac40b93f26a154f8a9b5b6fdccfc46f442b26b3dd6756dbff3bf9dc76fd7?s=96&d=mm&r=g","caption":"super-news"},"url":"https:\/\/super-news.info\/hu\/author\/pt\/"}]}},"_links":{"self":[{"href":"https:\/\/super-news.info\/hu\/wp-json\/wp\/v2\/posts\/5511","targetHints":{"allow":["GET"]}}],"collection":[{"href":"https:\/\/super-news.info\/hu\/wp-json\/wp\/v2\/posts"}],"about":[{"href":"https:\/\/super-news.info\/hu\/wp-json\/wp\/v2\/types\/post"}],"author":[{"embeddable":true,"href":"https:\/\/super-news.info\/hu\/wp-json\/wp\/v2\/users\/2"}],"replies":[{"embeddable":true,"href":"https:\/\/super-news.info\/hu\/wp-json\/wp\/v2\/comments?post=5511"}],"version-history":[{"count":1,"href":"https:\/\/super-news.info\/hu\/wp-json\/wp\/v2\/posts\/5511\/revisions"}],"predecessor-version":[{"id":5512,"href":"https:\/\/super-news.info\/hu\/wp-json\/wp\/v2\/posts\/5511\/revisions\/5512"}],"wp:featuredmedia":[{"embeddable":true,"href":"https:\/\/super-news.info\/hu\/wp-json\/wp\/v2\/media\/4367"}],"wp:attachment":[{"href":"https:\/\/super-news.info\/hu\/wp-json\/wp\/v2\/media?parent=5511"}],"wp:term":[{"taxonomy":"category","embeddable":true,"href":"https:\/\/super-news.info\/hu\/wp-json\/wp\/v2\/categories?post=5511"},{"taxonomy":"post_tag","embeddable":true,"href":"https:\/\/super-news.info\/hu\/wp-json\/wp\/v2\/tags?post=5511"}],"curies":[{"name":"wp","href":"https:\/\/api.w.org\/{rel}","templated":true}]}}