{"id":5503,"date":"2019-07-06T13:17:06","date_gmt":"2019-07-06T10:17:06","guid":{"rendered":"https:\/\/super-news.info\/hu\/kirugtak-a-torok-jegybank-vezetojet\/"},"modified":"2019-07-06T13:17:07","modified_gmt":"2019-07-06T10:17:07","slug":"kirugtak-a-torok-jegybank-vezetojet","status":"publish","type":"post","link":"https:\/\/super-news.info\/hu\/kirugtak-a-torok-jegybank-vezetojet\/","title":{"rendered":"Kir\u00fagt\u00e1k a t\u00f6r\u00f6k jegybank vezet\u0151j\u00e9t"},"content":{"rendered":"<p> [ad_1]<br \/>\n<\/p>\n<div>\n<p>Felmentett\u00e9k a t\u00f6r\u00f6k k\u00f6zponti bank korm\u00e1nyz\u00f3j\u00e1t, Murat Cetinkay\u00e1t szombaton. Az err\u0151l sz\u00f3l\u00f3 eln\u00f6ki rendelet a hivatali k\u00f6zl\u00f6nyben jelent meg. A tiszts\u00e9gbe Murat Aysal, a jegybanki korm\u00e1nyz\u00f3 eddigi helyettese ker\u00fclt. Hivatalos magyar\u00e1zatot nem adtak a l\u00e9p\u00e9sre, de az ut\u00f3bbi hetekben a piacok m\u00e1r sz\u00e1moltak a lehet\u0151s\u00e9ggel, hogy elt\u00e1vol\u00edtj\u00e1k Cetinkay\u00e1t, aki nem volt hajland\u00f3 kamatot cs\u00f6kkenteni.<\/p>\n<p>A jegybank szombaton k\u00f6zz\u00e9tett k\u00f6zlem\u00e9ny\u00e9ben lesz\u00f6gezte, hogy tov\u00e1bbra is f\u00fcggetlen int\u00e9zm\u00e9nyk\u00e9nt m\u0171k\u00f6dik, \u00e9s az \u00faj korm\u00e1nyz\u00f3 f\u0151 c\u00e9lk\u00e9nt az \u00e1rstabilit\u00e1s fenntart\u00e1s\u00e1ra \u00f6sszpontos\u00edtja tev\u00e9kenys\u00e9g\u00e9t.<\/p>\n<div id=\"attachment_1613450\" style=\"width: 1010px\" class=\"wp-caption aligncenter\">\n<p class=\"wp-caption-text\">Cetinkaya nem volt hajland\u00f3 kamatot cs\u00f6kkenteni, mennie kellett<br \/>Fot\u00f3: Bloomberg<\/p>\n<\/div>\n<p>Cetinkaya 2016 \u00e1prilis\u00e1ban ker\u00fclt a jegybank \u00e9l\u00e9re. Az ut\u00f3bbi h\u00f3napokban elm\u00e9ly\u00fclt a v\u00e9lem\u00e9nyk\u00fcl\u00f6nbs\u00e9g a korm\u00e1ny \u00e9s a jegybank vezet\u0151je k\u00f6z\u00f6tt arr\u00f3l, hogy milyen eszk\u00f6z\u00f6kkel k\u00fczdjenek a gazdas\u00e1g hanyatl\u00e1sa, a t\u00f6r\u00f6k l\u00edra \u00e1rfolyam\u00e1nak volatilit\u00e1sa \u00e9s a magas infl\u00e1ci\u00f3 ellen.<\/p>\n<p>Recep Tayyip Erdogan t\u00f6r\u00f6k \u00e1llamf\u0151 r\u00e9g\u00f3ta s\u00fcrgeti, hogy a jegybank cs\u00f6kkentsen kamatot a gazdas\u00e1g \u00e9l\u00e9nk\u00edt\u00e9s\u00e9re. B\u00e1r a t\u00f6r\u00f6k gazdas\u00e1g az idei els\u0151 negyed\u00e9vben kil\u00e9pett a recesszi\u00f3b\u00f3l, a kil\u00e1t\u00e1sok bor\u00fasak maradtak.<\/p>\n<p>T\u00f6r\u00f6korsz\u00e1g nemzeti fizet\u0151eszk\u00f6z\u00e9nek a f\u0151bb deviz\u00e1khoz viszony\u00edtott \u00e1rfolyama tavaly ny\u00e1ron t\u00f6rt\u00e9nelmi m\u00e9lypontra cs\u00f6kkent a t\u00f6r\u00f6k \u00e1llamf\u0151 gazdas\u00e1gpolitik\u00e1ja, valamint az Egyes\u00fclt \u00c1llamok \u00e9s T\u00f6r\u00f6korsz\u00e1g k\u00f6z\u00f6tti kereskedelmi, illetve diplom\u00e1ciai visz\u00e1ly miatti aggodalmak hat\u00e1s\u00e1ra. A t\u00f6r\u00f6k l\u00edra a tavalyi 30 sz\u00e1zal\u00e9k ut\u00e1n id\u00e9n, az \u00e9v eleje \u00f3ta \u00fajabb 9 sz\u00e1zal\u00e9kkal gyeng\u00fclt az amerikai-t\u00f6r\u00f6k kapcsolatok fesz\u00fclts\u00e9gei \u00e9s belpolitikai okok miatt.<\/p>\n<p>Ugyanakkor j\u00faniusban m\u00e1r a harmadik egym\u00e1st k\u00f6vet\u0151 h\u00f3napban lassult a fogyaszt\u00f3i \u00e1rak emelked\u00e9s\u00e9nek \u00fcteme, de m\u00e9g \u00edgy is 15,7 sz\u00e1zal\u00e9kon \u00e1llt a p\u00e9nzroml\u00e1s \u00e9ves \u00f6sszevet\u00e9s\u0171 \u00fcteme. Az infl\u00e1ci\u00f3 tavaly j\u00fanius \u00f3ta sorra 15 \u00e9ves cs\u00facsokat d\u00f6nt\u00f6tt, a legrosszabb h\u00f3napban, okt\u00f3berben a 25 sz\u00e1zal\u00e9kot is meghaladta az \u00fctem.<\/p>\n<p>A jegybank monet\u00e1ris tan\u00e1csa legut\u00f3bbi, j\u00faniusi \u00fcl\u00e9s\u00e9n nem v\u00e1ltoztatott az ir\u00e1nyad\u00f3 kamat szintj\u00e9n, \u00edgy az egyhetes repokamat tavaly szeptemberi szinten, 24,00 sz\u00e1zal\u00e9kon maradt. Legk\u00f6zelebb j\u00falius 25-\u00e9n \u00fcl \u00f6ssze a test\u00fclet.<\/p>\n<p>Elemz\u0151k arra sz\u00e1m\u00edtottak, hogy a jegybank j\u00faliusban kezdi el a kamatcs\u00f6kkent\u00e9si ciklust, \u00e9s az \u00e9v v\u00e9g\u00e9re 21,50 sz\u00e1zal\u00e9kra viszi le az ir\u00e1nyad\u00f3 kamatot.<\/p>\n<p>\u00a0<\/p>\n<\/p><\/div>\n<p><script>\n    window.fbAsyncInit = function() {\n        FB.init({\n            appId      : \"204760236815359\",\n            xfbml      : true,\n            version    : \"v2.12\"\n        });\n        FB.AppEvents.logPageView();\n    };<\/p>\n<p>    (function(d, s, id){\n        var js, fjs = d.getElementsByTagName(s)[0];\n        if (d.getElementById(id)) {return;}\n        js = d.createElement(s); js.id = id;\n        js.src = \"http:\/\/connect.facebook.net\/hu_HU\/sdk.js\";\n        fjs.parentNode.insertBefore(js, fjs);\n    }(document, \"script\", \"facebook-jssdk\"));\n<\/script><br \/>\n<br \/>[ad_2]<br \/>\n<br \/><a href=\"https:\/\/www.vg.hu\/kozelet\/kozeleti-hirek\/kirugtak-a-torok-jegybank-vezetojet-1613447\/\">Source link <\/a><\/p>\n","protected":false},"excerpt":{"rendered":"<p>[ad_1] Felmentett\u00e9k a t\u00f6r\u00f6k k\u00f6zponti bank korm\u00e1nyz\u00f3j\u00e1t, Murat Cetinkay\u00e1t szombaton. Az err\u0151l sz\u00f3l\u00f3 eln\u00f6ki rendelet a hivatali k\u00f6zl\u00f6nyben jelent meg. A tiszts\u00e9gbe Murat Aysal, a jegybanki korm\u00e1nyz\u00f3 eddigi helyettese ker\u00fclt. Hivatalos magyar\u00e1zatot nem adtak a l\u00e9p\u00e9sre, de az ut\u00f3bbi hetekben a piacok m\u00e1r sz\u00e1moltak a lehet\u0151s\u00e9ggel, hogy elt\u00e1vol\u00edtj\u00e1k Cetinkay\u00e1t, aki nem volt hajland\u00f3 kamatot cs\u00f6kkenteni. [&hellip;]<\/p>\n","protected":false},"author":2,"featured_media":5504,"comment_status":"open","ping_status":"open","sticky":false,"template":"","format":"standard","meta":{"footnotes":""},"categories":[1],"tags":[],"class_list":["post-5503","post","type-post","status-publish","format-standard","has-post-thumbnail","hentry","category-penzugyi-hirek"],"yoast_head":"<!-- This site is optimized with the Yoast SEO plugin v27.4 - https:\/\/yoast.com\/product\/yoast-seo-wordpress\/ -->\n<title>Kir\u00fagt\u00e1k a t\u00f6r\u00f6k jegybank vezet\u0151j\u00e9t - Super News<\/title>\n<meta name=\"robots\" content=\"index, follow, max-snippet:-1, max-image-preview:large, max-video-preview:-1\" \/>\n<link rel=\"canonical\" href=\"https:\/\/super-news.info\/hu\/kirugtak-a-torok-jegybank-vezetojet\/\" \/>\n<meta property=\"og:locale\" content=\"hu_HU\" \/>\n<meta property=\"og:type\" content=\"article\" \/>\n<meta property=\"og:title\" content=\"Kir\u00fagt\u00e1k a t\u00f6r\u00f6k jegybank vezet\u0151j\u00e9t - Super News\" \/>\n<meta property=\"og:description\" content=\"[ad_1] Felmentett\u00e9k a t\u00f6r\u00f6k k\u00f6zponti bank korm\u00e1nyz\u00f3j\u00e1t, Murat Cetinkay\u00e1t szombaton. Az err\u0151l sz\u00f3l\u00f3 eln\u00f6ki rendelet a hivatali k\u00f6zl\u00f6nyben jelent meg. A tiszts\u00e9gbe Murat Aysal, a jegybanki korm\u00e1nyz\u00f3 eddigi helyettese ker\u00fclt. Hivatalos magyar\u00e1zatot nem adtak a l\u00e9p\u00e9sre, de az ut\u00f3bbi hetekben a piacok m\u00e1r sz\u00e1moltak a lehet\u0151s\u00e9ggel, hogy elt\u00e1vol\u00edtj\u00e1k Cetinkay\u00e1t, aki nem volt hajland\u00f3 kamatot cs\u00f6kkenteni. [&hellip;]\" \/>\n<meta property=\"og:url\" content=\"https:\/\/super-news.info\/hu\/kirugtak-a-torok-jegybank-vezetojet\/\" \/>\n<meta property=\"og:site_name\" content=\"Super News\" \/>\n<meta property=\"article:published_time\" content=\"2019-07-06T10:17:06+00:00\" \/>\n<meta property=\"article:modified_time\" content=\"2019-07-06T10:17:07+00:00\" \/>\n<meta property=\"og:image\" content=\"https:\/\/super-news.info\/hu\/wp-content\/uploads\/sites\/3\/2019\/07\/Kir\u00fagt\u00e1k-a-t\u00f6r\u00f6k-jegybank-vezet\u0151j\u00e9t.jpg\" \/>\n\t<meta property=\"og:image:width\" content=\"1000\" \/>\n\t<meta property=\"og:image:height\" content=\"676\" \/>\n\t<meta property=\"og:image:type\" content=\"image\/jpeg\" \/>\n<meta name=\"author\" content=\"super-news\" \/>\n<meta name=\"twitter:card\" content=\"summary_large_image\" \/>\n<meta name=\"twitter:label1\" content=\"Szerz\u0151:\" \/>\n\t<meta name=\"twitter:data1\" content=\"super-news\" \/>\n\t<meta name=\"twitter:label2\" content=\"Becs\u00fclt olvas\u00e1si id\u0151\" \/>\n\t<meta name=\"twitter:data2\" content=\"3 perc\" \/>\n<script type=\"application\/ld+json\" class=\"yoast-schema-graph\">{\"@context\":\"https:\\\/\\\/schema.org\",\"@graph\":[{\"@type\":\"Article\",\"@id\":\"https:\\\/\\\/super-news.info\\\/hu\\\/kirugtak-a-torok-jegybank-vezetojet\\\/#article\",\"isPartOf\":{\"@id\":\"https:\\\/\\\/super-news.info\\\/hu\\\/kirugtak-a-torok-jegybank-vezetojet\\\/\"},\"author\":{\"name\":\"super-news\",\"@id\":\"https:\\\/\\\/super-news.info\\\/hu\\\/#\\\/schema\\\/person\\\/2d4068cb2f39cd10008c2fce578a7356\"},\"headline\":\"Kir\u00fagt\u00e1k a t\u00f6r\u00f6k jegybank vezet\u0151j\u00e9t\",\"datePublished\":\"2019-07-06T10:17:06+00:00\",\"dateModified\":\"2019-07-06T10:17:07+00:00\",\"mainEntityOfPage\":{\"@id\":\"https:\\\/\\\/super-news.info\\\/hu\\\/kirugtak-a-torok-jegybank-vezetojet\\\/\"},\"wordCount\":511,\"commentCount\":0,\"image\":{\"@id\":\"https:\\\/\\\/super-news.info\\\/hu\\\/kirugtak-a-torok-jegybank-vezetojet\\\/#primaryimage\"},\"thumbnailUrl\":\"https:\\\/\\\/super-news.info\\\/hu\\\/wp-content\\\/uploads\\\/sites\\\/3\\\/2019\\\/07\\\/Kir\u00fagt\u00e1k-a-t\u00f6r\u00f6k-jegybank-vezet\u0151j\u00e9t.jpg\",\"articleSection\":[\"P\u00c9NZ\u00dcGYI H\u00cdREK\"],\"inLanguage\":\"hu\",\"potentialAction\":[{\"@type\":\"CommentAction\",\"name\":\"Comment\",\"target\":[\"https:\\\/\\\/super-news.info\\\/hu\\\/kirugtak-a-torok-jegybank-vezetojet\\\/#respond\"]}]},{\"@type\":\"WebPage\",\"@id\":\"https:\\\/\\\/super-news.info\\\/hu\\\/kirugtak-a-torok-jegybank-vezetojet\\\/\",\"url\":\"https:\\\/\\\/super-news.info\\\/hu\\\/kirugtak-a-torok-jegybank-vezetojet\\\/\",\"name\":\"Kir\u00fagt\u00e1k a t\u00f6r\u00f6k jegybank vezet\u0151j\u00e9t - Super News\",\"isPartOf\":{\"@id\":\"https:\\\/\\\/super-news.info\\\/hu\\\/#website\"},\"primaryImageOfPage\":{\"@id\":\"https:\\\/\\\/super-news.info\\\/hu\\\/kirugtak-a-torok-jegybank-vezetojet\\\/#primaryimage\"},\"image\":{\"@id\":\"https:\\\/\\\/super-news.info\\\/hu\\\/kirugtak-a-torok-jegybank-vezetojet\\\/#primaryimage\"},\"thumbnailUrl\":\"https:\\\/\\\/super-news.info\\\/hu\\\/wp-content\\\/uploads\\\/sites\\\/3\\\/2019\\\/07\\\/Kir\u00fagt\u00e1k-a-t\u00f6r\u00f6k-jegybank-vezet\u0151j\u00e9t.jpg\",\"datePublished\":\"2019-07-06T10:17:06+00:00\",\"dateModified\":\"2019-07-06T10:17:07+00:00\",\"author\":{\"@id\":\"https:\\\/\\\/super-news.info\\\/hu\\\/#\\\/schema\\\/person\\\/2d4068cb2f39cd10008c2fce578a7356\"},\"breadcrumb\":{\"@id\":\"https:\\\/\\\/super-news.info\\\/hu\\\/kirugtak-a-torok-jegybank-vezetojet\\\/#breadcrumb\"},\"inLanguage\":\"hu\",\"potentialAction\":[{\"@type\":\"ReadAction\",\"target\":[\"https:\\\/\\\/super-news.info\\\/hu\\\/kirugtak-a-torok-jegybank-vezetojet\\\/\"]}]},{\"@type\":\"ImageObject\",\"inLanguage\":\"hu\",\"@id\":\"https:\\\/\\\/super-news.info\\\/hu\\\/kirugtak-a-torok-jegybank-vezetojet\\\/#primaryimage\",\"url\":\"https:\\\/\\\/super-news.info\\\/hu\\\/wp-content\\\/uploads\\\/sites\\\/3\\\/2019\\\/07\\\/Kir\u00fagt\u00e1k-a-t\u00f6r\u00f6k-jegybank-vezet\u0151j\u00e9t.jpg\",\"contentUrl\":\"https:\\\/\\\/super-news.info\\\/hu\\\/wp-content\\\/uploads\\\/sites\\\/3\\\/2019\\\/07\\\/Kir\u00fagt\u00e1k-a-t\u00f6r\u00f6k-jegybank-vezet\u0151j\u00e9t.jpg\",\"width\":1000,\"height\":676,\"caption\":\"Kir\u00fagt\u00e1k a t\u00f6r\u00f6k jegybank vezet\u0151j\u00e9t\"},{\"@type\":\"BreadcrumbList\",\"@id\":\"https:\\\/\\\/super-news.info\\\/hu\\\/kirugtak-a-torok-jegybank-vezetojet\\\/#breadcrumb\",\"itemListElement\":[{\"@type\":\"ListItem\",\"position\":1,\"name\":\"\u0413\u043b\u0430\u0432\u043d\u0430\u044f \u0441\u0442\u0440\u0430\u043d\u0438\u0446\u0430\",\"item\":\"https:\\\/\\\/super-news.info\\\/hu\\\/\"},{\"@type\":\"ListItem\",\"position\":2,\"name\":\"Kir\u00fagt\u00e1k a t\u00f6r\u00f6k jegybank vezet\u0151j\u00e9t\"}]},{\"@type\":\"WebSite\",\"@id\":\"https:\\\/\\\/super-news.info\\\/hu\\\/#website\",\"url\":\"https:\\\/\\\/super-news.info\\\/hu\\\/\",\"name\":\"Super News\",\"description\":\"Super News Magyarorsz\u00e1g\",\"potentialAction\":[{\"@type\":\"SearchAction\",\"target\":{\"@type\":\"EntryPoint\",\"urlTemplate\":\"https:\\\/\\\/super-news.info\\\/hu\\\/?s={search_term_string}\"},\"query-input\":{\"@type\":\"PropertyValueSpecification\",\"valueRequired\":true,\"valueName\":\"search_term_string\"}}],\"inLanguage\":\"hu\"},{\"@type\":\"Person\",\"@id\":\"https:\\\/\\\/super-news.info\\\/hu\\\/#\\\/schema\\\/person\\\/2d4068cb2f39cd10008c2fce578a7356\",\"name\":\"super-news\",\"image\":{\"@type\":\"ImageObject\",\"inLanguage\":\"hu\",\"@id\":\"https:\\\/\\\/secure.gravatar.com\\\/avatar\\\/64ebac40b93f26a154f8a9b5b6fdccfc46f442b26b3dd6756dbff3bf9dc76fd7?s=96&d=mm&r=g\",\"url\":\"https:\\\/\\\/secure.gravatar.com\\\/avatar\\\/64ebac40b93f26a154f8a9b5b6fdccfc46f442b26b3dd6756dbff3bf9dc76fd7?s=96&d=mm&r=g\",\"contentUrl\":\"https:\\\/\\\/secure.gravatar.com\\\/avatar\\\/64ebac40b93f26a154f8a9b5b6fdccfc46f442b26b3dd6756dbff3bf9dc76fd7?s=96&d=mm&r=g\",\"caption\":\"super-news\"},\"url\":\"https:\\\/\\\/super-news.info\\\/hu\\\/author\\\/pt\\\/\"}]}<\/script>\n<!-- \/ Yoast SEO plugin. -->","yoast_head_json":{"title":"Kir\u00fagt\u00e1k a t\u00f6r\u00f6k jegybank vezet\u0151j\u00e9t - Super News","robots":{"index":"index","follow":"follow","max-snippet":"max-snippet:-1","max-image-preview":"max-image-preview:large","max-video-preview":"max-video-preview:-1"},"canonical":"https:\/\/super-news.info\/hu\/kirugtak-a-torok-jegybank-vezetojet\/","og_locale":"hu_HU","og_type":"article","og_title":"Kir\u00fagt\u00e1k a t\u00f6r\u00f6k jegybank vezet\u0151j\u00e9t - Super News","og_description":"[ad_1] Felmentett\u00e9k a t\u00f6r\u00f6k k\u00f6zponti bank korm\u00e1nyz\u00f3j\u00e1t, Murat Cetinkay\u00e1t szombaton. Az err\u0151l sz\u00f3l\u00f3 eln\u00f6ki rendelet a hivatali k\u00f6zl\u00f6nyben jelent meg. A tiszts\u00e9gbe Murat Aysal, a jegybanki korm\u00e1nyz\u00f3 eddigi helyettese ker\u00fclt. Hivatalos magyar\u00e1zatot nem adtak a l\u00e9p\u00e9sre, de az ut\u00f3bbi hetekben a piacok m\u00e1r sz\u00e1moltak a lehet\u0151s\u00e9ggel, hogy elt\u00e1vol\u00edtj\u00e1k Cetinkay\u00e1t, aki nem volt hajland\u00f3 kamatot cs\u00f6kkenteni. [&hellip;]","og_url":"https:\/\/super-news.info\/hu\/kirugtak-a-torok-jegybank-vezetojet\/","og_site_name":"Super News","article_published_time":"2019-07-06T10:17:06+00:00","article_modified_time":"2019-07-06T10:17:07+00:00","og_image":[{"width":1000,"height":676,"url":"https:\/\/super-news.info\/hu\/wp-content\/uploads\/sites\/3\/2019\/07\/Kir\u00fagt\u00e1k-a-t\u00f6r\u00f6k-jegybank-vezet\u0151j\u00e9t.jpg","type":"image\/jpeg"}],"author":"super-news","twitter_card":"summary_large_image","twitter_misc":{"Szerz\u0151:":"super-news","Becs\u00fclt olvas\u00e1si id\u0151":"3 perc"},"schema":{"@context":"https:\/\/schema.org","@graph":[{"@type":"Article","@id":"https:\/\/super-news.info\/hu\/kirugtak-a-torok-jegybank-vezetojet\/#article","isPartOf":{"@id":"https:\/\/super-news.info\/hu\/kirugtak-a-torok-jegybank-vezetojet\/"},"author":{"name":"super-news","@id":"https:\/\/super-news.info\/hu\/#\/schema\/person\/2d4068cb2f39cd10008c2fce578a7356"},"headline":"Kir\u00fagt\u00e1k a t\u00f6r\u00f6k jegybank vezet\u0151j\u00e9t","datePublished":"2019-07-06T10:17:06+00:00","dateModified":"2019-07-06T10:17:07+00:00","mainEntityOfPage":{"@id":"https:\/\/super-news.info\/hu\/kirugtak-a-torok-jegybank-vezetojet\/"},"wordCount":511,"commentCount":0,"image":{"@id":"https:\/\/super-news.info\/hu\/kirugtak-a-torok-jegybank-vezetojet\/#primaryimage"},"thumbnailUrl":"https:\/\/super-news.info\/hu\/wp-content\/uploads\/sites\/3\/2019\/07\/Kir\u00fagt\u00e1k-a-t\u00f6r\u00f6k-jegybank-vezet\u0151j\u00e9t.jpg","articleSection":["P\u00c9NZ\u00dcGYI H\u00cdREK"],"inLanguage":"hu","potentialAction":[{"@type":"CommentAction","name":"Comment","target":["https:\/\/super-news.info\/hu\/kirugtak-a-torok-jegybank-vezetojet\/#respond"]}]},{"@type":"WebPage","@id":"https:\/\/super-news.info\/hu\/kirugtak-a-torok-jegybank-vezetojet\/","url":"https:\/\/super-news.info\/hu\/kirugtak-a-torok-jegybank-vezetojet\/","name":"Kir\u00fagt\u00e1k a t\u00f6r\u00f6k jegybank vezet\u0151j\u00e9t - Super News","isPartOf":{"@id":"https:\/\/super-news.info\/hu\/#website"},"primaryImageOfPage":{"@id":"https:\/\/super-news.info\/hu\/kirugtak-a-torok-jegybank-vezetojet\/#primaryimage"},"image":{"@id":"https:\/\/super-news.info\/hu\/kirugtak-a-torok-jegybank-vezetojet\/#primaryimage"},"thumbnailUrl":"https:\/\/super-news.info\/hu\/wp-content\/uploads\/sites\/3\/2019\/07\/Kir\u00fagt\u00e1k-a-t\u00f6r\u00f6k-jegybank-vezet\u0151j\u00e9t.jpg","datePublished":"2019-07-06T10:17:06+00:00","dateModified":"2019-07-06T10:17:07+00:00","author":{"@id":"https:\/\/super-news.info\/hu\/#\/schema\/person\/2d4068cb2f39cd10008c2fce578a7356"},"breadcrumb":{"@id":"https:\/\/super-news.info\/hu\/kirugtak-a-torok-jegybank-vezetojet\/#breadcrumb"},"inLanguage":"hu","potentialAction":[{"@type":"ReadAction","target":["https:\/\/super-news.info\/hu\/kirugtak-a-torok-jegybank-vezetojet\/"]}]},{"@type":"ImageObject","inLanguage":"hu","@id":"https:\/\/super-news.info\/hu\/kirugtak-a-torok-jegybank-vezetojet\/#primaryimage","url":"https:\/\/super-news.info\/hu\/wp-content\/uploads\/sites\/3\/2019\/07\/Kir\u00fagt\u00e1k-a-t\u00f6r\u00f6k-jegybank-vezet\u0151j\u00e9t.jpg","contentUrl":"https:\/\/super-news.info\/hu\/wp-content\/uploads\/sites\/3\/2019\/07\/Kir\u00fagt\u00e1k-a-t\u00f6r\u00f6k-jegybank-vezet\u0151j\u00e9t.jpg","width":1000,"height":676,"caption":"Kir\u00fagt\u00e1k a t\u00f6r\u00f6k jegybank vezet\u0151j\u00e9t"},{"@type":"BreadcrumbList","@id":"https:\/\/super-news.info\/hu\/kirugtak-a-torok-jegybank-vezetojet\/#breadcrumb","itemListElement":[{"@type":"ListItem","position":1,"name":"\u0413\u043b\u0430\u0432\u043d\u0430\u044f \u0441\u0442\u0440\u0430\u043d\u0438\u0446\u0430","item":"https:\/\/super-news.info\/hu\/"},{"@type":"ListItem","position":2,"name":"Kir\u00fagt\u00e1k a t\u00f6r\u00f6k jegybank vezet\u0151j\u00e9t"}]},{"@type":"WebSite","@id":"https:\/\/super-news.info\/hu\/#website","url":"https:\/\/super-news.info\/hu\/","name":"Super News","description":"Super News Magyarorsz\u00e1g","potentialAction":[{"@type":"SearchAction","target":{"@type":"EntryPoint","urlTemplate":"https:\/\/super-news.info\/hu\/?s={search_term_string}"},"query-input":{"@type":"PropertyValueSpecification","valueRequired":true,"valueName":"search_term_string"}}],"inLanguage":"hu"},{"@type":"Person","@id":"https:\/\/super-news.info\/hu\/#\/schema\/person\/2d4068cb2f39cd10008c2fce578a7356","name":"super-news","image":{"@type":"ImageObject","inLanguage":"hu","@id":"https:\/\/secure.gravatar.com\/avatar\/64ebac40b93f26a154f8a9b5b6fdccfc46f442b26b3dd6756dbff3bf9dc76fd7?s=96&d=mm&r=g","url":"https:\/\/secure.gravatar.com\/avatar\/64ebac40b93f26a154f8a9b5b6fdccfc46f442b26b3dd6756dbff3bf9dc76fd7?s=96&d=mm&r=g","contentUrl":"https:\/\/secure.gravatar.com\/avatar\/64ebac40b93f26a154f8a9b5b6fdccfc46f442b26b3dd6756dbff3bf9dc76fd7?s=96&d=mm&r=g","caption":"super-news"},"url":"https:\/\/super-news.info\/hu\/author\/pt\/"}]}},"_links":{"self":[{"href":"https:\/\/super-news.info\/hu\/wp-json\/wp\/v2\/posts\/5503","targetHints":{"allow":["GET"]}}],"collection":[{"href":"https:\/\/super-news.info\/hu\/wp-json\/wp\/v2\/posts"}],"about":[{"href":"https:\/\/super-news.info\/hu\/wp-json\/wp\/v2\/types\/post"}],"author":[{"embeddable":true,"href":"https:\/\/super-news.info\/hu\/wp-json\/wp\/v2\/users\/2"}],"replies":[{"embeddable":true,"href":"https:\/\/super-news.info\/hu\/wp-json\/wp\/v2\/comments?post=5503"}],"version-history":[{"count":1,"href":"https:\/\/super-news.info\/hu\/wp-json\/wp\/v2\/posts\/5503\/revisions"}],"predecessor-version":[{"id":5505,"href":"https:\/\/super-news.info\/hu\/wp-json\/wp\/v2\/posts\/5503\/revisions\/5505"}],"wp:featuredmedia":[{"embeddable":true,"href":"https:\/\/super-news.info\/hu\/wp-json\/wp\/v2\/media\/5504"}],"wp:attachment":[{"href":"https:\/\/super-news.info\/hu\/wp-json\/wp\/v2\/media?parent=5503"}],"wp:term":[{"taxonomy":"category","embeddable":true,"href":"https:\/\/super-news.info\/hu\/wp-json\/wp\/v2\/categories?post=5503"},{"taxonomy":"post_tag","embeddable":true,"href":"https:\/\/super-news.info\/hu\/wp-json\/wp\/v2\/tags?post=5503"}],"curies":[{"name":"wp","href":"https:\/\/api.w.org\/{rel}","templated":true}]}}