{"id":5497,"date":"2019-07-06T11:04:10","date_gmt":"2019-07-06T08:04:10","guid":{"rendered":"https:\/\/super-news.info\/hu\/iden-is-jelentos-kormanyzati-tamogatas-a-turistahazaknak\/"},"modified":"2019-07-06T11:04:12","modified_gmt":"2019-07-06T08:04:12","slug":"iden-is-jelentos-kormanyzati-tamogatas-a-turistahazaknak","status":"publish","type":"post","link":"https:\/\/super-news.info\/hu\/iden-is-jelentos-kormanyzati-tamogatas-a-turistahazaknak\/","title":{"rendered":"Id\u00e9n is jelent\u0151s korm\u00e1nyzati t\u00e1mogat\u00e1s a turistah\u00e1zaknak"},"content":{"rendered":"<p> [ad_1]<br \/>\n<\/p>\n<p>\n\t\t\t\t\t\t\t\tFontosnak tartj\u00e1k az akt\u00edv turizmus felt\u00e9teleinek jav\u00edt\u00e1s\u00e1t, 2010 \u00f3ta jelent\u0151s szeml\u00e9letv\u00e1lt\u00e1s t\u00f6rt\u00e9nt az akt\u00edv \u00e9s \u00f6koturisztika ter\u00fclet\u00e9n.\t\t\t\t\t\t\t<\/p>\n<div>\n<p>Folytat\u00f3dnak a turistah\u00e1z-fejleszt\u00e9sek a korm\u00e1ny t\u00e1mogat\u00e1s\u00e1val, a T\u00e9ry \u00d6d\u00f6n nemzeti turistah\u00e1z-fejleszt\u00e9si programban 2018-ban 6 turista sz\u00e1ll\u00e1shely kapott 996 milli\u00f3 forint t\u00e1mogat\u00e1st, m\u00edg 2019-ben 20 turista sz\u00e1ll\u00e1shely \u00fajulhat meg 597 milli\u00f3 forint korm\u00e1nyzati t\u00e1mogat\u00e1sb\u00f3l \u2013 der\u00fcl ki a Minisztereln\u00f6ki Kabinetiroda parlamenti \u00e1llamtitk\u00e1r\u00e1nak az Orsz\u00e1ggy\u0171l\u00e9s honlapj\u00e1n k\u00f6zz\u00e9tett \u00edr\u00e1sbeli v\u00e1lasz\u00e1b\u00f3l.<\/p>\n<p>Szab\u00f3 Szabolcs, f\u00fcggetlen k\u00e9pvisel\u0151 arra k\u00e9rt v\u00e1laszt, hogy meddig cs\u00faszik m\u00e9g a turistah\u00e1zak fel\u00faj\u00edt\u00e1sa, \u00e9s lesz-e m\u00e9g fel\u00faj\u00edt\u00e1s.<\/p>\n<p>D\u00f6m\u00f6t\u00f6r Csaba, a Minisztereln\u00f6ki Kabinetiroda \u00e1llamtitk\u00e1ra a v\u00e1lasz\u00e1ban azt \u00edrta: a korm\u00e1ny fontosnak tartja az akt\u00edv turizmus felt\u00e9teleinek jav\u00edt\u00e1s\u00e1t, amelynek k\u00f6sz\u00f6nhet\u0151en az elm\u00falt \u00e9vekben sz\u00e1mos \u00faj \u00e9s fel\u00faj\u00edtott kil\u00e1t\u00f3, sz\u00e1ll\u00e1shely, pihen\u0151hely \u00e9s egy\u00e9b k\u00f6zj\u00f3l\u00e9ti l\u00e9tes\u00edtm\u00e9ny ker\u00fclt \u00e1tad\u00e1sra. 2010 \u00f3ta jelent\u0151s szeml\u00e9letv\u00e1lt\u00e1s t\u00f6rt\u00e9nt az akt\u00edv \u00e9s \u00f6koturisztika ter\u00fclet\u00e9n.<\/p>\n<div id=\"attachment_1099963\" style=\"width: 1410px\" class=\"wp-caption alignnone\">\n<p class=\"wp-caption-text\">A Minisztereln\u00f6ki Kabinetiroda parlamenti \u00e1llamtitk\u00e1ra<br \/>Fot\u00f3: MTI<\/p>\n<\/div>\n<p>Az \u00e1llami erd\u0151gazdas\u00e1gok \u00e9s a nemzeti parkok 2010 \u00f3ta t\u00f6bb mint 100 erdei sz\u00e1ll\u00e1shelyet \u00e9p\u00edtettek vagy hoztak rendbe, 25 \u00faj l\u00e1togat\u00f3k\u00f6zpont \u00e9s 40 \u00faj kil\u00e1t\u00f3 \u00e9p\u00fclt. Hozz\u00e1tette: emellett a K\u00e9kt\u00fara teljes hossz\u00e1ban meg\u00fajult, folyamatosan \u00e9p\u00fclnek \u00faj v\u00edzi meg\u00e1ll\u00f3helyek a Tisz\u00e1n, \u00e9s id\u00e9n m\u00e1r t\u00f6bb mint 10 ezer gyerek mehet v\u00e1ndort\u00e1borozni.<\/p>\n<p>Kit\u00e9rt arra, hogy a Hidegk\u00fati Turistah\u00e1z fel\u00faj\u00edt\u00e1s\u00e1r\u00f3l nem mondott le a korm\u00e1ny, az ehhez sz\u00fcks\u00e9ges forr\u00e1sokat az Orsz\u00e1gos K\u00e9kt\u00fara \u00fatvonal fejleszt\u00e9se kapcs\u00e1n fogja biztos\u00edtani 70 milli\u00f3 forint \u00e9rt\u00e9kben.<\/p>\n<\/p><\/div>\n<p><script>\n    window.fbAsyncInit = function() {\n        FB.init({\n            appId      : \"204760236815359\",\n            xfbml      : true,\n            version    : \"v2.12\"\n        });\n        FB.AppEvents.logPageView();\n    };<\/p>\n<p>    (function(d, s, id){\n        var js, fjs = d.getElementsByTagName(s)[0];\n        if (d.getElementById(id)) {return;}\n        js = d.createElement(s); js.id = id;\n        js.src = \"http:\/\/connect.facebook.net\/hu_HU\/sdk.js\";\n        fjs.parentNode.insertBefore(js, fjs);\n    }(document, \"script\", \"facebook-jssdk\"));\n<\/script><br \/>\n<br \/>[ad_2]<br \/>\n<br \/><a href=\"https:\/\/www.vg.hu\/kozelet\/kozeleti-hirek\/iden-is-jelentos-kormanyzati-tamogatas-a-turistahazaknak-1613375\/\">Source link <\/a><\/p>\n","protected":false},"excerpt":{"rendered":"<p>[ad_1] Fontosnak tartj\u00e1k az akt\u00edv turizmus felt\u00e9teleinek jav\u00edt\u00e1s\u00e1t, 2010 \u00f3ta jelent\u0151s szeml\u00e9letv\u00e1lt\u00e1s t\u00f6rt\u00e9nt az akt\u00edv \u00e9s \u00f6koturisztika ter\u00fclet\u00e9n. Folytat\u00f3dnak a turistah\u00e1z-fejleszt\u00e9sek a korm\u00e1ny t\u00e1mogat\u00e1s\u00e1val, a T\u00e9ry \u00d6d\u00f6n nemzeti turistah\u00e1z-fejleszt\u00e9si programban 2018-ban 6 turista sz\u00e1ll\u00e1shely kapott 996 milli\u00f3 forint t\u00e1mogat\u00e1st, m\u00edg 2019-ben 20 turista sz\u00e1ll\u00e1shely \u00fajulhat meg 597 milli\u00f3 forint korm\u00e1nyzati t\u00e1mogat\u00e1sb\u00f3l \u2013 der\u00fcl ki a [&hellip;]<\/p>\n","protected":false},"author":2,"featured_media":5498,"comment_status":"open","ping_status":"open","sticky":false,"template":"","format":"standard","meta":{"footnotes":""},"categories":[1],"tags":[],"class_list":["post-5497","post","type-post","status-publish","format-standard","has-post-thumbnail","hentry","category-penzugyi-hirek"],"yoast_head":"<!-- This site is optimized with the Yoast SEO plugin v27.4 - https:\/\/yoast.com\/product\/yoast-seo-wordpress\/ -->\n<title>Id\u00e9n is jelent\u0151s korm\u00e1nyzati t\u00e1mogat\u00e1s a turistah\u00e1zaknak - Super News<\/title>\n<meta name=\"robots\" content=\"index, follow, max-snippet:-1, max-image-preview:large, max-video-preview:-1\" \/>\n<link rel=\"canonical\" href=\"https:\/\/super-news.info\/hu\/iden-is-jelentos-kormanyzati-tamogatas-a-turistahazaknak\/\" \/>\n<meta property=\"og:locale\" content=\"hu_HU\" \/>\n<meta property=\"og:type\" content=\"article\" \/>\n<meta property=\"og:title\" content=\"Id\u00e9n is jelent\u0151s korm\u00e1nyzati t\u00e1mogat\u00e1s a turistah\u00e1zaknak - Super News\" \/>\n<meta property=\"og:description\" content=\"[ad_1] Fontosnak tartj\u00e1k az akt\u00edv turizmus felt\u00e9teleinek jav\u00edt\u00e1s\u00e1t, 2010 \u00f3ta jelent\u0151s szeml\u00e9letv\u00e1lt\u00e1s t\u00f6rt\u00e9nt az akt\u00edv \u00e9s \u00f6koturisztika ter\u00fclet\u00e9n. Folytat\u00f3dnak a turistah\u00e1z-fejleszt\u00e9sek a korm\u00e1ny t\u00e1mogat\u00e1s\u00e1val, a T\u00e9ry \u00d6d\u00f6n nemzeti turistah\u00e1z-fejleszt\u00e9si programban 2018-ban 6 turista sz\u00e1ll\u00e1shely kapott 996 milli\u00f3 forint t\u00e1mogat\u00e1st, m\u00edg 2019-ben 20 turista sz\u00e1ll\u00e1shely \u00fajulhat meg 597 milli\u00f3 forint korm\u00e1nyzati t\u00e1mogat\u00e1sb\u00f3l \u2013 der\u00fcl ki a [&hellip;]\" \/>\n<meta property=\"og:url\" content=\"https:\/\/super-news.info\/hu\/iden-is-jelentos-kormanyzati-tamogatas-a-turistahazaknak\/\" \/>\n<meta property=\"og:site_name\" content=\"Super News\" \/>\n<meta property=\"article:published_time\" content=\"2019-07-06T08:04:10+00:00\" \/>\n<meta property=\"article:modified_time\" content=\"2019-07-06T08:04:12+00:00\" \/>\n<meta property=\"og:image\" content=\"https:\/\/super-news.info\/hu\/wp-content\/uploads\/sites\/3\/2019\/07\/Id\u00e9n-is-jelent\u0151s-korm\u00e1nyzati-t\u00e1mogat\u00e1s-a-turistah\u00e1zaknak.jpg\" \/>\n\t<meta property=\"og:image:width\" content=\"1400\" \/>\n\t<meta property=\"og:image:height\" content=\"932\" \/>\n\t<meta property=\"og:image:type\" content=\"image\/jpeg\" \/>\n<meta name=\"author\" content=\"super-news\" \/>\n<meta name=\"twitter:card\" content=\"summary_large_image\" \/>\n<meta name=\"twitter:label1\" content=\"Szerz\u0151:\" \/>\n\t<meta name=\"twitter:data1\" content=\"super-news\" \/>\n\t<meta name=\"twitter:label2\" content=\"Becs\u00fclt olvas\u00e1si id\u0151\" \/>\n\t<meta name=\"twitter:data2\" content=\"2 perc\" \/>\n<script type=\"application\/ld+json\" class=\"yoast-schema-graph\">{\"@context\":\"https:\\\/\\\/schema.org\",\"@graph\":[{\"@type\":\"Article\",\"@id\":\"https:\\\/\\\/super-news.info\\\/hu\\\/iden-is-jelentos-kormanyzati-tamogatas-a-turistahazaknak\\\/#article\",\"isPartOf\":{\"@id\":\"https:\\\/\\\/super-news.info\\\/hu\\\/iden-is-jelentos-kormanyzati-tamogatas-a-turistahazaknak\\\/\"},\"author\":{\"name\":\"super-news\",\"@id\":\"https:\\\/\\\/super-news.info\\\/hu\\\/#\\\/schema\\\/person\\\/2d4068cb2f39cd10008c2fce578a7356\"},\"headline\":\"Id\u00e9n is jelent\u0151s korm\u00e1nyzati t\u00e1mogat\u00e1s a turistah\u00e1zaknak\",\"datePublished\":\"2019-07-06T08:04:10+00:00\",\"dateModified\":\"2019-07-06T08:04:12+00:00\",\"mainEntityOfPage\":{\"@id\":\"https:\\\/\\\/super-news.info\\\/hu\\\/iden-is-jelentos-kormanyzati-tamogatas-a-turistahazaknak\\\/\"},\"wordCount\":371,\"commentCount\":0,\"image\":{\"@id\":\"https:\\\/\\\/super-news.info\\\/hu\\\/iden-is-jelentos-kormanyzati-tamogatas-a-turistahazaknak\\\/#primaryimage\"},\"thumbnailUrl\":\"https:\\\/\\\/super-news.info\\\/hu\\\/wp-content\\\/uploads\\\/sites\\\/3\\\/2019\\\/07\\\/Id\u00e9n-is-jelent\u0151s-korm\u00e1nyzati-t\u00e1mogat\u00e1s-a-turistah\u00e1zaknak.jpg\",\"articleSection\":[\"P\u00c9NZ\u00dcGYI H\u00cdREK\"],\"inLanguage\":\"hu\",\"potentialAction\":[{\"@type\":\"CommentAction\",\"name\":\"Comment\",\"target\":[\"https:\\\/\\\/super-news.info\\\/hu\\\/iden-is-jelentos-kormanyzati-tamogatas-a-turistahazaknak\\\/#respond\"]}]},{\"@type\":\"WebPage\",\"@id\":\"https:\\\/\\\/super-news.info\\\/hu\\\/iden-is-jelentos-kormanyzati-tamogatas-a-turistahazaknak\\\/\",\"url\":\"https:\\\/\\\/super-news.info\\\/hu\\\/iden-is-jelentos-kormanyzati-tamogatas-a-turistahazaknak\\\/\",\"name\":\"Id\u00e9n is jelent\u0151s korm\u00e1nyzati t\u00e1mogat\u00e1s a turistah\u00e1zaknak - Super News\",\"isPartOf\":{\"@id\":\"https:\\\/\\\/super-news.info\\\/hu\\\/#website\"},\"primaryImageOfPage\":{\"@id\":\"https:\\\/\\\/super-news.info\\\/hu\\\/iden-is-jelentos-kormanyzati-tamogatas-a-turistahazaknak\\\/#primaryimage\"},\"image\":{\"@id\":\"https:\\\/\\\/super-news.info\\\/hu\\\/iden-is-jelentos-kormanyzati-tamogatas-a-turistahazaknak\\\/#primaryimage\"},\"thumbnailUrl\":\"https:\\\/\\\/super-news.info\\\/hu\\\/wp-content\\\/uploads\\\/sites\\\/3\\\/2019\\\/07\\\/Id\u00e9n-is-jelent\u0151s-korm\u00e1nyzati-t\u00e1mogat\u00e1s-a-turistah\u00e1zaknak.jpg\",\"datePublished\":\"2019-07-06T08:04:10+00:00\",\"dateModified\":\"2019-07-06T08:04:12+00:00\",\"author\":{\"@id\":\"https:\\\/\\\/super-news.info\\\/hu\\\/#\\\/schema\\\/person\\\/2d4068cb2f39cd10008c2fce578a7356\"},\"breadcrumb\":{\"@id\":\"https:\\\/\\\/super-news.info\\\/hu\\\/iden-is-jelentos-kormanyzati-tamogatas-a-turistahazaknak\\\/#breadcrumb\"},\"inLanguage\":\"hu\",\"potentialAction\":[{\"@type\":\"ReadAction\",\"target\":[\"https:\\\/\\\/super-news.info\\\/hu\\\/iden-is-jelentos-kormanyzati-tamogatas-a-turistahazaknak\\\/\"]}]},{\"@type\":\"ImageObject\",\"inLanguage\":\"hu\",\"@id\":\"https:\\\/\\\/super-news.info\\\/hu\\\/iden-is-jelentos-kormanyzati-tamogatas-a-turistahazaknak\\\/#primaryimage\",\"url\":\"https:\\\/\\\/super-news.info\\\/hu\\\/wp-content\\\/uploads\\\/sites\\\/3\\\/2019\\\/07\\\/Id\u00e9n-is-jelent\u0151s-korm\u00e1nyzati-t\u00e1mogat\u00e1s-a-turistah\u00e1zaknak.jpg\",\"contentUrl\":\"https:\\\/\\\/super-news.info\\\/hu\\\/wp-content\\\/uploads\\\/sites\\\/3\\\/2019\\\/07\\\/Id\u00e9n-is-jelent\u0151s-korm\u00e1nyzati-t\u00e1mogat\u00e1s-a-turistah\u00e1zaknak.jpg\",\"width\":1400,\"height\":932,\"caption\":\"Id\u00e9n is jelent\u0151s korm\u00e1nyzati t\u00e1mogat\u00e1s a turistah\u00e1zaknak\"},{\"@type\":\"BreadcrumbList\",\"@id\":\"https:\\\/\\\/super-news.info\\\/hu\\\/iden-is-jelentos-kormanyzati-tamogatas-a-turistahazaknak\\\/#breadcrumb\",\"itemListElement\":[{\"@type\":\"ListItem\",\"position\":1,\"name\":\"\u0413\u043b\u0430\u0432\u043d\u0430\u044f \u0441\u0442\u0440\u0430\u043d\u0438\u0446\u0430\",\"item\":\"https:\\\/\\\/super-news.info\\\/hu\\\/\"},{\"@type\":\"ListItem\",\"position\":2,\"name\":\"Id\u00e9n is jelent\u0151s korm\u00e1nyzati t\u00e1mogat\u00e1s a turistah\u00e1zaknak\"}]},{\"@type\":\"WebSite\",\"@id\":\"https:\\\/\\\/super-news.info\\\/hu\\\/#website\",\"url\":\"https:\\\/\\\/super-news.info\\\/hu\\\/\",\"name\":\"Super News\",\"description\":\"Super News Magyarorsz\u00e1g\",\"potentialAction\":[{\"@type\":\"SearchAction\",\"target\":{\"@type\":\"EntryPoint\",\"urlTemplate\":\"https:\\\/\\\/super-news.info\\\/hu\\\/?s={search_term_string}\"},\"query-input\":{\"@type\":\"PropertyValueSpecification\",\"valueRequired\":true,\"valueName\":\"search_term_string\"}}],\"inLanguage\":\"hu\"},{\"@type\":\"Person\",\"@id\":\"https:\\\/\\\/super-news.info\\\/hu\\\/#\\\/schema\\\/person\\\/2d4068cb2f39cd10008c2fce578a7356\",\"name\":\"super-news\",\"image\":{\"@type\":\"ImageObject\",\"inLanguage\":\"hu\",\"@id\":\"https:\\\/\\\/secure.gravatar.com\\\/avatar\\\/64ebac40b93f26a154f8a9b5b6fdccfc46f442b26b3dd6756dbff3bf9dc76fd7?s=96&d=mm&r=g\",\"url\":\"https:\\\/\\\/secure.gravatar.com\\\/avatar\\\/64ebac40b93f26a154f8a9b5b6fdccfc46f442b26b3dd6756dbff3bf9dc76fd7?s=96&d=mm&r=g\",\"contentUrl\":\"https:\\\/\\\/secure.gravatar.com\\\/avatar\\\/64ebac40b93f26a154f8a9b5b6fdccfc46f442b26b3dd6756dbff3bf9dc76fd7?s=96&d=mm&r=g\",\"caption\":\"super-news\"},\"url\":\"https:\\\/\\\/super-news.info\\\/hu\\\/author\\\/pt\\\/\"}]}<\/script>\n<!-- \/ Yoast SEO plugin. -->","yoast_head_json":{"title":"Id\u00e9n is jelent\u0151s korm\u00e1nyzati t\u00e1mogat\u00e1s a turistah\u00e1zaknak - Super News","robots":{"index":"index","follow":"follow","max-snippet":"max-snippet:-1","max-image-preview":"max-image-preview:large","max-video-preview":"max-video-preview:-1"},"canonical":"https:\/\/super-news.info\/hu\/iden-is-jelentos-kormanyzati-tamogatas-a-turistahazaknak\/","og_locale":"hu_HU","og_type":"article","og_title":"Id\u00e9n is jelent\u0151s korm\u00e1nyzati t\u00e1mogat\u00e1s a turistah\u00e1zaknak - Super News","og_description":"[ad_1] Fontosnak tartj\u00e1k az akt\u00edv turizmus felt\u00e9teleinek jav\u00edt\u00e1s\u00e1t, 2010 \u00f3ta jelent\u0151s szeml\u00e9letv\u00e1lt\u00e1s t\u00f6rt\u00e9nt az akt\u00edv \u00e9s \u00f6koturisztika ter\u00fclet\u00e9n. Folytat\u00f3dnak a turistah\u00e1z-fejleszt\u00e9sek a korm\u00e1ny t\u00e1mogat\u00e1s\u00e1val, a T\u00e9ry \u00d6d\u00f6n nemzeti turistah\u00e1z-fejleszt\u00e9si programban 2018-ban 6 turista sz\u00e1ll\u00e1shely kapott 996 milli\u00f3 forint t\u00e1mogat\u00e1st, m\u00edg 2019-ben 20 turista sz\u00e1ll\u00e1shely \u00fajulhat meg 597 milli\u00f3 forint korm\u00e1nyzati t\u00e1mogat\u00e1sb\u00f3l \u2013 der\u00fcl ki a [&hellip;]","og_url":"https:\/\/super-news.info\/hu\/iden-is-jelentos-kormanyzati-tamogatas-a-turistahazaknak\/","og_site_name":"Super News","article_published_time":"2019-07-06T08:04:10+00:00","article_modified_time":"2019-07-06T08:04:12+00:00","og_image":[{"width":1400,"height":932,"url":"https:\/\/super-news.info\/hu\/wp-content\/uploads\/sites\/3\/2019\/07\/Id\u00e9n-is-jelent\u0151s-korm\u00e1nyzati-t\u00e1mogat\u00e1s-a-turistah\u00e1zaknak.jpg","type":"image\/jpeg"}],"author":"super-news","twitter_card":"summary_large_image","twitter_misc":{"Szerz\u0151:":"super-news","Becs\u00fclt olvas\u00e1si id\u0151":"2 perc"},"schema":{"@context":"https:\/\/schema.org","@graph":[{"@type":"Article","@id":"https:\/\/super-news.info\/hu\/iden-is-jelentos-kormanyzati-tamogatas-a-turistahazaknak\/#article","isPartOf":{"@id":"https:\/\/super-news.info\/hu\/iden-is-jelentos-kormanyzati-tamogatas-a-turistahazaknak\/"},"author":{"name":"super-news","@id":"https:\/\/super-news.info\/hu\/#\/schema\/person\/2d4068cb2f39cd10008c2fce578a7356"},"headline":"Id\u00e9n is jelent\u0151s korm\u00e1nyzati t\u00e1mogat\u00e1s a turistah\u00e1zaknak","datePublished":"2019-07-06T08:04:10+00:00","dateModified":"2019-07-06T08:04:12+00:00","mainEntityOfPage":{"@id":"https:\/\/super-news.info\/hu\/iden-is-jelentos-kormanyzati-tamogatas-a-turistahazaknak\/"},"wordCount":371,"commentCount":0,"image":{"@id":"https:\/\/super-news.info\/hu\/iden-is-jelentos-kormanyzati-tamogatas-a-turistahazaknak\/#primaryimage"},"thumbnailUrl":"https:\/\/super-news.info\/hu\/wp-content\/uploads\/sites\/3\/2019\/07\/Id\u00e9n-is-jelent\u0151s-korm\u00e1nyzati-t\u00e1mogat\u00e1s-a-turistah\u00e1zaknak.jpg","articleSection":["P\u00c9NZ\u00dcGYI H\u00cdREK"],"inLanguage":"hu","potentialAction":[{"@type":"CommentAction","name":"Comment","target":["https:\/\/super-news.info\/hu\/iden-is-jelentos-kormanyzati-tamogatas-a-turistahazaknak\/#respond"]}]},{"@type":"WebPage","@id":"https:\/\/super-news.info\/hu\/iden-is-jelentos-kormanyzati-tamogatas-a-turistahazaknak\/","url":"https:\/\/super-news.info\/hu\/iden-is-jelentos-kormanyzati-tamogatas-a-turistahazaknak\/","name":"Id\u00e9n is jelent\u0151s korm\u00e1nyzati t\u00e1mogat\u00e1s a turistah\u00e1zaknak - Super News","isPartOf":{"@id":"https:\/\/super-news.info\/hu\/#website"},"primaryImageOfPage":{"@id":"https:\/\/super-news.info\/hu\/iden-is-jelentos-kormanyzati-tamogatas-a-turistahazaknak\/#primaryimage"},"image":{"@id":"https:\/\/super-news.info\/hu\/iden-is-jelentos-kormanyzati-tamogatas-a-turistahazaknak\/#primaryimage"},"thumbnailUrl":"https:\/\/super-news.info\/hu\/wp-content\/uploads\/sites\/3\/2019\/07\/Id\u00e9n-is-jelent\u0151s-korm\u00e1nyzati-t\u00e1mogat\u00e1s-a-turistah\u00e1zaknak.jpg","datePublished":"2019-07-06T08:04:10+00:00","dateModified":"2019-07-06T08:04:12+00:00","author":{"@id":"https:\/\/super-news.info\/hu\/#\/schema\/person\/2d4068cb2f39cd10008c2fce578a7356"},"breadcrumb":{"@id":"https:\/\/super-news.info\/hu\/iden-is-jelentos-kormanyzati-tamogatas-a-turistahazaknak\/#breadcrumb"},"inLanguage":"hu","potentialAction":[{"@type":"ReadAction","target":["https:\/\/super-news.info\/hu\/iden-is-jelentos-kormanyzati-tamogatas-a-turistahazaknak\/"]}]},{"@type":"ImageObject","inLanguage":"hu","@id":"https:\/\/super-news.info\/hu\/iden-is-jelentos-kormanyzati-tamogatas-a-turistahazaknak\/#primaryimage","url":"https:\/\/super-news.info\/hu\/wp-content\/uploads\/sites\/3\/2019\/07\/Id\u00e9n-is-jelent\u0151s-korm\u00e1nyzati-t\u00e1mogat\u00e1s-a-turistah\u00e1zaknak.jpg","contentUrl":"https:\/\/super-news.info\/hu\/wp-content\/uploads\/sites\/3\/2019\/07\/Id\u00e9n-is-jelent\u0151s-korm\u00e1nyzati-t\u00e1mogat\u00e1s-a-turistah\u00e1zaknak.jpg","width":1400,"height":932,"caption":"Id\u00e9n is jelent\u0151s korm\u00e1nyzati t\u00e1mogat\u00e1s a turistah\u00e1zaknak"},{"@type":"BreadcrumbList","@id":"https:\/\/super-news.info\/hu\/iden-is-jelentos-kormanyzati-tamogatas-a-turistahazaknak\/#breadcrumb","itemListElement":[{"@type":"ListItem","position":1,"name":"\u0413\u043b\u0430\u0432\u043d\u0430\u044f \u0441\u0442\u0440\u0430\u043d\u0438\u0446\u0430","item":"https:\/\/super-news.info\/hu\/"},{"@type":"ListItem","position":2,"name":"Id\u00e9n is jelent\u0151s korm\u00e1nyzati t\u00e1mogat\u00e1s a turistah\u00e1zaknak"}]},{"@type":"WebSite","@id":"https:\/\/super-news.info\/hu\/#website","url":"https:\/\/super-news.info\/hu\/","name":"Super News","description":"Super News Magyarorsz\u00e1g","potentialAction":[{"@type":"SearchAction","target":{"@type":"EntryPoint","urlTemplate":"https:\/\/super-news.info\/hu\/?s={search_term_string}"},"query-input":{"@type":"PropertyValueSpecification","valueRequired":true,"valueName":"search_term_string"}}],"inLanguage":"hu"},{"@type":"Person","@id":"https:\/\/super-news.info\/hu\/#\/schema\/person\/2d4068cb2f39cd10008c2fce578a7356","name":"super-news","image":{"@type":"ImageObject","inLanguage":"hu","@id":"https:\/\/secure.gravatar.com\/avatar\/64ebac40b93f26a154f8a9b5b6fdccfc46f442b26b3dd6756dbff3bf9dc76fd7?s=96&d=mm&r=g","url":"https:\/\/secure.gravatar.com\/avatar\/64ebac40b93f26a154f8a9b5b6fdccfc46f442b26b3dd6756dbff3bf9dc76fd7?s=96&d=mm&r=g","contentUrl":"https:\/\/secure.gravatar.com\/avatar\/64ebac40b93f26a154f8a9b5b6fdccfc46f442b26b3dd6756dbff3bf9dc76fd7?s=96&d=mm&r=g","caption":"super-news"},"url":"https:\/\/super-news.info\/hu\/author\/pt\/"}]}},"_links":{"self":[{"href":"https:\/\/super-news.info\/hu\/wp-json\/wp\/v2\/posts\/5497","targetHints":{"allow":["GET"]}}],"collection":[{"href":"https:\/\/super-news.info\/hu\/wp-json\/wp\/v2\/posts"}],"about":[{"href":"https:\/\/super-news.info\/hu\/wp-json\/wp\/v2\/types\/post"}],"author":[{"embeddable":true,"href":"https:\/\/super-news.info\/hu\/wp-json\/wp\/v2\/users\/2"}],"replies":[{"embeddable":true,"href":"https:\/\/super-news.info\/hu\/wp-json\/wp\/v2\/comments?post=5497"}],"version-history":[{"count":1,"href":"https:\/\/super-news.info\/hu\/wp-json\/wp\/v2\/posts\/5497\/revisions"}],"predecessor-version":[{"id":5499,"href":"https:\/\/super-news.info\/hu\/wp-json\/wp\/v2\/posts\/5497\/revisions\/5499"}],"wp:featuredmedia":[{"embeddable":true,"href":"https:\/\/super-news.info\/hu\/wp-json\/wp\/v2\/media\/5498"}],"wp:attachment":[{"href":"https:\/\/super-news.info\/hu\/wp-json\/wp\/v2\/media?parent=5497"}],"wp:term":[{"taxonomy":"category","embeddable":true,"href":"https:\/\/super-news.info\/hu\/wp-json\/wp\/v2\/categories?post=5497"},{"taxonomy":"post_tag","embeddable":true,"href":"https:\/\/super-news.info\/hu\/wp-json\/wp\/v2\/tags?post=5497"}],"curies":[{"name":"wp","href":"https:\/\/api.w.org\/{rel}","templated":true}]}}