{"id":5489,"date":"2019-07-06T02:15:58","date_gmt":"2019-07-05T23:15:58","guid":{"rendered":"https:\/\/super-news.info\/hu\/negyed-szazados-lett-a-vilag-legertekesebb-cege\/"},"modified":"2019-07-06T02:15:59","modified_gmt":"2019-07-05T23:15:59","slug":"negyed-szazados-lett-a-vilag-legertekesebb-cege","status":"publish","type":"post","link":"https:\/\/super-news.info\/hu\/negyed-szazados-lett-a-vilag-legertekesebb-cege\/","title":{"rendered":"Negyed sz\u00e1zados lett a vil\u00e1g leg\u00e9rt\u00e9kesebb c\u00e9ge"},"content":{"rendered":"<p> [ad_1]<br \/>\n<\/p>\n<p>\n\t\t\t\t\t\t\t\tA vil\u00e1g legnagyobb online kereskedelmi v\u00e1llalat\u00e1nak alap\u00edt\u00f3ja m\u00e1r a kezdetekkor tudta, hogy \u0151 \u00e9s v\u00e1llalkoz\u00e1sa hatalmass\u00e1 lesz.\t\t\t\t\t\t\t<\/p>\n<div>\n<p>Huszon\u00f6t \u00e9ve, 1994. j\u00falius 5-\u00e9n alap\u00edtotta meg az amerikai Jeff Bezos az Amazon.com elnevez\u00e9s\u0171 v\u00e1llalatot, amely ma m\u00e1r a vil\u00e1g legnagyobb online \u00e1ruh\u00e1za, Bezos pedig a vil\u00e1g leggazdagabb embere.<\/p>\n<h3>Bezos m\u00e1r az elej\u00e9n tudta, hogy \u0151 lesz a legnagyobb<\/h3>\n<p>Az amerikai Legfels\u0151bb B\u00edr\u00f3s\u00e1g 1992-ben \u00fagy d\u00f6nt\u00f6tt, hogy a sz\u00f6vets\u00e9gi \u00e1llamok nem vethetnek ki forgalmi ad\u00f3t az online kereskedelmi \u00fcgyletekre, hacsak a keresked\u0151nek nincs telephelye az adott \u00e1llamban. Jeff Bezos felismerte a lehet\u0151s\u00e9get (az online kereskedelem \u00e9vi n\u00f6veked\u00e9s\u00e9t akkoriban 2300 sz\u00e1zal\u00e9kosra becs\u00fclt\u00e9k) \u00e9s 1994. j\u00falius 5-\u00e9n bejegyeztette a Cadabra.com v\u00e1llalkoz\u00e1st, amelynek telephelye a Seattle k\u00f6zeli Bellevue-ben fekv\u0151 h\u00e1z\u00e1nak gar\u00e1zs\u00e1ban volt.<\/p>\n<div class=\"enews-highlighted\">A n\u00e9v az abrakadabra sz\u00f3b\u00f3l sz\u00e1rmazott, de miut\u00e1n t\u00f6bben f\u00e9lrehallott\u00e1k \u00e9s a cadaver (hulla) sz\u00f3ra asszoci\u00e1ltak, Bezos a vil\u00e1g legnagyobb foly\u00f3j\u00e1r\u00f3l Amazon.com-ra v\u00e1ltoztatta, mert biztos volt abban, hogy az \u0151 c\u00e9ge is a vil\u00e1gon a legnagyobb lesz.<\/div>\n<div id=\"attachment_1492918\" style=\"width: 1410px\" class=\"wp-caption aligncenter\">\n<p class=\"wp-caption-text\">Jeff Bezos az Amazon alap\u00edt\u00f3ja<br \/>Fot\u00f3: Joe KLAMAR \/ AFP<\/p>\n<\/div>\n<p>Az alap\u00edt\u00f3 azt sem hagyta sz\u00e1m\u00edt\u00e1son k\u00edv\u00fcl, hogy az A bet\u0171vel kezd\u0151d\u0151 n\u00e9v a bet\u0171rendes keres\u00e9si list\u00e1k \u00e9l\u00e9n fog szerepelni. Elemz\u00e9se sor\u00e1n h\u00fasz, interneten is terjeszthet\u0151 term\u00e9ket vett sz\u00e1m\u00edt\u00e1sba \u00e9s v\u00e9g\u00fcl a k\u00f6nyvek mellett d\u00f6nt\u00f6tt. Bezos kezdetben csak n\u00e9h\u00e1ny alkalmazottal, h\u00e1rom szerverrel \u2013 a bar\u00e1tai k\u00f6z\u00f6tt v\u00e9gzett tesztel\u00e9s ut\u00e1n \u2013 1995. j\u00falius 16-\u00e1n ind\u00edtotta el online k\u00f6nyvkeresked\u00e9s\u00e9t. A c\u00e9g minden rekl\u00e1m n\u00e9lk\u00fcl egy h\u00f3napon bel\u00fcl az \u00f6sszes amerikai \u00e1llamba \u00e9s 45 orsz\u00e1gba adott el k\u00f6nyveket, forgalma el\u00e9rte a heti 20 ezer doll\u00e1rt, meghaladva Bezos legmer\u00e9szebb v\u00e1rakoz\u00e1sait.<\/p>\n<h3>Tudatosan \u00e9p\u00edtkezett<\/h3>\n<p>Jeff Bezos fokozatosan diverzifik\u00e1lta a c\u00e9g profilj\u00e1t, 1998-t\u00f3l \u00edgy m\u00e1r CD-t \u00e9s vide\u00f3kat, id\u0151vel ruh\u00e1kat, elektronikai term\u00e9keket, j\u00e1t\u00e9kokat is \u00e1rulni kezdett. Ennek k\u00f6sz\u00f6nhet\u0151en az egyszer\u0171 k\u00f6nyvesboltb\u00f3l Amerika egyik legn\u00e9pszer\u0171bb web\u00e1ruh\u00e1za lett.<\/p>\n<p>A c\u00e9g 1997-ben jelent meg a t\u0151zsd\u00e9n, a j\u00f3l \u00e1tgondolt \u00fczleti modellnek \u00e9s terjeszked\u00e9snek k\u00f6sz\u00f6nhet\u0151en Bezost 1999-ben a Time magazin az \u00e9v ember\u00e9nek v\u00e1lasztotta. A c\u00e9g log\u00f3j\u00e1ba abban az \u00e9vben ker\u00fclt be a kezd\u0151 A bet\u0171t\u0151l a Z-ig \u00edvel\u0151 ny\u00edl, amely nem csak egy mosolyt jelk\u00e9pez, de azt is, hogy az Amazonon val\u00f3ban minden kaphat\u00f3.<\/p>\n<p>Az igazi \u00e1tt\u00f6r\u00e9st m\u00e9gsem az hozta meg az Amazonnak, hogy szinte mindent lehetett kapni az oldalon, hanem a c\u00e9g saj\u00e1t fejleszt\u00e9s\u0171 e-k\u00f6nyv-olvas\u00f3ja, a Kindle, amire a c\u00e9g tartalmat \u00e9s e-k\u00f6nyveket is k\u00edn\u00e1lt. R\u00f6vid id\u0151n bel\u00fcl t\u00f6bb milli\u00f3 darabot adtak el bel\u0151le, val\u00f3s\u00e1gos divatcikk\u00e9 n\u0151tte ki mag\u00e1t, \u00edgy egy id\u0151ben t\u00f6bb Kindle-t adott el a c\u00e9g, mint pap\u00edralap\u00fa k\u00f6nyvet. Jelenleg a tizedik gener\u00e1ci\u00f3s modellekn\u00e9l tartanak, id\u00e9n tavasszal mutatt\u00e1k be a leg\u00fajabb v\u00e1ltozatot.<\/p>\n<div id=\"attachment_1530638\" style=\"width: 1410px\" class=\"wp-caption aligncenter\"><img loading=\"lazy\" decoding=\"async\" class=\"size-full wp-image-1530638\" src=\"https:\/\/super-news.info\/hu\/wp-content\/uploads\/sites\/3\/2019\/07\/Negyed-szazados-lett-a-vilag-legertekesebb-cege.jpg\" alt=\"\" width=\"1400\" height=\"787\"  \/><\/p>\n<p class=\"wp-caption-text\">Fot\u00f3: AFP<\/p>\n<\/div>\n<p>A terjeszked\u00e9s mellett az Amazon sz\u00e1m\u00e1ra fontosak a technol\u00f3giai \u00faj\u00edt\u00e1sok is, m\u00e1r 2013 \u00f3ta k\u00eds\u00e9rletezik csomagsz\u00e1ll\u00edt\u00f3 dr\u00f3nokkal, Eur\u00f3p\u00e1ban 2016-ban a brit polg\u00e1ri l\u00e9gik\u00f6zleked\u00e9si hat\u00f3s\u00e1ggal egy\u00fcttm\u0171k\u00f6dve<\/p>\n<p>Cambridge-ben alak\u00edtotta ki dr\u00f3nposta (Prime Air) k\u00e9zbes\u00edt\u0151 k\u00f6zpontj\u00e1t.<\/p>\n<p>Tavaly ny\u00edlt meg az els\u0151 olyan bolt, ahol az Amazon-regisztr\u00e1ci\u00f3val rendelkez\u0151k a polcr\u00f3l levett \u00e1ruval sorban \u00e1ll\u00e1s n\u00e9lk\u00fcl t\u00e1vozhatnak, a digit\u00e1lis sz\u00e1ml\u00e1t mobiljukra kapj\u00e1k \u00e9s Amazon-sz\u00e1ml\u00e1jukr\u00f3l vonj\u00e1k le a p\u00e9nzt.<\/p>\n<h3>A hallgat\u00e1s kifizet\u0151d\u0151?<\/h3>\n<p>Huszon\u00f6t \u00e9ves fenn\u00e1ll\u00e1sa alatt a v\u00e1llalat nem csak a sikereket halmozta, a jogi proced\u00far\u00e1k sem ker\u00fclt\u00e9k el. Kezdetben a hagyom\u00e1nyos k\u00f6nyvkeresked\u0151k ostrom\u00e1val kellett k\u00fczdenie, amikor azok elind\u00edtott\u00e1k saj\u00e1t online boltjaikat. A konkurencia jogi eszk\u00f6z\u00f6kkel is igyekezett akad\u00e1lyozni az Amazon n\u00f6veked\u00e9s\u00e9t: 1997-ben a Barnes and Noble perelte be, azt \u00e1ll\u00edtva, hogy hamisan nevezik magukat a vil\u00e1g legnagyobb k\u00f6nyvesboltj\u00e1nak, mivel az Amazon csak egy k\u00f6nyvk\u00f6zvet\u00edt\u0151 c\u00e9g. Ezut\u00e1n a Walmart \u00e1ruh\u00e1zl\u00e1nc v\u00e1dolta meg azzal, hogy az Amazon \u00fczleti titkokhoz jutott.<\/p>\n<p>Ut\u00f3bbi c\u00e9ggel a v\u00e1llalat egyezs\u00e9get tudott k\u00f6tni, k\u00e9s\u0151bb azonban m\u00e1r a d\u00fch\u00f6s \u00fcgyfelek is kezdtek kellemetlen pillanatokat okozni nekik. Ezek k\u00f6z\u00fcl eml\u00e9kezetes az a tavalyi per, amelyben egy \u00fcgyf\u00e9l az\u00e9rt perelte be a v\u00e1llalatot, mert v\u00e1s\u00e1rolt a fi\u00e1nak egy \u00f6nm\u0171k\u00f6d\u0151 robog\u00f3t, amely azt\u00e1n egyszer\u0171en felrobbant egy szob\u00e1ban \u00e9s a n\u0151 eg\u00e9sz h\u00e1z\u00e1t le\u00e9gette. (A term\u00e9kb\u0151l a c\u00e9g harminc nap alatt 250 ezer darabot \u00e9rt\u00e9kes\u00edtett.) Megan Fox a per sor\u00e1n azt \u00e1ll\u00edtotta, hogy ez az\u00e9rt fordulhatott el\u0151, mert az Amazon nem figyelmeztette \u0151t kell\u0151k\u00e9ppen a term\u00e9k vesz\u00e9lyeire. A pert k\u00e9s\u0151bb elbukta, miut\u00e1n egy Tennessee-i b\u00edr\u00f3 d\u00f6nt\u00f6tt \u00fagy, hogy a v\u00e1llalat nem felel\u0151s az \u00fcgyben.<\/p>\n<p>Az Amazon ebben, \u00e9s az egy\u00e9b \u00fcgyekben sem nyilv\u00e1n\u00edtott v\u00e9lem\u00e9nyt, ink\u00e1bb a hom\u00e1lyba burkol\u00f3zott, emellett minden eszk\u00f6zzel pr\u00f3b\u00e1lta mag\u00e1r\u00f3l elh\u00e1r\u00edtani a felel\u0151ss\u00e9get. Ez a strat\u00e9gia viszont \u00fagy t\u0171nik, m\u00e1r nem tarthat\u00f3, miut\u00e1n egy m\u00e1sik per sor\u00e1n a Philadelphia-i fellebbviteli b\u00edr\u00f3s\u00e1g kimondta:<\/p>\n<p>az Amazon felel\u0151ss\u00e9ggel tartozik azok\u00e9rt a harmadik f\u00e9lt\u0151l sz\u00e1rmaz\u00f3 (az ilyen c\u00e9gek az Amazon kereskedelmi bev\u00e9tel\u00e9nek a fel\u00e9t termelik) hib\u00e1s \u00e1ruk\u00e9rt, amelyeket a webhely\u00e9n \u00e1rul.<\/p>\n<p>Az appar\u00e1tus azut\u00e1n hat\u00e1rozott \u00edgy, hogy a c\u00e9g egy Pennsylvania-i \u00fcgyfele, Heather Oberdorf m\u00e9g 2015-ben \u00fagy d\u00f6nt\u00f6tt, hogy v\u00e1s\u00e1rol egy visszah\u00fazhat\u00f3 kutya p\u00f3r\u00e1zt az Amazon.com-on egy harmadik c\u00e9gt\u0151l, a Furry Gangt\u0151l. A term\u00e9k meg is \u00e9rkezett, \u00edgy Oberdorf \u00fagy d\u00f6nt\u00f6tt kipr\u00f3b\u00e1lja azt a kuty\u00e1j\u00e1val. Ami ezut\u00e1n t\u00f6rt\u00e9nt, arra viszont nem sz\u00e1m\u00edtott: a p\u00f3r\u00e1z egyszercsak elszakadt \u00e9s visszacsapott az arc\u00e1ba, amit\u0151l a f\u00e9l szem\u00e9re megvakult. Az eset ut\u00e1n a n\u0151 azonnal sz\u00e1mon k\u00e9rte az Amazont, de a c\u00e9g \u00e1ll\u00edt\u00f3lag nem tudott kapcsolatba l\u00e9pni a Furry Gang-gal, \u00edgy Oberdorf beperelte az eg\u00e9sz v\u00e1llalatot.<\/p>\n<div id=\"attachment_690993\" style=\"width: 1385px\" class=\"wp-caption aligncenter\"><img loading=\"lazy\" decoding=\"async\" class=\"wp-image-690993 size-full\" src=\"https:\/\/super-news.info\/hu\/wp-content\/uploads\/sites\/3\/2019\/07\/1562368558_750_Negyed-szazados-lett-a-vilag-legertekesebb-cege.jpg\" alt=\"\" width=\"1375\" height=\"773\"  \/><\/p>\n<p class=\"wp-caption-text\">Fot\u00f3: MTI\/EPA\/Emilio Naranjo<\/p>\n<\/div>\n<p>A fent eml\u00edtett \u00fcgyben ugyan sok\u00e1ig nem sz\u00fcletett \u00edt\u00e9let, de szerd\u00e1n azt\u00e1n vil\u00e1goss\u00e1 v\u00e1lt: a k\u00fcls\u0151 gy\u00e1rt\u00f3k csak az Amazonon kereszt\u00fcl tudnak kommunik\u00e1lni az \u00fcgyfelekkel, amely lehet\u0151v\u00e9 teszi sz\u00e1mukra, hogy egy esetleges probl\u00e9ma eset\u00e9n teljesen elt\u0171njenek a sz\u00ednr\u0151l. \u00cdgy viszont a p\u00f3rul j\u00e1rt v\u00e1s\u00e1rl\u00f3k egy\u00e1ltal\u00e1n nem tudj\u00e1k \u0151ket sz\u00e1mon k\u00e9rni, ami azt jelenti, hogy az Amazon felel\u0151ss\u00e9ggel tartozik az \u00fcgyfelek fel\u00e9.<\/p>\n<p>Bezos is \u00edgy mindenk\u00e9ppen l\u00e9p\u00e9sk\u00e9nyszerbe ker\u00fclt, noha a Pennsylvania-i b\u00edr\u00f3s\u00e1g \u00edt\u00e9lete sem hatotta meg k\u00fcl\u00f6n\u00f6sebben. Az alap\u00edt\u00f3 m\u00e9g csak arra sem hajland\u00f3, hogy reag\u00e1ljon valamit az \u00edt\u00e9letre vagy az \u00fcgyre.<\/p>\n<p>Csup\u00e1n egy levelet k\u00fcld\u00f6tt a c\u00e9g r\u00e9szv\u00e9nyeseinek, amelyben k\u00f6z\u00f6lte vel\u00fck: a k\u00fcls\u0151 partnerek pr\u00f3b\u00e1lj\u00e1k megpuccsolni az Amazont, ami egy hatalmas hiba a r\u00e9sz\u00fckr\u0151l. Hogy ez alatt pontosan mit \u00e9rthetett Bezos, s hogy milyen retorzi\u00f3kra sz\u00e1m\u00edthatnak (ha lesznek) az Amazon partnerc\u00e9gei, az nem ismert, de a v\u00e1llalat kommunik\u00e1ci\u00f3j\u00e1b\u00f3l kiindulva ezt nem is fogja megtudni senki. Mindenesetre a szerdai \u00edt\u00e9let komoly hat\u00e1ssal lehet a c\u00e9g j\u00f6v\u0151j\u00e9re.<\/p>\n<div class=\"aframe\">\n<h3>Jeff Bezos a leggazdagabb, de nem leggyorsabb<\/h3>\n<p>A Vil\u00e1ggazdas\u00e1g nemr\u00e9g besz\u00e1molt r\u00f3la, hogy Jeff Bezos lett a vil\u00e1g leggazdagabb embere, akinek mind\u00f6ssze h\u00e1rom \u00e9v kellett (30 \u00e9s 33 \u00e9ves kora k\u00f6z\u00f6tt) ahhoz, hogy \u00f6ssze j\u00f6jj\u00f6n az els\u0151 milli\u00f3ja. Az Amazon 55 \u00e9ves alap\u00edt\u00f3j\u00e1nak vagyon\u00e1t a Forbes mintegy 131 milli\u00e1rd doll\u00e1rra teszi. \u00d6sszehasonl\u00edt\u00e1sk\u00e9nt \u00e9rdemes megn\u00e9zni a kor\u00e1bbi listavezet\u0151t, Bill Gateset, aki hat \u00e9v alatt, 26 \u00e9ves kor\u00e1ra lett milliomos; A Microsoft t\u00e1rsalap\u00edt\u00f3j\u00e1nak vagyon\u00e1t 96,5 milli\u00e1rd doll\u00e1rra teszik. Warren Buffett 30 \u00e9ves kor\u00e1ra lett milliomos, a 82,5 milli\u00e1rd doll\u00e1rt birtokl\u00f3 befektet\u0151nek hat \u00e9vre volt ehhez sz\u00fcks\u00e9ge. A Facebook alap\u00edt\u00f3ja, a m\u00e9g mindig csak 34 \u00e9ves Mark Zuckerberg 62,3 milli\u00e1rdos vagyon\u00e1nak legels\u0151 milli\u00f3j\u00e1t mind\u00f6ssze k\u00e9t \u00e9v alatt szedte \u00f6ssze 22 \u00e9ves kor\u00e1ra.<\/p>\n<\/div>\n<p>\u00a0<\/p>\n<\/p><\/div>\n<p><script>\n    window.fbAsyncInit = function() {\n        FB.init({\n            appId      : \"204760236815359\",\n            xfbml      : true,\n            version    : \"v2.12\"\n        });\n        FB.AppEvents.logPageView();\n    };<\/p>\n<p>    (function(d, s, id){\n        var js, fjs = d.getElementsByTagName(s)[0];\n        if (d.getElementById(id)) {return;}\n        js = d.createElement(s); js.id = id;\n        js.src = \"http:\/\/connect.facebook.net\/hu_HU\/sdk.js\";\n        fjs.parentNode.insertBefore(js, fjs);\n    }(document, \"script\", \"facebook-jssdk\"));\n<\/script><br \/>\n<br \/>[ad_2]<br \/>\n<br \/><a href=\"https:\/\/www.vg.hu\/mozaik\/negyed-szazados-lett-a-vilag-legertekesebb-cege-1612163\/\">Source link <\/a><\/p>\n","protected":false},"excerpt":{"rendered":"<p>[ad_1] A vil\u00e1g legnagyobb online kereskedelmi v\u00e1llalat\u00e1nak alap\u00edt\u00f3ja m\u00e1r a kezdetekkor tudta, hogy \u0151 \u00e9s v\u00e1llalkoz\u00e1sa hatalmass\u00e1 lesz. Huszon\u00f6t \u00e9ve, 1994. j\u00falius 5-\u00e9n alap\u00edtotta meg az amerikai Jeff Bezos az Amazon.com elnevez\u00e9s\u0171 v\u00e1llalatot, amely ma m\u00e1r a vil\u00e1g legnagyobb online \u00e1ruh\u00e1za, Bezos pedig a vil\u00e1g leggazdagabb embere. Bezos m\u00e1r az elej\u00e9n tudta, hogy \u0151 lesz [&hellip;]<\/p>\n","protected":false},"author":2,"featured_media":1357,"comment_status":"open","ping_status":"open","sticky":false,"template":"","format":"standard","meta":{"footnotes":""},"categories":[1],"tags":[],"class_list":["post-5489","post","type-post","status-publish","format-standard","has-post-thumbnail","hentry","category-penzugyi-hirek"],"yoast_head":"<!-- This site is optimized with the Yoast SEO plugin v27.4 - https:\/\/yoast.com\/product\/yoast-seo-wordpress\/ -->\n<title>Negyed sz\u00e1zados lett a vil\u00e1g leg\u00e9rt\u00e9kesebb c\u00e9ge - Super News<\/title>\n<meta name=\"robots\" content=\"index, follow, max-snippet:-1, max-image-preview:large, max-video-preview:-1\" \/>\n<link rel=\"canonical\" href=\"https:\/\/super-news.info\/hu\/negyed-szazados-lett-a-vilag-legertekesebb-cege\/\" \/>\n<meta property=\"og:locale\" content=\"hu_HU\" \/>\n<meta property=\"og:type\" content=\"article\" \/>\n<meta property=\"og:title\" content=\"Negyed sz\u00e1zados lett a vil\u00e1g leg\u00e9rt\u00e9kesebb c\u00e9ge - Super News\" \/>\n<meta property=\"og:description\" content=\"[ad_1] A vil\u00e1g legnagyobb online kereskedelmi v\u00e1llalat\u00e1nak alap\u00edt\u00f3ja m\u00e1r a kezdetekkor tudta, hogy \u0151 \u00e9s v\u00e1llalkoz\u00e1sa hatalmass\u00e1 lesz. Huszon\u00f6t \u00e9ve, 1994. j\u00falius 5-\u00e9n alap\u00edtotta meg az amerikai Jeff Bezos az Amazon.com elnevez\u00e9s\u0171 v\u00e1llalatot, amely ma m\u00e1r a vil\u00e1g legnagyobb online \u00e1ruh\u00e1za, Bezos pedig a vil\u00e1g leggazdagabb embere. Bezos m\u00e1r az elej\u00e9n tudta, hogy \u0151 lesz [&hellip;]\" \/>\n<meta property=\"og:url\" content=\"https:\/\/super-news.info\/hu\/negyed-szazados-lett-a-vilag-legertekesebb-cege\/\" \/>\n<meta property=\"og:site_name\" content=\"Super News\" \/>\n<meta property=\"article:published_time\" content=\"2019-07-05T23:15:58+00:00\" \/>\n<meta property=\"article:modified_time\" content=\"2019-07-05T23:15:59+00:00\" \/>\n<meta property=\"og:image\" content=\"https:\/\/super-news.info\/hu\/wp-content\/uploads\/sites\/3\/2019\/05\/A-gyilkos-p\u00f3k-h\u00e1l\u00f3j\u00e1ban-Vil\u00e1ggazdas\u00e1g.jpg\" \/>\n\t<meta property=\"og:image:width\" content=\"1400\" \/>\n\t<meta property=\"og:image:height\" content=\"942\" \/>\n\t<meta property=\"og:image:type\" content=\"image\/jpeg\" \/>\n<meta name=\"author\" content=\"super-news\" \/>\n<meta name=\"twitter:card\" content=\"summary_large_image\" \/>\n<meta name=\"twitter:label1\" content=\"Szerz\u0151:\" \/>\n\t<meta name=\"twitter:data1\" content=\"super-news\" \/>\n\t<meta name=\"twitter:label2\" content=\"Becs\u00fclt olvas\u00e1si id\u0151\" \/>\n\t<meta name=\"twitter:data2\" content=\"8 perc\" \/>\n<script type=\"application\/ld+json\" class=\"yoast-schema-graph\">{\"@context\":\"https:\\\/\\\/schema.org\",\"@graph\":[{\"@type\":\"Article\",\"@id\":\"https:\\\/\\\/super-news.info\\\/hu\\\/negyed-szazados-lett-a-vilag-legertekesebb-cege\\\/#article\",\"isPartOf\":{\"@id\":\"https:\\\/\\\/super-news.info\\\/hu\\\/negyed-szazados-lett-a-vilag-legertekesebb-cege\\\/\"},\"author\":{\"name\":\"super-news\",\"@id\":\"https:\\\/\\\/super-news.info\\\/hu\\\/#\\\/schema\\\/person\\\/2d4068cb2f39cd10008c2fce578a7356\"},\"headline\":\"Negyed sz\u00e1zados lett a vil\u00e1g leg\u00e9rt\u00e9kesebb c\u00e9ge\",\"datePublished\":\"2019-07-05T23:15:58+00:00\",\"dateModified\":\"2019-07-05T23:15:59+00:00\",\"mainEntityOfPage\":{\"@id\":\"https:\\\/\\\/super-news.info\\\/hu\\\/negyed-szazados-lett-a-vilag-legertekesebb-cege\\\/\"},\"wordCount\":1620,\"commentCount\":0,\"image\":{\"@id\":\"https:\\\/\\\/super-news.info\\\/hu\\\/negyed-szazados-lett-a-vilag-legertekesebb-cege\\\/#primaryimage\"},\"thumbnailUrl\":\"https:\\\/\\\/super-news.info\\\/hu\\\/wp-content\\\/uploads\\\/sites\\\/3\\\/2019\\\/05\\\/A-gyilkos-p\u00f3k-h\u00e1l\u00f3j\u00e1ban-Vil\u00e1ggazdas\u00e1g.jpg\",\"articleSection\":[\"P\u00c9NZ\u00dcGYI H\u00cdREK\"],\"inLanguage\":\"hu\",\"potentialAction\":[{\"@type\":\"CommentAction\",\"name\":\"Comment\",\"target\":[\"https:\\\/\\\/super-news.info\\\/hu\\\/negyed-szazados-lett-a-vilag-legertekesebb-cege\\\/#respond\"]}]},{\"@type\":\"WebPage\",\"@id\":\"https:\\\/\\\/super-news.info\\\/hu\\\/negyed-szazados-lett-a-vilag-legertekesebb-cege\\\/\",\"url\":\"https:\\\/\\\/super-news.info\\\/hu\\\/negyed-szazados-lett-a-vilag-legertekesebb-cege\\\/\",\"name\":\"Negyed sz\u00e1zados lett a vil\u00e1g leg\u00e9rt\u00e9kesebb c\u00e9ge - Super News\",\"isPartOf\":{\"@id\":\"https:\\\/\\\/super-news.info\\\/hu\\\/#website\"},\"primaryImageOfPage\":{\"@id\":\"https:\\\/\\\/super-news.info\\\/hu\\\/negyed-szazados-lett-a-vilag-legertekesebb-cege\\\/#primaryimage\"},\"image\":{\"@id\":\"https:\\\/\\\/super-news.info\\\/hu\\\/negyed-szazados-lett-a-vilag-legertekesebb-cege\\\/#primaryimage\"},\"thumbnailUrl\":\"https:\\\/\\\/super-news.info\\\/hu\\\/wp-content\\\/uploads\\\/sites\\\/3\\\/2019\\\/05\\\/A-gyilkos-p\u00f3k-h\u00e1l\u00f3j\u00e1ban-Vil\u00e1ggazdas\u00e1g.jpg\",\"datePublished\":\"2019-07-05T23:15:58+00:00\",\"dateModified\":\"2019-07-05T23:15:59+00:00\",\"author\":{\"@id\":\"https:\\\/\\\/super-news.info\\\/hu\\\/#\\\/schema\\\/person\\\/2d4068cb2f39cd10008c2fce578a7356\"},\"breadcrumb\":{\"@id\":\"https:\\\/\\\/super-news.info\\\/hu\\\/negyed-szazados-lett-a-vilag-legertekesebb-cege\\\/#breadcrumb\"},\"inLanguage\":\"hu\",\"potentialAction\":[{\"@type\":\"ReadAction\",\"target\":[\"https:\\\/\\\/super-news.info\\\/hu\\\/negyed-szazados-lett-a-vilag-legertekesebb-cege\\\/\"]}]},{\"@type\":\"ImageObject\",\"inLanguage\":\"hu\",\"@id\":\"https:\\\/\\\/super-news.info\\\/hu\\\/negyed-szazados-lett-a-vilag-legertekesebb-cege\\\/#primaryimage\",\"url\":\"https:\\\/\\\/super-news.info\\\/hu\\\/wp-content\\\/uploads\\\/sites\\\/3\\\/2019\\\/05\\\/A-gyilkos-p\u00f3k-h\u00e1l\u00f3j\u00e1ban-Vil\u00e1ggazdas\u00e1g.jpg\",\"contentUrl\":\"https:\\\/\\\/super-news.info\\\/hu\\\/wp-content\\\/uploads\\\/sites\\\/3\\\/2019\\\/05\\\/A-gyilkos-p\u00f3k-h\u00e1l\u00f3j\u00e1ban-Vil\u00e1ggazdas\u00e1g.jpg\",\"width\":1400,\"height\":942,\"caption\":\"A gyilkos p\u00f3k h\u00e1l\u00f3j\u00e1ban | Vil\u00e1ggazdas\u00e1g\"},{\"@type\":\"BreadcrumbList\",\"@id\":\"https:\\\/\\\/super-news.info\\\/hu\\\/negyed-szazados-lett-a-vilag-legertekesebb-cege\\\/#breadcrumb\",\"itemListElement\":[{\"@type\":\"ListItem\",\"position\":1,\"name\":\"\u0413\u043b\u0430\u0432\u043d\u0430\u044f \u0441\u0442\u0440\u0430\u043d\u0438\u0446\u0430\",\"item\":\"https:\\\/\\\/super-news.info\\\/hu\\\/\"},{\"@type\":\"ListItem\",\"position\":2,\"name\":\"Negyed sz\u00e1zados lett a vil\u00e1g leg\u00e9rt\u00e9kesebb c\u00e9ge\"}]},{\"@type\":\"WebSite\",\"@id\":\"https:\\\/\\\/super-news.info\\\/hu\\\/#website\",\"url\":\"https:\\\/\\\/super-news.info\\\/hu\\\/\",\"name\":\"Super News\",\"description\":\"Super News Magyarorsz\u00e1g\",\"potentialAction\":[{\"@type\":\"SearchAction\",\"target\":{\"@type\":\"EntryPoint\",\"urlTemplate\":\"https:\\\/\\\/super-news.info\\\/hu\\\/?s={search_term_string}\"},\"query-input\":{\"@type\":\"PropertyValueSpecification\",\"valueRequired\":true,\"valueName\":\"search_term_string\"}}],\"inLanguage\":\"hu\"},{\"@type\":\"Person\",\"@id\":\"https:\\\/\\\/super-news.info\\\/hu\\\/#\\\/schema\\\/person\\\/2d4068cb2f39cd10008c2fce578a7356\",\"name\":\"super-news\",\"image\":{\"@type\":\"ImageObject\",\"inLanguage\":\"hu\",\"@id\":\"https:\\\/\\\/secure.gravatar.com\\\/avatar\\\/64ebac40b93f26a154f8a9b5b6fdccfc46f442b26b3dd6756dbff3bf9dc76fd7?s=96&d=mm&r=g\",\"url\":\"https:\\\/\\\/secure.gravatar.com\\\/avatar\\\/64ebac40b93f26a154f8a9b5b6fdccfc46f442b26b3dd6756dbff3bf9dc76fd7?s=96&d=mm&r=g\",\"contentUrl\":\"https:\\\/\\\/secure.gravatar.com\\\/avatar\\\/64ebac40b93f26a154f8a9b5b6fdccfc46f442b26b3dd6756dbff3bf9dc76fd7?s=96&d=mm&r=g\",\"caption\":\"super-news\"},\"url\":\"https:\\\/\\\/super-news.info\\\/hu\\\/author\\\/pt\\\/\"}]}<\/script>\n<!-- \/ Yoast SEO plugin. -->","yoast_head_json":{"title":"Negyed sz\u00e1zados lett a vil\u00e1g leg\u00e9rt\u00e9kesebb c\u00e9ge - Super News","robots":{"index":"index","follow":"follow","max-snippet":"max-snippet:-1","max-image-preview":"max-image-preview:large","max-video-preview":"max-video-preview:-1"},"canonical":"https:\/\/super-news.info\/hu\/negyed-szazados-lett-a-vilag-legertekesebb-cege\/","og_locale":"hu_HU","og_type":"article","og_title":"Negyed sz\u00e1zados lett a vil\u00e1g leg\u00e9rt\u00e9kesebb c\u00e9ge - Super News","og_description":"[ad_1] A vil\u00e1g legnagyobb online kereskedelmi v\u00e1llalat\u00e1nak alap\u00edt\u00f3ja m\u00e1r a kezdetekkor tudta, hogy \u0151 \u00e9s v\u00e1llalkoz\u00e1sa hatalmass\u00e1 lesz. Huszon\u00f6t \u00e9ve, 1994. j\u00falius 5-\u00e9n alap\u00edtotta meg az amerikai Jeff Bezos az Amazon.com elnevez\u00e9s\u0171 v\u00e1llalatot, amely ma m\u00e1r a vil\u00e1g legnagyobb online \u00e1ruh\u00e1za, Bezos pedig a vil\u00e1g leggazdagabb embere. Bezos m\u00e1r az elej\u00e9n tudta, hogy \u0151 lesz [&hellip;]","og_url":"https:\/\/super-news.info\/hu\/negyed-szazados-lett-a-vilag-legertekesebb-cege\/","og_site_name":"Super News","article_published_time":"2019-07-05T23:15:58+00:00","article_modified_time":"2019-07-05T23:15:59+00:00","og_image":[{"width":1400,"height":942,"url":"https:\/\/super-news.info\/hu\/wp-content\/uploads\/sites\/3\/2019\/05\/A-gyilkos-p\u00f3k-h\u00e1l\u00f3j\u00e1ban-Vil\u00e1ggazdas\u00e1g.jpg","type":"image\/jpeg"}],"author":"super-news","twitter_card":"summary_large_image","twitter_misc":{"Szerz\u0151:":"super-news","Becs\u00fclt olvas\u00e1si id\u0151":"8 perc"},"schema":{"@context":"https:\/\/schema.org","@graph":[{"@type":"Article","@id":"https:\/\/super-news.info\/hu\/negyed-szazados-lett-a-vilag-legertekesebb-cege\/#article","isPartOf":{"@id":"https:\/\/super-news.info\/hu\/negyed-szazados-lett-a-vilag-legertekesebb-cege\/"},"author":{"name":"super-news","@id":"https:\/\/super-news.info\/hu\/#\/schema\/person\/2d4068cb2f39cd10008c2fce578a7356"},"headline":"Negyed sz\u00e1zados lett a vil\u00e1g leg\u00e9rt\u00e9kesebb c\u00e9ge","datePublished":"2019-07-05T23:15:58+00:00","dateModified":"2019-07-05T23:15:59+00:00","mainEntityOfPage":{"@id":"https:\/\/super-news.info\/hu\/negyed-szazados-lett-a-vilag-legertekesebb-cege\/"},"wordCount":1620,"commentCount":0,"image":{"@id":"https:\/\/super-news.info\/hu\/negyed-szazados-lett-a-vilag-legertekesebb-cege\/#primaryimage"},"thumbnailUrl":"https:\/\/super-news.info\/hu\/wp-content\/uploads\/sites\/3\/2019\/05\/A-gyilkos-p\u00f3k-h\u00e1l\u00f3j\u00e1ban-Vil\u00e1ggazdas\u00e1g.jpg","articleSection":["P\u00c9NZ\u00dcGYI H\u00cdREK"],"inLanguage":"hu","potentialAction":[{"@type":"CommentAction","name":"Comment","target":["https:\/\/super-news.info\/hu\/negyed-szazados-lett-a-vilag-legertekesebb-cege\/#respond"]}]},{"@type":"WebPage","@id":"https:\/\/super-news.info\/hu\/negyed-szazados-lett-a-vilag-legertekesebb-cege\/","url":"https:\/\/super-news.info\/hu\/negyed-szazados-lett-a-vilag-legertekesebb-cege\/","name":"Negyed sz\u00e1zados lett a vil\u00e1g leg\u00e9rt\u00e9kesebb c\u00e9ge - Super News","isPartOf":{"@id":"https:\/\/super-news.info\/hu\/#website"},"primaryImageOfPage":{"@id":"https:\/\/super-news.info\/hu\/negyed-szazados-lett-a-vilag-legertekesebb-cege\/#primaryimage"},"image":{"@id":"https:\/\/super-news.info\/hu\/negyed-szazados-lett-a-vilag-legertekesebb-cege\/#primaryimage"},"thumbnailUrl":"https:\/\/super-news.info\/hu\/wp-content\/uploads\/sites\/3\/2019\/05\/A-gyilkos-p\u00f3k-h\u00e1l\u00f3j\u00e1ban-Vil\u00e1ggazdas\u00e1g.jpg","datePublished":"2019-07-05T23:15:58+00:00","dateModified":"2019-07-05T23:15:59+00:00","author":{"@id":"https:\/\/super-news.info\/hu\/#\/schema\/person\/2d4068cb2f39cd10008c2fce578a7356"},"breadcrumb":{"@id":"https:\/\/super-news.info\/hu\/negyed-szazados-lett-a-vilag-legertekesebb-cege\/#breadcrumb"},"inLanguage":"hu","potentialAction":[{"@type":"ReadAction","target":["https:\/\/super-news.info\/hu\/negyed-szazados-lett-a-vilag-legertekesebb-cege\/"]}]},{"@type":"ImageObject","inLanguage":"hu","@id":"https:\/\/super-news.info\/hu\/negyed-szazados-lett-a-vilag-legertekesebb-cege\/#primaryimage","url":"https:\/\/super-news.info\/hu\/wp-content\/uploads\/sites\/3\/2019\/05\/A-gyilkos-p\u00f3k-h\u00e1l\u00f3j\u00e1ban-Vil\u00e1ggazdas\u00e1g.jpg","contentUrl":"https:\/\/super-news.info\/hu\/wp-content\/uploads\/sites\/3\/2019\/05\/A-gyilkos-p\u00f3k-h\u00e1l\u00f3j\u00e1ban-Vil\u00e1ggazdas\u00e1g.jpg","width":1400,"height":942,"caption":"A gyilkos p\u00f3k h\u00e1l\u00f3j\u00e1ban | Vil\u00e1ggazdas\u00e1g"},{"@type":"BreadcrumbList","@id":"https:\/\/super-news.info\/hu\/negyed-szazados-lett-a-vilag-legertekesebb-cege\/#breadcrumb","itemListElement":[{"@type":"ListItem","position":1,"name":"\u0413\u043b\u0430\u0432\u043d\u0430\u044f \u0441\u0442\u0440\u0430\u043d\u0438\u0446\u0430","item":"https:\/\/super-news.info\/hu\/"},{"@type":"ListItem","position":2,"name":"Negyed sz\u00e1zados lett a vil\u00e1g leg\u00e9rt\u00e9kesebb c\u00e9ge"}]},{"@type":"WebSite","@id":"https:\/\/super-news.info\/hu\/#website","url":"https:\/\/super-news.info\/hu\/","name":"Super News","description":"Super News Magyarorsz\u00e1g","potentialAction":[{"@type":"SearchAction","target":{"@type":"EntryPoint","urlTemplate":"https:\/\/super-news.info\/hu\/?s={search_term_string}"},"query-input":{"@type":"PropertyValueSpecification","valueRequired":true,"valueName":"search_term_string"}}],"inLanguage":"hu"},{"@type":"Person","@id":"https:\/\/super-news.info\/hu\/#\/schema\/person\/2d4068cb2f39cd10008c2fce578a7356","name":"super-news","image":{"@type":"ImageObject","inLanguage":"hu","@id":"https:\/\/secure.gravatar.com\/avatar\/64ebac40b93f26a154f8a9b5b6fdccfc46f442b26b3dd6756dbff3bf9dc76fd7?s=96&d=mm&r=g","url":"https:\/\/secure.gravatar.com\/avatar\/64ebac40b93f26a154f8a9b5b6fdccfc46f442b26b3dd6756dbff3bf9dc76fd7?s=96&d=mm&r=g","contentUrl":"https:\/\/secure.gravatar.com\/avatar\/64ebac40b93f26a154f8a9b5b6fdccfc46f442b26b3dd6756dbff3bf9dc76fd7?s=96&d=mm&r=g","caption":"super-news"},"url":"https:\/\/super-news.info\/hu\/author\/pt\/"}]}},"_links":{"self":[{"href":"https:\/\/super-news.info\/hu\/wp-json\/wp\/v2\/posts\/5489","targetHints":{"allow":["GET"]}}],"collection":[{"href":"https:\/\/super-news.info\/hu\/wp-json\/wp\/v2\/posts"}],"about":[{"href":"https:\/\/super-news.info\/hu\/wp-json\/wp\/v2\/types\/post"}],"author":[{"embeddable":true,"href":"https:\/\/super-news.info\/hu\/wp-json\/wp\/v2\/users\/2"}],"replies":[{"embeddable":true,"href":"https:\/\/super-news.info\/hu\/wp-json\/wp\/v2\/comments?post=5489"}],"version-history":[{"count":1,"href":"https:\/\/super-news.info\/hu\/wp-json\/wp\/v2\/posts\/5489\/revisions"}],"predecessor-version":[{"id":5490,"href":"https:\/\/super-news.info\/hu\/wp-json\/wp\/v2\/posts\/5489\/revisions\/5490"}],"wp:featuredmedia":[{"embeddable":true,"href":"https:\/\/super-news.info\/hu\/wp-json\/wp\/v2\/media\/1357"}],"wp:attachment":[{"href":"https:\/\/super-news.info\/hu\/wp-json\/wp\/v2\/media?parent=5489"}],"wp:term":[{"taxonomy":"category","embeddable":true,"href":"https:\/\/super-news.info\/hu\/wp-json\/wp\/v2\/categories?post=5489"},{"taxonomy":"post_tag","embeddable":true,"href":"https:\/\/super-news.info\/hu\/wp-json\/wp\/v2\/tags?post=5489"}],"curies":[{"name":"wp","href":"https:\/\/api.w.org\/{rel}","templated":true}]}}