{"id":5486,"date":"2019-07-06T01:21:47","date_gmt":"2019-07-05T22:21:47","guid":{"rendered":"https:\/\/super-news.info\/hu\/brit-kutatok-megfejtettek-hogy-miert-halnak-meg-a-capak-es-a-rajak\/"},"modified":"2019-07-06T01:21:48","modified_gmt":"2019-07-05T22:21:48","slug":"brit-kutatok-megfejtettek-hogy-miert-halnak-meg-a-capak-es-a-rajak","status":"publish","type":"post","link":"https:\/\/super-news.info\/hu\/brit-kutatok-megfejtettek-hogy-miert-halnak-meg-a-capak-es-a-rajak\/","title":{"rendered":"Brit kutat\u00f3k megfejtett\u00e9k, hogy mi\u00e9rt halnak meg a c\u00e1p\u00e1k \u00e9s a r\u00e1j\u00e1k"},"content":{"rendered":"<p> [ad_1]<br \/>\n<\/p>\n<p>\n\t\t\t\t\t\t\t\tT\u00f6bb mint ezer c\u00e1pa \u00e9s r\u00e1ja akadt szem\u00e9tbe, t\u00f6bbnyire elhagyott hal\u00e1szh\u00e1l\u00f3k maradv\u00e1nyaiba brit kutat\u00f3k elemz\u00e9se szerint.\t\t\t\t\t\t\t<\/p>\n<div>\n<p>A ki\u00e9rt\u00e9kel\u00e9st kor\u00e1bbi tanulm\u00e1nyok \u00e9s Twitter-bejegyz\u00e9sek alapj\u00e1n k\u00e9sz\u00edtett\u00e9k \u2013 k\u00f6z\u00f6lte az Exeteri Egyetem tud\u00f3sai az Endangered Species Research c\u00edm\u0171 szaklapban megjelent tanulm\u00e1nyukban.<\/p>\n<p>Csak a dokument\u00e1lt eseteket sz\u00e1molt\u00e1k, val\u00f3sz\u00edn\u0171leg enn\u00e9l j\u00f3val t\u00f6bb c\u00e1pa \u00e9s r\u00e1ja gabalyodhatott szem\u00e9tbe.<\/p>\n<div id=\"attachment_1363996\" style=\"width: 1406px\" class=\"wp-caption aligncenter\">\n<p class=\"wp-caption-text\">Fot\u00f3: AFP<\/p>\n<\/div>\n<p>A hullad\u00e9k legt\u00f6bbsz\u00f6r hal\u00e1szh\u00e1l\u00f3k marad\u00e9ka. A szem\u00e9t okozta vesz\u00e9lyeket remek\u00fcl p\u00e9ld\u00e1zza egy r\u00f6viduszony\u00fa mak\u00f3c\u00e1pa (Isurus oxyrinchus) esete \u2013 mondta Kristian Parton, a tanulm\u00e1ny szerz\u0151je.<\/p>\n<p>Az \u00e1llat egy tengeri makkokkal bor\u00edtott k\u00f6t\u00e9lbe akadt, \u00e9s ahogy a hal n\u00f6vekedett, a makkok a b\u0151r\u00e9be f\u00far\u00f3dtak \u00e9s komoly s\u00e9r\u00fcl\u00e9seket okoztak.<\/p>\n<p>A probl\u00e9m\u00e1t eddig al\u00e1becs\u00fclt\u00e9k, holott tigrisc\u00e1p\u00e1kat \u00e9s hatalmas cetc\u00e1p\u00e1kat is \u00e9rint. A szem\u00e9tbe keveredett \u00e1llatok szenvednek \u00e9s el is pusztulhatnak \u2013 \u00edrj\u00e1k a tud\u00f3sok.<\/p>\n<\/p><\/div>\n<p><script>\n    window.fbAsyncInit = function() {\n        FB.init({\n            appId      : \"204760236815359\",\n            xfbml      : true,\n            version    : \"v2.12\"\n        });\n        FB.AppEvents.logPageView();\n    };<\/p>\n<p>    (function(d, s, id){\n        var js, fjs = d.getElementsByTagName(s)[0];\n        if (d.getElementById(id)) {return;}\n        js = d.createElement(s); js.id = id;\n        js.src = \"http:\/\/connect.facebook.net\/hu_HU\/sdk.js\";\n        fjs.parentNode.insertBefore(js, fjs);\n    }(document, \"script\", \"facebook-jssdk\"));\n<\/script><br \/>\n<br \/>[ad_2]<br \/>\n<br \/><a href=\"https:\/\/www.vg.hu\/kozelet\/kornyezetvedelem\/brit-kutatok-megfejtettek-hogy-miert-halnak-meg-a-capak-es-a-rajak-1612814\/\">Source link <\/a><\/p>\n","protected":false},"excerpt":{"rendered":"<p>[ad_1] T\u00f6bb mint ezer c\u00e1pa \u00e9s r\u00e1ja akadt szem\u00e9tbe, t\u00f6bbnyire elhagyott hal\u00e1szh\u00e1l\u00f3k maradv\u00e1nyaiba brit kutat\u00f3k elemz\u00e9se szerint. A ki\u00e9rt\u00e9kel\u00e9st kor\u00e1bbi tanulm\u00e1nyok \u00e9s Twitter-bejegyz\u00e9sek alapj\u00e1n k\u00e9sz\u00edtett\u00e9k \u2013 k\u00f6z\u00f6lte az Exeteri Egyetem tud\u00f3sai az Endangered Species Research c\u00edm\u0171 szaklapban megjelent tanulm\u00e1nyukban. Csak a dokument\u00e1lt eseteket sz\u00e1molt\u00e1k, val\u00f3sz\u00edn\u0171leg enn\u00e9l j\u00f3val t\u00f6bb c\u00e1pa \u00e9s r\u00e1ja gabalyodhatott szem\u00e9tbe. Fot\u00f3: AFP [&hellip;]<\/p>\n","protected":false},"author":2,"featured_media":5487,"comment_status":"open","ping_status":"open","sticky":false,"template":"","format":"standard","meta":{"footnotes":""},"categories":[1],"tags":[],"class_list":["post-5486","post","type-post","status-publish","format-standard","has-post-thumbnail","hentry","category-penzugyi-hirek"],"yoast_head":"<!-- This site is optimized with the Yoast SEO plugin v27.4 - https:\/\/yoast.com\/product\/yoast-seo-wordpress\/ -->\n<title>Brit kutat\u00f3k megfejtett\u00e9k, hogy mi\u00e9rt halnak meg a c\u00e1p\u00e1k \u00e9s a r\u00e1j\u00e1k - Super News<\/title>\n<meta name=\"robots\" content=\"index, follow, max-snippet:-1, max-image-preview:large, max-video-preview:-1\" \/>\n<link rel=\"canonical\" href=\"https:\/\/super-news.info\/hu\/brit-kutatok-megfejtettek-hogy-miert-halnak-meg-a-capak-es-a-rajak\/\" \/>\n<meta property=\"og:locale\" content=\"hu_HU\" \/>\n<meta property=\"og:type\" content=\"article\" \/>\n<meta property=\"og:title\" content=\"Brit kutat\u00f3k megfejtett\u00e9k, hogy mi\u00e9rt halnak meg a c\u00e1p\u00e1k \u00e9s a r\u00e1j\u00e1k - Super News\" \/>\n<meta property=\"og:description\" content=\"[ad_1] T\u00f6bb mint ezer c\u00e1pa \u00e9s r\u00e1ja akadt szem\u00e9tbe, t\u00f6bbnyire elhagyott hal\u00e1szh\u00e1l\u00f3k maradv\u00e1nyaiba brit kutat\u00f3k elemz\u00e9se szerint. A ki\u00e9rt\u00e9kel\u00e9st kor\u00e1bbi tanulm\u00e1nyok \u00e9s Twitter-bejegyz\u00e9sek alapj\u00e1n k\u00e9sz\u00edtett\u00e9k \u2013 k\u00f6z\u00f6lte az Exeteri Egyetem tud\u00f3sai az Endangered Species Research c\u00edm\u0171 szaklapban megjelent tanulm\u00e1nyukban. Csak a dokument\u00e1lt eseteket sz\u00e1molt\u00e1k, val\u00f3sz\u00edn\u0171leg enn\u00e9l j\u00f3val t\u00f6bb c\u00e1pa \u00e9s r\u00e1ja gabalyodhatott szem\u00e9tbe. Fot\u00f3: AFP [&hellip;]\" \/>\n<meta property=\"og:url\" content=\"https:\/\/super-news.info\/hu\/brit-kutatok-megfejtettek-hogy-miert-halnak-meg-a-capak-es-a-rajak\/\" \/>\n<meta property=\"og:site_name\" content=\"Super News\" \/>\n<meta property=\"article:published_time\" content=\"2019-07-05T22:21:47+00:00\" \/>\n<meta property=\"article:modified_time\" content=\"2019-07-05T22:21:48+00:00\" \/>\n<meta property=\"og:image\" content=\"https:\/\/super-news.info\/hu\/wp-content\/uploads\/sites\/3\/2019\/07\/Brit-kutat\u00f3k-megfejtett\u00e9k-hogy-mi\u00e9rt-halnak-meg-a-c\u00e1p\u00e1k-\u00e9s.jpg\" \/>\n\t<meta property=\"og:image:width\" content=\"1396\" \/>\n\t<meta property=\"og:image:height\" content=\"784\" \/>\n\t<meta property=\"og:image:type\" content=\"image\/jpeg\" \/>\n<meta name=\"author\" content=\"super-news\" \/>\n<meta name=\"twitter:card\" content=\"summary_large_image\" \/>\n<meta name=\"twitter:label1\" content=\"Szerz\u0151:\" \/>\n\t<meta name=\"twitter:data1\" content=\"super-news\" \/>\n\t<meta name=\"twitter:label2\" content=\"Becs\u00fclt olvas\u00e1si id\u0151\" \/>\n\t<meta name=\"twitter:data2\" content=\"1 perc\" \/>\n<script type=\"application\/ld+json\" class=\"yoast-schema-graph\">{\"@context\":\"https:\\\/\\\/schema.org\",\"@graph\":[{\"@type\":\"Article\",\"@id\":\"https:\\\/\\\/super-news.info\\\/hu\\\/brit-kutatok-megfejtettek-hogy-miert-halnak-meg-a-capak-es-a-rajak\\\/#article\",\"isPartOf\":{\"@id\":\"https:\\\/\\\/super-news.info\\\/hu\\\/brit-kutatok-megfejtettek-hogy-miert-halnak-meg-a-capak-es-a-rajak\\\/\"},\"author\":{\"name\":\"super-news\",\"@id\":\"https:\\\/\\\/super-news.info\\\/hu\\\/#\\\/schema\\\/person\\\/2d4068cb2f39cd10008c2fce578a7356\"},\"headline\":\"Brit kutat\u00f3k megfejtett\u00e9k, hogy mi\u00e9rt halnak meg a c\u00e1p\u00e1k \u00e9s a r\u00e1j\u00e1k\",\"datePublished\":\"2019-07-05T22:21:47+00:00\",\"dateModified\":\"2019-07-05T22:21:48+00:00\",\"mainEntityOfPage\":{\"@id\":\"https:\\\/\\\/super-news.info\\\/hu\\\/brit-kutatok-megfejtettek-hogy-miert-halnak-meg-a-capak-es-a-rajak\\\/\"},\"wordCount\":222,\"commentCount\":0,\"image\":{\"@id\":\"https:\\\/\\\/super-news.info\\\/hu\\\/brit-kutatok-megfejtettek-hogy-miert-halnak-meg-a-capak-es-a-rajak\\\/#primaryimage\"},\"thumbnailUrl\":\"https:\\\/\\\/super-news.info\\\/hu\\\/wp-content\\\/uploads\\\/sites\\\/3\\\/2019\\\/07\\\/Brit-kutat\u00f3k-megfejtett\u00e9k-hogy-mi\u00e9rt-halnak-meg-a-c\u00e1p\u00e1k-\u00e9s.jpg\",\"articleSection\":[\"P\u00c9NZ\u00dcGYI H\u00cdREK\"],\"inLanguage\":\"hu\",\"potentialAction\":[{\"@type\":\"CommentAction\",\"name\":\"Comment\",\"target\":[\"https:\\\/\\\/super-news.info\\\/hu\\\/brit-kutatok-megfejtettek-hogy-miert-halnak-meg-a-capak-es-a-rajak\\\/#respond\"]}]},{\"@type\":\"WebPage\",\"@id\":\"https:\\\/\\\/super-news.info\\\/hu\\\/brit-kutatok-megfejtettek-hogy-miert-halnak-meg-a-capak-es-a-rajak\\\/\",\"url\":\"https:\\\/\\\/super-news.info\\\/hu\\\/brit-kutatok-megfejtettek-hogy-miert-halnak-meg-a-capak-es-a-rajak\\\/\",\"name\":\"Brit kutat\u00f3k megfejtett\u00e9k, hogy mi\u00e9rt halnak meg a c\u00e1p\u00e1k \u00e9s a r\u00e1j\u00e1k - Super News\",\"isPartOf\":{\"@id\":\"https:\\\/\\\/super-news.info\\\/hu\\\/#website\"},\"primaryImageOfPage\":{\"@id\":\"https:\\\/\\\/super-news.info\\\/hu\\\/brit-kutatok-megfejtettek-hogy-miert-halnak-meg-a-capak-es-a-rajak\\\/#primaryimage\"},\"image\":{\"@id\":\"https:\\\/\\\/super-news.info\\\/hu\\\/brit-kutatok-megfejtettek-hogy-miert-halnak-meg-a-capak-es-a-rajak\\\/#primaryimage\"},\"thumbnailUrl\":\"https:\\\/\\\/super-news.info\\\/hu\\\/wp-content\\\/uploads\\\/sites\\\/3\\\/2019\\\/07\\\/Brit-kutat\u00f3k-megfejtett\u00e9k-hogy-mi\u00e9rt-halnak-meg-a-c\u00e1p\u00e1k-\u00e9s.jpg\",\"datePublished\":\"2019-07-05T22:21:47+00:00\",\"dateModified\":\"2019-07-05T22:21:48+00:00\",\"author\":{\"@id\":\"https:\\\/\\\/super-news.info\\\/hu\\\/#\\\/schema\\\/person\\\/2d4068cb2f39cd10008c2fce578a7356\"},\"breadcrumb\":{\"@id\":\"https:\\\/\\\/super-news.info\\\/hu\\\/brit-kutatok-megfejtettek-hogy-miert-halnak-meg-a-capak-es-a-rajak\\\/#breadcrumb\"},\"inLanguage\":\"hu\",\"potentialAction\":[{\"@type\":\"ReadAction\",\"target\":[\"https:\\\/\\\/super-news.info\\\/hu\\\/brit-kutatok-megfejtettek-hogy-miert-halnak-meg-a-capak-es-a-rajak\\\/\"]}]},{\"@type\":\"ImageObject\",\"inLanguage\":\"hu\",\"@id\":\"https:\\\/\\\/super-news.info\\\/hu\\\/brit-kutatok-megfejtettek-hogy-miert-halnak-meg-a-capak-es-a-rajak\\\/#primaryimage\",\"url\":\"https:\\\/\\\/super-news.info\\\/hu\\\/wp-content\\\/uploads\\\/sites\\\/3\\\/2019\\\/07\\\/Brit-kutat\u00f3k-megfejtett\u00e9k-hogy-mi\u00e9rt-halnak-meg-a-c\u00e1p\u00e1k-\u00e9s.jpg\",\"contentUrl\":\"https:\\\/\\\/super-news.info\\\/hu\\\/wp-content\\\/uploads\\\/sites\\\/3\\\/2019\\\/07\\\/Brit-kutat\u00f3k-megfejtett\u00e9k-hogy-mi\u00e9rt-halnak-meg-a-c\u00e1p\u00e1k-\u00e9s.jpg\",\"width\":1396,\"height\":784,\"caption\":\"Brit kutat\u00f3k megfejtett\u00e9k, hogy mi\u00e9rt halnak meg a c\u00e1p\u00e1k \u00e9s a r\u00e1j\u00e1k\"},{\"@type\":\"BreadcrumbList\",\"@id\":\"https:\\\/\\\/super-news.info\\\/hu\\\/brit-kutatok-megfejtettek-hogy-miert-halnak-meg-a-capak-es-a-rajak\\\/#breadcrumb\",\"itemListElement\":[{\"@type\":\"ListItem\",\"position\":1,\"name\":\"\u0413\u043b\u0430\u0432\u043d\u0430\u044f \u0441\u0442\u0440\u0430\u043d\u0438\u0446\u0430\",\"item\":\"https:\\\/\\\/super-news.info\\\/hu\\\/\"},{\"@type\":\"ListItem\",\"position\":2,\"name\":\"Brit kutat\u00f3k megfejtett\u00e9k, hogy mi\u00e9rt halnak meg a c\u00e1p\u00e1k \u00e9s a r\u00e1j\u00e1k\"}]},{\"@type\":\"WebSite\",\"@id\":\"https:\\\/\\\/super-news.info\\\/hu\\\/#website\",\"url\":\"https:\\\/\\\/super-news.info\\\/hu\\\/\",\"name\":\"Super News\",\"description\":\"Super News Magyarorsz\u00e1g\",\"potentialAction\":[{\"@type\":\"SearchAction\",\"target\":{\"@type\":\"EntryPoint\",\"urlTemplate\":\"https:\\\/\\\/super-news.info\\\/hu\\\/?s={search_term_string}\"},\"query-input\":{\"@type\":\"PropertyValueSpecification\",\"valueRequired\":true,\"valueName\":\"search_term_string\"}}],\"inLanguage\":\"hu\"},{\"@type\":\"Person\",\"@id\":\"https:\\\/\\\/super-news.info\\\/hu\\\/#\\\/schema\\\/person\\\/2d4068cb2f39cd10008c2fce578a7356\",\"name\":\"super-news\",\"image\":{\"@type\":\"ImageObject\",\"inLanguage\":\"hu\",\"@id\":\"https:\\\/\\\/secure.gravatar.com\\\/avatar\\\/64ebac40b93f26a154f8a9b5b6fdccfc46f442b26b3dd6756dbff3bf9dc76fd7?s=96&d=mm&r=g\",\"url\":\"https:\\\/\\\/secure.gravatar.com\\\/avatar\\\/64ebac40b93f26a154f8a9b5b6fdccfc46f442b26b3dd6756dbff3bf9dc76fd7?s=96&d=mm&r=g\",\"contentUrl\":\"https:\\\/\\\/secure.gravatar.com\\\/avatar\\\/64ebac40b93f26a154f8a9b5b6fdccfc46f442b26b3dd6756dbff3bf9dc76fd7?s=96&d=mm&r=g\",\"caption\":\"super-news\"},\"url\":\"https:\\\/\\\/super-news.info\\\/hu\\\/author\\\/pt\\\/\"}]}<\/script>\n<!-- \/ Yoast SEO plugin. -->","yoast_head_json":{"title":"Brit kutat\u00f3k megfejtett\u00e9k, hogy mi\u00e9rt halnak meg a c\u00e1p\u00e1k \u00e9s a r\u00e1j\u00e1k - Super News","robots":{"index":"index","follow":"follow","max-snippet":"max-snippet:-1","max-image-preview":"max-image-preview:large","max-video-preview":"max-video-preview:-1"},"canonical":"https:\/\/super-news.info\/hu\/brit-kutatok-megfejtettek-hogy-miert-halnak-meg-a-capak-es-a-rajak\/","og_locale":"hu_HU","og_type":"article","og_title":"Brit kutat\u00f3k megfejtett\u00e9k, hogy mi\u00e9rt halnak meg a c\u00e1p\u00e1k \u00e9s a r\u00e1j\u00e1k - Super News","og_description":"[ad_1] T\u00f6bb mint ezer c\u00e1pa \u00e9s r\u00e1ja akadt szem\u00e9tbe, t\u00f6bbnyire elhagyott hal\u00e1szh\u00e1l\u00f3k maradv\u00e1nyaiba brit kutat\u00f3k elemz\u00e9se szerint. A ki\u00e9rt\u00e9kel\u00e9st kor\u00e1bbi tanulm\u00e1nyok \u00e9s Twitter-bejegyz\u00e9sek alapj\u00e1n k\u00e9sz\u00edtett\u00e9k \u2013 k\u00f6z\u00f6lte az Exeteri Egyetem tud\u00f3sai az Endangered Species Research c\u00edm\u0171 szaklapban megjelent tanulm\u00e1nyukban. Csak a dokument\u00e1lt eseteket sz\u00e1molt\u00e1k, val\u00f3sz\u00edn\u0171leg enn\u00e9l j\u00f3val t\u00f6bb c\u00e1pa \u00e9s r\u00e1ja gabalyodhatott szem\u00e9tbe. Fot\u00f3: AFP [&hellip;]","og_url":"https:\/\/super-news.info\/hu\/brit-kutatok-megfejtettek-hogy-miert-halnak-meg-a-capak-es-a-rajak\/","og_site_name":"Super News","article_published_time":"2019-07-05T22:21:47+00:00","article_modified_time":"2019-07-05T22:21:48+00:00","og_image":[{"width":1396,"height":784,"url":"https:\/\/super-news.info\/hu\/wp-content\/uploads\/sites\/3\/2019\/07\/Brit-kutat\u00f3k-megfejtett\u00e9k-hogy-mi\u00e9rt-halnak-meg-a-c\u00e1p\u00e1k-\u00e9s.jpg","type":"image\/jpeg"}],"author":"super-news","twitter_card":"summary_large_image","twitter_misc":{"Szerz\u0151:":"super-news","Becs\u00fclt olvas\u00e1si id\u0151":"1 perc"},"schema":{"@context":"https:\/\/schema.org","@graph":[{"@type":"Article","@id":"https:\/\/super-news.info\/hu\/brit-kutatok-megfejtettek-hogy-miert-halnak-meg-a-capak-es-a-rajak\/#article","isPartOf":{"@id":"https:\/\/super-news.info\/hu\/brit-kutatok-megfejtettek-hogy-miert-halnak-meg-a-capak-es-a-rajak\/"},"author":{"name":"super-news","@id":"https:\/\/super-news.info\/hu\/#\/schema\/person\/2d4068cb2f39cd10008c2fce578a7356"},"headline":"Brit kutat\u00f3k megfejtett\u00e9k, hogy mi\u00e9rt halnak meg a c\u00e1p\u00e1k \u00e9s a r\u00e1j\u00e1k","datePublished":"2019-07-05T22:21:47+00:00","dateModified":"2019-07-05T22:21:48+00:00","mainEntityOfPage":{"@id":"https:\/\/super-news.info\/hu\/brit-kutatok-megfejtettek-hogy-miert-halnak-meg-a-capak-es-a-rajak\/"},"wordCount":222,"commentCount":0,"image":{"@id":"https:\/\/super-news.info\/hu\/brit-kutatok-megfejtettek-hogy-miert-halnak-meg-a-capak-es-a-rajak\/#primaryimage"},"thumbnailUrl":"https:\/\/super-news.info\/hu\/wp-content\/uploads\/sites\/3\/2019\/07\/Brit-kutat\u00f3k-megfejtett\u00e9k-hogy-mi\u00e9rt-halnak-meg-a-c\u00e1p\u00e1k-\u00e9s.jpg","articleSection":["P\u00c9NZ\u00dcGYI H\u00cdREK"],"inLanguage":"hu","potentialAction":[{"@type":"CommentAction","name":"Comment","target":["https:\/\/super-news.info\/hu\/brit-kutatok-megfejtettek-hogy-miert-halnak-meg-a-capak-es-a-rajak\/#respond"]}]},{"@type":"WebPage","@id":"https:\/\/super-news.info\/hu\/brit-kutatok-megfejtettek-hogy-miert-halnak-meg-a-capak-es-a-rajak\/","url":"https:\/\/super-news.info\/hu\/brit-kutatok-megfejtettek-hogy-miert-halnak-meg-a-capak-es-a-rajak\/","name":"Brit kutat\u00f3k megfejtett\u00e9k, hogy mi\u00e9rt halnak meg a c\u00e1p\u00e1k \u00e9s a r\u00e1j\u00e1k - Super News","isPartOf":{"@id":"https:\/\/super-news.info\/hu\/#website"},"primaryImageOfPage":{"@id":"https:\/\/super-news.info\/hu\/brit-kutatok-megfejtettek-hogy-miert-halnak-meg-a-capak-es-a-rajak\/#primaryimage"},"image":{"@id":"https:\/\/super-news.info\/hu\/brit-kutatok-megfejtettek-hogy-miert-halnak-meg-a-capak-es-a-rajak\/#primaryimage"},"thumbnailUrl":"https:\/\/super-news.info\/hu\/wp-content\/uploads\/sites\/3\/2019\/07\/Brit-kutat\u00f3k-megfejtett\u00e9k-hogy-mi\u00e9rt-halnak-meg-a-c\u00e1p\u00e1k-\u00e9s.jpg","datePublished":"2019-07-05T22:21:47+00:00","dateModified":"2019-07-05T22:21:48+00:00","author":{"@id":"https:\/\/super-news.info\/hu\/#\/schema\/person\/2d4068cb2f39cd10008c2fce578a7356"},"breadcrumb":{"@id":"https:\/\/super-news.info\/hu\/brit-kutatok-megfejtettek-hogy-miert-halnak-meg-a-capak-es-a-rajak\/#breadcrumb"},"inLanguage":"hu","potentialAction":[{"@type":"ReadAction","target":["https:\/\/super-news.info\/hu\/brit-kutatok-megfejtettek-hogy-miert-halnak-meg-a-capak-es-a-rajak\/"]}]},{"@type":"ImageObject","inLanguage":"hu","@id":"https:\/\/super-news.info\/hu\/brit-kutatok-megfejtettek-hogy-miert-halnak-meg-a-capak-es-a-rajak\/#primaryimage","url":"https:\/\/super-news.info\/hu\/wp-content\/uploads\/sites\/3\/2019\/07\/Brit-kutat\u00f3k-megfejtett\u00e9k-hogy-mi\u00e9rt-halnak-meg-a-c\u00e1p\u00e1k-\u00e9s.jpg","contentUrl":"https:\/\/super-news.info\/hu\/wp-content\/uploads\/sites\/3\/2019\/07\/Brit-kutat\u00f3k-megfejtett\u00e9k-hogy-mi\u00e9rt-halnak-meg-a-c\u00e1p\u00e1k-\u00e9s.jpg","width":1396,"height":784,"caption":"Brit kutat\u00f3k megfejtett\u00e9k, hogy mi\u00e9rt halnak meg a c\u00e1p\u00e1k \u00e9s a r\u00e1j\u00e1k"},{"@type":"BreadcrumbList","@id":"https:\/\/super-news.info\/hu\/brit-kutatok-megfejtettek-hogy-miert-halnak-meg-a-capak-es-a-rajak\/#breadcrumb","itemListElement":[{"@type":"ListItem","position":1,"name":"\u0413\u043b\u0430\u0432\u043d\u0430\u044f \u0441\u0442\u0440\u0430\u043d\u0438\u0446\u0430","item":"https:\/\/super-news.info\/hu\/"},{"@type":"ListItem","position":2,"name":"Brit kutat\u00f3k megfejtett\u00e9k, hogy mi\u00e9rt halnak meg a c\u00e1p\u00e1k \u00e9s a r\u00e1j\u00e1k"}]},{"@type":"WebSite","@id":"https:\/\/super-news.info\/hu\/#website","url":"https:\/\/super-news.info\/hu\/","name":"Super News","description":"Super News Magyarorsz\u00e1g","potentialAction":[{"@type":"SearchAction","target":{"@type":"EntryPoint","urlTemplate":"https:\/\/super-news.info\/hu\/?s={search_term_string}"},"query-input":{"@type":"PropertyValueSpecification","valueRequired":true,"valueName":"search_term_string"}}],"inLanguage":"hu"},{"@type":"Person","@id":"https:\/\/super-news.info\/hu\/#\/schema\/person\/2d4068cb2f39cd10008c2fce578a7356","name":"super-news","image":{"@type":"ImageObject","inLanguage":"hu","@id":"https:\/\/secure.gravatar.com\/avatar\/64ebac40b93f26a154f8a9b5b6fdccfc46f442b26b3dd6756dbff3bf9dc76fd7?s=96&d=mm&r=g","url":"https:\/\/secure.gravatar.com\/avatar\/64ebac40b93f26a154f8a9b5b6fdccfc46f442b26b3dd6756dbff3bf9dc76fd7?s=96&d=mm&r=g","contentUrl":"https:\/\/secure.gravatar.com\/avatar\/64ebac40b93f26a154f8a9b5b6fdccfc46f442b26b3dd6756dbff3bf9dc76fd7?s=96&d=mm&r=g","caption":"super-news"},"url":"https:\/\/super-news.info\/hu\/author\/pt\/"}]}},"_links":{"self":[{"href":"https:\/\/super-news.info\/hu\/wp-json\/wp\/v2\/posts\/5486","targetHints":{"allow":["GET"]}}],"collection":[{"href":"https:\/\/super-news.info\/hu\/wp-json\/wp\/v2\/posts"}],"about":[{"href":"https:\/\/super-news.info\/hu\/wp-json\/wp\/v2\/types\/post"}],"author":[{"embeddable":true,"href":"https:\/\/super-news.info\/hu\/wp-json\/wp\/v2\/users\/2"}],"replies":[{"embeddable":true,"href":"https:\/\/super-news.info\/hu\/wp-json\/wp\/v2\/comments?post=5486"}],"version-history":[{"count":1,"href":"https:\/\/super-news.info\/hu\/wp-json\/wp\/v2\/posts\/5486\/revisions"}],"predecessor-version":[{"id":5488,"href":"https:\/\/super-news.info\/hu\/wp-json\/wp\/v2\/posts\/5486\/revisions\/5488"}],"wp:featuredmedia":[{"embeddable":true,"href":"https:\/\/super-news.info\/hu\/wp-json\/wp\/v2\/media\/5487"}],"wp:attachment":[{"href":"https:\/\/super-news.info\/hu\/wp-json\/wp\/v2\/media?parent=5486"}],"wp:term":[{"taxonomy":"category","embeddable":true,"href":"https:\/\/super-news.info\/hu\/wp-json\/wp\/v2\/categories?post=5486"},{"taxonomy":"post_tag","embeddable":true,"href":"https:\/\/super-news.info\/hu\/wp-json\/wp\/v2\/tags?post=5486"}],"curies":[{"name":"wp","href":"https:\/\/api.w.org\/{rel}","templated":true}]}}