{"id":5469,"date":"2019-07-05T20:04:57","date_gmt":"2019-07-05T17:04:57","guid":{"rendered":"https:\/\/super-news.info\/hu\/magyar-disznohusra-vagynak-a-japanok\/"},"modified":"2019-07-05T20:04:58","modified_gmt":"2019-07-05T17:04:58","slug":"magyar-disznohusra-vagynak-a-japanok","status":"publish","type":"post","link":"https:\/\/super-news.info\/hu\/magyar-disznohusra-vagynak-a-japanok\/","title":{"rendered":"Magyar diszn\u00f3h\u00fasra v\u00e1gynak a jap\u00e1nok"},"content":{"rendered":"<p> [ad_1]<br \/>\n<\/p>\n<p>\n\t\t\t\t\t\t\t\tA magyar sert\u00e9sh\u00fas jap\u00e1n sz\u00e1ll\u00edt\u00e1si lehet\u0151s\u00e9geir\u0151l t\u00e1rgyalt Budapesten a jap\u00e1n agr\u00e1rt\u00e1rca \u00e9lelmiszerbiztons\u00e1gi \u00e9s fogyaszt\u00f3v\u00e9delmi hivatal\u00e1nak f\u0151igazgat\u00f3ja \u2013 k\u00f6z\u00f6lte a K\u00fclgazdas\u00e1gi \u00e9s K\u00fcl\u00fcgyminiszt\u00e9rium (KKM) p\u00e9nteken.\t\t\t\t\t\t\t<\/p>\n<div>\n<p>Magyarorsz\u00e1g \u00e9s Jap\u00e1n fontos kereskedelmi meg\u00e1llapod\u00e1st k\u00f6thet. Arai Yutaka, a jap\u00e1n agr\u00e1rt\u00e1rca \u00e9lelmiszerbiztons\u00e1gi \u00e9s fogyaszt\u00f3v\u00e9delmi hivatal\u00e1nak f\u0151igazgat\u00f3ja ugyanisa KKM k\u00fcls\u0151 piacok fejleszt\u00e9s\u00e9\u00e9rt \u00e9s koordin\u00e1l\u00e1s\u00e1\u00e9rt felel\u0151s miniszteri biztos\u00e1val, Budai Gyul\u00e1val t\u00e1rgyalt.<\/p>\n<p>A megbesz\u00e9l\u00e9sek f\u0151 t\u00e9m\u00e1ja a regionaliz\u00e1ci\u00f3 volt, amelynek l\u00e9nyege, hogy \u00e1llateg\u00e9szs\u00e9g\u00fcgyi probl\u00e9m\u00e1k, j\u00e1rv\u00e1nyok eset\u00e9n csak a fert\u0151z\u00f6tt ter\u00fcletr\u0151l tiltj\u00e1k meg a h\u00fas \u00e9s a h\u00fasterm\u00e9kek kisz\u00e1ll\u00edt\u00e1s\u00e1t, nem az eg\u00e9sz orsz\u00e1gb\u00f3l.<\/p>\n<p>Magyarorsz\u00e1g az els\u0151 uni\u00f3s tag\u00e1llam, amely meg\u00e1llapodott Jap\u00e1nnal a regionaliz\u00e1ci\u00f3r\u00f3l, az egyezs\u00e9g azonban m\u00e9g csak a baromfih\u00fasra terjed ki, a sert\u00e9sre nem<\/p>\n<p>\u2013 emelt\u00e9k ki a k\u00f6zlem\u00e9nyben.<\/p>\n<div id=\"attachment_914299\" style=\"width: 1410px\" class=\"wp-caption alignnone\">\n<p class=\"wp-caption-text\">Fot\u00f3: MW arch\u00edv \u2013 Kurucz \u00c1rp\u00e1d<\/p>\n<\/div>\n<p>Budai Gyula a k\u00f6zlem\u00e9ny szerint j\u00f3 es\u00e9lyt l\u00e1t a megegyez\u00e9sre a sert\u00e9sh\u00fasra vonatkoz\u00f3an is, k\u00f6sz\u00f6nhet\u0151en annak, hogy a magyar \u00e1llateg\u00e9szs\u00e9g\u00fcgyi szab\u00e1lyoz\u00e1s az EU-n bel\u00fcl is a legszigor\u00fabbak egyike. Megjegyezte, hogy a Magyarorsz\u00e1gon tal\u00e1lt sert\u00e9spestises \u00e1llatok mind vaddiszn\u00f3k voltak, h\u00e1zi sert\u00e9sben sehol sem mutatt\u00e1k ki a betegs\u00e9get.<\/p>\n<p>A miniszteri biztos a regionaliz\u00e1ci\u00f3s meg\u00e1llapod\u00e1s fontoss\u00e1g\u00e1t azzal indokolta, hogy Jap\u00e1n a magyar \u00e9lelmiszeripari term\u00e9kek els\u0151sz\u00e1m\u00fa piaca Eur\u00f3p\u00e1n k\u00edv\u00fcl, \u00e1m a tavalyi sert\u00e9spestis jelent\u0151sen visszavetette a kivitelt.<\/p>\n<p>Magyarorsz\u00e1g 2017-ben 113,3 milli\u00f3 doll\u00e1r \u00e9rt\u00e9kben export\u00e1lt \u00e9lelmiszert Jap\u00e1nba, ennek d\u00f6nt\u0151 r\u00e9sze (90 milli\u00f3 doll\u00e1r) volt a sert\u00e9sh\u00fas.<\/p>\n<p>2018-ban a sert\u00e9spestis k\u00f6vetkezt\u00e9ben \u00e1prilisban elrendelt kiviteli korl\u00e1toz\u00e1s miatt a szigetorsz\u00e1gba ir\u00e1nyul\u00f3 \u00e9lelmiszeripari export 44 sz\u00e1zal\u00e9kkal, 63 milli\u00f3 doll\u00e1rra cs\u00f6kkent.<\/p>\n<p>A KKM K\u00edn\u00e1val, Vietn\u00e1mmal \u00e9s D\u00e9l-Kore\u00e1val is hasonl\u00f3 meg\u00e1llapod\u00e1sr\u00f3l t\u00e1rgyal, a sikeres egyeztet\u00e9sek t\u00f6bb t\u00edzmilli\u00e1rd forintnyi \u00faj \u00fczletet hozhatnak a magyar sert\u00e9s-\u00e1gazat c\u00e9geinek \u2013 olvashat\u00f3 a k\u00f6zlem\u00e9nyben.<\/p>\n<\/p><\/div>\n<p><script>\n    window.fbAsyncInit = function() {\n        FB.init({\n            appId      : \"204760236815359\",\n            xfbml      : true,\n            version    : \"v2.12\"\n        });\n        FB.AppEvents.logPageView();\n    };<\/p>\n<p>    (function(d, s, id){\n        var js, fjs = d.getElementsByTagName(s)[0];\n        if (d.getElementById(id)) {return;}\n        js = d.createElement(s); js.id = id;\n        js.src = \"http:\/\/connect.facebook.net\/hu_HU\/sdk.js\";\n        fjs.parentNode.insertBefore(js, fjs);\n    }(document, \"script\", \"facebook-jssdk\"));\n<\/script><br \/>\n<br \/>[ad_2]<br \/>\n<br \/><a href=\"https:\/\/www.vg.hu\/gazdasag\/gazdasagpolitika\/magyar-disznohusra-vagynak-a-japanok-1612916\/\">Source link <\/a><\/p>\n","protected":false},"excerpt":{"rendered":"<p>[ad_1] A magyar sert\u00e9sh\u00fas jap\u00e1n sz\u00e1ll\u00edt\u00e1si lehet\u0151s\u00e9geir\u0151l t\u00e1rgyalt Budapesten a jap\u00e1n agr\u00e1rt\u00e1rca \u00e9lelmiszerbiztons\u00e1gi \u00e9s fogyaszt\u00f3v\u00e9delmi hivatal\u00e1nak f\u0151igazgat\u00f3ja \u2013 k\u00f6z\u00f6lte a K\u00fclgazdas\u00e1gi \u00e9s K\u00fcl\u00fcgyminiszt\u00e9rium (KKM) p\u00e9nteken. Magyarorsz\u00e1g \u00e9s Jap\u00e1n fontos kereskedelmi meg\u00e1llapod\u00e1st k\u00f6thet. Arai Yutaka, a jap\u00e1n agr\u00e1rt\u00e1rca \u00e9lelmiszerbiztons\u00e1gi \u00e9s fogyaszt\u00f3v\u00e9delmi hivatal\u00e1nak f\u0151igazgat\u00f3ja ugyanisa KKM k\u00fcls\u0151 piacok fejleszt\u00e9s\u00e9\u00e9rt \u00e9s koordin\u00e1l\u00e1s\u00e1\u00e9rt felel\u0151s miniszteri biztos\u00e1val, Budai Gyul\u00e1val t\u00e1rgyalt. [&hellip;]<\/p>\n","protected":false},"author":2,"featured_media":5470,"comment_status":"open","ping_status":"open","sticky":false,"template":"","format":"standard","meta":{"footnotes":""},"categories":[1],"tags":[],"class_list":["post-5469","post","type-post","status-publish","format-standard","has-post-thumbnail","hentry","category-penzugyi-hirek"],"yoast_head":"<!-- This site is optimized with the Yoast SEO plugin v27.4 - https:\/\/yoast.com\/product\/yoast-seo-wordpress\/ -->\n<title>Magyar diszn\u00f3h\u00fasra v\u00e1gynak a jap\u00e1nok - Super News<\/title>\n<meta name=\"robots\" content=\"index, follow, max-snippet:-1, max-image-preview:large, max-video-preview:-1\" \/>\n<link rel=\"canonical\" href=\"https:\/\/super-news.info\/hu\/magyar-disznohusra-vagynak-a-japanok\/\" \/>\n<meta property=\"og:locale\" content=\"hu_HU\" \/>\n<meta property=\"og:type\" content=\"article\" \/>\n<meta property=\"og:title\" content=\"Magyar diszn\u00f3h\u00fasra v\u00e1gynak a jap\u00e1nok - Super News\" \/>\n<meta property=\"og:description\" content=\"[ad_1] A magyar sert\u00e9sh\u00fas jap\u00e1n sz\u00e1ll\u00edt\u00e1si lehet\u0151s\u00e9geir\u0151l t\u00e1rgyalt Budapesten a jap\u00e1n agr\u00e1rt\u00e1rca \u00e9lelmiszerbiztons\u00e1gi \u00e9s fogyaszt\u00f3v\u00e9delmi hivatal\u00e1nak f\u0151igazgat\u00f3ja \u2013 k\u00f6z\u00f6lte a K\u00fclgazdas\u00e1gi \u00e9s K\u00fcl\u00fcgyminiszt\u00e9rium (KKM) p\u00e9nteken. Magyarorsz\u00e1g \u00e9s Jap\u00e1n fontos kereskedelmi meg\u00e1llapod\u00e1st k\u00f6thet. Arai Yutaka, a jap\u00e1n agr\u00e1rt\u00e1rca \u00e9lelmiszerbiztons\u00e1gi \u00e9s fogyaszt\u00f3v\u00e9delmi hivatal\u00e1nak f\u0151igazgat\u00f3ja ugyanisa KKM k\u00fcls\u0151 piacok fejleszt\u00e9s\u00e9\u00e9rt \u00e9s koordin\u00e1l\u00e1s\u00e1\u00e9rt felel\u0151s miniszteri biztos\u00e1val, Budai Gyul\u00e1val t\u00e1rgyalt. [&hellip;]\" \/>\n<meta property=\"og:url\" content=\"https:\/\/super-news.info\/hu\/magyar-disznohusra-vagynak-a-japanok\/\" \/>\n<meta property=\"og:site_name\" content=\"Super News\" \/>\n<meta property=\"article:published_time\" content=\"2019-07-05T17:04:57+00:00\" \/>\n<meta property=\"article:modified_time\" content=\"2019-07-05T17:04:58+00:00\" \/>\n<meta property=\"og:image\" content=\"https:\/\/super-news.info\/hu\/wp-content\/uploads\/sites\/3\/2019\/07\/Magyar-diszn\u00f3h\u00fasra-v\u00e1gynak-a-jap\u00e1nok.jpg\" \/>\n\t<meta property=\"og:image:width\" content=\"1400\" \/>\n\t<meta property=\"og:image:height\" content=\"932\" \/>\n\t<meta property=\"og:image:type\" content=\"image\/jpeg\" \/>\n<meta name=\"author\" content=\"super-news\" \/>\n<meta name=\"twitter:card\" content=\"summary_large_image\" \/>\n<meta name=\"twitter:label1\" content=\"Szerz\u0151:\" \/>\n\t<meta name=\"twitter:data1\" content=\"super-news\" \/>\n\t<meta name=\"twitter:label2\" content=\"Becs\u00fclt olvas\u00e1si id\u0151\" \/>\n\t<meta name=\"twitter:data2\" content=\"2 perc\" \/>\n<script type=\"application\/ld+json\" class=\"yoast-schema-graph\">{\"@context\":\"https:\\\/\\\/schema.org\",\"@graph\":[{\"@type\":\"Article\",\"@id\":\"https:\\\/\\\/super-news.info\\\/hu\\\/magyar-disznohusra-vagynak-a-japanok\\\/#article\",\"isPartOf\":{\"@id\":\"https:\\\/\\\/super-news.info\\\/hu\\\/magyar-disznohusra-vagynak-a-japanok\\\/\"},\"author\":{\"name\":\"super-news\",\"@id\":\"https:\\\/\\\/super-news.info\\\/hu\\\/#\\\/schema\\\/person\\\/2d4068cb2f39cd10008c2fce578a7356\"},\"headline\":\"Magyar diszn\u00f3h\u00fasra v\u00e1gynak a jap\u00e1nok\",\"datePublished\":\"2019-07-05T17:04:57+00:00\",\"dateModified\":\"2019-07-05T17:04:58+00:00\",\"mainEntityOfPage\":{\"@id\":\"https:\\\/\\\/super-news.info\\\/hu\\\/magyar-disznohusra-vagynak-a-japanok\\\/\"},\"wordCount\":438,\"commentCount\":0,\"image\":{\"@id\":\"https:\\\/\\\/super-news.info\\\/hu\\\/magyar-disznohusra-vagynak-a-japanok\\\/#primaryimage\"},\"thumbnailUrl\":\"https:\\\/\\\/super-news.info\\\/hu\\\/wp-content\\\/uploads\\\/sites\\\/3\\\/2019\\\/07\\\/Magyar-diszn\u00f3h\u00fasra-v\u00e1gynak-a-jap\u00e1nok.jpg\",\"articleSection\":[\"P\u00c9NZ\u00dcGYI H\u00cdREK\"],\"inLanguage\":\"hu\",\"potentialAction\":[{\"@type\":\"CommentAction\",\"name\":\"Comment\",\"target\":[\"https:\\\/\\\/super-news.info\\\/hu\\\/magyar-disznohusra-vagynak-a-japanok\\\/#respond\"]}]},{\"@type\":\"WebPage\",\"@id\":\"https:\\\/\\\/super-news.info\\\/hu\\\/magyar-disznohusra-vagynak-a-japanok\\\/\",\"url\":\"https:\\\/\\\/super-news.info\\\/hu\\\/magyar-disznohusra-vagynak-a-japanok\\\/\",\"name\":\"Magyar diszn\u00f3h\u00fasra v\u00e1gynak a jap\u00e1nok - Super News\",\"isPartOf\":{\"@id\":\"https:\\\/\\\/super-news.info\\\/hu\\\/#website\"},\"primaryImageOfPage\":{\"@id\":\"https:\\\/\\\/super-news.info\\\/hu\\\/magyar-disznohusra-vagynak-a-japanok\\\/#primaryimage\"},\"image\":{\"@id\":\"https:\\\/\\\/super-news.info\\\/hu\\\/magyar-disznohusra-vagynak-a-japanok\\\/#primaryimage\"},\"thumbnailUrl\":\"https:\\\/\\\/super-news.info\\\/hu\\\/wp-content\\\/uploads\\\/sites\\\/3\\\/2019\\\/07\\\/Magyar-diszn\u00f3h\u00fasra-v\u00e1gynak-a-jap\u00e1nok.jpg\",\"datePublished\":\"2019-07-05T17:04:57+00:00\",\"dateModified\":\"2019-07-05T17:04:58+00:00\",\"author\":{\"@id\":\"https:\\\/\\\/super-news.info\\\/hu\\\/#\\\/schema\\\/person\\\/2d4068cb2f39cd10008c2fce578a7356\"},\"breadcrumb\":{\"@id\":\"https:\\\/\\\/super-news.info\\\/hu\\\/magyar-disznohusra-vagynak-a-japanok\\\/#breadcrumb\"},\"inLanguage\":\"hu\",\"potentialAction\":[{\"@type\":\"ReadAction\",\"target\":[\"https:\\\/\\\/super-news.info\\\/hu\\\/magyar-disznohusra-vagynak-a-japanok\\\/\"]}]},{\"@type\":\"ImageObject\",\"inLanguage\":\"hu\",\"@id\":\"https:\\\/\\\/super-news.info\\\/hu\\\/magyar-disznohusra-vagynak-a-japanok\\\/#primaryimage\",\"url\":\"https:\\\/\\\/super-news.info\\\/hu\\\/wp-content\\\/uploads\\\/sites\\\/3\\\/2019\\\/07\\\/Magyar-diszn\u00f3h\u00fasra-v\u00e1gynak-a-jap\u00e1nok.jpg\",\"contentUrl\":\"https:\\\/\\\/super-news.info\\\/hu\\\/wp-content\\\/uploads\\\/sites\\\/3\\\/2019\\\/07\\\/Magyar-diszn\u00f3h\u00fasra-v\u00e1gynak-a-jap\u00e1nok.jpg\",\"width\":1400,\"height\":932,\"caption\":\"Magyar diszn\u00f3h\u00fasra v\u00e1gynak a jap\u00e1nok\"},{\"@type\":\"BreadcrumbList\",\"@id\":\"https:\\\/\\\/super-news.info\\\/hu\\\/magyar-disznohusra-vagynak-a-japanok\\\/#breadcrumb\",\"itemListElement\":[{\"@type\":\"ListItem\",\"position\":1,\"name\":\"\u0413\u043b\u0430\u0432\u043d\u0430\u044f \u0441\u0442\u0440\u0430\u043d\u0438\u0446\u0430\",\"item\":\"https:\\\/\\\/super-news.info\\\/hu\\\/\"},{\"@type\":\"ListItem\",\"position\":2,\"name\":\"Magyar diszn\u00f3h\u00fasra v\u00e1gynak a jap\u00e1nok\"}]},{\"@type\":\"WebSite\",\"@id\":\"https:\\\/\\\/super-news.info\\\/hu\\\/#website\",\"url\":\"https:\\\/\\\/super-news.info\\\/hu\\\/\",\"name\":\"Super News\",\"description\":\"Super News Magyarorsz\u00e1g\",\"potentialAction\":[{\"@type\":\"SearchAction\",\"target\":{\"@type\":\"EntryPoint\",\"urlTemplate\":\"https:\\\/\\\/super-news.info\\\/hu\\\/?s={search_term_string}\"},\"query-input\":{\"@type\":\"PropertyValueSpecification\",\"valueRequired\":true,\"valueName\":\"search_term_string\"}}],\"inLanguage\":\"hu\"},{\"@type\":\"Person\",\"@id\":\"https:\\\/\\\/super-news.info\\\/hu\\\/#\\\/schema\\\/person\\\/2d4068cb2f39cd10008c2fce578a7356\",\"name\":\"super-news\",\"image\":{\"@type\":\"ImageObject\",\"inLanguage\":\"hu\",\"@id\":\"https:\\\/\\\/secure.gravatar.com\\\/avatar\\\/64ebac40b93f26a154f8a9b5b6fdccfc46f442b26b3dd6756dbff3bf9dc76fd7?s=96&d=mm&r=g\",\"url\":\"https:\\\/\\\/secure.gravatar.com\\\/avatar\\\/64ebac40b93f26a154f8a9b5b6fdccfc46f442b26b3dd6756dbff3bf9dc76fd7?s=96&d=mm&r=g\",\"contentUrl\":\"https:\\\/\\\/secure.gravatar.com\\\/avatar\\\/64ebac40b93f26a154f8a9b5b6fdccfc46f442b26b3dd6756dbff3bf9dc76fd7?s=96&d=mm&r=g\",\"caption\":\"super-news\"},\"url\":\"https:\\\/\\\/super-news.info\\\/hu\\\/author\\\/pt\\\/\"}]}<\/script>\n<!-- \/ Yoast SEO plugin. -->","yoast_head_json":{"title":"Magyar diszn\u00f3h\u00fasra v\u00e1gynak a jap\u00e1nok - Super News","robots":{"index":"index","follow":"follow","max-snippet":"max-snippet:-1","max-image-preview":"max-image-preview:large","max-video-preview":"max-video-preview:-1"},"canonical":"https:\/\/super-news.info\/hu\/magyar-disznohusra-vagynak-a-japanok\/","og_locale":"hu_HU","og_type":"article","og_title":"Magyar diszn\u00f3h\u00fasra v\u00e1gynak a jap\u00e1nok - Super News","og_description":"[ad_1] A magyar sert\u00e9sh\u00fas jap\u00e1n sz\u00e1ll\u00edt\u00e1si lehet\u0151s\u00e9geir\u0151l t\u00e1rgyalt Budapesten a jap\u00e1n agr\u00e1rt\u00e1rca \u00e9lelmiszerbiztons\u00e1gi \u00e9s fogyaszt\u00f3v\u00e9delmi hivatal\u00e1nak f\u0151igazgat\u00f3ja \u2013 k\u00f6z\u00f6lte a K\u00fclgazdas\u00e1gi \u00e9s K\u00fcl\u00fcgyminiszt\u00e9rium (KKM) p\u00e9nteken. Magyarorsz\u00e1g \u00e9s Jap\u00e1n fontos kereskedelmi meg\u00e1llapod\u00e1st k\u00f6thet. Arai Yutaka, a jap\u00e1n agr\u00e1rt\u00e1rca \u00e9lelmiszerbiztons\u00e1gi \u00e9s fogyaszt\u00f3v\u00e9delmi hivatal\u00e1nak f\u0151igazgat\u00f3ja ugyanisa KKM k\u00fcls\u0151 piacok fejleszt\u00e9s\u00e9\u00e9rt \u00e9s koordin\u00e1l\u00e1s\u00e1\u00e9rt felel\u0151s miniszteri biztos\u00e1val, Budai Gyul\u00e1val t\u00e1rgyalt. [&hellip;]","og_url":"https:\/\/super-news.info\/hu\/magyar-disznohusra-vagynak-a-japanok\/","og_site_name":"Super News","article_published_time":"2019-07-05T17:04:57+00:00","article_modified_time":"2019-07-05T17:04:58+00:00","og_image":[{"width":1400,"height":932,"url":"https:\/\/super-news.info\/hu\/wp-content\/uploads\/sites\/3\/2019\/07\/Magyar-diszn\u00f3h\u00fasra-v\u00e1gynak-a-jap\u00e1nok.jpg","type":"image\/jpeg"}],"author":"super-news","twitter_card":"summary_large_image","twitter_misc":{"Szerz\u0151:":"super-news","Becs\u00fclt olvas\u00e1si id\u0151":"2 perc"},"schema":{"@context":"https:\/\/schema.org","@graph":[{"@type":"Article","@id":"https:\/\/super-news.info\/hu\/magyar-disznohusra-vagynak-a-japanok\/#article","isPartOf":{"@id":"https:\/\/super-news.info\/hu\/magyar-disznohusra-vagynak-a-japanok\/"},"author":{"name":"super-news","@id":"https:\/\/super-news.info\/hu\/#\/schema\/person\/2d4068cb2f39cd10008c2fce578a7356"},"headline":"Magyar diszn\u00f3h\u00fasra v\u00e1gynak a jap\u00e1nok","datePublished":"2019-07-05T17:04:57+00:00","dateModified":"2019-07-05T17:04:58+00:00","mainEntityOfPage":{"@id":"https:\/\/super-news.info\/hu\/magyar-disznohusra-vagynak-a-japanok\/"},"wordCount":438,"commentCount":0,"image":{"@id":"https:\/\/super-news.info\/hu\/magyar-disznohusra-vagynak-a-japanok\/#primaryimage"},"thumbnailUrl":"https:\/\/super-news.info\/hu\/wp-content\/uploads\/sites\/3\/2019\/07\/Magyar-diszn\u00f3h\u00fasra-v\u00e1gynak-a-jap\u00e1nok.jpg","articleSection":["P\u00c9NZ\u00dcGYI H\u00cdREK"],"inLanguage":"hu","potentialAction":[{"@type":"CommentAction","name":"Comment","target":["https:\/\/super-news.info\/hu\/magyar-disznohusra-vagynak-a-japanok\/#respond"]}]},{"@type":"WebPage","@id":"https:\/\/super-news.info\/hu\/magyar-disznohusra-vagynak-a-japanok\/","url":"https:\/\/super-news.info\/hu\/magyar-disznohusra-vagynak-a-japanok\/","name":"Magyar diszn\u00f3h\u00fasra v\u00e1gynak a jap\u00e1nok - Super News","isPartOf":{"@id":"https:\/\/super-news.info\/hu\/#website"},"primaryImageOfPage":{"@id":"https:\/\/super-news.info\/hu\/magyar-disznohusra-vagynak-a-japanok\/#primaryimage"},"image":{"@id":"https:\/\/super-news.info\/hu\/magyar-disznohusra-vagynak-a-japanok\/#primaryimage"},"thumbnailUrl":"https:\/\/super-news.info\/hu\/wp-content\/uploads\/sites\/3\/2019\/07\/Magyar-diszn\u00f3h\u00fasra-v\u00e1gynak-a-jap\u00e1nok.jpg","datePublished":"2019-07-05T17:04:57+00:00","dateModified":"2019-07-05T17:04:58+00:00","author":{"@id":"https:\/\/super-news.info\/hu\/#\/schema\/person\/2d4068cb2f39cd10008c2fce578a7356"},"breadcrumb":{"@id":"https:\/\/super-news.info\/hu\/magyar-disznohusra-vagynak-a-japanok\/#breadcrumb"},"inLanguage":"hu","potentialAction":[{"@type":"ReadAction","target":["https:\/\/super-news.info\/hu\/magyar-disznohusra-vagynak-a-japanok\/"]}]},{"@type":"ImageObject","inLanguage":"hu","@id":"https:\/\/super-news.info\/hu\/magyar-disznohusra-vagynak-a-japanok\/#primaryimage","url":"https:\/\/super-news.info\/hu\/wp-content\/uploads\/sites\/3\/2019\/07\/Magyar-diszn\u00f3h\u00fasra-v\u00e1gynak-a-jap\u00e1nok.jpg","contentUrl":"https:\/\/super-news.info\/hu\/wp-content\/uploads\/sites\/3\/2019\/07\/Magyar-diszn\u00f3h\u00fasra-v\u00e1gynak-a-jap\u00e1nok.jpg","width":1400,"height":932,"caption":"Magyar diszn\u00f3h\u00fasra v\u00e1gynak a jap\u00e1nok"},{"@type":"BreadcrumbList","@id":"https:\/\/super-news.info\/hu\/magyar-disznohusra-vagynak-a-japanok\/#breadcrumb","itemListElement":[{"@type":"ListItem","position":1,"name":"\u0413\u043b\u0430\u0432\u043d\u0430\u044f \u0441\u0442\u0440\u0430\u043d\u0438\u0446\u0430","item":"https:\/\/super-news.info\/hu\/"},{"@type":"ListItem","position":2,"name":"Magyar diszn\u00f3h\u00fasra v\u00e1gynak a jap\u00e1nok"}]},{"@type":"WebSite","@id":"https:\/\/super-news.info\/hu\/#website","url":"https:\/\/super-news.info\/hu\/","name":"Super News","description":"Super News Magyarorsz\u00e1g","potentialAction":[{"@type":"SearchAction","target":{"@type":"EntryPoint","urlTemplate":"https:\/\/super-news.info\/hu\/?s={search_term_string}"},"query-input":{"@type":"PropertyValueSpecification","valueRequired":true,"valueName":"search_term_string"}}],"inLanguage":"hu"},{"@type":"Person","@id":"https:\/\/super-news.info\/hu\/#\/schema\/person\/2d4068cb2f39cd10008c2fce578a7356","name":"super-news","image":{"@type":"ImageObject","inLanguage":"hu","@id":"https:\/\/secure.gravatar.com\/avatar\/64ebac40b93f26a154f8a9b5b6fdccfc46f442b26b3dd6756dbff3bf9dc76fd7?s=96&d=mm&r=g","url":"https:\/\/secure.gravatar.com\/avatar\/64ebac40b93f26a154f8a9b5b6fdccfc46f442b26b3dd6756dbff3bf9dc76fd7?s=96&d=mm&r=g","contentUrl":"https:\/\/secure.gravatar.com\/avatar\/64ebac40b93f26a154f8a9b5b6fdccfc46f442b26b3dd6756dbff3bf9dc76fd7?s=96&d=mm&r=g","caption":"super-news"},"url":"https:\/\/super-news.info\/hu\/author\/pt\/"}]}},"_links":{"self":[{"href":"https:\/\/super-news.info\/hu\/wp-json\/wp\/v2\/posts\/5469","targetHints":{"allow":["GET"]}}],"collection":[{"href":"https:\/\/super-news.info\/hu\/wp-json\/wp\/v2\/posts"}],"about":[{"href":"https:\/\/super-news.info\/hu\/wp-json\/wp\/v2\/types\/post"}],"author":[{"embeddable":true,"href":"https:\/\/super-news.info\/hu\/wp-json\/wp\/v2\/users\/2"}],"replies":[{"embeddable":true,"href":"https:\/\/super-news.info\/hu\/wp-json\/wp\/v2\/comments?post=5469"}],"version-history":[{"count":1,"href":"https:\/\/super-news.info\/hu\/wp-json\/wp\/v2\/posts\/5469\/revisions"}],"predecessor-version":[{"id":5471,"href":"https:\/\/super-news.info\/hu\/wp-json\/wp\/v2\/posts\/5469\/revisions\/5471"}],"wp:featuredmedia":[{"embeddable":true,"href":"https:\/\/super-news.info\/hu\/wp-json\/wp\/v2\/media\/5470"}],"wp:attachment":[{"href":"https:\/\/super-news.info\/hu\/wp-json\/wp\/v2\/media?parent=5469"}],"wp:term":[{"taxonomy":"category","embeddable":true,"href":"https:\/\/super-news.info\/hu\/wp-json\/wp\/v2\/categories?post=5469"},{"taxonomy":"post_tag","embeddable":true,"href":"https:\/\/super-news.info\/hu\/wp-json\/wp\/v2\/tags?post=5469"}],"curies":[{"name":"wp","href":"https:\/\/api.w.org\/{rel}","templated":true}]}}