{"id":5466,"date":"2019-07-05T19:11:59","date_gmt":"2019-07-05T16:11:59","guid":{"rendered":"https:\/\/super-news.info\/hu\/hatezer-diak-vett-reszt-eddig-az-itthonrol-otthonra-kampanyban\/"},"modified":"2019-07-05T19:12:00","modified_gmt":"2019-07-05T16:12:00","slug":"hatezer-diak-vett-reszt-eddig-az-itthonrol-otthonra-kampanyban","status":"publish","type":"post","link":"https:\/\/super-news.info\/hu\/hatezer-diak-vett-reszt-eddig-az-itthonrol-otthonra-kampanyban\/","title":{"rendered":"Hatezer di\u00e1k vett r\u00e9szt eddig az Itthonr\u00f3l otthonra kamp\u00e1nyban"},"content":{"rendered":"<p> [ad_1]<br \/>\n<\/p>\n<p>\n\t\t\t\t\t\t\t\tA kamp\u00e1ny c\u00e9lja, hogy k\u00f6zelebb vigy\u00e9k a fiatalokat a mez\u0151gazdas\u00e1ghoz, felh\u00edvj\u00e1k a figyelmet az eg\u00e9szs\u00e9ges t\u00e1pl\u00e1lkoz\u00e1sra \u00e9s \u00f6szt\u00f6n\u00f6zz\u00e9k a helyi term\u00e9kek v\u00e1s\u00e1rl\u00e1s\u00e1t.\t\t\t\t\t\t\t<\/p>\n<div>\n<p>Eddig hatezer \u00e1ltal\u00e1nos \u00e9s k\u00f6z\u00e9piskol\u00e1s di\u00e1knak tartottak interakt\u00edv el\u0151ad\u00e1sokat az Itthonr\u00f3l otthonra nev\u0171 kamp\u00e1ny keret\u00e9ben \u2013 k\u00f6z\u00f6lte a Nemzeti Agr\u00e1rgazdas\u00e1gi Kamara (NAK) Zala megyei eln\u00f6ke p\u00e9nteken az M1 aktu\u00e1lis csatorn\u00e1n.<\/p>\n<p>S\u00fcle Katalin azt mondta, a gyerekek \u00e9rdekl\u0151d\u0151ek \u00e9s befogad\u00f3ak, ez\u00e9rt a kamara a k\u00f6vetkez\u0151 tan\u00e9vben is ell\u00e1togat majd az iskol\u00e1kba.<\/p>\n<div id=\"attachment_834239\" style=\"width: 1410px\" class=\"wp-caption alignnone\">\n<p class=\"wp-caption-text\">Fot\u00f3: Imre Gy\u00f6rgy \/ B\u00e9k\u00e9s Megyei H\u00edrlap<\/p>\n<\/div>\n<p>A kamp\u00e1ny c\u00e9lja, hogy k\u00f6zelebb vigy\u00e9k a fiatalokat a mez\u0151gazdas\u00e1ghoz, felh\u00edvj\u00e1k a figyelmet az eg\u00e9szs\u00e9ges t\u00e1pl\u00e1lkoz\u00e1sra \u00e9s \u00f6szt\u00f6n\u00f6zz\u00e9k a helyi term\u00e9kek v\u00e1s\u00e1rl\u00e1s\u00e1t.<\/p>\n<p>Az el\u0151ad\u00e1sokon hangs\u00falyozz\u00e1k t\u00f6bbek k\u00f6z\u00f6tt a napi \u00f6tsz\u00f6ri \u00e9tkez\u00e9s fontoss\u00e1g\u00e1t, a feh\u00e9r \u00e9s v\u00f6r\u00f6s h\u00fasok \u00e9lettani hat\u00e1sait, valamint nemzetk\u00f6zi kamp\u00e1nyokat mutatnak be \u2013 k\u00f6z\u00f6lte.<\/p>\n<p>Hozz\u00e1tette, ny\u00e1ron az \u00f3vod\u00e1sokat sz\u00e1nt\u00f3f\u00f6ldekre, m\u00e9h\u00e9szetekbe, gy\u00fcm\u00f6lcskert\u00e9szetekbe \u00e9s \u00e9lelmiszer-feldolgoz\u00f3 \u00fczemekbe viszik.<\/p>\n<\/p><\/div>\n<p><script>\n    window.fbAsyncInit = function() {\n        FB.init({\n            appId      : \"204760236815359\",\n            xfbml      : true,\n            version    : \"v2.12\"\n        });\n        FB.AppEvents.logPageView();\n    };<\/p>\n<p>    (function(d, s, id){\n        var js, fjs = d.getElementsByTagName(s)[0];\n        if (d.getElementById(id)) {return;}\n        js = d.createElement(s); js.id = id;\n        js.src = \"http:\/\/connect.facebook.net\/hu_HU\/sdk.js\";\n        fjs.parentNode.insertBefore(js, fjs);\n    }(document, \"script\", \"facebook-jssdk\"));\n<\/script><br \/>\n<br \/>[ad_2]<br \/>\n<br \/><a href=\"https:\/\/www.vg.hu\/kozelet\/oktatas\/hatezer-diak-vett-reszt-eddig-az-itthonrol-otthonra-kampanyban-1612835\/\">Source link <\/a><\/p>\n","protected":false},"excerpt":{"rendered":"<p>[ad_1] A kamp\u00e1ny c\u00e9lja, hogy k\u00f6zelebb vigy\u00e9k a fiatalokat a mez\u0151gazdas\u00e1ghoz, felh\u00edvj\u00e1k a figyelmet az eg\u00e9szs\u00e9ges t\u00e1pl\u00e1lkoz\u00e1sra \u00e9s \u00f6szt\u00f6n\u00f6zz\u00e9k a helyi term\u00e9kek v\u00e1s\u00e1rl\u00e1s\u00e1t. Eddig hatezer \u00e1ltal\u00e1nos \u00e9s k\u00f6z\u00e9piskol\u00e1s di\u00e1knak tartottak interakt\u00edv el\u0151ad\u00e1sokat az Itthonr\u00f3l otthonra nev\u0171 kamp\u00e1ny keret\u00e9ben \u2013 k\u00f6z\u00f6lte a Nemzeti Agr\u00e1rgazdas\u00e1gi Kamara (NAK) Zala megyei eln\u00f6ke p\u00e9nteken az M1 aktu\u00e1lis csatorn\u00e1n. S\u00fcle Katalin [&hellip;]<\/p>\n","protected":false},"author":2,"featured_media":5467,"comment_status":"open","ping_status":"open","sticky":false,"template":"","format":"standard","meta":{"footnotes":""},"categories":[1],"tags":[],"class_list":["post-5466","post","type-post","status-publish","format-standard","has-post-thumbnail","hentry","category-penzugyi-hirek"],"yoast_head":"<!-- This site is optimized with the Yoast SEO plugin v27.4 - https:\/\/yoast.com\/product\/yoast-seo-wordpress\/ -->\n<title>Hatezer di\u00e1k vett r\u00e9szt eddig az Itthonr\u00f3l otthonra kamp\u00e1nyban - Super News<\/title>\n<meta name=\"robots\" content=\"index, follow, max-snippet:-1, max-image-preview:large, max-video-preview:-1\" \/>\n<link rel=\"canonical\" href=\"https:\/\/super-news.info\/hu\/hatezer-diak-vett-reszt-eddig-az-itthonrol-otthonra-kampanyban\/\" \/>\n<meta property=\"og:locale\" content=\"hu_HU\" \/>\n<meta property=\"og:type\" content=\"article\" \/>\n<meta property=\"og:title\" content=\"Hatezer di\u00e1k vett r\u00e9szt eddig az Itthonr\u00f3l otthonra kamp\u00e1nyban - Super News\" \/>\n<meta property=\"og:description\" content=\"[ad_1] A kamp\u00e1ny c\u00e9lja, hogy k\u00f6zelebb vigy\u00e9k a fiatalokat a mez\u0151gazdas\u00e1ghoz, felh\u00edvj\u00e1k a figyelmet az eg\u00e9szs\u00e9ges t\u00e1pl\u00e1lkoz\u00e1sra \u00e9s \u00f6szt\u00f6n\u00f6zz\u00e9k a helyi term\u00e9kek v\u00e1s\u00e1rl\u00e1s\u00e1t. Eddig hatezer \u00e1ltal\u00e1nos \u00e9s k\u00f6z\u00e9piskol\u00e1s di\u00e1knak tartottak interakt\u00edv el\u0151ad\u00e1sokat az Itthonr\u00f3l otthonra nev\u0171 kamp\u00e1ny keret\u00e9ben \u2013 k\u00f6z\u00f6lte a Nemzeti Agr\u00e1rgazdas\u00e1gi Kamara (NAK) Zala megyei eln\u00f6ke p\u00e9nteken az M1 aktu\u00e1lis csatorn\u00e1n. S\u00fcle Katalin [&hellip;]\" \/>\n<meta property=\"og:url\" content=\"https:\/\/super-news.info\/hu\/hatezer-diak-vett-reszt-eddig-az-itthonrol-otthonra-kampanyban\/\" \/>\n<meta property=\"og:site_name\" content=\"Super News\" \/>\n<meta property=\"article:published_time\" content=\"2019-07-05T16:11:59+00:00\" \/>\n<meta property=\"article:modified_time\" content=\"2019-07-05T16:12:00+00:00\" \/>\n<meta property=\"og:image\" content=\"https:\/\/super-news.info\/hu\/wp-content\/uploads\/sites\/3\/2019\/07\/Hatezer-di\u00e1k-vett-r\u00e9szt-eddig-az-Itthonr\u00f3l-otthonra-kamp\u00e1nyban.jpg\" \/>\n\t<meta property=\"og:image:width\" content=\"1400\" \/>\n\t<meta property=\"og:image:height\" content=\"930\" \/>\n\t<meta property=\"og:image:type\" content=\"image\/jpeg\" \/>\n<meta name=\"author\" content=\"super-news\" \/>\n<meta name=\"twitter:card\" content=\"summary_large_image\" \/>\n<meta name=\"twitter:label1\" content=\"Szerz\u0151:\" \/>\n\t<meta name=\"twitter:data1\" content=\"super-news\" \/>\n\t<meta name=\"twitter:label2\" content=\"Becs\u00fclt olvas\u00e1si id\u0151\" \/>\n\t<meta name=\"twitter:data2\" content=\"1 perc\" \/>\n<script type=\"application\/ld+json\" class=\"yoast-schema-graph\">{\"@context\":\"https:\\\/\\\/schema.org\",\"@graph\":[{\"@type\":\"Article\",\"@id\":\"https:\\\/\\\/super-news.info\\\/hu\\\/hatezer-diak-vett-reszt-eddig-az-itthonrol-otthonra-kampanyban\\\/#article\",\"isPartOf\":{\"@id\":\"https:\\\/\\\/super-news.info\\\/hu\\\/hatezer-diak-vett-reszt-eddig-az-itthonrol-otthonra-kampanyban\\\/\"},\"author\":{\"name\":\"super-news\",\"@id\":\"https:\\\/\\\/super-news.info\\\/hu\\\/#\\\/schema\\\/person\\\/2d4068cb2f39cd10008c2fce578a7356\"},\"headline\":\"Hatezer di\u00e1k vett r\u00e9szt eddig az Itthonr\u00f3l otthonra kamp\u00e1nyban\",\"datePublished\":\"2019-07-05T16:11:59+00:00\",\"dateModified\":\"2019-07-05T16:12:00+00:00\",\"mainEntityOfPage\":{\"@id\":\"https:\\\/\\\/super-news.info\\\/hu\\\/hatezer-diak-vett-reszt-eddig-az-itthonrol-otthonra-kampanyban\\\/\"},\"wordCount\":255,\"commentCount\":0,\"image\":{\"@id\":\"https:\\\/\\\/super-news.info\\\/hu\\\/hatezer-diak-vett-reszt-eddig-az-itthonrol-otthonra-kampanyban\\\/#primaryimage\"},\"thumbnailUrl\":\"https:\\\/\\\/super-news.info\\\/hu\\\/wp-content\\\/uploads\\\/sites\\\/3\\\/2019\\\/07\\\/Hatezer-di\u00e1k-vett-r\u00e9szt-eddig-az-Itthonr\u00f3l-otthonra-kamp\u00e1nyban.jpg\",\"articleSection\":[\"P\u00c9NZ\u00dcGYI H\u00cdREK\"],\"inLanguage\":\"hu\",\"potentialAction\":[{\"@type\":\"CommentAction\",\"name\":\"Comment\",\"target\":[\"https:\\\/\\\/super-news.info\\\/hu\\\/hatezer-diak-vett-reszt-eddig-az-itthonrol-otthonra-kampanyban\\\/#respond\"]}]},{\"@type\":\"WebPage\",\"@id\":\"https:\\\/\\\/super-news.info\\\/hu\\\/hatezer-diak-vett-reszt-eddig-az-itthonrol-otthonra-kampanyban\\\/\",\"url\":\"https:\\\/\\\/super-news.info\\\/hu\\\/hatezer-diak-vett-reszt-eddig-az-itthonrol-otthonra-kampanyban\\\/\",\"name\":\"Hatezer di\u00e1k vett r\u00e9szt eddig az Itthonr\u00f3l otthonra kamp\u00e1nyban - Super News\",\"isPartOf\":{\"@id\":\"https:\\\/\\\/super-news.info\\\/hu\\\/#website\"},\"primaryImageOfPage\":{\"@id\":\"https:\\\/\\\/super-news.info\\\/hu\\\/hatezer-diak-vett-reszt-eddig-az-itthonrol-otthonra-kampanyban\\\/#primaryimage\"},\"image\":{\"@id\":\"https:\\\/\\\/super-news.info\\\/hu\\\/hatezer-diak-vett-reszt-eddig-az-itthonrol-otthonra-kampanyban\\\/#primaryimage\"},\"thumbnailUrl\":\"https:\\\/\\\/super-news.info\\\/hu\\\/wp-content\\\/uploads\\\/sites\\\/3\\\/2019\\\/07\\\/Hatezer-di\u00e1k-vett-r\u00e9szt-eddig-az-Itthonr\u00f3l-otthonra-kamp\u00e1nyban.jpg\",\"datePublished\":\"2019-07-05T16:11:59+00:00\",\"dateModified\":\"2019-07-05T16:12:00+00:00\",\"author\":{\"@id\":\"https:\\\/\\\/super-news.info\\\/hu\\\/#\\\/schema\\\/person\\\/2d4068cb2f39cd10008c2fce578a7356\"},\"breadcrumb\":{\"@id\":\"https:\\\/\\\/super-news.info\\\/hu\\\/hatezer-diak-vett-reszt-eddig-az-itthonrol-otthonra-kampanyban\\\/#breadcrumb\"},\"inLanguage\":\"hu\",\"potentialAction\":[{\"@type\":\"ReadAction\",\"target\":[\"https:\\\/\\\/super-news.info\\\/hu\\\/hatezer-diak-vett-reszt-eddig-az-itthonrol-otthonra-kampanyban\\\/\"]}]},{\"@type\":\"ImageObject\",\"inLanguage\":\"hu\",\"@id\":\"https:\\\/\\\/super-news.info\\\/hu\\\/hatezer-diak-vett-reszt-eddig-az-itthonrol-otthonra-kampanyban\\\/#primaryimage\",\"url\":\"https:\\\/\\\/super-news.info\\\/hu\\\/wp-content\\\/uploads\\\/sites\\\/3\\\/2019\\\/07\\\/Hatezer-di\u00e1k-vett-r\u00e9szt-eddig-az-Itthonr\u00f3l-otthonra-kamp\u00e1nyban.jpg\",\"contentUrl\":\"https:\\\/\\\/super-news.info\\\/hu\\\/wp-content\\\/uploads\\\/sites\\\/3\\\/2019\\\/07\\\/Hatezer-di\u00e1k-vett-r\u00e9szt-eddig-az-Itthonr\u00f3l-otthonra-kamp\u00e1nyban.jpg\",\"width\":1400,\"height\":930,\"caption\":\"Hatezer di\u00e1k vett r\u00e9szt eddig az Itthonr\u00f3l otthonra kamp\u00e1nyban\"},{\"@type\":\"BreadcrumbList\",\"@id\":\"https:\\\/\\\/super-news.info\\\/hu\\\/hatezer-diak-vett-reszt-eddig-az-itthonrol-otthonra-kampanyban\\\/#breadcrumb\",\"itemListElement\":[{\"@type\":\"ListItem\",\"position\":1,\"name\":\"\u0413\u043b\u0430\u0432\u043d\u0430\u044f \u0441\u0442\u0440\u0430\u043d\u0438\u0446\u0430\",\"item\":\"https:\\\/\\\/super-news.info\\\/hu\\\/\"},{\"@type\":\"ListItem\",\"position\":2,\"name\":\"Hatezer di\u00e1k vett r\u00e9szt eddig az Itthonr\u00f3l otthonra kamp\u00e1nyban\"}]},{\"@type\":\"WebSite\",\"@id\":\"https:\\\/\\\/super-news.info\\\/hu\\\/#website\",\"url\":\"https:\\\/\\\/super-news.info\\\/hu\\\/\",\"name\":\"Super News\",\"description\":\"Super News Magyarorsz\u00e1g\",\"potentialAction\":[{\"@type\":\"SearchAction\",\"target\":{\"@type\":\"EntryPoint\",\"urlTemplate\":\"https:\\\/\\\/super-news.info\\\/hu\\\/?s={search_term_string}\"},\"query-input\":{\"@type\":\"PropertyValueSpecification\",\"valueRequired\":true,\"valueName\":\"search_term_string\"}}],\"inLanguage\":\"hu\"},{\"@type\":\"Person\",\"@id\":\"https:\\\/\\\/super-news.info\\\/hu\\\/#\\\/schema\\\/person\\\/2d4068cb2f39cd10008c2fce578a7356\",\"name\":\"super-news\",\"image\":{\"@type\":\"ImageObject\",\"inLanguage\":\"hu\",\"@id\":\"https:\\\/\\\/secure.gravatar.com\\\/avatar\\\/64ebac40b93f26a154f8a9b5b6fdccfc46f442b26b3dd6756dbff3bf9dc76fd7?s=96&d=mm&r=g\",\"url\":\"https:\\\/\\\/secure.gravatar.com\\\/avatar\\\/64ebac40b93f26a154f8a9b5b6fdccfc46f442b26b3dd6756dbff3bf9dc76fd7?s=96&d=mm&r=g\",\"contentUrl\":\"https:\\\/\\\/secure.gravatar.com\\\/avatar\\\/64ebac40b93f26a154f8a9b5b6fdccfc46f442b26b3dd6756dbff3bf9dc76fd7?s=96&d=mm&r=g\",\"caption\":\"super-news\"},\"url\":\"https:\\\/\\\/super-news.info\\\/hu\\\/author\\\/pt\\\/\"}]}<\/script>\n<!-- \/ Yoast SEO plugin. -->","yoast_head_json":{"title":"Hatezer di\u00e1k vett r\u00e9szt eddig az Itthonr\u00f3l otthonra kamp\u00e1nyban - Super News","robots":{"index":"index","follow":"follow","max-snippet":"max-snippet:-1","max-image-preview":"max-image-preview:large","max-video-preview":"max-video-preview:-1"},"canonical":"https:\/\/super-news.info\/hu\/hatezer-diak-vett-reszt-eddig-az-itthonrol-otthonra-kampanyban\/","og_locale":"hu_HU","og_type":"article","og_title":"Hatezer di\u00e1k vett r\u00e9szt eddig az Itthonr\u00f3l otthonra kamp\u00e1nyban - Super News","og_description":"[ad_1] A kamp\u00e1ny c\u00e9lja, hogy k\u00f6zelebb vigy\u00e9k a fiatalokat a mez\u0151gazdas\u00e1ghoz, felh\u00edvj\u00e1k a figyelmet az eg\u00e9szs\u00e9ges t\u00e1pl\u00e1lkoz\u00e1sra \u00e9s \u00f6szt\u00f6n\u00f6zz\u00e9k a helyi term\u00e9kek v\u00e1s\u00e1rl\u00e1s\u00e1t. Eddig hatezer \u00e1ltal\u00e1nos \u00e9s k\u00f6z\u00e9piskol\u00e1s di\u00e1knak tartottak interakt\u00edv el\u0151ad\u00e1sokat az Itthonr\u00f3l otthonra nev\u0171 kamp\u00e1ny keret\u00e9ben \u2013 k\u00f6z\u00f6lte a Nemzeti Agr\u00e1rgazdas\u00e1gi Kamara (NAK) Zala megyei eln\u00f6ke p\u00e9nteken az M1 aktu\u00e1lis csatorn\u00e1n. S\u00fcle Katalin [&hellip;]","og_url":"https:\/\/super-news.info\/hu\/hatezer-diak-vett-reszt-eddig-az-itthonrol-otthonra-kampanyban\/","og_site_name":"Super News","article_published_time":"2019-07-05T16:11:59+00:00","article_modified_time":"2019-07-05T16:12:00+00:00","og_image":[{"width":1400,"height":930,"url":"https:\/\/super-news.info\/hu\/wp-content\/uploads\/sites\/3\/2019\/07\/Hatezer-di\u00e1k-vett-r\u00e9szt-eddig-az-Itthonr\u00f3l-otthonra-kamp\u00e1nyban.jpg","type":"image\/jpeg"}],"author":"super-news","twitter_card":"summary_large_image","twitter_misc":{"Szerz\u0151:":"super-news","Becs\u00fclt olvas\u00e1si id\u0151":"1 perc"},"schema":{"@context":"https:\/\/schema.org","@graph":[{"@type":"Article","@id":"https:\/\/super-news.info\/hu\/hatezer-diak-vett-reszt-eddig-az-itthonrol-otthonra-kampanyban\/#article","isPartOf":{"@id":"https:\/\/super-news.info\/hu\/hatezer-diak-vett-reszt-eddig-az-itthonrol-otthonra-kampanyban\/"},"author":{"name":"super-news","@id":"https:\/\/super-news.info\/hu\/#\/schema\/person\/2d4068cb2f39cd10008c2fce578a7356"},"headline":"Hatezer di\u00e1k vett r\u00e9szt eddig az Itthonr\u00f3l otthonra kamp\u00e1nyban","datePublished":"2019-07-05T16:11:59+00:00","dateModified":"2019-07-05T16:12:00+00:00","mainEntityOfPage":{"@id":"https:\/\/super-news.info\/hu\/hatezer-diak-vett-reszt-eddig-az-itthonrol-otthonra-kampanyban\/"},"wordCount":255,"commentCount":0,"image":{"@id":"https:\/\/super-news.info\/hu\/hatezer-diak-vett-reszt-eddig-az-itthonrol-otthonra-kampanyban\/#primaryimage"},"thumbnailUrl":"https:\/\/super-news.info\/hu\/wp-content\/uploads\/sites\/3\/2019\/07\/Hatezer-di\u00e1k-vett-r\u00e9szt-eddig-az-Itthonr\u00f3l-otthonra-kamp\u00e1nyban.jpg","articleSection":["P\u00c9NZ\u00dcGYI H\u00cdREK"],"inLanguage":"hu","potentialAction":[{"@type":"CommentAction","name":"Comment","target":["https:\/\/super-news.info\/hu\/hatezer-diak-vett-reszt-eddig-az-itthonrol-otthonra-kampanyban\/#respond"]}]},{"@type":"WebPage","@id":"https:\/\/super-news.info\/hu\/hatezer-diak-vett-reszt-eddig-az-itthonrol-otthonra-kampanyban\/","url":"https:\/\/super-news.info\/hu\/hatezer-diak-vett-reszt-eddig-az-itthonrol-otthonra-kampanyban\/","name":"Hatezer di\u00e1k vett r\u00e9szt eddig az Itthonr\u00f3l otthonra kamp\u00e1nyban - Super News","isPartOf":{"@id":"https:\/\/super-news.info\/hu\/#website"},"primaryImageOfPage":{"@id":"https:\/\/super-news.info\/hu\/hatezer-diak-vett-reszt-eddig-az-itthonrol-otthonra-kampanyban\/#primaryimage"},"image":{"@id":"https:\/\/super-news.info\/hu\/hatezer-diak-vett-reszt-eddig-az-itthonrol-otthonra-kampanyban\/#primaryimage"},"thumbnailUrl":"https:\/\/super-news.info\/hu\/wp-content\/uploads\/sites\/3\/2019\/07\/Hatezer-di\u00e1k-vett-r\u00e9szt-eddig-az-Itthonr\u00f3l-otthonra-kamp\u00e1nyban.jpg","datePublished":"2019-07-05T16:11:59+00:00","dateModified":"2019-07-05T16:12:00+00:00","author":{"@id":"https:\/\/super-news.info\/hu\/#\/schema\/person\/2d4068cb2f39cd10008c2fce578a7356"},"breadcrumb":{"@id":"https:\/\/super-news.info\/hu\/hatezer-diak-vett-reszt-eddig-az-itthonrol-otthonra-kampanyban\/#breadcrumb"},"inLanguage":"hu","potentialAction":[{"@type":"ReadAction","target":["https:\/\/super-news.info\/hu\/hatezer-diak-vett-reszt-eddig-az-itthonrol-otthonra-kampanyban\/"]}]},{"@type":"ImageObject","inLanguage":"hu","@id":"https:\/\/super-news.info\/hu\/hatezer-diak-vett-reszt-eddig-az-itthonrol-otthonra-kampanyban\/#primaryimage","url":"https:\/\/super-news.info\/hu\/wp-content\/uploads\/sites\/3\/2019\/07\/Hatezer-di\u00e1k-vett-r\u00e9szt-eddig-az-Itthonr\u00f3l-otthonra-kamp\u00e1nyban.jpg","contentUrl":"https:\/\/super-news.info\/hu\/wp-content\/uploads\/sites\/3\/2019\/07\/Hatezer-di\u00e1k-vett-r\u00e9szt-eddig-az-Itthonr\u00f3l-otthonra-kamp\u00e1nyban.jpg","width":1400,"height":930,"caption":"Hatezer di\u00e1k vett r\u00e9szt eddig az Itthonr\u00f3l otthonra kamp\u00e1nyban"},{"@type":"BreadcrumbList","@id":"https:\/\/super-news.info\/hu\/hatezer-diak-vett-reszt-eddig-az-itthonrol-otthonra-kampanyban\/#breadcrumb","itemListElement":[{"@type":"ListItem","position":1,"name":"\u0413\u043b\u0430\u0432\u043d\u0430\u044f \u0441\u0442\u0440\u0430\u043d\u0438\u0446\u0430","item":"https:\/\/super-news.info\/hu\/"},{"@type":"ListItem","position":2,"name":"Hatezer di\u00e1k vett r\u00e9szt eddig az Itthonr\u00f3l otthonra kamp\u00e1nyban"}]},{"@type":"WebSite","@id":"https:\/\/super-news.info\/hu\/#website","url":"https:\/\/super-news.info\/hu\/","name":"Super News","description":"Super News Magyarorsz\u00e1g","potentialAction":[{"@type":"SearchAction","target":{"@type":"EntryPoint","urlTemplate":"https:\/\/super-news.info\/hu\/?s={search_term_string}"},"query-input":{"@type":"PropertyValueSpecification","valueRequired":true,"valueName":"search_term_string"}}],"inLanguage":"hu"},{"@type":"Person","@id":"https:\/\/super-news.info\/hu\/#\/schema\/person\/2d4068cb2f39cd10008c2fce578a7356","name":"super-news","image":{"@type":"ImageObject","inLanguage":"hu","@id":"https:\/\/secure.gravatar.com\/avatar\/64ebac40b93f26a154f8a9b5b6fdccfc46f442b26b3dd6756dbff3bf9dc76fd7?s=96&d=mm&r=g","url":"https:\/\/secure.gravatar.com\/avatar\/64ebac40b93f26a154f8a9b5b6fdccfc46f442b26b3dd6756dbff3bf9dc76fd7?s=96&d=mm&r=g","contentUrl":"https:\/\/secure.gravatar.com\/avatar\/64ebac40b93f26a154f8a9b5b6fdccfc46f442b26b3dd6756dbff3bf9dc76fd7?s=96&d=mm&r=g","caption":"super-news"},"url":"https:\/\/super-news.info\/hu\/author\/pt\/"}]}},"_links":{"self":[{"href":"https:\/\/super-news.info\/hu\/wp-json\/wp\/v2\/posts\/5466","targetHints":{"allow":["GET"]}}],"collection":[{"href":"https:\/\/super-news.info\/hu\/wp-json\/wp\/v2\/posts"}],"about":[{"href":"https:\/\/super-news.info\/hu\/wp-json\/wp\/v2\/types\/post"}],"author":[{"embeddable":true,"href":"https:\/\/super-news.info\/hu\/wp-json\/wp\/v2\/users\/2"}],"replies":[{"embeddable":true,"href":"https:\/\/super-news.info\/hu\/wp-json\/wp\/v2\/comments?post=5466"}],"version-history":[{"count":1,"href":"https:\/\/super-news.info\/hu\/wp-json\/wp\/v2\/posts\/5466\/revisions"}],"predecessor-version":[{"id":5468,"href":"https:\/\/super-news.info\/hu\/wp-json\/wp\/v2\/posts\/5466\/revisions\/5468"}],"wp:featuredmedia":[{"embeddable":true,"href":"https:\/\/super-news.info\/hu\/wp-json\/wp\/v2\/media\/5467"}],"wp:attachment":[{"href":"https:\/\/super-news.info\/hu\/wp-json\/wp\/v2\/media?parent=5466"}],"wp:term":[{"taxonomy":"category","embeddable":true,"href":"https:\/\/super-news.info\/hu\/wp-json\/wp\/v2\/categories?post=5466"},{"taxonomy":"post_tag","embeddable":true,"href":"https:\/\/super-news.info\/hu\/wp-json\/wp\/v2\/tags?post=5466"}],"curies":[{"name":"wp","href":"https:\/\/api.w.org\/{rel}","templated":true}]}}