{"id":5464,"date":"2019-07-05T18:11:59","date_gmt":"2019-07-05T15:11:59","guid":{"rendered":"https:\/\/super-news.info\/hu\/a-britek-tovabbra-is-a-kilepesukon-vitatkoznak\/"},"modified":"2019-07-05T18:12:00","modified_gmt":"2019-07-05T15:12:00","slug":"a-britek-tovabbra-is-a-kilepesukon-vitatkoznak","status":"publish","type":"post","link":"https:\/\/super-news.info\/hu\/a-britek-tovabbra-is-a-kilepesukon-vitatkoznak\/","title":{"rendered":"A britek tov\u00e1bbra is a kil\u00e9p\u00e9s\u00fck\u00f6n vitatkoznak"},"content":{"rendered":"<p> [ad_1]<br \/>\n<\/p>\n<p>\n\t\t\t\t\t\t\t\tA volt brit k\u00fcl\u00fcgyminiszter szerint Nagy-Britannia m\u00e1r a Brexit eredeti hat\u00e1rnapj\u00e1n k\u00e9szen \u00e1llt arra, hogy meg\u00e1llapod\u00e1s n\u00e9lk\u00fcl kil\u00e9pjen az EU-b\u00f3l, de Theresa May korm\u00e1ny\u00e1nak \u201eidegei felmondt\u00e1k a szolg\u00e1latot\u201d.\t\t\t\t\t\t\t<\/p>\n<div>\n<p>Boris Johnson volt brit k\u00fcl\u00fcgyminiszter szerint Nagy-Britannia felk\u00e9sz\u00fclt arra, hogy az EU-tags\u00e1g megsz\u0171n\u00e9s\u00e9nek (Brexit) felt\u00e9telrendszer\u00e9t r\u00f6gz\u00edt\u0151 meg\u00e1llapod\u00e1s n\u00e9lk\u00fcl l\u00e9pjen ki az Eur\u00f3pai Uni\u00f3b\u00f3l. Philip Hammond p\u00e9nz\u00fcgyminiszter azonban a BBC r\u00e1di\u00f3nak nyilatkozva p\u00e9nteken kijelentette:<\/p>\n<p>a rendezetlen kil\u00e9p\u00e9s tart\u00f3s k\u00e1rokat okozna a brit gazdas\u00e1gnak.<\/p>\n<p>Kijelent\u00e9s\u00e9hez hozz\u00e1tette, a korm\u00e1nyz\u00f3 brit Konzervat\u00edv P\u00e1rt vezet\u0151i tiszts\u00e9g\u00e9re p\u00e1ly\u00e1z\u00f3 k\u00e9t politikus egyik\u00e9nek korm\u00e1ny\u00e1ban sem v\u00e1llalna szerepet, mivel egyik\u00fck sem z\u00e1rja ki a meg\u00e1llapod\u00e1s n\u00e9lk\u00fcli Brexit lehet\u0151s\u00e9g\u00e9t.<\/p>\n<div id=\"attachment_1457203\" style=\"width: 1410px\" class=\"wp-caption aligncenter\">\n<p class=\"wp-caption-text\">Fot\u00f3: MTI\/AP\/Kirsty Wigglesworth<\/p>\n<\/div>\n<p>A p\u00e1rtvezet\u0151i poszt\u00e9rt Boris Johnson \u00e9s Jeremy Hunt jelenlegi k\u00fcl\u00fcgyminiszter verseng. A 160 ezer f\u0151s p\u00e1rttags\u00e1g a k\u00f6vetkez\u0151 h\u00e1rom h\u00e9tben v\u00e1lasztja meg k\u00f6z\u00fcl\u00fck a Konzervat\u00edv P\u00e1rt \u00faj vezet\u0151j\u00e9t, aki a k\u00f6vetkez\u0151 brit minisztereln\u00f6k is lesz a t\u00e1voz\u00f3 Theresa May ut\u00f3djak\u00e9nt.<\/p>\n<p>Az ut\u00f3d nev\u00e9t j\u00falius 23-\u00e1n hozz\u00e1k nyilv\u00e1noss\u00e1gra, a form\u00e1lis v\u00e1lt\u00e1s v\u00e1rhat\u00f3an 24-\u00e9n zajlik le.<\/p>\n<p>Johnson a The Spectator c\u00edm\u0171 konzervat\u00edv brit foly\u00f3irat szombaton megjelen\u0151 kiad\u00e1s\u00e1nak adott \u2013 r\u00e9szleteiben p\u00e9nteken ismertetett \u2013 interj\u00faban kijelentette: Nagy-Britannia m\u00e1r a Brexit eredeti hat\u00e1rnapj\u00e1n, m\u00e1rcius 29-\u00e9n is k\u00e9szen \u00e1llt arra, hogy meg\u00e1llapod\u00e1s n\u00e9lk\u00fcl kil\u00e9pjen az EU-b\u00f3l, de Theresa May korm\u00e1ny\u00e1nak \u201eidegei felmondt\u00e1k a szolg\u00e1latot\u201d.<\/p>\n<p>A kil\u00e9p\u00e9s felt\u00e9telrendszer\u00e9t r\u00f6gz\u00edt\u0151, az Eur\u00f3pai Uni\u00f3val novemberben el\u00e9rt meg\u00e1llapod\u00e1st a londoni als\u00f3h\u00e1z h\u00e1romszor visszautas\u00edtotta. Ennek nyom\u00e1n Theresa May minisztereln\u00f6k k\u00e9tszer is kezdem\u00e9nyezte az EU-n\u00e1l a kil\u00e9p\u00e9s elhalaszt\u00e1s\u00e1t; a jelenlegi halad\u00e9k okt\u00f3ber 31-ig terjedhet. May mindenekel\u0151tt a Brexit-meg\u00e1llapod\u00e1s sorozatos parlamenti visszautas\u00edt\u00e1sai miatt d\u00f6nt\u00f6tt \u00fagy, hogy t\u00e1vozik a Konzervat\u00edv P\u00e1rt \u00e9s a korm\u00e1ny \u00e9l\u00e9r\u0151l.<\/p>\n<div id=\"attachment_1566356\" style=\"width: 1410px\" class=\"wp-caption aligncenter\"><img loading=\"lazy\" decoding=\"async\" class=\"size-full wp-image-1566356\" src=\"https:\/\/super-news.info\/hu\/wp-content\/uploads\/sites\/3\/2019\/06\/Brexit-nem-cel-a-rendezetlen-kilepes.jpg\" alt=\"\" width=\"1400\" height=\"933\"  \/><\/p>\n<p class=\"wp-caption-text\">Boris Johnson szerint a britek fel voltak k\u00e9sz\u00fclve m\u00e1rciusban is a kil\u00e9p\u00e9sre<br \/>Fot\u00f3: AFP<\/p>\n<\/div>\n<p>Boris Johnson a The Spectatornak adott interj\u00faban azonban kijelentette: az emberek fel voltak k\u00e9sz\u00fclve m\u00e1rciusban is a kil\u00e9p\u00e9sre, \u201ea g\u00e9pezet is k\u00e9szen \u00e1llt erre\u201d, de v\u00e9g\u00fcl \u201eaz eg\u00e9szet lef\u00fajt\u00e1k\u201d, \u00e9s ennek k\u00f6vetkezm\u00e9nyek\u00e9nt a felk\u00e9sz\u00fclts\u00e9g foka is romlott. Hangs\u00falyozta:<\/p>\n<p>ha minisztereln\u00f6kk\u00e9 v\u00e1lasztj\u00e1k, ezt a hib\u00e1t \u0151 nem fogja elk\u00f6vetni.<\/p>\n<p>Lesz\u00f6gezte, hogy \u0151 sem akar felfordul\u00e1st okoz\u00f3, rendezetlen Brexitet, de meggy\u0151z\u0151d\u00e9se, hogy Nagy-Britanni\u00e1nak erre az eshet\u0151s\u00e9ge is k\u00e9szen kell \u00e1llnia. Hozz\u00e1tette: a Brexit halaszt\u00e1s\u00e1val a korm\u00e1ny a megosztotts\u00e1got nem orvosolta, hanem m\u00e9g tov\u00e1bb m\u00e9ly\u00edtette, mivel a vit\u00e1k m\u00e9g intenz\u00edvebb\u00e9 v\u00e1ltak.<\/p>\n<p>Boris Johnson a vezet\u0151v\u00e1laszt\u00e1si kamp\u00e1ny kezdete \u00f3ta t\u00f6bbsz\u00f6r is kijelentette, hogy ha \u0151 lesz a Konzervat\u00edv P\u00e1rt \u00faj vezet\u0151je \u00e9s \u00edgy az \u00faj brit minisztereln\u00f6k, Nagy-Britannia a Brexit okt\u00f3ber 31-i hat\u00e1rnapj\u00e1n mindenk\u00e9ppen kil\u00e9p az Eur\u00f3pai Uni\u00f3b\u00f3l, ak\u00e1r lesz addig elfogadott Brexit-meg\u00e1llapod\u00e1s, ak\u00e1r nem.<\/p>\n<p>Versenyt\u00e1rsa, Jeremy Hunt a kamp\u00e1nyban tett nyilatkozataiban \u00fagy fogalmazott, hogy ha semmi es\u00e9ly nem mutatkozik a Brexit-meg\u00e1llapod\u00e1s \u00fajrat\u00e1rgyal\u00e1s\u00e1ra okt\u00f3ber 31-ig, akkor \u201eneh\u00e9z sz\u00edvvel ugyan\u201d, de \u0151 is k\u00e9sz lenne meg\u00e1llapod\u00e1s n\u00e9lk\u00fcl kivezetni Nagy-Britanni\u00e1t az EU-b\u00f3l.<\/p>\n<div id=\"attachment_739415\" style=\"width: 1403px\" class=\"wp-caption aligncenter\"><img loading=\"lazy\" decoding=\"async\" class=\"wp-image-739415 size-full\" src=\"https:\/\/super-news.info\/hu\/wp-content\/uploads\/sites\/3\/2019\/07\/A-britek-tovabbra-is-a-kilepesukon-vitatkoznak.jpg\" alt=\"\" width=\"1393\" height=\"784\"  \/><\/p>\n<p class=\"wp-caption-text\">Philip Hammond brit p\u00e9nz\u00fcgyminiszer szerint meg\u00e1llapod\u00e1s n\u00e9lk\u00fcli Brexit eset\u00e9n a brit export\u0151r\u00f6knek olyan v\u00e1melj\u00e1r\u00e1sokkal kellene szembes\u00fclni\u00fck, amilyenekkel m\u00e9g soha nem volt dolguk<br \/>Fot\u00f3: AFP<\/p>\n<\/div>\n<p>Philip Hammond ugyanakkor a BBC r\u00e1di\u00f3nak nyilatkozva p\u00e9nteken kijelentette: meg\u00e1llapod\u00e1s n\u00e9lk\u00fcli Brexit eset\u00e9n a brit export\u0151r\u00f6knek hirtelen olyan v\u00e1melj\u00e1r\u00e1sokkal kellene szembes\u00fclni\u00fck, amilyenekkel m\u00e9g soha nem volt dolguk, az aut\u00f3ipart\u00f3l a mez\u0151gazdas\u00e1gi term\u00e9kekig minden \u00e1rucikk uni\u00f3s kereskedelm\u00e9re jelent\u0151s v\u00e1mterhek nehezedn\u00e9nek.<\/p>\n<blockquote>\n<p>Mindemellett devizapiaci reakci\u00f3 is v\u00e1rhat\u00f3, \u00e9s ez az import dr\u00e1gul\u00e1sa miatt az infl\u00e1ci\u00f3ra is hatna<\/p>\n<\/blockquote>\n<p>\u2013 mondta a brit p\u00e9nz\u00fcgyminiszter. Kifejtette, hogy a rendezetlen Brexit eset\u00e9n a brit p\u00e9nz\u00fcgyi szolg\u00e1ltat\u00e1si szektor is piacokt\u00f3l esne el, \u00e9s mivel ez az \u00e1gazat a brit k\u00f6lts\u00e9gvet\u00e9s legnagyobb egyedi ad\u00f3befizet\u0151je, ennek komoly hat\u00e1sa lenne az \u00e1llamh\u00e1ztart\u00e1sra. Szerinte mindez m\u00e1r r\u00f6vid t\u00e1von gazdas\u00e1gi sokkot okozna, hosszabb t\u00e1von pedig a brit gazdas\u00e1g teljes\u00edtm\u00e9nye \u00e1lland\u00f3sult jelleggel kisebb lenne az egy\u00e9bk\u00e9nt el\u00e9rhet\u0151n\u00e9l.<\/p>\n<p>A p\u00e9nz\u00fcgyminiszter szerint a londoni als\u00f3h\u00e1z \u201emeg fogja tal\u00e1lni a m\u00f3dj\u00e1t\u201d a meg\u00e1llapod\u00e1s n\u00e9lk\u00fcli Brexit megakad\u00e1lyoz\u00e1s\u00e1nak.<\/p>\n<\/p><\/div>\n<p><script>\n    window.fbAsyncInit = function() {\n        FB.init({\n            appId      : \"204760236815359\",\n            xfbml      : true,\n            version    : \"v2.12\"\n        });\n        FB.AppEvents.logPageView();\n    };<\/p>\n<p>    (function(d, s, id){\n        var js, fjs = d.getElementsByTagName(s)[0];\n        if (d.getElementById(id)) {return;}\n        js = d.createElement(s); js.id = id;\n        js.src = \"http:\/\/connect.facebook.net\/hu_HU\/sdk.js\";\n        fjs.parentNode.insertBefore(js, fjs);\n    }(document, \"script\", \"facebook-jssdk\"));\n<\/script><br \/>\n<br \/>[ad_2]<br \/>\n<br \/><a href=\"https:\/\/www.vg.hu\/kozelet\/politika\/a-britek-tovabbra-is-a-kilepesukon-vitatkoznak-1612865\/\">Source link <\/a><\/p>\n","protected":false},"excerpt":{"rendered":"<p>[ad_1] A volt brit k\u00fcl\u00fcgyminiszter szerint Nagy-Britannia m\u00e1r a Brexit eredeti hat\u00e1rnapj\u00e1n k\u00e9szen \u00e1llt arra, hogy meg\u00e1llapod\u00e1s n\u00e9lk\u00fcl kil\u00e9pjen az EU-b\u00f3l, de Theresa May korm\u00e1ny\u00e1nak \u201eidegei felmondt\u00e1k a szolg\u00e1latot\u201d. Boris Johnson volt brit k\u00fcl\u00fcgyminiszter szerint Nagy-Britannia felk\u00e9sz\u00fclt arra, hogy az EU-tags\u00e1g megsz\u0171n\u00e9s\u00e9nek (Brexit) felt\u00e9telrendszer\u00e9t r\u00f6gz\u00edt\u0151 meg\u00e1llapod\u00e1s n\u00e9lk\u00fcl l\u00e9pjen ki az Eur\u00f3pai Uni\u00f3b\u00f3l. Philip Hammond p\u00e9nz\u00fcgyminiszter [&hellip;]<\/p>\n","protected":false},"author":2,"featured_media":962,"comment_status":"open","ping_status":"open","sticky":false,"template":"","format":"standard","meta":{"footnotes":""},"categories":[1],"tags":[],"class_list":["post-5464","post","type-post","status-publish","format-standard","has-post-thumbnail","hentry","category-penzugyi-hirek"],"yoast_head":"<!-- This site is optimized with the Yoast SEO plugin v27.4 - https:\/\/yoast.com\/product\/yoast-seo-wordpress\/ -->\n<title>A britek tov\u00e1bbra is a kil\u00e9p\u00e9s\u00fck\u00f6n vitatkoznak - Super News<\/title>\n<meta name=\"robots\" content=\"index, follow, max-snippet:-1, max-image-preview:large, max-video-preview:-1\" \/>\n<link rel=\"canonical\" href=\"https:\/\/super-news.info\/hu\/a-britek-tovabbra-is-a-kilepesukon-vitatkoznak\/\" \/>\n<meta property=\"og:locale\" content=\"hu_HU\" \/>\n<meta property=\"og:type\" content=\"article\" \/>\n<meta property=\"og:title\" content=\"A britek tov\u00e1bbra is a kil\u00e9p\u00e9s\u00fck\u00f6n vitatkoznak - Super News\" \/>\n<meta property=\"og:description\" content=\"[ad_1] A volt brit k\u00fcl\u00fcgyminiszter szerint Nagy-Britannia m\u00e1r a Brexit eredeti hat\u00e1rnapj\u00e1n k\u00e9szen \u00e1llt arra, hogy meg\u00e1llapod\u00e1s n\u00e9lk\u00fcl kil\u00e9pjen az EU-b\u00f3l, de Theresa May korm\u00e1ny\u00e1nak \u201eidegei felmondt\u00e1k a szolg\u00e1latot\u201d. Boris Johnson volt brit k\u00fcl\u00fcgyminiszter szerint Nagy-Britannia felk\u00e9sz\u00fclt arra, hogy az EU-tags\u00e1g megsz\u0171n\u00e9s\u00e9nek (Brexit) felt\u00e9telrendszer\u00e9t r\u00f6gz\u00edt\u0151 meg\u00e1llapod\u00e1s n\u00e9lk\u00fcl l\u00e9pjen ki az Eur\u00f3pai Uni\u00f3b\u00f3l. Philip Hammond p\u00e9nz\u00fcgyminiszter [&hellip;]\" \/>\n<meta property=\"og:url\" content=\"https:\/\/super-news.info\/hu\/a-britek-tovabbra-is-a-kilepesukon-vitatkoznak\/\" \/>\n<meta property=\"og:site_name\" content=\"Super News\" \/>\n<meta property=\"article:published_time\" content=\"2019-07-05T15:11:59+00:00\" \/>\n<meta property=\"article:modified_time\" content=\"2019-07-05T15:12:00+00:00\" \/>\n<meta property=\"og:image\" content=\"https:\/\/super-news.info\/hu\/wp-content\/uploads\/sites\/3\/2019\/04\/Elker\u00fcln\u00e9k-az-EP-v\u00e1laszt\u00e1sokat-a-brit-konzervat\u00edvok.jpeg\" \/>\n\t<meta property=\"og:image:width\" content=\"1400\" \/>\n\t<meta property=\"og:image:height\" content=\"886\" \/>\n\t<meta property=\"og:image:type\" content=\"image\/jpeg\" \/>\n<meta name=\"author\" content=\"super-news\" \/>\n<meta name=\"twitter:card\" content=\"summary_large_image\" \/>\n<meta name=\"twitter:label1\" content=\"Szerz\u0151:\" \/>\n\t<meta name=\"twitter:data1\" content=\"super-news\" \/>\n\t<meta name=\"twitter:label2\" content=\"Becs\u00fclt olvas\u00e1si id\u0151\" \/>\n\t<meta name=\"twitter:data2\" content=\"5 perc\" \/>\n<script type=\"application\/ld+json\" class=\"yoast-schema-graph\">{\"@context\":\"https:\\\/\\\/schema.org\",\"@graph\":[{\"@type\":\"Article\",\"@id\":\"https:\\\/\\\/super-news.info\\\/hu\\\/a-britek-tovabbra-is-a-kilepesukon-vitatkoznak\\\/#article\",\"isPartOf\":{\"@id\":\"https:\\\/\\\/super-news.info\\\/hu\\\/a-britek-tovabbra-is-a-kilepesukon-vitatkoznak\\\/\"},\"author\":{\"name\":\"super-news\",\"@id\":\"https:\\\/\\\/super-news.info\\\/hu\\\/#\\\/schema\\\/person\\\/2d4068cb2f39cd10008c2fce578a7356\"},\"headline\":\"A britek tov\u00e1bbra is a kil\u00e9p\u00e9s\u00fck\u00f6n vitatkoznak\",\"datePublished\":\"2019-07-05T15:11:59+00:00\",\"dateModified\":\"2019-07-05T15:12:00+00:00\",\"mainEntityOfPage\":{\"@id\":\"https:\\\/\\\/super-news.info\\\/hu\\\/a-britek-tovabbra-is-a-kilepesukon-vitatkoznak\\\/\"},\"wordCount\":946,\"commentCount\":0,\"image\":{\"@id\":\"https:\\\/\\\/super-news.info\\\/hu\\\/a-britek-tovabbra-is-a-kilepesukon-vitatkoznak\\\/#primaryimage\"},\"thumbnailUrl\":\"https:\\\/\\\/super-news.info\\\/hu\\\/wp-content\\\/uploads\\\/sites\\\/3\\\/2019\\\/04\\\/Elker\u00fcln\u00e9k-az-EP-v\u00e1laszt\u00e1sokat-a-brit-konzervat\u00edvok.jpeg\",\"articleSection\":[\"P\u00c9NZ\u00dcGYI H\u00cdREK\"],\"inLanguage\":\"hu\",\"potentialAction\":[{\"@type\":\"CommentAction\",\"name\":\"Comment\",\"target\":[\"https:\\\/\\\/super-news.info\\\/hu\\\/a-britek-tovabbra-is-a-kilepesukon-vitatkoznak\\\/#respond\"]}]},{\"@type\":\"WebPage\",\"@id\":\"https:\\\/\\\/super-news.info\\\/hu\\\/a-britek-tovabbra-is-a-kilepesukon-vitatkoznak\\\/\",\"url\":\"https:\\\/\\\/super-news.info\\\/hu\\\/a-britek-tovabbra-is-a-kilepesukon-vitatkoznak\\\/\",\"name\":\"A britek tov\u00e1bbra is a kil\u00e9p\u00e9s\u00fck\u00f6n vitatkoznak - Super News\",\"isPartOf\":{\"@id\":\"https:\\\/\\\/super-news.info\\\/hu\\\/#website\"},\"primaryImageOfPage\":{\"@id\":\"https:\\\/\\\/super-news.info\\\/hu\\\/a-britek-tovabbra-is-a-kilepesukon-vitatkoznak\\\/#primaryimage\"},\"image\":{\"@id\":\"https:\\\/\\\/super-news.info\\\/hu\\\/a-britek-tovabbra-is-a-kilepesukon-vitatkoznak\\\/#primaryimage\"},\"thumbnailUrl\":\"https:\\\/\\\/super-news.info\\\/hu\\\/wp-content\\\/uploads\\\/sites\\\/3\\\/2019\\\/04\\\/Elker\u00fcln\u00e9k-az-EP-v\u00e1laszt\u00e1sokat-a-brit-konzervat\u00edvok.jpeg\",\"datePublished\":\"2019-07-05T15:11:59+00:00\",\"dateModified\":\"2019-07-05T15:12:00+00:00\",\"author\":{\"@id\":\"https:\\\/\\\/super-news.info\\\/hu\\\/#\\\/schema\\\/person\\\/2d4068cb2f39cd10008c2fce578a7356\"},\"breadcrumb\":{\"@id\":\"https:\\\/\\\/super-news.info\\\/hu\\\/a-britek-tovabbra-is-a-kilepesukon-vitatkoznak\\\/#breadcrumb\"},\"inLanguage\":\"hu\",\"potentialAction\":[{\"@type\":\"ReadAction\",\"target\":[\"https:\\\/\\\/super-news.info\\\/hu\\\/a-britek-tovabbra-is-a-kilepesukon-vitatkoznak\\\/\"]}]},{\"@type\":\"ImageObject\",\"inLanguage\":\"hu\",\"@id\":\"https:\\\/\\\/super-news.info\\\/hu\\\/a-britek-tovabbra-is-a-kilepesukon-vitatkoznak\\\/#primaryimage\",\"url\":\"https:\\\/\\\/super-news.info\\\/hu\\\/wp-content\\\/uploads\\\/sites\\\/3\\\/2019\\\/04\\\/Elker\u00fcln\u00e9k-az-EP-v\u00e1laszt\u00e1sokat-a-brit-konzervat\u00edvok.jpeg\",\"contentUrl\":\"https:\\\/\\\/super-news.info\\\/hu\\\/wp-content\\\/uploads\\\/sites\\\/3\\\/2019\\\/04\\\/Elker\u00fcln\u00e9k-az-EP-v\u00e1laszt\u00e1sokat-a-brit-konzervat\u00edvok.jpeg\",\"width\":1400,\"height\":886,\"caption\":\"Elker\u00fcln\u00e9k az EP-v\u00e1laszt\u00e1sokat a brit konzervat\u00edvok\"},{\"@type\":\"BreadcrumbList\",\"@id\":\"https:\\\/\\\/super-news.info\\\/hu\\\/a-britek-tovabbra-is-a-kilepesukon-vitatkoznak\\\/#breadcrumb\",\"itemListElement\":[{\"@type\":\"ListItem\",\"position\":1,\"name\":\"\u0413\u043b\u0430\u0432\u043d\u0430\u044f \u0441\u0442\u0440\u0430\u043d\u0438\u0446\u0430\",\"item\":\"https:\\\/\\\/super-news.info\\\/hu\\\/\"},{\"@type\":\"ListItem\",\"position\":2,\"name\":\"A britek tov\u00e1bbra is a kil\u00e9p\u00e9s\u00fck\u00f6n vitatkoznak\"}]},{\"@type\":\"WebSite\",\"@id\":\"https:\\\/\\\/super-news.info\\\/hu\\\/#website\",\"url\":\"https:\\\/\\\/super-news.info\\\/hu\\\/\",\"name\":\"Super News\",\"description\":\"Super News Magyarorsz\u00e1g\",\"potentialAction\":[{\"@type\":\"SearchAction\",\"target\":{\"@type\":\"EntryPoint\",\"urlTemplate\":\"https:\\\/\\\/super-news.info\\\/hu\\\/?s={search_term_string}\"},\"query-input\":{\"@type\":\"PropertyValueSpecification\",\"valueRequired\":true,\"valueName\":\"search_term_string\"}}],\"inLanguage\":\"hu\"},{\"@type\":\"Person\",\"@id\":\"https:\\\/\\\/super-news.info\\\/hu\\\/#\\\/schema\\\/person\\\/2d4068cb2f39cd10008c2fce578a7356\",\"name\":\"super-news\",\"image\":{\"@type\":\"ImageObject\",\"inLanguage\":\"hu\",\"@id\":\"https:\\\/\\\/secure.gravatar.com\\\/avatar\\\/64ebac40b93f26a154f8a9b5b6fdccfc46f442b26b3dd6756dbff3bf9dc76fd7?s=96&d=mm&r=g\",\"url\":\"https:\\\/\\\/secure.gravatar.com\\\/avatar\\\/64ebac40b93f26a154f8a9b5b6fdccfc46f442b26b3dd6756dbff3bf9dc76fd7?s=96&d=mm&r=g\",\"contentUrl\":\"https:\\\/\\\/secure.gravatar.com\\\/avatar\\\/64ebac40b93f26a154f8a9b5b6fdccfc46f442b26b3dd6756dbff3bf9dc76fd7?s=96&d=mm&r=g\",\"caption\":\"super-news\"},\"url\":\"https:\\\/\\\/super-news.info\\\/hu\\\/author\\\/pt\\\/\"}]}<\/script>\n<!-- \/ Yoast SEO plugin. -->","yoast_head_json":{"title":"A britek tov\u00e1bbra is a kil\u00e9p\u00e9s\u00fck\u00f6n vitatkoznak - Super News","robots":{"index":"index","follow":"follow","max-snippet":"max-snippet:-1","max-image-preview":"max-image-preview:large","max-video-preview":"max-video-preview:-1"},"canonical":"https:\/\/super-news.info\/hu\/a-britek-tovabbra-is-a-kilepesukon-vitatkoznak\/","og_locale":"hu_HU","og_type":"article","og_title":"A britek tov\u00e1bbra is a kil\u00e9p\u00e9s\u00fck\u00f6n vitatkoznak - Super News","og_description":"[ad_1] A volt brit k\u00fcl\u00fcgyminiszter szerint Nagy-Britannia m\u00e1r a Brexit eredeti hat\u00e1rnapj\u00e1n k\u00e9szen \u00e1llt arra, hogy meg\u00e1llapod\u00e1s n\u00e9lk\u00fcl kil\u00e9pjen az EU-b\u00f3l, de Theresa May korm\u00e1ny\u00e1nak \u201eidegei felmondt\u00e1k a szolg\u00e1latot\u201d. Boris Johnson volt brit k\u00fcl\u00fcgyminiszter szerint Nagy-Britannia felk\u00e9sz\u00fclt arra, hogy az EU-tags\u00e1g megsz\u0171n\u00e9s\u00e9nek (Brexit) felt\u00e9telrendszer\u00e9t r\u00f6gz\u00edt\u0151 meg\u00e1llapod\u00e1s n\u00e9lk\u00fcl l\u00e9pjen ki az Eur\u00f3pai Uni\u00f3b\u00f3l. Philip Hammond p\u00e9nz\u00fcgyminiszter [&hellip;]","og_url":"https:\/\/super-news.info\/hu\/a-britek-tovabbra-is-a-kilepesukon-vitatkoznak\/","og_site_name":"Super News","article_published_time":"2019-07-05T15:11:59+00:00","article_modified_time":"2019-07-05T15:12:00+00:00","og_image":[{"width":1400,"height":886,"url":"https:\/\/super-news.info\/hu\/wp-content\/uploads\/sites\/3\/2019\/04\/Elker\u00fcln\u00e9k-az-EP-v\u00e1laszt\u00e1sokat-a-brit-konzervat\u00edvok.jpeg","type":"image\/jpeg"}],"author":"super-news","twitter_card":"summary_large_image","twitter_misc":{"Szerz\u0151:":"super-news","Becs\u00fclt olvas\u00e1si id\u0151":"5 perc"},"schema":{"@context":"https:\/\/schema.org","@graph":[{"@type":"Article","@id":"https:\/\/super-news.info\/hu\/a-britek-tovabbra-is-a-kilepesukon-vitatkoznak\/#article","isPartOf":{"@id":"https:\/\/super-news.info\/hu\/a-britek-tovabbra-is-a-kilepesukon-vitatkoznak\/"},"author":{"name":"super-news","@id":"https:\/\/super-news.info\/hu\/#\/schema\/person\/2d4068cb2f39cd10008c2fce578a7356"},"headline":"A britek tov\u00e1bbra is a kil\u00e9p\u00e9s\u00fck\u00f6n vitatkoznak","datePublished":"2019-07-05T15:11:59+00:00","dateModified":"2019-07-05T15:12:00+00:00","mainEntityOfPage":{"@id":"https:\/\/super-news.info\/hu\/a-britek-tovabbra-is-a-kilepesukon-vitatkoznak\/"},"wordCount":946,"commentCount":0,"image":{"@id":"https:\/\/super-news.info\/hu\/a-britek-tovabbra-is-a-kilepesukon-vitatkoznak\/#primaryimage"},"thumbnailUrl":"https:\/\/super-news.info\/hu\/wp-content\/uploads\/sites\/3\/2019\/04\/Elker\u00fcln\u00e9k-az-EP-v\u00e1laszt\u00e1sokat-a-brit-konzervat\u00edvok.jpeg","articleSection":["P\u00c9NZ\u00dcGYI H\u00cdREK"],"inLanguage":"hu","potentialAction":[{"@type":"CommentAction","name":"Comment","target":["https:\/\/super-news.info\/hu\/a-britek-tovabbra-is-a-kilepesukon-vitatkoznak\/#respond"]}]},{"@type":"WebPage","@id":"https:\/\/super-news.info\/hu\/a-britek-tovabbra-is-a-kilepesukon-vitatkoznak\/","url":"https:\/\/super-news.info\/hu\/a-britek-tovabbra-is-a-kilepesukon-vitatkoznak\/","name":"A britek tov\u00e1bbra is a kil\u00e9p\u00e9s\u00fck\u00f6n vitatkoznak - Super News","isPartOf":{"@id":"https:\/\/super-news.info\/hu\/#website"},"primaryImageOfPage":{"@id":"https:\/\/super-news.info\/hu\/a-britek-tovabbra-is-a-kilepesukon-vitatkoznak\/#primaryimage"},"image":{"@id":"https:\/\/super-news.info\/hu\/a-britek-tovabbra-is-a-kilepesukon-vitatkoznak\/#primaryimage"},"thumbnailUrl":"https:\/\/super-news.info\/hu\/wp-content\/uploads\/sites\/3\/2019\/04\/Elker\u00fcln\u00e9k-az-EP-v\u00e1laszt\u00e1sokat-a-brit-konzervat\u00edvok.jpeg","datePublished":"2019-07-05T15:11:59+00:00","dateModified":"2019-07-05T15:12:00+00:00","author":{"@id":"https:\/\/super-news.info\/hu\/#\/schema\/person\/2d4068cb2f39cd10008c2fce578a7356"},"breadcrumb":{"@id":"https:\/\/super-news.info\/hu\/a-britek-tovabbra-is-a-kilepesukon-vitatkoznak\/#breadcrumb"},"inLanguage":"hu","potentialAction":[{"@type":"ReadAction","target":["https:\/\/super-news.info\/hu\/a-britek-tovabbra-is-a-kilepesukon-vitatkoznak\/"]}]},{"@type":"ImageObject","inLanguage":"hu","@id":"https:\/\/super-news.info\/hu\/a-britek-tovabbra-is-a-kilepesukon-vitatkoznak\/#primaryimage","url":"https:\/\/super-news.info\/hu\/wp-content\/uploads\/sites\/3\/2019\/04\/Elker\u00fcln\u00e9k-az-EP-v\u00e1laszt\u00e1sokat-a-brit-konzervat\u00edvok.jpeg","contentUrl":"https:\/\/super-news.info\/hu\/wp-content\/uploads\/sites\/3\/2019\/04\/Elker\u00fcln\u00e9k-az-EP-v\u00e1laszt\u00e1sokat-a-brit-konzervat\u00edvok.jpeg","width":1400,"height":886,"caption":"Elker\u00fcln\u00e9k az EP-v\u00e1laszt\u00e1sokat a brit konzervat\u00edvok"},{"@type":"BreadcrumbList","@id":"https:\/\/super-news.info\/hu\/a-britek-tovabbra-is-a-kilepesukon-vitatkoznak\/#breadcrumb","itemListElement":[{"@type":"ListItem","position":1,"name":"\u0413\u043b\u0430\u0432\u043d\u0430\u044f \u0441\u0442\u0440\u0430\u043d\u0438\u0446\u0430","item":"https:\/\/super-news.info\/hu\/"},{"@type":"ListItem","position":2,"name":"A britek tov\u00e1bbra is a kil\u00e9p\u00e9s\u00fck\u00f6n vitatkoznak"}]},{"@type":"WebSite","@id":"https:\/\/super-news.info\/hu\/#website","url":"https:\/\/super-news.info\/hu\/","name":"Super News","description":"Super News Magyarorsz\u00e1g","potentialAction":[{"@type":"SearchAction","target":{"@type":"EntryPoint","urlTemplate":"https:\/\/super-news.info\/hu\/?s={search_term_string}"},"query-input":{"@type":"PropertyValueSpecification","valueRequired":true,"valueName":"search_term_string"}}],"inLanguage":"hu"},{"@type":"Person","@id":"https:\/\/super-news.info\/hu\/#\/schema\/person\/2d4068cb2f39cd10008c2fce578a7356","name":"super-news","image":{"@type":"ImageObject","inLanguage":"hu","@id":"https:\/\/secure.gravatar.com\/avatar\/64ebac40b93f26a154f8a9b5b6fdccfc46f442b26b3dd6756dbff3bf9dc76fd7?s=96&d=mm&r=g","url":"https:\/\/secure.gravatar.com\/avatar\/64ebac40b93f26a154f8a9b5b6fdccfc46f442b26b3dd6756dbff3bf9dc76fd7?s=96&d=mm&r=g","contentUrl":"https:\/\/secure.gravatar.com\/avatar\/64ebac40b93f26a154f8a9b5b6fdccfc46f442b26b3dd6756dbff3bf9dc76fd7?s=96&d=mm&r=g","caption":"super-news"},"url":"https:\/\/super-news.info\/hu\/author\/pt\/"}]}},"_links":{"self":[{"href":"https:\/\/super-news.info\/hu\/wp-json\/wp\/v2\/posts\/5464","targetHints":{"allow":["GET"]}}],"collection":[{"href":"https:\/\/super-news.info\/hu\/wp-json\/wp\/v2\/posts"}],"about":[{"href":"https:\/\/super-news.info\/hu\/wp-json\/wp\/v2\/types\/post"}],"author":[{"embeddable":true,"href":"https:\/\/super-news.info\/hu\/wp-json\/wp\/v2\/users\/2"}],"replies":[{"embeddable":true,"href":"https:\/\/super-news.info\/hu\/wp-json\/wp\/v2\/comments?post=5464"}],"version-history":[{"count":1,"href":"https:\/\/super-news.info\/hu\/wp-json\/wp\/v2\/posts\/5464\/revisions"}],"predecessor-version":[{"id":5465,"href":"https:\/\/super-news.info\/hu\/wp-json\/wp\/v2\/posts\/5464\/revisions\/5465"}],"wp:featuredmedia":[{"embeddable":true,"href":"https:\/\/super-news.info\/hu\/wp-json\/wp\/v2\/media\/962"}],"wp:attachment":[{"href":"https:\/\/super-news.info\/hu\/wp-json\/wp\/v2\/media?parent=5464"}],"wp:term":[{"taxonomy":"category","embeddable":true,"href":"https:\/\/super-news.info\/hu\/wp-json\/wp\/v2\/categories?post=5464"},{"taxonomy":"post_tag","embeddable":true,"href":"https:\/\/super-news.info\/hu\/wp-json\/wp\/v2\/tags?post=5464"}],"curies":[{"name":"wp","href":"https:\/\/api.w.org\/{rel}","templated":true}]}}