{"id":5461,"date":"2019-07-05T17:18:38","date_gmt":"2019-07-05T14:18:38","guid":{"rendered":"https:\/\/super-news.info\/hu\/a-kormany-tobb-modon-is-tamogatja-a-munkaero-orszagon-beluli-mozgasat\/"},"modified":"2019-07-05T17:18:39","modified_gmt":"2019-07-05T14:18:39","slug":"a-kormany-tobb-modon-is-tamogatja-a-munkaero-orszagon-beluli-mozgasat","status":"publish","type":"post","link":"https:\/\/super-news.info\/hu\/a-kormany-tobb-modon-is-tamogatja-a-munkaero-orszagon-beluli-mozgasat\/","title":{"rendered":"A korm\u00e1ny t\u00f6bb m\u00f3don is t\u00e1mogatja a munkaer\u0151 orsz\u00e1gon bel\u00fcli mozg\u00e1s\u00e1t"},"content":{"rendered":"<p> [ad_1]<br \/>\n<\/p>\n<p>\n\t\t\t\t\t\t\t\tA korm\u00e1ny \u00e1ltal ind\u00edtott program keret\u00e9ben eddig 22 munk\u00e1ssz\u00e1ll\u00f3 \u00e9p\u00edt\u00e9s\u00e9r\u0151l, \u00f6sszess\u00e9g\u00e9ben 8 milli\u00e1rd forintnyi beruh\u00e1z\u00e1sr\u00f3l sz\u00fcletett d\u00f6nt\u00e9s.\t\t\t\t\t\t\t<\/p>\n<div>\n<p>A magyar gazdas\u00e1g 2013 \u00f3ta t\u00f6retlen fejl\u0151d\u00e9s\u00e9vel p\u00e1rhuzamosan er\u0151s\u00f6dik a szakk\u00e9pzett munkaer\u0151 ir\u00e1nti kereslet, ez\u00e9rt a korm\u00e1ny t\u00f6bb m\u00f3don is t\u00e1mogatja a munkaer\u0151 orsz\u00e1gon bel\u00fcli mozg\u00e1s\u00e1t \u2013 jelentette ki a p\u00e9nz\u00fcgyminiszter p\u00e9nteken M\u00f3rahalmon.<\/p>\n<p>Varga Mih\u00e1ly a homokh\u00e1ti kisv\u00e1rosban \u00e9p\u00fclt 94 f\u00e9r\u0151helyes Szent Benedek Munk\u00e1ssz\u00e1ll\u00f3 \u00e1tad\u00e1s\u00e1n azt mondta,<\/p>\n<blockquote>\n<p>B\u00edzik abban, hogy a korm\u00e1ny int\u00e9zked\u00e9sei jelent\u0151sen hozz\u00e1j\u00e1rulnak a munkaer\u0151piaci fesz\u00fclts\u00e9gek enyh\u00edt\u00e9s\u00e9hez, \u00e9s minden v\u00e1llalkoz\u00e1s, amely fejleszteni k\u00edv\u00e1n, hozz\u00e1jut a sz\u00fcks\u00e9ges munkaer\u0151h\u00f6z.<\/p>\n<\/blockquote>\n<div>\n<div id=\"attachment_1091866\" style=\"width: 1410px\" class=\"wp-caption alignnone\">\n<p class=\"wp-caption-text\">Fot\u00f3: AFP\/Marijan Murat\/dpa<\/p>\n<\/div>\n<\/div>\n<p>A korm\u00e1ny \u00e1ltal ind\u00edtott program keret\u00e9ben eddig 22 munk\u00e1ssz\u00e1ll\u00f3 \u00e9p\u00edt\u00e9s\u00e9r\u0151l, \u00f6sszess\u00e9g\u00e9ben 8 milli\u00e1rd forintnyi beruh\u00e1z\u00e1sr\u00f3l sz\u00fcletett d\u00f6nt\u00e9s, ez 3 ezer munkav\u00e1llal\u00f3 elhelyez\u00e9s\u00e9t teszi lehet\u0151v\u00e9. \u0150szt\u0151l m\u00e1r nemcsak \u00f6nkorm\u00e1nyzatok, hanem mag\u00e1nv\u00e1llalkoz\u00e1sok is p\u00e1ly\u00e1zhatnak munk\u00e1ssz\u00e1ll\u00e1s \u00e9p\u00edt\u00e9s\u00e9re \u2013 tudatta a miniszter.<\/p>\n<p>Hozz\u00e1tette: a munkaer\u0151 mobilit\u00e1s\u00e1t seg\u00edti a lakhat\u00e1si t\u00e1mogat\u00e1s kiterjeszt\u00e9se is.<br \/>A szakk\u00e9pz\u00e9si rendszer \u00e1talak\u00edt\u00e1s\u00e1val pedig az oktat\u00e1st egyre jobban a gazdas\u00e1g ig\u00e9nyeihez igaz\u00edtj\u00e1k \u2013 mondta a miniszter.<\/p>\n<p>Varga Mih\u00e1ly kifejtette, a vil\u00e1ggazdas\u00e1gban a lassul\u00e1s jelei mutatkoznak, ez\u00e9rt a magyar gazdas\u00e1g eddig el\u00e9rt eredm\u00e9nyeit meg kell v\u00e9deni. Ennek \u00e9rdek\u00e9ben a korm\u00e1ny \u00e1tfog\u00f3 Gazdas\u00e1gv\u00e9delmi akci\u00f3tervet dolgozott ki, amelynek legfontosabb c\u00e9lja a munkahelyek, az emelked\u0151 b\u00e9rek \u00e9s a csal\u00e1dt\u00e1mogat\u00e1sok meg\u0151rz\u00e9se mellett az, hogy a magyar gazdas\u00e1g teljes\u00edtm\u00e9nye hossz\u00fa t\u00e1von is meghaladja az uni\u00f3s \u00e1tlagot.<\/p>\n<p>A politikus a megval\u00f3sul\u00f3 int\u00e9zked\u00e9sek k\u00f6z\u00f6tt eml\u00edtette a szoci\u00e1lis hozz\u00e1j\u00e1rul\u00e1si \u00e9s a kisv\u00e1llalati ad\u00f3 j\u00faliust\u00f3l \u00e9rv\u00e9nyes cs\u00f6kkent\u00e9s\u00e9t, a decemberi ad\u00f3el\u0151leg-felt\u00f6lt\u00e9si k\u00f6telezetts\u00e9g megsz\u00fcntet\u00e9s\u00e9t, a sz\u00e1ll\u00e1shely szolg\u00e1ltat\u00e1st terhel\u0151 \u00e1fa m\u00e9rs\u00e9kl\u00e9s\u00e9t 18-r\u00f3l 5 sz\u00e1zal\u00e9kra.<\/p>\n<p>N\u00f3gr\u00e1di Zolt\u00e1n polg\u00e1rmester (Fidesz-KDNP) elmondta, a rendszerv\u00e1lt\u00e1st k\u00f6vet\u0151en M\u00f3rahalom a 34 legh\u00e1tr\u00e1nyosabb t\u00e9rs\u00e9g k\u00f6z\u00e9 tartozott, a telep\u00fcl\u00e9sen \u00e9l\u0151k szinte kiz\u00e1r\u00f3lag a mez\u0151gazdas\u00e1gi \u00e1rutermel\u00e9sre alapozt\u00e1k meg\u00e9lhet\u00e9s\u00fcket.<\/p>\n<p>Az elm\u00falt 25 \u00e9vben megval\u00f3s\u00edtott gazdas\u00e1gfejleszt\u00e9si program keret\u00e9ben az \u00f6nkorm\u00e1nyzat 100 hekt\u00e1ros ipari parkot hozott l\u00e9tre, ahol jelenleg m\u00e1r h\u00e9tsz\u00e1z munkav\u00e1llal\u00f3 dolgozik. A telep\u00fcl\u00e9s a d\u00e9l-alf\u00f6ldi r\u00e9gi\u00f3ban a harmadik legt\u00f6bb sz\u00e1ll\u00f3vend\u00e9get fogadja. A kor\u00e1bban az \u00f6tezret alig meghalad\u00f3 lakoss\u00e1g 7200-ra n\u0151tt \u00e9s \u00e9vente tov\u00e1bbi sz\u00e1z f\u0151vel gyarapszik \u2013 sorolta a politikus.<\/p>\n<p>A polg\u00e1rmester hangs\u00falyozta, M\u00f3rahalom eg\u00e9szs\u00e9g\u00fcgyi ell\u00e1t\u00e1st ny\u00fajt az eg\u00e9sz t\u00e9rs\u00e9gnek, valamint a hat\u00e1ron t\u00falra is, \u00e9s a v\u00e1ros k\u00f6zigazgat\u00e1si szolg\u00e1ltat\u00e1sit is nagy sz\u00e1mban veszik ig\u00e9nybe a Vajdas\u00e1gban \u00e9l\u0151 magyar \u00e1llampolg\u00e1rok.<\/p>\n<p>Az \u00f6nkorm\u00e1nyzat els\u0151k\u00e9nt ny\u00fajtott be p\u00e1ly\u00e1zatot a munk\u00e1ssz\u00e1ll\u00e1s \u00e9p\u00edt\u00e9s\u00e9re. A k\u00e9tszintes, 20 lak\u00f3egys\u00e9ges, 94 f\u00e9r\u0151helyes Szent Benedek Munk\u00e1ssz\u00e1ll\u00f3 \u00e9p\u00edt\u00e9s\u00e9nek 441 milli\u00f3 forintos k\u00f6lts\u00e9g\u00e9b\u0151l 263 milli\u00f3 forintot korm\u00e1nyzati t\u00e1mogat\u00e1s fedezett, a fennmarad\u00f3 r\u00e9sz az \u00f6nkorm\u00e1nyzat \u00f6nereje volt. A kivitelez\u00e9st a Bauszer Kft. v\u00e9gezte.<\/p>\n<\/p><\/div>\n<p><script>\n    window.fbAsyncInit = function() {\n        FB.init({\n            appId      : \"204760236815359\",\n            xfbml      : true,\n            version    : \"v2.12\"\n        });\n        FB.AppEvents.logPageView();\n    };<\/p>\n<p>    (function(d, s, id){\n        var js, fjs = d.getElementsByTagName(s)[0];\n        if (d.getElementById(id)) {return;}\n        js = d.createElement(s); js.id = id;\n        js.src = \"http:\/\/connect.facebook.net\/hu_HU\/sdk.js\";\n        fjs.parentNode.insertBefore(js, fjs);\n    }(document, \"script\", \"facebook-jssdk\"));\n<\/script><br \/>\n<br \/>[ad_2]<br \/>\n<br \/><a href=\"https:\/\/www.vg.hu\/gazdasag\/gazdasagi-hirek\/a-kormany-tobb-modon-is-tamogatja-a-munkaero-orszagon-beluli-mozgasat-1612811\/\">Source link <\/a><\/p>\n","protected":false},"excerpt":{"rendered":"<p>[ad_1] A korm\u00e1ny \u00e1ltal ind\u00edtott program keret\u00e9ben eddig 22 munk\u00e1ssz\u00e1ll\u00f3 \u00e9p\u00edt\u00e9s\u00e9r\u0151l, \u00f6sszess\u00e9g\u00e9ben 8 milli\u00e1rd forintnyi beruh\u00e1z\u00e1sr\u00f3l sz\u00fcletett d\u00f6nt\u00e9s. A magyar gazdas\u00e1g 2013 \u00f3ta t\u00f6retlen fejl\u0151d\u00e9s\u00e9vel p\u00e1rhuzamosan er\u0151s\u00f6dik a szakk\u00e9pzett munkaer\u0151 ir\u00e1nti kereslet, ez\u00e9rt a korm\u00e1ny t\u00f6bb m\u00f3don is t\u00e1mogatja a munkaer\u0151 orsz\u00e1gon bel\u00fcli mozg\u00e1s\u00e1t \u2013 jelentette ki a p\u00e9nz\u00fcgyminiszter p\u00e9nteken M\u00f3rahalmon. Varga Mih\u00e1ly a homokh\u00e1ti [&hellip;]<\/p>\n","protected":false},"author":2,"featured_media":5462,"comment_status":"open","ping_status":"open","sticky":false,"template":"","format":"standard","meta":{"footnotes":""},"categories":[1],"tags":[],"class_list":["post-5461","post","type-post","status-publish","format-standard","has-post-thumbnail","hentry","category-penzugyi-hirek"],"yoast_head":"<!-- This site is optimized with the Yoast SEO plugin v27.4 - https:\/\/yoast.com\/product\/yoast-seo-wordpress\/ -->\n<title>A korm\u00e1ny t\u00f6bb m\u00f3don is t\u00e1mogatja a munkaer\u0151 orsz\u00e1gon bel\u00fcli mozg\u00e1s\u00e1t - Super News<\/title>\n<meta name=\"robots\" content=\"index, follow, max-snippet:-1, max-image-preview:large, max-video-preview:-1\" \/>\n<link rel=\"canonical\" href=\"https:\/\/super-news.info\/hu\/a-kormany-tobb-modon-is-tamogatja-a-munkaero-orszagon-beluli-mozgasat\/\" \/>\n<meta property=\"og:locale\" content=\"hu_HU\" \/>\n<meta property=\"og:type\" content=\"article\" \/>\n<meta property=\"og:title\" content=\"A korm\u00e1ny t\u00f6bb m\u00f3don is t\u00e1mogatja a munkaer\u0151 orsz\u00e1gon bel\u00fcli mozg\u00e1s\u00e1t - Super News\" \/>\n<meta property=\"og:description\" content=\"[ad_1] A korm\u00e1ny \u00e1ltal ind\u00edtott program keret\u00e9ben eddig 22 munk\u00e1ssz\u00e1ll\u00f3 \u00e9p\u00edt\u00e9s\u00e9r\u0151l, \u00f6sszess\u00e9g\u00e9ben 8 milli\u00e1rd forintnyi beruh\u00e1z\u00e1sr\u00f3l sz\u00fcletett d\u00f6nt\u00e9s. A magyar gazdas\u00e1g 2013 \u00f3ta t\u00f6retlen fejl\u0151d\u00e9s\u00e9vel p\u00e1rhuzamosan er\u0151s\u00f6dik a szakk\u00e9pzett munkaer\u0151 ir\u00e1nti kereslet, ez\u00e9rt a korm\u00e1ny t\u00f6bb m\u00f3don is t\u00e1mogatja a munkaer\u0151 orsz\u00e1gon bel\u00fcli mozg\u00e1s\u00e1t \u2013 jelentette ki a p\u00e9nz\u00fcgyminiszter p\u00e9nteken M\u00f3rahalmon. Varga Mih\u00e1ly a homokh\u00e1ti [&hellip;]\" \/>\n<meta property=\"og:url\" content=\"https:\/\/super-news.info\/hu\/a-kormany-tobb-modon-is-tamogatja-a-munkaero-orszagon-beluli-mozgasat\/\" \/>\n<meta property=\"og:site_name\" content=\"Super News\" \/>\n<meta property=\"article:published_time\" content=\"2019-07-05T14:18:38+00:00\" \/>\n<meta property=\"article:modified_time\" content=\"2019-07-05T14:18:39+00:00\" \/>\n<meta property=\"og:image\" content=\"https:\/\/super-news.info\/hu\/wp-content\/uploads\/sites\/3\/2019\/07\/A-korm\u00e1ny-t\u00f6bb-m\u00f3don-is-t\u00e1mogatja-a-munkaer\u0151-orsz\u00e1gon-bel\u00fcli.jpg\" \/>\n\t<meta property=\"og:image:width\" content=\"1400\" \/>\n\t<meta property=\"og:image:height\" content=\"933\" \/>\n\t<meta property=\"og:image:type\" content=\"image\/jpeg\" \/>\n<meta name=\"author\" content=\"super-news\" \/>\n<meta name=\"twitter:card\" content=\"summary_large_image\" \/>\n<meta name=\"twitter:label1\" content=\"Szerz\u0151:\" \/>\n\t<meta name=\"twitter:data1\" content=\"super-news\" \/>\n\t<meta name=\"twitter:label2\" content=\"Becs\u00fclt olvas\u00e1si id\u0151\" \/>\n\t<meta name=\"twitter:data2\" content=\"3 perc\" \/>\n<script type=\"application\/ld+json\" class=\"yoast-schema-graph\">{\"@context\":\"https:\\\/\\\/schema.org\",\"@graph\":[{\"@type\":\"Article\",\"@id\":\"https:\\\/\\\/super-news.info\\\/hu\\\/a-kormany-tobb-modon-is-tamogatja-a-munkaero-orszagon-beluli-mozgasat\\\/#article\",\"isPartOf\":{\"@id\":\"https:\\\/\\\/super-news.info\\\/hu\\\/a-kormany-tobb-modon-is-tamogatja-a-munkaero-orszagon-beluli-mozgasat\\\/\"},\"author\":{\"name\":\"super-news\",\"@id\":\"https:\\\/\\\/super-news.info\\\/hu\\\/#\\\/schema\\\/person\\\/2d4068cb2f39cd10008c2fce578a7356\"},\"headline\":\"A korm\u00e1ny t\u00f6bb m\u00f3don is t\u00e1mogatja a munkaer\u0151 orsz\u00e1gon bel\u00fcli mozg\u00e1s\u00e1t\",\"datePublished\":\"2019-07-05T14:18:38+00:00\",\"dateModified\":\"2019-07-05T14:18:39+00:00\",\"mainEntityOfPage\":{\"@id\":\"https:\\\/\\\/super-news.info\\\/hu\\\/a-kormany-tobb-modon-is-tamogatja-a-munkaero-orszagon-beluli-mozgasat\\\/\"},\"wordCount\":694,\"commentCount\":0,\"image\":{\"@id\":\"https:\\\/\\\/super-news.info\\\/hu\\\/a-kormany-tobb-modon-is-tamogatja-a-munkaero-orszagon-beluli-mozgasat\\\/#primaryimage\"},\"thumbnailUrl\":\"https:\\\/\\\/super-news.info\\\/hu\\\/wp-content\\\/uploads\\\/sites\\\/3\\\/2019\\\/07\\\/A-korm\u00e1ny-t\u00f6bb-m\u00f3don-is-t\u00e1mogatja-a-munkaer\u0151-orsz\u00e1gon-bel\u00fcli.jpg\",\"articleSection\":[\"P\u00c9NZ\u00dcGYI H\u00cdREK\"],\"inLanguage\":\"hu\",\"potentialAction\":[{\"@type\":\"CommentAction\",\"name\":\"Comment\",\"target\":[\"https:\\\/\\\/super-news.info\\\/hu\\\/a-kormany-tobb-modon-is-tamogatja-a-munkaero-orszagon-beluli-mozgasat\\\/#respond\"]}]},{\"@type\":\"WebPage\",\"@id\":\"https:\\\/\\\/super-news.info\\\/hu\\\/a-kormany-tobb-modon-is-tamogatja-a-munkaero-orszagon-beluli-mozgasat\\\/\",\"url\":\"https:\\\/\\\/super-news.info\\\/hu\\\/a-kormany-tobb-modon-is-tamogatja-a-munkaero-orszagon-beluli-mozgasat\\\/\",\"name\":\"A korm\u00e1ny t\u00f6bb m\u00f3don is t\u00e1mogatja a munkaer\u0151 orsz\u00e1gon bel\u00fcli mozg\u00e1s\u00e1t - Super News\",\"isPartOf\":{\"@id\":\"https:\\\/\\\/super-news.info\\\/hu\\\/#website\"},\"primaryImageOfPage\":{\"@id\":\"https:\\\/\\\/super-news.info\\\/hu\\\/a-kormany-tobb-modon-is-tamogatja-a-munkaero-orszagon-beluli-mozgasat\\\/#primaryimage\"},\"image\":{\"@id\":\"https:\\\/\\\/super-news.info\\\/hu\\\/a-kormany-tobb-modon-is-tamogatja-a-munkaero-orszagon-beluli-mozgasat\\\/#primaryimage\"},\"thumbnailUrl\":\"https:\\\/\\\/super-news.info\\\/hu\\\/wp-content\\\/uploads\\\/sites\\\/3\\\/2019\\\/07\\\/A-korm\u00e1ny-t\u00f6bb-m\u00f3don-is-t\u00e1mogatja-a-munkaer\u0151-orsz\u00e1gon-bel\u00fcli.jpg\",\"datePublished\":\"2019-07-05T14:18:38+00:00\",\"dateModified\":\"2019-07-05T14:18:39+00:00\",\"author\":{\"@id\":\"https:\\\/\\\/super-news.info\\\/hu\\\/#\\\/schema\\\/person\\\/2d4068cb2f39cd10008c2fce578a7356\"},\"breadcrumb\":{\"@id\":\"https:\\\/\\\/super-news.info\\\/hu\\\/a-kormany-tobb-modon-is-tamogatja-a-munkaero-orszagon-beluli-mozgasat\\\/#breadcrumb\"},\"inLanguage\":\"hu\",\"potentialAction\":[{\"@type\":\"ReadAction\",\"target\":[\"https:\\\/\\\/super-news.info\\\/hu\\\/a-kormany-tobb-modon-is-tamogatja-a-munkaero-orszagon-beluli-mozgasat\\\/\"]}]},{\"@type\":\"ImageObject\",\"inLanguage\":\"hu\",\"@id\":\"https:\\\/\\\/super-news.info\\\/hu\\\/a-kormany-tobb-modon-is-tamogatja-a-munkaero-orszagon-beluli-mozgasat\\\/#primaryimage\",\"url\":\"https:\\\/\\\/super-news.info\\\/hu\\\/wp-content\\\/uploads\\\/sites\\\/3\\\/2019\\\/07\\\/A-korm\u00e1ny-t\u00f6bb-m\u00f3don-is-t\u00e1mogatja-a-munkaer\u0151-orsz\u00e1gon-bel\u00fcli.jpg\",\"contentUrl\":\"https:\\\/\\\/super-news.info\\\/hu\\\/wp-content\\\/uploads\\\/sites\\\/3\\\/2019\\\/07\\\/A-korm\u00e1ny-t\u00f6bb-m\u00f3don-is-t\u00e1mogatja-a-munkaer\u0151-orsz\u00e1gon-bel\u00fcli.jpg\",\"width\":1400,\"height\":933,\"caption\":\"A korm\u00e1ny t\u00f6bb m\u00f3don is t\u00e1mogatja a munkaer\u0151 orsz\u00e1gon bel\u00fcli mozg\u00e1s\u00e1t\"},{\"@type\":\"BreadcrumbList\",\"@id\":\"https:\\\/\\\/super-news.info\\\/hu\\\/a-kormany-tobb-modon-is-tamogatja-a-munkaero-orszagon-beluli-mozgasat\\\/#breadcrumb\",\"itemListElement\":[{\"@type\":\"ListItem\",\"position\":1,\"name\":\"\u0413\u043b\u0430\u0432\u043d\u0430\u044f \u0441\u0442\u0440\u0430\u043d\u0438\u0446\u0430\",\"item\":\"https:\\\/\\\/super-news.info\\\/hu\\\/\"},{\"@type\":\"ListItem\",\"position\":2,\"name\":\"A korm\u00e1ny t\u00f6bb m\u00f3don is t\u00e1mogatja a munkaer\u0151 orsz\u00e1gon bel\u00fcli mozg\u00e1s\u00e1t\"}]},{\"@type\":\"WebSite\",\"@id\":\"https:\\\/\\\/super-news.info\\\/hu\\\/#website\",\"url\":\"https:\\\/\\\/super-news.info\\\/hu\\\/\",\"name\":\"Super News\",\"description\":\"Super News Magyarorsz\u00e1g\",\"potentialAction\":[{\"@type\":\"SearchAction\",\"target\":{\"@type\":\"EntryPoint\",\"urlTemplate\":\"https:\\\/\\\/super-news.info\\\/hu\\\/?s={search_term_string}\"},\"query-input\":{\"@type\":\"PropertyValueSpecification\",\"valueRequired\":true,\"valueName\":\"search_term_string\"}}],\"inLanguage\":\"hu\"},{\"@type\":\"Person\",\"@id\":\"https:\\\/\\\/super-news.info\\\/hu\\\/#\\\/schema\\\/person\\\/2d4068cb2f39cd10008c2fce578a7356\",\"name\":\"super-news\",\"image\":{\"@type\":\"ImageObject\",\"inLanguage\":\"hu\",\"@id\":\"https:\\\/\\\/secure.gravatar.com\\\/avatar\\\/64ebac40b93f26a154f8a9b5b6fdccfc46f442b26b3dd6756dbff3bf9dc76fd7?s=96&d=mm&r=g\",\"url\":\"https:\\\/\\\/secure.gravatar.com\\\/avatar\\\/64ebac40b93f26a154f8a9b5b6fdccfc46f442b26b3dd6756dbff3bf9dc76fd7?s=96&d=mm&r=g\",\"contentUrl\":\"https:\\\/\\\/secure.gravatar.com\\\/avatar\\\/64ebac40b93f26a154f8a9b5b6fdccfc46f442b26b3dd6756dbff3bf9dc76fd7?s=96&d=mm&r=g\",\"caption\":\"super-news\"},\"url\":\"https:\\\/\\\/super-news.info\\\/hu\\\/author\\\/pt\\\/\"}]}<\/script>\n<!-- \/ Yoast SEO plugin. -->","yoast_head_json":{"title":"A korm\u00e1ny t\u00f6bb m\u00f3don is t\u00e1mogatja a munkaer\u0151 orsz\u00e1gon bel\u00fcli mozg\u00e1s\u00e1t - Super News","robots":{"index":"index","follow":"follow","max-snippet":"max-snippet:-1","max-image-preview":"max-image-preview:large","max-video-preview":"max-video-preview:-1"},"canonical":"https:\/\/super-news.info\/hu\/a-kormany-tobb-modon-is-tamogatja-a-munkaero-orszagon-beluli-mozgasat\/","og_locale":"hu_HU","og_type":"article","og_title":"A korm\u00e1ny t\u00f6bb m\u00f3don is t\u00e1mogatja a munkaer\u0151 orsz\u00e1gon bel\u00fcli mozg\u00e1s\u00e1t - Super News","og_description":"[ad_1] A korm\u00e1ny \u00e1ltal ind\u00edtott program keret\u00e9ben eddig 22 munk\u00e1ssz\u00e1ll\u00f3 \u00e9p\u00edt\u00e9s\u00e9r\u0151l, \u00f6sszess\u00e9g\u00e9ben 8 milli\u00e1rd forintnyi beruh\u00e1z\u00e1sr\u00f3l sz\u00fcletett d\u00f6nt\u00e9s. A magyar gazdas\u00e1g 2013 \u00f3ta t\u00f6retlen fejl\u0151d\u00e9s\u00e9vel p\u00e1rhuzamosan er\u0151s\u00f6dik a szakk\u00e9pzett munkaer\u0151 ir\u00e1nti kereslet, ez\u00e9rt a korm\u00e1ny t\u00f6bb m\u00f3don is t\u00e1mogatja a munkaer\u0151 orsz\u00e1gon bel\u00fcli mozg\u00e1s\u00e1t \u2013 jelentette ki a p\u00e9nz\u00fcgyminiszter p\u00e9nteken M\u00f3rahalmon. Varga Mih\u00e1ly a homokh\u00e1ti [&hellip;]","og_url":"https:\/\/super-news.info\/hu\/a-kormany-tobb-modon-is-tamogatja-a-munkaero-orszagon-beluli-mozgasat\/","og_site_name":"Super News","article_published_time":"2019-07-05T14:18:38+00:00","article_modified_time":"2019-07-05T14:18:39+00:00","og_image":[{"width":1400,"height":933,"url":"https:\/\/super-news.info\/hu\/wp-content\/uploads\/sites\/3\/2019\/07\/A-korm\u00e1ny-t\u00f6bb-m\u00f3don-is-t\u00e1mogatja-a-munkaer\u0151-orsz\u00e1gon-bel\u00fcli.jpg","type":"image\/jpeg"}],"author":"super-news","twitter_card":"summary_large_image","twitter_misc":{"Szerz\u0151:":"super-news","Becs\u00fclt olvas\u00e1si id\u0151":"3 perc"},"schema":{"@context":"https:\/\/schema.org","@graph":[{"@type":"Article","@id":"https:\/\/super-news.info\/hu\/a-kormany-tobb-modon-is-tamogatja-a-munkaero-orszagon-beluli-mozgasat\/#article","isPartOf":{"@id":"https:\/\/super-news.info\/hu\/a-kormany-tobb-modon-is-tamogatja-a-munkaero-orszagon-beluli-mozgasat\/"},"author":{"name":"super-news","@id":"https:\/\/super-news.info\/hu\/#\/schema\/person\/2d4068cb2f39cd10008c2fce578a7356"},"headline":"A korm\u00e1ny t\u00f6bb m\u00f3don is t\u00e1mogatja a munkaer\u0151 orsz\u00e1gon bel\u00fcli mozg\u00e1s\u00e1t","datePublished":"2019-07-05T14:18:38+00:00","dateModified":"2019-07-05T14:18:39+00:00","mainEntityOfPage":{"@id":"https:\/\/super-news.info\/hu\/a-kormany-tobb-modon-is-tamogatja-a-munkaero-orszagon-beluli-mozgasat\/"},"wordCount":694,"commentCount":0,"image":{"@id":"https:\/\/super-news.info\/hu\/a-kormany-tobb-modon-is-tamogatja-a-munkaero-orszagon-beluli-mozgasat\/#primaryimage"},"thumbnailUrl":"https:\/\/super-news.info\/hu\/wp-content\/uploads\/sites\/3\/2019\/07\/A-korm\u00e1ny-t\u00f6bb-m\u00f3don-is-t\u00e1mogatja-a-munkaer\u0151-orsz\u00e1gon-bel\u00fcli.jpg","articleSection":["P\u00c9NZ\u00dcGYI H\u00cdREK"],"inLanguage":"hu","potentialAction":[{"@type":"CommentAction","name":"Comment","target":["https:\/\/super-news.info\/hu\/a-kormany-tobb-modon-is-tamogatja-a-munkaero-orszagon-beluli-mozgasat\/#respond"]}]},{"@type":"WebPage","@id":"https:\/\/super-news.info\/hu\/a-kormany-tobb-modon-is-tamogatja-a-munkaero-orszagon-beluli-mozgasat\/","url":"https:\/\/super-news.info\/hu\/a-kormany-tobb-modon-is-tamogatja-a-munkaero-orszagon-beluli-mozgasat\/","name":"A korm\u00e1ny t\u00f6bb m\u00f3don is t\u00e1mogatja a munkaer\u0151 orsz\u00e1gon bel\u00fcli mozg\u00e1s\u00e1t - Super News","isPartOf":{"@id":"https:\/\/super-news.info\/hu\/#website"},"primaryImageOfPage":{"@id":"https:\/\/super-news.info\/hu\/a-kormany-tobb-modon-is-tamogatja-a-munkaero-orszagon-beluli-mozgasat\/#primaryimage"},"image":{"@id":"https:\/\/super-news.info\/hu\/a-kormany-tobb-modon-is-tamogatja-a-munkaero-orszagon-beluli-mozgasat\/#primaryimage"},"thumbnailUrl":"https:\/\/super-news.info\/hu\/wp-content\/uploads\/sites\/3\/2019\/07\/A-korm\u00e1ny-t\u00f6bb-m\u00f3don-is-t\u00e1mogatja-a-munkaer\u0151-orsz\u00e1gon-bel\u00fcli.jpg","datePublished":"2019-07-05T14:18:38+00:00","dateModified":"2019-07-05T14:18:39+00:00","author":{"@id":"https:\/\/super-news.info\/hu\/#\/schema\/person\/2d4068cb2f39cd10008c2fce578a7356"},"breadcrumb":{"@id":"https:\/\/super-news.info\/hu\/a-kormany-tobb-modon-is-tamogatja-a-munkaero-orszagon-beluli-mozgasat\/#breadcrumb"},"inLanguage":"hu","potentialAction":[{"@type":"ReadAction","target":["https:\/\/super-news.info\/hu\/a-kormany-tobb-modon-is-tamogatja-a-munkaero-orszagon-beluli-mozgasat\/"]}]},{"@type":"ImageObject","inLanguage":"hu","@id":"https:\/\/super-news.info\/hu\/a-kormany-tobb-modon-is-tamogatja-a-munkaero-orszagon-beluli-mozgasat\/#primaryimage","url":"https:\/\/super-news.info\/hu\/wp-content\/uploads\/sites\/3\/2019\/07\/A-korm\u00e1ny-t\u00f6bb-m\u00f3don-is-t\u00e1mogatja-a-munkaer\u0151-orsz\u00e1gon-bel\u00fcli.jpg","contentUrl":"https:\/\/super-news.info\/hu\/wp-content\/uploads\/sites\/3\/2019\/07\/A-korm\u00e1ny-t\u00f6bb-m\u00f3don-is-t\u00e1mogatja-a-munkaer\u0151-orsz\u00e1gon-bel\u00fcli.jpg","width":1400,"height":933,"caption":"A korm\u00e1ny t\u00f6bb m\u00f3don is t\u00e1mogatja a munkaer\u0151 orsz\u00e1gon bel\u00fcli mozg\u00e1s\u00e1t"},{"@type":"BreadcrumbList","@id":"https:\/\/super-news.info\/hu\/a-kormany-tobb-modon-is-tamogatja-a-munkaero-orszagon-beluli-mozgasat\/#breadcrumb","itemListElement":[{"@type":"ListItem","position":1,"name":"\u0413\u043b\u0430\u0432\u043d\u0430\u044f \u0441\u0442\u0440\u0430\u043d\u0438\u0446\u0430","item":"https:\/\/super-news.info\/hu\/"},{"@type":"ListItem","position":2,"name":"A korm\u00e1ny t\u00f6bb m\u00f3don is t\u00e1mogatja a munkaer\u0151 orsz\u00e1gon bel\u00fcli mozg\u00e1s\u00e1t"}]},{"@type":"WebSite","@id":"https:\/\/super-news.info\/hu\/#website","url":"https:\/\/super-news.info\/hu\/","name":"Super News","description":"Super News Magyarorsz\u00e1g","potentialAction":[{"@type":"SearchAction","target":{"@type":"EntryPoint","urlTemplate":"https:\/\/super-news.info\/hu\/?s={search_term_string}"},"query-input":{"@type":"PropertyValueSpecification","valueRequired":true,"valueName":"search_term_string"}}],"inLanguage":"hu"},{"@type":"Person","@id":"https:\/\/super-news.info\/hu\/#\/schema\/person\/2d4068cb2f39cd10008c2fce578a7356","name":"super-news","image":{"@type":"ImageObject","inLanguage":"hu","@id":"https:\/\/secure.gravatar.com\/avatar\/64ebac40b93f26a154f8a9b5b6fdccfc46f442b26b3dd6756dbff3bf9dc76fd7?s=96&d=mm&r=g","url":"https:\/\/secure.gravatar.com\/avatar\/64ebac40b93f26a154f8a9b5b6fdccfc46f442b26b3dd6756dbff3bf9dc76fd7?s=96&d=mm&r=g","contentUrl":"https:\/\/secure.gravatar.com\/avatar\/64ebac40b93f26a154f8a9b5b6fdccfc46f442b26b3dd6756dbff3bf9dc76fd7?s=96&d=mm&r=g","caption":"super-news"},"url":"https:\/\/super-news.info\/hu\/author\/pt\/"}]}},"_links":{"self":[{"href":"https:\/\/super-news.info\/hu\/wp-json\/wp\/v2\/posts\/5461","targetHints":{"allow":["GET"]}}],"collection":[{"href":"https:\/\/super-news.info\/hu\/wp-json\/wp\/v2\/posts"}],"about":[{"href":"https:\/\/super-news.info\/hu\/wp-json\/wp\/v2\/types\/post"}],"author":[{"embeddable":true,"href":"https:\/\/super-news.info\/hu\/wp-json\/wp\/v2\/users\/2"}],"replies":[{"embeddable":true,"href":"https:\/\/super-news.info\/hu\/wp-json\/wp\/v2\/comments?post=5461"}],"version-history":[{"count":1,"href":"https:\/\/super-news.info\/hu\/wp-json\/wp\/v2\/posts\/5461\/revisions"}],"predecessor-version":[{"id":5463,"href":"https:\/\/super-news.info\/hu\/wp-json\/wp\/v2\/posts\/5461\/revisions\/5463"}],"wp:featuredmedia":[{"embeddable":true,"href":"https:\/\/super-news.info\/hu\/wp-json\/wp\/v2\/media\/5462"}],"wp:attachment":[{"href":"https:\/\/super-news.info\/hu\/wp-json\/wp\/v2\/media?parent=5461"}],"wp:term":[{"taxonomy":"category","embeddable":true,"href":"https:\/\/super-news.info\/hu\/wp-json\/wp\/v2\/categories?post=5461"},{"taxonomy":"post_tag","embeddable":true,"href":"https:\/\/super-news.info\/hu\/wp-json\/wp\/v2\/tags?post=5461"}],"curies":[{"name":"wp","href":"https:\/\/api.w.org\/{rel}","templated":true}]}}