{"id":5455,"date":"2019-07-05T15:29:12","date_gmt":"2019-07-05T12:29:12","guid":{"rendered":"https:\/\/super-news.info\/hu\/magyarorszag-tengeri-kikotot-epit-triesztben\/"},"modified":"2019-07-05T15:29:13","modified_gmt":"2019-07-05T12:29:13","slug":"magyarorszag-tengeri-kikotot-epit-triesztben","status":"publish","type":"post","link":"https:\/\/super-news.info\/hu\/magyarorszag-tengeri-kikotot-epit-triesztben\/","title":{"rendered":"Magyarorsz\u00e1g tengeri kik\u00f6t\u0151t \u00e9p\u00edt Triesztben"},"content":{"rendered":"<p> [ad_1]<br \/>\n<\/p>\n<p>\n\t\t\t\t\t\t\t\tMagyarorsz\u00e1g egy 300 m\u00e9ter hossz\u00fa partszakasszal rendelkez\u0151 32 hekt\u00e1ros ter\u00fcletet v\u00e1s\u00e1rolt meg Trieszt kik\u00f6t\u0151j\u00e9ben 31 milli\u00f3 eur\u00f3\u00e9rt.\t\t\t\t\t\t\t<\/p>\n<div>\n<blockquote>\n<p>Haz\u00e1nk tengeri kik\u00f6t\u0151t \u00e9s kij\u00e1ratot l\u00e9tes\u00edt az olaszorsz\u00e1gi Triesztben a magyar v\u00e1llalkoz\u00e1sok sz\u00e1m\u00e1ra, az err\u0151l sz\u00f3l\u00f3 meg\u00e1llapod\u00e1st p\u00e9nteken \u00edrt\u00e1k al\u00e1<\/p>\n<\/blockquote>\n<p>\u2013 jelentette be a k\u00fclgazdas\u00e1gi \u00e9s k\u00fcl\u00fcgyminiszter p\u00e9nteken Triesztben.<\/p>\n<p>Szijj\u00e1rt\u00f3 P\u00e9ter Matteo Salvini olasz bel\u00fcgyminiszterrel k\u00f6z\u00f6sen tartott sajt\u00f3t\u00e1j\u00e9koztat\u00f3j\u00e1n elmondta,<\/p>\n<p>Magyarorsz\u00e1g<\/p>\n<ul>\n<li>egy 300 m\u00e9ter hossz\u00fa partszakasszal rendelkez\u0151<\/li>\n<li>32 hekt\u00e1ros ter\u00fcletet v\u00e1s\u00e1rolt meg Trieszt kik\u00f6t\u0151j\u00e9ben<\/li>\n<li>31 milli\u00f3 eur\u00f3\u00e9rt,<\/li>\n<li>60 \u00e9ves koncesszi\u00f3s szerz\u0151d\u00e9s keret\u00e9ben.<\/li>\n<\/ul>\n<p>A v\u00e1mszabadkik\u00f6t\u0151ben majdnem 100 milli\u00f3 eur\u00f3s infrastruktur\u00e1lis beruh\u00e1z\u00e1st is terveznek, hogy a magyar v\u00e1llalkoz\u00e1sok innen bonyol\u00edthass\u00e1k le exporttev\u00e9kenys\u00e9g\u00fcket, amely v\u00e1rhat\u00f3an mintegy k\u00e9tmilli\u00f3 tonna, avagy 78 ezer kont\u00e9ner lesz \u00e9vente \u2013 ismertette a miniszter.<\/p>\n<div id=\"attachment_1612880\" style=\"width: 1410px\" class=\"wp-caption alignnone\">\n<p class=\"wp-caption-text\">Fot\u00f3: MTI\/KKM\/Burger Zsolt<\/p>\n<\/div>\n<p>Kiemelte, hogy a kik\u00f6t\u0151r\u0151l al\u00e1\u00edrt meg\u00e1llapod\u00e1s az elm\u00falt \u00e9vek egyik legfontosabb szerz\u0151d\u00e9se, amely strat\u00e9giai fontoss\u00e1g\u00fa a magyar v\u00e1llalatok \u00e9s Magyarorsz\u00e1g sz\u00e1m\u00e1ra. \u2013 fogalmazott Szijj\u00e1rt\u00f3 P\u00e9ter.<\/p>\n<p>Szijj\u00e1rt\u00f3 P\u00e9ter kit\u00e9rt arra is, hogy Olaszorsz\u00e1g az \u00f6t\u00f6dik legnagyobb kereskedelmi partnere Magyarorsz\u00e1gnak, \u00e9s egyben az \u00f6t\u00f6dik legfontosabb beruh\u00e1z\u00f3 Magyarorsz\u00e1gon, 700 olasz v\u00e1llalat t\u00f6bb mint 15 ezer munkav\u00e1llal\u00f3t foglalkoztat.<\/p>\n<p>Matteo Salvini azt hangs\u00falyozta, hogy a<\/p>\n<p>fejl\u0151d\u00e9s ir\u00e1ny\u00e1ba nyitnak kik\u00f6t\u0151ket<\/p>\n<p>\u00e9s olyan egy\u00fcttm\u0171k\u00f6d\u00e9si meg\u00e1llapod\u00e1sr\u00f3l van sz\u00f3, amely kiemelten hozz\u00e1j\u00e1rul az olasz gazdas\u00e1g n\u00f6veked\u00e9s\u00e9hez.<\/p>\n<p>A politikus elmondta, hogy Szijj\u00e1rt\u00f3 P\u00e9terrel folytatott t\u00e1rgyal\u00e1s\u00e1n besz\u00e9ltek az energetikai ter\u00fcletr\u0151l, mez\u0151gazdas\u00e1gi \u00e9s \u00e9lelmiszeripari egy\u00fcttm\u0171k\u00f6d\u00e9sr\u0151l, k\u00f6z\u00f6s v\u00e9delmi elgondol\u00e1sokr\u00f3l.<\/p>\n<p>Hozz\u00e1tette, hogy t\u00e1rgyaltak nagy infrastrukt\u00far\u00e1lis egy\u00fcttm\u0171k\u00f6d\u00e9sr\u0151l, amelynek keret\u00e9ben Magyarorsz\u00e1g egy\u00fcttm\u0171k\u00f6dik Olaszorsz\u00e1ggal. Energetikai \u00fatvonalakr\u00f3l is besz\u00e9ltek, amelyek szint\u00e9n f\u00fcggetlen \u00f6sszek\u00f6ttet\u00e9st biztos\u00edtanak a k\u00e9t orsz\u00e1g k\u00f6z\u00f6tt. Salvini \u00fagy v\u00e9lekedett, hogy ezek gazdas\u00e1gilag Trieszt v\u00e1rosa sz\u00e1m\u00e1ra is nagyon fontos l\u00e9p\u00e9sek, Magyarorsz\u00e1g gazdas\u00e1ga pedig kibontakoz\u00f3ban van \u00e9s \u201eer\u0151s fejl\u0151d\u00e9si \u00fatvonalon\u201d halad.<\/p>\n<p>Salvini elmondta, hogy p\u00e9ntek d\u00e9lel\u0151tt felh\u00edvta Bostjan Poklukar szlov\u00e9n \u00e9s Davor Bozinovic horv\u00e1t bel\u00fcgyminisztert, mert nyitott kik\u00f6t\u0151ket szeretn\u00e9nek, nyitott hat\u00e1rokat, amelyek a gazdags\u00e1got er\u0151s\u00edtik.<\/p>\n<p>Salvini elmondta azt is, hogy Friuli-Venezia Giulia tartom\u00e1ny korm\u00e1nyz\u00f3ja, Massimiliano Fedriga szeptemberben ell\u00e1togat Magyarorsz\u00e1gra, ahova \u0151 is igyekszik elk\u00eds\u00e9rni a korm\u00e1nyz\u00f3t.<\/p>\n<\/p><\/div>\n<p><script>\n    window.fbAsyncInit = function() {\n        FB.init({\n            appId      : \"204760236815359\",\n            xfbml      : true,\n            version    : \"v2.12\"\n        });\n        FB.AppEvents.logPageView();\n    };<\/p>\n<p>    (function(d, s, id){\n        var js, fjs = d.getElementsByTagName(s)[0];\n        if (d.getElementById(id)) {return;}\n        js = d.createElement(s); js.id = id;\n        js.src = \"http:\/\/connect.facebook.net\/hu_HU\/sdk.js\";\n        fjs.parentNode.insertBefore(js, fjs);\n    }(document, \"script\", \"facebook-jssdk\"));\n<\/script><br \/>\n<br \/>[ad_2]<br \/>\n<br \/><a href=\"https:\/\/www.vg.hu\/gazdasag\/gazdasagpolitika\/magyarorszag-tengeri-kikotot-epit-triesztben-1612853\/\">Source link <\/a><\/p>\n","protected":false},"excerpt":{"rendered":"<p>[ad_1] Magyarorsz\u00e1g egy 300 m\u00e9ter hossz\u00fa partszakasszal rendelkez\u0151 32 hekt\u00e1ros ter\u00fcletet v\u00e1s\u00e1rolt meg Trieszt kik\u00f6t\u0151j\u00e9ben 31 milli\u00f3 eur\u00f3\u00e9rt. Haz\u00e1nk tengeri kik\u00f6t\u0151t \u00e9s kij\u00e1ratot l\u00e9tes\u00edt az olaszorsz\u00e1gi Triesztben a magyar v\u00e1llalkoz\u00e1sok sz\u00e1m\u00e1ra, az err\u0151l sz\u00f3l\u00f3 meg\u00e1llapod\u00e1st p\u00e9nteken \u00edrt\u00e1k al\u00e1 \u2013 jelentette be a k\u00fclgazdas\u00e1gi \u00e9s k\u00fcl\u00fcgyminiszter p\u00e9nteken Triesztben. Szijj\u00e1rt\u00f3 P\u00e9ter Matteo Salvini olasz bel\u00fcgyminiszterrel k\u00f6z\u00f6sen tartott [&hellip;]<\/p>\n","protected":false},"author":2,"featured_media":5456,"comment_status":"open","ping_status":"open","sticky":false,"template":"","format":"standard","meta":{"footnotes":""},"categories":[1],"tags":[],"class_list":["post-5455","post","type-post","status-publish","format-standard","has-post-thumbnail","hentry","category-penzugyi-hirek"],"yoast_head":"<!-- This site is optimized with the Yoast SEO plugin v27.4 - https:\/\/yoast.com\/product\/yoast-seo-wordpress\/ -->\n<title>Magyarorsz\u00e1g tengeri kik\u00f6t\u0151t \u00e9p\u00edt Triesztben - Super News<\/title>\n<meta name=\"robots\" content=\"index, follow, max-snippet:-1, max-image-preview:large, max-video-preview:-1\" \/>\n<link rel=\"canonical\" href=\"https:\/\/super-news.info\/hu\/magyarorszag-tengeri-kikotot-epit-triesztben\/\" \/>\n<meta property=\"og:locale\" content=\"hu_HU\" \/>\n<meta property=\"og:type\" content=\"article\" \/>\n<meta property=\"og:title\" content=\"Magyarorsz\u00e1g tengeri kik\u00f6t\u0151t \u00e9p\u00edt Triesztben - Super News\" \/>\n<meta property=\"og:description\" content=\"[ad_1] Magyarorsz\u00e1g egy 300 m\u00e9ter hossz\u00fa partszakasszal rendelkez\u0151 32 hekt\u00e1ros ter\u00fcletet v\u00e1s\u00e1rolt meg Trieszt kik\u00f6t\u0151j\u00e9ben 31 milli\u00f3 eur\u00f3\u00e9rt. Haz\u00e1nk tengeri kik\u00f6t\u0151t \u00e9s kij\u00e1ratot l\u00e9tes\u00edt az olaszorsz\u00e1gi Triesztben a magyar v\u00e1llalkoz\u00e1sok sz\u00e1m\u00e1ra, az err\u0151l sz\u00f3l\u00f3 meg\u00e1llapod\u00e1st p\u00e9nteken \u00edrt\u00e1k al\u00e1 \u2013 jelentette be a k\u00fclgazdas\u00e1gi \u00e9s k\u00fcl\u00fcgyminiszter p\u00e9nteken Triesztben. Szijj\u00e1rt\u00f3 P\u00e9ter Matteo Salvini olasz bel\u00fcgyminiszterrel k\u00f6z\u00f6sen tartott [&hellip;]\" \/>\n<meta property=\"og:url\" content=\"https:\/\/super-news.info\/hu\/magyarorszag-tengeri-kikotot-epit-triesztben\/\" \/>\n<meta property=\"og:site_name\" content=\"Super News\" \/>\n<meta property=\"article:published_time\" content=\"2019-07-05T12:29:12+00:00\" \/>\n<meta property=\"article:modified_time\" content=\"2019-07-05T12:29:13+00:00\" \/>\n<meta property=\"og:image\" content=\"https:\/\/super-news.info\/hu\/wp-content\/uploads\/sites\/3\/2019\/07\/Magyarorsz\u00e1g-tengeri-kik\u00f6t\u0151t-\u00e9p\u00edt-Triesztben.jpg\" \/>\n\t<meta property=\"og:image:width\" content=\"1400\" \/>\n\t<meta property=\"og:image:height\" content=\"933\" \/>\n\t<meta property=\"og:image:type\" content=\"image\/jpeg\" \/>\n<meta name=\"author\" content=\"super-news\" \/>\n<meta name=\"twitter:card\" content=\"summary_large_image\" \/>\n<meta name=\"twitter:label1\" content=\"Szerz\u0151:\" \/>\n\t<meta name=\"twitter:data1\" content=\"super-news\" \/>\n\t<meta name=\"twitter:label2\" content=\"Becs\u00fclt olvas\u00e1si id\u0151\" \/>\n\t<meta name=\"twitter:data2\" content=\"2 perc\" \/>\n<script type=\"application\/ld+json\" class=\"yoast-schema-graph\">{\"@context\":\"https:\\\/\\\/schema.org\",\"@graph\":[{\"@type\":\"Article\",\"@id\":\"https:\\\/\\\/super-news.info\\\/hu\\\/magyarorszag-tengeri-kikotot-epit-triesztben\\\/#article\",\"isPartOf\":{\"@id\":\"https:\\\/\\\/super-news.info\\\/hu\\\/magyarorszag-tengeri-kikotot-epit-triesztben\\\/\"},\"author\":{\"name\":\"super-news\",\"@id\":\"https:\\\/\\\/super-news.info\\\/hu\\\/#\\\/schema\\\/person\\\/2d4068cb2f39cd10008c2fce578a7356\"},\"headline\":\"Magyarorsz\u00e1g tengeri kik\u00f6t\u0151t \u00e9p\u00edt Triesztben\",\"datePublished\":\"2019-07-05T12:29:12+00:00\",\"dateModified\":\"2019-07-05T12:29:13+00:00\",\"mainEntityOfPage\":{\"@id\":\"https:\\\/\\\/super-news.info\\\/hu\\\/magyarorszag-tengeri-kikotot-epit-triesztben\\\/\"},\"wordCount\":508,\"commentCount\":0,\"image\":{\"@id\":\"https:\\\/\\\/super-news.info\\\/hu\\\/magyarorszag-tengeri-kikotot-epit-triesztben\\\/#primaryimage\"},\"thumbnailUrl\":\"https:\\\/\\\/super-news.info\\\/hu\\\/wp-content\\\/uploads\\\/sites\\\/3\\\/2019\\\/07\\\/Magyarorsz\u00e1g-tengeri-kik\u00f6t\u0151t-\u00e9p\u00edt-Triesztben.jpg\",\"articleSection\":[\"P\u00c9NZ\u00dcGYI H\u00cdREK\"],\"inLanguage\":\"hu\",\"potentialAction\":[{\"@type\":\"CommentAction\",\"name\":\"Comment\",\"target\":[\"https:\\\/\\\/super-news.info\\\/hu\\\/magyarorszag-tengeri-kikotot-epit-triesztben\\\/#respond\"]}]},{\"@type\":\"WebPage\",\"@id\":\"https:\\\/\\\/super-news.info\\\/hu\\\/magyarorszag-tengeri-kikotot-epit-triesztben\\\/\",\"url\":\"https:\\\/\\\/super-news.info\\\/hu\\\/magyarorszag-tengeri-kikotot-epit-triesztben\\\/\",\"name\":\"Magyarorsz\u00e1g tengeri kik\u00f6t\u0151t \u00e9p\u00edt Triesztben - Super News\",\"isPartOf\":{\"@id\":\"https:\\\/\\\/super-news.info\\\/hu\\\/#website\"},\"primaryImageOfPage\":{\"@id\":\"https:\\\/\\\/super-news.info\\\/hu\\\/magyarorszag-tengeri-kikotot-epit-triesztben\\\/#primaryimage\"},\"image\":{\"@id\":\"https:\\\/\\\/super-news.info\\\/hu\\\/magyarorszag-tengeri-kikotot-epit-triesztben\\\/#primaryimage\"},\"thumbnailUrl\":\"https:\\\/\\\/super-news.info\\\/hu\\\/wp-content\\\/uploads\\\/sites\\\/3\\\/2019\\\/07\\\/Magyarorsz\u00e1g-tengeri-kik\u00f6t\u0151t-\u00e9p\u00edt-Triesztben.jpg\",\"datePublished\":\"2019-07-05T12:29:12+00:00\",\"dateModified\":\"2019-07-05T12:29:13+00:00\",\"author\":{\"@id\":\"https:\\\/\\\/super-news.info\\\/hu\\\/#\\\/schema\\\/person\\\/2d4068cb2f39cd10008c2fce578a7356\"},\"breadcrumb\":{\"@id\":\"https:\\\/\\\/super-news.info\\\/hu\\\/magyarorszag-tengeri-kikotot-epit-triesztben\\\/#breadcrumb\"},\"inLanguage\":\"hu\",\"potentialAction\":[{\"@type\":\"ReadAction\",\"target\":[\"https:\\\/\\\/super-news.info\\\/hu\\\/magyarorszag-tengeri-kikotot-epit-triesztben\\\/\"]}]},{\"@type\":\"ImageObject\",\"inLanguage\":\"hu\",\"@id\":\"https:\\\/\\\/super-news.info\\\/hu\\\/magyarorszag-tengeri-kikotot-epit-triesztben\\\/#primaryimage\",\"url\":\"https:\\\/\\\/super-news.info\\\/hu\\\/wp-content\\\/uploads\\\/sites\\\/3\\\/2019\\\/07\\\/Magyarorsz\u00e1g-tengeri-kik\u00f6t\u0151t-\u00e9p\u00edt-Triesztben.jpg\",\"contentUrl\":\"https:\\\/\\\/super-news.info\\\/hu\\\/wp-content\\\/uploads\\\/sites\\\/3\\\/2019\\\/07\\\/Magyarorsz\u00e1g-tengeri-kik\u00f6t\u0151t-\u00e9p\u00edt-Triesztben.jpg\",\"width\":1400,\"height\":933,\"caption\":\"Magyarorsz\u00e1g tengeri kik\u00f6t\u0151t \u00e9p\u00edt Triesztben\"},{\"@type\":\"BreadcrumbList\",\"@id\":\"https:\\\/\\\/super-news.info\\\/hu\\\/magyarorszag-tengeri-kikotot-epit-triesztben\\\/#breadcrumb\",\"itemListElement\":[{\"@type\":\"ListItem\",\"position\":1,\"name\":\"\u0413\u043b\u0430\u0432\u043d\u0430\u044f \u0441\u0442\u0440\u0430\u043d\u0438\u0446\u0430\",\"item\":\"https:\\\/\\\/super-news.info\\\/hu\\\/\"},{\"@type\":\"ListItem\",\"position\":2,\"name\":\"Magyarorsz\u00e1g tengeri kik\u00f6t\u0151t \u00e9p\u00edt Triesztben\"}]},{\"@type\":\"WebSite\",\"@id\":\"https:\\\/\\\/super-news.info\\\/hu\\\/#website\",\"url\":\"https:\\\/\\\/super-news.info\\\/hu\\\/\",\"name\":\"Super News\",\"description\":\"Super News Magyarorsz\u00e1g\",\"potentialAction\":[{\"@type\":\"SearchAction\",\"target\":{\"@type\":\"EntryPoint\",\"urlTemplate\":\"https:\\\/\\\/super-news.info\\\/hu\\\/?s={search_term_string}\"},\"query-input\":{\"@type\":\"PropertyValueSpecification\",\"valueRequired\":true,\"valueName\":\"search_term_string\"}}],\"inLanguage\":\"hu\"},{\"@type\":\"Person\",\"@id\":\"https:\\\/\\\/super-news.info\\\/hu\\\/#\\\/schema\\\/person\\\/2d4068cb2f39cd10008c2fce578a7356\",\"name\":\"super-news\",\"image\":{\"@type\":\"ImageObject\",\"inLanguage\":\"hu\",\"@id\":\"https:\\\/\\\/secure.gravatar.com\\\/avatar\\\/64ebac40b93f26a154f8a9b5b6fdccfc46f442b26b3dd6756dbff3bf9dc76fd7?s=96&d=mm&r=g\",\"url\":\"https:\\\/\\\/secure.gravatar.com\\\/avatar\\\/64ebac40b93f26a154f8a9b5b6fdccfc46f442b26b3dd6756dbff3bf9dc76fd7?s=96&d=mm&r=g\",\"contentUrl\":\"https:\\\/\\\/secure.gravatar.com\\\/avatar\\\/64ebac40b93f26a154f8a9b5b6fdccfc46f442b26b3dd6756dbff3bf9dc76fd7?s=96&d=mm&r=g\",\"caption\":\"super-news\"},\"url\":\"https:\\\/\\\/super-news.info\\\/hu\\\/author\\\/pt\\\/\"}]}<\/script>\n<!-- \/ Yoast SEO plugin. -->","yoast_head_json":{"title":"Magyarorsz\u00e1g tengeri kik\u00f6t\u0151t \u00e9p\u00edt Triesztben - Super News","robots":{"index":"index","follow":"follow","max-snippet":"max-snippet:-1","max-image-preview":"max-image-preview:large","max-video-preview":"max-video-preview:-1"},"canonical":"https:\/\/super-news.info\/hu\/magyarorszag-tengeri-kikotot-epit-triesztben\/","og_locale":"hu_HU","og_type":"article","og_title":"Magyarorsz\u00e1g tengeri kik\u00f6t\u0151t \u00e9p\u00edt Triesztben - Super News","og_description":"[ad_1] Magyarorsz\u00e1g egy 300 m\u00e9ter hossz\u00fa partszakasszal rendelkez\u0151 32 hekt\u00e1ros ter\u00fcletet v\u00e1s\u00e1rolt meg Trieszt kik\u00f6t\u0151j\u00e9ben 31 milli\u00f3 eur\u00f3\u00e9rt. Haz\u00e1nk tengeri kik\u00f6t\u0151t \u00e9s kij\u00e1ratot l\u00e9tes\u00edt az olaszorsz\u00e1gi Triesztben a magyar v\u00e1llalkoz\u00e1sok sz\u00e1m\u00e1ra, az err\u0151l sz\u00f3l\u00f3 meg\u00e1llapod\u00e1st p\u00e9nteken \u00edrt\u00e1k al\u00e1 \u2013 jelentette be a k\u00fclgazdas\u00e1gi \u00e9s k\u00fcl\u00fcgyminiszter p\u00e9nteken Triesztben. Szijj\u00e1rt\u00f3 P\u00e9ter Matteo Salvini olasz bel\u00fcgyminiszterrel k\u00f6z\u00f6sen tartott [&hellip;]","og_url":"https:\/\/super-news.info\/hu\/magyarorszag-tengeri-kikotot-epit-triesztben\/","og_site_name":"Super News","article_published_time":"2019-07-05T12:29:12+00:00","article_modified_time":"2019-07-05T12:29:13+00:00","og_image":[{"width":1400,"height":933,"url":"https:\/\/super-news.info\/hu\/wp-content\/uploads\/sites\/3\/2019\/07\/Magyarorsz\u00e1g-tengeri-kik\u00f6t\u0151t-\u00e9p\u00edt-Triesztben.jpg","type":"image\/jpeg"}],"author":"super-news","twitter_card":"summary_large_image","twitter_misc":{"Szerz\u0151:":"super-news","Becs\u00fclt olvas\u00e1si id\u0151":"2 perc"},"schema":{"@context":"https:\/\/schema.org","@graph":[{"@type":"Article","@id":"https:\/\/super-news.info\/hu\/magyarorszag-tengeri-kikotot-epit-triesztben\/#article","isPartOf":{"@id":"https:\/\/super-news.info\/hu\/magyarorszag-tengeri-kikotot-epit-triesztben\/"},"author":{"name":"super-news","@id":"https:\/\/super-news.info\/hu\/#\/schema\/person\/2d4068cb2f39cd10008c2fce578a7356"},"headline":"Magyarorsz\u00e1g tengeri kik\u00f6t\u0151t \u00e9p\u00edt Triesztben","datePublished":"2019-07-05T12:29:12+00:00","dateModified":"2019-07-05T12:29:13+00:00","mainEntityOfPage":{"@id":"https:\/\/super-news.info\/hu\/magyarorszag-tengeri-kikotot-epit-triesztben\/"},"wordCount":508,"commentCount":0,"image":{"@id":"https:\/\/super-news.info\/hu\/magyarorszag-tengeri-kikotot-epit-triesztben\/#primaryimage"},"thumbnailUrl":"https:\/\/super-news.info\/hu\/wp-content\/uploads\/sites\/3\/2019\/07\/Magyarorsz\u00e1g-tengeri-kik\u00f6t\u0151t-\u00e9p\u00edt-Triesztben.jpg","articleSection":["P\u00c9NZ\u00dcGYI H\u00cdREK"],"inLanguage":"hu","potentialAction":[{"@type":"CommentAction","name":"Comment","target":["https:\/\/super-news.info\/hu\/magyarorszag-tengeri-kikotot-epit-triesztben\/#respond"]}]},{"@type":"WebPage","@id":"https:\/\/super-news.info\/hu\/magyarorszag-tengeri-kikotot-epit-triesztben\/","url":"https:\/\/super-news.info\/hu\/magyarorszag-tengeri-kikotot-epit-triesztben\/","name":"Magyarorsz\u00e1g tengeri kik\u00f6t\u0151t \u00e9p\u00edt Triesztben - Super News","isPartOf":{"@id":"https:\/\/super-news.info\/hu\/#website"},"primaryImageOfPage":{"@id":"https:\/\/super-news.info\/hu\/magyarorszag-tengeri-kikotot-epit-triesztben\/#primaryimage"},"image":{"@id":"https:\/\/super-news.info\/hu\/magyarorszag-tengeri-kikotot-epit-triesztben\/#primaryimage"},"thumbnailUrl":"https:\/\/super-news.info\/hu\/wp-content\/uploads\/sites\/3\/2019\/07\/Magyarorsz\u00e1g-tengeri-kik\u00f6t\u0151t-\u00e9p\u00edt-Triesztben.jpg","datePublished":"2019-07-05T12:29:12+00:00","dateModified":"2019-07-05T12:29:13+00:00","author":{"@id":"https:\/\/super-news.info\/hu\/#\/schema\/person\/2d4068cb2f39cd10008c2fce578a7356"},"breadcrumb":{"@id":"https:\/\/super-news.info\/hu\/magyarorszag-tengeri-kikotot-epit-triesztben\/#breadcrumb"},"inLanguage":"hu","potentialAction":[{"@type":"ReadAction","target":["https:\/\/super-news.info\/hu\/magyarorszag-tengeri-kikotot-epit-triesztben\/"]}]},{"@type":"ImageObject","inLanguage":"hu","@id":"https:\/\/super-news.info\/hu\/magyarorszag-tengeri-kikotot-epit-triesztben\/#primaryimage","url":"https:\/\/super-news.info\/hu\/wp-content\/uploads\/sites\/3\/2019\/07\/Magyarorsz\u00e1g-tengeri-kik\u00f6t\u0151t-\u00e9p\u00edt-Triesztben.jpg","contentUrl":"https:\/\/super-news.info\/hu\/wp-content\/uploads\/sites\/3\/2019\/07\/Magyarorsz\u00e1g-tengeri-kik\u00f6t\u0151t-\u00e9p\u00edt-Triesztben.jpg","width":1400,"height":933,"caption":"Magyarorsz\u00e1g tengeri kik\u00f6t\u0151t \u00e9p\u00edt Triesztben"},{"@type":"BreadcrumbList","@id":"https:\/\/super-news.info\/hu\/magyarorszag-tengeri-kikotot-epit-triesztben\/#breadcrumb","itemListElement":[{"@type":"ListItem","position":1,"name":"\u0413\u043b\u0430\u0432\u043d\u0430\u044f \u0441\u0442\u0440\u0430\u043d\u0438\u0446\u0430","item":"https:\/\/super-news.info\/hu\/"},{"@type":"ListItem","position":2,"name":"Magyarorsz\u00e1g tengeri kik\u00f6t\u0151t \u00e9p\u00edt Triesztben"}]},{"@type":"WebSite","@id":"https:\/\/super-news.info\/hu\/#website","url":"https:\/\/super-news.info\/hu\/","name":"Super News","description":"Super News Magyarorsz\u00e1g","potentialAction":[{"@type":"SearchAction","target":{"@type":"EntryPoint","urlTemplate":"https:\/\/super-news.info\/hu\/?s={search_term_string}"},"query-input":{"@type":"PropertyValueSpecification","valueRequired":true,"valueName":"search_term_string"}}],"inLanguage":"hu"},{"@type":"Person","@id":"https:\/\/super-news.info\/hu\/#\/schema\/person\/2d4068cb2f39cd10008c2fce578a7356","name":"super-news","image":{"@type":"ImageObject","inLanguage":"hu","@id":"https:\/\/secure.gravatar.com\/avatar\/64ebac40b93f26a154f8a9b5b6fdccfc46f442b26b3dd6756dbff3bf9dc76fd7?s=96&d=mm&r=g","url":"https:\/\/secure.gravatar.com\/avatar\/64ebac40b93f26a154f8a9b5b6fdccfc46f442b26b3dd6756dbff3bf9dc76fd7?s=96&d=mm&r=g","contentUrl":"https:\/\/secure.gravatar.com\/avatar\/64ebac40b93f26a154f8a9b5b6fdccfc46f442b26b3dd6756dbff3bf9dc76fd7?s=96&d=mm&r=g","caption":"super-news"},"url":"https:\/\/super-news.info\/hu\/author\/pt\/"}]}},"_links":{"self":[{"href":"https:\/\/super-news.info\/hu\/wp-json\/wp\/v2\/posts\/5455","targetHints":{"allow":["GET"]}}],"collection":[{"href":"https:\/\/super-news.info\/hu\/wp-json\/wp\/v2\/posts"}],"about":[{"href":"https:\/\/super-news.info\/hu\/wp-json\/wp\/v2\/types\/post"}],"author":[{"embeddable":true,"href":"https:\/\/super-news.info\/hu\/wp-json\/wp\/v2\/users\/2"}],"replies":[{"embeddable":true,"href":"https:\/\/super-news.info\/hu\/wp-json\/wp\/v2\/comments?post=5455"}],"version-history":[{"count":1,"href":"https:\/\/super-news.info\/hu\/wp-json\/wp\/v2\/posts\/5455\/revisions"}],"predecessor-version":[{"id":5457,"href":"https:\/\/super-news.info\/hu\/wp-json\/wp\/v2\/posts\/5455\/revisions\/5457"}],"wp:featuredmedia":[{"embeddable":true,"href":"https:\/\/super-news.info\/hu\/wp-json\/wp\/v2\/media\/5456"}],"wp:attachment":[{"href":"https:\/\/super-news.info\/hu\/wp-json\/wp\/v2\/media?parent=5455"}],"wp:term":[{"taxonomy":"category","embeddable":true,"href":"https:\/\/super-news.info\/hu\/wp-json\/wp\/v2\/categories?post=5455"},{"taxonomy":"post_tag","embeddable":true,"href":"https:\/\/super-news.info\/hu\/wp-json\/wp\/v2\/tags?post=5455"}],"curies":[{"name":"wp","href":"https:\/\/api.w.org\/{rel}","templated":true}]}}