{"id":5449,"date":"2019-07-05T13:42:11","date_gmt":"2019-07-05T10:42:11","guid":{"rendered":"https:\/\/super-news.info\/hu\/uj-csucsra-ugrott-majusig-a-szemelyi-kolcsonok-allomanya\/"},"modified":"2019-07-05T13:42:12","modified_gmt":"2019-07-05T10:42:12","slug":"uj-csucsra-ugrott-majusig-a-szemelyi-kolcsonok-allomanya","status":"publish","type":"post","link":"https:\/\/super-news.info\/hu\/uj-csucsra-ugrott-majusig-a-szemelyi-kolcsonok-allomanya\/","title":{"rendered":"\u00daj cs\u00facsra ugrott m\u00e1jusig a szem\u00e9lyi k\u00f6lcs\u00f6n\u00f6k \u00e1llom\u00e1nya"},"content":{"rendered":"<p> [ad_1]<br \/>\n<\/p>\n<p>\n\t\t\t\t\t\t\t\tAz egy \u00e9vvel kor\u00e1bbin\u00e1l 23,5 sz\u00e1zal\u00e9kkal t\u00f6bb, \u00f6sszesen 696 milli\u00e1rd forintnyi fogyaszt\u00e1si- \u00e9s lak\u00e1shitel-szerz\u0151d\u00e9st k\u00f6t\u00f6ttek az \u00e9v els\u0151 \u00f6t h\u00f3napj\u00e1ban a h\u00e1ztart\u00e1sok. A szem\u00e9lyi k\u00f6lcs\u00f6n\u00f6ket v\u00e1ltozatlanul nagyon keresik a lakoss\u00e1gi \u00fcgyfelek.\t\t\t\t\t\t\t<\/p>\n<div>\n<p>M\u00e1jusban is igen akt\u00edvnak mutatkoztak a hitelpiacon a h\u00e1ztart\u00e1sok, az els\u0151 \u00f6t h\u00f3napban is jelent\u0151s volt a b\u0151v\u00fcl\u00e9s az \u00faj kihelyez\u00e9sekn\u00e9l az egy \u00e9vvel kor\u00e1bbihoz k\u00e9pest. A Magyar Nemzeti Bank (MNB) adatai szerint 2019 els\u0151 \u00f6t h\u00f3napj\u00e1ban 696,4 milli\u00e1rd forintnyi \u00faj fogyaszt\u00e1si- \u00e9s lak\u00e1shitel-szerz\u0151d\u00e9st k\u00f6t\u00f6ttek \u2013 a foly\u00f3sz\u00e1mlahiteleket nem sz\u00e1m\u00edtva \u2013 a lakoss\u00e1gi \u00fcgyfelek, ez 23,5 sz\u00e1zal\u00e9kos b\u0151v\u00fcl\u00e9s az egy \u00e9vvel kor\u00e1bbi mennyis\u00e9ghez k\u00e9pest.<\/p>\n<div id=\"attachment_1612640\" style=\"width: 1410px\" class=\"wp-caption aligncenter\">\n<p class=\"wp-caption-text\">Fot\u00f3: Mohai Bal\u00e1zs \/ MTI<\/p>\n<\/div>\n<p>Az \u00faj kihelyez\u00e9seken bel\u00fcl \u2013 hasonl\u00f3an a kor\u00e1bbi h\u00f3napokhoz \u2013 a fogyaszt\u00e1si hitelekn\u00e9l volt a jelent\u0151sebb a n\u00f6veked\u00e9s: ezekb\u0151l \u00f6t h\u00f3nap alatt 324,5 milli\u00e1rd forintnyit vettek fel a lakoss\u00e1gi \u00fcgyfelek, 30,1 sz\u00e1zal\u00e9kkal t\u00f6bbet, mint egy \u00e9vvel kor\u00e1bban. Ezzel egy\u00fctt a lak\u00e1shitelekn\u00e9l sem rosszak a sz\u00e1mok:<\/p>\n<p>371,9 milli\u00e1rd forintnyi \u00faj szerz\u0151d\u00e9st regisztr\u00e1lt a janu\u00e1r eleje \u00e9s m\u00e1jus v\u00e9ge k\u00f6z\u00f6tti id\u0151szakra az MNB, ami 18,3 sz\u00e1zal\u00e9kos n\u00f6veked\u00e9snek felel meg.<\/p>\n<p>A fogyaszt\u00e1si hiteleken bel\u00fcl v\u00e1ltozatlanul a szem\u00e9lyi k\u00f6lcs\u00f6n\u00f6k\u00e9 a meghat\u00e1roz\u00f3 szerep:<\/p>\n<p>ezekb\u0151l m\u00e1jus v\u00e9g\u00e9ig t\u00f6bb mint 230 milli\u00e1rd forintnyit foly\u00f3s\u00edtottak a p\u00e9nz\u00fcgyi szolg\u00e1ltat\u00f3k, ez 33,6 sz\u00e1zal\u00e9kos emelked\u00e9s az egy \u00e9vvel kor\u00e1bbi \u00e9rt\u00e9khez viszony\u00edtva. A piaci tort\u00e1b\u00f3l j\u00f3val kisebb szeletet kihas\u00edt\u00f3 \u00e1ruv\u00e1s\u00e1rl\u00e1si \u00e9s egy\u00e9b hitelekn\u00e9l m\u00e9g enn\u00e9l is l\u00e1tv\u00e1nyosabb volt a b\u0151v\u00fcl\u00e9s: a 41,7 milli\u00e1rdos \u00faj \u00e1llom\u00e1ny csaknem 63 sz\u00e1zal\u00e9kos emelked\u00e9st takar.<\/p>\n<p>\u00a0<\/p>\n<p style=\"text-align: right;\"><em>A teljes cikket a Vil\u00e1ggazdas\u00e1g p\u00e9nteki sz\u00e1m\u00e1ban olvashatj\u00e1k<\/em><\/p>\n<\/p><\/div>\n<p><script>\n    window.fbAsyncInit = function() {\n        FB.init({\n            appId      : \"204760236815359\",\n            xfbml      : true,\n            version    : \"v2.12\"\n        });\n        FB.AppEvents.logPageView();\n    };<\/p>\n<p>    (function(d, s, id){\n        var js, fjs = d.getElementsByTagName(s)[0];\n        if (d.getElementById(id)) {return;}\n        js = d.createElement(s); js.id = id;\n        js.src = \"http:\/\/connect.facebook.net\/hu_HU\/sdk.js\";\n        fjs.parentNode.insertBefore(js, fjs);\n    }(document, \"script\", \"facebook-jssdk\"));\n<\/script><br \/>\n<br \/>[ad_2]<br \/>\n<br \/><a href=\"https:\/\/www.vg.hu\/penzugy\/penzugyi-hirek\/uj-csucsra-ugrott-majusig-a-szemelyi-kolcsonok-allomanya-2-1612637\/\">Source link <\/a><\/p>\n","protected":false},"excerpt":{"rendered":"<p>[ad_1] Az egy \u00e9vvel kor\u00e1bbin\u00e1l 23,5 sz\u00e1zal\u00e9kkal t\u00f6bb, \u00f6sszesen 696 milli\u00e1rd forintnyi fogyaszt\u00e1si- \u00e9s lak\u00e1shitel-szerz\u0151d\u00e9st k\u00f6t\u00f6ttek az \u00e9v els\u0151 \u00f6t h\u00f3napj\u00e1ban a h\u00e1ztart\u00e1sok. A szem\u00e9lyi k\u00f6lcs\u00f6n\u00f6ket v\u00e1ltozatlanul nagyon keresik a lakoss\u00e1gi \u00fcgyfelek. M\u00e1jusban is igen akt\u00edvnak mutatkoztak a hitelpiacon a h\u00e1ztart\u00e1sok, az els\u0151 \u00f6t h\u00f3napban is jelent\u0151s volt a b\u0151v\u00fcl\u00e9s az \u00faj kihelyez\u00e9sekn\u00e9l az egy [&hellip;]<\/p>\n","protected":false},"author":2,"featured_media":5450,"comment_status":"open","ping_status":"open","sticky":false,"template":"","format":"standard","meta":{"footnotes":""},"categories":[1],"tags":[],"class_list":["post-5449","post","type-post","status-publish","format-standard","has-post-thumbnail","hentry","category-penzugyi-hirek"],"yoast_head":"<!-- This site is optimized with the Yoast SEO plugin v27.4 - https:\/\/yoast.com\/product\/yoast-seo-wordpress\/ -->\n<title>\u00daj cs\u00facsra ugrott m\u00e1jusig a szem\u00e9lyi k\u00f6lcs\u00f6n\u00f6k \u00e1llom\u00e1nya - Super News<\/title>\n<meta name=\"robots\" content=\"index, follow, max-snippet:-1, max-image-preview:large, max-video-preview:-1\" \/>\n<link rel=\"canonical\" href=\"https:\/\/super-news.info\/hu\/uj-csucsra-ugrott-majusig-a-szemelyi-kolcsonok-allomanya\/\" \/>\n<meta property=\"og:locale\" content=\"hu_HU\" \/>\n<meta property=\"og:type\" content=\"article\" \/>\n<meta property=\"og:title\" content=\"\u00daj cs\u00facsra ugrott m\u00e1jusig a szem\u00e9lyi k\u00f6lcs\u00f6n\u00f6k \u00e1llom\u00e1nya - Super News\" \/>\n<meta property=\"og:description\" content=\"[ad_1] Az egy \u00e9vvel kor\u00e1bbin\u00e1l 23,5 sz\u00e1zal\u00e9kkal t\u00f6bb, \u00f6sszesen 696 milli\u00e1rd forintnyi fogyaszt\u00e1si- \u00e9s lak\u00e1shitel-szerz\u0151d\u00e9st k\u00f6t\u00f6ttek az \u00e9v els\u0151 \u00f6t h\u00f3napj\u00e1ban a h\u00e1ztart\u00e1sok. A szem\u00e9lyi k\u00f6lcs\u00f6n\u00f6ket v\u00e1ltozatlanul nagyon keresik a lakoss\u00e1gi \u00fcgyfelek. M\u00e1jusban is igen akt\u00edvnak mutatkoztak a hitelpiacon a h\u00e1ztart\u00e1sok, az els\u0151 \u00f6t h\u00f3napban is jelent\u0151s volt a b\u0151v\u00fcl\u00e9s az \u00faj kihelyez\u00e9sekn\u00e9l az egy [&hellip;]\" \/>\n<meta property=\"og:url\" content=\"https:\/\/super-news.info\/hu\/uj-csucsra-ugrott-majusig-a-szemelyi-kolcsonok-allomanya\/\" \/>\n<meta property=\"og:site_name\" content=\"Super News\" \/>\n<meta property=\"article:published_time\" content=\"2019-07-05T10:42:11+00:00\" \/>\n<meta property=\"article:modified_time\" content=\"2019-07-05T10:42:12+00:00\" \/>\n<meta property=\"og:image\" content=\"https:\/\/super-news.info\/hu\/wp-content\/uploads\/sites\/3\/2019\/07\/\u00daj-cs\u00facsra-ugrott-m\u00e1jusig-a-szem\u00e9lyi-k\u00f6lcs\u00f6n\u00f6k-\u00e1llom\u00e1nya.jpg\" \/>\n\t<meta property=\"og:image:width\" content=\"1400\" \/>\n\t<meta property=\"og:image:height\" content=\"933\" \/>\n\t<meta property=\"og:image:type\" content=\"image\/jpeg\" \/>\n<meta name=\"author\" content=\"super-news\" \/>\n<meta name=\"twitter:card\" content=\"summary_large_image\" \/>\n<meta name=\"twitter:label1\" content=\"Szerz\u0151:\" \/>\n\t<meta name=\"twitter:data1\" content=\"super-news\" \/>\n\t<meta name=\"twitter:label2\" content=\"Becs\u00fclt olvas\u00e1si id\u0151\" \/>\n\t<meta name=\"twitter:data2\" content=\"2 perc\" \/>\n<script type=\"application\/ld+json\" class=\"yoast-schema-graph\">{\"@context\":\"https:\\\/\\\/schema.org\",\"@graph\":[{\"@type\":\"Article\",\"@id\":\"https:\\\/\\\/super-news.info\\\/hu\\\/uj-csucsra-ugrott-majusig-a-szemelyi-kolcsonok-allomanya\\\/#article\",\"isPartOf\":{\"@id\":\"https:\\\/\\\/super-news.info\\\/hu\\\/uj-csucsra-ugrott-majusig-a-szemelyi-kolcsonok-allomanya\\\/\"},\"author\":{\"name\":\"super-news\",\"@id\":\"https:\\\/\\\/super-news.info\\\/hu\\\/#\\\/schema\\\/person\\\/2d4068cb2f39cd10008c2fce578a7356\"},\"headline\":\"\u00daj cs\u00facsra ugrott m\u00e1jusig a szem\u00e9lyi k\u00f6lcs\u00f6n\u00f6k \u00e1llom\u00e1nya\",\"datePublished\":\"2019-07-05T10:42:11+00:00\",\"dateModified\":\"2019-07-05T10:42:12+00:00\",\"mainEntityOfPage\":{\"@id\":\"https:\\\/\\\/super-news.info\\\/hu\\\/uj-csucsra-ugrott-majusig-a-szemelyi-kolcsonok-allomanya\\\/\"},\"wordCount\":384,\"commentCount\":0,\"image\":{\"@id\":\"https:\\\/\\\/super-news.info\\\/hu\\\/uj-csucsra-ugrott-majusig-a-szemelyi-kolcsonok-allomanya\\\/#primaryimage\"},\"thumbnailUrl\":\"https:\\\/\\\/super-news.info\\\/hu\\\/wp-content\\\/uploads\\\/sites\\\/3\\\/2019\\\/07\\\/\u00daj-cs\u00facsra-ugrott-m\u00e1jusig-a-szem\u00e9lyi-k\u00f6lcs\u00f6n\u00f6k-\u00e1llom\u00e1nya.jpg\",\"articleSection\":[\"P\u00c9NZ\u00dcGYI H\u00cdREK\"],\"inLanguage\":\"hu\",\"potentialAction\":[{\"@type\":\"CommentAction\",\"name\":\"Comment\",\"target\":[\"https:\\\/\\\/super-news.info\\\/hu\\\/uj-csucsra-ugrott-majusig-a-szemelyi-kolcsonok-allomanya\\\/#respond\"]}]},{\"@type\":\"WebPage\",\"@id\":\"https:\\\/\\\/super-news.info\\\/hu\\\/uj-csucsra-ugrott-majusig-a-szemelyi-kolcsonok-allomanya\\\/\",\"url\":\"https:\\\/\\\/super-news.info\\\/hu\\\/uj-csucsra-ugrott-majusig-a-szemelyi-kolcsonok-allomanya\\\/\",\"name\":\"\u00daj cs\u00facsra ugrott m\u00e1jusig a szem\u00e9lyi k\u00f6lcs\u00f6n\u00f6k \u00e1llom\u00e1nya - Super News\",\"isPartOf\":{\"@id\":\"https:\\\/\\\/super-news.info\\\/hu\\\/#website\"},\"primaryImageOfPage\":{\"@id\":\"https:\\\/\\\/super-news.info\\\/hu\\\/uj-csucsra-ugrott-majusig-a-szemelyi-kolcsonok-allomanya\\\/#primaryimage\"},\"image\":{\"@id\":\"https:\\\/\\\/super-news.info\\\/hu\\\/uj-csucsra-ugrott-majusig-a-szemelyi-kolcsonok-allomanya\\\/#primaryimage\"},\"thumbnailUrl\":\"https:\\\/\\\/super-news.info\\\/hu\\\/wp-content\\\/uploads\\\/sites\\\/3\\\/2019\\\/07\\\/\u00daj-cs\u00facsra-ugrott-m\u00e1jusig-a-szem\u00e9lyi-k\u00f6lcs\u00f6n\u00f6k-\u00e1llom\u00e1nya.jpg\",\"datePublished\":\"2019-07-05T10:42:11+00:00\",\"dateModified\":\"2019-07-05T10:42:12+00:00\",\"author\":{\"@id\":\"https:\\\/\\\/super-news.info\\\/hu\\\/#\\\/schema\\\/person\\\/2d4068cb2f39cd10008c2fce578a7356\"},\"breadcrumb\":{\"@id\":\"https:\\\/\\\/super-news.info\\\/hu\\\/uj-csucsra-ugrott-majusig-a-szemelyi-kolcsonok-allomanya\\\/#breadcrumb\"},\"inLanguage\":\"hu\",\"potentialAction\":[{\"@type\":\"ReadAction\",\"target\":[\"https:\\\/\\\/super-news.info\\\/hu\\\/uj-csucsra-ugrott-majusig-a-szemelyi-kolcsonok-allomanya\\\/\"]}]},{\"@type\":\"ImageObject\",\"inLanguage\":\"hu\",\"@id\":\"https:\\\/\\\/super-news.info\\\/hu\\\/uj-csucsra-ugrott-majusig-a-szemelyi-kolcsonok-allomanya\\\/#primaryimage\",\"url\":\"https:\\\/\\\/super-news.info\\\/hu\\\/wp-content\\\/uploads\\\/sites\\\/3\\\/2019\\\/07\\\/\u00daj-cs\u00facsra-ugrott-m\u00e1jusig-a-szem\u00e9lyi-k\u00f6lcs\u00f6n\u00f6k-\u00e1llom\u00e1nya.jpg\",\"contentUrl\":\"https:\\\/\\\/super-news.info\\\/hu\\\/wp-content\\\/uploads\\\/sites\\\/3\\\/2019\\\/07\\\/\u00daj-cs\u00facsra-ugrott-m\u00e1jusig-a-szem\u00e9lyi-k\u00f6lcs\u00f6n\u00f6k-\u00e1llom\u00e1nya.jpg\",\"width\":1400,\"height\":933,\"caption\":\"\u00daj cs\u00facsra ugrott m\u00e1jusig a szem\u00e9lyi k\u00f6lcs\u00f6n\u00f6k \u00e1llom\u00e1nya\"},{\"@type\":\"BreadcrumbList\",\"@id\":\"https:\\\/\\\/super-news.info\\\/hu\\\/uj-csucsra-ugrott-majusig-a-szemelyi-kolcsonok-allomanya\\\/#breadcrumb\",\"itemListElement\":[{\"@type\":\"ListItem\",\"position\":1,\"name\":\"\u0413\u043b\u0430\u0432\u043d\u0430\u044f \u0441\u0442\u0440\u0430\u043d\u0438\u0446\u0430\",\"item\":\"https:\\\/\\\/super-news.info\\\/hu\\\/\"},{\"@type\":\"ListItem\",\"position\":2,\"name\":\"\u00daj cs\u00facsra ugrott m\u00e1jusig a szem\u00e9lyi k\u00f6lcs\u00f6n\u00f6k \u00e1llom\u00e1nya\"}]},{\"@type\":\"WebSite\",\"@id\":\"https:\\\/\\\/super-news.info\\\/hu\\\/#website\",\"url\":\"https:\\\/\\\/super-news.info\\\/hu\\\/\",\"name\":\"Super News\",\"description\":\"Super News Magyarorsz\u00e1g\",\"potentialAction\":[{\"@type\":\"SearchAction\",\"target\":{\"@type\":\"EntryPoint\",\"urlTemplate\":\"https:\\\/\\\/super-news.info\\\/hu\\\/?s={search_term_string}\"},\"query-input\":{\"@type\":\"PropertyValueSpecification\",\"valueRequired\":true,\"valueName\":\"search_term_string\"}}],\"inLanguage\":\"hu\"},{\"@type\":\"Person\",\"@id\":\"https:\\\/\\\/super-news.info\\\/hu\\\/#\\\/schema\\\/person\\\/2d4068cb2f39cd10008c2fce578a7356\",\"name\":\"super-news\",\"image\":{\"@type\":\"ImageObject\",\"inLanguage\":\"hu\",\"@id\":\"https:\\\/\\\/secure.gravatar.com\\\/avatar\\\/64ebac40b93f26a154f8a9b5b6fdccfc46f442b26b3dd6756dbff3bf9dc76fd7?s=96&d=mm&r=g\",\"url\":\"https:\\\/\\\/secure.gravatar.com\\\/avatar\\\/64ebac40b93f26a154f8a9b5b6fdccfc46f442b26b3dd6756dbff3bf9dc76fd7?s=96&d=mm&r=g\",\"contentUrl\":\"https:\\\/\\\/secure.gravatar.com\\\/avatar\\\/64ebac40b93f26a154f8a9b5b6fdccfc46f442b26b3dd6756dbff3bf9dc76fd7?s=96&d=mm&r=g\",\"caption\":\"super-news\"},\"url\":\"https:\\\/\\\/super-news.info\\\/hu\\\/author\\\/pt\\\/\"}]}<\/script>\n<!-- \/ Yoast SEO plugin. -->","yoast_head_json":{"title":"\u00daj cs\u00facsra ugrott m\u00e1jusig a szem\u00e9lyi k\u00f6lcs\u00f6n\u00f6k \u00e1llom\u00e1nya - Super News","robots":{"index":"index","follow":"follow","max-snippet":"max-snippet:-1","max-image-preview":"max-image-preview:large","max-video-preview":"max-video-preview:-1"},"canonical":"https:\/\/super-news.info\/hu\/uj-csucsra-ugrott-majusig-a-szemelyi-kolcsonok-allomanya\/","og_locale":"hu_HU","og_type":"article","og_title":"\u00daj cs\u00facsra ugrott m\u00e1jusig a szem\u00e9lyi k\u00f6lcs\u00f6n\u00f6k \u00e1llom\u00e1nya - Super News","og_description":"[ad_1] Az egy \u00e9vvel kor\u00e1bbin\u00e1l 23,5 sz\u00e1zal\u00e9kkal t\u00f6bb, \u00f6sszesen 696 milli\u00e1rd forintnyi fogyaszt\u00e1si- \u00e9s lak\u00e1shitel-szerz\u0151d\u00e9st k\u00f6t\u00f6ttek az \u00e9v els\u0151 \u00f6t h\u00f3napj\u00e1ban a h\u00e1ztart\u00e1sok. A szem\u00e9lyi k\u00f6lcs\u00f6n\u00f6ket v\u00e1ltozatlanul nagyon keresik a lakoss\u00e1gi \u00fcgyfelek. M\u00e1jusban is igen akt\u00edvnak mutatkoztak a hitelpiacon a h\u00e1ztart\u00e1sok, az els\u0151 \u00f6t h\u00f3napban is jelent\u0151s volt a b\u0151v\u00fcl\u00e9s az \u00faj kihelyez\u00e9sekn\u00e9l az egy [&hellip;]","og_url":"https:\/\/super-news.info\/hu\/uj-csucsra-ugrott-majusig-a-szemelyi-kolcsonok-allomanya\/","og_site_name":"Super News","article_published_time":"2019-07-05T10:42:11+00:00","article_modified_time":"2019-07-05T10:42:12+00:00","og_image":[{"width":1400,"height":933,"url":"https:\/\/super-news.info\/hu\/wp-content\/uploads\/sites\/3\/2019\/07\/\u00daj-cs\u00facsra-ugrott-m\u00e1jusig-a-szem\u00e9lyi-k\u00f6lcs\u00f6n\u00f6k-\u00e1llom\u00e1nya.jpg","type":"image\/jpeg"}],"author":"super-news","twitter_card":"summary_large_image","twitter_misc":{"Szerz\u0151:":"super-news","Becs\u00fclt olvas\u00e1si id\u0151":"2 perc"},"schema":{"@context":"https:\/\/schema.org","@graph":[{"@type":"Article","@id":"https:\/\/super-news.info\/hu\/uj-csucsra-ugrott-majusig-a-szemelyi-kolcsonok-allomanya\/#article","isPartOf":{"@id":"https:\/\/super-news.info\/hu\/uj-csucsra-ugrott-majusig-a-szemelyi-kolcsonok-allomanya\/"},"author":{"name":"super-news","@id":"https:\/\/super-news.info\/hu\/#\/schema\/person\/2d4068cb2f39cd10008c2fce578a7356"},"headline":"\u00daj cs\u00facsra ugrott m\u00e1jusig a szem\u00e9lyi k\u00f6lcs\u00f6n\u00f6k \u00e1llom\u00e1nya","datePublished":"2019-07-05T10:42:11+00:00","dateModified":"2019-07-05T10:42:12+00:00","mainEntityOfPage":{"@id":"https:\/\/super-news.info\/hu\/uj-csucsra-ugrott-majusig-a-szemelyi-kolcsonok-allomanya\/"},"wordCount":384,"commentCount":0,"image":{"@id":"https:\/\/super-news.info\/hu\/uj-csucsra-ugrott-majusig-a-szemelyi-kolcsonok-allomanya\/#primaryimage"},"thumbnailUrl":"https:\/\/super-news.info\/hu\/wp-content\/uploads\/sites\/3\/2019\/07\/\u00daj-cs\u00facsra-ugrott-m\u00e1jusig-a-szem\u00e9lyi-k\u00f6lcs\u00f6n\u00f6k-\u00e1llom\u00e1nya.jpg","articleSection":["P\u00c9NZ\u00dcGYI H\u00cdREK"],"inLanguage":"hu","potentialAction":[{"@type":"CommentAction","name":"Comment","target":["https:\/\/super-news.info\/hu\/uj-csucsra-ugrott-majusig-a-szemelyi-kolcsonok-allomanya\/#respond"]}]},{"@type":"WebPage","@id":"https:\/\/super-news.info\/hu\/uj-csucsra-ugrott-majusig-a-szemelyi-kolcsonok-allomanya\/","url":"https:\/\/super-news.info\/hu\/uj-csucsra-ugrott-majusig-a-szemelyi-kolcsonok-allomanya\/","name":"\u00daj cs\u00facsra ugrott m\u00e1jusig a szem\u00e9lyi k\u00f6lcs\u00f6n\u00f6k \u00e1llom\u00e1nya - Super News","isPartOf":{"@id":"https:\/\/super-news.info\/hu\/#website"},"primaryImageOfPage":{"@id":"https:\/\/super-news.info\/hu\/uj-csucsra-ugrott-majusig-a-szemelyi-kolcsonok-allomanya\/#primaryimage"},"image":{"@id":"https:\/\/super-news.info\/hu\/uj-csucsra-ugrott-majusig-a-szemelyi-kolcsonok-allomanya\/#primaryimage"},"thumbnailUrl":"https:\/\/super-news.info\/hu\/wp-content\/uploads\/sites\/3\/2019\/07\/\u00daj-cs\u00facsra-ugrott-m\u00e1jusig-a-szem\u00e9lyi-k\u00f6lcs\u00f6n\u00f6k-\u00e1llom\u00e1nya.jpg","datePublished":"2019-07-05T10:42:11+00:00","dateModified":"2019-07-05T10:42:12+00:00","author":{"@id":"https:\/\/super-news.info\/hu\/#\/schema\/person\/2d4068cb2f39cd10008c2fce578a7356"},"breadcrumb":{"@id":"https:\/\/super-news.info\/hu\/uj-csucsra-ugrott-majusig-a-szemelyi-kolcsonok-allomanya\/#breadcrumb"},"inLanguage":"hu","potentialAction":[{"@type":"ReadAction","target":["https:\/\/super-news.info\/hu\/uj-csucsra-ugrott-majusig-a-szemelyi-kolcsonok-allomanya\/"]}]},{"@type":"ImageObject","inLanguage":"hu","@id":"https:\/\/super-news.info\/hu\/uj-csucsra-ugrott-majusig-a-szemelyi-kolcsonok-allomanya\/#primaryimage","url":"https:\/\/super-news.info\/hu\/wp-content\/uploads\/sites\/3\/2019\/07\/\u00daj-cs\u00facsra-ugrott-m\u00e1jusig-a-szem\u00e9lyi-k\u00f6lcs\u00f6n\u00f6k-\u00e1llom\u00e1nya.jpg","contentUrl":"https:\/\/super-news.info\/hu\/wp-content\/uploads\/sites\/3\/2019\/07\/\u00daj-cs\u00facsra-ugrott-m\u00e1jusig-a-szem\u00e9lyi-k\u00f6lcs\u00f6n\u00f6k-\u00e1llom\u00e1nya.jpg","width":1400,"height":933,"caption":"\u00daj cs\u00facsra ugrott m\u00e1jusig a szem\u00e9lyi k\u00f6lcs\u00f6n\u00f6k \u00e1llom\u00e1nya"},{"@type":"BreadcrumbList","@id":"https:\/\/super-news.info\/hu\/uj-csucsra-ugrott-majusig-a-szemelyi-kolcsonok-allomanya\/#breadcrumb","itemListElement":[{"@type":"ListItem","position":1,"name":"\u0413\u043b\u0430\u0432\u043d\u0430\u044f \u0441\u0442\u0440\u0430\u043d\u0438\u0446\u0430","item":"https:\/\/super-news.info\/hu\/"},{"@type":"ListItem","position":2,"name":"\u00daj cs\u00facsra ugrott m\u00e1jusig a szem\u00e9lyi k\u00f6lcs\u00f6n\u00f6k \u00e1llom\u00e1nya"}]},{"@type":"WebSite","@id":"https:\/\/super-news.info\/hu\/#website","url":"https:\/\/super-news.info\/hu\/","name":"Super News","description":"Super News Magyarorsz\u00e1g","potentialAction":[{"@type":"SearchAction","target":{"@type":"EntryPoint","urlTemplate":"https:\/\/super-news.info\/hu\/?s={search_term_string}"},"query-input":{"@type":"PropertyValueSpecification","valueRequired":true,"valueName":"search_term_string"}}],"inLanguage":"hu"},{"@type":"Person","@id":"https:\/\/super-news.info\/hu\/#\/schema\/person\/2d4068cb2f39cd10008c2fce578a7356","name":"super-news","image":{"@type":"ImageObject","inLanguage":"hu","@id":"https:\/\/secure.gravatar.com\/avatar\/64ebac40b93f26a154f8a9b5b6fdccfc46f442b26b3dd6756dbff3bf9dc76fd7?s=96&d=mm&r=g","url":"https:\/\/secure.gravatar.com\/avatar\/64ebac40b93f26a154f8a9b5b6fdccfc46f442b26b3dd6756dbff3bf9dc76fd7?s=96&d=mm&r=g","contentUrl":"https:\/\/secure.gravatar.com\/avatar\/64ebac40b93f26a154f8a9b5b6fdccfc46f442b26b3dd6756dbff3bf9dc76fd7?s=96&d=mm&r=g","caption":"super-news"},"url":"https:\/\/super-news.info\/hu\/author\/pt\/"}]}},"_links":{"self":[{"href":"https:\/\/super-news.info\/hu\/wp-json\/wp\/v2\/posts\/5449","targetHints":{"allow":["GET"]}}],"collection":[{"href":"https:\/\/super-news.info\/hu\/wp-json\/wp\/v2\/posts"}],"about":[{"href":"https:\/\/super-news.info\/hu\/wp-json\/wp\/v2\/types\/post"}],"author":[{"embeddable":true,"href":"https:\/\/super-news.info\/hu\/wp-json\/wp\/v2\/users\/2"}],"replies":[{"embeddable":true,"href":"https:\/\/super-news.info\/hu\/wp-json\/wp\/v2\/comments?post=5449"}],"version-history":[{"count":1,"href":"https:\/\/super-news.info\/hu\/wp-json\/wp\/v2\/posts\/5449\/revisions"}],"predecessor-version":[{"id":5451,"href":"https:\/\/super-news.info\/hu\/wp-json\/wp\/v2\/posts\/5449\/revisions\/5451"}],"wp:featuredmedia":[{"embeddable":true,"href":"https:\/\/super-news.info\/hu\/wp-json\/wp\/v2\/media\/5450"}],"wp:attachment":[{"href":"https:\/\/super-news.info\/hu\/wp-json\/wp\/v2\/media?parent=5449"}],"wp:term":[{"taxonomy":"category","embeddable":true,"href":"https:\/\/super-news.info\/hu\/wp-json\/wp\/v2\/categories?post=5449"},{"taxonomy":"post_tag","embeddable":true,"href":"https:\/\/super-news.info\/hu\/wp-json\/wp\/v2\/tags?post=5449"}],"curies":[{"name":"wp","href":"https:\/\/api.w.org\/{rel}","templated":true}]}}