{"id":5446,"date":"2019-07-05T12:50:19","date_gmt":"2019-07-05T09:50:19","guid":{"rendered":"https:\/\/super-news.info\/hu\/pert-inditottak-michael-jackson-rajongoi\/"},"modified":"2019-07-05T12:50:22","modified_gmt":"2019-07-05T09:50:22","slug":"pert-inditottak-michael-jackson-rajongoi","status":"publish","type":"post","link":"https:\/\/super-news.info\/hu\/pert-inditottak-michael-jackson-rajongoi\/","title":{"rendered":"Pert ind\u00edtottak Michael Jackson rajong\u00f3i"},"content":{"rendered":"<p> [ad_1]<br \/>\n<\/p>\n<p>\n\t\t\t\t\t\t\t\tJackson rajong\u00f3i beperelt\u00e9k azt a k\u00e9t f\u00e9rfit, akik a nagy vihart kavart HBO-f\u00e9le dokumentumfilmben arr\u00f3l besz\u00e9ltek, hogy a popszt\u00e1r gyerekkorukban szexu\u00e1lisan zaklatta \u0151ket\t\t\t\t\t\t\t<\/p>\n<div>\n<p>Megel\u00e9gelt\u00e9k Michael Jackson rajong\u00f3i, hogy moleszt\u00e1l\u00e1ssal v\u00e1dolj\u00e1k kedvenc\u00fcket, ez\u00e9rt \u00f6sszefogtak \u00e9s beperelt\u00e9k Wade Robsont \u00e9s James Safechuckot, akik a nemr\u00e9giben bemutatott dokumentumfilmben, a <em>Leaving Neverland<\/em>ben azt \u00e1ll\u00edtott\u00e1k, hogy gyermekk\u00e9nt moleszt\u00e1lta \u0151ket a zen\u00e9sz \u2013 \u00edrja a reuters.com.<\/p>\n<div id=\"attachment_1612580\" style=\"width: 1410px\" class=\"wp-caption aligncenter\">\n<p class=\"wp-caption-text\">Fot\u00f3: AFP<\/p>\n<\/div>\n<p>Kereset\u00fcket Franciaorsz\u00e1gban adt\u00e1k be, mivel Nagy-Britanni\u00e1val \u00e9s az Egyes\u00fclt \u00c1llamokkal szemben itt t\u00f6rv\u00e9nyek v\u00e9dik az elhunytak j\u00f3 h\u00edrn\u00e9vhez val\u00f3 jog\u00e1t.<\/p>\n<p><iframe loading=\"lazy\" width=\"356\" height=\"200\" src=\"https:\/\/www.youtube.com\/embed\/R_Ze8LjzV7Q?feature=oembed\" frameborder=\"0\" allow=\"accelerometer; autoplay; encrypted-media; gyroscope; picture-in-picture\" allowfullscreen=\"\"><\/iframe><\/p>\n<p>A blikk.hu szeml\u00e9je szerint a felperes rajong\u00f3i klubok, az MJ Street, az On the Line \u00e9s a Michael Jackson Community is jelk\u00e9pes, egy eur\u00f3s k\u00e1rt\u00e9r\u00edt\u00e9st k\u00f6vetelnek, amelyet \u00fcgyv\u00e9dj\u00fck Emmanuel Ludot szerint a per sor\u00e1n meg is kaphatnak. Ezt arra alapozza az \u00fcgyv\u00e9d, hogy 2014-ben m\u00e1r megnyertek egy pert a Michael Jackson Communityvel az \u00e9nekes orvos\u00e1val, Conrad Murray-vel szemben.<\/p>\n<p>Kor\u00e1bban \u00edrtunk arr\u00f3l, hogy Jackson hagyat\u00e9k\u00e1nak kezel\u0151i szint\u00e9n keresetet ny\u00fajtottak be az HBO ellen, mert a k\u00e1belcsatorna a n\u00e9hai szt\u00e1r \u00e1ll\u00edt\u00f3lagos gyermekmoleszt\u00e1l\u00e1s\u00e1r\u00f3l k\u00e9sz\u00fclt dokumentumfilmj\u00e9vel megszegett egy kor\u00e1bbi szerz\u0151d\u00e9st, amelyben v\u00e1llalta, hogy nem t\u00fcnteti fel rossz sz\u00ednben az \u00e9nekest.<\/p>\n<div class=\"aframe\">\n<h3>M\u00e1ig nem lehet lek\u00f6r\u00f6zni a \u201epop kir\u00e1ly\u00e1t\u201d<\/h3>\n<p>\u00d3ri\u00e1si tehets\u00e9g, idol, egy meg nem \u00e9rtett zseni, aki r\u00e9g\u00f3ta vezeti azt a list\u00e1t, amin m\u00e1r nem \u00e9l\u0151 szt\u00e1rok szerepelnek. Michael Jackson egy \u00e9vtizeddel hal\u00e1la ut\u00e1n is doll\u00e1rsz\u00e1zmilli\u00f3s bev\u00e9telekre tesz szert a jogd\u00edjakb\u00f3l minden \u00e9vben.<\/p>\n<\/div>\n<p>\u00a0<\/p>\n<\/p><\/div>\n<p><script>\n    window.fbAsyncInit = function() {\n        FB.init({\n            appId      : \"204760236815359\",\n            xfbml      : true,\n            version    : \"v2.12\"\n        });\n        FB.AppEvents.logPageView();\n    };<\/p>\n<p>    (function(d, s, id){\n        var js, fjs = d.getElementsByTagName(s)[0];\n        if (d.getElementById(id)) {return;}\n        js = d.createElement(s); js.id = id;\n        js.src = \"http:\/\/connect.facebook.net\/hu_HU\/sdk.js\";\n        fjs.parentNode.insertBefore(js, fjs);\n    }(document, \"script\", \"facebook-jssdk\"));\n<\/script><br \/>\n<br \/>[ad_2]<br \/>\n<br \/><a href=\"https:\/\/www.vg.hu\/kozelet\/kozeleti-hirek\/pert-inditottak-michael-jackson-rajongoi-1612553\/\">Source link <\/a><\/p>\n","protected":false},"excerpt":{"rendered":"<p>[ad_1] Jackson rajong\u00f3i beperelt\u00e9k azt a k\u00e9t f\u00e9rfit, akik a nagy vihart kavart HBO-f\u00e9le dokumentumfilmben arr\u00f3l besz\u00e9ltek, hogy a popszt\u00e1r gyerekkorukban szexu\u00e1lisan zaklatta \u0151ket Megel\u00e9gelt\u00e9k Michael Jackson rajong\u00f3i, hogy moleszt\u00e1l\u00e1ssal v\u00e1dolj\u00e1k kedvenc\u00fcket, ez\u00e9rt \u00f6sszefogtak \u00e9s beperelt\u00e9k Wade Robsont \u00e9s James Safechuckot, akik a nemr\u00e9giben bemutatott dokumentumfilmben, a Leaving Neverlandben azt \u00e1ll\u00edtott\u00e1k, hogy gyermekk\u00e9nt moleszt\u00e1lta \u0151ket [&hellip;]<\/p>\n","protected":false},"author":2,"featured_media":5447,"comment_status":"open","ping_status":"open","sticky":false,"template":"","format":"standard","meta":{"footnotes":""},"categories":[1],"tags":[],"class_list":["post-5446","post","type-post","status-publish","format-standard","has-post-thumbnail","hentry","category-penzugyi-hirek"],"yoast_head":"<!-- This site is optimized with the Yoast SEO plugin v27.4 - https:\/\/yoast.com\/product\/yoast-seo-wordpress\/ -->\n<title>Pert ind\u00edtottak Michael Jackson rajong\u00f3i - Super News<\/title>\n<meta name=\"robots\" content=\"index, follow, max-snippet:-1, max-image-preview:large, max-video-preview:-1\" \/>\n<link rel=\"canonical\" href=\"https:\/\/super-news.info\/hu\/pert-inditottak-michael-jackson-rajongoi\/\" \/>\n<meta property=\"og:locale\" content=\"hu_HU\" \/>\n<meta property=\"og:type\" content=\"article\" \/>\n<meta property=\"og:title\" content=\"Pert ind\u00edtottak Michael Jackson rajong\u00f3i - Super News\" \/>\n<meta property=\"og:description\" content=\"[ad_1] Jackson rajong\u00f3i beperelt\u00e9k azt a k\u00e9t f\u00e9rfit, akik a nagy vihart kavart HBO-f\u00e9le dokumentumfilmben arr\u00f3l besz\u00e9ltek, hogy a popszt\u00e1r gyerekkorukban szexu\u00e1lisan zaklatta \u0151ket Megel\u00e9gelt\u00e9k Michael Jackson rajong\u00f3i, hogy moleszt\u00e1l\u00e1ssal v\u00e1dolj\u00e1k kedvenc\u00fcket, ez\u00e9rt \u00f6sszefogtak \u00e9s beperelt\u00e9k Wade Robsont \u00e9s James Safechuckot, akik a nemr\u00e9giben bemutatott dokumentumfilmben, a Leaving Neverlandben azt \u00e1ll\u00edtott\u00e1k, hogy gyermekk\u00e9nt moleszt\u00e1lta \u0151ket [&hellip;]\" \/>\n<meta property=\"og:url\" content=\"https:\/\/super-news.info\/hu\/pert-inditottak-michael-jackson-rajongoi\/\" \/>\n<meta property=\"og:site_name\" content=\"Super News\" \/>\n<meta property=\"article:published_time\" content=\"2019-07-05T09:50:19+00:00\" \/>\n<meta property=\"article:modified_time\" content=\"2019-07-05T09:50:22+00:00\" \/>\n<meta property=\"og:image\" content=\"https:\/\/super-news.info\/hu\/wp-content\/uploads\/sites\/3\/2019\/07\/Pert-ind\u00edtottak-Michael-Jackson-rajong\u00f3i.jpg\" \/>\n\t<meta property=\"og:image:width\" content=\"1400\" \/>\n\t<meta property=\"og:image:height\" content=\"932\" \/>\n\t<meta property=\"og:image:type\" content=\"image\/jpeg\" \/>\n<meta name=\"author\" content=\"super-news\" \/>\n<meta name=\"twitter:card\" content=\"summary_large_image\" \/>\n<meta name=\"twitter:label1\" content=\"Szerz\u0151:\" \/>\n\t<meta name=\"twitter:data1\" content=\"super-news\" \/>\n\t<meta name=\"twitter:label2\" content=\"Becs\u00fclt olvas\u00e1si id\u0151\" \/>\n\t<meta name=\"twitter:data2\" content=\"2 perc\" \/>\n<script type=\"application\/ld+json\" class=\"yoast-schema-graph\">{\"@context\":\"https:\\\/\\\/schema.org\",\"@graph\":[{\"@type\":\"Article\",\"@id\":\"https:\\\/\\\/super-news.info\\\/hu\\\/pert-inditottak-michael-jackson-rajongoi\\\/#article\",\"isPartOf\":{\"@id\":\"https:\\\/\\\/super-news.info\\\/hu\\\/pert-inditottak-michael-jackson-rajongoi\\\/\"},\"author\":{\"name\":\"super-news\",\"@id\":\"https:\\\/\\\/super-news.info\\\/hu\\\/#\\\/schema\\\/person\\\/2d4068cb2f39cd10008c2fce578a7356\"},\"headline\":\"Pert ind\u00edtottak Michael Jackson rajong\u00f3i\",\"datePublished\":\"2019-07-05T09:50:19+00:00\",\"dateModified\":\"2019-07-05T09:50:22+00:00\",\"mainEntityOfPage\":{\"@id\":\"https:\\\/\\\/super-news.info\\\/hu\\\/pert-inditottak-michael-jackson-rajongoi\\\/\"},\"wordCount\":328,\"commentCount\":0,\"image\":{\"@id\":\"https:\\\/\\\/super-news.info\\\/hu\\\/pert-inditottak-michael-jackson-rajongoi\\\/#primaryimage\"},\"thumbnailUrl\":\"https:\\\/\\\/super-news.info\\\/hu\\\/wp-content\\\/uploads\\\/sites\\\/3\\\/2019\\\/07\\\/Pert-ind\u00edtottak-Michael-Jackson-rajong\u00f3i.jpg\",\"articleSection\":[\"P\u00c9NZ\u00dcGYI H\u00cdREK\"],\"inLanguage\":\"hu\",\"potentialAction\":[{\"@type\":\"CommentAction\",\"name\":\"Comment\",\"target\":[\"https:\\\/\\\/super-news.info\\\/hu\\\/pert-inditottak-michael-jackson-rajongoi\\\/#respond\"]}]},{\"@type\":\"WebPage\",\"@id\":\"https:\\\/\\\/super-news.info\\\/hu\\\/pert-inditottak-michael-jackson-rajongoi\\\/\",\"url\":\"https:\\\/\\\/super-news.info\\\/hu\\\/pert-inditottak-michael-jackson-rajongoi\\\/\",\"name\":\"Pert ind\u00edtottak Michael Jackson rajong\u00f3i - Super News\",\"isPartOf\":{\"@id\":\"https:\\\/\\\/super-news.info\\\/hu\\\/#website\"},\"primaryImageOfPage\":{\"@id\":\"https:\\\/\\\/super-news.info\\\/hu\\\/pert-inditottak-michael-jackson-rajongoi\\\/#primaryimage\"},\"image\":{\"@id\":\"https:\\\/\\\/super-news.info\\\/hu\\\/pert-inditottak-michael-jackson-rajongoi\\\/#primaryimage\"},\"thumbnailUrl\":\"https:\\\/\\\/super-news.info\\\/hu\\\/wp-content\\\/uploads\\\/sites\\\/3\\\/2019\\\/07\\\/Pert-ind\u00edtottak-Michael-Jackson-rajong\u00f3i.jpg\",\"datePublished\":\"2019-07-05T09:50:19+00:00\",\"dateModified\":\"2019-07-05T09:50:22+00:00\",\"author\":{\"@id\":\"https:\\\/\\\/super-news.info\\\/hu\\\/#\\\/schema\\\/person\\\/2d4068cb2f39cd10008c2fce578a7356\"},\"breadcrumb\":{\"@id\":\"https:\\\/\\\/super-news.info\\\/hu\\\/pert-inditottak-michael-jackson-rajongoi\\\/#breadcrumb\"},\"inLanguage\":\"hu\",\"potentialAction\":[{\"@type\":\"ReadAction\",\"target\":[\"https:\\\/\\\/super-news.info\\\/hu\\\/pert-inditottak-michael-jackson-rajongoi\\\/\"]}]},{\"@type\":\"ImageObject\",\"inLanguage\":\"hu\",\"@id\":\"https:\\\/\\\/super-news.info\\\/hu\\\/pert-inditottak-michael-jackson-rajongoi\\\/#primaryimage\",\"url\":\"https:\\\/\\\/super-news.info\\\/hu\\\/wp-content\\\/uploads\\\/sites\\\/3\\\/2019\\\/07\\\/Pert-ind\u00edtottak-Michael-Jackson-rajong\u00f3i.jpg\",\"contentUrl\":\"https:\\\/\\\/super-news.info\\\/hu\\\/wp-content\\\/uploads\\\/sites\\\/3\\\/2019\\\/07\\\/Pert-ind\u00edtottak-Michael-Jackson-rajong\u00f3i.jpg\",\"width\":1400,\"height\":932,\"caption\":\"Pert ind\u00edtottak Michael Jackson rajong\u00f3i\"},{\"@type\":\"BreadcrumbList\",\"@id\":\"https:\\\/\\\/super-news.info\\\/hu\\\/pert-inditottak-michael-jackson-rajongoi\\\/#breadcrumb\",\"itemListElement\":[{\"@type\":\"ListItem\",\"position\":1,\"name\":\"\u0413\u043b\u0430\u0432\u043d\u0430\u044f \u0441\u0442\u0440\u0430\u043d\u0438\u0446\u0430\",\"item\":\"https:\\\/\\\/super-news.info\\\/hu\\\/\"},{\"@type\":\"ListItem\",\"position\":2,\"name\":\"Pert ind\u00edtottak Michael Jackson rajong\u00f3i\"}]},{\"@type\":\"WebSite\",\"@id\":\"https:\\\/\\\/super-news.info\\\/hu\\\/#website\",\"url\":\"https:\\\/\\\/super-news.info\\\/hu\\\/\",\"name\":\"Super News\",\"description\":\"Super News Magyarorsz\u00e1g\",\"potentialAction\":[{\"@type\":\"SearchAction\",\"target\":{\"@type\":\"EntryPoint\",\"urlTemplate\":\"https:\\\/\\\/super-news.info\\\/hu\\\/?s={search_term_string}\"},\"query-input\":{\"@type\":\"PropertyValueSpecification\",\"valueRequired\":true,\"valueName\":\"search_term_string\"}}],\"inLanguage\":\"hu\"},{\"@type\":\"Person\",\"@id\":\"https:\\\/\\\/super-news.info\\\/hu\\\/#\\\/schema\\\/person\\\/2d4068cb2f39cd10008c2fce578a7356\",\"name\":\"super-news\",\"image\":{\"@type\":\"ImageObject\",\"inLanguage\":\"hu\",\"@id\":\"https:\\\/\\\/secure.gravatar.com\\\/avatar\\\/64ebac40b93f26a154f8a9b5b6fdccfc46f442b26b3dd6756dbff3bf9dc76fd7?s=96&d=mm&r=g\",\"url\":\"https:\\\/\\\/secure.gravatar.com\\\/avatar\\\/64ebac40b93f26a154f8a9b5b6fdccfc46f442b26b3dd6756dbff3bf9dc76fd7?s=96&d=mm&r=g\",\"contentUrl\":\"https:\\\/\\\/secure.gravatar.com\\\/avatar\\\/64ebac40b93f26a154f8a9b5b6fdccfc46f442b26b3dd6756dbff3bf9dc76fd7?s=96&d=mm&r=g\",\"caption\":\"super-news\"},\"url\":\"https:\\\/\\\/super-news.info\\\/hu\\\/author\\\/pt\\\/\"}]}<\/script>\n<!-- \/ Yoast SEO plugin. -->","yoast_head_json":{"title":"Pert ind\u00edtottak Michael Jackson rajong\u00f3i - Super News","robots":{"index":"index","follow":"follow","max-snippet":"max-snippet:-1","max-image-preview":"max-image-preview:large","max-video-preview":"max-video-preview:-1"},"canonical":"https:\/\/super-news.info\/hu\/pert-inditottak-michael-jackson-rajongoi\/","og_locale":"hu_HU","og_type":"article","og_title":"Pert ind\u00edtottak Michael Jackson rajong\u00f3i - Super News","og_description":"[ad_1] Jackson rajong\u00f3i beperelt\u00e9k azt a k\u00e9t f\u00e9rfit, akik a nagy vihart kavart HBO-f\u00e9le dokumentumfilmben arr\u00f3l besz\u00e9ltek, hogy a popszt\u00e1r gyerekkorukban szexu\u00e1lisan zaklatta \u0151ket Megel\u00e9gelt\u00e9k Michael Jackson rajong\u00f3i, hogy moleszt\u00e1l\u00e1ssal v\u00e1dolj\u00e1k kedvenc\u00fcket, ez\u00e9rt \u00f6sszefogtak \u00e9s beperelt\u00e9k Wade Robsont \u00e9s James Safechuckot, akik a nemr\u00e9giben bemutatott dokumentumfilmben, a Leaving Neverlandben azt \u00e1ll\u00edtott\u00e1k, hogy gyermekk\u00e9nt moleszt\u00e1lta \u0151ket [&hellip;]","og_url":"https:\/\/super-news.info\/hu\/pert-inditottak-michael-jackson-rajongoi\/","og_site_name":"Super News","article_published_time":"2019-07-05T09:50:19+00:00","article_modified_time":"2019-07-05T09:50:22+00:00","og_image":[{"width":1400,"height":932,"url":"https:\/\/super-news.info\/hu\/wp-content\/uploads\/sites\/3\/2019\/07\/Pert-ind\u00edtottak-Michael-Jackson-rajong\u00f3i.jpg","type":"image\/jpeg"}],"author":"super-news","twitter_card":"summary_large_image","twitter_misc":{"Szerz\u0151:":"super-news","Becs\u00fclt olvas\u00e1si id\u0151":"2 perc"},"schema":{"@context":"https:\/\/schema.org","@graph":[{"@type":"Article","@id":"https:\/\/super-news.info\/hu\/pert-inditottak-michael-jackson-rajongoi\/#article","isPartOf":{"@id":"https:\/\/super-news.info\/hu\/pert-inditottak-michael-jackson-rajongoi\/"},"author":{"name":"super-news","@id":"https:\/\/super-news.info\/hu\/#\/schema\/person\/2d4068cb2f39cd10008c2fce578a7356"},"headline":"Pert ind\u00edtottak Michael Jackson rajong\u00f3i","datePublished":"2019-07-05T09:50:19+00:00","dateModified":"2019-07-05T09:50:22+00:00","mainEntityOfPage":{"@id":"https:\/\/super-news.info\/hu\/pert-inditottak-michael-jackson-rajongoi\/"},"wordCount":328,"commentCount":0,"image":{"@id":"https:\/\/super-news.info\/hu\/pert-inditottak-michael-jackson-rajongoi\/#primaryimage"},"thumbnailUrl":"https:\/\/super-news.info\/hu\/wp-content\/uploads\/sites\/3\/2019\/07\/Pert-ind\u00edtottak-Michael-Jackson-rajong\u00f3i.jpg","articleSection":["P\u00c9NZ\u00dcGYI H\u00cdREK"],"inLanguage":"hu","potentialAction":[{"@type":"CommentAction","name":"Comment","target":["https:\/\/super-news.info\/hu\/pert-inditottak-michael-jackson-rajongoi\/#respond"]}]},{"@type":"WebPage","@id":"https:\/\/super-news.info\/hu\/pert-inditottak-michael-jackson-rajongoi\/","url":"https:\/\/super-news.info\/hu\/pert-inditottak-michael-jackson-rajongoi\/","name":"Pert ind\u00edtottak Michael Jackson rajong\u00f3i - Super News","isPartOf":{"@id":"https:\/\/super-news.info\/hu\/#website"},"primaryImageOfPage":{"@id":"https:\/\/super-news.info\/hu\/pert-inditottak-michael-jackson-rajongoi\/#primaryimage"},"image":{"@id":"https:\/\/super-news.info\/hu\/pert-inditottak-michael-jackson-rajongoi\/#primaryimage"},"thumbnailUrl":"https:\/\/super-news.info\/hu\/wp-content\/uploads\/sites\/3\/2019\/07\/Pert-ind\u00edtottak-Michael-Jackson-rajong\u00f3i.jpg","datePublished":"2019-07-05T09:50:19+00:00","dateModified":"2019-07-05T09:50:22+00:00","author":{"@id":"https:\/\/super-news.info\/hu\/#\/schema\/person\/2d4068cb2f39cd10008c2fce578a7356"},"breadcrumb":{"@id":"https:\/\/super-news.info\/hu\/pert-inditottak-michael-jackson-rajongoi\/#breadcrumb"},"inLanguage":"hu","potentialAction":[{"@type":"ReadAction","target":["https:\/\/super-news.info\/hu\/pert-inditottak-michael-jackson-rajongoi\/"]}]},{"@type":"ImageObject","inLanguage":"hu","@id":"https:\/\/super-news.info\/hu\/pert-inditottak-michael-jackson-rajongoi\/#primaryimage","url":"https:\/\/super-news.info\/hu\/wp-content\/uploads\/sites\/3\/2019\/07\/Pert-ind\u00edtottak-Michael-Jackson-rajong\u00f3i.jpg","contentUrl":"https:\/\/super-news.info\/hu\/wp-content\/uploads\/sites\/3\/2019\/07\/Pert-ind\u00edtottak-Michael-Jackson-rajong\u00f3i.jpg","width":1400,"height":932,"caption":"Pert ind\u00edtottak Michael Jackson rajong\u00f3i"},{"@type":"BreadcrumbList","@id":"https:\/\/super-news.info\/hu\/pert-inditottak-michael-jackson-rajongoi\/#breadcrumb","itemListElement":[{"@type":"ListItem","position":1,"name":"\u0413\u043b\u0430\u0432\u043d\u0430\u044f \u0441\u0442\u0440\u0430\u043d\u0438\u0446\u0430","item":"https:\/\/super-news.info\/hu\/"},{"@type":"ListItem","position":2,"name":"Pert ind\u00edtottak Michael Jackson rajong\u00f3i"}]},{"@type":"WebSite","@id":"https:\/\/super-news.info\/hu\/#website","url":"https:\/\/super-news.info\/hu\/","name":"Super News","description":"Super News Magyarorsz\u00e1g","potentialAction":[{"@type":"SearchAction","target":{"@type":"EntryPoint","urlTemplate":"https:\/\/super-news.info\/hu\/?s={search_term_string}"},"query-input":{"@type":"PropertyValueSpecification","valueRequired":true,"valueName":"search_term_string"}}],"inLanguage":"hu"},{"@type":"Person","@id":"https:\/\/super-news.info\/hu\/#\/schema\/person\/2d4068cb2f39cd10008c2fce578a7356","name":"super-news","image":{"@type":"ImageObject","inLanguage":"hu","@id":"https:\/\/secure.gravatar.com\/avatar\/64ebac40b93f26a154f8a9b5b6fdccfc46f442b26b3dd6756dbff3bf9dc76fd7?s=96&d=mm&r=g","url":"https:\/\/secure.gravatar.com\/avatar\/64ebac40b93f26a154f8a9b5b6fdccfc46f442b26b3dd6756dbff3bf9dc76fd7?s=96&d=mm&r=g","contentUrl":"https:\/\/secure.gravatar.com\/avatar\/64ebac40b93f26a154f8a9b5b6fdccfc46f442b26b3dd6756dbff3bf9dc76fd7?s=96&d=mm&r=g","caption":"super-news"},"url":"https:\/\/super-news.info\/hu\/author\/pt\/"}]}},"_links":{"self":[{"href":"https:\/\/super-news.info\/hu\/wp-json\/wp\/v2\/posts\/5446","targetHints":{"allow":["GET"]}}],"collection":[{"href":"https:\/\/super-news.info\/hu\/wp-json\/wp\/v2\/posts"}],"about":[{"href":"https:\/\/super-news.info\/hu\/wp-json\/wp\/v2\/types\/post"}],"author":[{"embeddable":true,"href":"https:\/\/super-news.info\/hu\/wp-json\/wp\/v2\/users\/2"}],"replies":[{"embeddable":true,"href":"https:\/\/super-news.info\/hu\/wp-json\/wp\/v2\/comments?post=5446"}],"version-history":[{"count":1,"href":"https:\/\/super-news.info\/hu\/wp-json\/wp\/v2\/posts\/5446\/revisions"}],"predecessor-version":[{"id":5448,"href":"https:\/\/super-news.info\/hu\/wp-json\/wp\/v2\/posts\/5446\/revisions\/5448"}],"wp:featuredmedia":[{"embeddable":true,"href":"https:\/\/super-news.info\/hu\/wp-json\/wp\/v2\/media\/5447"}],"wp:attachment":[{"href":"https:\/\/super-news.info\/hu\/wp-json\/wp\/v2\/media?parent=5446"}],"wp:term":[{"taxonomy":"category","embeddable":true,"href":"https:\/\/super-news.info\/hu\/wp-json\/wp\/v2\/categories?post=5446"},{"taxonomy":"post_tag","embeddable":true,"href":"https:\/\/super-news.info\/hu\/wp-json\/wp\/v2\/tags?post=5446"}],"curies":[{"name":"wp","href":"https:\/\/api.w.org\/{rel}","templated":true}]}}