{"id":5444,"date":"2019-07-05T11:57:56","date_gmt":"2019-07-05T08:57:56","guid":{"rendered":"https:\/\/super-news.info\/hu\/giga-forgalom-lesz-az-m7-esen-vilaggazdasag\/"},"modified":"2019-07-05T11:57:57","modified_gmt":"2019-07-05T08:57:57","slug":"giga-forgalom-lesz-az-m7-esen-vilaggazdasag","status":"publish","type":"post","link":"https:\/\/super-news.info\/hu\/giga-forgalom-lesz-az-m7-esen-vilaggazdasag\/","title":{"rendered":"Giga-forgalom lesz az M7-esen | Vil\u00e1ggazdas\u00e1g"},"content":{"rendered":"<p> [ad_1]<br \/>\n<\/p>\n<p>\n\t\t\t\t\t\t\t\tA megszokottn\u00e1l is nagyobb forgalom v\u00e1rhat\u00f3 az M7-esen a k\u00f6vetkez\u0151 h\u00e9tv\u00e9g\u00e9ken az EFOTT \u00e9s Balaton Sound miatt.\t\t\t\t\t\t\t<\/p>\n<div>\n<p>A k\u00f6vetkez\u0151 k\u00e9t h\u00e9tv\u00e9g\u00e9n sz\u00e1mos olyan nagyszab\u00e1s\u00fa, t\u00f6bb t\u00edzezer embert vonz\u00f3 rendezv\u00e9ny is lesz az M7-es aut\u00f3p\u00e1lya t\u00e9rs\u00e9g\u00e9ben, amely a ny\u00e1ri h\u00e9tv\u00e9gi forgalmat tov\u00e1bb n\u00f6veli majd, \u00edgy a szok\u00e1sosn\u00e1l is nagyobb torl\u00f3d\u00e1sokra sz\u00e1m\u00edthatnak a Balatonra, illetve a Velencei-t\u00f3ra, majd a Budapestre tart\u00f3k \u2013 h\u00edvja fel a figyelmet k\u00f6zlem\u00e9ny\u00e9ben a Magyar K\u00f6z\u00fat Nonprofit Zrt.<\/p>\n<div id=\"attachment_1517594\" style=\"width: 1410px\" class=\"wp-caption alignnone\">\n<p class=\"wp-caption-text\">Fot\u00f3: Ruzsa Istv\u00e1n \/ MTI<\/p>\n<\/div>\n<p>Az idei Balaton Sound-ot 2019. j\u00falius 3-7. k\u00f6z\u00f6tt rendezik meg, a rendezv\u00e9ny nagyr\u00e9szt ism\u00e9t h\u00e9tv\u00e9g\u00e9re esik, a fesztiv\u00e1loz\u00f3k gener\u00e1lta plusz forgalom pedig tov\u00e1bb fogja n\u00f6velni az egy\u00e9bk\u00e9nt is jelent\u0151s h\u00e9tv\u00e9gi, ny\u00e1ri forgalmat az M7-es aut\u00f3p\u00e1ly\u00e1n, illetve a 7-es f\u0151\u00faton is. A k\u00f6zleked\u0151k ez\u00e9rt mindenk\u00e9ppen sz\u00e1m\u00edtsanak arra, hogy a szok\u00e1sosn\u00e1l is nagyobb forgalom lesz ezeken az utakon a k\u00f6vetkez\u0151 napokban.<\/p>\n<p>A j\u00f6v\u0151 h\u00e9tv\u00e9g\u00e9n m\u00e9g enn\u00e9l is nagyobb ar\u00e1ny\u00fa forgalomra sz\u00e1m\u00edtanak a Magyar K\u00f6z\u00fat Nonprofit Zrt. szakemberei. Egyr\u00e9szt 2019. j\u00falius 9-15. k\u00f6z\u00f6tt zajlik majd az EFOTT Fesztiv\u00e1l a Velencei-t\u00f3n\u00e1l, m\u00e1sr\u00e9szt j\u00falius 13-14-\u00e9n, vagyis j\u00f6v\u0151 h\u00e9ten szombaton \u00e9s vas\u00e1rnap lesz Zam\u00e1rdiban a Red Bull Air Race is. \u00cdgy ebben a k\u00e9t napban az ut\u00f3bbi rendezv\u00e9ny miatt m\u00e9g nagyobb ar\u00e1nyban indulhatnak el t\u00f6megek a Balaton ir\u00e1ny\u00e1ba, amihez hozz\u00e1ad\u00f3dik majd a fesztiv\u00e1l h\u00e9tv\u00e9gi k\u00f6z\u00f6ns\u00e9ge is.<\/p>\n<p>A Red Bull Air Race-hez kapcsol\u00f3d\u00f3, v\u00e1rhat\u00f3an jelent\u0151s, koncentr\u00e1lt forgalomn\u00f6veked\u00e9s miatt az M7-es aut\u00f3p\u00e1ly\u00e1n j\u00falius 13-\u00e1n \u00e9s 14-\u00e9n az M7-es aut\u00f3p\u00e1lya zam\u00e1rdi csom\u00f3pontj\u00e1ban, Budapest ir\u00e1ny\u00e1ba ideiglenes s\u00e1rga burkolati jelekkel meghosszab\u00edtj\u00e1k a gyors\u00edt\u00f3s\u00e1vot, amely seg\u00edtheti a biztons\u00e1gos becsatlakoz\u00e1st a f\u0151p\u00e1ly\u00e1ra.<\/p>\n<p>Arra k\u00e9rik a szakemberek a k\u00f6zleked\u0151ket, hogy a rendezv\u00e9nyre \u00e9rkez\u00e9skor, illetve t\u00e1voz\u00e1skor a zam\u00e1rdi csom\u00f3pont mellett (112-es kilom\u00e9terszelv\u00e9ny) a balatendr\u00e9di csom\u00f3pontot (115-\u00f6s kilom\u00e9terszelv\u00e9ny) is haszn\u00e1lj\u00e1k a v\u00e1rhat\u00f3 torl\u00f3d\u00e1sok cs\u00f6kkent\u00e9se \u00e9rdek\u00e9ben.<\/p>\n<p>A 7-es f\u0151\u00fat Zam\u00e1rdit \u00e9rint\u0151 szakasz\u00e1n szint\u00e9n jelent\u0151s torl\u00f3d\u00e1s v\u00e1rhat\u00f3, itt a Rend\u0151rs\u00e9g fogja seg\u00edteni a forgalom lebonyol\u00edt\u00e1s\u00e1t, ir\u00e1ny\u00edt\u00e1s\u00e1t.<\/p>\n<p>A k\u00f6zleked\u0151knek fontos m\u00e9g tudni, hogy a Nemzeti Infrastrukt\u00fara Fejleszt\u0151 Zrt. beruh\u00e1z\u00e1s\u00e1ban \u00e9s lebonyol\u00edt\u00e1s\u00e1ban \u00e9p\u00fcl\u0151 M7-710-es f\u0151\u00fat csom\u00f3pontban (Balatonvil\u00e1gos el\u0151tt) mindk\u00e9t ir\u00e1nyban tov\u00e1bbra is 60 km\/\u00f3r\u00e1s sebess\u00e9gkorl\u00e1toz\u00e1s lesz \u00e9rv\u00e9nyben a munkater\u00fclet mellett, ahol fokozott \u00f3vatoss\u00e1got k\u00e9rnek az aut\u00f3sokt\u00f3l.<\/p>\n<p>A k\u00f6zleked\u0151knek mindenk\u00e9ppen aj\u00e1nlott lesz m\u00e9g indul\u00e1s el\u0151tt t\u00e1j\u00e9koz\u00f3dniuk az aktu\u00e1lis forgalmi helyzetr\u0151l a Magyar K\u00f6z\u00fat Nonprofit Zrt. \u00datinform szolg\u00e1lat\u00e1n\u00e1l, a www.utinform.hu weboldalon.<\/p>\n<p>\u00a0<\/p>\n<\/p><\/div>\n<p><script>\n    window.fbAsyncInit = function() {\n        FB.init({\n            appId      : \"204760236815359\",\n            xfbml      : true,\n            version    : \"v2.12\"\n        });\n        FB.AppEvents.logPageView();\n    };<\/p>\n<p>    (function(d, s, id){\n        var js, fjs = d.getElementsByTagName(s)[0];\n        if (d.getElementById(id)) {return;}\n        js = d.createElement(s); js.id = id;\n        js.src = \"http:\/\/connect.facebook.net\/hu_HU\/sdk.js\";\n        fjs.parentNode.insertBefore(js, fjs);\n    }(document, \"script\", \"facebook-jssdk\"));\n<\/script><br \/>\n<br \/>[ad_2]<br \/>\n<br \/><a href=\"https:\/\/www.vg.hu\/kozelet\/kozeleti-hirek\/giga-forgalom-lesz-az-m7-esen-1612538\/\">Source link <\/a><\/p>\n","protected":false},"excerpt":{"rendered":"<p>[ad_1] A megszokottn\u00e1l is nagyobb forgalom v\u00e1rhat\u00f3 az M7-esen a k\u00f6vetkez\u0151 h\u00e9tv\u00e9g\u00e9ken az EFOTT \u00e9s Balaton Sound miatt. A k\u00f6vetkez\u0151 k\u00e9t h\u00e9tv\u00e9g\u00e9n sz\u00e1mos olyan nagyszab\u00e1s\u00fa, t\u00f6bb t\u00edzezer embert vonz\u00f3 rendezv\u00e9ny is lesz az M7-es aut\u00f3p\u00e1lya t\u00e9rs\u00e9g\u00e9ben, amely a ny\u00e1ri h\u00e9tv\u00e9gi forgalmat tov\u00e1bb n\u00f6veli majd, \u00edgy a szok\u00e1sosn\u00e1l is nagyobb torl\u00f3d\u00e1sokra sz\u00e1m\u00edthatnak a Balatonra, illetve a [&hellip;]<\/p>\n","protected":false},"author":2,"featured_media":4006,"comment_status":"open","ping_status":"open","sticky":false,"template":"","format":"standard","meta":{"footnotes":""},"categories":[1],"tags":[],"class_list":["post-5444","post","type-post","status-publish","format-standard","has-post-thumbnail","hentry","category-penzugyi-hirek"],"yoast_head":"<!-- This site is optimized with the Yoast SEO plugin v27.4 - https:\/\/yoast.com\/product\/yoast-seo-wordpress\/ -->\n<title>Giga-forgalom lesz az M7-esen | Vil\u00e1ggazdas\u00e1g - Super News<\/title>\n<meta name=\"robots\" content=\"index, follow, max-snippet:-1, max-image-preview:large, max-video-preview:-1\" \/>\n<link rel=\"canonical\" href=\"https:\/\/super-news.info\/hu\/giga-forgalom-lesz-az-m7-esen-vilaggazdasag\/\" \/>\n<meta property=\"og:locale\" content=\"hu_HU\" \/>\n<meta property=\"og:type\" content=\"article\" \/>\n<meta property=\"og:title\" content=\"Giga-forgalom lesz az M7-esen | Vil\u00e1ggazdas\u00e1g - Super News\" \/>\n<meta property=\"og:description\" content=\"[ad_1] A megszokottn\u00e1l is nagyobb forgalom v\u00e1rhat\u00f3 az M7-esen a k\u00f6vetkez\u0151 h\u00e9tv\u00e9g\u00e9ken az EFOTT \u00e9s Balaton Sound miatt. A k\u00f6vetkez\u0151 k\u00e9t h\u00e9tv\u00e9g\u00e9n sz\u00e1mos olyan nagyszab\u00e1s\u00fa, t\u00f6bb t\u00edzezer embert vonz\u00f3 rendezv\u00e9ny is lesz az M7-es aut\u00f3p\u00e1lya t\u00e9rs\u00e9g\u00e9ben, amely a ny\u00e1ri h\u00e9tv\u00e9gi forgalmat tov\u00e1bb n\u00f6veli majd, \u00edgy a szok\u00e1sosn\u00e1l is nagyobb torl\u00f3d\u00e1sokra sz\u00e1m\u00edthatnak a Balatonra, illetve a [&hellip;]\" \/>\n<meta property=\"og:url\" content=\"https:\/\/super-news.info\/hu\/giga-forgalom-lesz-az-m7-esen-vilaggazdasag\/\" \/>\n<meta property=\"og:site_name\" content=\"Super News\" \/>\n<meta property=\"article:published_time\" content=\"2019-07-05T08:57:56+00:00\" \/>\n<meta property=\"article:modified_time\" content=\"2019-07-05T08:57:57+00:00\" \/>\n<meta property=\"og:image\" content=\"https:\/\/super-news.info\/hu\/wp-content\/uploads\/sites\/3\/2019\/06\/Lez\u00e1rj\u00e1k-szombaton-az-M0-s-aut\u00f3\u00fat-egy-r\u00e9sz\u00e9t.jpg\" \/>\n\t<meta property=\"og:image:width\" content=\"1400\" \/>\n\t<meta property=\"og:image:height\" content=\"761\" \/>\n\t<meta property=\"og:image:type\" content=\"image\/jpeg\" \/>\n<meta name=\"author\" content=\"super-news\" \/>\n<meta name=\"twitter:card\" content=\"summary_large_image\" \/>\n<meta name=\"twitter:label1\" content=\"Szerz\u0151:\" \/>\n\t<meta name=\"twitter:data1\" content=\"super-news\" \/>\n\t<meta name=\"twitter:label2\" content=\"Becs\u00fclt olvas\u00e1si id\u0151\" \/>\n\t<meta name=\"twitter:data2\" content=\"3 perc\" \/>\n<script type=\"application\/ld+json\" class=\"yoast-schema-graph\">{\"@context\":\"https:\\\/\\\/schema.org\",\"@graph\":[{\"@type\":\"Article\",\"@id\":\"https:\\\/\\\/super-news.info\\\/hu\\\/giga-forgalom-lesz-az-m7-esen-vilaggazdasag\\\/#article\",\"isPartOf\":{\"@id\":\"https:\\\/\\\/super-news.info\\\/hu\\\/giga-forgalom-lesz-az-m7-esen-vilaggazdasag\\\/\"},\"author\":{\"name\":\"super-news\",\"@id\":\"https:\\\/\\\/super-news.info\\\/hu\\\/#\\\/schema\\\/person\\\/2d4068cb2f39cd10008c2fce578a7356\"},\"headline\":\"Giga-forgalom lesz az M7-esen | Vil\u00e1ggazdas\u00e1g\",\"datePublished\":\"2019-07-05T08:57:56+00:00\",\"dateModified\":\"2019-07-05T08:57:57+00:00\",\"mainEntityOfPage\":{\"@id\":\"https:\\\/\\\/super-news.info\\\/hu\\\/giga-forgalom-lesz-az-m7-esen-vilaggazdasag\\\/\"},\"wordCount\":607,\"commentCount\":0,\"image\":{\"@id\":\"https:\\\/\\\/super-news.info\\\/hu\\\/giga-forgalom-lesz-az-m7-esen-vilaggazdasag\\\/#primaryimage\"},\"thumbnailUrl\":\"https:\\\/\\\/super-news.info\\\/hu\\\/wp-content\\\/uploads\\\/sites\\\/3\\\/2019\\\/06\\\/Lez\u00e1rj\u00e1k-szombaton-az-M0-s-aut\u00f3\u00fat-egy-r\u00e9sz\u00e9t.jpg\",\"articleSection\":[\"P\u00c9NZ\u00dcGYI H\u00cdREK\"],\"inLanguage\":\"hu\",\"potentialAction\":[{\"@type\":\"CommentAction\",\"name\":\"Comment\",\"target\":[\"https:\\\/\\\/super-news.info\\\/hu\\\/giga-forgalom-lesz-az-m7-esen-vilaggazdasag\\\/#respond\"]}]},{\"@type\":\"WebPage\",\"@id\":\"https:\\\/\\\/super-news.info\\\/hu\\\/giga-forgalom-lesz-az-m7-esen-vilaggazdasag\\\/\",\"url\":\"https:\\\/\\\/super-news.info\\\/hu\\\/giga-forgalom-lesz-az-m7-esen-vilaggazdasag\\\/\",\"name\":\"Giga-forgalom lesz az M7-esen | Vil\u00e1ggazdas\u00e1g - Super News\",\"isPartOf\":{\"@id\":\"https:\\\/\\\/super-news.info\\\/hu\\\/#website\"},\"primaryImageOfPage\":{\"@id\":\"https:\\\/\\\/super-news.info\\\/hu\\\/giga-forgalom-lesz-az-m7-esen-vilaggazdasag\\\/#primaryimage\"},\"image\":{\"@id\":\"https:\\\/\\\/super-news.info\\\/hu\\\/giga-forgalom-lesz-az-m7-esen-vilaggazdasag\\\/#primaryimage\"},\"thumbnailUrl\":\"https:\\\/\\\/super-news.info\\\/hu\\\/wp-content\\\/uploads\\\/sites\\\/3\\\/2019\\\/06\\\/Lez\u00e1rj\u00e1k-szombaton-az-M0-s-aut\u00f3\u00fat-egy-r\u00e9sz\u00e9t.jpg\",\"datePublished\":\"2019-07-05T08:57:56+00:00\",\"dateModified\":\"2019-07-05T08:57:57+00:00\",\"author\":{\"@id\":\"https:\\\/\\\/super-news.info\\\/hu\\\/#\\\/schema\\\/person\\\/2d4068cb2f39cd10008c2fce578a7356\"},\"breadcrumb\":{\"@id\":\"https:\\\/\\\/super-news.info\\\/hu\\\/giga-forgalom-lesz-az-m7-esen-vilaggazdasag\\\/#breadcrumb\"},\"inLanguage\":\"hu\",\"potentialAction\":[{\"@type\":\"ReadAction\",\"target\":[\"https:\\\/\\\/super-news.info\\\/hu\\\/giga-forgalom-lesz-az-m7-esen-vilaggazdasag\\\/\"]}]},{\"@type\":\"ImageObject\",\"inLanguage\":\"hu\",\"@id\":\"https:\\\/\\\/super-news.info\\\/hu\\\/giga-forgalom-lesz-az-m7-esen-vilaggazdasag\\\/#primaryimage\",\"url\":\"https:\\\/\\\/super-news.info\\\/hu\\\/wp-content\\\/uploads\\\/sites\\\/3\\\/2019\\\/06\\\/Lez\u00e1rj\u00e1k-szombaton-az-M0-s-aut\u00f3\u00fat-egy-r\u00e9sz\u00e9t.jpg\",\"contentUrl\":\"https:\\\/\\\/super-news.info\\\/hu\\\/wp-content\\\/uploads\\\/sites\\\/3\\\/2019\\\/06\\\/Lez\u00e1rj\u00e1k-szombaton-az-M0-s-aut\u00f3\u00fat-egy-r\u00e9sz\u00e9t.jpg\",\"width\":1400,\"height\":761,\"caption\":\"Lez\u00e1rj\u00e1k szombaton az M0-s aut\u00f3\u00fat egy r\u00e9sz\u00e9t\"},{\"@type\":\"BreadcrumbList\",\"@id\":\"https:\\\/\\\/super-news.info\\\/hu\\\/giga-forgalom-lesz-az-m7-esen-vilaggazdasag\\\/#breadcrumb\",\"itemListElement\":[{\"@type\":\"ListItem\",\"position\":1,\"name\":\"\u0413\u043b\u0430\u0432\u043d\u0430\u044f \u0441\u0442\u0440\u0430\u043d\u0438\u0446\u0430\",\"item\":\"https:\\\/\\\/super-news.info\\\/hu\\\/\"},{\"@type\":\"ListItem\",\"position\":2,\"name\":\"Giga-forgalom lesz az M7-esen | Vil\u00e1ggazdas\u00e1g\"}]},{\"@type\":\"WebSite\",\"@id\":\"https:\\\/\\\/super-news.info\\\/hu\\\/#website\",\"url\":\"https:\\\/\\\/super-news.info\\\/hu\\\/\",\"name\":\"Super News\",\"description\":\"Super News Magyarorsz\u00e1g\",\"potentialAction\":[{\"@type\":\"SearchAction\",\"target\":{\"@type\":\"EntryPoint\",\"urlTemplate\":\"https:\\\/\\\/super-news.info\\\/hu\\\/?s={search_term_string}\"},\"query-input\":{\"@type\":\"PropertyValueSpecification\",\"valueRequired\":true,\"valueName\":\"search_term_string\"}}],\"inLanguage\":\"hu\"},{\"@type\":\"Person\",\"@id\":\"https:\\\/\\\/super-news.info\\\/hu\\\/#\\\/schema\\\/person\\\/2d4068cb2f39cd10008c2fce578a7356\",\"name\":\"super-news\",\"image\":{\"@type\":\"ImageObject\",\"inLanguage\":\"hu\",\"@id\":\"https:\\\/\\\/secure.gravatar.com\\\/avatar\\\/64ebac40b93f26a154f8a9b5b6fdccfc46f442b26b3dd6756dbff3bf9dc76fd7?s=96&d=mm&r=g\",\"url\":\"https:\\\/\\\/secure.gravatar.com\\\/avatar\\\/64ebac40b93f26a154f8a9b5b6fdccfc46f442b26b3dd6756dbff3bf9dc76fd7?s=96&d=mm&r=g\",\"contentUrl\":\"https:\\\/\\\/secure.gravatar.com\\\/avatar\\\/64ebac40b93f26a154f8a9b5b6fdccfc46f442b26b3dd6756dbff3bf9dc76fd7?s=96&d=mm&r=g\",\"caption\":\"super-news\"},\"url\":\"https:\\\/\\\/super-news.info\\\/hu\\\/author\\\/pt\\\/\"}]}<\/script>\n<!-- \/ Yoast SEO plugin. -->","yoast_head_json":{"title":"Giga-forgalom lesz az M7-esen | Vil\u00e1ggazdas\u00e1g - Super News","robots":{"index":"index","follow":"follow","max-snippet":"max-snippet:-1","max-image-preview":"max-image-preview:large","max-video-preview":"max-video-preview:-1"},"canonical":"https:\/\/super-news.info\/hu\/giga-forgalom-lesz-az-m7-esen-vilaggazdasag\/","og_locale":"hu_HU","og_type":"article","og_title":"Giga-forgalom lesz az M7-esen | Vil\u00e1ggazdas\u00e1g - Super News","og_description":"[ad_1] A megszokottn\u00e1l is nagyobb forgalom v\u00e1rhat\u00f3 az M7-esen a k\u00f6vetkez\u0151 h\u00e9tv\u00e9g\u00e9ken az EFOTT \u00e9s Balaton Sound miatt. A k\u00f6vetkez\u0151 k\u00e9t h\u00e9tv\u00e9g\u00e9n sz\u00e1mos olyan nagyszab\u00e1s\u00fa, t\u00f6bb t\u00edzezer embert vonz\u00f3 rendezv\u00e9ny is lesz az M7-es aut\u00f3p\u00e1lya t\u00e9rs\u00e9g\u00e9ben, amely a ny\u00e1ri h\u00e9tv\u00e9gi forgalmat tov\u00e1bb n\u00f6veli majd, \u00edgy a szok\u00e1sosn\u00e1l is nagyobb torl\u00f3d\u00e1sokra sz\u00e1m\u00edthatnak a Balatonra, illetve a [&hellip;]","og_url":"https:\/\/super-news.info\/hu\/giga-forgalom-lesz-az-m7-esen-vilaggazdasag\/","og_site_name":"Super News","article_published_time":"2019-07-05T08:57:56+00:00","article_modified_time":"2019-07-05T08:57:57+00:00","og_image":[{"width":1400,"height":761,"url":"https:\/\/super-news.info\/hu\/wp-content\/uploads\/sites\/3\/2019\/06\/Lez\u00e1rj\u00e1k-szombaton-az-M0-s-aut\u00f3\u00fat-egy-r\u00e9sz\u00e9t.jpg","type":"image\/jpeg"}],"author":"super-news","twitter_card":"summary_large_image","twitter_misc":{"Szerz\u0151:":"super-news","Becs\u00fclt olvas\u00e1si id\u0151":"3 perc"},"schema":{"@context":"https:\/\/schema.org","@graph":[{"@type":"Article","@id":"https:\/\/super-news.info\/hu\/giga-forgalom-lesz-az-m7-esen-vilaggazdasag\/#article","isPartOf":{"@id":"https:\/\/super-news.info\/hu\/giga-forgalom-lesz-az-m7-esen-vilaggazdasag\/"},"author":{"name":"super-news","@id":"https:\/\/super-news.info\/hu\/#\/schema\/person\/2d4068cb2f39cd10008c2fce578a7356"},"headline":"Giga-forgalom lesz az M7-esen | Vil\u00e1ggazdas\u00e1g","datePublished":"2019-07-05T08:57:56+00:00","dateModified":"2019-07-05T08:57:57+00:00","mainEntityOfPage":{"@id":"https:\/\/super-news.info\/hu\/giga-forgalom-lesz-az-m7-esen-vilaggazdasag\/"},"wordCount":607,"commentCount":0,"image":{"@id":"https:\/\/super-news.info\/hu\/giga-forgalom-lesz-az-m7-esen-vilaggazdasag\/#primaryimage"},"thumbnailUrl":"https:\/\/super-news.info\/hu\/wp-content\/uploads\/sites\/3\/2019\/06\/Lez\u00e1rj\u00e1k-szombaton-az-M0-s-aut\u00f3\u00fat-egy-r\u00e9sz\u00e9t.jpg","articleSection":["P\u00c9NZ\u00dcGYI H\u00cdREK"],"inLanguage":"hu","potentialAction":[{"@type":"CommentAction","name":"Comment","target":["https:\/\/super-news.info\/hu\/giga-forgalom-lesz-az-m7-esen-vilaggazdasag\/#respond"]}]},{"@type":"WebPage","@id":"https:\/\/super-news.info\/hu\/giga-forgalom-lesz-az-m7-esen-vilaggazdasag\/","url":"https:\/\/super-news.info\/hu\/giga-forgalom-lesz-az-m7-esen-vilaggazdasag\/","name":"Giga-forgalom lesz az M7-esen | Vil\u00e1ggazdas\u00e1g - Super News","isPartOf":{"@id":"https:\/\/super-news.info\/hu\/#website"},"primaryImageOfPage":{"@id":"https:\/\/super-news.info\/hu\/giga-forgalom-lesz-az-m7-esen-vilaggazdasag\/#primaryimage"},"image":{"@id":"https:\/\/super-news.info\/hu\/giga-forgalom-lesz-az-m7-esen-vilaggazdasag\/#primaryimage"},"thumbnailUrl":"https:\/\/super-news.info\/hu\/wp-content\/uploads\/sites\/3\/2019\/06\/Lez\u00e1rj\u00e1k-szombaton-az-M0-s-aut\u00f3\u00fat-egy-r\u00e9sz\u00e9t.jpg","datePublished":"2019-07-05T08:57:56+00:00","dateModified":"2019-07-05T08:57:57+00:00","author":{"@id":"https:\/\/super-news.info\/hu\/#\/schema\/person\/2d4068cb2f39cd10008c2fce578a7356"},"breadcrumb":{"@id":"https:\/\/super-news.info\/hu\/giga-forgalom-lesz-az-m7-esen-vilaggazdasag\/#breadcrumb"},"inLanguage":"hu","potentialAction":[{"@type":"ReadAction","target":["https:\/\/super-news.info\/hu\/giga-forgalom-lesz-az-m7-esen-vilaggazdasag\/"]}]},{"@type":"ImageObject","inLanguage":"hu","@id":"https:\/\/super-news.info\/hu\/giga-forgalom-lesz-az-m7-esen-vilaggazdasag\/#primaryimage","url":"https:\/\/super-news.info\/hu\/wp-content\/uploads\/sites\/3\/2019\/06\/Lez\u00e1rj\u00e1k-szombaton-az-M0-s-aut\u00f3\u00fat-egy-r\u00e9sz\u00e9t.jpg","contentUrl":"https:\/\/super-news.info\/hu\/wp-content\/uploads\/sites\/3\/2019\/06\/Lez\u00e1rj\u00e1k-szombaton-az-M0-s-aut\u00f3\u00fat-egy-r\u00e9sz\u00e9t.jpg","width":1400,"height":761,"caption":"Lez\u00e1rj\u00e1k szombaton az M0-s aut\u00f3\u00fat egy r\u00e9sz\u00e9t"},{"@type":"BreadcrumbList","@id":"https:\/\/super-news.info\/hu\/giga-forgalom-lesz-az-m7-esen-vilaggazdasag\/#breadcrumb","itemListElement":[{"@type":"ListItem","position":1,"name":"\u0413\u043b\u0430\u0432\u043d\u0430\u044f \u0441\u0442\u0440\u0430\u043d\u0438\u0446\u0430","item":"https:\/\/super-news.info\/hu\/"},{"@type":"ListItem","position":2,"name":"Giga-forgalom lesz az M7-esen | Vil\u00e1ggazdas\u00e1g"}]},{"@type":"WebSite","@id":"https:\/\/super-news.info\/hu\/#website","url":"https:\/\/super-news.info\/hu\/","name":"Super News","description":"Super News Magyarorsz\u00e1g","potentialAction":[{"@type":"SearchAction","target":{"@type":"EntryPoint","urlTemplate":"https:\/\/super-news.info\/hu\/?s={search_term_string}"},"query-input":{"@type":"PropertyValueSpecification","valueRequired":true,"valueName":"search_term_string"}}],"inLanguage":"hu"},{"@type":"Person","@id":"https:\/\/super-news.info\/hu\/#\/schema\/person\/2d4068cb2f39cd10008c2fce578a7356","name":"super-news","image":{"@type":"ImageObject","inLanguage":"hu","@id":"https:\/\/secure.gravatar.com\/avatar\/64ebac40b93f26a154f8a9b5b6fdccfc46f442b26b3dd6756dbff3bf9dc76fd7?s=96&d=mm&r=g","url":"https:\/\/secure.gravatar.com\/avatar\/64ebac40b93f26a154f8a9b5b6fdccfc46f442b26b3dd6756dbff3bf9dc76fd7?s=96&d=mm&r=g","contentUrl":"https:\/\/secure.gravatar.com\/avatar\/64ebac40b93f26a154f8a9b5b6fdccfc46f442b26b3dd6756dbff3bf9dc76fd7?s=96&d=mm&r=g","caption":"super-news"},"url":"https:\/\/super-news.info\/hu\/author\/pt\/"}]}},"_links":{"self":[{"href":"https:\/\/super-news.info\/hu\/wp-json\/wp\/v2\/posts\/5444","targetHints":{"allow":["GET"]}}],"collection":[{"href":"https:\/\/super-news.info\/hu\/wp-json\/wp\/v2\/posts"}],"about":[{"href":"https:\/\/super-news.info\/hu\/wp-json\/wp\/v2\/types\/post"}],"author":[{"embeddable":true,"href":"https:\/\/super-news.info\/hu\/wp-json\/wp\/v2\/users\/2"}],"replies":[{"embeddable":true,"href":"https:\/\/super-news.info\/hu\/wp-json\/wp\/v2\/comments?post=5444"}],"version-history":[{"count":1,"href":"https:\/\/super-news.info\/hu\/wp-json\/wp\/v2\/posts\/5444\/revisions"}],"predecessor-version":[{"id":5445,"href":"https:\/\/super-news.info\/hu\/wp-json\/wp\/v2\/posts\/5444\/revisions\/5445"}],"wp:featuredmedia":[{"embeddable":true,"href":"https:\/\/super-news.info\/hu\/wp-json\/wp\/v2\/media\/4006"}],"wp:attachment":[{"href":"https:\/\/super-news.info\/hu\/wp-json\/wp\/v2\/media?parent=5444"}],"wp:term":[{"taxonomy":"category","embeddable":true,"href":"https:\/\/super-news.info\/hu\/wp-json\/wp\/v2\/categories?post=5444"},{"taxonomy":"post_tag","embeddable":true,"href":"https:\/\/super-news.info\/hu\/wp-json\/wp\/v2\/tags?post=5444"}],"curies":[{"name":"wp","href":"https:\/\/api.w.org\/{rel}","templated":true}]}}