{"id":5442,"date":"2019-07-05T11:06:14","date_gmt":"2019-07-05T08:06:14","guid":{"rendered":"https:\/\/super-news.info\/hu\/helikopterbalesetben-meghalt-egy-milliardos-vilaggazdasag\/"},"modified":"2020-02-21T17:09:39","modified_gmt":"2020-02-21T14:09:39","slug":"helikopterbalesetben-meghalt-egy-milliardos-vilaggazdasag","status":"publish","type":"post","link":"https:\/\/super-news.info\/hu\/helikopterbalesetben-meghalt-egy-milliardos-vilaggazdasag\/","title":{"rendered":"Helikopterbalesetben meghalt egy milli\u00e1rdos | Vil\u00e1ggazdas\u00e1g"},"content":{"rendered":"<p>Chris Cline amerikai milli\u00e1rdos a sz\u00e9nb\u00e1ny\u00e1szatb\u00f3l tett szert mes\u00e9s vagyonra.<\/p>\n<p>Lezuhant egy helikopter h\u00e9t emberrel a fed\u00e9lzet\u00e9n a Baham\u00e1k k\u00f6zel\u00e9ben, az Atlanti-\u00f3ce\u00e1n f\u00f6l\u00f6tt, az utasok mindegyike \u00e9let\u00e9t vesztette \u2013 sz\u00e1molt be az amerikai m\u00e9dia a helyi rend\u0151rs\u00e9gre hivatkozva cs\u00fct\u00f6rt\u00f6k\u00f6n.<\/p>\n<p>A helikopteren n\u00e9gy n\u0151 \u00e9s h\u00e1rom f\u00e9rfi utazott. Az \u00e1ldozatok k\u00f6z\u00f6tt van Chris Cline amerikai milli\u00e1rdos \u00e9s l\u00e1nya. Cline a sz\u00e9nb\u00e1ny\u00e1szatb\u00f3l tett szert mes\u00e9s vagyonra.<\/p>\n<blockquote><p>BREAKING Coal billionaire Chris Cline killed in helicopter crash hours before his birthday https:\/\/t.co\/3THCj0JGCY pic.twitter.com\/NSlEvBmIC2<\/p>\n<p>\u2014 Mirror Breaking News (@MirrorBreaking_) July 5, 2019<\/p><\/blockquote>\n<p>A rend\u0151rs\u00e9g szerint a helikopter Big Grand Cay sziget\u00e9r\u0151l a floridai Fort Lauderdale-be tartott. Egyel\u0151re nem tudni, mi okozhatta a szerencs\u00e9tlens\u00e9get. Az \u00fcgyben nyomoz\u00e1st ind\u00edtottak.<\/p>\n<p><a href=\"https:\/\/www.vg.hu\/kozelet\/kozeleti-hirek\/helikopterbalesetben-meghalt-egy-milliardos-1612190\/\">Source link <\/a><\/p>\n","protected":false},"excerpt":{"rendered":"<p>Chris Cline amerikai milli\u00e1rdos a sz\u00e9nb\u00e1ny\u00e1szatb\u00f3l tett szert mes\u00e9s vagyonra. Lezuhant egy helikopter h\u00e9t emberrel a fed\u00e9lzet\u00e9n a Baham\u00e1k k\u00f6zel\u00e9ben, az Atlanti-\u00f3ce\u00e1n f\u00f6l\u00f6tt, az utasok mindegyike \u00e9let\u00e9t vesztette \u2013 sz\u00e1molt be az amerikai m\u00e9dia a helyi rend\u0151rs\u00e9gre hivatkozva cs\u00fct\u00f6rt\u00f6k\u00f6n. A helikopteren n\u00e9gy n\u0151 \u00e9s h\u00e1rom f\u00e9rfi utazott. Az \u00e1ldozatok k\u00f6z\u00f6tt van Chris Cline amerikai milli\u00e1rdos [&hellip;]<\/p>\n","protected":false},"author":2,"featured_media":300,"comment_status":"open","ping_status":"open","sticky":false,"template":"","format":"standard","meta":{"footnotes":""},"categories":[1],"tags":[],"class_list":["post-5442","post","type-post","status-publish","format-standard","has-post-thumbnail","hentry","category-penzugyi-hirek"],"yoast_head":"<!-- This site is optimized with the Yoast SEO plugin v27.4 - https:\/\/yoast.com\/product\/yoast-seo-wordpress\/ -->\n<title>Helikopterbalesetben meghalt egy milli\u00e1rdos | Vil\u00e1ggazdas\u00e1g - Super News<\/title>\n<meta name=\"robots\" content=\"index, follow, max-snippet:-1, max-image-preview:large, max-video-preview:-1\" \/>\n<link rel=\"canonical\" href=\"https:\/\/super-news.info\/hu\/helikopterbalesetben-meghalt-egy-milliardos-vilaggazdasag\/\" \/>\n<meta property=\"og:locale\" content=\"hu_HU\" \/>\n<meta property=\"og:type\" content=\"article\" \/>\n<meta property=\"og:title\" content=\"Helikopterbalesetben meghalt egy milli\u00e1rdos | Vil\u00e1ggazdas\u00e1g - Super News\" \/>\n<meta property=\"og:description\" content=\"Chris Cline amerikai milli\u00e1rdos a sz\u00e9nb\u00e1ny\u00e1szatb\u00f3l tett szert mes\u00e9s vagyonra. Lezuhant egy helikopter h\u00e9t emberrel a fed\u00e9lzet\u00e9n a Baham\u00e1k k\u00f6zel\u00e9ben, az Atlanti-\u00f3ce\u00e1n f\u00f6l\u00f6tt, az utasok mindegyike \u00e9let\u00e9t vesztette \u2013 sz\u00e1molt be az amerikai m\u00e9dia a helyi rend\u0151rs\u00e9gre hivatkozva cs\u00fct\u00f6rt\u00f6k\u00f6n. A helikopteren n\u00e9gy n\u0151 \u00e9s h\u00e1rom f\u00e9rfi utazott. Az \u00e1ldozatok k\u00f6z\u00f6tt van Chris Cline amerikai milli\u00e1rdos [&hellip;]\" \/>\n<meta property=\"og:url\" content=\"https:\/\/super-news.info\/hu\/helikopterbalesetben-meghalt-egy-milliardos-vilaggazdasag\/\" \/>\n<meta property=\"og:site_name\" content=\"Super News\" \/>\n<meta property=\"article:published_time\" content=\"2019-07-05T08:06:14+00:00\" \/>\n<meta property=\"article:modified_time\" content=\"2020-02-21T14:09:39+00:00\" \/>\n<meta property=\"og:image\" content=\"https:\/\/super-news.info\/hu\/wp-content\/uploads\/sites\/3\/2019\/04\/V\u00e1ltoz\u00f3-k\u00e9pet-mutat-az-eur\u00f3pai-keresked\u00e9s.png\" \/>\n\t<meta property=\"og:image:width\" content=\"1400\" \/>\n\t<meta property=\"og:image:height\" content=\"900\" \/>\n\t<meta property=\"og:image:type\" content=\"image\/png\" \/>\n<meta name=\"author\" content=\"super-news\" \/>\n<meta name=\"twitter:card\" content=\"summary_large_image\" \/>\n<meta name=\"twitter:label1\" content=\"Szerz\u0151:\" \/>\n\t<meta name=\"twitter:data1\" content=\"super-news\" \/>\n\t<meta name=\"twitter:label2\" content=\"Becs\u00fclt olvas\u00e1si id\u0151\" \/>\n\t<meta name=\"twitter:data2\" content=\"1 perc\" \/>\n<script type=\"application\/ld+json\" class=\"yoast-schema-graph\">{\"@context\":\"https:\\\/\\\/schema.org\",\"@graph\":[{\"@type\":\"Article\",\"@id\":\"https:\\\/\\\/super-news.info\\\/hu\\\/helikopterbalesetben-meghalt-egy-milliardos-vilaggazdasag\\\/#article\",\"isPartOf\":{\"@id\":\"https:\\\/\\\/super-news.info\\\/hu\\\/helikopterbalesetben-meghalt-egy-milliardos-vilaggazdasag\\\/\"},\"author\":{\"name\":\"super-news\",\"@id\":\"https:\\\/\\\/super-news.info\\\/hu\\\/#\\\/schema\\\/person\\\/2d4068cb2f39cd10008c2fce578a7356\"},\"headline\":\"Helikopterbalesetben meghalt egy milli\u00e1rdos | Vil\u00e1ggazdas\u00e1g\",\"datePublished\":\"2019-07-05T08:06:14+00:00\",\"dateModified\":\"2020-02-21T14:09:39+00:00\",\"mainEntityOfPage\":{\"@id\":\"https:\\\/\\\/super-news.info\\\/hu\\\/helikopterbalesetben-meghalt-egy-milliardos-vilaggazdasag\\\/\"},\"wordCount\":171,\"commentCount\":0,\"image\":{\"@id\":\"https:\\\/\\\/super-news.info\\\/hu\\\/helikopterbalesetben-meghalt-egy-milliardos-vilaggazdasag\\\/#primaryimage\"},\"thumbnailUrl\":\"https:\\\/\\\/super-news.info\\\/hu\\\/wp-content\\\/uploads\\\/sites\\\/3\\\/2019\\\/04\\\/V\u00e1ltoz\u00f3-k\u00e9pet-mutat-az-eur\u00f3pai-keresked\u00e9s.png\",\"articleSection\":[\"P\u00c9NZ\u00dcGYI H\u00cdREK\"],\"inLanguage\":\"hu\",\"potentialAction\":[{\"@type\":\"CommentAction\",\"name\":\"Comment\",\"target\":[\"https:\\\/\\\/super-news.info\\\/hu\\\/helikopterbalesetben-meghalt-egy-milliardos-vilaggazdasag\\\/#respond\"]}]},{\"@type\":\"WebPage\",\"@id\":\"https:\\\/\\\/super-news.info\\\/hu\\\/helikopterbalesetben-meghalt-egy-milliardos-vilaggazdasag\\\/\",\"url\":\"https:\\\/\\\/super-news.info\\\/hu\\\/helikopterbalesetben-meghalt-egy-milliardos-vilaggazdasag\\\/\",\"name\":\"Helikopterbalesetben meghalt egy milli\u00e1rdos | Vil\u00e1ggazdas\u00e1g - Super News\",\"isPartOf\":{\"@id\":\"https:\\\/\\\/super-news.info\\\/hu\\\/#website\"},\"primaryImageOfPage\":{\"@id\":\"https:\\\/\\\/super-news.info\\\/hu\\\/helikopterbalesetben-meghalt-egy-milliardos-vilaggazdasag\\\/#primaryimage\"},\"image\":{\"@id\":\"https:\\\/\\\/super-news.info\\\/hu\\\/helikopterbalesetben-meghalt-egy-milliardos-vilaggazdasag\\\/#primaryimage\"},\"thumbnailUrl\":\"https:\\\/\\\/super-news.info\\\/hu\\\/wp-content\\\/uploads\\\/sites\\\/3\\\/2019\\\/04\\\/V\u00e1ltoz\u00f3-k\u00e9pet-mutat-az-eur\u00f3pai-keresked\u00e9s.png\",\"datePublished\":\"2019-07-05T08:06:14+00:00\",\"dateModified\":\"2020-02-21T14:09:39+00:00\",\"author\":{\"@id\":\"https:\\\/\\\/super-news.info\\\/hu\\\/#\\\/schema\\\/person\\\/2d4068cb2f39cd10008c2fce578a7356\"},\"breadcrumb\":{\"@id\":\"https:\\\/\\\/super-news.info\\\/hu\\\/helikopterbalesetben-meghalt-egy-milliardos-vilaggazdasag\\\/#breadcrumb\"},\"inLanguage\":\"hu\",\"potentialAction\":[{\"@type\":\"ReadAction\",\"target\":[\"https:\\\/\\\/super-news.info\\\/hu\\\/helikopterbalesetben-meghalt-egy-milliardos-vilaggazdasag\\\/\"]}]},{\"@type\":\"ImageObject\",\"inLanguage\":\"hu\",\"@id\":\"https:\\\/\\\/super-news.info\\\/hu\\\/helikopterbalesetben-meghalt-egy-milliardos-vilaggazdasag\\\/#primaryimage\",\"url\":\"https:\\\/\\\/super-news.info\\\/hu\\\/wp-content\\\/uploads\\\/sites\\\/3\\\/2019\\\/04\\\/V\u00e1ltoz\u00f3-k\u00e9pet-mutat-az-eur\u00f3pai-keresked\u00e9s.png\",\"contentUrl\":\"https:\\\/\\\/super-news.info\\\/hu\\\/wp-content\\\/uploads\\\/sites\\\/3\\\/2019\\\/04\\\/V\u00e1ltoz\u00f3-k\u00e9pet-mutat-az-eur\u00f3pai-keresked\u00e9s.png\",\"width\":1400,\"height\":900,\"caption\":\"V\u00e1ltoz\u00f3 k\u00e9pet mutat az eur\u00f3pai keresked\u00e9s\"},{\"@type\":\"BreadcrumbList\",\"@id\":\"https:\\\/\\\/super-news.info\\\/hu\\\/helikopterbalesetben-meghalt-egy-milliardos-vilaggazdasag\\\/#breadcrumb\",\"itemListElement\":[{\"@type\":\"ListItem\",\"position\":1,\"name\":\"\u0413\u043b\u0430\u0432\u043d\u0430\u044f \u0441\u0442\u0440\u0430\u043d\u0438\u0446\u0430\",\"item\":\"https:\\\/\\\/super-news.info\\\/hu\\\/\"},{\"@type\":\"ListItem\",\"position\":2,\"name\":\"Helikopterbalesetben meghalt egy milli\u00e1rdos | Vil\u00e1ggazdas\u00e1g\"}]},{\"@type\":\"WebSite\",\"@id\":\"https:\\\/\\\/super-news.info\\\/hu\\\/#website\",\"url\":\"https:\\\/\\\/super-news.info\\\/hu\\\/\",\"name\":\"Super News\",\"description\":\"Super News Magyarorsz\u00e1g\",\"potentialAction\":[{\"@type\":\"SearchAction\",\"target\":{\"@type\":\"EntryPoint\",\"urlTemplate\":\"https:\\\/\\\/super-news.info\\\/hu\\\/?s={search_term_string}\"},\"query-input\":{\"@type\":\"PropertyValueSpecification\",\"valueRequired\":true,\"valueName\":\"search_term_string\"}}],\"inLanguage\":\"hu\"},{\"@type\":\"Person\",\"@id\":\"https:\\\/\\\/super-news.info\\\/hu\\\/#\\\/schema\\\/person\\\/2d4068cb2f39cd10008c2fce578a7356\",\"name\":\"super-news\",\"image\":{\"@type\":\"ImageObject\",\"inLanguage\":\"hu\",\"@id\":\"https:\\\/\\\/secure.gravatar.com\\\/avatar\\\/64ebac40b93f26a154f8a9b5b6fdccfc46f442b26b3dd6756dbff3bf9dc76fd7?s=96&d=mm&r=g\",\"url\":\"https:\\\/\\\/secure.gravatar.com\\\/avatar\\\/64ebac40b93f26a154f8a9b5b6fdccfc46f442b26b3dd6756dbff3bf9dc76fd7?s=96&d=mm&r=g\",\"contentUrl\":\"https:\\\/\\\/secure.gravatar.com\\\/avatar\\\/64ebac40b93f26a154f8a9b5b6fdccfc46f442b26b3dd6756dbff3bf9dc76fd7?s=96&d=mm&r=g\",\"caption\":\"super-news\"},\"url\":\"https:\\\/\\\/super-news.info\\\/hu\\\/author\\\/pt\\\/\"}]}<\/script>\n<!-- \/ Yoast SEO plugin. -->","yoast_head_json":{"title":"Helikopterbalesetben meghalt egy milli\u00e1rdos | Vil\u00e1ggazdas\u00e1g - Super News","robots":{"index":"index","follow":"follow","max-snippet":"max-snippet:-1","max-image-preview":"max-image-preview:large","max-video-preview":"max-video-preview:-1"},"canonical":"https:\/\/super-news.info\/hu\/helikopterbalesetben-meghalt-egy-milliardos-vilaggazdasag\/","og_locale":"hu_HU","og_type":"article","og_title":"Helikopterbalesetben meghalt egy milli\u00e1rdos | Vil\u00e1ggazdas\u00e1g - Super News","og_description":"Chris Cline amerikai milli\u00e1rdos a sz\u00e9nb\u00e1ny\u00e1szatb\u00f3l tett szert mes\u00e9s vagyonra. Lezuhant egy helikopter h\u00e9t emberrel a fed\u00e9lzet\u00e9n a Baham\u00e1k k\u00f6zel\u00e9ben, az Atlanti-\u00f3ce\u00e1n f\u00f6l\u00f6tt, az utasok mindegyike \u00e9let\u00e9t vesztette \u2013 sz\u00e1molt be az amerikai m\u00e9dia a helyi rend\u0151rs\u00e9gre hivatkozva cs\u00fct\u00f6rt\u00f6k\u00f6n. A helikopteren n\u00e9gy n\u0151 \u00e9s h\u00e1rom f\u00e9rfi utazott. Az \u00e1ldozatok k\u00f6z\u00f6tt van Chris Cline amerikai milli\u00e1rdos [&hellip;]","og_url":"https:\/\/super-news.info\/hu\/helikopterbalesetben-meghalt-egy-milliardos-vilaggazdasag\/","og_site_name":"Super News","article_published_time":"2019-07-05T08:06:14+00:00","article_modified_time":"2020-02-21T14:09:39+00:00","og_image":[{"width":1400,"height":900,"url":"https:\/\/super-news.info\/hu\/wp-content\/uploads\/sites\/3\/2019\/04\/V\u00e1ltoz\u00f3-k\u00e9pet-mutat-az-eur\u00f3pai-keresked\u00e9s.png","type":"image\/png"}],"author":"super-news","twitter_card":"summary_large_image","twitter_misc":{"Szerz\u0151:":"super-news","Becs\u00fclt olvas\u00e1si id\u0151":"1 perc"},"schema":{"@context":"https:\/\/schema.org","@graph":[{"@type":"Article","@id":"https:\/\/super-news.info\/hu\/helikopterbalesetben-meghalt-egy-milliardos-vilaggazdasag\/#article","isPartOf":{"@id":"https:\/\/super-news.info\/hu\/helikopterbalesetben-meghalt-egy-milliardos-vilaggazdasag\/"},"author":{"name":"super-news","@id":"https:\/\/super-news.info\/hu\/#\/schema\/person\/2d4068cb2f39cd10008c2fce578a7356"},"headline":"Helikopterbalesetben meghalt egy milli\u00e1rdos | Vil\u00e1ggazdas\u00e1g","datePublished":"2019-07-05T08:06:14+00:00","dateModified":"2020-02-21T14:09:39+00:00","mainEntityOfPage":{"@id":"https:\/\/super-news.info\/hu\/helikopterbalesetben-meghalt-egy-milliardos-vilaggazdasag\/"},"wordCount":171,"commentCount":0,"image":{"@id":"https:\/\/super-news.info\/hu\/helikopterbalesetben-meghalt-egy-milliardos-vilaggazdasag\/#primaryimage"},"thumbnailUrl":"https:\/\/super-news.info\/hu\/wp-content\/uploads\/sites\/3\/2019\/04\/V\u00e1ltoz\u00f3-k\u00e9pet-mutat-az-eur\u00f3pai-keresked\u00e9s.png","articleSection":["P\u00c9NZ\u00dcGYI H\u00cdREK"],"inLanguage":"hu","potentialAction":[{"@type":"CommentAction","name":"Comment","target":["https:\/\/super-news.info\/hu\/helikopterbalesetben-meghalt-egy-milliardos-vilaggazdasag\/#respond"]}]},{"@type":"WebPage","@id":"https:\/\/super-news.info\/hu\/helikopterbalesetben-meghalt-egy-milliardos-vilaggazdasag\/","url":"https:\/\/super-news.info\/hu\/helikopterbalesetben-meghalt-egy-milliardos-vilaggazdasag\/","name":"Helikopterbalesetben meghalt egy milli\u00e1rdos | Vil\u00e1ggazdas\u00e1g - Super News","isPartOf":{"@id":"https:\/\/super-news.info\/hu\/#website"},"primaryImageOfPage":{"@id":"https:\/\/super-news.info\/hu\/helikopterbalesetben-meghalt-egy-milliardos-vilaggazdasag\/#primaryimage"},"image":{"@id":"https:\/\/super-news.info\/hu\/helikopterbalesetben-meghalt-egy-milliardos-vilaggazdasag\/#primaryimage"},"thumbnailUrl":"https:\/\/super-news.info\/hu\/wp-content\/uploads\/sites\/3\/2019\/04\/V\u00e1ltoz\u00f3-k\u00e9pet-mutat-az-eur\u00f3pai-keresked\u00e9s.png","datePublished":"2019-07-05T08:06:14+00:00","dateModified":"2020-02-21T14:09:39+00:00","author":{"@id":"https:\/\/super-news.info\/hu\/#\/schema\/person\/2d4068cb2f39cd10008c2fce578a7356"},"breadcrumb":{"@id":"https:\/\/super-news.info\/hu\/helikopterbalesetben-meghalt-egy-milliardos-vilaggazdasag\/#breadcrumb"},"inLanguage":"hu","potentialAction":[{"@type":"ReadAction","target":["https:\/\/super-news.info\/hu\/helikopterbalesetben-meghalt-egy-milliardos-vilaggazdasag\/"]}]},{"@type":"ImageObject","inLanguage":"hu","@id":"https:\/\/super-news.info\/hu\/helikopterbalesetben-meghalt-egy-milliardos-vilaggazdasag\/#primaryimage","url":"https:\/\/super-news.info\/hu\/wp-content\/uploads\/sites\/3\/2019\/04\/V\u00e1ltoz\u00f3-k\u00e9pet-mutat-az-eur\u00f3pai-keresked\u00e9s.png","contentUrl":"https:\/\/super-news.info\/hu\/wp-content\/uploads\/sites\/3\/2019\/04\/V\u00e1ltoz\u00f3-k\u00e9pet-mutat-az-eur\u00f3pai-keresked\u00e9s.png","width":1400,"height":900,"caption":"V\u00e1ltoz\u00f3 k\u00e9pet mutat az eur\u00f3pai keresked\u00e9s"},{"@type":"BreadcrumbList","@id":"https:\/\/super-news.info\/hu\/helikopterbalesetben-meghalt-egy-milliardos-vilaggazdasag\/#breadcrumb","itemListElement":[{"@type":"ListItem","position":1,"name":"\u0413\u043b\u0430\u0432\u043d\u0430\u044f \u0441\u0442\u0440\u0430\u043d\u0438\u0446\u0430","item":"https:\/\/super-news.info\/hu\/"},{"@type":"ListItem","position":2,"name":"Helikopterbalesetben meghalt egy milli\u00e1rdos | Vil\u00e1ggazdas\u00e1g"}]},{"@type":"WebSite","@id":"https:\/\/super-news.info\/hu\/#website","url":"https:\/\/super-news.info\/hu\/","name":"Super News","description":"Super News Magyarorsz\u00e1g","potentialAction":[{"@type":"SearchAction","target":{"@type":"EntryPoint","urlTemplate":"https:\/\/super-news.info\/hu\/?s={search_term_string}"},"query-input":{"@type":"PropertyValueSpecification","valueRequired":true,"valueName":"search_term_string"}}],"inLanguage":"hu"},{"@type":"Person","@id":"https:\/\/super-news.info\/hu\/#\/schema\/person\/2d4068cb2f39cd10008c2fce578a7356","name":"super-news","image":{"@type":"ImageObject","inLanguage":"hu","@id":"https:\/\/secure.gravatar.com\/avatar\/64ebac40b93f26a154f8a9b5b6fdccfc46f442b26b3dd6756dbff3bf9dc76fd7?s=96&d=mm&r=g","url":"https:\/\/secure.gravatar.com\/avatar\/64ebac40b93f26a154f8a9b5b6fdccfc46f442b26b3dd6756dbff3bf9dc76fd7?s=96&d=mm&r=g","contentUrl":"https:\/\/secure.gravatar.com\/avatar\/64ebac40b93f26a154f8a9b5b6fdccfc46f442b26b3dd6756dbff3bf9dc76fd7?s=96&d=mm&r=g","caption":"super-news"},"url":"https:\/\/super-news.info\/hu\/author\/pt\/"}]}},"_links":{"self":[{"href":"https:\/\/super-news.info\/hu\/wp-json\/wp\/v2\/posts\/5442","targetHints":{"allow":["GET"]}}],"collection":[{"href":"https:\/\/super-news.info\/hu\/wp-json\/wp\/v2\/posts"}],"about":[{"href":"https:\/\/super-news.info\/hu\/wp-json\/wp\/v2\/types\/post"}],"author":[{"embeddable":true,"href":"https:\/\/super-news.info\/hu\/wp-json\/wp\/v2\/users\/2"}],"replies":[{"embeddable":true,"href":"https:\/\/super-news.info\/hu\/wp-json\/wp\/v2\/comments?post=5442"}],"version-history":[{"count":2,"href":"https:\/\/super-news.info\/hu\/wp-json\/wp\/v2\/posts\/5442\/revisions"}],"predecessor-version":[{"id":9980,"href":"https:\/\/super-news.info\/hu\/wp-json\/wp\/v2\/posts\/5442\/revisions\/9980"}],"wp:featuredmedia":[{"embeddable":true,"href":"https:\/\/super-news.info\/hu\/wp-json\/wp\/v2\/media\/300"}],"wp:attachment":[{"href":"https:\/\/super-news.info\/hu\/wp-json\/wp\/v2\/media?parent=5442"}],"wp:term":[{"taxonomy":"category","embeddable":true,"href":"https:\/\/super-news.info\/hu\/wp-json\/wp\/v2\/categories?post=5442"},{"taxonomy":"post_tag","embeddable":true,"href":"https:\/\/super-news.info\/hu\/wp-json\/wp\/v2\/tags?post=5442"}],"curies":[{"name":"wp","href":"https:\/\/api.w.org\/{rel}","templated":true}]}}