{"id":5434,"date":"2019-07-05T09:20:52","date_gmt":"2019-07-05T06:20:52","guid":{"rendered":"https:\/\/super-news.info\/hu\/elerte-a-lakaspiacot-a-klimavaltozas\/"},"modified":"2019-07-05T09:20:54","modified_gmt":"2019-07-05T06:20:54","slug":"elerte-a-lakaspiacot-a-klimavaltozas","status":"publish","type":"post","link":"https:\/\/super-news.info\/hu\/elerte-a-lakaspiacot-a-klimavaltozas\/","title":{"rendered":"El\u00e9rte a lak\u00e1spiacot a kl\u00edmav\u00e1ltoz\u00e1s"},"content":{"rendered":"<p> [ad_1]<br \/>\n<\/p>\n<div>\n<p>Egyre nagyobb a jelent\u0151s\u00e9ge az ingatlanok t\u00e1jol\u00e1s\u00e1nak az \u00e1rakban:<\/p>\n<p>m\u00edg kor\u00e1bban egy\u00e9rtelm\u0171en h\u00f3d\u00edtott a d\u00e9li t\u00e1jol\u00e1s, m\u00e1ra a v\u00e1s\u00e1rl\u00f3k egy r\u00e9sze, f\u00e9lve a mind nagyobb ny\u00e1ri h\u0151s\u00e9gt\u0151l, alaposabban \u00e1tgondolja a csak d\u00e9lre t\u00e1jolt szob\u00e1kkal rendelkez\u0151 lak\u00e1sok megv\u00e1s\u00e1rl\u00e1s\u00e1t<\/p>\n<p>\u2013 mondta a Magyar H\u00edrlapnak Valk\u00f3 D\u00e1vid, az OTP Ingatlanpont vezet\u0151 elemz\u0151je.<\/p>\n<p>Szak\u00e9rt\u0151kre hivatkozva a lap azt \u00edrta, hogy a kl\u00edmav\u00e1ltoz\u00e1s az ingatlan\u00e1rakra is hat\u00e1ssal lehet.<\/p>\n<p>Am\u00edg kor\u00e1bban az \u00e9szaki fekv\u00e9st a s\u00f6t\u00e9t \u00e9s nyirkos lak\u00e1sokkal azonos\u00edtott\u00e1k, ma m\u00e1r egyre ink\u00e1bb \u2013 b\u00e1r jellemz\u0151en csak a ny\u00e1ri h\u00f3napokban \u2013 a kellemesen h\u0171v\u00f6s jut el\u0151sz\u00f6r a v\u00e1s\u00e1rl\u00f3k esz\u00e9be r\u00f3la.<\/p>\n<p>\u00c9vtizedes t\u00e1vlatban ez ak\u00e1r \u00e1rfelhajt\u00f3 t\u00e9nyez\u0151 is lehet, a d\u00e9li fekv\u00e9s tradicion\u00e1lis \u00e1rel\u0151nye elt\u0171nhet, f\u0151leg az els\u0151sorban ny\u00e1ron haszn\u00e1lt \u00fcd\u00fcl\u0151k \u00e9s nyaral\u00f3k piac\u00e1n \u2013 mondta az elemz\u0151. Nem kiz\u00e1rt, hogy a j\u00f6v\u0151 sl\u00e1gere ink\u00e1bb az \u00e9szaki t\u00e1jol\u00e1s\u00fa, napt\u00f3l v\u00e9dettebb, \u00e1rny\u00e9kos lak\u00e1s lesz.<\/p>\n<div id=\"attachment_843405\" style=\"width: 1347px\" class=\"wp-caption aligncenter\">\n<p class=\"wp-caption-text\">Fot\u00f3: Veres Viktor<\/p>\n<\/div>\n<p>Ez nem vonatkozik azokra a lak\u00e1sokra, amelyekn\u00e9l d\u00e9li ir\u00e1nyban van az egyedi panor\u00e1ma, a kil\u00e1t\u00e1sra ugyanis az ingatlantulajdonosok sok esetben adu \u00e1szk\u00e9nt tekintenek.<\/p>\n<p>Az OTP Ingatlanpont \u00f6ssze\u00e1ll\u00edt\u00e1s\u00e1b\u00f3l az is kider\u00fcl, hogy az \u00faj \u00e9p\u00edt\u00e9s\u0171 t\u00e1rsash\u00e1zakban emeletenk\u00e9nt \u2013 alulr\u00f3l felfel\u00e9 \u2013 egy-\u00f6t sz\u00e1zal\u00e9k k\u00f6z\u00f6tt n\u0151het \u00e9rt\u00e9kes\u00edt\u00e9skor ugyanazon m\u00e9ret\u0171 \u00e9s elrendez\u00e9s\u0171 ingatlanok \u00e1ra. A legt\u00f6bb esetben a legfels\u0151 szinten nagy teraszos penthouse lak\u00e1sokat alak\u00edtanak ki, amelyeket nem is felt\u00e9tlen\u00fcl dobnak piacra az \u00e9rt\u00e9kes\u00edt\u00e9s kezdetekor \u2013 a beruh\u00e1z\u00f3 ugyanis \u00edgy \u00e9rheti el a legmagasabb \u00e1rat .<\/p>\n<\/p><\/div>\n<p><script>\n    window.fbAsyncInit = function() {\n        FB.init({\n            appId      : \"204760236815359\",\n            xfbml      : true,\n            version    : \"v2.12\"\n        });\n        FB.AppEvents.logPageView();\n    };<\/p>\n<p>    (function(d, s, id){\n        var js, fjs = d.getElementsByTagName(s)[0];\n        if (d.getElementById(id)) {return;}\n        js = d.createElement(s); js.id = id;\n        js.src = \"http:\/\/connect.facebook.net\/hu_HU\/sdk.js\";\n        fjs.parentNode.insertBefore(js, fjs);\n    }(document, \"script\", \"facebook-jssdk\"));\n<\/script><br \/>\n<br \/>[ad_2]<br \/>\n<br \/><a href=\"https:\/\/www.vg.hu\/vallalatok\/ingatlan\/elerte-a-lakaspiacot-a-klimavaltozas-1612073\/\">Source link <\/a><\/p>\n","protected":false},"excerpt":{"rendered":"<p>[ad_1] Egyre nagyobb a jelent\u0151s\u00e9ge az ingatlanok t\u00e1jol\u00e1s\u00e1nak az \u00e1rakban: m\u00edg kor\u00e1bban egy\u00e9rtelm\u0171en h\u00f3d\u00edtott a d\u00e9li t\u00e1jol\u00e1s, m\u00e1ra a v\u00e1s\u00e1rl\u00f3k egy r\u00e9sze, f\u00e9lve a mind nagyobb ny\u00e1ri h\u0151s\u00e9gt\u0151l, alaposabban \u00e1tgondolja a csak d\u00e9lre t\u00e1jolt szob\u00e1kkal rendelkez\u0151 lak\u00e1sok megv\u00e1s\u00e1rl\u00e1s\u00e1t \u2013 mondta a Magyar H\u00edrlapnak Valk\u00f3 D\u00e1vid, az OTP Ingatlanpont vezet\u0151 elemz\u0151je. Szak\u00e9rt\u0151kre hivatkozva a lap azt [&hellip;]<\/p>\n","protected":false},"author":2,"featured_media":5435,"comment_status":"open","ping_status":"open","sticky":false,"template":"","format":"standard","meta":{"footnotes":""},"categories":[1],"tags":[],"class_list":["post-5434","post","type-post","status-publish","format-standard","has-post-thumbnail","hentry","category-penzugyi-hirek"],"yoast_head":"<!-- This site is optimized with the Yoast SEO plugin v27.4 - https:\/\/yoast.com\/product\/yoast-seo-wordpress\/ -->\n<title>El\u00e9rte a lak\u00e1spiacot a kl\u00edmav\u00e1ltoz\u00e1s - Super News<\/title>\n<meta name=\"robots\" content=\"index, follow, max-snippet:-1, max-image-preview:large, max-video-preview:-1\" \/>\n<link rel=\"canonical\" href=\"https:\/\/super-news.info\/hu\/elerte-a-lakaspiacot-a-klimavaltozas\/\" \/>\n<meta property=\"og:locale\" content=\"hu_HU\" \/>\n<meta property=\"og:type\" content=\"article\" \/>\n<meta property=\"og:title\" content=\"El\u00e9rte a lak\u00e1spiacot a kl\u00edmav\u00e1ltoz\u00e1s - Super News\" \/>\n<meta property=\"og:description\" content=\"[ad_1] Egyre nagyobb a jelent\u0151s\u00e9ge az ingatlanok t\u00e1jol\u00e1s\u00e1nak az \u00e1rakban: m\u00edg kor\u00e1bban egy\u00e9rtelm\u0171en h\u00f3d\u00edtott a d\u00e9li t\u00e1jol\u00e1s, m\u00e1ra a v\u00e1s\u00e1rl\u00f3k egy r\u00e9sze, f\u00e9lve a mind nagyobb ny\u00e1ri h\u0151s\u00e9gt\u0151l, alaposabban \u00e1tgondolja a csak d\u00e9lre t\u00e1jolt szob\u00e1kkal rendelkez\u0151 lak\u00e1sok megv\u00e1s\u00e1rl\u00e1s\u00e1t \u2013 mondta a Magyar H\u00edrlapnak Valk\u00f3 D\u00e1vid, az OTP Ingatlanpont vezet\u0151 elemz\u0151je. Szak\u00e9rt\u0151kre hivatkozva a lap azt [&hellip;]\" \/>\n<meta property=\"og:url\" content=\"https:\/\/super-news.info\/hu\/elerte-a-lakaspiacot-a-klimavaltozas\/\" \/>\n<meta property=\"og:site_name\" content=\"Super News\" \/>\n<meta property=\"article:published_time\" content=\"2019-07-05T06:20:52+00:00\" \/>\n<meta property=\"article:modified_time\" content=\"2019-07-05T06:20:54+00:00\" \/>\n<meta property=\"og:image\" content=\"https:\/\/super-news.info\/hu\/wp-content\/uploads\/sites\/3\/2019\/07\/El\u00e9rte-a-lak\u00e1spiacot-a-kl\u00edmav\u00e1ltoz\u00e1s.jpg\" \/>\n\t<meta property=\"og:image:width\" content=\"1337\" \/>\n\t<meta property=\"og:image:height\" content=\"752\" \/>\n\t<meta property=\"og:image:type\" content=\"image\/jpeg\" \/>\n<meta name=\"author\" content=\"super-news\" \/>\n<meta name=\"twitter:card\" content=\"summary_large_image\" \/>\n<meta name=\"twitter:label1\" content=\"Szerz\u0151:\" \/>\n\t<meta name=\"twitter:data1\" content=\"super-news\" \/>\n\t<meta name=\"twitter:label2\" content=\"Becs\u00fclt olvas\u00e1si id\u0151\" \/>\n\t<meta name=\"twitter:data2\" content=\"2 perc\" \/>\n<script type=\"application\/ld+json\" class=\"yoast-schema-graph\">{\"@context\":\"https:\\\/\\\/schema.org\",\"@graph\":[{\"@type\":\"Article\",\"@id\":\"https:\\\/\\\/super-news.info\\\/hu\\\/elerte-a-lakaspiacot-a-klimavaltozas\\\/#article\",\"isPartOf\":{\"@id\":\"https:\\\/\\\/super-news.info\\\/hu\\\/elerte-a-lakaspiacot-a-klimavaltozas\\\/\"},\"author\":{\"name\":\"super-news\",\"@id\":\"https:\\\/\\\/super-news.info\\\/hu\\\/#\\\/schema\\\/person\\\/2d4068cb2f39cd10008c2fce578a7356\"},\"headline\":\"El\u00e9rte a lak\u00e1spiacot a kl\u00edmav\u00e1ltoz\u00e1s\",\"datePublished\":\"2019-07-05T06:20:52+00:00\",\"dateModified\":\"2019-07-05T06:20:54+00:00\",\"mainEntityOfPage\":{\"@id\":\"https:\\\/\\\/super-news.info\\\/hu\\\/elerte-a-lakaspiacot-a-klimavaltozas\\\/\"},\"wordCount\":360,\"commentCount\":0,\"image\":{\"@id\":\"https:\\\/\\\/super-news.info\\\/hu\\\/elerte-a-lakaspiacot-a-klimavaltozas\\\/#primaryimage\"},\"thumbnailUrl\":\"https:\\\/\\\/super-news.info\\\/hu\\\/wp-content\\\/uploads\\\/sites\\\/3\\\/2019\\\/07\\\/El\u00e9rte-a-lak\u00e1spiacot-a-kl\u00edmav\u00e1ltoz\u00e1s.jpg\",\"articleSection\":[\"P\u00c9NZ\u00dcGYI H\u00cdREK\"],\"inLanguage\":\"hu\",\"potentialAction\":[{\"@type\":\"CommentAction\",\"name\":\"Comment\",\"target\":[\"https:\\\/\\\/super-news.info\\\/hu\\\/elerte-a-lakaspiacot-a-klimavaltozas\\\/#respond\"]}]},{\"@type\":\"WebPage\",\"@id\":\"https:\\\/\\\/super-news.info\\\/hu\\\/elerte-a-lakaspiacot-a-klimavaltozas\\\/\",\"url\":\"https:\\\/\\\/super-news.info\\\/hu\\\/elerte-a-lakaspiacot-a-klimavaltozas\\\/\",\"name\":\"El\u00e9rte a lak\u00e1spiacot a kl\u00edmav\u00e1ltoz\u00e1s - Super News\",\"isPartOf\":{\"@id\":\"https:\\\/\\\/super-news.info\\\/hu\\\/#website\"},\"primaryImageOfPage\":{\"@id\":\"https:\\\/\\\/super-news.info\\\/hu\\\/elerte-a-lakaspiacot-a-klimavaltozas\\\/#primaryimage\"},\"image\":{\"@id\":\"https:\\\/\\\/super-news.info\\\/hu\\\/elerte-a-lakaspiacot-a-klimavaltozas\\\/#primaryimage\"},\"thumbnailUrl\":\"https:\\\/\\\/super-news.info\\\/hu\\\/wp-content\\\/uploads\\\/sites\\\/3\\\/2019\\\/07\\\/El\u00e9rte-a-lak\u00e1spiacot-a-kl\u00edmav\u00e1ltoz\u00e1s.jpg\",\"datePublished\":\"2019-07-05T06:20:52+00:00\",\"dateModified\":\"2019-07-05T06:20:54+00:00\",\"author\":{\"@id\":\"https:\\\/\\\/super-news.info\\\/hu\\\/#\\\/schema\\\/person\\\/2d4068cb2f39cd10008c2fce578a7356\"},\"breadcrumb\":{\"@id\":\"https:\\\/\\\/super-news.info\\\/hu\\\/elerte-a-lakaspiacot-a-klimavaltozas\\\/#breadcrumb\"},\"inLanguage\":\"hu\",\"potentialAction\":[{\"@type\":\"ReadAction\",\"target\":[\"https:\\\/\\\/super-news.info\\\/hu\\\/elerte-a-lakaspiacot-a-klimavaltozas\\\/\"]}]},{\"@type\":\"ImageObject\",\"inLanguage\":\"hu\",\"@id\":\"https:\\\/\\\/super-news.info\\\/hu\\\/elerte-a-lakaspiacot-a-klimavaltozas\\\/#primaryimage\",\"url\":\"https:\\\/\\\/super-news.info\\\/hu\\\/wp-content\\\/uploads\\\/sites\\\/3\\\/2019\\\/07\\\/El\u00e9rte-a-lak\u00e1spiacot-a-kl\u00edmav\u00e1ltoz\u00e1s.jpg\",\"contentUrl\":\"https:\\\/\\\/super-news.info\\\/hu\\\/wp-content\\\/uploads\\\/sites\\\/3\\\/2019\\\/07\\\/El\u00e9rte-a-lak\u00e1spiacot-a-kl\u00edmav\u00e1ltoz\u00e1s.jpg\",\"width\":1337,\"height\":752,\"caption\":\"El\u00e9rte a lak\u00e1spiacot a kl\u00edmav\u00e1ltoz\u00e1s\"},{\"@type\":\"BreadcrumbList\",\"@id\":\"https:\\\/\\\/super-news.info\\\/hu\\\/elerte-a-lakaspiacot-a-klimavaltozas\\\/#breadcrumb\",\"itemListElement\":[{\"@type\":\"ListItem\",\"position\":1,\"name\":\"\u0413\u043b\u0430\u0432\u043d\u0430\u044f \u0441\u0442\u0440\u0430\u043d\u0438\u0446\u0430\",\"item\":\"https:\\\/\\\/super-news.info\\\/hu\\\/\"},{\"@type\":\"ListItem\",\"position\":2,\"name\":\"El\u00e9rte a lak\u00e1spiacot a kl\u00edmav\u00e1ltoz\u00e1s\"}]},{\"@type\":\"WebSite\",\"@id\":\"https:\\\/\\\/super-news.info\\\/hu\\\/#website\",\"url\":\"https:\\\/\\\/super-news.info\\\/hu\\\/\",\"name\":\"Super News\",\"description\":\"Super News Magyarorsz\u00e1g\",\"potentialAction\":[{\"@type\":\"SearchAction\",\"target\":{\"@type\":\"EntryPoint\",\"urlTemplate\":\"https:\\\/\\\/super-news.info\\\/hu\\\/?s={search_term_string}\"},\"query-input\":{\"@type\":\"PropertyValueSpecification\",\"valueRequired\":true,\"valueName\":\"search_term_string\"}}],\"inLanguage\":\"hu\"},{\"@type\":\"Person\",\"@id\":\"https:\\\/\\\/super-news.info\\\/hu\\\/#\\\/schema\\\/person\\\/2d4068cb2f39cd10008c2fce578a7356\",\"name\":\"super-news\",\"image\":{\"@type\":\"ImageObject\",\"inLanguage\":\"hu\",\"@id\":\"https:\\\/\\\/secure.gravatar.com\\\/avatar\\\/64ebac40b93f26a154f8a9b5b6fdccfc46f442b26b3dd6756dbff3bf9dc76fd7?s=96&d=mm&r=g\",\"url\":\"https:\\\/\\\/secure.gravatar.com\\\/avatar\\\/64ebac40b93f26a154f8a9b5b6fdccfc46f442b26b3dd6756dbff3bf9dc76fd7?s=96&d=mm&r=g\",\"contentUrl\":\"https:\\\/\\\/secure.gravatar.com\\\/avatar\\\/64ebac40b93f26a154f8a9b5b6fdccfc46f442b26b3dd6756dbff3bf9dc76fd7?s=96&d=mm&r=g\",\"caption\":\"super-news\"},\"url\":\"https:\\\/\\\/super-news.info\\\/hu\\\/author\\\/pt\\\/\"}]}<\/script>\n<!-- \/ Yoast SEO plugin. -->","yoast_head_json":{"title":"El\u00e9rte a lak\u00e1spiacot a kl\u00edmav\u00e1ltoz\u00e1s - Super News","robots":{"index":"index","follow":"follow","max-snippet":"max-snippet:-1","max-image-preview":"max-image-preview:large","max-video-preview":"max-video-preview:-1"},"canonical":"https:\/\/super-news.info\/hu\/elerte-a-lakaspiacot-a-klimavaltozas\/","og_locale":"hu_HU","og_type":"article","og_title":"El\u00e9rte a lak\u00e1spiacot a kl\u00edmav\u00e1ltoz\u00e1s - Super News","og_description":"[ad_1] Egyre nagyobb a jelent\u0151s\u00e9ge az ingatlanok t\u00e1jol\u00e1s\u00e1nak az \u00e1rakban: m\u00edg kor\u00e1bban egy\u00e9rtelm\u0171en h\u00f3d\u00edtott a d\u00e9li t\u00e1jol\u00e1s, m\u00e1ra a v\u00e1s\u00e1rl\u00f3k egy r\u00e9sze, f\u00e9lve a mind nagyobb ny\u00e1ri h\u0151s\u00e9gt\u0151l, alaposabban \u00e1tgondolja a csak d\u00e9lre t\u00e1jolt szob\u00e1kkal rendelkez\u0151 lak\u00e1sok megv\u00e1s\u00e1rl\u00e1s\u00e1t \u2013 mondta a Magyar H\u00edrlapnak Valk\u00f3 D\u00e1vid, az OTP Ingatlanpont vezet\u0151 elemz\u0151je. Szak\u00e9rt\u0151kre hivatkozva a lap azt [&hellip;]","og_url":"https:\/\/super-news.info\/hu\/elerte-a-lakaspiacot-a-klimavaltozas\/","og_site_name":"Super News","article_published_time":"2019-07-05T06:20:52+00:00","article_modified_time":"2019-07-05T06:20:54+00:00","og_image":[{"width":1337,"height":752,"url":"https:\/\/super-news.info\/hu\/wp-content\/uploads\/sites\/3\/2019\/07\/El\u00e9rte-a-lak\u00e1spiacot-a-kl\u00edmav\u00e1ltoz\u00e1s.jpg","type":"image\/jpeg"}],"author":"super-news","twitter_card":"summary_large_image","twitter_misc":{"Szerz\u0151:":"super-news","Becs\u00fclt olvas\u00e1si id\u0151":"2 perc"},"schema":{"@context":"https:\/\/schema.org","@graph":[{"@type":"Article","@id":"https:\/\/super-news.info\/hu\/elerte-a-lakaspiacot-a-klimavaltozas\/#article","isPartOf":{"@id":"https:\/\/super-news.info\/hu\/elerte-a-lakaspiacot-a-klimavaltozas\/"},"author":{"name":"super-news","@id":"https:\/\/super-news.info\/hu\/#\/schema\/person\/2d4068cb2f39cd10008c2fce578a7356"},"headline":"El\u00e9rte a lak\u00e1spiacot a kl\u00edmav\u00e1ltoz\u00e1s","datePublished":"2019-07-05T06:20:52+00:00","dateModified":"2019-07-05T06:20:54+00:00","mainEntityOfPage":{"@id":"https:\/\/super-news.info\/hu\/elerte-a-lakaspiacot-a-klimavaltozas\/"},"wordCount":360,"commentCount":0,"image":{"@id":"https:\/\/super-news.info\/hu\/elerte-a-lakaspiacot-a-klimavaltozas\/#primaryimage"},"thumbnailUrl":"https:\/\/super-news.info\/hu\/wp-content\/uploads\/sites\/3\/2019\/07\/El\u00e9rte-a-lak\u00e1spiacot-a-kl\u00edmav\u00e1ltoz\u00e1s.jpg","articleSection":["P\u00c9NZ\u00dcGYI H\u00cdREK"],"inLanguage":"hu","potentialAction":[{"@type":"CommentAction","name":"Comment","target":["https:\/\/super-news.info\/hu\/elerte-a-lakaspiacot-a-klimavaltozas\/#respond"]}]},{"@type":"WebPage","@id":"https:\/\/super-news.info\/hu\/elerte-a-lakaspiacot-a-klimavaltozas\/","url":"https:\/\/super-news.info\/hu\/elerte-a-lakaspiacot-a-klimavaltozas\/","name":"El\u00e9rte a lak\u00e1spiacot a kl\u00edmav\u00e1ltoz\u00e1s - Super News","isPartOf":{"@id":"https:\/\/super-news.info\/hu\/#website"},"primaryImageOfPage":{"@id":"https:\/\/super-news.info\/hu\/elerte-a-lakaspiacot-a-klimavaltozas\/#primaryimage"},"image":{"@id":"https:\/\/super-news.info\/hu\/elerte-a-lakaspiacot-a-klimavaltozas\/#primaryimage"},"thumbnailUrl":"https:\/\/super-news.info\/hu\/wp-content\/uploads\/sites\/3\/2019\/07\/El\u00e9rte-a-lak\u00e1spiacot-a-kl\u00edmav\u00e1ltoz\u00e1s.jpg","datePublished":"2019-07-05T06:20:52+00:00","dateModified":"2019-07-05T06:20:54+00:00","author":{"@id":"https:\/\/super-news.info\/hu\/#\/schema\/person\/2d4068cb2f39cd10008c2fce578a7356"},"breadcrumb":{"@id":"https:\/\/super-news.info\/hu\/elerte-a-lakaspiacot-a-klimavaltozas\/#breadcrumb"},"inLanguage":"hu","potentialAction":[{"@type":"ReadAction","target":["https:\/\/super-news.info\/hu\/elerte-a-lakaspiacot-a-klimavaltozas\/"]}]},{"@type":"ImageObject","inLanguage":"hu","@id":"https:\/\/super-news.info\/hu\/elerte-a-lakaspiacot-a-klimavaltozas\/#primaryimage","url":"https:\/\/super-news.info\/hu\/wp-content\/uploads\/sites\/3\/2019\/07\/El\u00e9rte-a-lak\u00e1spiacot-a-kl\u00edmav\u00e1ltoz\u00e1s.jpg","contentUrl":"https:\/\/super-news.info\/hu\/wp-content\/uploads\/sites\/3\/2019\/07\/El\u00e9rte-a-lak\u00e1spiacot-a-kl\u00edmav\u00e1ltoz\u00e1s.jpg","width":1337,"height":752,"caption":"El\u00e9rte a lak\u00e1spiacot a kl\u00edmav\u00e1ltoz\u00e1s"},{"@type":"BreadcrumbList","@id":"https:\/\/super-news.info\/hu\/elerte-a-lakaspiacot-a-klimavaltozas\/#breadcrumb","itemListElement":[{"@type":"ListItem","position":1,"name":"\u0413\u043b\u0430\u0432\u043d\u0430\u044f \u0441\u0442\u0440\u0430\u043d\u0438\u0446\u0430","item":"https:\/\/super-news.info\/hu\/"},{"@type":"ListItem","position":2,"name":"El\u00e9rte a lak\u00e1spiacot a kl\u00edmav\u00e1ltoz\u00e1s"}]},{"@type":"WebSite","@id":"https:\/\/super-news.info\/hu\/#website","url":"https:\/\/super-news.info\/hu\/","name":"Super News","description":"Super News Magyarorsz\u00e1g","potentialAction":[{"@type":"SearchAction","target":{"@type":"EntryPoint","urlTemplate":"https:\/\/super-news.info\/hu\/?s={search_term_string}"},"query-input":{"@type":"PropertyValueSpecification","valueRequired":true,"valueName":"search_term_string"}}],"inLanguage":"hu"},{"@type":"Person","@id":"https:\/\/super-news.info\/hu\/#\/schema\/person\/2d4068cb2f39cd10008c2fce578a7356","name":"super-news","image":{"@type":"ImageObject","inLanguage":"hu","@id":"https:\/\/secure.gravatar.com\/avatar\/64ebac40b93f26a154f8a9b5b6fdccfc46f442b26b3dd6756dbff3bf9dc76fd7?s=96&d=mm&r=g","url":"https:\/\/secure.gravatar.com\/avatar\/64ebac40b93f26a154f8a9b5b6fdccfc46f442b26b3dd6756dbff3bf9dc76fd7?s=96&d=mm&r=g","contentUrl":"https:\/\/secure.gravatar.com\/avatar\/64ebac40b93f26a154f8a9b5b6fdccfc46f442b26b3dd6756dbff3bf9dc76fd7?s=96&d=mm&r=g","caption":"super-news"},"url":"https:\/\/super-news.info\/hu\/author\/pt\/"}]}},"_links":{"self":[{"href":"https:\/\/super-news.info\/hu\/wp-json\/wp\/v2\/posts\/5434","targetHints":{"allow":["GET"]}}],"collection":[{"href":"https:\/\/super-news.info\/hu\/wp-json\/wp\/v2\/posts"}],"about":[{"href":"https:\/\/super-news.info\/hu\/wp-json\/wp\/v2\/types\/post"}],"author":[{"embeddable":true,"href":"https:\/\/super-news.info\/hu\/wp-json\/wp\/v2\/users\/2"}],"replies":[{"embeddable":true,"href":"https:\/\/super-news.info\/hu\/wp-json\/wp\/v2\/comments?post=5434"}],"version-history":[{"count":1,"href":"https:\/\/super-news.info\/hu\/wp-json\/wp\/v2\/posts\/5434\/revisions"}],"predecessor-version":[{"id":5436,"href":"https:\/\/super-news.info\/hu\/wp-json\/wp\/v2\/posts\/5434\/revisions\/5436"}],"wp:featuredmedia":[{"embeddable":true,"href":"https:\/\/super-news.info\/hu\/wp-json\/wp\/v2\/media\/5435"}],"wp:attachment":[{"href":"https:\/\/super-news.info\/hu\/wp-json\/wp\/v2\/media?parent=5434"}],"wp:term":[{"taxonomy":"category","embeddable":true,"href":"https:\/\/super-news.info\/hu\/wp-json\/wp\/v2\/categories?post=5434"},{"taxonomy":"post_tag","embeddable":true,"href":"https:\/\/super-news.info\/hu\/wp-json\/wp\/v2\/tags?post=5434"}],"curies":[{"name":"wp","href":"https:\/\/api.w.org\/{rel}","templated":true}]}}