{"id":5431,"date":"2019-07-05T08:29:03","date_gmt":"2019-07-05T05:29:03","guid":{"rendered":"https:\/\/super-news.info\/hu\/a-repuloter-fele-terjeszkedik-a-belvaros\/"},"modified":"2019-07-05T08:29:05","modified_gmt":"2019-07-05T05:29:05","slug":"a-repuloter-fele-terjeszkedik-a-belvaros","status":"publish","type":"post","link":"https:\/\/super-news.info\/hu\/a-repuloter-fele-terjeszkedik-a-belvaros\/","title":{"rendered":"A rep\u00fcl\u0151t\u00e9r fel\u00e9 terjeszkedik a belv\u00e1ros"},"content":{"rendered":"<p> [ad_1]<br \/>\n<\/p>\n<div>\n<p>Hotel, koll\u00e9gium \u00e9s B kateg\u00f3ri\u00e1s irodah\u00e1z egyar\u00e1nt kialak\u00edthat\u00f3 a Magyar Posta Zrt. \u00e1ltal a napokban elad\u00e1sra meghirdetett \u00e9p\u00fcletegy\u00fcttesb\u0151l. Az \u00dcll\u0151i \u00fat 114\u2013116. sz\u00e1m alatt tal\u00e1lhat\u00f3 hat \u00e9p\u00fcletegys\u00e9g k\u00f6z\u00fcl n\u00e9gy, a teljes ingatlan ter\u00fclet\u00e9nek 59 sz\u00e1zal\u00e9ka van az \u00e1llami c\u00e9g tulajdon\u00e1ban, a fennmarad\u00f3 r\u00e9szt a Budapesti Ingatlan Hasznos\u00edt\u00e1si \u00e9s Fejleszt\u00e9si (BIF) Nyrt. birtokolja \u2013 tudta meg a Vil\u00e1ggazdas\u00e1g. Mint azt Berecz Krist\u00f3f, a BIF vez\u00e9rigazgat\u00f3ja k\u00f6z\u00f6lte, egyel\u0151re nincs d\u00f6nt\u00e9s arr\u00f3l, hogy a t\u00e1rsas\u00e1g \u00e9lni k\u00edv\u00e1n-e el\u0151v\u00e1s\u00e1rl\u00e1si jog\u00e1val, err\u0151l az igazgat\u00f3tan\u00e1cs illet\u00e9kes hat\u00e1rozni. (De miut\u00e1n ingatlanfejleszt\u0151 \u00e9s \u00fczemeltet\u0151 c\u00e9gr\u0151l van sz\u00f3, nem igaz\u00e1n k\u00e9rd\u00e9ses, mit fognak l\u00e9pni.)<\/p>\n<div id=\"attachment_1611314\" style=\"width: 1410px\" class=\"wp-caption alignnone\">\n<p class=\"wp-caption-text\">Fot\u00f3: Kallus Gy\u00f6rgy \/ VG<\/p>\n<\/div>\n<p>A tranzakci\u00f3 id\u0151z\u00edt\u00e9se nem v\u00e9letlen, a Magyar Posta a Vil\u00e1ggazdas\u00e1got arr\u00f3l t\u00e1j\u00e9koztatta, hogy a jelent\u0151s r\u00e9szben r\u00e9g\u00f3ta kihaszn\u00e1latlan ingatlan \u00e9rt\u00e9kes\u00edt\u00e9s\u00e9re a mostani, kedvez\u0151 piaci k\u00f6rnyezet t\u00e1mogat\u00f3an hathat. A k\u00e9t v\u00e1ltozatban, illetve m\u00e9retben, 1,6 vagy 1,2 milli\u00e1rd forint\u00e9rt elad\u00e1sra meghirdetett ingatlan hat \u00e9p\u00fcletegys\u00e9g\u00e9b\u0151l n\u00e9gyet tartalmaz az \u00e1llami c\u00e9g ki\u00edr\u00e1sa, benne felt\u00e9telk\u00e9nt szerepel az ott m\u0171k\u00f6d\u0151 100-as posta helyis\u00e9geinek visszab\u00e9rl\u00e9se h\u00e1rom \u00e9vre. Az osztatlan k\u00f6z\u00f6s tulajdon\u00fa ingatlan haszn\u00e1lat\u00e1ra \u00e9s \u00fczemeltet\u00e9s\u00e9re vonatkoz\u00f3an a Magyar Posta \u00e9s a BIF meg\u00e1llapod\u00e1st k\u00f6t\u00f6tt, amely tartalmazza az ingatlan mostani, illetve a postai tulajdoni h\u00e1nyad \u00e9rt\u00e9kes\u00edt\u00e9se ut\u00e1ni haszn\u00e1lati megoszt\u00e1s\u00e1t.<\/p>\n<p>A Magyar Posta \u00e1ltal haszn\u00e1lt \u00e9p\u00fcletek az \u00dcll\u0151i \u00e9s a Cegl\u00e9di \u00fat fel\u0151l k\u00f6zel\u00edthet\u0151k meg, a v\u00e1llalat tulajdon\u00e1ban l\u00e9v\u0151 r\u00e9sz t\u00f6bb mint 10 ezer n\u00e9gyzetm\u00e9ternyi ter\u00fclet, ebb\u0151l B kateg\u00f3ri\u00e1s iroda, hotel vagy koll\u00e9gium is kialak\u00edthat\u00f3<\/p>\n<p>\u2013 tudtuk meg.<\/p>\n<p>Az \u00e9p\u00fcletegy\u00fcttes \u00e1r\u00e1nak pontos \u00f6sszege att\u00f3l f\u00fcgg, hogy az \u00faj tulajdonos milyen felt\u00e9telekkel v\u00e1s\u00e1rolja meg az ingatlant, amelynek a szak\u00e9rt\u0151i vizsg\u00e1latok szerint a szerkezete \u00e9p, de komoly \u00e9s k\u00f6lts\u00e9ges fel\u00faj\u00edt\u00e1sra, \u00e1talak\u00edt\u00e1sra szorul.<\/p>\n<p style=\"text-align: right;\"><em>A teljes cikket a Vil\u00e1ggazdas\u00e1g p\u00e9nteki sz\u00e1m\u00e1ban olvashatj\u00e1k.<\/em><\/p>\n<\/p><\/div>\n<p><script>\n    window.fbAsyncInit = function() {\n        FB.init({\n            appId      : \"204760236815359\",\n            xfbml      : true,\n            version    : \"v2.12\"\n        });\n        FB.AppEvents.logPageView();\n    };<\/p>\n<p>    (function(d, s, id){\n        var js, fjs = d.getElementsByTagName(s)[0];\n        if (d.getElementById(id)) {return;}\n        js = d.createElement(s); js.id = id;\n        js.src = \"http:\/\/connect.facebook.net\/hu_HU\/sdk.js\";\n        fjs.parentNode.insertBefore(js, fjs);\n    }(document, \"script\", \"facebook-jssdk\"));\n<\/script><br \/>\n<br \/>[ad_2]<br \/>\n<br \/><a href=\"https:\/\/www.vg.hu\/vallalatok\/vallalati-hirek\/a-repuloter-fele-terjeszkedik-a-belvaros-2-1611299\/\">Source link <\/a><\/p>\n","protected":false},"excerpt":{"rendered":"<p>[ad_1] Hotel, koll\u00e9gium \u00e9s B kateg\u00f3ri\u00e1s irodah\u00e1z egyar\u00e1nt kialak\u00edthat\u00f3 a Magyar Posta Zrt. \u00e1ltal a napokban elad\u00e1sra meghirdetett \u00e9p\u00fcletegy\u00fcttesb\u0151l. Az \u00dcll\u0151i \u00fat 114\u2013116. sz\u00e1m alatt tal\u00e1lhat\u00f3 hat \u00e9p\u00fcletegys\u00e9g k\u00f6z\u00fcl n\u00e9gy, a teljes ingatlan ter\u00fclet\u00e9nek 59 sz\u00e1zal\u00e9ka van az \u00e1llami c\u00e9g tulajdon\u00e1ban, a fennmarad\u00f3 r\u00e9szt a Budapesti Ingatlan Hasznos\u00edt\u00e1si \u00e9s Fejleszt\u00e9si (BIF) Nyrt. birtokolja \u2013 tudta [&hellip;]<\/p>\n","protected":false},"author":2,"featured_media":5432,"comment_status":"open","ping_status":"open","sticky":false,"template":"","format":"standard","meta":{"footnotes":""},"categories":[1],"tags":[],"class_list":["post-5431","post","type-post","status-publish","format-standard","has-post-thumbnail","hentry","category-penzugyi-hirek"],"yoast_head":"<!-- This site is optimized with the Yoast SEO plugin v27.4 - https:\/\/yoast.com\/product\/yoast-seo-wordpress\/ -->\n<title>A rep\u00fcl\u0151t\u00e9r fel\u00e9 terjeszkedik a belv\u00e1ros - Super News<\/title>\n<meta name=\"robots\" content=\"index, follow, max-snippet:-1, max-image-preview:large, max-video-preview:-1\" \/>\n<link rel=\"canonical\" href=\"https:\/\/super-news.info\/hu\/a-repuloter-fele-terjeszkedik-a-belvaros\/\" \/>\n<meta property=\"og:locale\" content=\"hu_HU\" \/>\n<meta property=\"og:type\" content=\"article\" \/>\n<meta property=\"og:title\" content=\"A rep\u00fcl\u0151t\u00e9r fel\u00e9 terjeszkedik a belv\u00e1ros - Super News\" \/>\n<meta property=\"og:description\" content=\"[ad_1] Hotel, koll\u00e9gium \u00e9s B kateg\u00f3ri\u00e1s irodah\u00e1z egyar\u00e1nt kialak\u00edthat\u00f3 a Magyar Posta Zrt. \u00e1ltal a napokban elad\u00e1sra meghirdetett \u00e9p\u00fcletegy\u00fcttesb\u0151l. Az \u00dcll\u0151i \u00fat 114\u2013116. sz\u00e1m alatt tal\u00e1lhat\u00f3 hat \u00e9p\u00fcletegys\u00e9g k\u00f6z\u00fcl n\u00e9gy, a teljes ingatlan ter\u00fclet\u00e9nek 59 sz\u00e1zal\u00e9ka van az \u00e1llami c\u00e9g tulajdon\u00e1ban, a fennmarad\u00f3 r\u00e9szt a Budapesti Ingatlan Hasznos\u00edt\u00e1si \u00e9s Fejleszt\u00e9si (BIF) Nyrt. birtokolja \u2013 tudta [&hellip;]\" \/>\n<meta property=\"og:url\" content=\"https:\/\/super-news.info\/hu\/a-repuloter-fele-terjeszkedik-a-belvaros\/\" \/>\n<meta property=\"og:site_name\" content=\"Super News\" \/>\n<meta property=\"article:published_time\" content=\"2019-07-05T05:29:03+00:00\" \/>\n<meta property=\"article:modified_time\" content=\"2019-07-05T05:29:05+00:00\" \/>\n<meta property=\"og:image\" content=\"https:\/\/super-news.info\/hu\/wp-content\/uploads\/sites\/3\/2019\/07\/A-rep\u00fcl\u0151t\u00e9r-fel\u00e9-terjeszkedik-a-belv\u00e1ros.jpg\" \/>\n\t<meta property=\"og:image:width\" content=\"1400\" \/>\n\t<meta property=\"og:image:height\" content=\"933\" \/>\n\t<meta property=\"og:image:type\" content=\"image\/jpeg\" \/>\n<meta name=\"author\" content=\"super-news\" \/>\n<meta name=\"twitter:card\" content=\"summary_large_image\" \/>\n<meta name=\"twitter:label1\" content=\"Szerz\u0151:\" \/>\n\t<meta name=\"twitter:data1\" content=\"super-news\" \/>\n\t<meta name=\"twitter:label2\" content=\"Becs\u00fclt olvas\u00e1si id\u0151\" \/>\n\t<meta name=\"twitter:data2\" content=\"2 perc\" \/>\n<script type=\"application\/ld+json\" class=\"yoast-schema-graph\">{\"@context\":\"https:\\\/\\\/schema.org\",\"@graph\":[{\"@type\":\"Article\",\"@id\":\"https:\\\/\\\/super-news.info\\\/hu\\\/a-repuloter-fele-terjeszkedik-a-belvaros\\\/#article\",\"isPartOf\":{\"@id\":\"https:\\\/\\\/super-news.info\\\/hu\\\/a-repuloter-fele-terjeszkedik-a-belvaros\\\/\"},\"author\":{\"name\":\"super-news\",\"@id\":\"https:\\\/\\\/super-news.info\\\/hu\\\/#\\\/schema\\\/person\\\/2d4068cb2f39cd10008c2fce578a7356\"},\"headline\":\"A rep\u00fcl\u0151t\u00e9r fel\u00e9 terjeszkedik a belv\u00e1ros\",\"datePublished\":\"2019-07-05T05:29:03+00:00\",\"dateModified\":\"2019-07-05T05:29:05+00:00\",\"mainEntityOfPage\":{\"@id\":\"https:\\\/\\\/super-news.info\\\/hu\\\/a-repuloter-fele-terjeszkedik-a-belvaros\\\/\"},\"wordCount\":443,\"commentCount\":0,\"image\":{\"@id\":\"https:\\\/\\\/super-news.info\\\/hu\\\/a-repuloter-fele-terjeszkedik-a-belvaros\\\/#primaryimage\"},\"thumbnailUrl\":\"https:\\\/\\\/super-news.info\\\/hu\\\/wp-content\\\/uploads\\\/sites\\\/3\\\/2019\\\/07\\\/A-rep\u00fcl\u0151t\u00e9r-fel\u00e9-terjeszkedik-a-belv\u00e1ros.jpg\",\"articleSection\":[\"P\u00c9NZ\u00dcGYI H\u00cdREK\"],\"inLanguage\":\"hu\",\"potentialAction\":[{\"@type\":\"CommentAction\",\"name\":\"Comment\",\"target\":[\"https:\\\/\\\/super-news.info\\\/hu\\\/a-repuloter-fele-terjeszkedik-a-belvaros\\\/#respond\"]}]},{\"@type\":\"WebPage\",\"@id\":\"https:\\\/\\\/super-news.info\\\/hu\\\/a-repuloter-fele-terjeszkedik-a-belvaros\\\/\",\"url\":\"https:\\\/\\\/super-news.info\\\/hu\\\/a-repuloter-fele-terjeszkedik-a-belvaros\\\/\",\"name\":\"A rep\u00fcl\u0151t\u00e9r fel\u00e9 terjeszkedik a belv\u00e1ros - Super News\",\"isPartOf\":{\"@id\":\"https:\\\/\\\/super-news.info\\\/hu\\\/#website\"},\"primaryImageOfPage\":{\"@id\":\"https:\\\/\\\/super-news.info\\\/hu\\\/a-repuloter-fele-terjeszkedik-a-belvaros\\\/#primaryimage\"},\"image\":{\"@id\":\"https:\\\/\\\/super-news.info\\\/hu\\\/a-repuloter-fele-terjeszkedik-a-belvaros\\\/#primaryimage\"},\"thumbnailUrl\":\"https:\\\/\\\/super-news.info\\\/hu\\\/wp-content\\\/uploads\\\/sites\\\/3\\\/2019\\\/07\\\/A-rep\u00fcl\u0151t\u00e9r-fel\u00e9-terjeszkedik-a-belv\u00e1ros.jpg\",\"datePublished\":\"2019-07-05T05:29:03+00:00\",\"dateModified\":\"2019-07-05T05:29:05+00:00\",\"author\":{\"@id\":\"https:\\\/\\\/super-news.info\\\/hu\\\/#\\\/schema\\\/person\\\/2d4068cb2f39cd10008c2fce578a7356\"},\"breadcrumb\":{\"@id\":\"https:\\\/\\\/super-news.info\\\/hu\\\/a-repuloter-fele-terjeszkedik-a-belvaros\\\/#breadcrumb\"},\"inLanguage\":\"hu\",\"potentialAction\":[{\"@type\":\"ReadAction\",\"target\":[\"https:\\\/\\\/super-news.info\\\/hu\\\/a-repuloter-fele-terjeszkedik-a-belvaros\\\/\"]}]},{\"@type\":\"ImageObject\",\"inLanguage\":\"hu\",\"@id\":\"https:\\\/\\\/super-news.info\\\/hu\\\/a-repuloter-fele-terjeszkedik-a-belvaros\\\/#primaryimage\",\"url\":\"https:\\\/\\\/super-news.info\\\/hu\\\/wp-content\\\/uploads\\\/sites\\\/3\\\/2019\\\/07\\\/A-rep\u00fcl\u0151t\u00e9r-fel\u00e9-terjeszkedik-a-belv\u00e1ros.jpg\",\"contentUrl\":\"https:\\\/\\\/super-news.info\\\/hu\\\/wp-content\\\/uploads\\\/sites\\\/3\\\/2019\\\/07\\\/A-rep\u00fcl\u0151t\u00e9r-fel\u00e9-terjeszkedik-a-belv\u00e1ros.jpg\",\"width\":1400,\"height\":933,\"caption\":\"A rep\u00fcl\u0151t\u00e9r fel\u00e9 terjeszkedik a belv\u00e1ros\"},{\"@type\":\"BreadcrumbList\",\"@id\":\"https:\\\/\\\/super-news.info\\\/hu\\\/a-repuloter-fele-terjeszkedik-a-belvaros\\\/#breadcrumb\",\"itemListElement\":[{\"@type\":\"ListItem\",\"position\":1,\"name\":\"\u0413\u043b\u0430\u0432\u043d\u0430\u044f \u0441\u0442\u0440\u0430\u043d\u0438\u0446\u0430\",\"item\":\"https:\\\/\\\/super-news.info\\\/hu\\\/\"},{\"@type\":\"ListItem\",\"position\":2,\"name\":\"A rep\u00fcl\u0151t\u00e9r fel\u00e9 terjeszkedik a belv\u00e1ros\"}]},{\"@type\":\"WebSite\",\"@id\":\"https:\\\/\\\/super-news.info\\\/hu\\\/#website\",\"url\":\"https:\\\/\\\/super-news.info\\\/hu\\\/\",\"name\":\"Super News\",\"description\":\"Super News Magyarorsz\u00e1g\",\"potentialAction\":[{\"@type\":\"SearchAction\",\"target\":{\"@type\":\"EntryPoint\",\"urlTemplate\":\"https:\\\/\\\/super-news.info\\\/hu\\\/?s={search_term_string}\"},\"query-input\":{\"@type\":\"PropertyValueSpecification\",\"valueRequired\":true,\"valueName\":\"search_term_string\"}}],\"inLanguage\":\"hu\"},{\"@type\":\"Person\",\"@id\":\"https:\\\/\\\/super-news.info\\\/hu\\\/#\\\/schema\\\/person\\\/2d4068cb2f39cd10008c2fce578a7356\",\"name\":\"super-news\",\"image\":{\"@type\":\"ImageObject\",\"inLanguage\":\"hu\",\"@id\":\"https:\\\/\\\/secure.gravatar.com\\\/avatar\\\/64ebac40b93f26a154f8a9b5b6fdccfc46f442b26b3dd6756dbff3bf9dc76fd7?s=96&d=mm&r=g\",\"url\":\"https:\\\/\\\/secure.gravatar.com\\\/avatar\\\/64ebac40b93f26a154f8a9b5b6fdccfc46f442b26b3dd6756dbff3bf9dc76fd7?s=96&d=mm&r=g\",\"contentUrl\":\"https:\\\/\\\/secure.gravatar.com\\\/avatar\\\/64ebac40b93f26a154f8a9b5b6fdccfc46f442b26b3dd6756dbff3bf9dc76fd7?s=96&d=mm&r=g\",\"caption\":\"super-news\"},\"url\":\"https:\\\/\\\/super-news.info\\\/hu\\\/author\\\/pt\\\/\"}]}<\/script>\n<!-- \/ Yoast SEO plugin. -->","yoast_head_json":{"title":"A rep\u00fcl\u0151t\u00e9r fel\u00e9 terjeszkedik a belv\u00e1ros - Super News","robots":{"index":"index","follow":"follow","max-snippet":"max-snippet:-1","max-image-preview":"max-image-preview:large","max-video-preview":"max-video-preview:-1"},"canonical":"https:\/\/super-news.info\/hu\/a-repuloter-fele-terjeszkedik-a-belvaros\/","og_locale":"hu_HU","og_type":"article","og_title":"A rep\u00fcl\u0151t\u00e9r fel\u00e9 terjeszkedik a belv\u00e1ros - Super News","og_description":"[ad_1] Hotel, koll\u00e9gium \u00e9s B kateg\u00f3ri\u00e1s irodah\u00e1z egyar\u00e1nt kialak\u00edthat\u00f3 a Magyar Posta Zrt. \u00e1ltal a napokban elad\u00e1sra meghirdetett \u00e9p\u00fcletegy\u00fcttesb\u0151l. Az \u00dcll\u0151i \u00fat 114\u2013116. sz\u00e1m alatt tal\u00e1lhat\u00f3 hat \u00e9p\u00fcletegys\u00e9g k\u00f6z\u00fcl n\u00e9gy, a teljes ingatlan ter\u00fclet\u00e9nek 59 sz\u00e1zal\u00e9ka van az \u00e1llami c\u00e9g tulajdon\u00e1ban, a fennmarad\u00f3 r\u00e9szt a Budapesti Ingatlan Hasznos\u00edt\u00e1si \u00e9s Fejleszt\u00e9si (BIF) Nyrt. birtokolja \u2013 tudta [&hellip;]","og_url":"https:\/\/super-news.info\/hu\/a-repuloter-fele-terjeszkedik-a-belvaros\/","og_site_name":"Super News","article_published_time":"2019-07-05T05:29:03+00:00","article_modified_time":"2019-07-05T05:29:05+00:00","og_image":[{"width":1400,"height":933,"url":"https:\/\/super-news.info\/hu\/wp-content\/uploads\/sites\/3\/2019\/07\/A-rep\u00fcl\u0151t\u00e9r-fel\u00e9-terjeszkedik-a-belv\u00e1ros.jpg","type":"image\/jpeg"}],"author":"super-news","twitter_card":"summary_large_image","twitter_misc":{"Szerz\u0151:":"super-news","Becs\u00fclt olvas\u00e1si id\u0151":"2 perc"},"schema":{"@context":"https:\/\/schema.org","@graph":[{"@type":"Article","@id":"https:\/\/super-news.info\/hu\/a-repuloter-fele-terjeszkedik-a-belvaros\/#article","isPartOf":{"@id":"https:\/\/super-news.info\/hu\/a-repuloter-fele-terjeszkedik-a-belvaros\/"},"author":{"name":"super-news","@id":"https:\/\/super-news.info\/hu\/#\/schema\/person\/2d4068cb2f39cd10008c2fce578a7356"},"headline":"A rep\u00fcl\u0151t\u00e9r fel\u00e9 terjeszkedik a belv\u00e1ros","datePublished":"2019-07-05T05:29:03+00:00","dateModified":"2019-07-05T05:29:05+00:00","mainEntityOfPage":{"@id":"https:\/\/super-news.info\/hu\/a-repuloter-fele-terjeszkedik-a-belvaros\/"},"wordCount":443,"commentCount":0,"image":{"@id":"https:\/\/super-news.info\/hu\/a-repuloter-fele-terjeszkedik-a-belvaros\/#primaryimage"},"thumbnailUrl":"https:\/\/super-news.info\/hu\/wp-content\/uploads\/sites\/3\/2019\/07\/A-rep\u00fcl\u0151t\u00e9r-fel\u00e9-terjeszkedik-a-belv\u00e1ros.jpg","articleSection":["P\u00c9NZ\u00dcGYI H\u00cdREK"],"inLanguage":"hu","potentialAction":[{"@type":"CommentAction","name":"Comment","target":["https:\/\/super-news.info\/hu\/a-repuloter-fele-terjeszkedik-a-belvaros\/#respond"]}]},{"@type":"WebPage","@id":"https:\/\/super-news.info\/hu\/a-repuloter-fele-terjeszkedik-a-belvaros\/","url":"https:\/\/super-news.info\/hu\/a-repuloter-fele-terjeszkedik-a-belvaros\/","name":"A rep\u00fcl\u0151t\u00e9r fel\u00e9 terjeszkedik a belv\u00e1ros - Super News","isPartOf":{"@id":"https:\/\/super-news.info\/hu\/#website"},"primaryImageOfPage":{"@id":"https:\/\/super-news.info\/hu\/a-repuloter-fele-terjeszkedik-a-belvaros\/#primaryimage"},"image":{"@id":"https:\/\/super-news.info\/hu\/a-repuloter-fele-terjeszkedik-a-belvaros\/#primaryimage"},"thumbnailUrl":"https:\/\/super-news.info\/hu\/wp-content\/uploads\/sites\/3\/2019\/07\/A-rep\u00fcl\u0151t\u00e9r-fel\u00e9-terjeszkedik-a-belv\u00e1ros.jpg","datePublished":"2019-07-05T05:29:03+00:00","dateModified":"2019-07-05T05:29:05+00:00","author":{"@id":"https:\/\/super-news.info\/hu\/#\/schema\/person\/2d4068cb2f39cd10008c2fce578a7356"},"breadcrumb":{"@id":"https:\/\/super-news.info\/hu\/a-repuloter-fele-terjeszkedik-a-belvaros\/#breadcrumb"},"inLanguage":"hu","potentialAction":[{"@type":"ReadAction","target":["https:\/\/super-news.info\/hu\/a-repuloter-fele-terjeszkedik-a-belvaros\/"]}]},{"@type":"ImageObject","inLanguage":"hu","@id":"https:\/\/super-news.info\/hu\/a-repuloter-fele-terjeszkedik-a-belvaros\/#primaryimage","url":"https:\/\/super-news.info\/hu\/wp-content\/uploads\/sites\/3\/2019\/07\/A-rep\u00fcl\u0151t\u00e9r-fel\u00e9-terjeszkedik-a-belv\u00e1ros.jpg","contentUrl":"https:\/\/super-news.info\/hu\/wp-content\/uploads\/sites\/3\/2019\/07\/A-rep\u00fcl\u0151t\u00e9r-fel\u00e9-terjeszkedik-a-belv\u00e1ros.jpg","width":1400,"height":933,"caption":"A rep\u00fcl\u0151t\u00e9r fel\u00e9 terjeszkedik a belv\u00e1ros"},{"@type":"BreadcrumbList","@id":"https:\/\/super-news.info\/hu\/a-repuloter-fele-terjeszkedik-a-belvaros\/#breadcrumb","itemListElement":[{"@type":"ListItem","position":1,"name":"\u0413\u043b\u0430\u0432\u043d\u0430\u044f \u0441\u0442\u0440\u0430\u043d\u0438\u0446\u0430","item":"https:\/\/super-news.info\/hu\/"},{"@type":"ListItem","position":2,"name":"A rep\u00fcl\u0151t\u00e9r fel\u00e9 terjeszkedik a belv\u00e1ros"}]},{"@type":"WebSite","@id":"https:\/\/super-news.info\/hu\/#website","url":"https:\/\/super-news.info\/hu\/","name":"Super News","description":"Super News Magyarorsz\u00e1g","potentialAction":[{"@type":"SearchAction","target":{"@type":"EntryPoint","urlTemplate":"https:\/\/super-news.info\/hu\/?s={search_term_string}"},"query-input":{"@type":"PropertyValueSpecification","valueRequired":true,"valueName":"search_term_string"}}],"inLanguage":"hu"},{"@type":"Person","@id":"https:\/\/super-news.info\/hu\/#\/schema\/person\/2d4068cb2f39cd10008c2fce578a7356","name":"super-news","image":{"@type":"ImageObject","inLanguage":"hu","@id":"https:\/\/secure.gravatar.com\/avatar\/64ebac40b93f26a154f8a9b5b6fdccfc46f442b26b3dd6756dbff3bf9dc76fd7?s=96&d=mm&r=g","url":"https:\/\/secure.gravatar.com\/avatar\/64ebac40b93f26a154f8a9b5b6fdccfc46f442b26b3dd6756dbff3bf9dc76fd7?s=96&d=mm&r=g","contentUrl":"https:\/\/secure.gravatar.com\/avatar\/64ebac40b93f26a154f8a9b5b6fdccfc46f442b26b3dd6756dbff3bf9dc76fd7?s=96&d=mm&r=g","caption":"super-news"},"url":"https:\/\/super-news.info\/hu\/author\/pt\/"}]}},"_links":{"self":[{"href":"https:\/\/super-news.info\/hu\/wp-json\/wp\/v2\/posts\/5431","targetHints":{"allow":["GET"]}}],"collection":[{"href":"https:\/\/super-news.info\/hu\/wp-json\/wp\/v2\/posts"}],"about":[{"href":"https:\/\/super-news.info\/hu\/wp-json\/wp\/v2\/types\/post"}],"author":[{"embeddable":true,"href":"https:\/\/super-news.info\/hu\/wp-json\/wp\/v2\/users\/2"}],"replies":[{"embeddable":true,"href":"https:\/\/super-news.info\/hu\/wp-json\/wp\/v2\/comments?post=5431"}],"version-history":[{"count":1,"href":"https:\/\/super-news.info\/hu\/wp-json\/wp\/v2\/posts\/5431\/revisions"}],"predecessor-version":[{"id":5433,"href":"https:\/\/super-news.info\/hu\/wp-json\/wp\/v2\/posts\/5431\/revisions\/5433"}],"wp:featuredmedia":[{"embeddable":true,"href":"https:\/\/super-news.info\/hu\/wp-json\/wp\/v2\/media\/5432"}],"wp:attachment":[{"href":"https:\/\/super-news.info\/hu\/wp-json\/wp\/v2\/media?parent=5431"}],"wp:term":[{"taxonomy":"category","embeddable":true,"href":"https:\/\/super-news.info\/hu\/wp-json\/wp\/v2\/categories?post=5431"},{"taxonomy":"post_tag","embeddable":true,"href":"https:\/\/super-news.info\/hu\/wp-json\/wp\/v2\/tags?post=5431"}],"curies":[{"name":"wp","href":"https:\/\/api.w.org\/{rel}","templated":true}]}}