{"id":5428,"date":"2019-07-05T07:34:22","date_gmt":"2019-07-05T04:34:22","guid":{"rendered":"https:\/\/super-news.info\/hu\/szatmary-kristof-az-a-cel-hogy-ne-kelljen-tobbe-folduton-kozlekedni-budapesten\/"},"modified":"2019-07-05T07:34:23","modified_gmt":"2019-07-05T04:34:23","slug":"szatmary-kristof-az-a-cel-hogy-ne-kelljen-tobbe-folduton-kozlekedni-budapesten","status":"publish","type":"post","link":"https:\/\/super-news.info\/hu\/szatmary-kristof-az-a-cel-hogy-ne-kelljen-tobbe-folduton-kozlekedni-budapesten\/","title":{"rendered":"Szatm\u00e1ry Krist\u00f3f: az a c\u00e9l, hogy ne kelljen t\u00f6bb\u00e9 f\u00f6ld\u00faton k\u00f6zlekedni Budapesten"},"content":{"rendered":"<p> [ad_1]<br \/>\n<\/p>\n<p>\n\t\t\t\t\t\t\t\tEls\u0151 k\u00f6rben 10 milli\u00e1rd forintb\u00f3l a budapesti f\u00f6ldutak mintegy 20 sz\u00e1zal\u00e9k\u00e1t aszfaltozz\u00e1k le \u2013 t\u00e1j\u00e9koztatta a Vil\u00e1ggazdas\u00e1got Szatm\u00e1ry Krist\u00f3f,&#13;<br \/>\na\u202fBudapesti \u00fat\u00e9p\u00edt\u00e9si program miniszteri biztosa. Mint mondta, a k\u00f6z\u00e9p-eur\u00f3pai t\u00e9rs\u00e9ghez k\u00e9pest a magyar f\u0151v\u00e1ros j\u00f3l \u00e1ll az \u00fath\u00e1l\u00f3zat min\u0151s\u00e9g\u00e9t tekintve, de a nyugati v\u00e1rosokkal val\u00f3 \u00f6sszevet\u00e9sben ugyanez m\u00e1r nem mondhat\u00f3 el. \t\t\t\t\t\t\t<\/p>\n<div>\n<p><strong>Tegnap a XXII. ker\u00fcletben \u00faj aszfaltburkolatot avattak a Feny\u0151toboz utc\u00e1ban. A helyiek nyilv\u00e1n \u00f6r\u00fclnek, de mi\u00e9rt fontos mindez a\u202ff\u0151v\u00e1ros szempontj\u00e1b\u00f3l?<\/strong><br \/>Az\u00e9rt, mert ez az els\u0151 olyan budai szakasz, amely a Budapesti \u00fat\u00e9p\u00edt\u00e9si program keret\u00e9ben \u00fajult meg \u00e9s kapott az eddigi f\u00f6ldr\u00e9teg helyett a mai kornak megfelel\u0151 aszfaltfel\u00fcletet. A pesti oldalon m\u00e1r a m\u00falt h\u00e9ten \u00e1tadtuk az els\u0151 ilyen utat a XVI. ker\u00fcletben.<\/p>\n<div id=\"attachment_1611782\" style=\"width: 310px\" class=\"wp-caption alignright\">\n<p class=\"wp-caption-text\">Szatm\u00e1ry Krist\u00f3f gazdas\u00e1gszab\u00e1lyoz\u00e1s\u00e9rt felel\u0151s \u00e1llamtitk\u00e1r<br \/>Fot\u00f3: Kallus Gy\u00f6rgy<\/p>\n<\/div>\n<p><strong>Mir\u0151l sz\u00f3l tulajdonk\u00e9ppen a Budapesti \u00fat\u00e9p\u00edt\u00e9si program?<\/strong><br \/>Ez a projekt a Fidesz budapesti v\u00e1lasztm\u00e1ny\u00e1nak kezdem\u00e9nyez\u00e9s\u00e9re sz\u00fcletett meg, \u00e9s harcolt ki hozz\u00e1 t\u00e1mogat\u00e1st a korm\u00e1nyzatt\u00f3l. Szerintem ez a maga nem\u00e9ben unik\u00e1lis. A probl\u00e9ma 2006 \u00f3ta el\u0151tt\u00fcnk volt, az akkor megv\u00e1lasztott ker\u00fcleti polg\u00e1rmestereink s\u00falyos \u00f6r\u00f6ks\u00e9get kaptak a nyakukba a f\u00f6ldutakkal. Az \u0151sb\u0171n valamikor az 1950-es \u00e9vekre dat\u00e1lhat\u00f3, amikor a kommunista vezet\u00e9s szimpla t\u00e9rk\u00e9p\u00e1trajzol\u00e1ssal l\u00e9trehozta a nagy Budapestet, azzal nem t\u00f6r\u0151dve, hogy teljesen falusias ter\u00fcleteket csaptak hozz\u00e1 a v\u00e1roshoz. Ezek infrastruktur\u00e1lis fejleszt\u00e9se eg\u00e9szen a rendszerv\u00e1ltoz\u00e1s ut\u00e1nig fel se mer\u00fclt. \u00cdgy fordulhat el\u0151, hogy ma a XVI., a XVII. ker\u00fclet, de \u00dajpest, Csepel, \u00d3buda \u00e9s Budafok is szenved a f\u00f6ldutak l\u00e9tez\u00e9s\u00e9t\u0151l. Arr\u00f3l nem is besz\u00e9lve, hogy a bels\u0151bb ker\u00fcletekben sem ismeretlen ez a helyzet, \u00e9s K\u0151b\u00e1ny\u00e1n vagy a XIV., de m\u00e9g a XI. ker\u00fcletben is el\u0151fordul, hogy f\u00f6ld\u00fatba botlunk. Meglep\u0151 lehet, hogy \u00dajbud\u00e1n a ny\u00e1r folyam\u00e1n csaknem tucatnyi utc\u00e1t fognak leaszfaltozni, t\u00f6bb mint egymilli\u00e1rd forintb\u00f3l.<\/p>\n<p><strong>Milyen el\u0151zm\u00e9nyek vezettek a program startj\u00e1ig?<\/strong><br \/>A k\u00e9rd\u00e9st 2016-ban vetett\u00fck fel, 2017 \u0151sz\u00e9n m\u00e1r korm\u00e1nyzati d\u00f6nt\u00e9s volt arr\u00f3l, hogy elinduljon a projekt. Engem, mint a probl\u00e9m\u00e1val napi szinten tal\u00e1lkoz\u00f3 orsz\u00e1ggy\u0171l\u00e9si k\u00e9pvisel\u0151t, 2018 m\u00e1jus\u00e1ban k\u00e9rtek fel, hogy fogjam \u00f6ssze a folyamatokat. Tavaly j\u00faniusban az Orsz\u00e1ggy\u0171l\u00e9s elfogadta az idei k\u00f6lts\u00e9gvet\u00e9st, amelyben 10 milli\u00e1rd forintot k\u00fcl\u00f6n\u00edtettek el a feladatra. Novemberben ki\u00edrtuk a vonatkoz\u00f3 p\u00e1ly\u00e1zatokat, decemberben pedig m\u00e1r eredm\u00e9nyt is hirdett\u00fcnk. Vagyis nagyj\u00e1b\u00f3l k\u00e9t \u00e9s f\u00e9l \u00e9v alatt, maxim\u00e1lis transzparencia mellett eljutottunk a tervez\u00e9st\u0151l a megval\u00f3s\u00edt\u00e1sig.<\/p>\n<p><strong>Mi f\u00e9r bele a ker\u00fcletek \u00fatfejleszt\u00e9si p\u00e1ly\u00e1zat\u00e1ba? Csak kifejezetten f\u00f6ldutakra h\u00edvhat\u00f3 le p\u00e9nz?<\/strong><br \/>Ennek tiszt\u00e1z\u00e1sa fontos r\u00e9sze volt a felh\u00edv\u00e1snak. Meg kellett \u00e1llap\u00edtani ugyanis, hogy mi sz\u00e1m\u00edt f\u00f6ld\u00fatnak. Nagyon nem menn\u00e9k bele a r\u00e9szletekbe, de az az\u00e9rt dilemma, hogy a mindenf\u00e9le enged\u00e9lyek h\u00edj\u00e1n, pap\u00edrv\u00e9kony vastags\u00e1gban ki\u00f6nt\u00f6tt, al\u00e9p\u00edtm\u00e9ny n\u00e9lk\u00fcli aszfaltr\u00e9teg, amely egyed\u00fcl arra j\u00f3, hogy egy-k\u00e9t \u00e9vig kezelje a s\u00e1r meg a sz\u00e1ll\u00f3 por okozta bossz\u00fas\u00e1got, rendezett \u00fatszakasznak tekinthet\u0151-e. Arra jutottunk, nem az a m\u00e9rvad\u00f3, hogy milyen anyag k\u00e9pezi az adott utca fel\u00fclet\u00e9t, hanem az, hogy szab\u00e1lyosan, a sz\u00fcks\u00e9ges enged\u00e9lyek birtok\u00e1ban \u00e9p\u00fclj\u00f6n meg. \u00d6sszess\u00e9g\u00e9ben teh\u00e1t nemcsak form\u00e1jukban, hanem jogilag is szeretn\u00e9nk tiszt\u00e1zni a viszonyokat. Emiatt b\u0151v\u00fclt a figyelembe vehet\u0151 utak list\u00e1ja.<\/p>\n<p style=\"text-align: right;\"><em>A teljes interj\u00fa a Vil\u00e1ggazdas\u00e1g p\u00e9nteki sz\u00e1m\u00e1ban olvashat\u00f3<\/em><\/p>\n<\/p><\/div>\n<p><script>\n    window.fbAsyncInit = function() {\n        FB.init({\n            appId      : \"204760236815359\",\n            xfbml      : true,\n            version    : \"v2.12\"\n        });\n        FB.AppEvents.logPageView();\n    };<\/p>\n<p>    (function(d, s, id){\n        var js, fjs = d.getElementsByTagName(s)[0];\n        if (d.getElementById(id)) {return;}\n        js = d.createElement(s); js.id = id;\n        js.src = \"http:\/\/connect.facebook.net\/hu_HU\/sdk.js\";\n        fjs.parentNode.insertBefore(js, fjs);\n    }(document, \"script\", \"facebook-jssdk\"));\n<\/script><br \/>\n<br \/>[ad_2]<br \/>\n<br \/><a href=\"https:\/\/www.vg.hu\/gazdasag\/gazdasagi-hirek\/szatmary-kristof-az-a-cel-hogy-ne-kelljen-tobbe-folduton-kozlekedni-budapesten-2-1611779\/\">Source link <\/a><\/p>\n","protected":false},"excerpt":{"rendered":"<p>[ad_1] Els\u0151 k\u00f6rben 10 milli\u00e1rd forintb\u00f3l a budapesti f\u00f6ldutak mintegy 20 sz\u00e1zal\u00e9k\u00e1t aszfaltozz\u00e1k le \u2013 t\u00e1j\u00e9koztatta a Vil\u00e1ggazdas\u00e1got Szatm\u00e1ry Krist\u00f3f,&#13; a\u202fBudapesti \u00fat\u00e9p\u00edt\u00e9si program miniszteri biztosa. Mint mondta, a k\u00f6z\u00e9p-eur\u00f3pai t\u00e9rs\u00e9ghez k\u00e9pest a magyar f\u0151v\u00e1ros j\u00f3l \u00e1ll az \u00fath\u00e1l\u00f3zat min\u0151s\u00e9g\u00e9t tekintve, de a nyugati v\u00e1rosokkal val\u00f3 \u00f6sszevet\u00e9sben ugyanez m\u00e1r nem mondhat\u00f3 el. Tegnap a XXII. ker\u00fcletben [&hellip;]<\/p>\n","protected":false},"author":2,"featured_media":5429,"comment_status":"open","ping_status":"open","sticky":false,"template":"","format":"standard","meta":{"footnotes":""},"categories":[1],"tags":[],"class_list":["post-5428","post","type-post","status-publish","format-standard","has-post-thumbnail","hentry","category-penzugyi-hirek"],"yoast_head":"<!-- This site is optimized with the Yoast SEO plugin v27.4 - https:\/\/yoast.com\/product\/yoast-seo-wordpress\/ -->\n<title>Szatm\u00e1ry Krist\u00f3f: az a c\u00e9l, hogy ne kelljen t\u00f6bb\u00e9 f\u00f6ld\u00faton k\u00f6zlekedni Budapesten - Super News<\/title>\n<meta name=\"robots\" content=\"index, follow, max-snippet:-1, max-image-preview:large, max-video-preview:-1\" \/>\n<link rel=\"canonical\" href=\"https:\/\/super-news.info\/hu\/szatmary-kristof-az-a-cel-hogy-ne-kelljen-tobbe-folduton-kozlekedni-budapesten\/\" \/>\n<meta property=\"og:locale\" content=\"hu_HU\" \/>\n<meta property=\"og:type\" content=\"article\" \/>\n<meta property=\"og:title\" content=\"Szatm\u00e1ry Krist\u00f3f: az a c\u00e9l, hogy ne kelljen t\u00f6bb\u00e9 f\u00f6ld\u00faton k\u00f6zlekedni Budapesten - Super News\" \/>\n<meta property=\"og:description\" content=\"[ad_1] Els\u0151 k\u00f6rben 10 milli\u00e1rd forintb\u00f3l a budapesti f\u00f6ldutak mintegy 20 sz\u00e1zal\u00e9k\u00e1t aszfaltozz\u00e1k le \u2013 t\u00e1j\u00e9koztatta a Vil\u00e1ggazdas\u00e1got Szatm\u00e1ry Krist\u00f3f,&#013; a\u202fBudapesti \u00fat\u00e9p\u00edt\u00e9si program miniszteri biztosa. Mint mondta, a k\u00f6z\u00e9p-eur\u00f3pai t\u00e9rs\u00e9ghez k\u00e9pest a magyar f\u0151v\u00e1ros j\u00f3l \u00e1ll az \u00fath\u00e1l\u00f3zat min\u0151s\u00e9g\u00e9t tekintve, de a nyugati v\u00e1rosokkal val\u00f3 \u00f6sszevet\u00e9sben ugyanez m\u00e1r nem mondhat\u00f3 el. Tegnap a XXII. ker\u00fcletben [&hellip;]\" \/>\n<meta property=\"og:url\" content=\"https:\/\/super-news.info\/hu\/szatmary-kristof-az-a-cel-hogy-ne-kelljen-tobbe-folduton-kozlekedni-budapesten\/\" \/>\n<meta property=\"og:site_name\" content=\"Super News\" \/>\n<meta property=\"article:published_time\" content=\"2019-07-05T04:34:22+00:00\" \/>\n<meta property=\"article:modified_time\" content=\"2019-07-05T04:34:23+00:00\" \/>\n<meta property=\"og:image\" content=\"https:\/\/super-news.info\/hu\/wp-content\/uploads\/sites\/3\/2019\/07\/Szatm\u00e1ry-Krist\u00f3f-az-a-c\u00e9l-hogy-ne-kelljen-t\u00f6bb\u00e9-f\u00f6ld\u00faton.jpg\" \/>\n\t<meta property=\"og:image:width\" content=\"683\" \/>\n\t<meta property=\"og:image:height\" content=\"1024\" \/>\n\t<meta property=\"og:image:type\" content=\"image\/jpeg\" \/>\n<meta name=\"author\" content=\"super-news\" \/>\n<meta name=\"twitter:card\" content=\"summary_large_image\" \/>\n<meta name=\"twitter:label1\" content=\"Szerz\u0151:\" \/>\n\t<meta name=\"twitter:data1\" content=\"super-news\" \/>\n\t<meta name=\"twitter:label2\" content=\"Becs\u00fclt olvas\u00e1si id\u0151\" \/>\n\t<meta name=\"twitter:data2\" content=\"4 perc\" \/>\n<script type=\"application\/ld+json\" class=\"yoast-schema-graph\">{\"@context\":\"https:\\\/\\\/schema.org\",\"@graph\":[{\"@type\":\"Article\",\"@id\":\"https:\\\/\\\/super-news.info\\\/hu\\\/szatmary-kristof-az-a-cel-hogy-ne-kelljen-tobbe-folduton-kozlekedni-budapesten\\\/#article\",\"isPartOf\":{\"@id\":\"https:\\\/\\\/super-news.info\\\/hu\\\/szatmary-kristof-az-a-cel-hogy-ne-kelljen-tobbe-folduton-kozlekedni-budapesten\\\/\"},\"author\":{\"name\":\"super-news\",\"@id\":\"https:\\\/\\\/super-news.info\\\/hu\\\/#\\\/schema\\\/person\\\/2d4068cb2f39cd10008c2fce578a7356\"},\"headline\":\"Szatm\u00e1ry Krist\u00f3f: az a c\u00e9l, hogy ne kelljen t\u00f6bb\u00e9 f\u00f6ld\u00faton k\u00f6zlekedni Budapesten\",\"datePublished\":\"2019-07-05T04:34:22+00:00\",\"dateModified\":\"2019-07-05T04:34:23+00:00\",\"mainEntityOfPage\":{\"@id\":\"https:\\\/\\\/super-news.info\\\/hu\\\/szatmary-kristof-az-a-cel-hogy-ne-kelljen-tobbe-folduton-kozlekedni-budapesten\\\/\"},\"wordCount\":745,\"commentCount\":0,\"image\":{\"@id\":\"https:\\\/\\\/super-news.info\\\/hu\\\/szatmary-kristof-az-a-cel-hogy-ne-kelljen-tobbe-folduton-kozlekedni-budapesten\\\/#primaryimage\"},\"thumbnailUrl\":\"https:\\\/\\\/super-news.info\\\/hu\\\/wp-content\\\/uploads\\\/sites\\\/3\\\/2019\\\/07\\\/Szatm\u00e1ry-Krist\u00f3f-az-a-c\u00e9l-hogy-ne-kelljen-t\u00f6bb\u00e9-f\u00f6ld\u00faton.jpg\",\"articleSection\":[\"P\u00c9NZ\u00dcGYI H\u00cdREK\"],\"inLanguage\":\"hu\",\"potentialAction\":[{\"@type\":\"CommentAction\",\"name\":\"Comment\",\"target\":[\"https:\\\/\\\/super-news.info\\\/hu\\\/szatmary-kristof-az-a-cel-hogy-ne-kelljen-tobbe-folduton-kozlekedni-budapesten\\\/#respond\"]}]},{\"@type\":\"WebPage\",\"@id\":\"https:\\\/\\\/super-news.info\\\/hu\\\/szatmary-kristof-az-a-cel-hogy-ne-kelljen-tobbe-folduton-kozlekedni-budapesten\\\/\",\"url\":\"https:\\\/\\\/super-news.info\\\/hu\\\/szatmary-kristof-az-a-cel-hogy-ne-kelljen-tobbe-folduton-kozlekedni-budapesten\\\/\",\"name\":\"Szatm\u00e1ry Krist\u00f3f: az a c\u00e9l, hogy ne kelljen t\u00f6bb\u00e9 f\u00f6ld\u00faton k\u00f6zlekedni Budapesten - Super News\",\"isPartOf\":{\"@id\":\"https:\\\/\\\/super-news.info\\\/hu\\\/#website\"},\"primaryImageOfPage\":{\"@id\":\"https:\\\/\\\/super-news.info\\\/hu\\\/szatmary-kristof-az-a-cel-hogy-ne-kelljen-tobbe-folduton-kozlekedni-budapesten\\\/#primaryimage\"},\"image\":{\"@id\":\"https:\\\/\\\/super-news.info\\\/hu\\\/szatmary-kristof-az-a-cel-hogy-ne-kelljen-tobbe-folduton-kozlekedni-budapesten\\\/#primaryimage\"},\"thumbnailUrl\":\"https:\\\/\\\/super-news.info\\\/hu\\\/wp-content\\\/uploads\\\/sites\\\/3\\\/2019\\\/07\\\/Szatm\u00e1ry-Krist\u00f3f-az-a-c\u00e9l-hogy-ne-kelljen-t\u00f6bb\u00e9-f\u00f6ld\u00faton.jpg\",\"datePublished\":\"2019-07-05T04:34:22+00:00\",\"dateModified\":\"2019-07-05T04:34:23+00:00\",\"author\":{\"@id\":\"https:\\\/\\\/super-news.info\\\/hu\\\/#\\\/schema\\\/person\\\/2d4068cb2f39cd10008c2fce578a7356\"},\"breadcrumb\":{\"@id\":\"https:\\\/\\\/super-news.info\\\/hu\\\/szatmary-kristof-az-a-cel-hogy-ne-kelljen-tobbe-folduton-kozlekedni-budapesten\\\/#breadcrumb\"},\"inLanguage\":\"hu\",\"potentialAction\":[{\"@type\":\"ReadAction\",\"target\":[\"https:\\\/\\\/super-news.info\\\/hu\\\/szatmary-kristof-az-a-cel-hogy-ne-kelljen-tobbe-folduton-kozlekedni-budapesten\\\/\"]}]},{\"@type\":\"ImageObject\",\"inLanguage\":\"hu\",\"@id\":\"https:\\\/\\\/super-news.info\\\/hu\\\/szatmary-kristof-az-a-cel-hogy-ne-kelljen-tobbe-folduton-kozlekedni-budapesten\\\/#primaryimage\",\"url\":\"https:\\\/\\\/super-news.info\\\/hu\\\/wp-content\\\/uploads\\\/sites\\\/3\\\/2019\\\/07\\\/Szatm\u00e1ry-Krist\u00f3f-az-a-c\u00e9l-hogy-ne-kelljen-t\u00f6bb\u00e9-f\u00f6ld\u00faton.jpg\",\"contentUrl\":\"https:\\\/\\\/super-news.info\\\/hu\\\/wp-content\\\/uploads\\\/sites\\\/3\\\/2019\\\/07\\\/Szatm\u00e1ry-Krist\u00f3f-az-a-c\u00e9l-hogy-ne-kelljen-t\u00f6bb\u00e9-f\u00f6ld\u00faton.jpg\",\"width\":683,\"height\":1024,\"caption\":\"Szatm\u00e1ry Krist\u00f3f: az a c\u00e9l, hogy ne kelljen t\u00f6bb\u00e9 f\u00f6ld\u00faton k\u00f6zlekedni Budapesten\"},{\"@type\":\"BreadcrumbList\",\"@id\":\"https:\\\/\\\/super-news.info\\\/hu\\\/szatmary-kristof-az-a-cel-hogy-ne-kelljen-tobbe-folduton-kozlekedni-budapesten\\\/#breadcrumb\",\"itemListElement\":[{\"@type\":\"ListItem\",\"position\":1,\"name\":\"\u0413\u043b\u0430\u0432\u043d\u0430\u044f \u0441\u0442\u0440\u0430\u043d\u0438\u0446\u0430\",\"item\":\"https:\\\/\\\/super-news.info\\\/hu\\\/\"},{\"@type\":\"ListItem\",\"position\":2,\"name\":\"Szatm\u00e1ry Krist\u00f3f: az a c\u00e9l, hogy ne kelljen t\u00f6bb\u00e9 f\u00f6ld\u00faton k\u00f6zlekedni Budapesten\"}]},{\"@type\":\"WebSite\",\"@id\":\"https:\\\/\\\/super-news.info\\\/hu\\\/#website\",\"url\":\"https:\\\/\\\/super-news.info\\\/hu\\\/\",\"name\":\"Super News\",\"description\":\"Super News Magyarorsz\u00e1g\",\"potentialAction\":[{\"@type\":\"SearchAction\",\"target\":{\"@type\":\"EntryPoint\",\"urlTemplate\":\"https:\\\/\\\/super-news.info\\\/hu\\\/?s={search_term_string}\"},\"query-input\":{\"@type\":\"PropertyValueSpecification\",\"valueRequired\":true,\"valueName\":\"search_term_string\"}}],\"inLanguage\":\"hu\"},{\"@type\":\"Person\",\"@id\":\"https:\\\/\\\/super-news.info\\\/hu\\\/#\\\/schema\\\/person\\\/2d4068cb2f39cd10008c2fce578a7356\",\"name\":\"super-news\",\"image\":{\"@type\":\"ImageObject\",\"inLanguage\":\"hu\",\"@id\":\"https:\\\/\\\/secure.gravatar.com\\\/avatar\\\/64ebac40b93f26a154f8a9b5b6fdccfc46f442b26b3dd6756dbff3bf9dc76fd7?s=96&d=mm&r=g\",\"url\":\"https:\\\/\\\/secure.gravatar.com\\\/avatar\\\/64ebac40b93f26a154f8a9b5b6fdccfc46f442b26b3dd6756dbff3bf9dc76fd7?s=96&d=mm&r=g\",\"contentUrl\":\"https:\\\/\\\/secure.gravatar.com\\\/avatar\\\/64ebac40b93f26a154f8a9b5b6fdccfc46f442b26b3dd6756dbff3bf9dc76fd7?s=96&d=mm&r=g\",\"caption\":\"super-news\"},\"url\":\"https:\\\/\\\/super-news.info\\\/hu\\\/author\\\/pt\\\/\"}]}<\/script>\n<!-- \/ Yoast SEO plugin. -->","yoast_head_json":{"title":"Szatm\u00e1ry Krist\u00f3f: az a c\u00e9l, hogy ne kelljen t\u00f6bb\u00e9 f\u00f6ld\u00faton k\u00f6zlekedni Budapesten - Super News","robots":{"index":"index","follow":"follow","max-snippet":"max-snippet:-1","max-image-preview":"max-image-preview:large","max-video-preview":"max-video-preview:-1"},"canonical":"https:\/\/super-news.info\/hu\/szatmary-kristof-az-a-cel-hogy-ne-kelljen-tobbe-folduton-kozlekedni-budapesten\/","og_locale":"hu_HU","og_type":"article","og_title":"Szatm\u00e1ry Krist\u00f3f: az a c\u00e9l, hogy ne kelljen t\u00f6bb\u00e9 f\u00f6ld\u00faton k\u00f6zlekedni Budapesten - Super News","og_description":"[ad_1] Els\u0151 k\u00f6rben 10 milli\u00e1rd forintb\u00f3l a budapesti f\u00f6ldutak mintegy 20 sz\u00e1zal\u00e9k\u00e1t aszfaltozz\u00e1k le \u2013 t\u00e1j\u00e9koztatta a Vil\u00e1ggazdas\u00e1got Szatm\u00e1ry Krist\u00f3f,&#13; a\u202fBudapesti \u00fat\u00e9p\u00edt\u00e9si program miniszteri biztosa. Mint mondta, a k\u00f6z\u00e9p-eur\u00f3pai t\u00e9rs\u00e9ghez k\u00e9pest a magyar f\u0151v\u00e1ros j\u00f3l \u00e1ll az \u00fath\u00e1l\u00f3zat min\u0151s\u00e9g\u00e9t tekintve, de a nyugati v\u00e1rosokkal val\u00f3 \u00f6sszevet\u00e9sben ugyanez m\u00e1r nem mondhat\u00f3 el. Tegnap a XXII. ker\u00fcletben [&hellip;]","og_url":"https:\/\/super-news.info\/hu\/szatmary-kristof-az-a-cel-hogy-ne-kelljen-tobbe-folduton-kozlekedni-budapesten\/","og_site_name":"Super News","article_published_time":"2019-07-05T04:34:22+00:00","article_modified_time":"2019-07-05T04:34:23+00:00","og_image":[{"width":683,"height":1024,"url":"https:\/\/super-news.info\/hu\/wp-content\/uploads\/sites\/3\/2019\/07\/Szatm\u00e1ry-Krist\u00f3f-az-a-c\u00e9l-hogy-ne-kelljen-t\u00f6bb\u00e9-f\u00f6ld\u00faton.jpg","type":"image\/jpeg"}],"author":"super-news","twitter_card":"summary_large_image","twitter_misc":{"Szerz\u0151:":"super-news","Becs\u00fclt olvas\u00e1si id\u0151":"4 perc"},"schema":{"@context":"https:\/\/schema.org","@graph":[{"@type":"Article","@id":"https:\/\/super-news.info\/hu\/szatmary-kristof-az-a-cel-hogy-ne-kelljen-tobbe-folduton-kozlekedni-budapesten\/#article","isPartOf":{"@id":"https:\/\/super-news.info\/hu\/szatmary-kristof-az-a-cel-hogy-ne-kelljen-tobbe-folduton-kozlekedni-budapesten\/"},"author":{"name":"super-news","@id":"https:\/\/super-news.info\/hu\/#\/schema\/person\/2d4068cb2f39cd10008c2fce578a7356"},"headline":"Szatm\u00e1ry Krist\u00f3f: az a c\u00e9l, hogy ne kelljen t\u00f6bb\u00e9 f\u00f6ld\u00faton k\u00f6zlekedni Budapesten","datePublished":"2019-07-05T04:34:22+00:00","dateModified":"2019-07-05T04:34:23+00:00","mainEntityOfPage":{"@id":"https:\/\/super-news.info\/hu\/szatmary-kristof-az-a-cel-hogy-ne-kelljen-tobbe-folduton-kozlekedni-budapesten\/"},"wordCount":745,"commentCount":0,"image":{"@id":"https:\/\/super-news.info\/hu\/szatmary-kristof-az-a-cel-hogy-ne-kelljen-tobbe-folduton-kozlekedni-budapesten\/#primaryimage"},"thumbnailUrl":"https:\/\/super-news.info\/hu\/wp-content\/uploads\/sites\/3\/2019\/07\/Szatm\u00e1ry-Krist\u00f3f-az-a-c\u00e9l-hogy-ne-kelljen-t\u00f6bb\u00e9-f\u00f6ld\u00faton.jpg","articleSection":["P\u00c9NZ\u00dcGYI H\u00cdREK"],"inLanguage":"hu","potentialAction":[{"@type":"CommentAction","name":"Comment","target":["https:\/\/super-news.info\/hu\/szatmary-kristof-az-a-cel-hogy-ne-kelljen-tobbe-folduton-kozlekedni-budapesten\/#respond"]}]},{"@type":"WebPage","@id":"https:\/\/super-news.info\/hu\/szatmary-kristof-az-a-cel-hogy-ne-kelljen-tobbe-folduton-kozlekedni-budapesten\/","url":"https:\/\/super-news.info\/hu\/szatmary-kristof-az-a-cel-hogy-ne-kelljen-tobbe-folduton-kozlekedni-budapesten\/","name":"Szatm\u00e1ry Krist\u00f3f: az a c\u00e9l, hogy ne kelljen t\u00f6bb\u00e9 f\u00f6ld\u00faton k\u00f6zlekedni Budapesten - Super News","isPartOf":{"@id":"https:\/\/super-news.info\/hu\/#website"},"primaryImageOfPage":{"@id":"https:\/\/super-news.info\/hu\/szatmary-kristof-az-a-cel-hogy-ne-kelljen-tobbe-folduton-kozlekedni-budapesten\/#primaryimage"},"image":{"@id":"https:\/\/super-news.info\/hu\/szatmary-kristof-az-a-cel-hogy-ne-kelljen-tobbe-folduton-kozlekedni-budapesten\/#primaryimage"},"thumbnailUrl":"https:\/\/super-news.info\/hu\/wp-content\/uploads\/sites\/3\/2019\/07\/Szatm\u00e1ry-Krist\u00f3f-az-a-c\u00e9l-hogy-ne-kelljen-t\u00f6bb\u00e9-f\u00f6ld\u00faton.jpg","datePublished":"2019-07-05T04:34:22+00:00","dateModified":"2019-07-05T04:34:23+00:00","author":{"@id":"https:\/\/super-news.info\/hu\/#\/schema\/person\/2d4068cb2f39cd10008c2fce578a7356"},"breadcrumb":{"@id":"https:\/\/super-news.info\/hu\/szatmary-kristof-az-a-cel-hogy-ne-kelljen-tobbe-folduton-kozlekedni-budapesten\/#breadcrumb"},"inLanguage":"hu","potentialAction":[{"@type":"ReadAction","target":["https:\/\/super-news.info\/hu\/szatmary-kristof-az-a-cel-hogy-ne-kelljen-tobbe-folduton-kozlekedni-budapesten\/"]}]},{"@type":"ImageObject","inLanguage":"hu","@id":"https:\/\/super-news.info\/hu\/szatmary-kristof-az-a-cel-hogy-ne-kelljen-tobbe-folduton-kozlekedni-budapesten\/#primaryimage","url":"https:\/\/super-news.info\/hu\/wp-content\/uploads\/sites\/3\/2019\/07\/Szatm\u00e1ry-Krist\u00f3f-az-a-c\u00e9l-hogy-ne-kelljen-t\u00f6bb\u00e9-f\u00f6ld\u00faton.jpg","contentUrl":"https:\/\/super-news.info\/hu\/wp-content\/uploads\/sites\/3\/2019\/07\/Szatm\u00e1ry-Krist\u00f3f-az-a-c\u00e9l-hogy-ne-kelljen-t\u00f6bb\u00e9-f\u00f6ld\u00faton.jpg","width":683,"height":1024,"caption":"Szatm\u00e1ry Krist\u00f3f: az a c\u00e9l, hogy ne kelljen t\u00f6bb\u00e9 f\u00f6ld\u00faton k\u00f6zlekedni Budapesten"},{"@type":"BreadcrumbList","@id":"https:\/\/super-news.info\/hu\/szatmary-kristof-az-a-cel-hogy-ne-kelljen-tobbe-folduton-kozlekedni-budapesten\/#breadcrumb","itemListElement":[{"@type":"ListItem","position":1,"name":"\u0413\u043b\u0430\u0432\u043d\u0430\u044f \u0441\u0442\u0440\u0430\u043d\u0438\u0446\u0430","item":"https:\/\/super-news.info\/hu\/"},{"@type":"ListItem","position":2,"name":"Szatm\u00e1ry Krist\u00f3f: az a c\u00e9l, hogy ne kelljen t\u00f6bb\u00e9 f\u00f6ld\u00faton k\u00f6zlekedni Budapesten"}]},{"@type":"WebSite","@id":"https:\/\/super-news.info\/hu\/#website","url":"https:\/\/super-news.info\/hu\/","name":"Super News","description":"Super News Magyarorsz\u00e1g","potentialAction":[{"@type":"SearchAction","target":{"@type":"EntryPoint","urlTemplate":"https:\/\/super-news.info\/hu\/?s={search_term_string}"},"query-input":{"@type":"PropertyValueSpecification","valueRequired":true,"valueName":"search_term_string"}}],"inLanguage":"hu"},{"@type":"Person","@id":"https:\/\/super-news.info\/hu\/#\/schema\/person\/2d4068cb2f39cd10008c2fce578a7356","name":"super-news","image":{"@type":"ImageObject","inLanguage":"hu","@id":"https:\/\/secure.gravatar.com\/avatar\/64ebac40b93f26a154f8a9b5b6fdccfc46f442b26b3dd6756dbff3bf9dc76fd7?s=96&d=mm&r=g","url":"https:\/\/secure.gravatar.com\/avatar\/64ebac40b93f26a154f8a9b5b6fdccfc46f442b26b3dd6756dbff3bf9dc76fd7?s=96&d=mm&r=g","contentUrl":"https:\/\/secure.gravatar.com\/avatar\/64ebac40b93f26a154f8a9b5b6fdccfc46f442b26b3dd6756dbff3bf9dc76fd7?s=96&d=mm&r=g","caption":"super-news"},"url":"https:\/\/super-news.info\/hu\/author\/pt\/"}]}},"_links":{"self":[{"href":"https:\/\/super-news.info\/hu\/wp-json\/wp\/v2\/posts\/5428","targetHints":{"allow":["GET"]}}],"collection":[{"href":"https:\/\/super-news.info\/hu\/wp-json\/wp\/v2\/posts"}],"about":[{"href":"https:\/\/super-news.info\/hu\/wp-json\/wp\/v2\/types\/post"}],"author":[{"embeddable":true,"href":"https:\/\/super-news.info\/hu\/wp-json\/wp\/v2\/users\/2"}],"replies":[{"embeddable":true,"href":"https:\/\/super-news.info\/hu\/wp-json\/wp\/v2\/comments?post=5428"}],"version-history":[{"count":1,"href":"https:\/\/super-news.info\/hu\/wp-json\/wp\/v2\/posts\/5428\/revisions"}],"predecessor-version":[{"id":5430,"href":"https:\/\/super-news.info\/hu\/wp-json\/wp\/v2\/posts\/5428\/revisions\/5430"}],"wp:featuredmedia":[{"embeddable":true,"href":"https:\/\/super-news.info\/hu\/wp-json\/wp\/v2\/media\/5429"}],"wp:attachment":[{"href":"https:\/\/super-news.info\/hu\/wp-json\/wp\/v2\/media?parent=5428"}],"wp:term":[{"taxonomy":"category","embeddable":true,"href":"https:\/\/super-news.info\/hu\/wp-json\/wp\/v2\/categories?post=5428"},{"taxonomy":"post_tag","embeddable":true,"href":"https:\/\/super-news.info\/hu\/wp-json\/wp\/v2\/tags?post=5428"}],"curies":[{"name":"wp","href":"https:\/\/api.w.org\/{rel}","templated":true}]}}