{"id":5416,"date":"2019-07-05T00:20:24","date_gmt":"2019-07-04T21:20:24","guid":{"rendered":"https:\/\/super-news.info\/hu\/vasarnapig-biztosan-marad-a-strandido\/"},"modified":"2019-07-05T00:20:25","modified_gmt":"2019-07-04T21:20:25","slug":"vasarnapig-biztosan-marad-a-strandido","status":"publish","type":"post","link":"https:\/\/super-news.info\/hu\/vasarnapig-biztosan-marad-a-strandido\/","title":{"rendered":"Vas\u00e1rnapig biztosan marad a strandid\u0151"},"content":{"rendered":"<p> [ad_1]<br \/>\n<\/p>\n<p>\n\t\t\t\t\t\t\t\tA h\u00e9tv\u00e9g\u00e9n is ny\u00e1rias meleg lesz, 30 fok k\u00f6r\u00fcli maximumokkal, sok naps\u00fct\u00e9ssel. Vas\u00e1rnap viszont t\u00f6bbfel\u00e9 v\u00e1rhat\u00f3k z\u00e1porok, zivatarok is \u2013 der\u00fcl ki az Orsz\u00e1gos Meteorol\u00f3giai Szolg\u00e1lat orsz\u00e1gos, k\u00f6z\u00e9pt\u00e1v\u00fa el\u0151rejelz\u00e9s\u00e9b\u0151l.\t\t\t\t\t\t\t<\/p>\n<div>\n<p>P\u00e9nteken sz\u0171rt lesz a naps\u00fct\u00e9s. Az orsz\u00e1g \u00e9szaki fel\u00e9ben meger\u0151s\u00f6dik a sz\u00e9l, az esti \u00f3r\u00e1kban pedig az \u00e9szakkeleti hat\u00e1r k\u00f6zel\u00e9ben kialakulhat egy-egy fut\u00f3 z\u00e1por. A legalacsonyabb h\u0151m\u00e9rs\u00e9klet \u00e1ltal\u00e1ban 11-17 fok k\u00f6z\u00f6tt alakul, de a hidegre hajlamos helyeken enn\u00e9l alacsonyabb \u00e9rt\u00e9keket is m\u00e9rhetnek.<\/p>\n<p>A legmagasabb h\u0151m\u00e9rs\u00e9klet 28-33 fok k\u00f6z\u00f6tt v\u00e1rhat\u00f3.<\/p>\n<p>Szombaton napos id\u0151 v\u00e1rhat\u00f3, csapad\u00e9k nem val\u00f3sz\u00edn\u0171. A l\u00e9gmozg\u00e1s t\u00f6bbfel\u00e9 \u00e9l\u00e9nk, \u00e9szakon helyenk\u00e9nt er\u0151s lesz. A minimumh\u0151m\u00e9rs\u00e9klet 13-19, a maximumh\u0151m\u00e9rs\u00e9klet 29-34 fok k\u00f6z\u00f6tt v\u00e1rhat\u00f3.<\/p>\n<div id=\"attachment_1578428\" style=\"width: 1010px\" class=\"wp-caption aligncenter\">\n<p class=\"wp-caption-text\">Fot\u00f3: Shutterstock<\/p>\n<\/div>\n<p>Vas\u00e1rnap a naps\u00fct\u00e9s mellett t\u00f6bb helyen alakul ki z\u00e1por, zivatar. A legt\u00f6bb csapad\u00e9k d\u00e9lnyugaton val\u00f3sz\u00edn\u0171. Eleinte t\u00f6bbnyire m\u00e9rs\u00e9kelt marad a l\u00e9gmozg\u00e1s, majd meg\u00e9l\u00e9nk\u00fcl, helyenk\u00e9nt meger\u0151s\u00f6dik a sz\u00e9l is. Zivatar k\u00f6rnyezet\u00e9ben viharos sz\u00e9ll\u00f6k\u00e9sek is lehetnek. A leghidegebb \u00f3r\u00e1kban 15-21 lesz. Napk\u00f6zben 25-32 fokig melegszik a leveg\u0151, d\u00e9lkeleten lesz a legmelegebb, nyugaton a h\u0171v\u00f6sebb \u2013 olvashat\u00f3 az el\u0151rejelz\u00e9sben.<\/p>\n<\/p><\/div>\n<p><script>\n    window.fbAsyncInit = function() {\n        FB.init({\n            appId      : \"204760236815359\",\n            xfbml      : true,\n            version    : \"v2.12\"\n        });\n        FB.AppEvents.logPageView();\n    };<\/p>\n<p>    (function(d, s, id){\n        var js, fjs = d.getElementsByTagName(s)[0];\n        if (d.getElementById(id)) {return;}\n        js = d.createElement(s); js.id = id;\n        js.src = \"http:\/\/connect.facebook.net\/hu_HU\/sdk.js\";\n        fjs.parentNode.insertBefore(js, fjs);\n    }(document, \"script\", \"facebook-jssdk\"));\n<\/script><br \/>\n<br \/>[ad_2]<br \/>\n<br \/><a href=\"https:\/\/www.vg.hu\/kozelet\/kozeleti-hirek\/vasarnapig-biztosan-marad-a-strandido-1610603\/\">Source link <\/a><\/p>\n","protected":false},"excerpt":{"rendered":"<p>[ad_1] A h\u00e9tv\u00e9g\u00e9n is ny\u00e1rias meleg lesz, 30 fok k\u00f6r\u00fcli maximumokkal, sok naps\u00fct\u00e9ssel. Vas\u00e1rnap viszont t\u00f6bbfel\u00e9 v\u00e1rhat\u00f3k z\u00e1porok, zivatarok is \u2013 der\u00fcl ki az Orsz\u00e1gos Meteorol\u00f3giai Szolg\u00e1lat orsz\u00e1gos, k\u00f6z\u00e9pt\u00e1v\u00fa el\u0151rejelz\u00e9s\u00e9b\u0151l. P\u00e9nteken sz\u0171rt lesz a naps\u00fct\u00e9s. Az orsz\u00e1g \u00e9szaki fel\u00e9ben meger\u0151s\u00f6dik a sz\u00e9l, az esti \u00f3r\u00e1kban pedig az \u00e9szakkeleti hat\u00e1r k\u00f6zel\u00e9ben kialakulhat egy-egy fut\u00f3 z\u00e1por. A [&hellip;]<\/p>\n","protected":false},"author":2,"featured_media":5417,"comment_status":"open","ping_status":"open","sticky":false,"template":"","format":"standard","meta":{"footnotes":""},"categories":[1],"tags":[],"class_list":["post-5416","post","type-post","status-publish","format-standard","has-post-thumbnail","hentry","category-penzugyi-hirek"],"yoast_head":"<!-- This site is optimized with the Yoast SEO plugin v27.4 - https:\/\/yoast.com\/product\/yoast-seo-wordpress\/ -->\n<title>Vas\u00e1rnapig biztosan marad a strandid\u0151 - Super News<\/title>\n<meta name=\"robots\" content=\"index, follow, max-snippet:-1, max-image-preview:large, max-video-preview:-1\" \/>\n<link rel=\"canonical\" href=\"https:\/\/super-news.info\/hu\/vasarnapig-biztosan-marad-a-strandido\/\" \/>\n<meta property=\"og:locale\" content=\"hu_HU\" \/>\n<meta property=\"og:type\" content=\"article\" \/>\n<meta property=\"og:title\" content=\"Vas\u00e1rnapig biztosan marad a strandid\u0151 - Super News\" \/>\n<meta property=\"og:description\" content=\"[ad_1] A h\u00e9tv\u00e9g\u00e9n is ny\u00e1rias meleg lesz, 30 fok k\u00f6r\u00fcli maximumokkal, sok naps\u00fct\u00e9ssel. Vas\u00e1rnap viszont t\u00f6bbfel\u00e9 v\u00e1rhat\u00f3k z\u00e1porok, zivatarok is \u2013 der\u00fcl ki az Orsz\u00e1gos Meteorol\u00f3giai Szolg\u00e1lat orsz\u00e1gos, k\u00f6z\u00e9pt\u00e1v\u00fa el\u0151rejelz\u00e9s\u00e9b\u0151l. P\u00e9nteken sz\u0171rt lesz a naps\u00fct\u00e9s. Az orsz\u00e1g \u00e9szaki fel\u00e9ben meger\u0151s\u00f6dik a sz\u00e9l, az esti \u00f3r\u00e1kban pedig az \u00e9szakkeleti hat\u00e1r k\u00f6zel\u00e9ben kialakulhat egy-egy fut\u00f3 z\u00e1por. A [&hellip;]\" \/>\n<meta property=\"og:url\" content=\"https:\/\/super-news.info\/hu\/vasarnapig-biztosan-marad-a-strandido\/\" \/>\n<meta property=\"og:site_name\" content=\"Super News\" \/>\n<meta property=\"article:published_time\" content=\"2019-07-04T21:20:24+00:00\" \/>\n<meta property=\"article:modified_time\" content=\"2019-07-04T21:20:25+00:00\" \/>\n<meta property=\"og:image\" content=\"https:\/\/super-news.info\/hu\/wp-content\/uploads\/sites\/3\/2019\/07\/Vas\u00e1rnapig-biztosan-marad-a-strandid\u0151.jpg\" \/>\n\t<meta property=\"og:image:width\" content=\"1000\" \/>\n\t<meta property=\"og:image:height\" content=\"667\" \/>\n\t<meta property=\"og:image:type\" content=\"image\/jpeg\" \/>\n<meta name=\"author\" content=\"super-news\" \/>\n<meta name=\"twitter:card\" content=\"summary_large_image\" \/>\n<meta name=\"twitter:label1\" content=\"Szerz\u0151:\" \/>\n\t<meta name=\"twitter:data1\" content=\"super-news\" \/>\n\t<meta name=\"twitter:label2\" content=\"Becs\u00fclt olvas\u00e1si id\u0151\" \/>\n\t<meta name=\"twitter:data2\" content=\"1 perc\" \/>\n<script type=\"application\/ld+json\" class=\"yoast-schema-graph\">{\"@context\":\"https:\\\/\\\/schema.org\",\"@graph\":[{\"@type\":\"Article\",\"@id\":\"https:\\\/\\\/super-news.info\\\/hu\\\/vasarnapig-biztosan-marad-a-strandido\\\/#article\",\"isPartOf\":{\"@id\":\"https:\\\/\\\/super-news.info\\\/hu\\\/vasarnapig-biztosan-marad-a-strandido\\\/\"},\"author\":{\"name\":\"super-news\",\"@id\":\"https:\\\/\\\/super-news.info\\\/hu\\\/#\\\/schema\\\/person\\\/2d4068cb2f39cd10008c2fce578a7356\"},\"headline\":\"Vas\u00e1rnapig biztosan marad a strandid\u0151\",\"datePublished\":\"2019-07-04T21:20:24+00:00\",\"dateModified\":\"2019-07-04T21:20:25+00:00\",\"mainEntityOfPage\":{\"@id\":\"https:\\\/\\\/super-news.info\\\/hu\\\/vasarnapig-biztosan-marad-a-strandido\\\/\"},\"wordCount\":274,\"commentCount\":0,\"image\":{\"@id\":\"https:\\\/\\\/super-news.info\\\/hu\\\/vasarnapig-biztosan-marad-a-strandido\\\/#primaryimage\"},\"thumbnailUrl\":\"https:\\\/\\\/super-news.info\\\/hu\\\/wp-content\\\/uploads\\\/sites\\\/3\\\/2019\\\/07\\\/Vas\u00e1rnapig-biztosan-marad-a-strandid\u0151.jpg\",\"articleSection\":[\"P\u00c9NZ\u00dcGYI H\u00cdREK\"],\"inLanguage\":\"hu\",\"potentialAction\":[{\"@type\":\"CommentAction\",\"name\":\"Comment\",\"target\":[\"https:\\\/\\\/super-news.info\\\/hu\\\/vasarnapig-biztosan-marad-a-strandido\\\/#respond\"]}]},{\"@type\":\"WebPage\",\"@id\":\"https:\\\/\\\/super-news.info\\\/hu\\\/vasarnapig-biztosan-marad-a-strandido\\\/\",\"url\":\"https:\\\/\\\/super-news.info\\\/hu\\\/vasarnapig-biztosan-marad-a-strandido\\\/\",\"name\":\"Vas\u00e1rnapig biztosan marad a strandid\u0151 - Super News\",\"isPartOf\":{\"@id\":\"https:\\\/\\\/super-news.info\\\/hu\\\/#website\"},\"primaryImageOfPage\":{\"@id\":\"https:\\\/\\\/super-news.info\\\/hu\\\/vasarnapig-biztosan-marad-a-strandido\\\/#primaryimage\"},\"image\":{\"@id\":\"https:\\\/\\\/super-news.info\\\/hu\\\/vasarnapig-biztosan-marad-a-strandido\\\/#primaryimage\"},\"thumbnailUrl\":\"https:\\\/\\\/super-news.info\\\/hu\\\/wp-content\\\/uploads\\\/sites\\\/3\\\/2019\\\/07\\\/Vas\u00e1rnapig-biztosan-marad-a-strandid\u0151.jpg\",\"datePublished\":\"2019-07-04T21:20:24+00:00\",\"dateModified\":\"2019-07-04T21:20:25+00:00\",\"author\":{\"@id\":\"https:\\\/\\\/super-news.info\\\/hu\\\/#\\\/schema\\\/person\\\/2d4068cb2f39cd10008c2fce578a7356\"},\"breadcrumb\":{\"@id\":\"https:\\\/\\\/super-news.info\\\/hu\\\/vasarnapig-biztosan-marad-a-strandido\\\/#breadcrumb\"},\"inLanguage\":\"hu\",\"potentialAction\":[{\"@type\":\"ReadAction\",\"target\":[\"https:\\\/\\\/super-news.info\\\/hu\\\/vasarnapig-biztosan-marad-a-strandido\\\/\"]}]},{\"@type\":\"ImageObject\",\"inLanguage\":\"hu\",\"@id\":\"https:\\\/\\\/super-news.info\\\/hu\\\/vasarnapig-biztosan-marad-a-strandido\\\/#primaryimage\",\"url\":\"https:\\\/\\\/super-news.info\\\/hu\\\/wp-content\\\/uploads\\\/sites\\\/3\\\/2019\\\/07\\\/Vas\u00e1rnapig-biztosan-marad-a-strandid\u0151.jpg\",\"contentUrl\":\"https:\\\/\\\/super-news.info\\\/hu\\\/wp-content\\\/uploads\\\/sites\\\/3\\\/2019\\\/07\\\/Vas\u00e1rnapig-biztosan-marad-a-strandid\u0151.jpg\",\"width\":1000,\"height\":667,\"caption\":\"Vas\u00e1rnapig biztosan marad a strandid\u0151\"},{\"@type\":\"BreadcrumbList\",\"@id\":\"https:\\\/\\\/super-news.info\\\/hu\\\/vasarnapig-biztosan-marad-a-strandido\\\/#breadcrumb\",\"itemListElement\":[{\"@type\":\"ListItem\",\"position\":1,\"name\":\"\u0413\u043b\u0430\u0432\u043d\u0430\u044f \u0441\u0442\u0440\u0430\u043d\u0438\u0446\u0430\",\"item\":\"https:\\\/\\\/super-news.info\\\/hu\\\/\"},{\"@type\":\"ListItem\",\"position\":2,\"name\":\"Vas\u00e1rnapig biztosan marad a strandid\u0151\"}]},{\"@type\":\"WebSite\",\"@id\":\"https:\\\/\\\/super-news.info\\\/hu\\\/#website\",\"url\":\"https:\\\/\\\/super-news.info\\\/hu\\\/\",\"name\":\"Super News\",\"description\":\"Super News Magyarorsz\u00e1g\",\"potentialAction\":[{\"@type\":\"SearchAction\",\"target\":{\"@type\":\"EntryPoint\",\"urlTemplate\":\"https:\\\/\\\/super-news.info\\\/hu\\\/?s={search_term_string}\"},\"query-input\":{\"@type\":\"PropertyValueSpecification\",\"valueRequired\":true,\"valueName\":\"search_term_string\"}}],\"inLanguage\":\"hu\"},{\"@type\":\"Person\",\"@id\":\"https:\\\/\\\/super-news.info\\\/hu\\\/#\\\/schema\\\/person\\\/2d4068cb2f39cd10008c2fce578a7356\",\"name\":\"super-news\",\"image\":{\"@type\":\"ImageObject\",\"inLanguage\":\"hu\",\"@id\":\"https:\\\/\\\/secure.gravatar.com\\\/avatar\\\/64ebac40b93f26a154f8a9b5b6fdccfc46f442b26b3dd6756dbff3bf9dc76fd7?s=96&d=mm&r=g\",\"url\":\"https:\\\/\\\/secure.gravatar.com\\\/avatar\\\/64ebac40b93f26a154f8a9b5b6fdccfc46f442b26b3dd6756dbff3bf9dc76fd7?s=96&d=mm&r=g\",\"contentUrl\":\"https:\\\/\\\/secure.gravatar.com\\\/avatar\\\/64ebac40b93f26a154f8a9b5b6fdccfc46f442b26b3dd6756dbff3bf9dc76fd7?s=96&d=mm&r=g\",\"caption\":\"super-news\"},\"url\":\"https:\\\/\\\/super-news.info\\\/hu\\\/author\\\/pt\\\/\"}]}<\/script>\n<!-- \/ Yoast SEO plugin. -->","yoast_head_json":{"title":"Vas\u00e1rnapig biztosan marad a strandid\u0151 - Super News","robots":{"index":"index","follow":"follow","max-snippet":"max-snippet:-1","max-image-preview":"max-image-preview:large","max-video-preview":"max-video-preview:-1"},"canonical":"https:\/\/super-news.info\/hu\/vasarnapig-biztosan-marad-a-strandido\/","og_locale":"hu_HU","og_type":"article","og_title":"Vas\u00e1rnapig biztosan marad a strandid\u0151 - Super News","og_description":"[ad_1] A h\u00e9tv\u00e9g\u00e9n is ny\u00e1rias meleg lesz, 30 fok k\u00f6r\u00fcli maximumokkal, sok naps\u00fct\u00e9ssel. Vas\u00e1rnap viszont t\u00f6bbfel\u00e9 v\u00e1rhat\u00f3k z\u00e1porok, zivatarok is \u2013 der\u00fcl ki az Orsz\u00e1gos Meteorol\u00f3giai Szolg\u00e1lat orsz\u00e1gos, k\u00f6z\u00e9pt\u00e1v\u00fa el\u0151rejelz\u00e9s\u00e9b\u0151l. P\u00e9nteken sz\u0171rt lesz a naps\u00fct\u00e9s. Az orsz\u00e1g \u00e9szaki fel\u00e9ben meger\u0151s\u00f6dik a sz\u00e9l, az esti \u00f3r\u00e1kban pedig az \u00e9szakkeleti hat\u00e1r k\u00f6zel\u00e9ben kialakulhat egy-egy fut\u00f3 z\u00e1por. A [&hellip;]","og_url":"https:\/\/super-news.info\/hu\/vasarnapig-biztosan-marad-a-strandido\/","og_site_name":"Super News","article_published_time":"2019-07-04T21:20:24+00:00","article_modified_time":"2019-07-04T21:20:25+00:00","og_image":[{"width":1000,"height":667,"url":"https:\/\/super-news.info\/hu\/wp-content\/uploads\/sites\/3\/2019\/07\/Vas\u00e1rnapig-biztosan-marad-a-strandid\u0151.jpg","type":"image\/jpeg"}],"author":"super-news","twitter_card":"summary_large_image","twitter_misc":{"Szerz\u0151:":"super-news","Becs\u00fclt olvas\u00e1si id\u0151":"1 perc"},"schema":{"@context":"https:\/\/schema.org","@graph":[{"@type":"Article","@id":"https:\/\/super-news.info\/hu\/vasarnapig-biztosan-marad-a-strandido\/#article","isPartOf":{"@id":"https:\/\/super-news.info\/hu\/vasarnapig-biztosan-marad-a-strandido\/"},"author":{"name":"super-news","@id":"https:\/\/super-news.info\/hu\/#\/schema\/person\/2d4068cb2f39cd10008c2fce578a7356"},"headline":"Vas\u00e1rnapig biztosan marad a strandid\u0151","datePublished":"2019-07-04T21:20:24+00:00","dateModified":"2019-07-04T21:20:25+00:00","mainEntityOfPage":{"@id":"https:\/\/super-news.info\/hu\/vasarnapig-biztosan-marad-a-strandido\/"},"wordCount":274,"commentCount":0,"image":{"@id":"https:\/\/super-news.info\/hu\/vasarnapig-biztosan-marad-a-strandido\/#primaryimage"},"thumbnailUrl":"https:\/\/super-news.info\/hu\/wp-content\/uploads\/sites\/3\/2019\/07\/Vas\u00e1rnapig-biztosan-marad-a-strandid\u0151.jpg","articleSection":["P\u00c9NZ\u00dcGYI H\u00cdREK"],"inLanguage":"hu","potentialAction":[{"@type":"CommentAction","name":"Comment","target":["https:\/\/super-news.info\/hu\/vasarnapig-biztosan-marad-a-strandido\/#respond"]}]},{"@type":"WebPage","@id":"https:\/\/super-news.info\/hu\/vasarnapig-biztosan-marad-a-strandido\/","url":"https:\/\/super-news.info\/hu\/vasarnapig-biztosan-marad-a-strandido\/","name":"Vas\u00e1rnapig biztosan marad a strandid\u0151 - Super News","isPartOf":{"@id":"https:\/\/super-news.info\/hu\/#website"},"primaryImageOfPage":{"@id":"https:\/\/super-news.info\/hu\/vasarnapig-biztosan-marad-a-strandido\/#primaryimage"},"image":{"@id":"https:\/\/super-news.info\/hu\/vasarnapig-biztosan-marad-a-strandido\/#primaryimage"},"thumbnailUrl":"https:\/\/super-news.info\/hu\/wp-content\/uploads\/sites\/3\/2019\/07\/Vas\u00e1rnapig-biztosan-marad-a-strandid\u0151.jpg","datePublished":"2019-07-04T21:20:24+00:00","dateModified":"2019-07-04T21:20:25+00:00","author":{"@id":"https:\/\/super-news.info\/hu\/#\/schema\/person\/2d4068cb2f39cd10008c2fce578a7356"},"breadcrumb":{"@id":"https:\/\/super-news.info\/hu\/vasarnapig-biztosan-marad-a-strandido\/#breadcrumb"},"inLanguage":"hu","potentialAction":[{"@type":"ReadAction","target":["https:\/\/super-news.info\/hu\/vasarnapig-biztosan-marad-a-strandido\/"]}]},{"@type":"ImageObject","inLanguage":"hu","@id":"https:\/\/super-news.info\/hu\/vasarnapig-biztosan-marad-a-strandido\/#primaryimage","url":"https:\/\/super-news.info\/hu\/wp-content\/uploads\/sites\/3\/2019\/07\/Vas\u00e1rnapig-biztosan-marad-a-strandid\u0151.jpg","contentUrl":"https:\/\/super-news.info\/hu\/wp-content\/uploads\/sites\/3\/2019\/07\/Vas\u00e1rnapig-biztosan-marad-a-strandid\u0151.jpg","width":1000,"height":667,"caption":"Vas\u00e1rnapig biztosan marad a strandid\u0151"},{"@type":"BreadcrumbList","@id":"https:\/\/super-news.info\/hu\/vasarnapig-biztosan-marad-a-strandido\/#breadcrumb","itemListElement":[{"@type":"ListItem","position":1,"name":"\u0413\u043b\u0430\u0432\u043d\u0430\u044f \u0441\u0442\u0440\u0430\u043d\u0438\u0446\u0430","item":"https:\/\/super-news.info\/hu\/"},{"@type":"ListItem","position":2,"name":"Vas\u00e1rnapig biztosan marad a strandid\u0151"}]},{"@type":"WebSite","@id":"https:\/\/super-news.info\/hu\/#website","url":"https:\/\/super-news.info\/hu\/","name":"Super News","description":"Super News Magyarorsz\u00e1g","potentialAction":[{"@type":"SearchAction","target":{"@type":"EntryPoint","urlTemplate":"https:\/\/super-news.info\/hu\/?s={search_term_string}"},"query-input":{"@type":"PropertyValueSpecification","valueRequired":true,"valueName":"search_term_string"}}],"inLanguage":"hu"},{"@type":"Person","@id":"https:\/\/super-news.info\/hu\/#\/schema\/person\/2d4068cb2f39cd10008c2fce578a7356","name":"super-news","image":{"@type":"ImageObject","inLanguage":"hu","@id":"https:\/\/secure.gravatar.com\/avatar\/64ebac40b93f26a154f8a9b5b6fdccfc46f442b26b3dd6756dbff3bf9dc76fd7?s=96&d=mm&r=g","url":"https:\/\/secure.gravatar.com\/avatar\/64ebac40b93f26a154f8a9b5b6fdccfc46f442b26b3dd6756dbff3bf9dc76fd7?s=96&d=mm&r=g","contentUrl":"https:\/\/secure.gravatar.com\/avatar\/64ebac40b93f26a154f8a9b5b6fdccfc46f442b26b3dd6756dbff3bf9dc76fd7?s=96&d=mm&r=g","caption":"super-news"},"url":"https:\/\/super-news.info\/hu\/author\/pt\/"}]}},"_links":{"self":[{"href":"https:\/\/super-news.info\/hu\/wp-json\/wp\/v2\/posts\/5416","targetHints":{"allow":["GET"]}}],"collection":[{"href":"https:\/\/super-news.info\/hu\/wp-json\/wp\/v2\/posts"}],"about":[{"href":"https:\/\/super-news.info\/hu\/wp-json\/wp\/v2\/types\/post"}],"author":[{"embeddable":true,"href":"https:\/\/super-news.info\/hu\/wp-json\/wp\/v2\/users\/2"}],"replies":[{"embeddable":true,"href":"https:\/\/super-news.info\/hu\/wp-json\/wp\/v2\/comments?post=5416"}],"version-history":[{"count":1,"href":"https:\/\/super-news.info\/hu\/wp-json\/wp\/v2\/posts\/5416\/revisions"}],"predecessor-version":[{"id":5418,"href":"https:\/\/super-news.info\/hu\/wp-json\/wp\/v2\/posts\/5416\/revisions\/5418"}],"wp:featuredmedia":[{"embeddable":true,"href":"https:\/\/super-news.info\/hu\/wp-json\/wp\/v2\/media\/5417"}],"wp:attachment":[{"href":"https:\/\/super-news.info\/hu\/wp-json\/wp\/v2\/media?parent=5416"}],"wp:term":[{"taxonomy":"category","embeddable":true,"href":"https:\/\/super-news.info\/hu\/wp-json\/wp\/v2\/categories?post=5416"},{"taxonomy":"post_tag","embeddable":true,"href":"https:\/\/super-news.info\/hu\/wp-json\/wp\/v2\/tags?post=5416"}],"curies":[{"name":"wp","href":"https:\/\/api.w.org\/{rel}","templated":true}]}}