{"id":5406,"date":"2019-07-04T20:45:10","date_gmt":"2019-07-04T17:45:10","guid":{"rendered":"https:\/\/super-news.info\/hu\/izgalommentesen-zajlik-az-m85-os-ut-epitese\/"},"modified":"2019-07-04T20:45:11","modified_gmt":"2019-07-04T17:45:11","slug":"izgalommentesen-zajlik-az-m85-os-ut-epitese","status":"publish","type":"post","link":"https:\/\/super-news.info\/hu\/izgalommentesen-zajlik-az-m85-os-ut-epitese\/","title":{"rendered":"Izgalommentesen zajlik az M85-\u00f6s \u00fat \u00e9p\u00edt\u00e9se"},"content":{"rendered":"<p> [ad_1]<br \/>\n<\/p>\n<p>\n\t\t\t\t\t\t\t\tA k\u00e9tszer k\u00e9ts\u00e1vos gyorsforgalmi \u00fat \u00e9p\u00edt\u00e9se Sopron \u00e9s Csorna k\u00f6z\u00f6tt j\u00f3 \u00fctemben halad \u2013 hangzott el sajt\u00f3t\u00e1j\u00e9koztat\u00f3n cs\u00fct\u00f6rt\u00f6k\u00f6n Sopron hat\u00e1r\u00e1ban.\t\t\t\t\t\t\t<\/p>\n<div>\n<p>Gyop\u00e1ros Alp\u00e1r, a modern telep\u00fcl\u00e9sek fejleszt\u00e9s\u00e9\u00e9rt felel\u0151s korm\u00e1nybiztos, a R\u00e1bak\u00f6z fideszes orsz\u00e1ggy\u0171l\u00e9si k\u00e9pvisel\u0151je kiemelte, hogy az 57 kilom\u00e9tert \u00e9rint\u0151 beruh\u00e1z\u00e1s 2020 v\u00e9g\u00e9re fejez\u0151dik be. Elmondta, hogy<\/p>\n<p>2010-t\u0151l a gyorsforgalmi utak \u00e9p\u00edt\u00e9se a legnagyobb beruh\u00e1z\u00e1sok k\u00f6z\u00e9 tartozik az orsz\u00e1gban.<\/p>\n<p>Gy\u0151r-Moson-Sopron megy\u00e9ben mintegy \u00f6tven kilom\u00e9ter gyorsforgalmi utat adtak \u00e1t, k\u00f6zt\u00fck az M85-\u00f6st Gy\u0151r \u00e9s Csorna k\u00f6z\u00f6tt \u00e9s az M86-ost, amely Csorn\u00e1t k\u00f6ti \u00f6ssze Szombathellyel.<\/p>\n<div id=\"attachment_1405090\" style=\"width: 1410px\" class=\"wp-caption aligncenter\">\n<p class=\"wp-caption-text\">Fot\u00f3: MTI\/Krizs\u00e1n Csaba<\/p>\n<\/div>\n<p>A gyorsforgalmi utakon a k\u00f6zleked\u00e9s nem csak gyorsabb, hanem biztons\u00e1gosabb is, emellett a kisebb telep\u00fcl\u00e9seken lakoss\u00e1g megtart\u00f3 erej\u00fck is van, mert az ing\u00e1z\u00f3k a min\u0151s\u00e9gibb utaz\u00e1snak k\u00f6sz\u00f6nhet\u0151en kev\u00e9sb\u00e9 akarj\u00e1k elhagyni a telep\u00fcl\u00e9s\u00fcket \u2013 fogalmazott.<\/p>\n<p>Barcza Attila, Sopron orsz\u00e1ggy\u0171l\u00e9si k\u00e9pvisel\u0151je azt emelte ki, hogy<\/p>\n<p>a mintegy 220 milli\u00e1rd forintos, korm\u00e1nyzati forr\u00e1sb\u00f3l megval\u00f3sul\u00f3 beruh\u00e1z\u00e1ssal Sopron mint kiemelt turisztikai t\u00e9rs\u00e9g bekapcsol\u00f3dik a magyarorsz\u00e1gi \u00e9s a nemzetk\u00f6zi forgalomba.<\/p>\n<p>Farkas Cipri\u00e1n, Sopron v\u00e1rosi tan\u00e1csnoka elmondta, hogy a turisztikai el\u0151ny\u00f6k\u00f6n t\u00fal az \u00fat a helyi gazdas\u00e1goknak is j\u00f3t tesz majd, mert a k\u00f6nnyebb megk\u00f6zel\u00edthet\u0151s\u00e9g versenyel\u0151nyt jelent.<br \/>Hozz\u00e1tette, hogy a beruh\u00e1z\u00e1ssal a v\u00e1ros egy \u00faj Budapest-B\u00e9cs tengelyhez fog kapcsol\u00f3dni.<\/p>\n<p>H\u00e1mori Gy\u00f6rgy, Kapuv\u00e1r polg\u00e1rmestere azt emelte ki, hogy Sopronon k\u00edv\u00fcl 17 telep\u00fcl\u00e9s tehermentes\u00fcl az \u00e1tmen\u0151 nagy forgalom al\u00f3l. A polg\u00e1rmester is hangs\u00falyozta, hogy az \u00fattal n\u0151 a falvak lakoss\u00e1gmegtart\u00f3 ereje \u00e9s \u00faj gazdas\u00e1gi lehet\u0151s\u00e9gek ny\u00edlnak el\u0151tt\u00fck.<\/p>\n<\/p><\/div>\n<p><script>\n    window.fbAsyncInit = function() {\n        FB.init({\n            appId      : \"204760236815359\",\n            xfbml      : true,\n            version    : \"v2.12\"\n        });\n        FB.AppEvents.logPageView();\n    };<\/p>\n<p>    (function(d, s, id){\n        var js, fjs = d.getElementsByTagName(s)[0];\n        if (d.getElementById(id)) {return;}\n        js = d.createElement(s); js.id = id;\n        js.src = \"http:\/\/connect.facebook.net\/hu_HU\/sdk.js\";\n        fjs.parentNode.insertBefore(js, fjs);\n    }(document, \"script\", \"facebook-jssdk\"));\n<\/script><br \/>\n<br \/>[ad_2]<br \/>\n<br \/><a href=\"https:\/\/www.vg.hu\/vallalatok\/kozlekedes\/izgalommentesen-zajlik-az-m85-os-ut-epitese-1610642\/\">Source link <\/a><\/p>\n","protected":false},"excerpt":{"rendered":"<p>[ad_1] A k\u00e9tszer k\u00e9ts\u00e1vos gyorsforgalmi \u00fat \u00e9p\u00edt\u00e9se Sopron \u00e9s Csorna k\u00f6z\u00f6tt j\u00f3 \u00fctemben halad \u2013 hangzott el sajt\u00f3t\u00e1j\u00e9koztat\u00f3n cs\u00fct\u00f6rt\u00f6k\u00f6n Sopron hat\u00e1r\u00e1ban. Gyop\u00e1ros Alp\u00e1r, a modern telep\u00fcl\u00e9sek fejleszt\u00e9s\u00e9\u00e9rt felel\u0151s korm\u00e1nybiztos, a R\u00e1bak\u00f6z fideszes orsz\u00e1ggy\u0171l\u00e9si k\u00e9pvisel\u0151je kiemelte, hogy az 57 kilom\u00e9tert \u00e9rint\u0151 beruh\u00e1z\u00e1s 2020 v\u00e9g\u00e9re fejez\u0151dik be. Elmondta, hogy 2010-t\u0151l a gyorsforgalmi utak \u00e9p\u00edt\u00e9se a legnagyobb beruh\u00e1z\u00e1sok [&hellip;]<\/p>\n","protected":false},"author":2,"featured_media":4952,"comment_status":"open","ping_status":"open","sticky":false,"template":"","format":"standard","meta":{"footnotes":""},"categories":[1],"tags":[],"class_list":["post-5406","post","type-post","status-publish","format-standard","has-post-thumbnail","hentry","category-penzugyi-hirek"],"yoast_head":"<!-- This site is optimized with the Yoast SEO plugin v27.4 - https:\/\/yoast.com\/product\/yoast-seo-wordpress\/ -->\n<title>Izgalommentesen zajlik az M85-\u00f6s \u00fat \u00e9p\u00edt\u00e9se - Super News<\/title>\n<meta name=\"robots\" content=\"index, follow, max-snippet:-1, max-image-preview:large, max-video-preview:-1\" \/>\n<link rel=\"canonical\" href=\"https:\/\/super-news.info\/hu\/izgalommentesen-zajlik-az-m85-os-ut-epitese\/\" \/>\n<meta property=\"og:locale\" content=\"hu_HU\" \/>\n<meta property=\"og:type\" content=\"article\" \/>\n<meta property=\"og:title\" content=\"Izgalommentesen zajlik az M85-\u00f6s \u00fat \u00e9p\u00edt\u00e9se - Super News\" \/>\n<meta property=\"og:description\" content=\"[ad_1] A k\u00e9tszer k\u00e9ts\u00e1vos gyorsforgalmi \u00fat \u00e9p\u00edt\u00e9se Sopron \u00e9s Csorna k\u00f6z\u00f6tt j\u00f3 \u00fctemben halad \u2013 hangzott el sajt\u00f3t\u00e1j\u00e9koztat\u00f3n cs\u00fct\u00f6rt\u00f6k\u00f6n Sopron hat\u00e1r\u00e1ban. Gyop\u00e1ros Alp\u00e1r, a modern telep\u00fcl\u00e9sek fejleszt\u00e9s\u00e9\u00e9rt felel\u0151s korm\u00e1nybiztos, a R\u00e1bak\u00f6z fideszes orsz\u00e1ggy\u0171l\u00e9si k\u00e9pvisel\u0151je kiemelte, hogy az 57 kilom\u00e9tert \u00e9rint\u0151 beruh\u00e1z\u00e1s 2020 v\u00e9g\u00e9re fejez\u0151dik be. Elmondta, hogy 2010-t\u0151l a gyorsforgalmi utak \u00e9p\u00edt\u00e9se a legnagyobb beruh\u00e1z\u00e1sok [&hellip;]\" \/>\n<meta property=\"og:url\" content=\"https:\/\/super-news.info\/hu\/izgalommentesen-zajlik-az-m85-os-ut-epitese\/\" \/>\n<meta property=\"og:site_name\" content=\"Super News\" \/>\n<meta property=\"article:published_time\" content=\"2019-07-04T17:45:10+00:00\" \/>\n<meta property=\"article:modified_time\" content=\"2019-07-04T17:45:11+00:00\" \/>\n<meta property=\"og:image\" content=\"https:\/\/super-news.info\/hu\/wp-content\/uploads\/sites\/3\/2019\/06\/Budapest-\u00e9s-Tatab\u00e1nya-k\u00f6z\u00f6tt-egy-h\u00f3napig-jav\u00edtj\u00e1k-az-aut\u00f3p\u00e1ly\u00e1t.jpg\" \/>\n\t<meta property=\"og:image:width\" content=\"1400\" \/>\n\t<meta property=\"og:image:height\" content=\"914\" \/>\n\t<meta property=\"og:image:type\" content=\"image\/jpeg\" \/>\n<meta name=\"author\" content=\"super-news\" \/>\n<meta name=\"twitter:card\" content=\"summary_large_image\" \/>\n<meta name=\"twitter:label1\" content=\"Szerz\u0151:\" \/>\n\t<meta name=\"twitter:data1\" content=\"super-news\" \/>\n\t<meta name=\"twitter:label2\" content=\"Becs\u00fclt olvas\u00e1si id\u0151\" \/>\n\t<meta name=\"twitter:data2\" content=\"2 perc\" \/>\n<script type=\"application\/ld+json\" class=\"yoast-schema-graph\">{\"@context\":\"https:\\\/\\\/schema.org\",\"@graph\":[{\"@type\":\"Article\",\"@id\":\"https:\\\/\\\/super-news.info\\\/hu\\\/izgalommentesen-zajlik-az-m85-os-ut-epitese\\\/#article\",\"isPartOf\":{\"@id\":\"https:\\\/\\\/super-news.info\\\/hu\\\/izgalommentesen-zajlik-az-m85-os-ut-epitese\\\/\"},\"author\":{\"name\":\"super-news\",\"@id\":\"https:\\\/\\\/super-news.info\\\/hu\\\/#\\\/schema\\\/person\\\/2d4068cb2f39cd10008c2fce578a7356\"},\"headline\":\"Izgalommentesen zajlik az M85-\u00f6s \u00fat \u00e9p\u00edt\u00e9se\",\"datePublished\":\"2019-07-04T17:45:10+00:00\",\"dateModified\":\"2019-07-04T17:45:11+00:00\",\"mainEntityOfPage\":{\"@id\":\"https:\\\/\\\/super-news.info\\\/hu\\\/izgalommentesen-zajlik-az-m85-os-ut-epitese\\\/\"},\"wordCount\":368,\"commentCount\":0,\"image\":{\"@id\":\"https:\\\/\\\/super-news.info\\\/hu\\\/izgalommentesen-zajlik-az-m85-os-ut-epitese\\\/#primaryimage\"},\"thumbnailUrl\":\"https:\\\/\\\/super-news.info\\\/hu\\\/wp-content\\\/uploads\\\/sites\\\/3\\\/2019\\\/06\\\/Budapest-\u00e9s-Tatab\u00e1nya-k\u00f6z\u00f6tt-egy-h\u00f3napig-jav\u00edtj\u00e1k-az-aut\u00f3p\u00e1ly\u00e1t.jpg\",\"articleSection\":[\"P\u00c9NZ\u00dcGYI H\u00cdREK\"],\"inLanguage\":\"hu\",\"potentialAction\":[{\"@type\":\"CommentAction\",\"name\":\"Comment\",\"target\":[\"https:\\\/\\\/super-news.info\\\/hu\\\/izgalommentesen-zajlik-az-m85-os-ut-epitese\\\/#respond\"]}]},{\"@type\":\"WebPage\",\"@id\":\"https:\\\/\\\/super-news.info\\\/hu\\\/izgalommentesen-zajlik-az-m85-os-ut-epitese\\\/\",\"url\":\"https:\\\/\\\/super-news.info\\\/hu\\\/izgalommentesen-zajlik-az-m85-os-ut-epitese\\\/\",\"name\":\"Izgalommentesen zajlik az M85-\u00f6s \u00fat \u00e9p\u00edt\u00e9se - Super News\",\"isPartOf\":{\"@id\":\"https:\\\/\\\/super-news.info\\\/hu\\\/#website\"},\"primaryImageOfPage\":{\"@id\":\"https:\\\/\\\/super-news.info\\\/hu\\\/izgalommentesen-zajlik-az-m85-os-ut-epitese\\\/#primaryimage\"},\"image\":{\"@id\":\"https:\\\/\\\/super-news.info\\\/hu\\\/izgalommentesen-zajlik-az-m85-os-ut-epitese\\\/#primaryimage\"},\"thumbnailUrl\":\"https:\\\/\\\/super-news.info\\\/hu\\\/wp-content\\\/uploads\\\/sites\\\/3\\\/2019\\\/06\\\/Budapest-\u00e9s-Tatab\u00e1nya-k\u00f6z\u00f6tt-egy-h\u00f3napig-jav\u00edtj\u00e1k-az-aut\u00f3p\u00e1ly\u00e1t.jpg\",\"datePublished\":\"2019-07-04T17:45:10+00:00\",\"dateModified\":\"2019-07-04T17:45:11+00:00\",\"author\":{\"@id\":\"https:\\\/\\\/super-news.info\\\/hu\\\/#\\\/schema\\\/person\\\/2d4068cb2f39cd10008c2fce578a7356\"},\"breadcrumb\":{\"@id\":\"https:\\\/\\\/super-news.info\\\/hu\\\/izgalommentesen-zajlik-az-m85-os-ut-epitese\\\/#breadcrumb\"},\"inLanguage\":\"hu\",\"potentialAction\":[{\"@type\":\"ReadAction\",\"target\":[\"https:\\\/\\\/super-news.info\\\/hu\\\/izgalommentesen-zajlik-az-m85-os-ut-epitese\\\/\"]}]},{\"@type\":\"ImageObject\",\"inLanguage\":\"hu\",\"@id\":\"https:\\\/\\\/super-news.info\\\/hu\\\/izgalommentesen-zajlik-az-m85-os-ut-epitese\\\/#primaryimage\",\"url\":\"https:\\\/\\\/super-news.info\\\/hu\\\/wp-content\\\/uploads\\\/sites\\\/3\\\/2019\\\/06\\\/Budapest-\u00e9s-Tatab\u00e1nya-k\u00f6z\u00f6tt-egy-h\u00f3napig-jav\u00edtj\u00e1k-az-aut\u00f3p\u00e1ly\u00e1t.jpg\",\"contentUrl\":\"https:\\\/\\\/super-news.info\\\/hu\\\/wp-content\\\/uploads\\\/sites\\\/3\\\/2019\\\/06\\\/Budapest-\u00e9s-Tatab\u00e1nya-k\u00f6z\u00f6tt-egy-h\u00f3napig-jav\u00edtj\u00e1k-az-aut\u00f3p\u00e1ly\u00e1t.jpg\",\"width\":1400,\"height\":914,\"caption\":\"Budapest \u00e9s Tatab\u00e1nya k\u00f6z\u00f6tt egy h\u00f3napig jav\u00edtj\u00e1k az aut\u00f3p\u00e1ly\u00e1t\"},{\"@type\":\"BreadcrumbList\",\"@id\":\"https:\\\/\\\/super-news.info\\\/hu\\\/izgalommentesen-zajlik-az-m85-os-ut-epitese\\\/#breadcrumb\",\"itemListElement\":[{\"@type\":\"ListItem\",\"position\":1,\"name\":\"\u0413\u043b\u0430\u0432\u043d\u0430\u044f \u0441\u0442\u0440\u0430\u043d\u0438\u0446\u0430\",\"item\":\"https:\\\/\\\/super-news.info\\\/hu\\\/\"},{\"@type\":\"ListItem\",\"position\":2,\"name\":\"Izgalommentesen zajlik az M85-\u00f6s \u00fat \u00e9p\u00edt\u00e9se\"}]},{\"@type\":\"WebSite\",\"@id\":\"https:\\\/\\\/super-news.info\\\/hu\\\/#website\",\"url\":\"https:\\\/\\\/super-news.info\\\/hu\\\/\",\"name\":\"Super News\",\"description\":\"Super News Magyarorsz\u00e1g\",\"potentialAction\":[{\"@type\":\"SearchAction\",\"target\":{\"@type\":\"EntryPoint\",\"urlTemplate\":\"https:\\\/\\\/super-news.info\\\/hu\\\/?s={search_term_string}\"},\"query-input\":{\"@type\":\"PropertyValueSpecification\",\"valueRequired\":true,\"valueName\":\"search_term_string\"}}],\"inLanguage\":\"hu\"},{\"@type\":\"Person\",\"@id\":\"https:\\\/\\\/super-news.info\\\/hu\\\/#\\\/schema\\\/person\\\/2d4068cb2f39cd10008c2fce578a7356\",\"name\":\"super-news\",\"image\":{\"@type\":\"ImageObject\",\"inLanguage\":\"hu\",\"@id\":\"https:\\\/\\\/secure.gravatar.com\\\/avatar\\\/64ebac40b93f26a154f8a9b5b6fdccfc46f442b26b3dd6756dbff3bf9dc76fd7?s=96&d=mm&r=g\",\"url\":\"https:\\\/\\\/secure.gravatar.com\\\/avatar\\\/64ebac40b93f26a154f8a9b5b6fdccfc46f442b26b3dd6756dbff3bf9dc76fd7?s=96&d=mm&r=g\",\"contentUrl\":\"https:\\\/\\\/secure.gravatar.com\\\/avatar\\\/64ebac40b93f26a154f8a9b5b6fdccfc46f442b26b3dd6756dbff3bf9dc76fd7?s=96&d=mm&r=g\",\"caption\":\"super-news\"},\"url\":\"https:\\\/\\\/super-news.info\\\/hu\\\/author\\\/pt\\\/\"}]}<\/script>\n<!-- \/ Yoast SEO plugin. -->","yoast_head_json":{"title":"Izgalommentesen zajlik az M85-\u00f6s \u00fat \u00e9p\u00edt\u00e9se - Super News","robots":{"index":"index","follow":"follow","max-snippet":"max-snippet:-1","max-image-preview":"max-image-preview:large","max-video-preview":"max-video-preview:-1"},"canonical":"https:\/\/super-news.info\/hu\/izgalommentesen-zajlik-az-m85-os-ut-epitese\/","og_locale":"hu_HU","og_type":"article","og_title":"Izgalommentesen zajlik az M85-\u00f6s \u00fat \u00e9p\u00edt\u00e9se - Super News","og_description":"[ad_1] A k\u00e9tszer k\u00e9ts\u00e1vos gyorsforgalmi \u00fat \u00e9p\u00edt\u00e9se Sopron \u00e9s Csorna k\u00f6z\u00f6tt j\u00f3 \u00fctemben halad \u2013 hangzott el sajt\u00f3t\u00e1j\u00e9koztat\u00f3n cs\u00fct\u00f6rt\u00f6k\u00f6n Sopron hat\u00e1r\u00e1ban. Gyop\u00e1ros Alp\u00e1r, a modern telep\u00fcl\u00e9sek fejleszt\u00e9s\u00e9\u00e9rt felel\u0151s korm\u00e1nybiztos, a R\u00e1bak\u00f6z fideszes orsz\u00e1ggy\u0171l\u00e9si k\u00e9pvisel\u0151je kiemelte, hogy az 57 kilom\u00e9tert \u00e9rint\u0151 beruh\u00e1z\u00e1s 2020 v\u00e9g\u00e9re fejez\u0151dik be. Elmondta, hogy 2010-t\u0151l a gyorsforgalmi utak \u00e9p\u00edt\u00e9se a legnagyobb beruh\u00e1z\u00e1sok [&hellip;]","og_url":"https:\/\/super-news.info\/hu\/izgalommentesen-zajlik-az-m85-os-ut-epitese\/","og_site_name":"Super News","article_published_time":"2019-07-04T17:45:10+00:00","article_modified_time":"2019-07-04T17:45:11+00:00","og_image":[{"width":1400,"height":914,"url":"https:\/\/super-news.info\/hu\/wp-content\/uploads\/sites\/3\/2019\/06\/Budapest-\u00e9s-Tatab\u00e1nya-k\u00f6z\u00f6tt-egy-h\u00f3napig-jav\u00edtj\u00e1k-az-aut\u00f3p\u00e1ly\u00e1t.jpg","type":"image\/jpeg"}],"author":"super-news","twitter_card":"summary_large_image","twitter_misc":{"Szerz\u0151:":"super-news","Becs\u00fclt olvas\u00e1si id\u0151":"2 perc"},"schema":{"@context":"https:\/\/schema.org","@graph":[{"@type":"Article","@id":"https:\/\/super-news.info\/hu\/izgalommentesen-zajlik-az-m85-os-ut-epitese\/#article","isPartOf":{"@id":"https:\/\/super-news.info\/hu\/izgalommentesen-zajlik-az-m85-os-ut-epitese\/"},"author":{"name":"super-news","@id":"https:\/\/super-news.info\/hu\/#\/schema\/person\/2d4068cb2f39cd10008c2fce578a7356"},"headline":"Izgalommentesen zajlik az M85-\u00f6s \u00fat \u00e9p\u00edt\u00e9se","datePublished":"2019-07-04T17:45:10+00:00","dateModified":"2019-07-04T17:45:11+00:00","mainEntityOfPage":{"@id":"https:\/\/super-news.info\/hu\/izgalommentesen-zajlik-az-m85-os-ut-epitese\/"},"wordCount":368,"commentCount":0,"image":{"@id":"https:\/\/super-news.info\/hu\/izgalommentesen-zajlik-az-m85-os-ut-epitese\/#primaryimage"},"thumbnailUrl":"https:\/\/super-news.info\/hu\/wp-content\/uploads\/sites\/3\/2019\/06\/Budapest-\u00e9s-Tatab\u00e1nya-k\u00f6z\u00f6tt-egy-h\u00f3napig-jav\u00edtj\u00e1k-az-aut\u00f3p\u00e1ly\u00e1t.jpg","articleSection":["P\u00c9NZ\u00dcGYI H\u00cdREK"],"inLanguage":"hu","potentialAction":[{"@type":"CommentAction","name":"Comment","target":["https:\/\/super-news.info\/hu\/izgalommentesen-zajlik-az-m85-os-ut-epitese\/#respond"]}]},{"@type":"WebPage","@id":"https:\/\/super-news.info\/hu\/izgalommentesen-zajlik-az-m85-os-ut-epitese\/","url":"https:\/\/super-news.info\/hu\/izgalommentesen-zajlik-az-m85-os-ut-epitese\/","name":"Izgalommentesen zajlik az M85-\u00f6s \u00fat \u00e9p\u00edt\u00e9se - Super News","isPartOf":{"@id":"https:\/\/super-news.info\/hu\/#website"},"primaryImageOfPage":{"@id":"https:\/\/super-news.info\/hu\/izgalommentesen-zajlik-az-m85-os-ut-epitese\/#primaryimage"},"image":{"@id":"https:\/\/super-news.info\/hu\/izgalommentesen-zajlik-az-m85-os-ut-epitese\/#primaryimage"},"thumbnailUrl":"https:\/\/super-news.info\/hu\/wp-content\/uploads\/sites\/3\/2019\/06\/Budapest-\u00e9s-Tatab\u00e1nya-k\u00f6z\u00f6tt-egy-h\u00f3napig-jav\u00edtj\u00e1k-az-aut\u00f3p\u00e1ly\u00e1t.jpg","datePublished":"2019-07-04T17:45:10+00:00","dateModified":"2019-07-04T17:45:11+00:00","author":{"@id":"https:\/\/super-news.info\/hu\/#\/schema\/person\/2d4068cb2f39cd10008c2fce578a7356"},"breadcrumb":{"@id":"https:\/\/super-news.info\/hu\/izgalommentesen-zajlik-az-m85-os-ut-epitese\/#breadcrumb"},"inLanguage":"hu","potentialAction":[{"@type":"ReadAction","target":["https:\/\/super-news.info\/hu\/izgalommentesen-zajlik-az-m85-os-ut-epitese\/"]}]},{"@type":"ImageObject","inLanguage":"hu","@id":"https:\/\/super-news.info\/hu\/izgalommentesen-zajlik-az-m85-os-ut-epitese\/#primaryimage","url":"https:\/\/super-news.info\/hu\/wp-content\/uploads\/sites\/3\/2019\/06\/Budapest-\u00e9s-Tatab\u00e1nya-k\u00f6z\u00f6tt-egy-h\u00f3napig-jav\u00edtj\u00e1k-az-aut\u00f3p\u00e1ly\u00e1t.jpg","contentUrl":"https:\/\/super-news.info\/hu\/wp-content\/uploads\/sites\/3\/2019\/06\/Budapest-\u00e9s-Tatab\u00e1nya-k\u00f6z\u00f6tt-egy-h\u00f3napig-jav\u00edtj\u00e1k-az-aut\u00f3p\u00e1ly\u00e1t.jpg","width":1400,"height":914,"caption":"Budapest \u00e9s Tatab\u00e1nya k\u00f6z\u00f6tt egy h\u00f3napig jav\u00edtj\u00e1k az aut\u00f3p\u00e1ly\u00e1t"},{"@type":"BreadcrumbList","@id":"https:\/\/super-news.info\/hu\/izgalommentesen-zajlik-az-m85-os-ut-epitese\/#breadcrumb","itemListElement":[{"@type":"ListItem","position":1,"name":"\u0413\u043b\u0430\u0432\u043d\u0430\u044f \u0441\u0442\u0440\u0430\u043d\u0438\u0446\u0430","item":"https:\/\/super-news.info\/hu\/"},{"@type":"ListItem","position":2,"name":"Izgalommentesen zajlik az M85-\u00f6s \u00fat \u00e9p\u00edt\u00e9se"}]},{"@type":"WebSite","@id":"https:\/\/super-news.info\/hu\/#website","url":"https:\/\/super-news.info\/hu\/","name":"Super News","description":"Super News Magyarorsz\u00e1g","potentialAction":[{"@type":"SearchAction","target":{"@type":"EntryPoint","urlTemplate":"https:\/\/super-news.info\/hu\/?s={search_term_string}"},"query-input":{"@type":"PropertyValueSpecification","valueRequired":true,"valueName":"search_term_string"}}],"inLanguage":"hu"},{"@type":"Person","@id":"https:\/\/super-news.info\/hu\/#\/schema\/person\/2d4068cb2f39cd10008c2fce578a7356","name":"super-news","image":{"@type":"ImageObject","inLanguage":"hu","@id":"https:\/\/secure.gravatar.com\/avatar\/64ebac40b93f26a154f8a9b5b6fdccfc46f442b26b3dd6756dbff3bf9dc76fd7?s=96&d=mm&r=g","url":"https:\/\/secure.gravatar.com\/avatar\/64ebac40b93f26a154f8a9b5b6fdccfc46f442b26b3dd6756dbff3bf9dc76fd7?s=96&d=mm&r=g","contentUrl":"https:\/\/secure.gravatar.com\/avatar\/64ebac40b93f26a154f8a9b5b6fdccfc46f442b26b3dd6756dbff3bf9dc76fd7?s=96&d=mm&r=g","caption":"super-news"},"url":"https:\/\/super-news.info\/hu\/author\/pt\/"}]}},"_links":{"self":[{"href":"https:\/\/super-news.info\/hu\/wp-json\/wp\/v2\/posts\/5406","targetHints":{"allow":["GET"]}}],"collection":[{"href":"https:\/\/super-news.info\/hu\/wp-json\/wp\/v2\/posts"}],"about":[{"href":"https:\/\/super-news.info\/hu\/wp-json\/wp\/v2\/types\/post"}],"author":[{"embeddable":true,"href":"https:\/\/super-news.info\/hu\/wp-json\/wp\/v2\/users\/2"}],"replies":[{"embeddable":true,"href":"https:\/\/super-news.info\/hu\/wp-json\/wp\/v2\/comments?post=5406"}],"version-history":[{"count":1,"href":"https:\/\/super-news.info\/hu\/wp-json\/wp\/v2\/posts\/5406\/revisions"}],"predecessor-version":[{"id":5407,"href":"https:\/\/super-news.info\/hu\/wp-json\/wp\/v2\/posts\/5406\/revisions\/5407"}],"wp:featuredmedia":[{"embeddable":true,"href":"https:\/\/super-news.info\/hu\/wp-json\/wp\/v2\/media\/4952"}],"wp:attachment":[{"href":"https:\/\/super-news.info\/hu\/wp-json\/wp\/v2\/media?parent=5406"}],"wp:term":[{"taxonomy":"category","embeddable":true,"href":"https:\/\/super-news.info\/hu\/wp-json\/wp\/v2\/categories?post=5406"},{"taxonomy":"post_tag","embeddable":true,"href":"https:\/\/super-news.info\/hu\/wp-json\/wp\/v2\/tags?post=5406"}],"curies":[{"name":"wp","href":"https:\/\/api.w.org\/{rel}","templated":true}]}}