{"id":5403,"date":"2019-07-04T19:52:39","date_gmt":"2019-07-04T16:52:39","guid":{"rendered":"https:\/\/super-news.info\/hu\/mar-tobb-mint-ketezren-igenyeltek-az-autovasarlasi-tamogatast\/"},"modified":"2019-07-04T19:52:40","modified_gmt":"2019-07-04T16:52:40","slug":"mar-tobb-mint-ketezren-igenyeltek-az-autovasarlasi-tamogatast","status":"publish","type":"post","link":"https:\/\/super-news.info\/hu\/mar-tobb-mint-ketezren-igenyeltek-az-autovasarlasi-tamogatast\/","title":{"rendered":"M\u00e1r t\u00f6bb mint k\u00e9tezren ig\u00e9nyelt\u00e9k az aut\u00f3v\u00e1s\u00e1rl\u00e1si t\u00e1mogat\u00e1st"},"content":{"rendered":"<p> [ad_1]<br \/>\n<\/p>\n<p>\n\t\t\t\t\t\t\t\tM\u00e1r t\u00f6bb mint k\u00e9tezren ny\u00fajtottak be k\u00e9relmet cs\u00fct\u00f6rt\u00f6k d\u00e9lig a nagycsal\u00e1dosok aut\u00f3v\u00e1s\u00e1rl\u00e1si t\u00e1mogat\u00e1s\u00e1val kapcsolatban \u2013 k\u00f6z\u00f6lte az Emberi Er\u0151forr\u00e1sok Miniszt\u00e9rium\u00e1nak csal\u00e1d- \u00e9s ifj\u00fas\u00e1g\u00fcgy\u00e9rt felel\u0151s \u00e1llamtitk\u00e1ra cs\u00fct\u00f6rt\u00f6k\u00f6n. \t\t\t\t\t\t\t<\/p>\n<div>\n<p>Nov\u00e1k Katalin elmondta, a legfeljebb 2,5 milli\u00f3 forintos aut\u00f3v\u00e1s\u00e1rl\u00e1si t\u00e1mogat\u00e1st az \u00e1llamkincst\u00e1rn\u00e1l lehet ig\u00e9nyelni, az \u00fcgyint\u00e9z\u00e9s pedig elektronikus is megt\u00f6rt\u00e9nhet. A k\u00e9relmek jelent\u0151s r\u00e9sze is elektronikusan \u00e9rkezik be, de szem\u00e9lyesen, postai \u00faton \u00e9s a korm\u00e1nyablakokon kereszt\u00fcl is ny\u00fajtottak be ig\u00e9nyl\u00e9st \u2013 tette hozz\u00e1.<\/p>\n<div id=\"attachment_791231\" style=\"width: 1410px\" class=\"wp-caption alignnone\">\n<p class=\"wp-caption-text\">Nov\u00e1k Katalin csal\u00e1d- \u00e9s ifj\u00fas\u00e1g\u00fcgy\u00e9rt is felel\u0151s \u00e1llamtitk\u00e1r<br \/>Fot\u00f3: MTI Fot\u00f3: Balogh Zolt\u00e1n<\/p>\n<\/div>\n<h3>\u00d6ner\u0151k\u00e9nt is felhaszn\u00e1lhat\u00f3<\/h3>\n<p>Az \u00e1llamtitk\u00e1r kit\u00e9rt arra is, hogy a t\u00e1mogat\u00e1s z\u00e1rt v\u00e9g\u0171 l\u00edzingszerz\u0151d\u00e9s eset\u00e9n is k\u00e9rhet\u0151, valamint felhaszn\u00e1lhat\u00f3 \u00f6ner\u0151k\u00e9nt, amennyiben valaki hitelt is ig\u00e9nyel az aut\u00f3v\u00e1s\u00e1rl\u00e1shoz.<\/p>\n<div class=\"aframe aframe-half float-right clearfix\">Nem lesz negat\u00edv hat\u00e1ssal a j\u00falius elsej\u00e9n bevezetett nagycsal\u00e1dosok aut\u00f3v\u00e1s\u00e1rl\u00e1si t\u00e1mogat\u00e1sa a haszn\u00e1ltaut\u00f3-piacra \u2013 k\u00f6z\u00f6lte a G\u00e9pj\u00e1rm\u0171 M\u00e1rkakeresked\u0151k Orsz\u00e1gos Sz\u00f6vets\u00e9g\u00e9nek (G\u00e9mosz) eln\u00f6ke h\u00e9tf\u0151n a k\u00f6zt\u00e9v\u00e9ben. B\u0151vebben&gt;&gt;&gt;<\/div>\n<p>A csal\u00e1dv\u00e9delmi akci\u00f3tervhez kapcsol\u00f3an h\u00e1rom nap alatt t\u00f6bb mint hatezer alkalommal int\u00e9ztek \u00fcgyet a korm\u00e1nyablakokban, teh\u00e1t naponta k\u00f6r\u00fclbel\u00fcl k\u00e9tezer \u00e9rdekl\u0151d\u0151 fordult meg a hivatalokban \u2013 ismertette Nov\u00e1k Katalin. Hozz\u00e1tette, az egyik kereskedelmi bank arr\u00f3l sz\u00e1molt be, hogy a babav\u00e1r\u00f3 t\u00e1mogat\u00e1st m\u00e1r \u00f6tven \u00fcgyf\u00e9lnek foly\u00f3s\u00edtotta.<\/p>\n<p>Az \u00e1llamtitk\u00e1r felh\u00edvta r\u00e1 a figyelmet, hogy a babav\u00e1r\u00f3 t\u00e1mogat\u00e1s a j\u00fanius 30. \u00e9jf\u00e9l ut\u00e1n sz\u00fcletett gyerekekre vehet\u0151 ig\u00e9nybe, de a j\u00falius kiv\u00e9teles h\u00f3nap, mert az ebben a h\u00f3napban sz\u00fclet\u0151 gyerekek ut\u00e1n \u2013 j\u00falius 31-ig bez\u00e1r\u00f3lag \u2013 ut\u00f3lag is lehet ig\u00e9nyelni a k\u00f6lcs\u00f6nk\u00e9nt indul\u00f3 t\u00e1mogat\u00e1st, amelynek 30 sz\u00e1zal\u00e9k\u00e1t a m\u00e1sodik gyerek \u00e9rkez\u00e9sekor elengedik, a harmadik gyerekn\u00e9l pedig a m\u00e9g fenn\u00e1ll\u00f3 tartoz\u00e1st teljes m\u00e9rt\u00e9kben j\u00f3v\u00e1\u00edrj\u00e1k.<\/p>\n<blockquote>\n<p>Az idei k\u00f6lts\u00e9gvet\u00e9sben 50 milli\u00e1rd forintot, j\u00f6v\u0151re pedig t\u00f6bb mint 160 milli\u00e1rd forintot ir\u00e1nyzott el\u0151 a korm\u00e1ny a csal\u00e1dv\u00e9delmi akci\u00f3tervre<\/p>\n<\/blockquote>\n<p>\u2013 k\u00f6z\u00f6lte az \u00e1llamtitk\u00e1r.<\/p>\n<h3>Nagy az \u00e9rdekl\u0151d\u00e9s<\/h3>\n<p>Kiemelte, a t\u00e1mogat\u00e1sok ir\u00e1nt folyamatosan nagy az \u00e9rdekl\u0151d\u00e9s a bankfi\u00f3kokban \u00e9s a hivatalokban, komolyabb fennakad\u00e1sr\u00f3l nem tudnak.<\/p>\n<blockquote>\n<p>A felmer\u00fcl\u0151 k\u00e9rd\u00e9sekre a h\u00e9t minden napj\u00e1n 24 \u00f3r\u00e1ban ingyenesen h\u00edvhat\u00f3 1818-as korm\u00e1nyzati \u00fcgyf\u00e9lvonalon kaphatnak v\u00e1laszt az \u00e9rdekl\u0151d\u0151k, a csalad.hu oldalon pedig \u00e1ltal\u00e1nos t\u00e1j\u00e9koztat\u00e1s tal\u00e1lhat\u00f3 az akci\u00f3terv egyes elemir\u0151l<\/p>\n<\/blockquote>\n<p>\u2013 f\u0171zte hozz\u00e1 Nov\u00e1k Katalin.<\/p>\n<p>A csal\u00e1dv\u00e9delmi akci\u00f3terv n\u00e9gy eleme \u2013 a babav\u00e1r\u00f3 t\u00e1mogat\u00e1s, a nagycsal\u00e1dosok aut\u00f3v\u00e1s\u00e1rl\u00e1si t\u00e1mogat\u00e1sa, a csal\u00e1di otthonteremt\u00e9si kedvezm\u00e9nyhez (csok) kapcsol\u00f3d\u00f3 kamatt\u00e1mogatott k\u00f6lcs\u00f6n haszn\u00e1lt ingatlanra \u00e9s a kib\u0151v\u00edtett jelz\u00e1loghitel elenged\u00e9s \u2013 h\u00e9tf\u0151n l\u00e9pett \u00e9letbe.<\/p>\n<p>Ezekkel egy\u00fctt elindult a falusi csok is, amely majdnem 2500 telep\u00fcl\u00e9sen seg\u00edti a lak\u00e1sv\u00e1s\u00e1rl\u00e1st \u00e9s -fel\u00faj\u00edt\u00e1st.<\/p>\n<\/p><\/div>\n<p><script>\n    window.fbAsyncInit = function() {\n        FB.init({\n            appId      : \"204760236815359\",\n            xfbml      : true,\n            version    : \"v2.12\"\n        });\n        FB.AppEvents.logPageView();\n    };<\/p>\n<p>    (function(d, s, id){\n        var js, fjs = d.getElementsByTagName(s)[0];\n        if (d.getElementById(id)) {return;}\n        js = d.createElement(s); js.id = id;\n        js.src = \"http:\/\/connect.facebook.net\/hu_HU\/sdk.js\";\n        fjs.parentNode.insertBefore(js, fjs);\n    }(document, \"script\", \"facebook-jssdk\"));\n<\/script><br \/>\n<br \/>[ad_2]<br \/>\n<br \/><a href=\"https:\/\/www.vg.hu\/penzugy\/hitel\/mar-tobb-mint-ketezren-igenyeltek-az-autovasarlasi-tamogatast-1611734\/\">Source link <\/a><\/p>\n","protected":false},"excerpt":{"rendered":"<p>[ad_1] M\u00e1r t\u00f6bb mint k\u00e9tezren ny\u00fajtottak be k\u00e9relmet cs\u00fct\u00f6rt\u00f6k d\u00e9lig a nagycsal\u00e1dosok aut\u00f3v\u00e1s\u00e1rl\u00e1si t\u00e1mogat\u00e1s\u00e1val kapcsolatban \u2013 k\u00f6z\u00f6lte az Emberi Er\u0151forr\u00e1sok Miniszt\u00e9rium\u00e1nak csal\u00e1d- \u00e9s ifj\u00fas\u00e1g\u00fcgy\u00e9rt felel\u0151s \u00e1llamtitk\u00e1ra cs\u00fct\u00f6rt\u00f6k\u00f6n. Nov\u00e1k Katalin elmondta, a legfeljebb 2,5 milli\u00f3 forintos aut\u00f3v\u00e1s\u00e1rl\u00e1si t\u00e1mogat\u00e1st az \u00e1llamkincst\u00e1rn\u00e1l lehet ig\u00e9nyelni, az \u00fcgyint\u00e9z\u00e9s pedig elektronikus is megt\u00f6rt\u00e9nhet. A k\u00e9relmek jelent\u0151s r\u00e9sze is elektronikusan \u00e9rkezik be, [&hellip;]<\/p>\n","protected":false},"author":2,"featured_media":5404,"comment_status":"open","ping_status":"open","sticky":false,"template":"","format":"standard","meta":{"footnotes":""},"categories":[1],"tags":[],"class_list":["post-5403","post","type-post","status-publish","format-standard","has-post-thumbnail","hentry","category-penzugyi-hirek"],"yoast_head":"<!-- This site is optimized with the Yoast SEO plugin v27.4 - https:\/\/yoast.com\/product\/yoast-seo-wordpress\/ -->\n<title>M\u00e1r t\u00f6bb mint k\u00e9tezren ig\u00e9nyelt\u00e9k az aut\u00f3v\u00e1s\u00e1rl\u00e1si t\u00e1mogat\u00e1st - Super News<\/title>\n<meta name=\"robots\" content=\"index, follow, max-snippet:-1, max-image-preview:large, max-video-preview:-1\" \/>\n<link rel=\"canonical\" href=\"https:\/\/super-news.info\/hu\/mar-tobb-mint-ketezren-igenyeltek-az-autovasarlasi-tamogatast\/\" \/>\n<meta property=\"og:locale\" content=\"hu_HU\" \/>\n<meta property=\"og:type\" content=\"article\" \/>\n<meta property=\"og:title\" content=\"M\u00e1r t\u00f6bb mint k\u00e9tezren ig\u00e9nyelt\u00e9k az aut\u00f3v\u00e1s\u00e1rl\u00e1si t\u00e1mogat\u00e1st - Super News\" \/>\n<meta property=\"og:description\" content=\"[ad_1] M\u00e1r t\u00f6bb mint k\u00e9tezren ny\u00fajtottak be k\u00e9relmet cs\u00fct\u00f6rt\u00f6k d\u00e9lig a nagycsal\u00e1dosok aut\u00f3v\u00e1s\u00e1rl\u00e1si t\u00e1mogat\u00e1s\u00e1val kapcsolatban \u2013 k\u00f6z\u00f6lte az Emberi Er\u0151forr\u00e1sok Miniszt\u00e9rium\u00e1nak csal\u00e1d- \u00e9s ifj\u00fas\u00e1g\u00fcgy\u00e9rt felel\u0151s \u00e1llamtitk\u00e1ra cs\u00fct\u00f6rt\u00f6k\u00f6n. Nov\u00e1k Katalin elmondta, a legfeljebb 2,5 milli\u00f3 forintos aut\u00f3v\u00e1s\u00e1rl\u00e1si t\u00e1mogat\u00e1st az \u00e1llamkincst\u00e1rn\u00e1l lehet ig\u00e9nyelni, az \u00fcgyint\u00e9z\u00e9s pedig elektronikus is megt\u00f6rt\u00e9nhet. A k\u00e9relmek jelent\u0151s r\u00e9sze is elektronikusan \u00e9rkezik be, [&hellip;]\" \/>\n<meta property=\"og:url\" content=\"https:\/\/super-news.info\/hu\/mar-tobb-mint-ketezren-igenyeltek-az-autovasarlasi-tamogatast\/\" \/>\n<meta property=\"og:site_name\" content=\"Super News\" \/>\n<meta property=\"article:published_time\" content=\"2019-07-04T16:52:39+00:00\" \/>\n<meta property=\"article:modified_time\" content=\"2019-07-04T16:52:40+00:00\" \/>\n<meta property=\"og:image\" content=\"https:\/\/super-news.info\/hu\/wp-content\/uploads\/sites\/3\/2019\/07\/M\u00e1r-t\u00f6bb-mint-k\u00e9tezren-ig\u00e9nyelt\u00e9k-az-aut\u00f3v\u00e1s\u00e1rl\u00e1si-t\u00e1mogat\u00e1st.jpg\" \/>\n\t<meta property=\"og:image:width\" content=\"1400\" \/>\n\t<meta property=\"og:image:height\" content=\"932\" \/>\n\t<meta property=\"og:image:type\" content=\"image\/jpeg\" \/>\n<meta name=\"author\" content=\"super-news\" \/>\n<meta name=\"twitter:card\" content=\"summary_large_image\" \/>\n<meta name=\"twitter:label1\" content=\"Szerz\u0151:\" \/>\n\t<meta name=\"twitter:data1\" content=\"super-news\" \/>\n\t<meta name=\"twitter:label2\" content=\"Becs\u00fclt olvas\u00e1si id\u0151\" \/>\n\t<meta name=\"twitter:data2\" content=\"3 perc\" \/>\n<script type=\"application\/ld+json\" class=\"yoast-schema-graph\">{\"@context\":\"https:\\\/\\\/schema.org\",\"@graph\":[{\"@type\":\"Article\",\"@id\":\"https:\\\/\\\/super-news.info\\\/hu\\\/mar-tobb-mint-ketezren-igenyeltek-az-autovasarlasi-tamogatast\\\/#article\",\"isPartOf\":{\"@id\":\"https:\\\/\\\/super-news.info\\\/hu\\\/mar-tobb-mint-ketezren-igenyeltek-az-autovasarlasi-tamogatast\\\/\"},\"author\":{\"name\":\"super-news\",\"@id\":\"https:\\\/\\\/super-news.info\\\/hu\\\/#\\\/schema\\\/person\\\/2d4068cb2f39cd10008c2fce578a7356\"},\"headline\":\"M\u00e1r t\u00f6bb mint k\u00e9tezren ig\u00e9nyelt\u00e9k az aut\u00f3v\u00e1s\u00e1rl\u00e1si t\u00e1mogat\u00e1st\",\"datePublished\":\"2019-07-04T16:52:39+00:00\",\"dateModified\":\"2019-07-04T16:52:40+00:00\",\"mainEntityOfPage\":{\"@id\":\"https:\\\/\\\/super-news.info\\\/hu\\\/mar-tobb-mint-ketezren-igenyeltek-az-autovasarlasi-tamogatast\\\/\"},\"wordCount\":649,\"commentCount\":0,\"image\":{\"@id\":\"https:\\\/\\\/super-news.info\\\/hu\\\/mar-tobb-mint-ketezren-igenyeltek-az-autovasarlasi-tamogatast\\\/#primaryimage\"},\"thumbnailUrl\":\"https:\\\/\\\/super-news.info\\\/hu\\\/wp-content\\\/uploads\\\/sites\\\/3\\\/2019\\\/07\\\/M\u00e1r-t\u00f6bb-mint-k\u00e9tezren-ig\u00e9nyelt\u00e9k-az-aut\u00f3v\u00e1s\u00e1rl\u00e1si-t\u00e1mogat\u00e1st.jpg\",\"articleSection\":[\"P\u00c9NZ\u00dcGYI H\u00cdREK\"],\"inLanguage\":\"hu\",\"potentialAction\":[{\"@type\":\"CommentAction\",\"name\":\"Comment\",\"target\":[\"https:\\\/\\\/super-news.info\\\/hu\\\/mar-tobb-mint-ketezren-igenyeltek-az-autovasarlasi-tamogatast\\\/#respond\"]}]},{\"@type\":\"WebPage\",\"@id\":\"https:\\\/\\\/super-news.info\\\/hu\\\/mar-tobb-mint-ketezren-igenyeltek-az-autovasarlasi-tamogatast\\\/\",\"url\":\"https:\\\/\\\/super-news.info\\\/hu\\\/mar-tobb-mint-ketezren-igenyeltek-az-autovasarlasi-tamogatast\\\/\",\"name\":\"M\u00e1r t\u00f6bb mint k\u00e9tezren ig\u00e9nyelt\u00e9k az aut\u00f3v\u00e1s\u00e1rl\u00e1si t\u00e1mogat\u00e1st - Super News\",\"isPartOf\":{\"@id\":\"https:\\\/\\\/super-news.info\\\/hu\\\/#website\"},\"primaryImageOfPage\":{\"@id\":\"https:\\\/\\\/super-news.info\\\/hu\\\/mar-tobb-mint-ketezren-igenyeltek-az-autovasarlasi-tamogatast\\\/#primaryimage\"},\"image\":{\"@id\":\"https:\\\/\\\/super-news.info\\\/hu\\\/mar-tobb-mint-ketezren-igenyeltek-az-autovasarlasi-tamogatast\\\/#primaryimage\"},\"thumbnailUrl\":\"https:\\\/\\\/super-news.info\\\/hu\\\/wp-content\\\/uploads\\\/sites\\\/3\\\/2019\\\/07\\\/M\u00e1r-t\u00f6bb-mint-k\u00e9tezren-ig\u00e9nyelt\u00e9k-az-aut\u00f3v\u00e1s\u00e1rl\u00e1si-t\u00e1mogat\u00e1st.jpg\",\"datePublished\":\"2019-07-04T16:52:39+00:00\",\"dateModified\":\"2019-07-04T16:52:40+00:00\",\"author\":{\"@id\":\"https:\\\/\\\/super-news.info\\\/hu\\\/#\\\/schema\\\/person\\\/2d4068cb2f39cd10008c2fce578a7356\"},\"breadcrumb\":{\"@id\":\"https:\\\/\\\/super-news.info\\\/hu\\\/mar-tobb-mint-ketezren-igenyeltek-az-autovasarlasi-tamogatast\\\/#breadcrumb\"},\"inLanguage\":\"hu\",\"potentialAction\":[{\"@type\":\"ReadAction\",\"target\":[\"https:\\\/\\\/super-news.info\\\/hu\\\/mar-tobb-mint-ketezren-igenyeltek-az-autovasarlasi-tamogatast\\\/\"]}]},{\"@type\":\"ImageObject\",\"inLanguage\":\"hu\",\"@id\":\"https:\\\/\\\/super-news.info\\\/hu\\\/mar-tobb-mint-ketezren-igenyeltek-az-autovasarlasi-tamogatast\\\/#primaryimage\",\"url\":\"https:\\\/\\\/super-news.info\\\/hu\\\/wp-content\\\/uploads\\\/sites\\\/3\\\/2019\\\/07\\\/M\u00e1r-t\u00f6bb-mint-k\u00e9tezren-ig\u00e9nyelt\u00e9k-az-aut\u00f3v\u00e1s\u00e1rl\u00e1si-t\u00e1mogat\u00e1st.jpg\",\"contentUrl\":\"https:\\\/\\\/super-news.info\\\/hu\\\/wp-content\\\/uploads\\\/sites\\\/3\\\/2019\\\/07\\\/M\u00e1r-t\u00f6bb-mint-k\u00e9tezren-ig\u00e9nyelt\u00e9k-az-aut\u00f3v\u00e1s\u00e1rl\u00e1si-t\u00e1mogat\u00e1st.jpg\",\"width\":1400,\"height\":932,\"caption\":\"M\u00e1r t\u00f6bb mint k\u00e9tezren ig\u00e9nyelt\u00e9k az aut\u00f3v\u00e1s\u00e1rl\u00e1si t\u00e1mogat\u00e1st\"},{\"@type\":\"BreadcrumbList\",\"@id\":\"https:\\\/\\\/super-news.info\\\/hu\\\/mar-tobb-mint-ketezren-igenyeltek-az-autovasarlasi-tamogatast\\\/#breadcrumb\",\"itemListElement\":[{\"@type\":\"ListItem\",\"position\":1,\"name\":\"\u0413\u043b\u0430\u0432\u043d\u0430\u044f \u0441\u0442\u0440\u0430\u043d\u0438\u0446\u0430\",\"item\":\"https:\\\/\\\/super-news.info\\\/hu\\\/\"},{\"@type\":\"ListItem\",\"position\":2,\"name\":\"M\u00e1r t\u00f6bb mint k\u00e9tezren ig\u00e9nyelt\u00e9k az aut\u00f3v\u00e1s\u00e1rl\u00e1si t\u00e1mogat\u00e1st\"}]},{\"@type\":\"WebSite\",\"@id\":\"https:\\\/\\\/super-news.info\\\/hu\\\/#website\",\"url\":\"https:\\\/\\\/super-news.info\\\/hu\\\/\",\"name\":\"Super News\",\"description\":\"Super News Magyarorsz\u00e1g\",\"potentialAction\":[{\"@type\":\"SearchAction\",\"target\":{\"@type\":\"EntryPoint\",\"urlTemplate\":\"https:\\\/\\\/super-news.info\\\/hu\\\/?s={search_term_string}\"},\"query-input\":{\"@type\":\"PropertyValueSpecification\",\"valueRequired\":true,\"valueName\":\"search_term_string\"}}],\"inLanguage\":\"hu\"},{\"@type\":\"Person\",\"@id\":\"https:\\\/\\\/super-news.info\\\/hu\\\/#\\\/schema\\\/person\\\/2d4068cb2f39cd10008c2fce578a7356\",\"name\":\"super-news\",\"image\":{\"@type\":\"ImageObject\",\"inLanguage\":\"hu\",\"@id\":\"https:\\\/\\\/secure.gravatar.com\\\/avatar\\\/64ebac40b93f26a154f8a9b5b6fdccfc46f442b26b3dd6756dbff3bf9dc76fd7?s=96&d=mm&r=g\",\"url\":\"https:\\\/\\\/secure.gravatar.com\\\/avatar\\\/64ebac40b93f26a154f8a9b5b6fdccfc46f442b26b3dd6756dbff3bf9dc76fd7?s=96&d=mm&r=g\",\"contentUrl\":\"https:\\\/\\\/secure.gravatar.com\\\/avatar\\\/64ebac40b93f26a154f8a9b5b6fdccfc46f442b26b3dd6756dbff3bf9dc76fd7?s=96&d=mm&r=g\",\"caption\":\"super-news\"},\"url\":\"https:\\\/\\\/super-news.info\\\/hu\\\/author\\\/pt\\\/\"}]}<\/script>\n<!-- \/ Yoast SEO plugin. -->","yoast_head_json":{"title":"M\u00e1r t\u00f6bb mint k\u00e9tezren ig\u00e9nyelt\u00e9k az aut\u00f3v\u00e1s\u00e1rl\u00e1si t\u00e1mogat\u00e1st - Super News","robots":{"index":"index","follow":"follow","max-snippet":"max-snippet:-1","max-image-preview":"max-image-preview:large","max-video-preview":"max-video-preview:-1"},"canonical":"https:\/\/super-news.info\/hu\/mar-tobb-mint-ketezren-igenyeltek-az-autovasarlasi-tamogatast\/","og_locale":"hu_HU","og_type":"article","og_title":"M\u00e1r t\u00f6bb mint k\u00e9tezren ig\u00e9nyelt\u00e9k az aut\u00f3v\u00e1s\u00e1rl\u00e1si t\u00e1mogat\u00e1st - Super News","og_description":"[ad_1] M\u00e1r t\u00f6bb mint k\u00e9tezren ny\u00fajtottak be k\u00e9relmet cs\u00fct\u00f6rt\u00f6k d\u00e9lig a nagycsal\u00e1dosok aut\u00f3v\u00e1s\u00e1rl\u00e1si t\u00e1mogat\u00e1s\u00e1val kapcsolatban \u2013 k\u00f6z\u00f6lte az Emberi Er\u0151forr\u00e1sok Miniszt\u00e9rium\u00e1nak csal\u00e1d- \u00e9s ifj\u00fas\u00e1g\u00fcgy\u00e9rt felel\u0151s \u00e1llamtitk\u00e1ra cs\u00fct\u00f6rt\u00f6k\u00f6n. Nov\u00e1k Katalin elmondta, a legfeljebb 2,5 milli\u00f3 forintos aut\u00f3v\u00e1s\u00e1rl\u00e1si t\u00e1mogat\u00e1st az \u00e1llamkincst\u00e1rn\u00e1l lehet ig\u00e9nyelni, az \u00fcgyint\u00e9z\u00e9s pedig elektronikus is megt\u00f6rt\u00e9nhet. A k\u00e9relmek jelent\u0151s r\u00e9sze is elektronikusan \u00e9rkezik be, [&hellip;]","og_url":"https:\/\/super-news.info\/hu\/mar-tobb-mint-ketezren-igenyeltek-az-autovasarlasi-tamogatast\/","og_site_name":"Super News","article_published_time":"2019-07-04T16:52:39+00:00","article_modified_time":"2019-07-04T16:52:40+00:00","og_image":[{"width":1400,"height":932,"url":"https:\/\/super-news.info\/hu\/wp-content\/uploads\/sites\/3\/2019\/07\/M\u00e1r-t\u00f6bb-mint-k\u00e9tezren-ig\u00e9nyelt\u00e9k-az-aut\u00f3v\u00e1s\u00e1rl\u00e1si-t\u00e1mogat\u00e1st.jpg","type":"image\/jpeg"}],"author":"super-news","twitter_card":"summary_large_image","twitter_misc":{"Szerz\u0151:":"super-news","Becs\u00fclt olvas\u00e1si id\u0151":"3 perc"},"schema":{"@context":"https:\/\/schema.org","@graph":[{"@type":"Article","@id":"https:\/\/super-news.info\/hu\/mar-tobb-mint-ketezren-igenyeltek-az-autovasarlasi-tamogatast\/#article","isPartOf":{"@id":"https:\/\/super-news.info\/hu\/mar-tobb-mint-ketezren-igenyeltek-az-autovasarlasi-tamogatast\/"},"author":{"name":"super-news","@id":"https:\/\/super-news.info\/hu\/#\/schema\/person\/2d4068cb2f39cd10008c2fce578a7356"},"headline":"M\u00e1r t\u00f6bb mint k\u00e9tezren ig\u00e9nyelt\u00e9k az aut\u00f3v\u00e1s\u00e1rl\u00e1si t\u00e1mogat\u00e1st","datePublished":"2019-07-04T16:52:39+00:00","dateModified":"2019-07-04T16:52:40+00:00","mainEntityOfPage":{"@id":"https:\/\/super-news.info\/hu\/mar-tobb-mint-ketezren-igenyeltek-az-autovasarlasi-tamogatast\/"},"wordCount":649,"commentCount":0,"image":{"@id":"https:\/\/super-news.info\/hu\/mar-tobb-mint-ketezren-igenyeltek-az-autovasarlasi-tamogatast\/#primaryimage"},"thumbnailUrl":"https:\/\/super-news.info\/hu\/wp-content\/uploads\/sites\/3\/2019\/07\/M\u00e1r-t\u00f6bb-mint-k\u00e9tezren-ig\u00e9nyelt\u00e9k-az-aut\u00f3v\u00e1s\u00e1rl\u00e1si-t\u00e1mogat\u00e1st.jpg","articleSection":["P\u00c9NZ\u00dcGYI H\u00cdREK"],"inLanguage":"hu","potentialAction":[{"@type":"CommentAction","name":"Comment","target":["https:\/\/super-news.info\/hu\/mar-tobb-mint-ketezren-igenyeltek-az-autovasarlasi-tamogatast\/#respond"]}]},{"@type":"WebPage","@id":"https:\/\/super-news.info\/hu\/mar-tobb-mint-ketezren-igenyeltek-az-autovasarlasi-tamogatast\/","url":"https:\/\/super-news.info\/hu\/mar-tobb-mint-ketezren-igenyeltek-az-autovasarlasi-tamogatast\/","name":"M\u00e1r t\u00f6bb mint k\u00e9tezren ig\u00e9nyelt\u00e9k az aut\u00f3v\u00e1s\u00e1rl\u00e1si t\u00e1mogat\u00e1st - Super News","isPartOf":{"@id":"https:\/\/super-news.info\/hu\/#website"},"primaryImageOfPage":{"@id":"https:\/\/super-news.info\/hu\/mar-tobb-mint-ketezren-igenyeltek-az-autovasarlasi-tamogatast\/#primaryimage"},"image":{"@id":"https:\/\/super-news.info\/hu\/mar-tobb-mint-ketezren-igenyeltek-az-autovasarlasi-tamogatast\/#primaryimage"},"thumbnailUrl":"https:\/\/super-news.info\/hu\/wp-content\/uploads\/sites\/3\/2019\/07\/M\u00e1r-t\u00f6bb-mint-k\u00e9tezren-ig\u00e9nyelt\u00e9k-az-aut\u00f3v\u00e1s\u00e1rl\u00e1si-t\u00e1mogat\u00e1st.jpg","datePublished":"2019-07-04T16:52:39+00:00","dateModified":"2019-07-04T16:52:40+00:00","author":{"@id":"https:\/\/super-news.info\/hu\/#\/schema\/person\/2d4068cb2f39cd10008c2fce578a7356"},"breadcrumb":{"@id":"https:\/\/super-news.info\/hu\/mar-tobb-mint-ketezren-igenyeltek-az-autovasarlasi-tamogatast\/#breadcrumb"},"inLanguage":"hu","potentialAction":[{"@type":"ReadAction","target":["https:\/\/super-news.info\/hu\/mar-tobb-mint-ketezren-igenyeltek-az-autovasarlasi-tamogatast\/"]}]},{"@type":"ImageObject","inLanguage":"hu","@id":"https:\/\/super-news.info\/hu\/mar-tobb-mint-ketezren-igenyeltek-az-autovasarlasi-tamogatast\/#primaryimage","url":"https:\/\/super-news.info\/hu\/wp-content\/uploads\/sites\/3\/2019\/07\/M\u00e1r-t\u00f6bb-mint-k\u00e9tezren-ig\u00e9nyelt\u00e9k-az-aut\u00f3v\u00e1s\u00e1rl\u00e1si-t\u00e1mogat\u00e1st.jpg","contentUrl":"https:\/\/super-news.info\/hu\/wp-content\/uploads\/sites\/3\/2019\/07\/M\u00e1r-t\u00f6bb-mint-k\u00e9tezren-ig\u00e9nyelt\u00e9k-az-aut\u00f3v\u00e1s\u00e1rl\u00e1si-t\u00e1mogat\u00e1st.jpg","width":1400,"height":932,"caption":"M\u00e1r t\u00f6bb mint k\u00e9tezren ig\u00e9nyelt\u00e9k az aut\u00f3v\u00e1s\u00e1rl\u00e1si t\u00e1mogat\u00e1st"},{"@type":"BreadcrumbList","@id":"https:\/\/super-news.info\/hu\/mar-tobb-mint-ketezren-igenyeltek-az-autovasarlasi-tamogatast\/#breadcrumb","itemListElement":[{"@type":"ListItem","position":1,"name":"\u0413\u043b\u0430\u0432\u043d\u0430\u044f \u0441\u0442\u0440\u0430\u043d\u0438\u0446\u0430","item":"https:\/\/super-news.info\/hu\/"},{"@type":"ListItem","position":2,"name":"M\u00e1r t\u00f6bb mint k\u00e9tezren ig\u00e9nyelt\u00e9k az aut\u00f3v\u00e1s\u00e1rl\u00e1si t\u00e1mogat\u00e1st"}]},{"@type":"WebSite","@id":"https:\/\/super-news.info\/hu\/#website","url":"https:\/\/super-news.info\/hu\/","name":"Super News","description":"Super News Magyarorsz\u00e1g","potentialAction":[{"@type":"SearchAction","target":{"@type":"EntryPoint","urlTemplate":"https:\/\/super-news.info\/hu\/?s={search_term_string}"},"query-input":{"@type":"PropertyValueSpecification","valueRequired":true,"valueName":"search_term_string"}}],"inLanguage":"hu"},{"@type":"Person","@id":"https:\/\/super-news.info\/hu\/#\/schema\/person\/2d4068cb2f39cd10008c2fce578a7356","name":"super-news","image":{"@type":"ImageObject","inLanguage":"hu","@id":"https:\/\/secure.gravatar.com\/avatar\/64ebac40b93f26a154f8a9b5b6fdccfc46f442b26b3dd6756dbff3bf9dc76fd7?s=96&d=mm&r=g","url":"https:\/\/secure.gravatar.com\/avatar\/64ebac40b93f26a154f8a9b5b6fdccfc46f442b26b3dd6756dbff3bf9dc76fd7?s=96&d=mm&r=g","contentUrl":"https:\/\/secure.gravatar.com\/avatar\/64ebac40b93f26a154f8a9b5b6fdccfc46f442b26b3dd6756dbff3bf9dc76fd7?s=96&d=mm&r=g","caption":"super-news"},"url":"https:\/\/super-news.info\/hu\/author\/pt\/"}]}},"_links":{"self":[{"href":"https:\/\/super-news.info\/hu\/wp-json\/wp\/v2\/posts\/5403","targetHints":{"allow":["GET"]}}],"collection":[{"href":"https:\/\/super-news.info\/hu\/wp-json\/wp\/v2\/posts"}],"about":[{"href":"https:\/\/super-news.info\/hu\/wp-json\/wp\/v2\/types\/post"}],"author":[{"embeddable":true,"href":"https:\/\/super-news.info\/hu\/wp-json\/wp\/v2\/users\/2"}],"replies":[{"embeddable":true,"href":"https:\/\/super-news.info\/hu\/wp-json\/wp\/v2\/comments?post=5403"}],"version-history":[{"count":1,"href":"https:\/\/super-news.info\/hu\/wp-json\/wp\/v2\/posts\/5403\/revisions"}],"predecessor-version":[{"id":5405,"href":"https:\/\/super-news.info\/hu\/wp-json\/wp\/v2\/posts\/5403\/revisions\/5405"}],"wp:featuredmedia":[{"embeddable":true,"href":"https:\/\/super-news.info\/hu\/wp-json\/wp\/v2\/media\/5404"}],"wp:attachment":[{"href":"https:\/\/super-news.info\/hu\/wp-json\/wp\/v2\/media?parent=5403"}],"wp:term":[{"taxonomy":"category","embeddable":true,"href":"https:\/\/super-news.info\/hu\/wp-json\/wp\/v2\/categories?post=5403"},{"taxonomy":"post_tag","embeddable":true,"href":"https:\/\/super-news.info\/hu\/wp-json\/wp\/v2\/tags?post=5403"}],"curies":[{"name":"wp","href":"https:\/\/api.w.org\/{rel}","templated":true}]}}