{"id":5398,"date":"2019-07-04T18:02:44","date_gmt":"2019-07-04T15:02:44","guid":{"rendered":"https:\/\/super-news.info\/hu\/uj-vezetot-neveztek-ki-a-talentis-agro-elere\/"},"modified":"2019-07-04T18:02:45","modified_gmt":"2019-07-04T15:02:45","slug":"uj-vezetot-neveztek-ki-a-talentis-agro-elere","status":"publish","type":"post","link":"https:\/\/super-news.info\/hu\/uj-vezetot-neveztek-ki-a-talentis-agro-elere\/","title":{"rendered":"\u00daj vezet\u0151t neveztek ki a Talentis Agro \u00e9l\u00e9re"},"content":{"rendered":"<p> [ad_1]<br \/>\n<\/p>\n<p>\n\t\t\t\t\t\t\t\tAz agr\u00e1rium egyik legbefoly\u00e1sosabb menedzser\u00e9t nevezt\u00e9k ki strat\u00e9giai vez\u00e9rigazgat\u00f3nak a Talentis Agro Holding \u00e9l\u00e9re\t\t\t\t\t\t\t<\/p>\n<div>\n<p>A Talentis Agro Holding n\u00f6veked\u00e9si terveinek megval\u00f3s\u00edt\u00e1s\u00e1t Makai Szabolcs seg\u00edti strat\u00e9giai vez\u00e9rigazgat\u00f3k\u00e9nt j\u00falius 1-j\u00e9t\u0151l. A tavasszal megfogalmazott mez\u0151gazdas\u00e1gi fejleszt\u00e9sek \u00e9s az \u00e9lelmiszeripari portf\u00f3li\u00f3 b\u0151v\u00edt\u00e9se a strat\u00e9giai fontoss\u00e1g\u00fa tervek k\u00f6z\u00f6tt szerepel, ezek kidolgoz\u00e1sa \u00e9s megval\u00f3s\u00edt\u00e1sa m\u00e1r az \u00fajonnan kinevezett vez\u00e9rigazgat\u00f3 feladatai k\u00f6z\u00e9 tartozik \u2013 k\u00f6z\u00f6lte cs\u00fct\u00f6rt\u00f6k\u00f6n a t\u00e1rsas\u00e1g.<\/p>\n<p>Makai Szabolcs agr\u00e1rk\u00f6zgazd\u00e1szk\u00e9nt \u00e9s marketing szakemberk\u00e9nt diplom\u00e1zott, az elm\u00falt k\u00f6zel h\u00fasz \u00e9vben az amerikai multinacion\u00e1lis v\u00e1llalatn\u00e1l, a Cargill-n\u00e1l t\u00f6lt\u00f6tt be k\u00fcl\u00f6nb\u00f6z\u0151 vezet\u0151 poz\u00edci\u00f3kat. Kezdetben a takarm\u00e1nyoz\u00e1si \u00fczlet\u00e1gat, majd a gabona, olajos magvak \u00e9s input div\u00edzi\u00f3 magyar \u00e9s szlov\u00e1k \u00fczlet\u00e9t vezette. Tagja volt a Cargill minneapolisi glob\u00e1lis strat\u00e9giai csapat\u00e1nak, 2017-t\u0151l pedig az eur\u00f3pai menedzsmentben monogasztrikus kereskedelmi igazgat\u00f3k\u00e9nt \u00e9s a Cargill Magyarorsz\u00e1g Zrt. eln\u00f6k-vez\u00e9rigazgat\u00f3jak\u00e9nt dolgozott.<\/p>\n<p>Makai Szabolcs a Talentis Agro Zrt. vezet\u00e9s\u00e9ben 2019. j\u00falius 1-j\u00e9t\u0151l osztja meg a vez\u00e9rigazgat\u00f3i feladatokat dr. Cs\u00e1k Gyul\u00e1val, aki az operat\u00edv feladatok\u00e9rt felel a j\u00f6v\u0151ben.<\/p>\n<p>B\u00e1r a strat\u00e9giai munka \u00e9ppen csak elkezd\u0151d\u00f6tt, Makai Szabolcs a f\u0151 fejleszt\u00e9sek, a holding tervezett n\u00f6veked\u00e9s\u00e9nek lehet\u0151s\u00e9g\u00e9t \u201ea hat\u00e9konys\u00e1gn\u00f6vel\u00e9sben, a szervezett gazd\u00e1lkod\u00e1sban, a mez\u0151gazdas\u00e1gi \u00e1gazat prec\u00edzi\u00f3s n\u00f6v\u00e9nytermeszt\u00e9s fel\u00e9 val\u00f3 elmozd\u00edt\u00e1s\u00e1ban \u00e9s a tejtermel\u00e9s fokoz\u00e1s\u00e1ban, valamint a biztons\u00e1gos \u00e9lelmiszerek \u00e9s \u00e9lelmiszeripari alapanyagok el\u0151\u00e1ll\u00edt\u00e1s\u00e1ban\u201d l\u00e1tja.<\/p>\n<blockquote>\n<p>A Talentis Agro Holding valamennyi le\u00e1nyv\u00e1llalat\u00e1nak integr\u00e1l\u00e1sa lezajlott, a k\u00f6z\u00f6s tervez\u00e9s \u00e9s a munka elkezd\u0151d\u00f6tt, amelyhez elengedhetetlen\u00fcl sz\u00fcks\u00e9gesnek l\u00e1tom a megfelel\u0151 szakember-ut\u00e1np\u00f3tl\u00e1s megszervez\u00e9s\u00e9t is<\/p>\n<\/blockquote>\n<p>\u2013 id\u00e9zi a k\u00f6zlem\u00e9ny a strat\u00e9giai vez\u00e9rigazgat\u00f3t.<\/p>\n<\/p><\/div>\n<p><script>\n    window.fbAsyncInit = function() {\n        FB.init({\n            appId      : \"204760236815359\",\n            xfbml      : true,\n            version    : \"v2.12\"\n        });\n        FB.AppEvents.logPageView();\n    };<\/p>\n<p>    (function(d, s, id){\n        var js, fjs = d.getElementsByTagName(s)[0];\n        if (d.getElementById(id)) {return;}\n        js = d.createElement(s); js.id = id;\n        js.src = \"http:\/\/connect.facebook.net\/hu_HU\/sdk.js\";\n        fjs.parentNode.insertBefore(js, fjs);\n    }(document, \"script\", \"facebook-jssdk\"));\n<\/script><br \/>\n<br \/>[ad_2]<br \/>\n<br \/><a href=\"https:\/\/www.vg.hu\/vallalatok\/mezogazdasag\/uj-vezetot-neveztek-ki-a-talentis-agro-elere-1611056\/\">Source link <\/a><\/p>\n","protected":false},"excerpt":{"rendered":"<p>[ad_1] Az agr\u00e1rium egyik legbefoly\u00e1sosabb menedzser\u00e9t nevezt\u00e9k ki strat\u00e9giai vez\u00e9rigazgat\u00f3nak a Talentis Agro Holding \u00e9l\u00e9re A Talentis Agro Holding n\u00f6veked\u00e9si terveinek megval\u00f3s\u00edt\u00e1s\u00e1t Makai Szabolcs seg\u00edti strat\u00e9giai vez\u00e9rigazgat\u00f3k\u00e9nt j\u00falius 1-j\u00e9t\u0151l. A tavasszal megfogalmazott mez\u0151gazdas\u00e1gi fejleszt\u00e9sek \u00e9s az \u00e9lelmiszeripari portf\u00f3li\u00f3 b\u0151v\u00edt\u00e9se a strat\u00e9giai fontoss\u00e1g\u00fa tervek k\u00f6z\u00f6tt szerepel, ezek kidolgoz\u00e1sa \u00e9s megval\u00f3s\u00edt\u00e1sa m\u00e1r az \u00fajonnan kinevezett vez\u00e9rigazgat\u00f3 feladatai [&hellip;]<\/p>\n","protected":false},"author":2,"featured_media":300,"comment_status":"open","ping_status":"open","sticky":false,"template":"","format":"standard","meta":{"footnotes":""},"categories":[1],"tags":[],"class_list":["post-5398","post","type-post","status-publish","format-standard","has-post-thumbnail","hentry","category-penzugyi-hirek"],"yoast_head":"<!-- This site is optimized with the Yoast SEO plugin v27.4 - https:\/\/yoast.com\/product\/yoast-seo-wordpress\/ -->\n<title>\u00daj vezet\u0151t neveztek ki a Talentis Agro \u00e9l\u00e9re - Super News<\/title>\n<meta name=\"robots\" content=\"index, follow, max-snippet:-1, max-image-preview:large, max-video-preview:-1\" \/>\n<link rel=\"canonical\" href=\"https:\/\/super-news.info\/hu\/uj-vezetot-neveztek-ki-a-talentis-agro-elere\/\" \/>\n<meta property=\"og:locale\" content=\"hu_HU\" \/>\n<meta property=\"og:type\" content=\"article\" \/>\n<meta property=\"og:title\" content=\"\u00daj vezet\u0151t neveztek ki a Talentis Agro \u00e9l\u00e9re - Super News\" \/>\n<meta property=\"og:description\" content=\"[ad_1] Az agr\u00e1rium egyik legbefoly\u00e1sosabb menedzser\u00e9t nevezt\u00e9k ki strat\u00e9giai vez\u00e9rigazgat\u00f3nak a Talentis Agro Holding \u00e9l\u00e9re A Talentis Agro Holding n\u00f6veked\u00e9si terveinek megval\u00f3s\u00edt\u00e1s\u00e1t Makai Szabolcs seg\u00edti strat\u00e9giai vez\u00e9rigazgat\u00f3k\u00e9nt j\u00falius 1-j\u00e9t\u0151l. A tavasszal megfogalmazott mez\u0151gazdas\u00e1gi fejleszt\u00e9sek \u00e9s az \u00e9lelmiszeripari portf\u00f3li\u00f3 b\u0151v\u00edt\u00e9se a strat\u00e9giai fontoss\u00e1g\u00fa tervek k\u00f6z\u00f6tt szerepel, ezek kidolgoz\u00e1sa \u00e9s megval\u00f3s\u00edt\u00e1sa m\u00e1r az \u00fajonnan kinevezett vez\u00e9rigazgat\u00f3 feladatai [&hellip;]\" \/>\n<meta property=\"og:url\" content=\"https:\/\/super-news.info\/hu\/uj-vezetot-neveztek-ki-a-talentis-agro-elere\/\" \/>\n<meta property=\"og:site_name\" content=\"Super News\" \/>\n<meta property=\"article:published_time\" content=\"2019-07-04T15:02:44+00:00\" \/>\n<meta property=\"article:modified_time\" content=\"2019-07-04T15:02:45+00:00\" \/>\n<meta property=\"og:image\" content=\"https:\/\/super-news.info\/hu\/wp-content\/uploads\/sites\/3\/2019\/04\/V\u00e1ltoz\u00f3-k\u00e9pet-mutat-az-eur\u00f3pai-keresked\u00e9s.png\" \/>\n\t<meta property=\"og:image:width\" content=\"1400\" \/>\n\t<meta property=\"og:image:height\" content=\"900\" \/>\n\t<meta property=\"og:image:type\" content=\"image\/png\" \/>\n<meta name=\"author\" content=\"super-news\" \/>\n<meta name=\"twitter:card\" content=\"summary_large_image\" \/>\n<meta name=\"twitter:label1\" content=\"Szerz\u0151:\" \/>\n\t<meta name=\"twitter:data1\" content=\"super-news\" \/>\n\t<meta name=\"twitter:label2\" content=\"Becs\u00fclt olvas\u00e1si id\u0151\" \/>\n\t<meta name=\"twitter:data2\" content=\"2 perc\" \/>\n<script type=\"application\/ld+json\" class=\"yoast-schema-graph\">{\"@context\":\"https:\\\/\\\/schema.org\",\"@graph\":[{\"@type\":\"Article\",\"@id\":\"https:\\\/\\\/super-news.info\\\/hu\\\/uj-vezetot-neveztek-ki-a-talentis-agro-elere\\\/#article\",\"isPartOf\":{\"@id\":\"https:\\\/\\\/super-news.info\\\/hu\\\/uj-vezetot-neveztek-ki-a-talentis-agro-elere\\\/\"},\"author\":{\"name\":\"super-news\",\"@id\":\"https:\\\/\\\/super-news.info\\\/hu\\\/#\\\/schema\\\/person\\\/2d4068cb2f39cd10008c2fce578a7356\"},\"headline\":\"\u00daj vezet\u0151t neveztek ki a Talentis Agro \u00e9l\u00e9re\",\"datePublished\":\"2019-07-04T15:02:44+00:00\",\"dateModified\":\"2019-07-04T15:02:45+00:00\",\"mainEntityOfPage\":{\"@id\":\"https:\\\/\\\/super-news.info\\\/hu\\\/uj-vezetot-neveztek-ki-a-talentis-agro-elere\\\/\"},\"wordCount\":394,\"commentCount\":0,\"image\":{\"@id\":\"https:\\\/\\\/super-news.info\\\/hu\\\/uj-vezetot-neveztek-ki-a-talentis-agro-elere\\\/#primaryimage\"},\"thumbnailUrl\":\"https:\\\/\\\/super-news.info\\\/hu\\\/wp-content\\\/uploads\\\/sites\\\/3\\\/2019\\\/04\\\/V\u00e1ltoz\u00f3-k\u00e9pet-mutat-az-eur\u00f3pai-keresked\u00e9s.png\",\"articleSection\":[\"P\u00c9NZ\u00dcGYI H\u00cdREK\"],\"inLanguage\":\"hu\",\"potentialAction\":[{\"@type\":\"CommentAction\",\"name\":\"Comment\",\"target\":[\"https:\\\/\\\/super-news.info\\\/hu\\\/uj-vezetot-neveztek-ki-a-talentis-agro-elere\\\/#respond\"]}]},{\"@type\":\"WebPage\",\"@id\":\"https:\\\/\\\/super-news.info\\\/hu\\\/uj-vezetot-neveztek-ki-a-talentis-agro-elere\\\/\",\"url\":\"https:\\\/\\\/super-news.info\\\/hu\\\/uj-vezetot-neveztek-ki-a-talentis-agro-elere\\\/\",\"name\":\"\u00daj vezet\u0151t neveztek ki a Talentis Agro \u00e9l\u00e9re - Super News\",\"isPartOf\":{\"@id\":\"https:\\\/\\\/super-news.info\\\/hu\\\/#website\"},\"primaryImageOfPage\":{\"@id\":\"https:\\\/\\\/super-news.info\\\/hu\\\/uj-vezetot-neveztek-ki-a-talentis-agro-elere\\\/#primaryimage\"},\"image\":{\"@id\":\"https:\\\/\\\/super-news.info\\\/hu\\\/uj-vezetot-neveztek-ki-a-talentis-agro-elere\\\/#primaryimage\"},\"thumbnailUrl\":\"https:\\\/\\\/super-news.info\\\/hu\\\/wp-content\\\/uploads\\\/sites\\\/3\\\/2019\\\/04\\\/V\u00e1ltoz\u00f3-k\u00e9pet-mutat-az-eur\u00f3pai-keresked\u00e9s.png\",\"datePublished\":\"2019-07-04T15:02:44+00:00\",\"dateModified\":\"2019-07-04T15:02:45+00:00\",\"author\":{\"@id\":\"https:\\\/\\\/super-news.info\\\/hu\\\/#\\\/schema\\\/person\\\/2d4068cb2f39cd10008c2fce578a7356\"},\"breadcrumb\":{\"@id\":\"https:\\\/\\\/super-news.info\\\/hu\\\/uj-vezetot-neveztek-ki-a-talentis-agro-elere\\\/#breadcrumb\"},\"inLanguage\":\"hu\",\"potentialAction\":[{\"@type\":\"ReadAction\",\"target\":[\"https:\\\/\\\/super-news.info\\\/hu\\\/uj-vezetot-neveztek-ki-a-talentis-agro-elere\\\/\"]}]},{\"@type\":\"ImageObject\",\"inLanguage\":\"hu\",\"@id\":\"https:\\\/\\\/super-news.info\\\/hu\\\/uj-vezetot-neveztek-ki-a-talentis-agro-elere\\\/#primaryimage\",\"url\":\"https:\\\/\\\/super-news.info\\\/hu\\\/wp-content\\\/uploads\\\/sites\\\/3\\\/2019\\\/04\\\/V\u00e1ltoz\u00f3-k\u00e9pet-mutat-az-eur\u00f3pai-keresked\u00e9s.png\",\"contentUrl\":\"https:\\\/\\\/super-news.info\\\/hu\\\/wp-content\\\/uploads\\\/sites\\\/3\\\/2019\\\/04\\\/V\u00e1ltoz\u00f3-k\u00e9pet-mutat-az-eur\u00f3pai-keresked\u00e9s.png\",\"width\":1400,\"height\":900,\"caption\":\"V\u00e1ltoz\u00f3 k\u00e9pet mutat az eur\u00f3pai keresked\u00e9s\"},{\"@type\":\"BreadcrumbList\",\"@id\":\"https:\\\/\\\/super-news.info\\\/hu\\\/uj-vezetot-neveztek-ki-a-talentis-agro-elere\\\/#breadcrumb\",\"itemListElement\":[{\"@type\":\"ListItem\",\"position\":1,\"name\":\"\u0413\u043b\u0430\u0432\u043d\u0430\u044f \u0441\u0442\u0440\u0430\u043d\u0438\u0446\u0430\",\"item\":\"https:\\\/\\\/super-news.info\\\/hu\\\/\"},{\"@type\":\"ListItem\",\"position\":2,\"name\":\"\u00daj vezet\u0151t neveztek ki a Talentis Agro \u00e9l\u00e9re\"}]},{\"@type\":\"WebSite\",\"@id\":\"https:\\\/\\\/super-news.info\\\/hu\\\/#website\",\"url\":\"https:\\\/\\\/super-news.info\\\/hu\\\/\",\"name\":\"Super News\",\"description\":\"Super News Magyarorsz\u00e1g\",\"potentialAction\":[{\"@type\":\"SearchAction\",\"target\":{\"@type\":\"EntryPoint\",\"urlTemplate\":\"https:\\\/\\\/super-news.info\\\/hu\\\/?s={search_term_string}\"},\"query-input\":{\"@type\":\"PropertyValueSpecification\",\"valueRequired\":true,\"valueName\":\"search_term_string\"}}],\"inLanguage\":\"hu\"},{\"@type\":\"Person\",\"@id\":\"https:\\\/\\\/super-news.info\\\/hu\\\/#\\\/schema\\\/person\\\/2d4068cb2f39cd10008c2fce578a7356\",\"name\":\"super-news\",\"image\":{\"@type\":\"ImageObject\",\"inLanguage\":\"hu\",\"@id\":\"https:\\\/\\\/secure.gravatar.com\\\/avatar\\\/64ebac40b93f26a154f8a9b5b6fdccfc46f442b26b3dd6756dbff3bf9dc76fd7?s=96&d=mm&r=g\",\"url\":\"https:\\\/\\\/secure.gravatar.com\\\/avatar\\\/64ebac40b93f26a154f8a9b5b6fdccfc46f442b26b3dd6756dbff3bf9dc76fd7?s=96&d=mm&r=g\",\"contentUrl\":\"https:\\\/\\\/secure.gravatar.com\\\/avatar\\\/64ebac40b93f26a154f8a9b5b6fdccfc46f442b26b3dd6756dbff3bf9dc76fd7?s=96&d=mm&r=g\",\"caption\":\"super-news\"},\"url\":\"https:\\\/\\\/super-news.info\\\/hu\\\/author\\\/pt\\\/\"}]}<\/script>\n<!-- \/ Yoast SEO plugin. -->","yoast_head_json":{"title":"\u00daj vezet\u0151t neveztek ki a Talentis Agro \u00e9l\u00e9re - Super News","robots":{"index":"index","follow":"follow","max-snippet":"max-snippet:-1","max-image-preview":"max-image-preview:large","max-video-preview":"max-video-preview:-1"},"canonical":"https:\/\/super-news.info\/hu\/uj-vezetot-neveztek-ki-a-talentis-agro-elere\/","og_locale":"hu_HU","og_type":"article","og_title":"\u00daj vezet\u0151t neveztek ki a Talentis Agro \u00e9l\u00e9re - Super News","og_description":"[ad_1] Az agr\u00e1rium egyik legbefoly\u00e1sosabb menedzser\u00e9t nevezt\u00e9k ki strat\u00e9giai vez\u00e9rigazgat\u00f3nak a Talentis Agro Holding \u00e9l\u00e9re A Talentis Agro Holding n\u00f6veked\u00e9si terveinek megval\u00f3s\u00edt\u00e1s\u00e1t Makai Szabolcs seg\u00edti strat\u00e9giai vez\u00e9rigazgat\u00f3k\u00e9nt j\u00falius 1-j\u00e9t\u0151l. A tavasszal megfogalmazott mez\u0151gazdas\u00e1gi fejleszt\u00e9sek \u00e9s az \u00e9lelmiszeripari portf\u00f3li\u00f3 b\u0151v\u00edt\u00e9se a strat\u00e9giai fontoss\u00e1g\u00fa tervek k\u00f6z\u00f6tt szerepel, ezek kidolgoz\u00e1sa \u00e9s megval\u00f3s\u00edt\u00e1sa m\u00e1r az \u00fajonnan kinevezett vez\u00e9rigazgat\u00f3 feladatai [&hellip;]","og_url":"https:\/\/super-news.info\/hu\/uj-vezetot-neveztek-ki-a-talentis-agro-elere\/","og_site_name":"Super News","article_published_time":"2019-07-04T15:02:44+00:00","article_modified_time":"2019-07-04T15:02:45+00:00","og_image":[{"width":1400,"height":900,"url":"https:\/\/super-news.info\/hu\/wp-content\/uploads\/sites\/3\/2019\/04\/V\u00e1ltoz\u00f3-k\u00e9pet-mutat-az-eur\u00f3pai-keresked\u00e9s.png","type":"image\/png"}],"author":"super-news","twitter_card":"summary_large_image","twitter_misc":{"Szerz\u0151:":"super-news","Becs\u00fclt olvas\u00e1si id\u0151":"2 perc"},"schema":{"@context":"https:\/\/schema.org","@graph":[{"@type":"Article","@id":"https:\/\/super-news.info\/hu\/uj-vezetot-neveztek-ki-a-talentis-agro-elere\/#article","isPartOf":{"@id":"https:\/\/super-news.info\/hu\/uj-vezetot-neveztek-ki-a-talentis-agro-elere\/"},"author":{"name":"super-news","@id":"https:\/\/super-news.info\/hu\/#\/schema\/person\/2d4068cb2f39cd10008c2fce578a7356"},"headline":"\u00daj vezet\u0151t neveztek ki a Talentis Agro \u00e9l\u00e9re","datePublished":"2019-07-04T15:02:44+00:00","dateModified":"2019-07-04T15:02:45+00:00","mainEntityOfPage":{"@id":"https:\/\/super-news.info\/hu\/uj-vezetot-neveztek-ki-a-talentis-agro-elere\/"},"wordCount":394,"commentCount":0,"image":{"@id":"https:\/\/super-news.info\/hu\/uj-vezetot-neveztek-ki-a-talentis-agro-elere\/#primaryimage"},"thumbnailUrl":"https:\/\/super-news.info\/hu\/wp-content\/uploads\/sites\/3\/2019\/04\/V\u00e1ltoz\u00f3-k\u00e9pet-mutat-az-eur\u00f3pai-keresked\u00e9s.png","articleSection":["P\u00c9NZ\u00dcGYI H\u00cdREK"],"inLanguage":"hu","potentialAction":[{"@type":"CommentAction","name":"Comment","target":["https:\/\/super-news.info\/hu\/uj-vezetot-neveztek-ki-a-talentis-agro-elere\/#respond"]}]},{"@type":"WebPage","@id":"https:\/\/super-news.info\/hu\/uj-vezetot-neveztek-ki-a-talentis-agro-elere\/","url":"https:\/\/super-news.info\/hu\/uj-vezetot-neveztek-ki-a-talentis-agro-elere\/","name":"\u00daj vezet\u0151t neveztek ki a Talentis Agro \u00e9l\u00e9re - Super News","isPartOf":{"@id":"https:\/\/super-news.info\/hu\/#website"},"primaryImageOfPage":{"@id":"https:\/\/super-news.info\/hu\/uj-vezetot-neveztek-ki-a-talentis-agro-elere\/#primaryimage"},"image":{"@id":"https:\/\/super-news.info\/hu\/uj-vezetot-neveztek-ki-a-talentis-agro-elere\/#primaryimage"},"thumbnailUrl":"https:\/\/super-news.info\/hu\/wp-content\/uploads\/sites\/3\/2019\/04\/V\u00e1ltoz\u00f3-k\u00e9pet-mutat-az-eur\u00f3pai-keresked\u00e9s.png","datePublished":"2019-07-04T15:02:44+00:00","dateModified":"2019-07-04T15:02:45+00:00","author":{"@id":"https:\/\/super-news.info\/hu\/#\/schema\/person\/2d4068cb2f39cd10008c2fce578a7356"},"breadcrumb":{"@id":"https:\/\/super-news.info\/hu\/uj-vezetot-neveztek-ki-a-talentis-agro-elere\/#breadcrumb"},"inLanguage":"hu","potentialAction":[{"@type":"ReadAction","target":["https:\/\/super-news.info\/hu\/uj-vezetot-neveztek-ki-a-talentis-agro-elere\/"]}]},{"@type":"ImageObject","inLanguage":"hu","@id":"https:\/\/super-news.info\/hu\/uj-vezetot-neveztek-ki-a-talentis-agro-elere\/#primaryimage","url":"https:\/\/super-news.info\/hu\/wp-content\/uploads\/sites\/3\/2019\/04\/V\u00e1ltoz\u00f3-k\u00e9pet-mutat-az-eur\u00f3pai-keresked\u00e9s.png","contentUrl":"https:\/\/super-news.info\/hu\/wp-content\/uploads\/sites\/3\/2019\/04\/V\u00e1ltoz\u00f3-k\u00e9pet-mutat-az-eur\u00f3pai-keresked\u00e9s.png","width":1400,"height":900,"caption":"V\u00e1ltoz\u00f3 k\u00e9pet mutat az eur\u00f3pai keresked\u00e9s"},{"@type":"BreadcrumbList","@id":"https:\/\/super-news.info\/hu\/uj-vezetot-neveztek-ki-a-talentis-agro-elere\/#breadcrumb","itemListElement":[{"@type":"ListItem","position":1,"name":"\u0413\u043b\u0430\u0432\u043d\u0430\u044f \u0441\u0442\u0440\u0430\u043d\u0438\u0446\u0430","item":"https:\/\/super-news.info\/hu\/"},{"@type":"ListItem","position":2,"name":"\u00daj vezet\u0151t neveztek ki a Talentis Agro \u00e9l\u00e9re"}]},{"@type":"WebSite","@id":"https:\/\/super-news.info\/hu\/#website","url":"https:\/\/super-news.info\/hu\/","name":"Super News","description":"Super News Magyarorsz\u00e1g","potentialAction":[{"@type":"SearchAction","target":{"@type":"EntryPoint","urlTemplate":"https:\/\/super-news.info\/hu\/?s={search_term_string}"},"query-input":{"@type":"PropertyValueSpecification","valueRequired":true,"valueName":"search_term_string"}}],"inLanguage":"hu"},{"@type":"Person","@id":"https:\/\/super-news.info\/hu\/#\/schema\/person\/2d4068cb2f39cd10008c2fce578a7356","name":"super-news","image":{"@type":"ImageObject","inLanguage":"hu","@id":"https:\/\/secure.gravatar.com\/avatar\/64ebac40b93f26a154f8a9b5b6fdccfc46f442b26b3dd6756dbff3bf9dc76fd7?s=96&d=mm&r=g","url":"https:\/\/secure.gravatar.com\/avatar\/64ebac40b93f26a154f8a9b5b6fdccfc46f442b26b3dd6756dbff3bf9dc76fd7?s=96&d=mm&r=g","contentUrl":"https:\/\/secure.gravatar.com\/avatar\/64ebac40b93f26a154f8a9b5b6fdccfc46f442b26b3dd6756dbff3bf9dc76fd7?s=96&d=mm&r=g","caption":"super-news"},"url":"https:\/\/super-news.info\/hu\/author\/pt\/"}]}},"_links":{"self":[{"href":"https:\/\/super-news.info\/hu\/wp-json\/wp\/v2\/posts\/5398","targetHints":{"allow":["GET"]}}],"collection":[{"href":"https:\/\/super-news.info\/hu\/wp-json\/wp\/v2\/posts"}],"about":[{"href":"https:\/\/super-news.info\/hu\/wp-json\/wp\/v2\/types\/post"}],"author":[{"embeddable":true,"href":"https:\/\/super-news.info\/hu\/wp-json\/wp\/v2\/users\/2"}],"replies":[{"embeddable":true,"href":"https:\/\/super-news.info\/hu\/wp-json\/wp\/v2\/comments?post=5398"}],"version-history":[{"count":1,"href":"https:\/\/super-news.info\/hu\/wp-json\/wp\/v2\/posts\/5398\/revisions"}],"predecessor-version":[{"id":5399,"href":"https:\/\/super-news.info\/hu\/wp-json\/wp\/v2\/posts\/5398\/revisions\/5399"}],"wp:featuredmedia":[{"embeddable":true,"href":"https:\/\/super-news.info\/hu\/wp-json\/wp\/v2\/media\/300"}],"wp:attachment":[{"href":"https:\/\/super-news.info\/hu\/wp-json\/wp\/v2\/media?parent=5398"}],"wp:term":[{"taxonomy":"category","embeddable":true,"href":"https:\/\/super-news.info\/hu\/wp-json\/wp\/v2\/categories?post=5398"},{"taxonomy":"post_tag","embeddable":true,"href":"https:\/\/super-news.info\/hu\/wp-json\/wp\/v2\/tags?post=5398"}],"curies":[{"name":"wp","href":"https:\/\/api.w.org\/{rel}","templated":true}]}}