{"id":5395,"date":"2019-07-04T17:11:03","date_gmt":"2019-07-04T14:11:03","guid":{"rendered":"https:\/\/super-news.info\/hu\/nott-a-mav-balatoni-utasforgalma\/"},"modified":"2019-07-04T17:11:04","modified_gmt":"2019-07-04T14:11:04","slug":"nott-a-mav-balatoni-utasforgalma","status":"publish","type":"post","link":"https:\/\/super-news.info\/hu\/nott-a-mav-balatoni-utasforgalma\/","title":{"rendered":"N\u0151tt a M\u00c1V balatoni utasforgalma"},"content":{"rendered":"<p> [ad_1]<br \/>\n<\/p>\n<p>\n\t\t\t\t\t\t\t\tA ny\u00e1ri szezon els\u0151 16 napj\u00e1n tavalyhoz k\u00e9pest 13 sz\u00e1zal\u00e9kkal t\u00f6bben, \u00f6sszesen 260 ezren utaztak a magyar tengerhez vonattal. \t\t\t\t\t\t\t<\/p>\n<div>\n<p>A vas\u00fatt\u00e1rsas\u00e1g adatai alapj\u00e1n a Balaton menti telep\u00fcl\u00e9sek k\u00f6z\u00f6tt kevesen utaztak, a vonatjegyek t\u00falnyom\u00f3r\u00e9szt az \u00e1lland\u00f3 lakhely \u00e9s a t\u00f3 k\u00f6z\u00f6tti \u00fatra sz\u00f3ltak. A j\u00fanius 15-i szezonkezdet \u00f3ta a p\u00e9nzt\u00e1ri jegyv\u00e1lt\u00e1s 58 sz\u00e1zal\u00e9kot, az online 23 sz\u00e1zal\u00e9kot, az automat\u00e1s 11 sz\u00e1zal\u00e9kot, a fed\u00e9lzeti 8 sz\u00e1zal\u00e9kot tett ki. A k\u00f6zlem\u00e9ny szerint j\u00f3l kezdtek az id\u00e9n bevezetett \u00e9tkez\u0151kocsik, a napi 8 p\u00e1r expressz szerelv\u00e9nyen t\u00f6bb mint 3200 vend\u00e9get szolg\u00e1ltak ki j\u00fanius m\u00e1sodik fel\u00e9ben.<\/p>\n<div id=\"attachment_1565288\" style=\"width: 1410px\" class=\"wp-caption alignnone\">\n<p class=\"wp-caption-text\">Fot\u00f3: VG<\/p>\n<\/div>\n<p>A M\u00c1V a tavalyi ny\u00e1r adatai alapj\u00e1n sikeresnek \u00edt\u00e9li az elm\u00falt \u00e9vek p\u00e1lya- \u00e9s j\u00e1rm\u0171fejleszt\u00e9seit, valamint az \u00e9rt\u00e9kes\u00edt\u00e9si \u00fajdons\u00e1gokat, a k\u00f6vetkez\u0151 hetekben pedig a forgalom tov\u00e1bbi emelked\u00e9s\u00e9re sz\u00e1m\u00edt. Egyes balatoni vas\u00fat\u00e1llom\u00e1sok utasforgalma ak\u00e1r meg is t\u00edzszerez\u0151dhet nyaranta. Tavaly Si\u00f3fok p\u00e1lyaudvara volt a legforgalmasabb, de n\u00e9pszer\u0171 volt Fony\u00f3d, Zam\u00e1rdi, Balatonf\u00fcred, Balatonlelle \u00e9s Keszthely is. Az utaskomfort emel\u00e9se \u00e9rdek\u00e9ben j\u00falius 1-j\u00e9t\u0151l plusz egy InterCity-kocsi is k\u00f6zlekedik a Balaton expressz j\u00e1ratain \u2013 olvashat\u00f3 a k\u00f6zlem\u00e9nyben.<\/p>\n<\/p><\/div>\n<p><script>\n    window.fbAsyncInit = function() {\n        FB.init({\n            appId      : \"204760236815359\",\n            xfbml      : true,\n            version    : \"v2.12\"\n        });\n        FB.AppEvents.logPageView();\n    };<\/p>\n<p>    (function(d, s, id){\n        var js, fjs = d.getElementsByTagName(s)[0];\n        if (d.getElementById(id)) {return;}\n        js = d.createElement(s); js.id = id;\n        js.src = \"http:\/\/connect.facebook.net\/hu_HU\/sdk.js\";\n        fjs.parentNode.insertBefore(js, fjs);\n    }(document, \"script\", \"facebook-jssdk\"));\n<\/script><br \/>\n<br \/>[ad_2]<br \/>\n<br \/><a href=\"https:\/\/www.vg.hu\/vallalatok\/kozlekedes\/nott-a-mav-balatoni-utasforgalma-1610108\/\">Source link <\/a><\/p>\n","protected":false},"excerpt":{"rendered":"<p>[ad_1] A ny\u00e1ri szezon els\u0151 16 napj\u00e1n tavalyhoz k\u00e9pest 13 sz\u00e1zal\u00e9kkal t\u00f6bben, \u00f6sszesen 260 ezren utaztak a magyar tengerhez vonattal. A vas\u00fatt\u00e1rsas\u00e1g adatai alapj\u00e1n a Balaton menti telep\u00fcl\u00e9sek k\u00f6z\u00f6tt kevesen utaztak, a vonatjegyek t\u00falnyom\u00f3r\u00e9szt az \u00e1lland\u00f3 lakhely \u00e9s a t\u00f3 k\u00f6z\u00f6tti \u00fatra sz\u00f3ltak. A j\u00fanius 15-i szezonkezdet \u00f3ta a p\u00e9nzt\u00e1ri jegyv\u00e1lt\u00e1s 58 sz\u00e1zal\u00e9kot, az online [&hellip;]<\/p>\n","protected":false},"author":2,"featured_media":5396,"comment_status":"open","ping_status":"open","sticky":false,"template":"","format":"standard","meta":{"footnotes":""},"categories":[1],"tags":[],"class_list":["post-5395","post","type-post","status-publish","format-standard","has-post-thumbnail","hentry","category-penzugyi-hirek"],"yoast_head":"<!-- This site is optimized with the Yoast SEO plugin v27.4 - https:\/\/yoast.com\/product\/yoast-seo-wordpress\/ -->\n<title>N\u0151tt a M\u00c1V balatoni utasforgalma - Super News<\/title>\n<meta name=\"robots\" content=\"index, follow, max-snippet:-1, max-image-preview:large, max-video-preview:-1\" \/>\n<link rel=\"canonical\" href=\"https:\/\/super-news.info\/hu\/nott-a-mav-balatoni-utasforgalma\/\" \/>\n<meta property=\"og:locale\" content=\"hu_HU\" \/>\n<meta property=\"og:type\" content=\"article\" \/>\n<meta property=\"og:title\" content=\"N\u0151tt a M\u00c1V balatoni utasforgalma - Super News\" \/>\n<meta property=\"og:description\" content=\"[ad_1] A ny\u00e1ri szezon els\u0151 16 napj\u00e1n tavalyhoz k\u00e9pest 13 sz\u00e1zal\u00e9kkal t\u00f6bben, \u00f6sszesen 260 ezren utaztak a magyar tengerhez vonattal. A vas\u00fatt\u00e1rsas\u00e1g adatai alapj\u00e1n a Balaton menti telep\u00fcl\u00e9sek k\u00f6z\u00f6tt kevesen utaztak, a vonatjegyek t\u00falnyom\u00f3r\u00e9szt az \u00e1lland\u00f3 lakhely \u00e9s a t\u00f3 k\u00f6z\u00f6tti \u00fatra sz\u00f3ltak. A j\u00fanius 15-i szezonkezdet \u00f3ta a p\u00e9nzt\u00e1ri jegyv\u00e1lt\u00e1s 58 sz\u00e1zal\u00e9kot, az online [&hellip;]\" \/>\n<meta property=\"og:url\" content=\"https:\/\/super-news.info\/hu\/nott-a-mav-balatoni-utasforgalma\/\" \/>\n<meta property=\"og:site_name\" content=\"Super News\" \/>\n<meta property=\"article:published_time\" content=\"2019-07-04T14:11:03+00:00\" \/>\n<meta property=\"article:modified_time\" content=\"2019-07-04T14:11:04+00:00\" \/>\n<meta property=\"og:image\" content=\"https:\/\/super-news.info\/hu\/wp-content\/uploads\/sites\/3\/2019\/07\/N\u0151tt-a-M\u00c1V-balatoni-utasforgalma.jpg\" \/>\n\t<meta property=\"og:image:width\" content=\"1400\" \/>\n\t<meta property=\"og:image:height\" content=\"1050\" \/>\n\t<meta property=\"og:image:type\" content=\"image\/jpeg\" \/>\n<meta name=\"author\" content=\"super-news\" \/>\n<meta name=\"twitter:card\" content=\"summary_large_image\" \/>\n<meta name=\"twitter:label1\" content=\"Szerz\u0151:\" \/>\n\t<meta name=\"twitter:data1\" content=\"super-news\" \/>\n\t<meta name=\"twitter:label2\" content=\"Becs\u00fclt olvas\u00e1si id\u0151\" \/>\n\t<meta name=\"twitter:data2\" content=\"1 perc\" \/>\n<script type=\"application\/ld+json\" class=\"yoast-schema-graph\">{\"@context\":\"https:\\\/\\\/schema.org\",\"@graph\":[{\"@type\":\"Article\",\"@id\":\"https:\\\/\\\/super-news.info\\\/hu\\\/nott-a-mav-balatoni-utasforgalma\\\/#article\",\"isPartOf\":{\"@id\":\"https:\\\/\\\/super-news.info\\\/hu\\\/nott-a-mav-balatoni-utasforgalma\\\/\"},\"author\":{\"name\":\"super-news\",\"@id\":\"https:\\\/\\\/super-news.info\\\/hu\\\/#\\\/schema\\\/person\\\/2d4068cb2f39cd10008c2fce578a7356\"},\"headline\":\"N\u0151tt a M\u00c1V balatoni utasforgalma\",\"datePublished\":\"2019-07-04T14:11:03+00:00\",\"dateModified\":\"2019-07-04T14:11:04+00:00\",\"mainEntityOfPage\":{\"@id\":\"https:\\\/\\\/super-news.info\\\/hu\\\/nott-a-mav-balatoni-utasforgalma\\\/\"},\"wordCount\":253,\"commentCount\":0,\"image\":{\"@id\":\"https:\\\/\\\/super-news.info\\\/hu\\\/nott-a-mav-balatoni-utasforgalma\\\/#primaryimage\"},\"thumbnailUrl\":\"https:\\\/\\\/super-news.info\\\/hu\\\/wp-content\\\/uploads\\\/sites\\\/3\\\/2019\\\/07\\\/N\u0151tt-a-M\u00c1V-balatoni-utasforgalma.jpg\",\"articleSection\":[\"P\u00c9NZ\u00dcGYI H\u00cdREK\"],\"inLanguage\":\"hu\",\"potentialAction\":[{\"@type\":\"CommentAction\",\"name\":\"Comment\",\"target\":[\"https:\\\/\\\/super-news.info\\\/hu\\\/nott-a-mav-balatoni-utasforgalma\\\/#respond\"]}]},{\"@type\":\"WebPage\",\"@id\":\"https:\\\/\\\/super-news.info\\\/hu\\\/nott-a-mav-balatoni-utasforgalma\\\/\",\"url\":\"https:\\\/\\\/super-news.info\\\/hu\\\/nott-a-mav-balatoni-utasforgalma\\\/\",\"name\":\"N\u0151tt a M\u00c1V balatoni utasforgalma - Super News\",\"isPartOf\":{\"@id\":\"https:\\\/\\\/super-news.info\\\/hu\\\/#website\"},\"primaryImageOfPage\":{\"@id\":\"https:\\\/\\\/super-news.info\\\/hu\\\/nott-a-mav-balatoni-utasforgalma\\\/#primaryimage\"},\"image\":{\"@id\":\"https:\\\/\\\/super-news.info\\\/hu\\\/nott-a-mav-balatoni-utasforgalma\\\/#primaryimage\"},\"thumbnailUrl\":\"https:\\\/\\\/super-news.info\\\/hu\\\/wp-content\\\/uploads\\\/sites\\\/3\\\/2019\\\/07\\\/N\u0151tt-a-M\u00c1V-balatoni-utasforgalma.jpg\",\"datePublished\":\"2019-07-04T14:11:03+00:00\",\"dateModified\":\"2019-07-04T14:11:04+00:00\",\"author\":{\"@id\":\"https:\\\/\\\/super-news.info\\\/hu\\\/#\\\/schema\\\/person\\\/2d4068cb2f39cd10008c2fce578a7356\"},\"breadcrumb\":{\"@id\":\"https:\\\/\\\/super-news.info\\\/hu\\\/nott-a-mav-balatoni-utasforgalma\\\/#breadcrumb\"},\"inLanguage\":\"hu\",\"potentialAction\":[{\"@type\":\"ReadAction\",\"target\":[\"https:\\\/\\\/super-news.info\\\/hu\\\/nott-a-mav-balatoni-utasforgalma\\\/\"]}]},{\"@type\":\"ImageObject\",\"inLanguage\":\"hu\",\"@id\":\"https:\\\/\\\/super-news.info\\\/hu\\\/nott-a-mav-balatoni-utasforgalma\\\/#primaryimage\",\"url\":\"https:\\\/\\\/super-news.info\\\/hu\\\/wp-content\\\/uploads\\\/sites\\\/3\\\/2019\\\/07\\\/N\u0151tt-a-M\u00c1V-balatoni-utasforgalma.jpg\",\"contentUrl\":\"https:\\\/\\\/super-news.info\\\/hu\\\/wp-content\\\/uploads\\\/sites\\\/3\\\/2019\\\/07\\\/N\u0151tt-a-M\u00c1V-balatoni-utasforgalma.jpg\",\"width\":1400,\"height\":1050,\"caption\":\"N\u0151tt a M\u00c1V balatoni utasforgalma\"},{\"@type\":\"BreadcrumbList\",\"@id\":\"https:\\\/\\\/super-news.info\\\/hu\\\/nott-a-mav-balatoni-utasforgalma\\\/#breadcrumb\",\"itemListElement\":[{\"@type\":\"ListItem\",\"position\":1,\"name\":\"\u0413\u043b\u0430\u0432\u043d\u0430\u044f \u0441\u0442\u0440\u0430\u043d\u0438\u0446\u0430\",\"item\":\"https:\\\/\\\/super-news.info\\\/hu\\\/\"},{\"@type\":\"ListItem\",\"position\":2,\"name\":\"N\u0151tt a M\u00c1V balatoni utasforgalma\"}]},{\"@type\":\"WebSite\",\"@id\":\"https:\\\/\\\/super-news.info\\\/hu\\\/#website\",\"url\":\"https:\\\/\\\/super-news.info\\\/hu\\\/\",\"name\":\"Super News\",\"description\":\"Super News Magyarorsz\u00e1g\",\"potentialAction\":[{\"@type\":\"SearchAction\",\"target\":{\"@type\":\"EntryPoint\",\"urlTemplate\":\"https:\\\/\\\/super-news.info\\\/hu\\\/?s={search_term_string}\"},\"query-input\":{\"@type\":\"PropertyValueSpecification\",\"valueRequired\":true,\"valueName\":\"search_term_string\"}}],\"inLanguage\":\"hu\"},{\"@type\":\"Person\",\"@id\":\"https:\\\/\\\/super-news.info\\\/hu\\\/#\\\/schema\\\/person\\\/2d4068cb2f39cd10008c2fce578a7356\",\"name\":\"super-news\",\"image\":{\"@type\":\"ImageObject\",\"inLanguage\":\"hu\",\"@id\":\"https:\\\/\\\/secure.gravatar.com\\\/avatar\\\/64ebac40b93f26a154f8a9b5b6fdccfc46f442b26b3dd6756dbff3bf9dc76fd7?s=96&d=mm&r=g\",\"url\":\"https:\\\/\\\/secure.gravatar.com\\\/avatar\\\/64ebac40b93f26a154f8a9b5b6fdccfc46f442b26b3dd6756dbff3bf9dc76fd7?s=96&d=mm&r=g\",\"contentUrl\":\"https:\\\/\\\/secure.gravatar.com\\\/avatar\\\/64ebac40b93f26a154f8a9b5b6fdccfc46f442b26b3dd6756dbff3bf9dc76fd7?s=96&d=mm&r=g\",\"caption\":\"super-news\"},\"url\":\"https:\\\/\\\/super-news.info\\\/hu\\\/author\\\/pt\\\/\"}]}<\/script>\n<!-- \/ Yoast SEO plugin. -->","yoast_head_json":{"title":"N\u0151tt a M\u00c1V balatoni utasforgalma - Super News","robots":{"index":"index","follow":"follow","max-snippet":"max-snippet:-1","max-image-preview":"max-image-preview:large","max-video-preview":"max-video-preview:-1"},"canonical":"https:\/\/super-news.info\/hu\/nott-a-mav-balatoni-utasforgalma\/","og_locale":"hu_HU","og_type":"article","og_title":"N\u0151tt a M\u00c1V balatoni utasforgalma - Super News","og_description":"[ad_1] A ny\u00e1ri szezon els\u0151 16 napj\u00e1n tavalyhoz k\u00e9pest 13 sz\u00e1zal\u00e9kkal t\u00f6bben, \u00f6sszesen 260 ezren utaztak a magyar tengerhez vonattal. A vas\u00fatt\u00e1rsas\u00e1g adatai alapj\u00e1n a Balaton menti telep\u00fcl\u00e9sek k\u00f6z\u00f6tt kevesen utaztak, a vonatjegyek t\u00falnyom\u00f3r\u00e9szt az \u00e1lland\u00f3 lakhely \u00e9s a t\u00f3 k\u00f6z\u00f6tti \u00fatra sz\u00f3ltak. A j\u00fanius 15-i szezonkezdet \u00f3ta a p\u00e9nzt\u00e1ri jegyv\u00e1lt\u00e1s 58 sz\u00e1zal\u00e9kot, az online [&hellip;]","og_url":"https:\/\/super-news.info\/hu\/nott-a-mav-balatoni-utasforgalma\/","og_site_name":"Super News","article_published_time":"2019-07-04T14:11:03+00:00","article_modified_time":"2019-07-04T14:11:04+00:00","og_image":[{"width":1400,"height":1050,"url":"https:\/\/super-news.info\/hu\/wp-content\/uploads\/sites\/3\/2019\/07\/N\u0151tt-a-M\u00c1V-balatoni-utasforgalma.jpg","type":"image\/jpeg"}],"author":"super-news","twitter_card":"summary_large_image","twitter_misc":{"Szerz\u0151:":"super-news","Becs\u00fclt olvas\u00e1si id\u0151":"1 perc"},"schema":{"@context":"https:\/\/schema.org","@graph":[{"@type":"Article","@id":"https:\/\/super-news.info\/hu\/nott-a-mav-balatoni-utasforgalma\/#article","isPartOf":{"@id":"https:\/\/super-news.info\/hu\/nott-a-mav-balatoni-utasforgalma\/"},"author":{"name":"super-news","@id":"https:\/\/super-news.info\/hu\/#\/schema\/person\/2d4068cb2f39cd10008c2fce578a7356"},"headline":"N\u0151tt a M\u00c1V balatoni utasforgalma","datePublished":"2019-07-04T14:11:03+00:00","dateModified":"2019-07-04T14:11:04+00:00","mainEntityOfPage":{"@id":"https:\/\/super-news.info\/hu\/nott-a-mav-balatoni-utasforgalma\/"},"wordCount":253,"commentCount":0,"image":{"@id":"https:\/\/super-news.info\/hu\/nott-a-mav-balatoni-utasforgalma\/#primaryimage"},"thumbnailUrl":"https:\/\/super-news.info\/hu\/wp-content\/uploads\/sites\/3\/2019\/07\/N\u0151tt-a-M\u00c1V-balatoni-utasforgalma.jpg","articleSection":["P\u00c9NZ\u00dcGYI H\u00cdREK"],"inLanguage":"hu","potentialAction":[{"@type":"CommentAction","name":"Comment","target":["https:\/\/super-news.info\/hu\/nott-a-mav-balatoni-utasforgalma\/#respond"]}]},{"@type":"WebPage","@id":"https:\/\/super-news.info\/hu\/nott-a-mav-balatoni-utasforgalma\/","url":"https:\/\/super-news.info\/hu\/nott-a-mav-balatoni-utasforgalma\/","name":"N\u0151tt a M\u00c1V balatoni utasforgalma - Super News","isPartOf":{"@id":"https:\/\/super-news.info\/hu\/#website"},"primaryImageOfPage":{"@id":"https:\/\/super-news.info\/hu\/nott-a-mav-balatoni-utasforgalma\/#primaryimage"},"image":{"@id":"https:\/\/super-news.info\/hu\/nott-a-mav-balatoni-utasforgalma\/#primaryimage"},"thumbnailUrl":"https:\/\/super-news.info\/hu\/wp-content\/uploads\/sites\/3\/2019\/07\/N\u0151tt-a-M\u00c1V-balatoni-utasforgalma.jpg","datePublished":"2019-07-04T14:11:03+00:00","dateModified":"2019-07-04T14:11:04+00:00","author":{"@id":"https:\/\/super-news.info\/hu\/#\/schema\/person\/2d4068cb2f39cd10008c2fce578a7356"},"breadcrumb":{"@id":"https:\/\/super-news.info\/hu\/nott-a-mav-balatoni-utasforgalma\/#breadcrumb"},"inLanguage":"hu","potentialAction":[{"@type":"ReadAction","target":["https:\/\/super-news.info\/hu\/nott-a-mav-balatoni-utasforgalma\/"]}]},{"@type":"ImageObject","inLanguage":"hu","@id":"https:\/\/super-news.info\/hu\/nott-a-mav-balatoni-utasforgalma\/#primaryimage","url":"https:\/\/super-news.info\/hu\/wp-content\/uploads\/sites\/3\/2019\/07\/N\u0151tt-a-M\u00c1V-balatoni-utasforgalma.jpg","contentUrl":"https:\/\/super-news.info\/hu\/wp-content\/uploads\/sites\/3\/2019\/07\/N\u0151tt-a-M\u00c1V-balatoni-utasforgalma.jpg","width":1400,"height":1050,"caption":"N\u0151tt a M\u00c1V balatoni utasforgalma"},{"@type":"BreadcrumbList","@id":"https:\/\/super-news.info\/hu\/nott-a-mav-balatoni-utasforgalma\/#breadcrumb","itemListElement":[{"@type":"ListItem","position":1,"name":"\u0413\u043b\u0430\u0432\u043d\u0430\u044f \u0441\u0442\u0440\u0430\u043d\u0438\u0446\u0430","item":"https:\/\/super-news.info\/hu\/"},{"@type":"ListItem","position":2,"name":"N\u0151tt a M\u00c1V balatoni utasforgalma"}]},{"@type":"WebSite","@id":"https:\/\/super-news.info\/hu\/#website","url":"https:\/\/super-news.info\/hu\/","name":"Super News","description":"Super News Magyarorsz\u00e1g","potentialAction":[{"@type":"SearchAction","target":{"@type":"EntryPoint","urlTemplate":"https:\/\/super-news.info\/hu\/?s={search_term_string}"},"query-input":{"@type":"PropertyValueSpecification","valueRequired":true,"valueName":"search_term_string"}}],"inLanguage":"hu"},{"@type":"Person","@id":"https:\/\/super-news.info\/hu\/#\/schema\/person\/2d4068cb2f39cd10008c2fce578a7356","name":"super-news","image":{"@type":"ImageObject","inLanguage":"hu","@id":"https:\/\/secure.gravatar.com\/avatar\/64ebac40b93f26a154f8a9b5b6fdccfc46f442b26b3dd6756dbff3bf9dc76fd7?s=96&d=mm&r=g","url":"https:\/\/secure.gravatar.com\/avatar\/64ebac40b93f26a154f8a9b5b6fdccfc46f442b26b3dd6756dbff3bf9dc76fd7?s=96&d=mm&r=g","contentUrl":"https:\/\/secure.gravatar.com\/avatar\/64ebac40b93f26a154f8a9b5b6fdccfc46f442b26b3dd6756dbff3bf9dc76fd7?s=96&d=mm&r=g","caption":"super-news"},"url":"https:\/\/super-news.info\/hu\/author\/pt\/"}]}},"_links":{"self":[{"href":"https:\/\/super-news.info\/hu\/wp-json\/wp\/v2\/posts\/5395","targetHints":{"allow":["GET"]}}],"collection":[{"href":"https:\/\/super-news.info\/hu\/wp-json\/wp\/v2\/posts"}],"about":[{"href":"https:\/\/super-news.info\/hu\/wp-json\/wp\/v2\/types\/post"}],"author":[{"embeddable":true,"href":"https:\/\/super-news.info\/hu\/wp-json\/wp\/v2\/users\/2"}],"replies":[{"embeddable":true,"href":"https:\/\/super-news.info\/hu\/wp-json\/wp\/v2\/comments?post=5395"}],"version-history":[{"count":1,"href":"https:\/\/super-news.info\/hu\/wp-json\/wp\/v2\/posts\/5395\/revisions"}],"predecessor-version":[{"id":5397,"href":"https:\/\/super-news.info\/hu\/wp-json\/wp\/v2\/posts\/5395\/revisions\/5397"}],"wp:featuredmedia":[{"embeddable":true,"href":"https:\/\/super-news.info\/hu\/wp-json\/wp\/v2\/media\/5396"}],"wp:attachment":[{"href":"https:\/\/super-news.info\/hu\/wp-json\/wp\/v2\/media?parent=5395"}],"wp:term":[{"taxonomy":"category","embeddable":true,"href":"https:\/\/super-news.info\/hu\/wp-json\/wp\/v2\/categories?post=5395"},{"taxonomy":"post_tag","embeddable":true,"href":"https:\/\/super-news.info\/hu\/wp-json\/wp\/v2\/tags?post=5395"}],"curies":[{"name":"wp","href":"https:\/\/api.w.org\/{rel}","templated":true}]}}