{"id":4610,"date":"2019-06-22T14:52:05","date_gmt":"2019-06-22T11:52:05","guid":{"rendered":"https:\/\/super-news.info\/hu\/vedelmet-ker-az-ensz-a-politikai-foglyoknak-venezuelaban\/"},"modified":"2019-06-22T14:52:06","modified_gmt":"2019-06-22T11:52:06","slug":"vedelmet-ker-az-ensz-a-politikai-foglyoknak-venezuelaban","status":"publish","type":"post","link":"https:\/\/super-news.info\/hu\/vedelmet-ker-az-ensz-a-politikai-foglyoknak-venezuelaban\/","title":{"rendered":"V\u00e9delmet k\u00e9r az ENSZ a politikai foglyoknak Venezuel\u00e1ban"},"content":{"rendered":"<p> [ad_1]<br \/>\n<\/p>\n<p>\n\t\t\t\t\t\t\t\tA venezuelai politikai foglyok szabadon enged\u00e9s\u00e9t k\u00e9rte a korm\u00e1nyt\u00f3l Michelle Bachelet, az ENSZ emberi jogi f\u0151biztosa, aki k\u00f6z\u00f6lte, hogy t\u00f6bb, a belpolitikai v\u00e1ls\u00e1g enyh\u00edt\u00e9s\u00e9t c\u00e9lz\u00f3 meg\u00e1llapod\u00e1st is k\u00f6t\u00f6tt Caracasban.\t\t\t\t\t\t\t<\/p>\n<div>\n<p>Bachelet t\u00e1rgyalt az ellenz\u00e9k vezet\u0151j\u00e9vel, az elutaz\u00e1sa el\u0151tt pedig Nicol\u00e1s Maduro hivatalban l\u00e9v\u0151 venezuelai \u00e1llamf\u0151vel. Sajt\u00f3t\u00e1j\u00e9koztat\u00f3j\u00e1n azt mondta, hogy<\/p>\n<p>t\u00f6bb, az emberi jogok tiszteletben tart\u00e1s\u00e1t biztos\u00edt\u00f3 meg\u00e1llapod\u00e1st siker\u00fclt el\u00e9rni, \u00e9s megkapta a korm\u00e1ny kifejezett k\u00f6telezetts\u00e9gv\u00e1llal\u00e1s\u00e1t arra, hogy fel\u00e1ll\u00edtanak egy bizotts\u00e1got a letart\u00f3ztatottak k\u00ednz\u00e1s\u00e1nak kivizsg\u00e1l\u00e1s\u00e1ra, \u00e9s azt is megvizsg\u00e1lj\u00e1k, melyek a f\u0151 akad\u00e1lyai annak, hogy valaki tisztess\u00e9ges igazs\u00e1gszolg\u00e1ltat\u00e1si elj\u00e1r\u00e1shoz jusson.<\/p>\n<p>A biztos el\u00e9gedetts\u00e9g\u00e9t fejezte ki amiatt, hogy t\u00f6bb politikai foglyot szabadon engedtek, de azt k\u00e9rte, hogy tegy\u00e9k ezt mindenkivel, akit az\u00e9rt tart\u00f3ztattak le, mert \u201eb\u00e9k\u00e9sen gyakorolta politikai \u00e9s \u00e1llampolg\u00e1ri jogait\u201d.<\/p>\n<p>Bachelet azt m\u00e1r kor\u00e1bban k\u00f6z\u00f6lte, hogy Caracasban marad k\u00e9t megb\u00edzottja, akinek feladata az emberi jogi tan\u00e1csad\u00e1s, \u00e9s a belpolitikai helyzet figyelemmel k\u00f6vet\u00e9se lesz.<\/p>\n<\/p><\/div>\n<p><script>\n    window.fbAsyncInit = function() {\n        FB.init({\n            appId      : \"204760236815359\",\n            xfbml      : true,\n            version    : \"v2.12\"\n        });\n        FB.AppEvents.logPageView();\n    };<\/p>\n<p>    (function(d, s, id){\n        var js, fjs = d.getElementsByTagName(s)[0];\n        if (d.getElementById(id)) {return;}\n        js = d.createElement(s); js.id = id;\n        js.src = \"http:\/\/connect.facebook.net\/hu_HU\/sdk.js\";\n        fjs.parentNode.insertBefore(js, fjs);\n    }(document, \"script\", \"facebook-jssdk\"));\n<\/script><br \/>\n<br \/>[ad_2]<br \/>\n<br \/><a href=\"https:\/\/www.vg.hu\/kozelet\/kozeleti-hirek\/vedelmet-ker-az-ensz-a-politikai-foglyoknak-venezuelaban-1586318\/\">Source link <\/a><\/p>\n","protected":false},"excerpt":{"rendered":"<p>[ad_1] A venezuelai politikai foglyok szabadon enged\u00e9s\u00e9t k\u00e9rte a korm\u00e1nyt\u00f3l Michelle Bachelet, az ENSZ emberi jogi f\u0151biztosa, aki k\u00f6z\u00f6lte, hogy t\u00f6bb, a belpolitikai v\u00e1ls\u00e1g enyh\u00edt\u00e9s\u00e9t c\u00e9lz\u00f3 meg\u00e1llapod\u00e1st is k\u00f6t\u00f6tt Caracasban. Bachelet t\u00e1rgyalt az ellenz\u00e9k vezet\u0151j\u00e9vel, az elutaz\u00e1sa el\u0151tt pedig Nicol\u00e1s Maduro hivatalban l\u00e9v\u0151 venezuelai \u00e1llamf\u0151vel. Sajt\u00f3t\u00e1j\u00e9koztat\u00f3j\u00e1n azt mondta, hogy t\u00f6bb, az emberi jogok tiszteletben tart\u00e1s\u00e1t [&hellip;]<\/p>\n","protected":false},"author":2,"featured_media":300,"comment_status":"open","ping_status":"open","sticky":false,"template":"","format":"standard","meta":{"footnotes":""},"categories":[1],"tags":[],"class_list":["post-4610","post","type-post","status-publish","format-standard","has-post-thumbnail","hentry","category-penzugyi-hirek"],"yoast_head":"<!-- This site is optimized with the Yoast SEO plugin v27.4 - https:\/\/yoast.com\/product\/yoast-seo-wordpress\/ -->\n<title>V\u00e9delmet k\u00e9r az ENSZ a politikai foglyoknak Venezuel\u00e1ban - Super News<\/title>\n<meta name=\"robots\" content=\"index, follow, max-snippet:-1, max-image-preview:large, max-video-preview:-1\" \/>\n<link rel=\"canonical\" href=\"https:\/\/super-news.info\/hu\/vedelmet-ker-az-ensz-a-politikai-foglyoknak-venezuelaban\/\" \/>\n<meta property=\"og:locale\" content=\"hu_HU\" \/>\n<meta property=\"og:type\" content=\"article\" \/>\n<meta property=\"og:title\" content=\"V\u00e9delmet k\u00e9r az ENSZ a politikai foglyoknak Venezuel\u00e1ban - Super News\" \/>\n<meta property=\"og:description\" content=\"[ad_1] A venezuelai politikai foglyok szabadon enged\u00e9s\u00e9t k\u00e9rte a korm\u00e1nyt\u00f3l Michelle Bachelet, az ENSZ emberi jogi f\u0151biztosa, aki k\u00f6z\u00f6lte, hogy t\u00f6bb, a belpolitikai v\u00e1ls\u00e1g enyh\u00edt\u00e9s\u00e9t c\u00e9lz\u00f3 meg\u00e1llapod\u00e1st is k\u00f6t\u00f6tt Caracasban. Bachelet t\u00e1rgyalt az ellenz\u00e9k vezet\u0151j\u00e9vel, az elutaz\u00e1sa el\u0151tt pedig Nicol\u00e1s Maduro hivatalban l\u00e9v\u0151 venezuelai \u00e1llamf\u0151vel. Sajt\u00f3t\u00e1j\u00e9koztat\u00f3j\u00e1n azt mondta, hogy t\u00f6bb, az emberi jogok tiszteletben tart\u00e1s\u00e1t [&hellip;]\" \/>\n<meta property=\"og:url\" content=\"https:\/\/super-news.info\/hu\/vedelmet-ker-az-ensz-a-politikai-foglyoknak-venezuelaban\/\" \/>\n<meta property=\"og:site_name\" content=\"Super News\" \/>\n<meta property=\"article:published_time\" content=\"2019-06-22T11:52:05+00:00\" \/>\n<meta property=\"article:modified_time\" content=\"2019-06-22T11:52:06+00:00\" \/>\n<meta property=\"og:image\" content=\"https:\/\/super-news.info\/hu\/wp-content\/uploads\/sites\/3\/2019\/04\/V\u00e1ltoz\u00f3-k\u00e9pet-mutat-az-eur\u00f3pai-keresked\u00e9s.png\" \/>\n\t<meta property=\"og:image:width\" content=\"1400\" \/>\n\t<meta property=\"og:image:height\" content=\"900\" \/>\n\t<meta property=\"og:image:type\" content=\"image\/png\" \/>\n<meta name=\"author\" content=\"super-news\" \/>\n<meta name=\"twitter:card\" content=\"summary_large_image\" \/>\n<meta name=\"twitter:label1\" content=\"Szerz\u0151:\" \/>\n\t<meta name=\"twitter:data1\" content=\"super-news\" \/>\n\t<meta name=\"twitter:label2\" content=\"Becs\u00fclt olvas\u00e1si id\u0151\" \/>\n\t<meta name=\"twitter:data2\" content=\"1 perc\" \/>\n<script type=\"application\/ld+json\" class=\"yoast-schema-graph\">{\"@context\":\"https:\\\/\\\/schema.org\",\"@graph\":[{\"@type\":\"Article\",\"@id\":\"https:\\\/\\\/super-news.info\\\/hu\\\/vedelmet-ker-az-ensz-a-politikai-foglyoknak-venezuelaban\\\/#article\",\"isPartOf\":{\"@id\":\"https:\\\/\\\/super-news.info\\\/hu\\\/vedelmet-ker-az-ensz-a-politikai-foglyoknak-venezuelaban\\\/\"},\"author\":{\"name\":\"super-news\",\"@id\":\"https:\\\/\\\/super-news.info\\\/hu\\\/#\\\/schema\\\/person\\\/2d4068cb2f39cd10008c2fce578a7356\"},\"headline\":\"V\u00e9delmet k\u00e9r az ENSZ a politikai foglyoknak Venezuel\u00e1ban\",\"datePublished\":\"2019-06-22T11:52:05+00:00\",\"dateModified\":\"2019-06-22T11:52:06+00:00\",\"mainEntityOfPage\":{\"@id\":\"https:\\\/\\\/super-news.info\\\/hu\\\/vedelmet-ker-az-ensz-a-politikai-foglyoknak-venezuelaban\\\/\"},\"wordCount\":243,\"commentCount\":0,\"image\":{\"@id\":\"https:\\\/\\\/super-news.info\\\/hu\\\/vedelmet-ker-az-ensz-a-politikai-foglyoknak-venezuelaban\\\/#primaryimage\"},\"thumbnailUrl\":\"https:\\\/\\\/super-news.info\\\/hu\\\/wp-content\\\/uploads\\\/sites\\\/3\\\/2019\\\/04\\\/V\u00e1ltoz\u00f3-k\u00e9pet-mutat-az-eur\u00f3pai-keresked\u00e9s.png\",\"articleSection\":[\"P\u00c9NZ\u00dcGYI H\u00cdREK\"],\"inLanguage\":\"hu\",\"potentialAction\":[{\"@type\":\"CommentAction\",\"name\":\"Comment\",\"target\":[\"https:\\\/\\\/super-news.info\\\/hu\\\/vedelmet-ker-az-ensz-a-politikai-foglyoknak-venezuelaban\\\/#respond\"]}]},{\"@type\":\"WebPage\",\"@id\":\"https:\\\/\\\/super-news.info\\\/hu\\\/vedelmet-ker-az-ensz-a-politikai-foglyoknak-venezuelaban\\\/\",\"url\":\"https:\\\/\\\/super-news.info\\\/hu\\\/vedelmet-ker-az-ensz-a-politikai-foglyoknak-venezuelaban\\\/\",\"name\":\"V\u00e9delmet k\u00e9r az ENSZ a politikai foglyoknak Venezuel\u00e1ban - Super News\",\"isPartOf\":{\"@id\":\"https:\\\/\\\/super-news.info\\\/hu\\\/#website\"},\"primaryImageOfPage\":{\"@id\":\"https:\\\/\\\/super-news.info\\\/hu\\\/vedelmet-ker-az-ensz-a-politikai-foglyoknak-venezuelaban\\\/#primaryimage\"},\"image\":{\"@id\":\"https:\\\/\\\/super-news.info\\\/hu\\\/vedelmet-ker-az-ensz-a-politikai-foglyoknak-venezuelaban\\\/#primaryimage\"},\"thumbnailUrl\":\"https:\\\/\\\/super-news.info\\\/hu\\\/wp-content\\\/uploads\\\/sites\\\/3\\\/2019\\\/04\\\/V\u00e1ltoz\u00f3-k\u00e9pet-mutat-az-eur\u00f3pai-keresked\u00e9s.png\",\"datePublished\":\"2019-06-22T11:52:05+00:00\",\"dateModified\":\"2019-06-22T11:52:06+00:00\",\"author\":{\"@id\":\"https:\\\/\\\/super-news.info\\\/hu\\\/#\\\/schema\\\/person\\\/2d4068cb2f39cd10008c2fce578a7356\"},\"breadcrumb\":{\"@id\":\"https:\\\/\\\/super-news.info\\\/hu\\\/vedelmet-ker-az-ensz-a-politikai-foglyoknak-venezuelaban\\\/#breadcrumb\"},\"inLanguage\":\"hu\",\"potentialAction\":[{\"@type\":\"ReadAction\",\"target\":[\"https:\\\/\\\/super-news.info\\\/hu\\\/vedelmet-ker-az-ensz-a-politikai-foglyoknak-venezuelaban\\\/\"]}]},{\"@type\":\"ImageObject\",\"inLanguage\":\"hu\",\"@id\":\"https:\\\/\\\/super-news.info\\\/hu\\\/vedelmet-ker-az-ensz-a-politikai-foglyoknak-venezuelaban\\\/#primaryimage\",\"url\":\"https:\\\/\\\/super-news.info\\\/hu\\\/wp-content\\\/uploads\\\/sites\\\/3\\\/2019\\\/04\\\/V\u00e1ltoz\u00f3-k\u00e9pet-mutat-az-eur\u00f3pai-keresked\u00e9s.png\",\"contentUrl\":\"https:\\\/\\\/super-news.info\\\/hu\\\/wp-content\\\/uploads\\\/sites\\\/3\\\/2019\\\/04\\\/V\u00e1ltoz\u00f3-k\u00e9pet-mutat-az-eur\u00f3pai-keresked\u00e9s.png\",\"width\":1400,\"height\":900,\"caption\":\"V\u00e1ltoz\u00f3 k\u00e9pet mutat az eur\u00f3pai keresked\u00e9s\"},{\"@type\":\"BreadcrumbList\",\"@id\":\"https:\\\/\\\/super-news.info\\\/hu\\\/vedelmet-ker-az-ensz-a-politikai-foglyoknak-venezuelaban\\\/#breadcrumb\",\"itemListElement\":[{\"@type\":\"ListItem\",\"position\":1,\"name\":\"\u0413\u043b\u0430\u0432\u043d\u0430\u044f \u0441\u0442\u0440\u0430\u043d\u0438\u0446\u0430\",\"item\":\"https:\\\/\\\/super-news.info\\\/hu\\\/\"},{\"@type\":\"ListItem\",\"position\":2,\"name\":\"V\u00e9delmet k\u00e9r az ENSZ a politikai foglyoknak Venezuel\u00e1ban\"}]},{\"@type\":\"WebSite\",\"@id\":\"https:\\\/\\\/super-news.info\\\/hu\\\/#website\",\"url\":\"https:\\\/\\\/super-news.info\\\/hu\\\/\",\"name\":\"Super News\",\"description\":\"Super News Magyarorsz\u00e1g\",\"potentialAction\":[{\"@type\":\"SearchAction\",\"target\":{\"@type\":\"EntryPoint\",\"urlTemplate\":\"https:\\\/\\\/super-news.info\\\/hu\\\/?s={search_term_string}\"},\"query-input\":{\"@type\":\"PropertyValueSpecification\",\"valueRequired\":true,\"valueName\":\"search_term_string\"}}],\"inLanguage\":\"hu\"},{\"@type\":\"Person\",\"@id\":\"https:\\\/\\\/super-news.info\\\/hu\\\/#\\\/schema\\\/person\\\/2d4068cb2f39cd10008c2fce578a7356\",\"name\":\"super-news\",\"image\":{\"@type\":\"ImageObject\",\"inLanguage\":\"hu\",\"@id\":\"https:\\\/\\\/secure.gravatar.com\\\/avatar\\\/64ebac40b93f26a154f8a9b5b6fdccfc46f442b26b3dd6756dbff3bf9dc76fd7?s=96&d=mm&r=g\",\"url\":\"https:\\\/\\\/secure.gravatar.com\\\/avatar\\\/64ebac40b93f26a154f8a9b5b6fdccfc46f442b26b3dd6756dbff3bf9dc76fd7?s=96&d=mm&r=g\",\"contentUrl\":\"https:\\\/\\\/secure.gravatar.com\\\/avatar\\\/64ebac40b93f26a154f8a9b5b6fdccfc46f442b26b3dd6756dbff3bf9dc76fd7?s=96&d=mm&r=g\",\"caption\":\"super-news\"},\"url\":\"https:\\\/\\\/super-news.info\\\/hu\\\/author\\\/pt\\\/\"}]}<\/script>\n<!-- \/ Yoast SEO plugin. -->","yoast_head_json":{"title":"V\u00e9delmet k\u00e9r az ENSZ a politikai foglyoknak Venezuel\u00e1ban - Super News","robots":{"index":"index","follow":"follow","max-snippet":"max-snippet:-1","max-image-preview":"max-image-preview:large","max-video-preview":"max-video-preview:-1"},"canonical":"https:\/\/super-news.info\/hu\/vedelmet-ker-az-ensz-a-politikai-foglyoknak-venezuelaban\/","og_locale":"hu_HU","og_type":"article","og_title":"V\u00e9delmet k\u00e9r az ENSZ a politikai foglyoknak Venezuel\u00e1ban - Super News","og_description":"[ad_1] A venezuelai politikai foglyok szabadon enged\u00e9s\u00e9t k\u00e9rte a korm\u00e1nyt\u00f3l Michelle Bachelet, az ENSZ emberi jogi f\u0151biztosa, aki k\u00f6z\u00f6lte, hogy t\u00f6bb, a belpolitikai v\u00e1ls\u00e1g enyh\u00edt\u00e9s\u00e9t c\u00e9lz\u00f3 meg\u00e1llapod\u00e1st is k\u00f6t\u00f6tt Caracasban. Bachelet t\u00e1rgyalt az ellenz\u00e9k vezet\u0151j\u00e9vel, az elutaz\u00e1sa el\u0151tt pedig Nicol\u00e1s Maduro hivatalban l\u00e9v\u0151 venezuelai \u00e1llamf\u0151vel. Sajt\u00f3t\u00e1j\u00e9koztat\u00f3j\u00e1n azt mondta, hogy t\u00f6bb, az emberi jogok tiszteletben tart\u00e1s\u00e1t [&hellip;]","og_url":"https:\/\/super-news.info\/hu\/vedelmet-ker-az-ensz-a-politikai-foglyoknak-venezuelaban\/","og_site_name":"Super News","article_published_time":"2019-06-22T11:52:05+00:00","article_modified_time":"2019-06-22T11:52:06+00:00","og_image":[{"width":1400,"height":900,"url":"https:\/\/super-news.info\/hu\/wp-content\/uploads\/sites\/3\/2019\/04\/V\u00e1ltoz\u00f3-k\u00e9pet-mutat-az-eur\u00f3pai-keresked\u00e9s.png","type":"image\/png"}],"author":"super-news","twitter_card":"summary_large_image","twitter_misc":{"Szerz\u0151:":"super-news","Becs\u00fclt olvas\u00e1si id\u0151":"1 perc"},"schema":{"@context":"https:\/\/schema.org","@graph":[{"@type":"Article","@id":"https:\/\/super-news.info\/hu\/vedelmet-ker-az-ensz-a-politikai-foglyoknak-venezuelaban\/#article","isPartOf":{"@id":"https:\/\/super-news.info\/hu\/vedelmet-ker-az-ensz-a-politikai-foglyoknak-venezuelaban\/"},"author":{"name":"super-news","@id":"https:\/\/super-news.info\/hu\/#\/schema\/person\/2d4068cb2f39cd10008c2fce578a7356"},"headline":"V\u00e9delmet k\u00e9r az ENSZ a politikai foglyoknak Venezuel\u00e1ban","datePublished":"2019-06-22T11:52:05+00:00","dateModified":"2019-06-22T11:52:06+00:00","mainEntityOfPage":{"@id":"https:\/\/super-news.info\/hu\/vedelmet-ker-az-ensz-a-politikai-foglyoknak-venezuelaban\/"},"wordCount":243,"commentCount":0,"image":{"@id":"https:\/\/super-news.info\/hu\/vedelmet-ker-az-ensz-a-politikai-foglyoknak-venezuelaban\/#primaryimage"},"thumbnailUrl":"https:\/\/super-news.info\/hu\/wp-content\/uploads\/sites\/3\/2019\/04\/V\u00e1ltoz\u00f3-k\u00e9pet-mutat-az-eur\u00f3pai-keresked\u00e9s.png","articleSection":["P\u00c9NZ\u00dcGYI H\u00cdREK"],"inLanguage":"hu","potentialAction":[{"@type":"CommentAction","name":"Comment","target":["https:\/\/super-news.info\/hu\/vedelmet-ker-az-ensz-a-politikai-foglyoknak-venezuelaban\/#respond"]}]},{"@type":"WebPage","@id":"https:\/\/super-news.info\/hu\/vedelmet-ker-az-ensz-a-politikai-foglyoknak-venezuelaban\/","url":"https:\/\/super-news.info\/hu\/vedelmet-ker-az-ensz-a-politikai-foglyoknak-venezuelaban\/","name":"V\u00e9delmet k\u00e9r az ENSZ a politikai foglyoknak Venezuel\u00e1ban - Super News","isPartOf":{"@id":"https:\/\/super-news.info\/hu\/#website"},"primaryImageOfPage":{"@id":"https:\/\/super-news.info\/hu\/vedelmet-ker-az-ensz-a-politikai-foglyoknak-venezuelaban\/#primaryimage"},"image":{"@id":"https:\/\/super-news.info\/hu\/vedelmet-ker-az-ensz-a-politikai-foglyoknak-venezuelaban\/#primaryimage"},"thumbnailUrl":"https:\/\/super-news.info\/hu\/wp-content\/uploads\/sites\/3\/2019\/04\/V\u00e1ltoz\u00f3-k\u00e9pet-mutat-az-eur\u00f3pai-keresked\u00e9s.png","datePublished":"2019-06-22T11:52:05+00:00","dateModified":"2019-06-22T11:52:06+00:00","author":{"@id":"https:\/\/super-news.info\/hu\/#\/schema\/person\/2d4068cb2f39cd10008c2fce578a7356"},"breadcrumb":{"@id":"https:\/\/super-news.info\/hu\/vedelmet-ker-az-ensz-a-politikai-foglyoknak-venezuelaban\/#breadcrumb"},"inLanguage":"hu","potentialAction":[{"@type":"ReadAction","target":["https:\/\/super-news.info\/hu\/vedelmet-ker-az-ensz-a-politikai-foglyoknak-venezuelaban\/"]}]},{"@type":"ImageObject","inLanguage":"hu","@id":"https:\/\/super-news.info\/hu\/vedelmet-ker-az-ensz-a-politikai-foglyoknak-venezuelaban\/#primaryimage","url":"https:\/\/super-news.info\/hu\/wp-content\/uploads\/sites\/3\/2019\/04\/V\u00e1ltoz\u00f3-k\u00e9pet-mutat-az-eur\u00f3pai-keresked\u00e9s.png","contentUrl":"https:\/\/super-news.info\/hu\/wp-content\/uploads\/sites\/3\/2019\/04\/V\u00e1ltoz\u00f3-k\u00e9pet-mutat-az-eur\u00f3pai-keresked\u00e9s.png","width":1400,"height":900,"caption":"V\u00e1ltoz\u00f3 k\u00e9pet mutat az eur\u00f3pai keresked\u00e9s"},{"@type":"BreadcrumbList","@id":"https:\/\/super-news.info\/hu\/vedelmet-ker-az-ensz-a-politikai-foglyoknak-venezuelaban\/#breadcrumb","itemListElement":[{"@type":"ListItem","position":1,"name":"\u0413\u043b\u0430\u0432\u043d\u0430\u044f \u0441\u0442\u0440\u0430\u043d\u0438\u0446\u0430","item":"https:\/\/super-news.info\/hu\/"},{"@type":"ListItem","position":2,"name":"V\u00e9delmet k\u00e9r az ENSZ a politikai foglyoknak Venezuel\u00e1ban"}]},{"@type":"WebSite","@id":"https:\/\/super-news.info\/hu\/#website","url":"https:\/\/super-news.info\/hu\/","name":"Super News","description":"Super News Magyarorsz\u00e1g","potentialAction":[{"@type":"SearchAction","target":{"@type":"EntryPoint","urlTemplate":"https:\/\/super-news.info\/hu\/?s={search_term_string}"},"query-input":{"@type":"PropertyValueSpecification","valueRequired":true,"valueName":"search_term_string"}}],"inLanguage":"hu"},{"@type":"Person","@id":"https:\/\/super-news.info\/hu\/#\/schema\/person\/2d4068cb2f39cd10008c2fce578a7356","name":"super-news","image":{"@type":"ImageObject","inLanguage":"hu","@id":"https:\/\/secure.gravatar.com\/avatar\/64ebac40b93f26a154f8a9b5b6fdccfc46f442b26b3dd6756dbff3bf9dc76fd7?s=96&d=mm&r=g","url":"https:\/\/secure.gravatar.com\/avatar\/64ebac40b93f26a154f8a9b5b6fdccfc46f442b26b3dd6756dbff3bf9dc76fd7?s=96&d=mm&r=g","contentUrl":"https:\/\/secure.gravatar.com\/avatar\/64ebac40b93f26a154f8a9b5b6fdccfc46f442b26b3dd6756dbff3bf9dc76fd7?s=96&d=mm&r=g","caption":"super-news"},"url":"https:\/\/super-news.info\/hu\/author\/pt\/"}]}},"_links":{"self":[{"href":"https:\/\/super-news.info\/hu\/wp-json\/wp\/v2\/posts\/4610","targetHints":{"allow":["GET"]}}],"collection":[{"href":"https:\/\/super-news.info\/hu\/wp-json\/wp\/v2\/posts"}],"about":[{"href":"https:\/\/super-news.info\/hu\/wp-json\/wp\/v2\/types\/post"}],"author":[{"embeddable":true,"href":"https:\/\/super-news.info\/hu\/wp-json\/wp\/v2\/users\/2"}],"replies":[{"embeddable":true,"href":"https:\/\/super-news.info\/hu\/wp-json\/wp\/v2\/comments?post=4610"}],"version-history":[{"count":1,"href":"https:\/\/super-news.info\/hu\/wp-json\/wp\/v2\/posts\/4610\/revisions"}],"predecessor-version":[{"id":4611,"href":"https:\/\/super-news.info\/hu\/wp-json\/wp\/v2\/posts\/4610\/revisions\/4611"}],"wp:featuredmedia":[{"embeddable":true,"href":"https:\/\/super-news.info\/hu\/wp-json\/wp\/v2\/media\/300"}],"wp:attachment":[{"href":"https:\/\/super-news.info\/hu\/wp-json\/wp\/v2\/media?parent=4610"}],"wp:term":[{"taxonomy":"category","embeddable":true,"href":"https:\/\/super-news.info\/hu\/wp-json\/wp\/v2\/categories?post=4610"},{"taxonomy":"post_tag","embeddable":true,"href":"https:\/\/super-news.info\/hu\/wp-json\/wp\/v2\/tags?post=4610"}],"curies":[{"name":"wp","href":"https:\/\/api.w.org\/{rel}","templated":true}]}}