{"id":4602,"date":"2019-06-22T12:12:32","date_gmt":"2019-06-22T09:12:32","guid":{"rendered":"https:\/\/super-news.info\/hu\/igy-nyaralnak-a-magyarok-vilaggazdasag\/"},"modified":"2019-06-22T12:12:34","modified_gmt":"2019-06-22T09:12:34","slug":"igy-nyaralnak-a-magyarok-vilaggazdasag","status":"publish","type":"post","link":"https:\/\/super-news.info\/hu\/igy-nyaralnak-a-magyarok-vilaggazdasag\/","title":{"rendered":"\u00cdgy nyaralnak a magyarok | Vil\u00e1ggazdas\u00e1g"},"content":{"rendered":"<p> [ad_1]<br \/>\n<\/p>\n<div>\n<p>Az elm\u00falt \u00e9vtizedekben az utaz\u00e1s \u00e9s a turizmus egyre nagyobb m\u00e9reteket \u00f6lt\u00f6tt \u00e9s saj\u00e1t\u00edtott ki mag\u00e1nak a gazdas\u00e1gi szektorb\u00f3l: a vil\u00e1g GDP-j\u00e9nek 10 sz\u00e1zal\u00e9k\u00e1t teszi ki. Sok embernek a turist\u00e1k jelentik a legf\u0151bb bev\u00e9teli forr\u00e1st, ami egyr\u00e9szt pozit\u00edv hat\u00e1ssal b\u00edr, m\u00e1sr\u00e9szt egyes helyeknek \u2013 p\u00e9ld\u00e1ul Velence vagy Dubrovnik \u2013 kifejezetten probl\u00e9m\u00e1t okoznak az odal\u00e1togat\u00f3 turist\u00e1k.<\/p>\n<p>Nem csoda, hiszen manaps\u00e1g a vil\u00e1g egyik pontj\u00e1r\u00f3l a m\u00e1sikra utazni k\u00f6nnyebb, mint b\u00e1rmikor valaha \u2013 \u00edgy az emberek is t\u00f6bbsz\u00f6r kelnek \u00fatra. A World Tourism Organization el\u0151rejelz\u00e9se szerint a turist\u00e1k \u00e9rkez\u00e9seinek sz\u00e1ma (azaz, meg\u00e9rkez\u00e9s) 2030-ra el\u00e9ri az 1,8 milli\u00e1rdot. Eur\u00f3pa m\u00e9g mindig a legn\u00e9pszer\u0171bb desztin\u00e1ci\u00f3k k\u00f6z\u00f6tt szerepel, de \u00c1zsia \u00e9vr\u0151l \u00e9vre egyre kedveltebb \u00e9s n\u00f6vekv\u0151 \u00e9rdekl\u0151d\u00e9st mutatnak a t\u00e9rs\u00e9g ir\u00e1ny\u00e1ba a turist\u00e1k.<\/p>\n<p>Vajon ezek a trendek milyen hat\u00e1ssal vannak a magyar utaz\u00f3kra? A Picodi elemz\u0151i ennek m\u00e9ly\u00e9re \u00e1stak: a szok\u00e1sokat \u00e9s preferenci\u00e1kat vett\u00e9k g\u00f3rcs\u0151 al\u00e1.<\/p>\n<h3>Legkedveltebb helysz\u00ednek<\/h3>\n<div id=\"attachment_1585544\" style=\"width: 1010px\" class=\"wp-caption aligncenter\">\n<p class=\"wp-caption-text\">Fot\u00f3: Picodi<\/p>\n<\/div>\n<p>K\u00e9rd\u0151\u00edves felm\u00e9r\u00e9s\u00fcnkb\u0151l kider\u00fclt, a magyarok t\u00f6bbs\u00e9ge (64 sz\u00e1zal\u00e9k) a belf\u00f6ldi, 36 sz\u00e1zal\u00e9ka pedig ink\u00e1bb k\u00fclf\u00f6ldi pihen\u00e9st r\u00e9szes\u00edti el\u0151nyben.<\/p>\n<p>Legink\u00e1bb belf\u00f6ldi pihen\u00e9st prefer\u00e1lnak Indon\u00e9zi\u00e1ban, Olaszorsz\u00e1gban, T\u00f6r\u00f6korsz\u00e1gban \u00e9s a F\u00fcl\u00f6p-szigeteken \u00e9l\u0151k.<\/p>\n<h3>Ritk\u00e1n, de akkor hosszabb id\u0151re<\/h3>\n<div id=\"attachment_1585547\" style=\"width: 1010px\" class=\"wp-caption aligncenter\"><img loading=\"lazy\" decoding=\"async\" class=\"size-full wp-image-1585547\" src=\"https:\/\/super-news.info\/hu\/wp-content\/uploads\/sites\/3\/2019\/06\/1561194752_309_Igy-nyaralnak-a-magyarok-Vilaggazdasag.png\" alt=\"\" width=\"1000\" height=\"2286\"  \/><\/p>\n<p class=\"wp-caption-text\">Fot\u00f3: Picodi<\/p>\n<\/div>\n<p>Mikor mennek nyaralni, pihenni a magyarok? A szezon el\u0151tti \u00e9s ut\u00e1ni h\u00f3napok tov\u00e1bbra is h\u00f3d\u00edtanak vil\u00e1gszerte, hiszen a j\u00f3id\u0151 m\u00e9g szinte garant\u00e1lt, az \u00e1rak viszont alacsonyabbak. Ebbe a trendbe illik a magyaro sz\u00e1zal\u00e9k a (ny\u00e1ri) szezon ideje alatt, a marad\u00e9k 17 sz\u00e1zal\u00e9k pedig csak az \u00e1rat veszi figyelembe, \u00e9s min\u00e9l olcs\u00f3bban szeret utazni.<\/p>\n<p>Ezek ut\u00e1n a k\u00e9rd\u00e9s adott: mennyit sz\u00e1nnak\/tudnak k\u00f6lteni a magyarok pihen\u00e9sre? A v\u00e1laszokb\u00f3l kider\u00fcl, \u00e1tlagosan 155 ezer forintot k\u00f6ltenek egy-egy utaz\u00e1sra. 12 sz\u00e1zal\u00e9k azt mondta, nem c\u00e9lja a sp\u00f3rol\u00e1s, a t\u00f6bbiek viszont \u00fcgyes tr\u00fckk\u00f6kkel kedvezm\u00e9nyekre, vagy nagyobb aj\u00e1nlatokra tettek szert. 49 sz\u00e1zal\u00e9k p\u00e9ld\u00e1ul j\u00f3 el\u0151re megveszi az utaz\u00e1shoz sz\u00fcks\u00e9ges jegyeket, 50 sz\u00e1zal\u00e9k pedig idejekor\u00e1n lefoglalja a sz\u00e1ll\u00e1st.<\/p>\n<div id=\"attachment_1008244\" style=\"width: 1410px\" class=\"wp-caption aligncenter\"><img loading=\"lazy\" decoding=\"async\" class=\"size-full wp-image-1008244\" src=\"https:\/\/super-news.info\/hu\/wp-content\/uploads\/sites\/3\/2019\/06\/Igy-nyaralnak-a-magyarok-Vilaggazdasag.jpg\" alt=\"\" width=\"1400\" height=\"891\"\/><\/p>\n<p class=\"wp-caption-text\">Fot\u00f3: AFP<\/p>\n<\/div>\n<p>\u00dagy t\u0171nik, a magyarok a hosszabb kikapcsol\u00f3d\u00e1s mellett teszik le a voksukat: a v\u00e1laszad\u00f3k 55 sz\u00e1zal\u00e9ka k\u00f6r\u00fclbel\u00fcl egy h\u00e9tre, 27 sz\u00e1zal\u00e9k k\u00e9t h\u00e9tre vagy m\u00e9g hosszabb id\u0151re, 18 sz\u00e1zal\u00e9k pedig csak p\u00e1r napos (kevesebb, mint egy h\u00e9t) id\u0151re szakad el a munk\u00e1t\u00f3l. Tov\u00e1bbi \u00e9rdekess\u00e9g, hogy 51 sz\u00e1zal\u00e9k \u00e9vente csak egyszer megy nyaralni, 33 sz\u00e1zal\u00e9k k\u00e9tszer vagy ann\u00e1l t\u00f6bbsz\u00f6r, 16 sz\u00e1zal\u00e9k pedig kevesebb, mint \u00e9vente egyszer indul \u00fatnak.<\/p>\n<p>Kivel utaznak legsz\u00edvesebben? A t\u00f6bbs\u00e9g csal\u00e1ddal vagy partnerrel\/h\u00e1zast\u00e1rssal (53 sz\u00e1zal\u00e9k \u00e9s 32 sz\u00e1zal\u00e9k ), 13 sz\u00e1zal\u00e9k bar\u00e1tokkal, 2 sz\u00e1zal\u00e9k pedig egyed\u00fcl szeret nyaralni.<\/p>\n<h3>\u00d6n\u00e1ll\u00f3 szervez\u00e9s<\/h3>\n<div id=\"attachment_1585559\" style=\"width: 1010px\" class=\"wp-caption aligncenter\"><img loading=\"lazy\" decoding=\"async\" class=\"size-full wp-image-1585559\" src=\"https:\/\/super-news.info\/hu\/wp-content\/uploads\/sites\/3\/2019\/06\/1561194752_954_Igy-nyaralnak-a-magyarok-Vilaggazdasag.png\" alt=\"\" width=\"1000\" height=\"943\"  \/><\/p>\n<p class=\"wp-caption-text\">Fot\u00f3: Picodi<\/p>\n<\/div>\n<p>Azt m\u00e1r tudjuk, hogy mikor \u00e9s mennyib\u0151l utaznak a magyarok, de vajon ki szervezi utaz\u00e1saikat? Az els\u00f6pr\u0151 t\u00f6bbs\u00e9g azt v\u00e1laszolta (91 sz\u00e1zal\u00e9k), hogy \u00f6nmaga int\u00e9z mindent \u00e9s csak 9 sz\u00e1zal\u00e9k veszi ig\u00e9nybe az utaz\u00e1si irod\u00e1k szolg\u00e1ltat\u00e1sait.<\/p>\n<p>Szeretn\u00e9nek ugyanis a magyar turist\u00e1k mindent a saj\u00e1t ig\u00e9nyeikhez igaz\u00edtani \u00e9s \u00edgy olcs\u00f3bban is j\u00f6nnek ki \u2013 der\u00fclt ki a felm\u00e9r\u00e9sb\u0151l (59 sz\u00e1zal\u00e9k \u00e9s 33 sz\u00e1zal\u00e9k). Azok, akik utaz\u00e1si irod\u00e1val, vagy szervezett utaz\u00e1son vesznek r\u00e9szt azt mondt\u00e1k, az\u00e9rt v\u00e1lasztj\u00e1k ezt a form\u00e1t, mert k\u00e9nyelmesebb \u00e9s biztons\u00e1gosabb (28 sz\u00e1zal\u00e9k \u00e9s 54 sz\u00e1zal\u00e9k).<\/p>\n<div id=\"attachment_1585562\" style=\"width: 1010px\" class=\"wp-caption aligncenter\"><img loading=\"lazy\" decoding=\"async\" class=\"size-full wp-image-1585562\" src=\"https:\/\/super-news.info\/hu\/wp-content\/uploads\/sites\/3\/2019\/06\/1561194752_901_Igy-nyaralnak-a-magyarok-Vilaggazdasag.png\" alt=\"\" width=\"1000\" height=\"1786\"  \/><\/p>\n<p class=\"wp-caption-text\">Fot\u00f3: Picodi<\/p>\n<\/div>\n<p>Ut\u00e1naj\u00e1rtunk, hogy a magyarok a m\u00e1r j\u00f3l ismert helyekre szeretnek visszat\u00e9rni, vagy \u00faj helyet szeretnek-e felfedezni. A felm\u00e9r\u00e9s szerint a t\u00f6bbs\u00e9g (67 sz\u00e1zal\u00e9k) ink\u00e1bb \u00faj helyeket r\u00e9szes\u00edt el\u0151nyben \u00e9s csak 33 sz\u00e1zal\u00e9k v\u00e1laszt olyan c\u00e9lir\u00e1nyt, ahol m\u00e1r j\u00e1rt kor\u00e1bban.<\/p>\n<p>Vajon a n\u0151k \u00e9s a f\u00e9rfiak m\u00e1sk\u00e9pp szervezik-e utaz\u00e1saikat? \u00dagy t\u0171nik, a n\u0151k spont\u00e1nabbak \u00e9s \u00f6n\u00e1ll\u00f3bbak, ha utaz\u00e1sr\u00f3l van sz\u00f3. A n\u0151k \u00e9s a f\u00e9rfiak ugyanakkor abban egyet\u00e9rtenek, hogy j\u00f3 el\u0151re meg kell szervezni mindent (79 sz\u00e1zal\u00e9k \u00e9s 77 sz\u00e1zal\u00e9k).<\/p>\n<p>Napoz\u00e1s Balin, P\u00e1rizs zegzugos utc\u00e1i, vagy Ausztr\u00e1l partok? Amikor azt k\u00e9rdezt\u00fck, hov\u00e1 utaznak a legsz\u00edvesebben, a magyarok t\u00f6bb mint fele (59 sz\u00e1zal\u00e9k) tengerpartot, kedvenc tev\u00e9kenys\u00e9gek\u00e9nt a strandon heny\u00e9l\u00e9st jel\u00f6lte meg. Ezt k\u00f6veti a v\u00e1rosn\u00e9z\u00e9s (28 sz\u00e1zal\u00e9k) \u00e9s az akt\u00edv pihen\u00e9s (p\u00e9ld\u00e1ul sport) 13 sz\u00e1zal\u00e9k.<\/p>\n<p>Ha R\u00f3m\u00e1ban vagy, t\u00e9gy \u00fagy, ahogy a r\u00f3maiak \u2013 tartja a n\u00e9pszer\u0171 mond\u00e1s. Ugyanakkor ez a nyaral\u00e1sok alkalm\u00e1val v\u00e1ltozhat, kifejezetten a k\u00f6zleked\u00e9st \u00e9s az \u00e9teleket illet\u0151en. A v\u00e1laszad\u00f3k 68 sz\u00e1zal\u00e9ka jel\u00f6lte csak meg a helyi t\u00f6megk\u00f6zleked\u00e9si eszk\u00f6z\u00f6ket, mint prefer\u00e1lt eszk\u00f6zt, 20 sz\u00e1zal\u00e9k ink\u00e1bb aut\u00f3b\u00e9rl\u00e9s mellett teszi le a voks\u00e1t \u00e9s 10% \u00fcl csak taxiba. Az \u00e9telek kapcs\u00e1n 43 sz\u00e1zal\u00e9k mondta, hogy a helyi specialit\u00e1sokat r\u00e9szes\u00edti el\u0151nyben, 23 sz\u00e1zal\u00e9k ismert \u00e9teleket k\u00edn\u00e1l\u00f3 helyeket v\u00e1laszt \u00e9s 12 sz\u00e1zal\u00e9k mag\u00e1nak k\u00e9sz\u00edt harapnival\u00f3t.<\/p>\n<p>A nyaral\u00e1s \u2013 elvileg \u2013 a pihen\u00e9sr\u0151l kell, hogy sz\u00f3ljon \u00e9s a legkev\u00e9sb\u00e9 sem a munk\u00e1r\u00f3l, \u00fcgyint\u00e9z\u00e9sr\u0151l. Ugyanakkor \u00fagy t\u0171nik, a magyarok 14 sz\u00e1zal\u00e9ka k\u00e9ptelen elszakadni munk\u00e1j\u00e1t\u00f3l \u00e9s m\u00e9g szabads\u00e1guk alatt is ellen\u0151rzi e-mailj\u00e9t vagy bonyol\u00edt munk\u00e1val kapcsolatos telefonh\u00edv\u00e1sokat.<\/p>\n<h3>Trendek vil\u00e1gszerte<\/h3>\n<div id=\"attachment_1585571\" style=\"width: 1010px\" class=\"wp-caption aligncenter\"><img loading=\"lazy\" decoding=\"async\" class=\"size-full wp-image-1585571\" src=\"https:\/\/super-news.info\/hu\/wp-content\/uploads\/sites\/3\/2019\/06\/1561194752_599_Igy-nyaralnak-a-magyarok-Vilaggazdasag.png\" alt=\"\" width=\"1000\" height=\"2171\"  \/><\/p>\n<p class=\"wp-caption-text\">Fot\u00f3: Picodi<\/p>\n<\/div>\n<p>39 orsz\u00e1g lak\u00f3inak utaz\u00e1si szok\u00e1s\u00e1t vett\u00fck szem\u00fcgyre \u2013 ezen bel\u00fcl a k\u00f6lt\u00e9seket is. A v\u00e1laszok alapj\u00e1n fel\u00e1ll\u00edtott lista szerint a magyarok \u00e1tlagosan 155 000 forintot k\u00f6ltenek (ami eur\u00f3ban ez k\u00f6r\u00fclbel\u00fcl 482) \u2013 ezzel a k\u00f6z\u00e9pmez\u0151nyben v\u00e9geztek. A lista \u00e9l\u00e9n az ausztr\u00e1l turist\u00e1k \u00e1llnak, \u0151k 1350 eur\u00f3t k\u00f6ltenek szabads\u00e1gukra, \u0151ket k\u00f6vetik a Hongkongb\u00f3l \u00e9s Finnorsz\u00e1gb\u00f3l utaz\u00f3k.<\/p>\n<p>A legkevesebbet az indiai \u00e9s a pakiszt\u00e1ni turist\u00e1k tudnak utaz\u00e1sra ford\u00edtani, 185 \u00e9s 170 eur\u00f3t.<\/p>\n<\/p><\/div>\n<p><script>\n    window.fbAsyncInit = function() {\n        FB.init({\n            appId      : \"204760236815359\",\n            xfbml      : true,\n            version    : \"v2.12\"\n        });\n        FB.AppEvents.logPageView();\n    };<\/p>\n<p>    (function(d, s, id){\n        var js, fjs = d.getElementsByTagName(s)[0];\n        if (d.getElementById(id)) {return;}\n        js = d.createElement(s); js.id = id;\n        js.src = \"http:\/\/connect.facebook.net\/hu_HU\/sdk.js\";\n        fjs.parentNode.insertBefore(js, fjs);\n    }(document, \"script\", \"facebook-jssdk\"));\n<\/script><br \/>\n<br \/>[ad_2]<br \/>\n<br \/><a href=\"https:\/\/www.vg.hu\/vallalatok\/turizmus\/igy-nyaralnak-a-magyarok-1585535\/\">Source link <\/a><\/p>\n","protected":false},"excerpt":{"rendered":"<p>[ad_1] Az elm\u00falt \u00e9vtizedekben az utaz\u00e1s \u00e9s a turizmus egyre nagyobb m\u00e9reteket \u00f6lt\u00f6tt \u00e9s saj\u00e1t\u00edtott ki mag\u00e1nak a gazdas\u00e1gi szektorb\u00f3l: a vil\u00e1g GDP-j\u00e9nek 10 sz\u00e1zal\u00e9k\u00e1t teszi ki. Sok embernek a turist\u00e1k jelentik a legf\u0151bb bev\u00e9teli forr\u00e1st, ami egyr\u00e9szt pozit\u00edv hat\u00e1ssal b\u00edr, m\u00e1sr\u00e9szt egyes helyeknek \u2013 p\u00e9ld\u00e1ul Velence vagy Dubrovnik \u2013 kifejezetten probl\u00e9m\u00e1t okoznak az odal\u00e1togat\u00f3 [&hellip;]<\/p>\n","protected":false},"author":2,"featured_media":4603,"comment_status":"open","ping_status":"open","sticky":false,"template":"","format":"standard","meta":{"footnotes":""},"categories":[1],"tags":[],"class_list":["post-4602","post","type-post","status-publish","format-standard","has-post-thumbnail","hentry","category-penzugyi-hirek"],"yoast_head":"<!-- This site is optimized with the Yoast SEO plugin v27.4 - https:\/\/yoast.com\/product\/yoast-seo-wordpress\/ -->\n<title>\u00cdgy nyaralnak a magyarok | Vil\u00e1ggazdas\u00e1g - Super News<\/title>\n<meta name=\"robots\" content=\"index, follow, max-snippet:-1, max-image-preview:large, max-video-preview:-1\" \/>\n<link rel=\"canonical\" href=\"https:\/\/super-news.info\/hu\/igy-nyaralnak-a-magyarok-vilaggazdasag\/\" \/>\n<meta property=\"og:locale\" content=\"hu_HU\" \/>\n<meta property=\"og:type\" content=\"article\" \/>\n<meta property=\"og:title\" content=\"\u00cdgy nyaralnak a magyarok | Vil\u00e1ggazdas\u00e1g - Super News\" \/>\n<meta property=\"og:description\" content=\"[ad_1] Az elm\u00falt \u00e9vtizedekben az utaz\u00e1s \u00e9s a turizmus egyre nagyobb m\u00e9reteket \u00f6lt\u00f6tt \u00e9s saj\u00e1t\u00edtott ki mag\u00e1nak a gazdas\u00e1gi szektorb\u00f3l: a vil\u00e1g GDP-j\u00e9nek 10 sz\u00e1zal\u00e9k\u00e1t teszi ki. Sok embernek a turist\u00e1k jelentik a legf\u0151bb bev\u00e9teli forr\u00e1st, ami egyr\u00e9szt pozit\u00edv hat\u00e1ssal b\u00edr, m\u00e1sr\u00e9szt egyes helyeknek \u2013 p\u00e9ld\u00e1ul Velence vagy Dubrovnik \u2013 kifejezetten probl\u00e9m\u00e1t okoznak az odal\u00e1togat\u00f3 [&hellip;]\" \/>\n<meta property=\"og:url\" content=\"https:\/\/super-news.info\/hu\/igy-nyaralnak-a-magyarok-vilaggazdasag\/\" \/>\n<meta property=\"og:site_name\" content=\"Super News\" \/>\n<meta property=\"article:published_time\" content=\"2019-06-22T09:12:32+00:00\" \/>\n<meta property=\"article:modified_time\" content=\"2019-06-22T09:12:34+00:00\" \/>\n<meta property=\"og:image\" content=\"https:\/\/super-news.info\/hu\/wp-content\/uploads\/sites\/3\/2019\/06\/\u00cdgy-nyaralnak-a-magyarok-Vil\u00e1ggazdas\u00e1g.png\" \/>\n\t<meta property=\"og:image:width\" content=\"1000\" \/>\n\t<meta property=\"og:image:height\" content=\"886\" \/>\n\t<meta property=\"og:image:type\" content=\"image\/png\" \/>\n<meta name=\"author\" content=\"super-news\" \/>\n<meta name=\"twitter:card\" content=\"summary_large_image\" \/>\n<meta name=\"twitter:label1\" content=\"Szerz\u0151:\" \/>\n\t<meta name=\"twitter:data1\" content=\"super-news\" \/>\n\t<meta name=\"twitter:label2\" content=\"Becs\u00fclt olvas\u00e1si id\u0151\" \/>\n\t<meta name=\"twitter:data2\" content=\"6 perc\" \/>\n<script type=\"application\/ld+json\" class=\"yoast-schema-graph\">{\"@context\":\"https:\\\/\\\/schema.org\",\"@graph\":[{\"@type\":\"Article\",\"@id\":\"https:\\\/\\\/super-news.info\\\/hu\\\/igy-nyaralnak-a-magyarok-vilaggazdasag\\\/#article\",\"isPartOf\":{\"@id\":\"https:\\\/\\\/super-news.info\\\/hu\\\/igy-nyaralnak-a-magyarok-vilaggazdasag\\\/\"},\"author\":{\"name\":\"super-news\",\"@id\":\"https:\\\/\\\/super-news.info\\\/hu\\\/#\\\/schema\\\/person\\\/2d4068cb2f39cd10008c2fce578a7356\"},\"headline\":\"\u00cdgy nyaralnak a magyarok | Vil\u00e1ggazdas\u00e1g\",\"datePublished\":\"2019-06-22T09:12:32+00:00\",\"dateModified\":\"2019-06-22T09:12:34+00:00\",\"mainEntityOfPage\":{\"@id\":\"https:\\\/\\\/super-news.info\\\/hu\\\/igy-nyaralnak-a-magyarok-vilaggazdasag\\\/\"},\"wordCount\":1197,\"commentCount\":0,\"image\":{\"@id\":\"https:\\\/\\\/super-news.info\\\/hu\\\/igy-nyaralnak-a-magyarok-vilaggazdasag\\\/#primaryimage\"},\"thumbnailUrl\":\"https:\\\/\\\/super-news.info\\\/hu\\\/wp-content\\\/uploads\\\/sites\\\/3\\\/2019\\\/06\\\/\u00cdgy-nyaralnak-a-magyarok-Vil\u00e1ggazdas\u00e1g.png\",\"articleSection\":[\"P\u00c9NZ\u00dcGYI H\u00cdREK\"],\"inLanguage\":\"hu\",\"potentialAction\":[{\"@type\":\"CommentAction\",\"name\":\"Comment\",\"target\":[\"https:\\\/\\\/super-news.info\\\/hu\\\/igy-nyaralnak-a-magyarok-vilaggazdasag\\\/#respond\"]}]},{\"@type\":\"WebPage\",\"@id\":\"https:\\\/\\\/super-news.info\\\/hu\\\/igy-nyaralnak-a-magyarok-vilaggazdasag\\\/\",\"url\":\"https:\\\/\\\/super-news.info\\\/hu\\\/igy-nyaralnak-a-magyarok-vilaggazdasag\\\/\",\"name\":\"\u00cdgy nyaralnak a magyarok | Vil\u00e1ggazdas\u00e1g - Super News\",\"isPartOf\":{\"@id\":\"https:\\\/\\\/super-news.info\\\/hu\\\/#website\"},\"primaryImageOfPage\":{\"@id\":\"https:\\\/\\\/super-news.info\\\/hu\\\/igy-nyaralnak-a-magyarok-vilaggazdasag\\\/#primaryimage\"},\"image\":{\"@id\":\"https:\\\/\\\/super-news.info\\\/hu\\\/igy-nyaralnak-a-magyarok-vilaggazdasag\\\/#primaryimage\"},\"thumbnailUrl\":\"https:\\\/\\\/super-news.info\\\/hu\\\/wp-content\\\/uploads\\\/sites\\\/3\\\/2019\\\/06\\\/\u00cdgy-nyaralnak-a-magyarok-Vil\u00e1ggazdas\u00e1g.png\",\"datePublished\":\"2019-06-22T09:12:32+00:00\",\"dateModified\":\"2019-06-22T09:12:34+00:00\",\"author\":{\"@id\":\"https:\\\/\\\/super-news.info\\\/hu\\\/#\\\/schema\\\/person\\\/2d4068cb2f39cd10008c2fce578a7356\"},\"breadcrumb\":{\"@id\":\"https:\\\/\\\/super-news.info\\\/hu\\\/igy-nyaralnak-a-magyarok-vilaggazdasag\\\/#breadcrumb\"},\"inLanguage\":\"hu\",\"potentialAction\":[{\"@type\":\"ReadAction\",\"target\":[\"https:\\\/\\\/super-news.info\\\/hu\\\/igy-nyaralnak-a-magyarok-vilaggazdasag\\\/\"]}]},{\"@type\":\"ImageObject\",\"inLanguage\":\"hu\",\"@id\":\"https:\\\/\\\/super-news.info\\\/hu\\\/igy-nyaralnak-a-magyarok-vilaggazdasag\\\/#primaryimage\",\"url\":\"https:\\\/\\\/super-news.info\\\/hu\\\/wp-content\\\/uploads\\\/sites\\\/3\\\/2019\\\/06\\\/\u00cdgy-nyaralnak-a-magyarok-Vil\u00e1ggazdas\u00e1g.png\",\"contentUrl\":\"https:\\\/\\\/super-news.info\\\/hu\\\/wp-content\\\/uploads\\\/sites\\\/3\\\/2019\\\/06\\\/\u00cdgy-nyaralnak-a-magyarok-Vil\u00e1ggazdas\u00e1g.png\",\"width\":1000,\"height\":886,\"caption\":\"\u00cdgy nyaralnak a magyarok | Vil\u00e1ggazdas\u00e1g\"},{\"@type\":\"BreadcrumbList\",\"@id\":\"https:\\\/\\\/super-news.info\\\/hu\\\/igy-nyaralnak-a-magyarok-vilaggazdasag\\\/#breadcrumb\",\"itemListElement\":[{\"@type\":\"ListItem\",\"position\":1,\"name\":\"\u0413\u043b\u0430\u0432\u043d\u0430\u044f \u0441\u0442\u0440\u0430\u043d\u0438\u0446\u0430\",\"item\":\"https:\\\/\\\/super-news.info\\\/hu\\\/\"},{\"@type\":\"ListItem\",\"position\":2,\"name\":\"\u00cdgy nyaralnak a magyarok | Vil\u00e1ggazdas\u00e1g\"}]},{\"@type\":\"WebSite\",\"@id\":\"https:\\\/\\\/super-news.info\\\/hu\\\/#website\",\"url\":\"https:\\\/\\\/super-news.info\\\/hu\\\/\",\"name\":\"Super News\",\"description\":\"Super News Magyarorsz\u00e1g\",\"potentialAction\":[{\"@type\":\"SearchAction\",\"target\":{\"@type\":\"EntryPoint\",\"urlTemplate\":\"https:\\\/\\\/super-news.info\\\/hu\\\/?s={search_term_string}\"},\"query-input\":{\"@type\":\"PropertyValueSpecification\",\"valueRequired\":true,\"valueName\":\"search_term_string\"}}],\"inLanguage\":\"hu\"},{\"@type\":\"Person\",\"@id\":\"https:\\\/\\\/super-news.info\\\/hu\\\/#\\\/schema\\\/person\\\/2d4068cb2f39cd10008c2fce578a7356\",\"name\":\"super-news\",\"image\":{\"@type\":\"ImageObject\",\"inLanguage\":\"hu\",\"@id\":\"https:\\\/\\\/secure.gravatar.com\\\/avatar\\\/64ebac40b93f26a154f8a9b5b6fdccfc46f442b26b3dd6756dbff3bf9dc76fd7?s=96&d=mm&r=g\",\"url\":\"https:\\\/\\\/secure.gravatar.com\\\/avatar\\\/64ebac40b93f26a154f8a9b5b6fdccfc46f442b26b3dd6756dbff3bf9dc76fd7?s=96&d=mm&r=g\",\"contentUrl\":\"https:\\\/\\\/secure.gravatar.com\\\/avatar\\\/64ebac40b93f26a154f8a9b5b6fdccfc46f442b26b3dd6756dbff3bf9dc76fd7?s=96&d=mm&r=g\",\"caption\":\"super-news\"},\"url\":\"https:\\\/\\\/super-news.info\\\/hu\\\/author\\\/pt\\\/\"}]}<\/script>\n<!-- \/ Yoast SEO plugin. -->","yoast_head_json":{"title":"\u00cdgy nyaralnak a magyarok | Vil\u00e1ggazdas\u00e1g - Super News","robots":{"index":"index","follow":"follow","max-snippet":"max-snippet:-1","max-image-preview":"max-image-preview:large","max-video-preview":"max-video-preview:-1"},"canonical":"https:\/\/super-news.info\/hu\/igy-nyaralnak-a-magyarok-vilaggazdasag\/","og_locale":"hu_HU","og_type":"article","og_title":"\u00cdgy nyaralnak a magyarok | Vil\u00e1ggazdas\u00e1g - Super News","og_description":"[ad_1] Az elm\u00falt \u00e9vtizedekben az utaz\u00e1s \u00e9s a turizmus egyre nagyobb m\u00e9reteket \u00f6lt\u00f6tt \u00e9s saj\u00e1t\u00edtott ki mag\u00e1nak a gazdas\u00e1gi szektorb\u00f3l: a vil\u00e1g GDP-j\u00e9nek 10 sz\u00e1zal\u00e9k\u00e1t teszi ki. Sok embernek a turist\u00e1k jelentik a legf\u0151bb bev\u00e9teli forr\u00e1st, ami egyr\u00e9szt pozit\u00edv hat\u00e1ssal b\u00edr, m\u00e1sr\u00e9szt egyes helyeknek \u2013 p\u00e9ld\u00e1ul Velence vagy Dubrovnik \u2013 kifejezetten probl\u00e9m\u00e1t okoznak az odal\u00e1togat\u00f3 [&hellip;]","og_url":"https:\/\/super-news.info\/hu\/igy-nyaralnak-a-magyarok-vilaggazdasag\/","og_site_name":"Super News","article_published_time":"2019-06-22T09:12:32+00:00","article_modified_time":"2019-06-22T09:12:34+00:00","og_image":[{"width":1000,"height":886,"url":"https:\/\/super-news.info\/hu\/wp-content\/uploads\/sites\/3\/2019\/06\/\u00cdgy-nyaralnak-a-magyarok-Vil\u00e1ggazdas\u00e1g.png","type":"image\/png"}],"author":"super-news","twitter_card":"summary_large_image","twitter_misc":{"Szerz\u0151:":"super-news","Becs\u00fclt olvas\u00e1si id\u0151":"6 perc"},"schema":{"@context":"https:\/\/schema.org","@graph":[{"@type":"Article","@id":"https:\/\/super-news.info\/hu\/igy-nyaralnak-a-magyarok-vilaggazdasag\/#article","isPartOf":{"@id":"https:\/\/super-news.info\/hu\/igy-nyaralnak-a-magyarok-vilaggazdasag\/"},"author":{"name":"super-news","@id":"https:\/\/super-news.info\/hu\/#\/schema\/person\/2d4068cb2f39cd10008c2fce578a7356"},"headline":"\u00cdgy nyaralnak a magyarok | Vil\u00e1ggazdas\u00e1g","datePublished":"2019-06-22T09:12:32+00:00","dateModified":"2019-06-22T09:12:34+00:00","mainEntityOfPage":{"@id":"https:\/\/super-news.info\/hu\/igy-nyaralnak-a-magyarok-vilaggazdasag\/"},"wordCount":1197,"commentCount":0,"image":{"@id":"https:\/\/super-news.info\/hu\/igy-nyaralnak-a-magyarok-vilaggazdasag\/#primaryimage"},"thumbnailUrl":"https:\/\/super-news.info\/hu\/wp-content\/uploads\/sites\/3\/2019\/06\/\u00cdgy-nyaralnak-a-magyarok-Vil\u00e1ggazdas\u00e1g.png","articleSection":["P\u00c9NZ\u00dcGYI H\u00cdREK"],"inLanguage":"hu","potentialAction":[{"@type":"CommentAction","name":"Comment","target":["https:\/\/super-news.info\/hu\/igy-nyaralnak-a-magyarok-vilaggazdasag\/#respond"]}]},{"@type":"WebPage","@id":"https:\/\/super-news.info\/hu\/igy-nyaralnak-a-magyarok-vilaggazdasag\/","url":"https:\/\/super-news.info\/hu\/igy-nyaralnak-a-magyarok-vilaggazdasag\/","name":"\u00cdgy nyaralnak a magyarok | Vil\u00e1ggazdas\u00e1g - Super News","isPartOf":{"@id":"https:\/\/super-news.info\/hu\/#website"},"primaryImageOfPage":{"@id":"https:\/\/super-news.info\/hu\/igy-nyaralnak-a-magyarok-vilaggazdasag\/#primaryimage"},"image":{"@id":"https:\/\/super-news.info\/hu\/igy-nyaralnak-a-magyarok-vilaggazdasag\/#primaryimage"},"thumbnailUrl":"https:\/\/super-news.info\/hu\/wp-content\/uploads\/sites\/3\/2019\/06\/\u00cdgy-nyaralnak-a-magyarok-Vil\u00e1ggazdas\u00e1g.png","datePublished":"2019-06-22T09:12:32+00:00","dateModified":"2019-06-22T09:12:34+00:00","author":{"@id":"https:\/\/super-news.info\/hu\/#\/schema\/person\/2d4068cb2f39cd10008c2fce578a7356"},"breadcrumb":{"@id":"https:\/\/super-news.info\/hu\/igy-nyaralnak-a-magyarok-vilaggazdasag\/#breadcrumb"},"inLanguage":"hu","potentialAction":[{"@type":"ReadAction","target":["https:\/\/super-news.info\/hu\/igy-nyaralnak-a-magyarok-vilaggazdasag\/"]}]},{"@type":"ImageObject","inLanguage":"hu","@id":"https:\/\/super-news.info\/hu\/igy-nyaralnak-a-magyarok-vilaggazdasag\/#primaryimage","url":"https:\/\/super-news.info\/hu\/wp-content\/uploads\/sites\/3\/2019\/06\/\u00cdgy-nyaralnak-a-magyarok-Vil\u00e1ggazdas\u00e1g.png","contentUrl":"https:\/\/super-news.info\/hu\/wp-content\/uploads\/sites\/3\/2019\/06\/\u00cdgy-nyaralnak-a-magyarok-Vil\u00e1ggazdas\u00e1g.png","width":1000,"height":886,"caption":"\u00cdgy nyaralnak a magyarok | Vil\u00e1ggazdas\u00e1g"},{"@type":"BreadcrumbList","@id":"https:\/\/super-news.info\/hu\/igy-nyaralnak-a-magyarok-vilaggazdasag\/#breadcrumb","itemListElement":[{"@type":"ListItem","position":1,"name":"\u0413\u043b\u0430\u0432\u043d\u0430\u044f \u0441\u0442\u0440\u0430\u043d\u0438\u0446\u0430","item":"https:\/\/super-news.info\/hu\/"},{"@type":"ListItem","position":2,"name":"\u00cdgy nyaralnak a magyarok | Vil\u00e1ggazdas\u00e1g"}]},{"@type":"WebSite","@id":"https:\/\/super-news.info\/hu\/#website","url":"https:\/\/super-news.info\/hu\/","name":"Super News","description":"Super News Magyarorsz\u00e1g","potentialAction":[{"@type":"SearchAction","target":{"@type":"EntryPoint","urlTemplate":"https:\/\/super-news.info\/hu\/?s={search_term_string}"},"query-input":{"@type":"PropertyValueSpecification","valueRequired":true,"valueName":"search_term_string"}}],"inLanguage":"hu"},{"@type":"Person","@id":"https:\/\/super-news.info\/hu\/#\/schema\/person\/2d4068cb2f39cd10008c2fce578a7356","name":"super-news","image":{"@type":"ImageObject","inLanguage":"hu","@id":"https:\/\/secure.gravatar.com\/avatar\/64ebac40b93f26a154f8a9b5b6fdccfc46f442b26b3dd6756dbff3bf9dc76fd7?s=96&d=mm&r=g","url":"https:\/\/secure.gravatar.com\/avatar\/64ebac40b93f26a154f8a9b5b6fdccfc46f442b26b3dd6756dbff3bf9dc76fd7?s=96&d=mm&r=g","contentUrl":"https:\/\/secure.gravatar.com\/avatar\/64ebac40b93f26a154f8a9b5b6fdccfc46f442b26b3dd6756dbff3bf9dc76fd7?s=96&d=mm&r=g","caption":"super-news"},"url":"https:\/\/super-news.info\/hu\/author\/pt\/"}]}},"_links":{"self":[{"href":"https:\/\/super-news.info\/hu\/wp-json\/wp\/v2\/posts\/4602","targetHints":{"allow":["GET"]}}],"collection":[{"href":"https:\/\/super-news.info\/hu\/wp-json\/wp\/v2\/posts"}],"about":[{"href":"https:\/\/super-news.info\/hu\/wp-json\/wp\/v2\/types\/post"}],"author":[{"embeddable":true,"href":"https:\/\/super-news.info\/hu\/wp-json\/wp\/v2\/users\/2"}],"replies":[{"embeddable":true,"href":"https:\/\/super-news.info\/hu\/wp-json\/wp\/v2\/comments?post=4602"}],"version-history":[{"count":1,"href":"https:\/\/super-news.info\/hu\/wp-json\/wp\/v2\/posts\/4602\/revisions"}],"predecessor-version":[{"id":4604,"href":"https:\/\/super-news.info\/hu\/wp-json\/wp\/v2\/posts\/4602\/revisions\/4604"}],"wp:featuredmedia":[{"embeddable":true,"href":"https:\/\/super-news.info\/hu\/wp-json\/wp\/v2\/media\/4603"}],"wp:attachment":[{"href":"https:\/\/super-news.info\/hu\/wp-json\/wp\/v2\/media?parent=4602"}],"wp:term":[{"taxonomy":"category","embeddable":true,"href":"https:\/\/super-news.info\/hu\/wp-json\/wp\/v2\/categories?post=4602"},{"taxonomy":"post_tag","embeddable":true,"href":"https:\/\/super-news.info\/hu\/wp-json\/wp\/v2\/tags?post=4602"}],"curies":[{"name":"wp","href":"https:\/\/api.w.org\/{rel}","templated":true}]}}