{"id":4590,"date":"2019-06-22T01:21:58","date_gmt":"2019-06-21T22:21:58","guid":{"rendered":"https:\/\/super-news.info\/hu\/lesz-e-sommaroy-bol-idomentes-turistaparadicsom-vilaggazdasag\/"},"modified":"2019-06-22T01:22:00","modified_gmt":"2019-06-21T22:22:00","slug":"lesz-e-sommaroy-bol-idomentes-turistaparadicsom-vilaggazdasag","status":"publish","type":"post","link":"https:\/\/super-news.info\/hu\/lesz-e-sommaroy-bol-idomentes-turistaparadicsom-vilaggazdasag\/","title":{"rendered":"Lesz-e Sommar\u00f6y-b\u0151l id\u0151mentes turistaparadicsom? | Vil\u00e1ggazdas\u00e1g"},"content":{"rendered":"<p> [ad_1]<br \/>\n<\/p>\n<p>\n\t\t\t\t\t\t\t\tA vil\u00e1g els\u0151 id\u0151mentes z\u00f3n\u00e1ja lenne egy norv\u00e9g sziget, ahol ny\u00e1ron h\u00f3napokon \u00e1t nem nyugszik le a nap, \u00edgy a helyiek nem l\u00e1tj\u00e1k \u00e9rtelm\u00e9t az id\u0151 m\u00e9r\u00e9s\u00e9nek \u2013 j\u00f6tt a h\u00edr p\u00e1r nappal ezel\u0151tt. Adott a k\u00e9rd\u00e9s: teljesen meg\u0151r\u00fcltek ott az \u00e9szaki szegleten, vagy m\u00e9gis van valami r\u00e1ci\u00f3 abban, amit kital\u00e1ltak.\t\t\t\t\t\t\t<\/p>\n<div>\n<p>Van egy apr\u00f3cska sziget Norv\u00e9gi\u00e1ban a sarkk\u00f6rt\u0151l \u00e9szakra, ahol nemr\u00e9g eg\u00e9szen sz\u00fcrre\u00e1lis \u00f6tlettel rukkoltak el\u0151 a helyiek: el szeretn\u00e9k t\u00f6r\u00f6lni az id\u0151t.<\/p>\n<p>Sommar\u00f6y (Ny\u00e1r-sziget) lak\u00f3i m\u00e1jus 18. \u00e9s j\u00falius 26. k\u00f6z\u00f6tt egyetlen naplement\u00e9t sem n\u00e9zhetnek v\u00e9gig, ez az \u00fagynevezett \u201efeh\u00e9r \u00e9jszak\u00e1k\u201d, vagy m\u00e1sk\u00e9pp az \u201e\u00e9jf\u00e9li Nap\u201d id\u0151szaka.<\/p>\n<p>Gimn\u00e1ziumi f\u00f6ldrajz-tanulm\u00e1nyaink feleleven\u00edt\u00e9se c\u00e9lj\u00e1b\u00f3l: a sarkk\u00f6r\u00f6k\u00f6n t\u00fal \u00e9vente legal\u00e1bb egyszer nem kel, valamint legal\u00e1bb egyszer nem nyugszik le a t\u00fczes korong. A sarkpontok fel\u00e9 haladva a jelens\u00e9g id\u0151tartama egyre hosszabb, m\u00edgnem el\u00e9r\u00fcnk a sarkpontokig. Ha kegyetlen hideg nem lenne el\u00e9g, az oda \u201ekiruccan\u00f3k\u201d m\u00e1r f\u00e9l \u00e9vig tart\u00f3 \u00e9jszak\u00e1ra, \u00e9s f\u00e9l \u00e9vig tart\u00f3 nappalra vannak k\u00e1rhoztatva. Ut\u00f3bbit szokt\u00e1k teh\u00e1t \u201efeh\u00e9r \u00e9jszak\u00e1knak\u201d nevezni.<\/p>\n<div id=\"attachment_1585919\" style=\"width: 1410px\" class=\"wp-caption alignnone\">\n<p class=\"wp-caption-text\">Sommar\u00f6y<br \/>Fot\u00f3: AFP<\/p>\n<\/div>\n<p>Ez tart Sommar\u00f6y sziget\u00e9n kicsivel t\u00f6bb mint k\u00e9t h\u00f3napig. Ilyenkor egyesek ak\u00e1r \u00e9jjel kett\u0151kor is minden tov\u00e1bbi n\u00e9lk\u00fcl k\u00e9pesek a tengerparton k\u00e1v\u00e9zgatni a Nap meleg\u00e9ben, m\u00e1r ha a sarkk\u00f6ri, kis sz\u00f6gben bees\u0151 napsugarakat lehet melegnek nevezni.<\/p>\n<p>Az id\u0151mentes z\u00f3na kezdem\u00e9nyez\u0151je, Kjell Ove Hveding is ezzel \u00e9rvelt. Mint mondta: mivel a szigeten nyaranta eg\u00e9sz nap vil\u00e1gos van, nincs nagy jelent\u0151s\u00e9ge a pontos id\u0151nek, nincs t\u00fal sok \u00e9rtelme d\u00e9lut\u00e1ni fociz\u00e1sr\u00f3l, vacsoraid\u0151r\u0151l vagy esti t\u00e9v\u00e9z\u00e9sr\u0151l besz\u00e9lni.<\/p>\n<p>S\u0151t egyenesen kijelentette:<\/p>\n<blockquote>\n<p>Az \u00e9jf\u00e9li nap f\u00f6l\u00f6slegess\u00e9 teszi n\u00e1lunk az \u00f3ra haszn\u00e1lat\u00e1t.<\/p>\n<\/blockquote>\n<p>Az\u00e9rt m\u00e9giscsak kell valami k\u00f6zmegegyez\u00e9s az id\u0151vel kapcsolatban, k\u00fcl\u00f6nben a t\u00e1rsadalomszervez\u00e9s igen neh\u00e9zkess\u00e9 v\u00e1lhat a helyieknek \u2013 mondan\u00e1 b\u00e1rmely \u201ef\u00f6ldh\u00f6zragadt\u201d elme.<\/p>\n<p>Maga Hveding is elismerte, hogy el\u00e9gg\u00e9 \u0151r\u00fclt \u00f6tletr\u0151l van sz\u00f3, de hozz\u00e1tette: a 350 lakos\u00fa szigeten egyre t\u00f6bbet besz\u00e9lnek arr\u00f3l, hogy n\u00e1luk az \u00f3ra ink\u00e1bb id\u0151t rabol, mint aj\u00e1nd\u00e9koz.<\/p>\n<h3>Hogyan k\u00e9pzelik el mindezt?<\/h3>\n<p>Di\u00f3h\u00e9jban: a hagyom\u00e1nyosan vett nyitvatart\u00e1si id\u0151 megsz\u0171nne, a munka- \u00e9s iskolakezd\u00e9st pedig rugalmass\u00e1 tenn\u00e9k. Hveding szerint a helyi hal\u00e1szok ilyenkor am\u00fagy is napokat t\u00f6ltenek az \u00f3ce\u00e1non a j\u00f3 fog\u00e1sra v\u00e1rva, cseppet sem t\u00f6r\u0151dve az \u00f3ramutat\u00f3 j\u00e1r\u00e1s\u00e1val.<\/p>\n<p>De, hogy ez\u00e9rt mindenkin\u00e9l megsz\u00fcntess\u00e9k az id\u0151 dimenzi\u00f3j\u00e1t? Ez el\u00e9g gyenge l\u00e1bakon \u00e1ll, nem?<\/p>\n<h3>Nincs teljes egyet\u00e9rt\u00e9s<\/h3>\n<p>Van, aki szerint nem. Ha tippeln\u00fcnk kellett volna, kik azok, akiket mindenk\u00e9ppen megmozgat szellemileg az \u00f6tlet, els\u0151k\u00e9nt a m\u0171v\u00e9szeket eml\u00edtett\u00fck volna (gondoljunk csak a h\u00edres sz\u00fcrrealista fest\u0151, Salvador Dal\u00ed \u00f3r\u00e1ira), de r\u00f6gt\u00f6n ut\u00e1nuk j\u00f6nn\u00e9nek a filoz\u00f3fusok.<\/p>\n<div id=\"attachment_1585913\" style=\"width: 1410px\" class=\"wp-caption alignnone\"><img loading=\"lazy\" decoding=\"async\" class=\"size-full wp-image-1585913\" src=\"https:\/\/super-news.info\/hu\/wp-content\/uploads\/sites\/3\/2019\/06\/1561155718_535_Lesz-e-Sommaroy-bol-idomentes-turistaparadicsom-Vilaggazdasag.jpg\" alt=\"\" width=\"1400\" height=\"932\"  \/><\/p>\n<p class=\"wp-caption-text\">Salvador Dal\u00ed \u2013 Az eml\u00e9kezet \u00e1lland\u00f3s\u00e1ga (Museum of Modern Art; New York)<br \/>Fot\u00f3: Felix Hoerhager \/ dpa\/AFP<\/p>\n<\/div>\n<p>Legal\u00e1bb egy j\u00f6tt is. Truls Egil Wyller, a trondheimi Norv\u00e9g Tudom\u00e1nyos \u00e9s Technol\u00f3giai egyetem filoz\u00f3fia professzora \u00e9rdekes \u00f6tletnek, s\u0151t \u201eleny\u0171g\u00f6z\u0151 koncepci\u00f3nak\u201d nevezte a kezdem\u00e9nyez\u00e9st.<\/p>\n<p>Az, hogy mindent az \u00f3r\u00e1hoz igaz\u00edtunk, csak az ut\u00f3bbi k\u00e9tsz\u00e1z \u00e9vben lett jellemz\u0151 a t\u00e1rsadalomra \u2013 \u00e9rvelt Wyller. Hozz\u00e1tette:<\/p>\n<blockquote>\n<p>Azel\u0151tt olyan hosszan dolgozt\u00e1l, amennyire sz\u00fcks\u00e9ges volt, akkor ett\u00e9l, amikor meg\u00e9hezt\u00e9l, \u00e9s akkor fek\u00fcdt\u00e9l le aludni, amikor elf\u00e1radt\u00e1l. A modern t\u00e1rsadalomban minden, amit csin\u00e1lunk, az \u00f3ra \u00fcteme vez\u00e9rli, att\u00f3l a pillanatt\u00f3l kezdve, hogy felkelt\u00fcnk.<\/p>\n<\/blockquote>\n<p>Hab\u00e1r azt a professzor is elismerte, hogy id\u0151 n\u00e9lk\u00fcl \u00e9lni, ugyan v\u00e9lem\u00e9nye szerint nem lehetetlen, de igen bonyolultnak \u00edg\u00e9rkezik.<\/p>\n<p>Emellett a k\u00f6rny\u00e9k parlamenti k\u00e9pvisel\u0151je, Kent Gudmundsen is nyitott az \u00f6tletre, ahogy az a iTroms\u00f8 c\u00edm\u0171 lapnak adott nyilatkozat\u00e1b\u00f3l egy\u00e9rtelm\u0171en kider\u00fclt.<\/p>\n<p>De van aki nem repes az \u00f6r\u00f6mt\u0151l, ha arra gondol, hogy az id\u0151mank\u00f3t csak \u00fagy kir\u00fagj\u00e1k al\u00f3la. Malin Nordheim, a Sommar\u00f8y Arctic hotel recepci\u00f3sa hangot is adott k\u00e9ts\u00e9geinek. Szerinte a vend\u00e9gek be- \u00e9s kijelentkez\u00e9sekor, valamint az \u00e9tterm\u00fck nyitvatart\u00e1si idej\u00e9vel kapcsolatban akadhatnak gondok, amennyiben v\u00e9grehajtj\u00e1k ezt a meglep\u0151 \u00f6tletet.<\/p>\n<p>\u00c9s val\u00f3ban: az ilyen apr\u00f3, de bosszant\u00f3 k\u00f6r\u00fclm\u00e9nyek egy olyan szigeten, ahol az idegenforgalom az egyik legfontosabb ipar\u00e1g, igencsak s\u00falyos k\u00f6vetkezm\u00e9nyekkel j\u00e1rhatnak.<\/p>\n<h3>Akkor m\u00e9gis mire j\u00f3 ez az eg\u00e9sz?<\/h3>\n<p>Ha az \u00f6tlet maga nem is hangzik els\u0151re megval\u00f3s\u00edthat\u00f3nak, m\u00e1r csak a fentebb eml\u00edtett turisztikai szempontok miatt sem, a megfejt\u00e9st val\u00f3sz\u00edn\u0171leg m\u00e9gis az idegenforgalom k\u00f6rny\u00e9ken \u00e9rdemes keresni.<\/p>\n<p>A hajmereszt\u0151 elk\u00e9pzel\u00e9sr\u0151l sz\u00f3l\u00f3 h\u00edrek ugyanis az eg\u00e9sz vil\u00e1gon fut\u00f3t\u0171zk\u00e9nt terjedtek, foglalkozott vele a CNN, a Guardian, de Magyarorsz\u00e1gon is t\u00f6bb besz\u00e1mol\u00f3 sz\u00fcletett a t\u00e9m\u00e1ban. \u00cdgy a vil\u00e1g minden pontj\u00e1n felfigyelhettek Sommar\u00f6y-re az \u00e1br\u00e1ndoz\u00f3 term\u00e9szet\u0171 utaz\u00f3k. Mindez j\u00f3csk\u00e1n megemelheti a sziget forgalm\u00e1t, ahol a feh\u00e9r \u00e9jszak\u00e1knak k\u00f6sz\u00f6nhet\u0151en m\u00e1r am\u00fagy is l\u00e9tezik az id\u0151tlens\u00e9g kultusza, ha a val\u00f3s\u00e1gban nem is gyakorolj\u00e1k.<\/p>\n<div id=\"attachment_1585922\" style=\"width: 1410px\" class=\"wp-caption alignnone\"><img loading=\"lazy\" decoding=\"async\" class=\"size-full wp-image-1585922\" src=\"https:\/\/super-news.info\/hu\/wp-content\/uploads\/sites\/3\/2019\/06\/1561155718_507_Lesz-e-Sommaroy-bol-idomentes-turistaparadicsom-Vilaggazdasag.jpg\" alt=\"\" width=\"1400\" height=\"432\"  \/><\/p>\n<p class=\"wp-caption-text\">Sommar\u00f6y-h\u00edd<br \/>Fot\u00f3: Hinrich B\u00e4semann \/ dpa\/AFP<\/p>\n<\/div>\n<p>Ezt az is bizony\u00edtja, hogy a Sommar\u00f6y-re l\u00e1togat\u00f3k k\u00f6r\u00e9ben kialakult egy szok\u00e1s: miel\u0151tt bel\u00e9pn\u00e9nek a szigetre, az odavezet\u0151 h\u00edd korl\u00e1tj\u00e1ra f\u00fcggesztik fel kar\u00f3r\u00e1ikat, ezzel kifejezve azt, hogy onnant\u00f3l sz\u00e1mukra az id\u0151 nem l\u00e9tezik.<\/p>\n<h3>Az\u00e9rt csak \u00f3vatosan!<\/h3>\n<p>Amennyiben valakinek felkeltette az \u00e9rdekl\u0151d\u00e9s\u00e9t Sommar\u00f6y, \u00e9s annak feh\u00e9r \u00e9jszak\u00e1i, ahol tehet\u00fcnk \u00fagy, mintha nem l\u00e9tezne az id\u0151, azt akkor is \u00e9rdemes \u00e9szben tartani, hogy test\u00fcnk \u00e9s lelk\u00fcnk ett\u0151l m\u00e9g rendelkezik \u201ebels\u0151 \u00f3r\u00e1val\u201d, amit nem annyira j\u00f3 megzavarni.<\/p>\n<p>A sarkk\u00f6r\u00f6n t\u00fal lak\u00f3k m\u00e1r nyilv\u00e1n megtanultak ezzel egy\u00fctt \u00e9lni, b\u00e1r p\u00e1r \u00e9ve p\u00e9ld\u00e1ul arr\u00f3l lehetett olvasni, hogy nekik sem fen\u00e9kig tejfel az \u00e9let. A norv\u00e9gok a t\u00f6bb h\u00f3napig tart\u00f3 s\u00f6t\u00e9ts\u00e9g ellen p\u00e9ld\u00e1ul azt tal\u00e1lt\u00e1k ki, hogy a t\u00e1rsadalombiztos\u00edt\u00e1suk fedezzen egy n\u00e9h\u00e1ny hetes tr\u00f3pusi nyaral\u00e1st, ha az orvos meg\u00e1llap\u00edtja, hogy az ember a s\u00f6t\u00e9ts\u00e9gt\u0151l depresszi\u00f3s.<\/p>\n<p>Mikor a f\u00e9ny \u00e1thalad a retin\u00e1n, az agy \u00fczenetet k\u00fcld a tobozmirigynek, hogy cs\u00f6kkentse a melatonin termel\u00e9s\u00e9t, \u00edgy k\u00f6vetkezik be az \u00e9bred\u00e9s. Mikor gyenge a f\u00e9nyhat\u00e1s, az agy a melatonin termel\u00e9s\u00e9re stimul\u00e1lja a tobozmirigyet; ez felk\u00e9sz\u00edti test\u00fcnket az alv\u00e1sra.<\/p>\n<p>Sz\u00f3val akinek mind\u00f6ssze egy hete van kikapcsol\u00f3dni id\u00e9n ny\u00e1ron, \u00e9s \u00fagy d\u00f6nt, hogy megn\u00e9zi a sommar\u00f6y-i feh\u00e9r \u00e9jszak\u00e1kat, jobb ha vigy\u00e1z az alv\u00e1si ciklus\u00e1ra. Egy-k\u00e9t napig ugyanis biztos j\u00f3 po\u00e9n az \u00e9jjeli t\u0171z\u0151 nap sugaraiban f\u00fcrd\u0151zni, de a szabads\u00e1g lej\u00e1rt\u00e1val vissza kell cs\u00f6ppenni a val\u00f3s\u00e1gba, lehet\u0151leg kipihenten.<\/p>\n<\/p><\/div>\n<p><script>\n    window.fbAsyncInit = function() {\n        FB.init({\n            appId      : \"204760236815359\",\n            xfbml      : true,\n            version    : \"v2.12\"\n        });\n        FB.AppEvents.logPageView();\n    };<\/p>\n<p>    (function(d, s, id){\n        var js, fjs = d.getElementsByTagName(s)[0];\n        if (d.getElementById(id)) {return;}\n        js = d.createElement(s); js.id = id;\n        js.src = \"http:\/\/connect.facebook.net\/hu_HU\/sdk.js\";\n        fjs.parentNode.insertBefore(js, fjs);\n    }(document, \"script\", \"facebook-jssdk\"));\n<\/script><br \/>\n<br \/>[ad_2]<br \/>\n<br \/><a href=\"https:\/\/www.vg.hu\/vallalatok\/turizmus\/lesz-e-sommaroy-bol-idomentes-turistaparadicsom-1585862\/\">Source link <\/a><\/p>\n","protected":false},"excerpt":{"rendered":"<p>[ad_1] A vil\u00e1g els\u0151 id\u0151mentes z\u00f3n\u00e1ja lenne egy norv\u00e9g sziget, ahol ny\u00e1ron h\u00f3napokon \u00e1t nem nyugszik le a nap, \u00edgy a helyiek nem l\u00e1tj\u00e1k \u00e9rtelm\u00e9t az id\u0151 m\u00e9r\u00e9s\u00e9nek \u2013 j\u00f6tt a h\u00edr p\u00e1r nappal ezel\u0151tt. Adott a k\u00e9rd\u00e9s: teljesen meg\u0151r\u00fcltek ott az \u00e9szaki szegleten, vagy m\u00e9gis van valami r\u00e1ci\u00f3 abban, amit kital\u00e1ltak. Van egy apr\u00f3cska [&hellip;]<\/p>\n","protected":false},"author":2,"featured_media":4591,"comment_status":"open","ping_status":"open","sticky":false,"template":"","format":"standard","meta":{"footnotes":""},"categories":[1],"tags":[],"class_list":["post-4590","post","type-post","status-publish","format-standard","has-post-thumbnail","hentry","category-penzugyi-hirek"],"yoast_head":"<!-- This site is optimized with the Yoast SEO plugin v27.4 - https:\/\/yoast.com\/product\/yoast-seo-wordpress\/ -->\n<title>Lesz-e Sommar\u00f6y-b\u0151l id\u0151mentes turistaparadicsom? | Vil\u00e1ggazdas\u00e1g - Super News<\/title>\n<meta name=\"robots\" content=\"index, follow, max-snippet:-1, max-image-preview:large, max-video-preview:-1\" \/>\n<link rel=\"canonical\" href=\"https:\/\/super-news.info\/hu\/lesz-e-sommaroy-bol-idomentes-turistaparadicsom-vilaggazdasag\/\" \/>\n<meta property=\"og:locale\" content=\"hu_HU\" \/>\n<meta property=\"og:type\" content=\"article\" \/>\n<meta property=\"og:title\" content=\"Lesz-e Sommar\u00f6y-b\u0151l id\u0151mentes turistaparadicsom? | Vil\u00e1ggazdas\u00e1g - Super News\" \/>\n<meta property=\"og:description\" content=\"[ad_1] A vil\u00e1g els\u0151 id\u0151mentes z\u00f3n\u00e1ja lenne egy norv\u00e9g sziget, ahol ny\u00e1ron h\u00f3napokon \u00e1t nem nyugszik le a nap, \u00edgy a helyiek nem l\u00e1tj\u00e1k \u00e9rtelm\u00e9t az id\u0151 m\u00e9r\u00e9s\u00e9nek \u2013 j\u00f6tt a h\u00edr p\u00e1r nappal ezel\u0151tt. Adott a k\u00e9rd\u00e9s: teljesen meg\u0151r\u00fcltek ott az \u00e9szaki szegleten, vagy m\u00e9gis van valami r\u00e1ci\u00f3 abban, amit kital\u00e1ltak. Van egy apr\u00f3cska [&hellip;]\" \/>\n<meta property=\"og:url\" content=\"https:\/\/super-news.info\/hu\/lesz-e-sommaroy-bol-idomentes-turistaparadicsom-vilaggazdasag\/\" \/>\n<meta property=\"og:site_name\" content=\"Super News\" \/>\n<meta property=\"article:published_time\" content=\"2019-06-21T22:21:58+00:00\" \/>\n<meta property=\"article:modified_time\" content=\"2019-06-21T22:22:00+00:00\" \/>\n<meta property=\"og:image\" content=\"https:\/\/super-news.info\/hu\/wp-content\/uploads\/sites\/3\/2019\/06\/Lesz-e-Sommar\u00f6y-b\u0151l-id\u0151mentes-turistaparadicsom-Vil\u00e1ggazdas\u00e1g.jpg\" \/>\n\t<meta property=\"og:image:width\" content=\"1400\" \/>\n\t<meta property=\"og:image:height\" content=\"933\" \/>\n\t<meta property=\"og:image:type\" content=\"image\/jpeg\" \/>\n<meta name=\"author\" content=\"super-news\" \/>\n<meta name=\"twitter:card\" content=\"summary_large_image\" \/>\n<meta name=\"twitter:label1\" content=\"Szerz\u0151:\" \/>\n\t<meta name=\"twitter:data1\" content=\"super-news\" \/>\n\t<meta name=\"twitter:label2\" content=\"Becs\u00fclt olvas\u00e1si id\u0151\" \/>\n\t<meta name=\"twitter:data2\" content=\"7 perc\" \/>\n<script type=\"application\/ld+json\" class=\"yoast-schema-graph\">{\"@context\":\"https:\\\/\\\/schema.org\",\"@graph\":[{\"@type\":\"Article\",\"@id\":\"https:\\\/\\\/super-news.info\\\/hu\\\/lesz-e-sommaroy-bol-idomentes-turistaparadicsom-vilaggazdasag\\\/#article\",\"isPartOf\":{\"@id\":\"https:\\\/\\\/super-news.info\\\/hu\\\/lesz-e-sommaroy-bol-idomentes-turistaparadicsom-vilaggazdasag\\\/\"},\"author\":{\"name\":\"super-news\",\"@id\":\"https:\\\/\\\/super-news.info\\\/hu\\\/#\\\/schema\\\/person\\\/2d4068cb2f39cd10008c2fce578a7356\"},\"headline\":\"Lesz-e Sommar\u00f6y-b\u0151l id\u0151mentes turistaparadicsom? | Vil\u00e1ggazdas\u00e1g\",\"datePublished\":\"2019-06-21T22:21:58+00:00\",\"dateModified\":\"2019-06-21T22:22:00+00:00\",\"mainEntityOfPage\":{\"@id\":\"https:\\\/\\\/super-news.info\\\/hu\\\/lesz-e-sommaroy-bol-idomentes-turistaparadicsom-vilaggazdasag\\\/\"},\"wordCount\":1367,\"commentCount\":0,\"image\":{\"@id\":\"https:\\\/\\\/super-news.info\\\/hu\\\/lesz-e-sommaroy-bol-idomentes-turistaparadicsom-vilaggazdasag\\\/#primaryimage\"},\"thumbnailUrl\":\"https:\\\/\\\/super-news.info\\\/hu\\\/wp-content\\\/uploads\\\/sites\\\/3\\\/2019\\\/06\\\/Lesz-e-Sommar\u00f6y-b\u0151l-id\u0151mentes-turistaparadicsom-Vil\u00e1ggazdas\u00e1g.jpg\",\"articleSection\":[\"P\u00c9NZ\u00dcGYI H\u00cdREK\"],\"inLanguage\":\"hu\",\"potentialAction\":[{\"@type\":\"CommentAction\",\"name\":\"Comment\",\"target\":[\"https:\\\/\\\/super-news.info\\\/hu\\\/lesz-e-sommaroy-bol-idomentes-turistaparadicsom-vilaggazdasag\\\/#respond\"]}]},{\"@type\":\"WebPage\",\"@id\":\"https:\\\/\\\/super-news.info\\\/hu\\\/lesz-e-sommaroy-bol-idomentes-turistaparadicsom-vilaggazdasag\\\/\",\"url\":\"https:\\\/\\\/super-news.info\\\/hu\\\/lesz-e-sommaroy-bol-idomentes-turistaparadicsom-vilaggazdasag\\\/\",\"name\":\"Lesz-e Sommar\u00f6y-b\u0151l id\u0151mentes turistaparadicsom? | Vil\u00e1ggazdas\u00e1g - Super News\",\"isPartOf\":{\"@id\":\"https:\\\/\\\/super-news.info\\\/hu\\\/#website\"},\"primaryImageOfPage\":{\"@id\":\"https:\\\/\\\/super-news.info\\\/hu\\\/lesz-e-sommaroy-bol-idomentes-turistaparadicsom-vilaggazdasag\\\/#primaryimage\"},\"image\":{\"@id\":\"https:\\\/\\\/super-news.info\\\/hu\\\/lesz-e-sommaroy-bol-idomentes-turistaparadicsom-vilaggazdasag\\\/#primaryimage\"},\"thumbnailUrl\":\"https:\\\/\\\/super-news.info\\\/hu\\\/wp-content\\\/uploads\\\/sites\\\/3\\\/2019\\\/06\\\/Lesz-e-Sommar\u00f6y-b\u0151l-id\u0151mentes-turistaparadicsom-Vil\u00e1ggazdas\u00e1g.jpg\",\"datePublished\":\"2019-06-21T22:21:58+00:00\",\"dateModified\":\"2019-06-21T22:22:00+00:00\",\"author\":{\"@id\":\"https:\\\/\\\/super-news.info\\\/hu\\\/#\\\/schema\\\/person\\\/2d4068cb2f39cd10008c2fce578a7356\"},\"breadcrumb\":{\"@id\":\"https:\\\/\\\/super-news.info\\\/hu\\\/lesz-e-sommaroy-bol-idomentes-turistaparadicsom-vilaggazdasag\\\/#breadcrumb\"},\"inLanguage\":\"hu\",\"potentialAction\":[{\"@type\":\"ReadAction\",\"target\":[\"https:\\\/\\\/super-news.info\\\/hu\\\/lesz-e-sommaroy-bol-idomentes-turistaparadicsom-vilaggazdasag\\\/\"]}]},{\"@type\":\"ImageObject\",\"inLanguage\":\"hu\",\"@id\":\"https:\\\/\\\/super-news.info\\\/hu\\\/lesz-e-sommaroy-bol-idomentes-turistaparadicsom-vilaggazdasag\\\/#primaryimage\",\"url\":\"https:\\\/\\\/super-news.info\\\/hu\\\/wp-content\\\/uploads\\\/sites\\\/3\\\/2019\\\/06\\\/Lesz-e-Sommar\u00f6y-b\u0151l-id\u0151mentes-turistaparadicsom-Vil\u00e1ggazdas\u00e1g.jpg\",\"contentUrl\":\"https:\\\/\\\/super-news.info\\\/hu\\\/wp-content\\\/uploads\\\/sites\\\/3\\\/2019\\\/06\\\/Lesz-e-Sommar\u00f6y-b\u0151l-id\u0151mentes-turistaparadicsom-Vil\u00e1ggazdas\u00e1g.jpg\",\"width\":1400,\"height\":933,\"caption\":\"Lesz-e Sommar\u00f6y-b\u0151l id\u0151mentes turistaparadicsom? | Vil\u00e1ggazdas\u00e1g\"},{\"@type\":\"BreadcrumbList\",\"@id\":\"https:\\\/\\\/super-news.info\\\/hu\\\/lesz-e-sommaroy-bol-idomentes-turistaparadicsom-vilaggazdasag\\\/#breadcrumb\",\"itemListElement\":[{\"@type\":\"ListItem\",\"position\":1,\"name\":\"\u0413\u043b\u0430\u0432\u043d\u0430\u044f \u0441\u0442\u0440\u0430\u043d\u0438\u0446\u0430\",\"item\":\"https:\\\/\\\/super-news.info\\\/hu\\\/\"},{\"@type\":\"ListItem\",\"position\":2,\"name\":\"Lesz-e Sommar\u00f6y-b\u0151l id\u0151mentes turistaparadicsom? | Vil\u00e1ggazdas\u00e1g\"}]},{\"@type\":\"WebSite\",\"@id\":\"https:\\\/\\\/super-news.info\\\/hu\\\/#website\",\"url\":\"https:\\\/\\\/super-news.info\\\/hu\\\/\",\"name\":\"Super News\",\"description\":\"Super News Magyarorsz\u00e1g\",\"potentialAction\":[{\"@type\":\"SearchAction\",\"target\":{\"@type\":\"EntryPoint\",\"urlTemplate\":\"https:\\\/\\\/super-news.info\\\/hu\\\/?s={search_term_string}\"},\"query-input\":{\"@type\":\"PropertyValueSpecification\",\"valueRequired\":true,\"valueName\":\"search_term_string\"}}],\"inLanguage\":\"hu\"},{\"@type\":\"Person\",\"@id\":\"https:\\\/\\\/super-news.info\\\/hu\\\/#\\\/schema\\\/person\\\/2d4068cb2f39cd10008c2fce578a7356\",\"name\":\"super-news\",\"image\":{\"@type\":\"ImageObject\",\"inLanguage\":\"hu\",\"@id\":\"https:\\\/\\\/secure.gravatar.com\\\/avatar\\\/64ebac40b93f26a154f8a9b5b6fdccfc46f442b26b3dd6756dbff3bf9dc76fd7?s=96&d=mm&r=g\",\"url\":\"https:\\\/\\\/secure.gravatar.com\\\/avatar\\\/64ebac40b93f26a154f8a9b5b6fdccfc46f442b26b3dd6756dbff3bf9dc76fd7?s=96&d=mm&r=g\",\"contentUrl\":\"https:\\\/\\\/secure.gravatar.com\\\/avatar\\\/64ebac40b93f26a154f8a9b5b6fdccfc46f442b26b3dd6756dbff3bf9dc76fd7?s=96&d=mm&r=g\",\"caption\":\"super-news\"},\"url\":\"https:\\\/\\\/super-news.info\\\/hu\\\/author\\\/pt\\\/\"}]}<\/script>\n<!-- \/ Yoast SEO plugin. -->","yoast_head_json":{"title":"Lesz-e Sommar\u00f6y-b\u0151l id\u0151mentes turistaparadicsom? | Vil\u00e1ggazdas\u00e1g - Super News","robots":{"index":"index","follow":"follow","max-snippet":"max-snippet:-1","max-image-preview":"max-image-preview:large","max-video-preview":"max-video-preview:-1"},"canonical":"https:\/\/super-news.info\/hu\/lesz-e-sommaroy-bol-idomentes-turistaparadicsom-vilaggazdasag\/","og_locale":"hu_HU","og_type":"article","og_title":"Lesz-e Sommar\u00f6y-b\u0151l id\u0151mentes turistaparadicsom? | Vil\u00e1ggazdas\u00e1g - Super News","og_description":"[ad_1] A vil\u00e1g els\u0151 id\u0151mentes z\u00f3n\u00e1ja lenne egy norv\u00e9g sziget, ahol ny\u00e1ron h\u00f3napokon \u00e1t nem nyugszik le a nap, \u00edgy a helyiek nem l\u00e1tj\u00e1k \u00e9rtelm\u00e9t az id\u0151 m\u00e9r\u00e9s\u00e9nek \u2013 j\u00f6tt a h\u00edr p\u00e1r nappal ezel\u0151tt. Adott a k\u00e9rd\u00e9s: teljesen meg\u0151r\u00fcltek ott az \u00e9szaki szegleten, vagy m\u00e9gis van valami r\u00e1ci\u00f3 abban, amit kital\u00e1ltak. Van egy apr\u00f3cska [&hellip;]","og_url":"https:\/\/super-news.info\/hu\/lesz-e-sommaroy-bol-idomentes-turistaparadicsom-vilaggazdasag\/","og_site_name":"Super News","article_published_time":"2019-06-21T22:21:58+00:00","article_modified_time":"2019-06-21T22:22:00+00:00","og_image":[{"width":1400,"height":933,"url":"https:\/\/super-news.info\/hu\/wp-content\/uploads\/sites\/3\/2019\/06\/Lesz-e-Sommar\u00f6y-b\u0151l-id\u0151mentes-turistaparadicsom-Vil\u00e1ggazdas\u00e1g.jpg","type":"image\/jpeg"}],"author":"super-news","twitter_card":"summary_large_image","twitter_misc":{"Szerz\u0151:":"super-news","Becs\u00fclt olvas\u00e1si id\u0151":"7 perc"},"schema":{"@context":"https:\/\/schema.org","@graph":[{"@type":"Article","@id":"https:\/\/super-news.info\/hu\/lesz-e-sommaroy-bol-idomentes-turistaparadicsom-vilaggazdasag\/#article","isPartOf":{"@id":"https:\/\/super-news.info\/hu\/lesz-e-sommaroy-bol-idomentes-turistaparadicsom-vilaggazdasag\/"},"author":{"name":"super-news","@id":"https:\/\/super-news.info\/hu\/#\/schema\/person\/2d4068cb2f39cd10008c2fce578a7356"},"headline":"Lesz-e Sommar\u00f6y-b\u0151l id\u0151mentes turistaparadicsom? | Vil\u00e1ggazdas\u00e1g","datePublished":"2019-06-21T22:21:58+00:00","dateModified":"2019-06-21T22:22:00+00:00","mainEntityOfPage":{"@id":"https:\/\/super-news.info\/hu\/lesz-e-sommaroy-bol-idomentes-turistaparadicsom-vilaggazdasag\/"},"wordCount":1367,"commentCount":0,"image":{"@id":"https:\/\/super-news.info\/hu\/lesz-e-sommaroy-bol-idomentes-turistaparadicsom-vilaggazdasag\/#primaryimage"},"thumbnailUrl":"https:\/\/super-news.info\/hu\/wp-content\/uploads\/sites\/3\/2019\/06\/Lesz-e-Sommar\u00f6y-b\u0151l-id\u0151mentes-turistaparadicsom-Vil\u00e1ggazdas\u00e1g.jpg","articleSection":["P\u00c9NZ\u00dcGYI H\u00cdREK"],"inLanguage":"hu","potentialAction":[{"@type":"CommentAction","name":"Comment","target":["https:\/\/super-news.info\/hu\/lesz-e-sommaroy-bol-idomentes-turistaparadicsom-vilaggazdasag\/#respond"]}]},{"@type":"WebPage","@id":"https:\/\/super-news.info\/hu\/lesz-e-sommaroy-bol-idomentes-turistaparadicsom-vilaggazdasag\/","url":"https:\/\/super-news.info\/hu\/lesz-e-sommaroy-bol-idomentes-turistaparadicsom-vilaggazdasag\/","name":"Lesz-e Sommar\u00f6y-b\u0151l id\u0151mentes turistaparadicsom? | Vil\u00e1ggazdas\u00e1g - Super News","isPartOf":{"@id":"https:\/\/super-news.info\/hu\/#website"},"primaryImageOfPage":{"@id":"https:\/\/super-news.info\/hu\/lesz-e-sommaroy-bol-idomentes-turistaparadicsom-vilaggazdasag\/#primaryimage"},"image":{"@id":"https:\/\/super-news.info\/hu\/lesz-e-sommaroy-bol-idomentes-turistaparadicsom-vilaggazdasag\/#primaryimage"},"thumbnailUrl":"https:\/\/super-news.info\/hu\/wp-content\/uploads\/sites\/3\/2019\/06\/Lesz-e-Sommar\u00f6y-b\u0151l-id\u0151mentes-turistaparadicsom-Vil\u00e1ggazdas\u00e1g.jpg","datePublished":"2019-06-21T22:21:58+00:00","dateModified":"2019-06-21T22:22:00+00:00","author":{"@id":"https:\/\/super-news.info\/hu\/#\/schema\/person\/2d4068cb2f39cd10008c2fce578a7356"},"breadcrumb":{"@id":"https:\/\/super-news.info\/hu\/lesz-e-sommaroy-bol-idomentes-turistaparadicsom-vilaggazdasag\/#breadcrumb"},"inLanguage":"hu","potentialAction":[{"@type":"ReadAction","target":["https:\/\/super-news.info\/hu\/lesz-e-sommaroy-bol-idomentes-turistaparadicsom-vilaggazdasag\/"]}]},{"@type":"ImageObject","inLanguage":"hu","@id":"https:\/\/super-news.info\/hu\/lesz-e-sommaroy-bol-idomentes-turistaparadicsom-vilaggazdasag\/#primaryimage","url":"https:\/\/super-news.info\/hu\/wp-content\/uploads\/sites\/3\/2019\/06\/Lesz-e-Sommar\u00f6y-b\u0151l-id\u0151mentes-turistaparadicsom-Vil\u00e1ggazdas\u00e1g.jpg","contentUrl":"https:\/\/super-news.info\/hu\/wp-content\/uploads\/sites\/3\/2019\/06\/Lesz-e-Sommar\u00f6y-b\u0151l-id\u0151mentes-turistaparadicsom-Vil\u00e1ggazdas\u00e1g.jpg","width":1400,"height":933,"caption":"Lesz-e Sommar\u00f6y-b\u0151l id\u0151mentes turistaparadicsom? | Vil\u00e1ggazdas\u00e1g"},{"@type":"BreadcrumbList","@id":"https:\/\/super-news.info\/hu\/lesz-e-sommaroy-bol-idomentes-turistaparadicsom-vilaggazdasag\/#breadcrumb","itemListElement":[{"@type":"ListItem","position":1,"name":"\u0413\u043b\u0430\u0432\u043d\u0430\u044f \u0441\u0442\u0440\u0430\u043d\u0438\u0446\u0430","item":"https:\/\/super-news.info\/hu\/"},{"@type":"ListItem","position":2,"name":"Lesz-e Sommar\u00f6y-b\u0151l id\u0151mentes turistaparadicsom? | Vil\u00e1ggazdas\u00e1g"}]},{"@type":"WebSite","@id":"https:\/\/super-news.info\/hu\/#website","url":"https:\/\/super-news.info\/hu\/","name":"Super News","description":"Super News Magyarorsz\u00e1g","potentialAction":[{"@type":"SearchAction","target":{"@type":"EntryPoint","urlTemplate":"https:\/\/super-news.info\/hu\/?s={search_term_string}"},"query-input":{"@type":"PropertyValueSpecification","valueRequired":true,"valueName":"search_term_string"}}],"inLanguage":"hu"},{"@type":"Person","@id":"https:\/\/super-news.info\/hu\/#\/schema\/person\/2d4068cb2f39cd10008c2fce578a7356","name":"super-news","image":{"@type":"ImageObject","inLanguage":"hu","@id":"https:\/\/secure.gravatar.com\/avatar\/64ebac40b93f26a154f8a9b5b6fdccfc46f442b26b3dd6756dbff3bf9dc76fd7?s=96&d=mm&r=g","url":"https:\/\/secure.gravatar.com\/avatar\/64ebac40b93f26a154f8a9b5b6fdccfc46f442b26b3dd6756dbff3bf9dc76fd7?s=96&d=mm&r=g","contentUrl":"https:\/\/secure.gravatar.com\/avatar\/64ebac40b93f26a154f8a9b5b6fdccfc46f442b26b3dd6756dbff3bf9dc76fd7?s=96&d=mm&r=g","caption":"super-news"},"url":"https:\/\/super-news.info\/hu\/author\/pt\/"}]}},"_links":{"self":[{"href":"https:\/\/super-news.info\/hu\/wp-json\/wp\/v2\/posts\/4590","targetHints":{"allow":["GET"]}}],"collection":[{"href":"https:\/\/super-news.info\/hu\/wp-json\/wp\/v2\/posts"}],"about":[{"href":"https:\/\/super-news.info\/hu\/wp-json\/wp\/v2\/types\/post"}],"author":[{"embeddable":true,"href":"https:\/\/super-news.info\/hu\/wp-json\/wp\/v2\/users\/2"}],"replies":[{"embeddable":true,"href":"https:\/\/super-news.info\/hu\/wp-json\/wp\/v2\/comments?post=4590"}],"version-history":[{"count":1,"href":"https:\/\/super-news.info\/hu\/wp-json\/wp\/v2\/posts\/4590\/revisions"}],"predecessor-version":[{"id":4592,"href":"https:\/\/super-news.info\/hu\/wp-json\/wp\/v2\/posts\/4590\/revisions\/4592"}],"wp:featuredmedia":[{"embeddable":true,"href":"https:\/\/super-news.info\/hu\/wp-json\/wp\/v2\/media\/4591"}],"wp:attachment":[{"href":"https:\/\/super-news.info\/hu\/wp-json\/wp\/v2\/media?parent=4590"}],"wp:term":[{"taxonomy":"category","embeddable":true,"href":"https:\/\/super-news.info\/hu\/wp-json\/wp\/v2\/categories?post=4590"},{"taxonomy":"post_tag","embeddable":true,"href":"https:\/\/super-news.info\/hu\/wp-json\/wp\/v2\/tags?post=4590"}],"curies":[{"name":"wp","href":"https:\/\/api.w.org\/{rel}","templated":true}]}}